{"id":208496,"date":"2018-06-21T12:45:49","date_gmt":"2018-06-21T10:45:49","guid":{"rendered":"https:\/\/sandzakpress.net\/arhiva\/?p=208496"},"modified":"2018-06-21T12:45:49","modified_gmt":"2018-06-21T10:45:49","slug":"pokusaj-ubistva-suntica-zekicu-i-dukicu-pritvor-do-30-dana","status":"publish","type":"post","link":"https:\/\/sandzakpress.net\/arhiva\/pokusaj-ubistva-suntica-zekicu-i-dukicu-pritvor-do-30-dana\/","title":{"rendered":"Poku\u0161aj ubistva \u0160unti\u0107a: Zeki\u0107u i \u0110uki\u0107u pritvor do 30 dana"},"content":{"rendered":"<p><img decoding=\"async\" src=\"http:\/\/www.vijesti.me\/media\/cache\/d7\/3a\/d73aef27127cf2971aca177eaebe411f.jpg\" alt=\"Poku\u00c5\u00a1aj ubistva \u00c5\u00a0unti\u00c4\u0087a: Zeki\u00c4\u0087u i \u00c4\u0090uki\u00c4\u0087u pritvor do 30 dana\" \/><\/p>\n<p><strong>Sutkinja za istragu Vi\u0161eg suda u Bijelom Polju Vanja Rakonjac, odredila je danas pritvor do 30 dana Berancima Marku\u00a0Zeki\u0107u i Radomiru \u0110uki\u0107u, zbog poku\u0161aja ubistva sugra\u0111anina Edina \u0160unti\u0107a 10. juna ove godine.<\/strong><\/p>\n<p>Oni su ju\u010de\u00a0u Tu\u017eila\u0161tvu rekli da nemaju nikakve veze sa pucanjem na \u0160unti\u0107a, negiraju\u0107i da su po\u010dinili krivi\u010dno djelo koje im se stavlja na teret.<\/p>\n<p>Zeki\u0107u se, pored poku\u0161aja ubistva na teret stavlja i krivi\u010dno djelo nedozvoljeno dr\u017eanje oru\u017eja i eksplozivnih materija, a u tom doga\u0111aju niko nije povrije\u0111en.<\/p>\n<p>Iz Uprave policije su ranije kazali da je prilikom privo\u0111enja Zeki\u0107 poku\u0161ao da pobjegne u momentu kada mu je saop\u0161teno da \u0107e biti uhap\u0161en, ali su ga policajci sustigli i uhapsili.<\/p>\n<p>&#8220;Sumnja se da su M.Z. i R.\u0110, 10.06.2018. godine oko 20,10 \u010dasova, po\u010dinili krivi\u010dna djela koja im se stavljaju na teret na na\u010din \u0161to su, u Polimskoj ulici u Beranama, na motoru-skuteru kojim je upravljao R.\u0110. dok se iza njega kao saputnik nalazio M.Z, prvo pro\u0161li pored vozila &#8220;VW Golf V&#8221; koje je bilo parkirano ispred pekare, a potom se polukru\u017eno okrenuli i pri\u0161li iz istog pravca ovom vozilu u kojem se nalazio E.\u0160. i zatim poku\u0161ali da ga ubiju. Oni su, kako se sumnja, poku\u0161ali da ga ubiju na na\u010din \u0161to je M.Z. tom prilikom iz pi\u0161tolja ispalio vi\u0161e hitaca u pravcu vozila E.\u0160, dok je R.\u0110. upravljao skuterom. E.\u0160. je pokrenuo vozilo i skrenuo desno u drugu ulicu, dok su ga ova dva lica, sumnja se, pratila na skuteru i dalje poku\u0161avaju\u0107i da ga ubiju. U jednom trenutku E.\u0160. je uspio da im pobjegne nakon \u010dega je prijavio doga\u0111aj CB Berane&#8221;, rekli su iz Uprave policije.<\/p>\n<p>Iz policije su kazali i da su prilikom hap\u0161enja od Zeki\u0107a oduzete odre\u0111ene stvari koje \u0107e biti predmet vje\u0161ta\u010denja.<\/p>\n<p>(Vijesti)<\/p>\n","protected":false},"excerpt":{"rendered":"<p>Sutkinja za istragu Vi\u0161eg suda u Bijelom Polju Vanja Rakonjac, odredila je danas pritvor do 30 dana Berancima Marku\u00a0Zeki\u0107u i Radomiru \u0110uki\u0107u, zbog poku\u0161aja ubistva sugra\u0111anina Edina \u0160unti\u0107a 10. juna ove godine. Oni su ju\u010de\u00a0u Tu\u017eila\u0161tvu rekli da nemaju nikakve veze sa pucanjem na \u0160unti\u0107a, negiraju\u0107i da su po\u010dinili krivi\u010dno djelo koje im se stavlja [&hellip;]<\/p>\n","protected":false},"author":509,"featured_media":208500,"comment_status":"open","ping_status":"open","sticky":false,"template":"","format":"standard","meta":{"footnotes":""},"categories":[397,396,801],"tags":[],"class_list":{"0":"post-208496","1":"post","2":"type-post","3":"status-publish","4":"format-standard","5":"has-post-thumbnail","7":"category-berane","8":"category-bijelo_polje","9":"category-crna_hronika"},"yoast_head":"<!-- This site is optimized with the Yoast SEO Premium plugin v23.1 (Yoast SEO v24.9) - https:\/\/yoast.com\/wordpress\/plugins\/seo\/ -->\n<title>Poku\u0161aj ubistva \u0160unti\u0107a: Zeki\u0107u i \u0110uki\u0107u pritvor do 30 dana<\/title>\n<meta name=\"robots\" content=\"index, follow, max-snippet:-1, max-image-preview:large, max-video-preview:-1\" \/>\n<link rel=\"canonical\" href=\"https:\/\/sandzakpress.net\/arhiva\/pokusaj-ubistva-suntica-zekicu-i-dukicu-pritvor-do-30-dana\/\" \/>\n<meta property=\"og:locale\" content=\"bs_BA\" \/>\n<meta property=\"og:type\" content=\"article\" \/>\n<meta property=\"og:title\" content=\"Poku\u0161aj ubistva \u0160unti\u0107a: Zeki\u0107u i \u0110uki\u0107u pritvor do 30 dana\" \/>\n<meta property=\"og:description\" content=\"Sutkinja za istragu Vi\u0161eg suda u Bijelom Polju Vanja Rakonjac, odredila je danas pritvor do 30 dana Berancima Marku\u00a0Zeki\u0107u i Radomiru \u0110uki\u0107u, zbog poku\u0161aja ubistva sugra\u0111anina Edina \u0160unti\u0107a 10. juna ove godine. Oni su ju\u010de\u00a0u Tu\u017eila\u0161tvu rekli da nemaju nikakve veze sa pucanjem na \u0160unti\u0107a, negiraju\u0107i da su po\u010dinili krivi\u010dno djelo koje im se stavlja [&hellip;]\" \/>\n<meta property=\"og:url\" content=\"https:\/\/sandzakpress.net\/arhiva\/pokusaj-ubistva-suntica-zekicu-i-dukicu-pritvor-do-30-dana\/\" \/>\n<meta property=\"og:site_name\" content=\"Sand\u017eak PRESS\" \/>\n<meta property=\"article:published_time\" content=\"2018-06-21T10:45:49+00:00\" \/>\n<meta property=\"og:image\" content=\"https:\/\/sandzakpress.net\/arhiva\/wp-content\/uploads\/2018\/06\/d73aef27127cf2971aca177eaebe411f.jpg\" \/>\n\t<meta property=\"og:image:width\" content=\"560\" \/>\n\t<meta property=\"og:image:height\" content=\"352\" \/>\n\t<meta property=\"og:image:type\" content=\"image\/jpeg\" \/>\n<meta name=\"author\" content=\"Agencija\" \/>\n<meta name=\"twitter:card\" content=\"summary_large_image\" \/>\n<meta name=\"twitter:label1\" content=\"Written by\" \/>\n\t<meta name=\"twitter:data1\" content=\"Agencija\" \/>\n\t<meta name=\"twitter:label2\" content=\"Est. reading time\" \/>\n\t<meta name=\"twitter:data2\" content=\"2 minute\" \/>\n<script type=\"application\/ld+json\" class=\"yoast-schema-graph\">{\"@context\":\"https:\/\/schema.org\",\"@graph\":[{\"@type\":\"Article\",\"@id\":\"https:\/\/sandzakpress.net\/arhiva\/pokusaj-ubistva-suntica-zekicu-i-dukicu-pritvor-do-30-dana\/#article\",\"isPartOf\":{\"@id\":\"https:\/\/sandzakpress.net\/arhiva\/pokusaj-ubistva-suntica-zekicu-i-dukicu-pritvor-do-30-dana\/\"},\"author\":{\"name\":\"Agencija\",\"@id\":\"https:\/\/sandzakpress.net\/arhiva\/#\/schema\/person\/cb59d7e3ab91ab90dd680ad0305a6185\"},\"headline\":\"Poku\u0161aj ubistva \u0160unti\u0107a: Zeki\u0107u i \u0110uki\u0107u pritvor do 30 dana\",\"datePublished\":\"2018-06-21T10:45:49+00:00\",\"mainEntityOfPage\":{\"@id\":\"https:\/\/sandzakpress.net\/arhiva\/pokusaj-ubistva-suntica-zekicu-i-dukicu-pritvor-do-30-dana\/\"},\"wordCount\":347,\"commentCount\":0,\"publisher\":{\"@id\":\"https:\/\/sandzakpress.net\/arhiva\/#\/schema\/person\/6e72b67d6e51910a1117b3b483ba20bd\"},\"image\":{\"@id\":\"https:\/\/sandzakpress.net\/arhiva\/pokusaj-ubistva-suntica-zekicu-i-dukicu-pritvor-do-30-dana\/#primaryimage\"},\"thumbnailUrl\":\"https:\/\/sandzakpress.net\/arhiva\/wp-content\/uploads\/2018\/06\/d73aef27127cf2971aca177eaebe411f.jpg\",\"articleSection\":[\"Berane\",\"Bijelo Polje\",\"Hronika\"],\"inLanguage\":\"bs-BA\",\"potentialAction\":[{\"@type\":\"CommentAction\",\"name\":\"Comment\",\"target\":[\"https:\/\/sandzakpress.net\/arhiva\/pokusaj-ubistva-suntica-zekicu-i-dukicu-pritvor-do-30-dana\/#respond\"]}]},{\"@type\":\"WebPage\",\"@id\":\"https:\/\/sandzakpress.net\/arhiva\/pokusaj-ubistva-suntica-zekicu-i-dukicu-pritvor-do-30-dana\/\",\"url\":\"https:\/\/sandzakpress.net\/arhiva\/pokusaj-ubistva-suntica-zekicu-i-dukicu-pritvor-do-30-dana\/\",\"name\":\"Poku\u0161aj ubistva \u0160unti\u0107a: Zeki\u0107u i \u0110uki\u0107u pritvor do 30 dana\",\"isPartOf\":{\"@id\":\"https:\/\/sandzakpress.net\/arhiva\/#website\"},\"primaryImageOfPage\":{\"@id\":\"https:\/\/sandzakpress.net\/arhiva\/pokusaj-ubistva-suntica-zekicu-i-dukicu-pritvor-do-30-dana\/#primaryimage\"},\"image\":{\"@id\":\"https:\/\/sandzakpress.net\/arhiva\/pokusaj-ubistva-suntica-zekicu-i-dukicu-pritvor-do-30-dana\/#primaryimage\"},\"thumbnailUrl\":\"https:\/\/sandzakpress.net\/arhiva\/wp-content\/uploads\/2018\/06\/d73aef27127cf2971aca177eaebe411f.jpg\",\"datePublished\":\"2018-06-21T10:45:49+00:00\",\"breadcrumb\":{\"@id\":\"https:\/\/sandzakpress.net\/arhiva\/pokusaj-ubistva-suntica-zekicu-i-dukicu-pritvor-do-30-dana\/#breadcrumb\"},\"inLanguage\":\"bs-BA\",\"potentialAction\":[{\"@type\":\"ReadAction\",\"target\":[\"https:\/\/sandzakpress.net\/arhiva\/pokusaj-ubistva-suntica-zekicu-i-dukicu-pritvor-do-30-dana\/\"]}]},{\"@type\":\"ImageObject\",\"inLanguage\":\"bs-BA\",\"@id\":\"https:\/\/sandzakpress.net\/arhiva\/pokusaj-ubistva-suntica-zekicu-i-dukicu-pritvor-do-30-dana\/#primaryimage\",\"url\":\"https:\/\/sandzakpress.net\/arhiva\/wp-content\/uploads\/2018\/06\/d73aef27127cf2971aca177eaebe411f.jpg\",\"contentUrl\":\"https:\/\/sandzakpress.net\/arhiva\/wp-content\/uploads\/2018\/06\/d73aef27127cf2971aca177eaebe411f.jpg\",\"width\":560,\"height\":352},{\"@type\":\"BreadcrumbList\",\"@id\":\"https:\/\/sandzakpress.net\/arhiva\/pokusaj-ubistva-suntica-zekicu-i-dukicu-pritvor-do-30-dana\/#breadcrumb\",\"itemListElement\":[{\"@type\":\"ListItem\",\"position\":1,\"name\":\"Home\",\"item\":\"https:\/\/sandzakpress.net\/arhiva\/\"},{\"@type\":\"ListItem\",\"position\":2,\"name\":\"Poku\u0161aj ubistva \u0160unti\u0107a: Zeki\u0107u i \u0110uki\u0107u pritvor do 30 dana\"}]},{\"@type\":\"WebSite\",\"@id\":\"https:\/\/sandzakpress.net\/arhiva\/#website\",\"url\":\"https:\/\/sandzakpress.net\/arhiva\/\",\"name\":\"Sand\u017eak PRESS\",\"description\":\"Prve elektronske novine u Sand\u017eaku\",\"publisher\":{\"@id\":\"https:\/\/sandzakpress.net\/arhiva\/#\/schema\/person\/6e72b67d6e51910a1117b3b483ba20bd\"},\"potentialAction\":[{\"@type\":\"SearchAction\",\"target\":{\"@type\":\"EntryPoint\",\"urlTemplate\":\"https:\/\/sandzakpress.net\/arhiva\/?s={search_term_string}\"},\"query-input\":{\"@type\":\"PropertyValueSpecification\",\"valueRequired\":true,\"valueName\":\"search_term_string\"}}],\"inLanguage\":\"bs-BA\"},{\"@type\":[\"Person\",\"Organization\"],\"@id\":\"https:\/\/sandzakpress.net\/arhiva\/#\/schema\/person\/6e72b67d6e51910a1117b3b483ba20bd\",\"name\":\"Kul\",\"image\":{\"@type\":\"ImageObject\",\"inLanguage\":\"bs-BA\",\"@id\":\"https:\/\/sandzakpress.net\/arhiva\/#\/schema\/person\/image\/\",\"url\":\"https:\/\/secure.gravatar.com\/avatar\/42263f39aa27ac04c43cab85c280eb2e?s=96&d=mm&r=pg\",\"contentUrl\":\"https:\/\/secure.gravatar.com\/avatar\/42263f39aa27ac04c43cab85c280eb2e?s=96&d=mm&r=pg\",\"caption\":\"Kul\"},\"logo\":{\"@id\":\"https:\/\/sandzakpress.net\/arhiva\/#\/schema\/person\/image\/\"}},{\"@type\":\"Person\",\"@id\":\"https:\/\/sandzakpress.net\/arhiva\/#\/schema\/person\/cb59d7e3ab91ab90dd680ad0305a6185\",\"name\":\"Agencija\",\"image\":{\"@type\":\"ImageObject\",\"inLanguage\":\"bs-BA\",\"@id\":\"https:\/\/sandzakpress.net\/arhiva\/#\/schema\/person\/image\/\",\"url\":\"https:\/\/secure.gravatar.com\/avatar\/4b7fafa80a22f0c2afe23966b3961fe0?s=96&d=mm&r=pg\",\"contentUrl\":\"https:\/\/secure.gravatar.com\/avatar\/4b7fafa80a22f0c2afe23966b3961fe0?s=96&d=mm&r=pg\",\"caption\":\"Agencija\"},\"url\":\"https:\/\/sandzakpress.net\/arhiva\/author\/agencija\/\"}]}<\/script>\n<!-- \/ Yoast SEO Premium plugin. -->","yoast_head_json":{"title":"Poku\u0161aj ubistva \u0160unti\u0107a: Zeki\u0107u i \u0110uki\u0107u pritvor do 30 dana","robots":{"index":"index","follow":"follow","max-snippet":"max-snippet:-1","max-image-preview":"max-image-preview:large","max-video-preview":"max-video-preview:-1"},"canonical":"https:\/\/sandzakpress.net\/arhiva\/pokusaj-ubistva-suntica-zekicu-i-dukicu-pritvor-do-30-dana\/","og_locale":"bs_BA","og_type":"article","og_title":"Poku\u0161aj ubistva \u0160unti\u0107a: Zeki\u0107u i \u0110uki\u0107u pritvor do 30 dana","og_description":"Sutkinja za istragu Vi\u0161eg suda u Bijelom Polju Vanja Rakonjac, odredila je danas pritvor do 30 dana Berancima Marku\u00a0Zeki\u0107u i Radomiru \u0110uki\u0107u, zbog poku\u0161aja ubistva sugra\u0111anina Edina \u0160unti\u0107a 10. juna ove godine. Oni su ju\u010de\u00a0u Tu\u017eila\u0161tvu rekli da nemaju nikakve veze sa pucanjem na \u0160unti\u0107a, negiraju\u0107i da su po\u010dinili krivi\u010dno djelo koje im se stavlja [&hellip;]","og_url":"https:\/\/sandzakpress.net\/arhiva\/pokusaj-ubistva-suntica-zekicu-i-dukicu-pritvor-do-30-dana\/","og_site_name":"Sand\u017eak PRESS","article_published_time":"2018-06-21T10:45:49+00:00","og_image":[{"width":560,"height":352,"url":"https:\/\/sandzakpress.net\/arhiva\/wp-content\/uploads\/2018\/06\/d73aef27127cf2971aca177eaebe411f.jpg","type":"image\/jpeg"}],"author":"Agencija","twitter_card":"summary_large_image","twitter_misc":{"Written by":"Agencija","Est. reading time":"2 minute"},"schema":{"@context":"https:\/\/schema.org","@graph":[{"@type":"Article","@id":"https:\/\/sandzakpress.net\/arhiva\/pokusaj-ubistva-suntica-zekicu-i-dukicu-pritvor-do-30-dana\/#article","isPartOf":{"@id":"https:\/\/sandzakpress.net\/arhiva\/pokusaj-ubistva-suntica-zekicu-i-dukicu-pritvor-do-30-dana\/"},"author":{"name":"Agencija","@id":"https:\/\/sandzakpress.net\/arhiva\/#\/schema\/person\/cb59d7e3ab91ab90dd680ad0305a6185"},"headline":"Poku\u0161aj ubistva \u0160unti\u0107a: Zeki\u0107u i \u0110uki\u0107u pritvor do 30 dana","datePublished":"2018-06-21T10:45:49+00:00","mainEntityOfPage":{"@id":"https:\/\/sandzakpress.net\/arhiva\/pokusaj-ubistva-suntica-zekicu-i-dukicu-pritvor-do-30-dana\/"},"wordCount":347,"commentCount":0,"publisher":{"@id":"https:\/\/sandzakpress.net\/arhiva\/#\/schema\/person\/6e72b67d6e51910a1117b3b483ba20bd"},"image":{"@id":"https:\/\/sandzakpress.net\/arhiva\/pokusaj-ubistva-suntica-zekicu-i-dukicu-pritvor-do-30-dana\/#primaryimage"},"thumbnailUrl":"https:\/\/sandzakpress.net\/arhiva\/wp-content\/uploads\/2018\/06\/d73aef27127cf2971aca177eaebe411f.jpg","articleSection":["Berane","Bijelo Polje","Hronika"],"inLanguage":"bs-BA","potentialAction":[{"@type":"CommentAction","name":"Comment","target":["https:\/\/sandzakpress.net\/arhiva\/pokusaj-ubistva-suntica-zekicu-i-dukicu-pritvor-do-30-dana\/#respond"]}]},{"@type":"WebPage","@id":"https:\/\/sandzakpress.net\/arhiva\/pokusaj-ubistva-suntica-zekicu-i-dukicu-pritvor-do-30-dana\/","url":"https:\/\/sandzakpress.net\/arhiva\/pokusaj-ubistva-suntica-zekicu-i-dukicu-pritvor-do-30-dana\/","name":"Poku\u0161aj ubistva \u0160unti\u0107a: Zeki\u0107u i \u0110uki\u0107u pritvor do 30 dana","isPartOf":{"@id":"https:\/\/sandzakpress.net\/arhiva\/#website"},"primaryImageOfPage":{"@id":"https:\/\/sandzakpress.net\/arhiva\/pokusaj-ubistva-suntica-zekicu-i-dukicu-pritvor-do-30-dana\/#primaryimage"},"image":{"@id":"https:\/\/sandzakpress.net\/arhiva\/pokusaj-ubistva-suntica-zekicu-i-dukicu-pritvor-do-30-dana\/#primaryimage"},"thumbnailUrl":"https:\/\/sandzakpress.net\/arhiva\/wp-content\/uploads\/2018\/06\/d73aef27127cf2971aca177eaebe411f.jpg","datePublished":"2018-06-21T10:45:49+00:00","breadcrumb":{"@id":"https:\/\/sandzakpress.net\/arhiva\/pokusaj-ubistva-suntica-zekicu-i-dukicu-pritvor-do-30-dana\/#breadcrumb"},"inLanguage":"bs-BA","potentialAction":[{"@type":"ReadAction","target":["https:\/\/sandzakpress.net\/arhiva\/pokusaj-ubistva-suntica-zekicu-i-dukicu-pritvor-do-30-dana\/"]}]},{"@type":"ImageObject","inLanguage":"bs-BA","@id":"https:\/\/sandzakpress.net\/arhiva\/pokusaj-ubistva-suntica-zekicu-i-dukicu-pritvor-do-30-dana\/#primaryimage","url":"https:\/\/sandzakpress.net\/arhiva\/wp-content\/uploads\/2018\/06\/d73aef27127cf2971aca177eaebe411f.jpg","contentUrl":"https:\/\/sandzakpress.net\/arhiva\/wp-content\/uploads\/2018\/06\/d73aef27127cf2971aca177eaebe411f.jpg","width":560,"height":352},{"@type":"BreadcrumbList","@id":"https:\/\/sandzakpress.net\/arhiva\/pokusaj-ubistva-suntica-zekicu-i-dukicu-pritvor-do-30-dana\/#breadcrumb","itemListElement":[{"@type":"ListItem","position":1,"name":"Home","item":"https:\/\/sandzakpress.net\/arhiva\/"},{"@type":"ListItem","position":2,"name":"Poku\u0161aj ubistva \u0160unti\u0107a: Zeki\u0107u i \u0110uki\u0107u pritvor do 30 dana"}]},{"@type":"WebSite","@id":"https:\/\/sandzakpress.net\/arhiva\/#website","url":"https:\/\/sandzakpress.net\/arhiva\/","name":"Sand\u017eak PRESS","description":"Prve elektronske novine u Sand\u017eaku","publisher":{"@id":"https:\/\/sandzakpress.net\/arhiva\/#\/schema\/person\/6e72b67d6e51910a1117b3b483ba20bd"},"potentialAction":[{"@type":"SearchAction","target":{"@type":"EntryPoint","urlTemplate":"https:\/\/sandzakpress.net\/arhiva\/?s={search_term_string}"},"query-input":{"@type":"PropertyValueSpecification","valueRequired":true,"valueName":"search_term_string"}}],"inLanguage":"bs-BA"},{"@type":["Person","Organization"],"@id":"https:\/\/sandzakpress.net\/arhiva\/#\/schema\/person\/6e72b67d6e51910a1117b3b483ba20bd","name":"Kul","image":{"@type":"ImageObject","inLanguage":"bs-BA","@id":"https:\/\/sandzakpress.net\/arhiva\/#\/schema\/person\/image\/","url":"https:\/\/secure.gravatar.com\/avatar\/42263f39aa27ac04c43cab85c280eb2e?s=96&d=mm&r=pg","contentUrl":"https:\/\/secure.gravatar.com\/avatar\/42263f39aa27ac04c43cab85c280eb2e?s=96&d=mm&r=pg","caption":"Kul"},"logo":{"@id":"https:\/\/sandzakpress.net\/arhiva\/#\/schema\/person\/image\/"}},{"@type":"Person","@id":"https:\/\/sandzakpress.net\/arhiva\/#\/schema\/person\/cb59d7e3ab91ab90dd680ad0305a6185","name":"Agencija","image":{"@type":"ImageObject","inLanguage":"bs-BA","@id":"https:\/\/sandzakpress.net\/arhiva\/#\/schema\/person\/image\/","url":"https:\/\/secure.gravatar.com\/avatar\/4b7fafa80a22f0c2afe23966b3961fe0?s=96&d=mm&r=pg","contentUrl":"https:\/\/secure.gravatar.com\/avatar\/4b7fafa80a22f0c2afe23966b3961fe0?s=96&d=mm&r=pg","caption":"Agencija"},"url":"https:\/\/sandzakpress.net\/arhiva\/author\/agencija\/"}]}},"_links":{"self":[{"href":"https:\/\/sandzakpress.net\/arhiva\/wp-json\/wp\/v2\/posts\/208496"}],"collection":[{"href":"https:\/\/sandzakpress.net\/arhiva\/wp-json\/wp\/v2\/posts"}],"about":[{"href":"https:\/\/sandzakpress.net\/arhiva\/wp-json\/wp\/v2\/types\/post"}],"author":[{"embeddable":true,"href":"https:\/\/sandzakpress.net\/arhiva\/wp-json\/wp\/v2\/users\/509"}],"replies":[{"embeddable":true,"href":"https:\/\/sandzakpress.net\/arhiva\/wp-json\/wp\/v2\/comments?post=208496"}],"version-history":[{"count":0,"href":"https:\/\/sandzakpress.net\/arhiva\/wp-json\/wp\/v2\/posts\/208496\/revisions"}],"wp:featuredmedia":[{"embeddable":true,"href":"https:\/\/sandzakpress.net\/arhiva\/wp-json\/wp\/v2\/media\/208500"}],"wp:attachment":[{"href":"https:\/\/sandzakpress.net\/arhiva\/wp-json\/wp\/v2\/media?parent=208496"}],"wp:term":[{"taxonomy":"category","embeddable":true,"href":"https:\/\/sandzakpress.net\/arhiva\/wp-json\/wp\/v2\/categories?post=208496"},{"taxonomy":"post_tag","embeddable":true,"href":"https:\/\/sandzakpress.net\/arhiva\/wp-json\/wp\/v2\/tags?post=208496"}],"curies":[{"name":"wp","href":"https:\/\/api.w.org\/{rel}","templated":true}]}}