{"id":20849,"date":"2011-09-29T14:12:55","date_gmt":"2011-09-29T12:12:55","guid":{"rendered":"https:\/\/sandzakpress.net\/arhiva\/?p=20849"},"modified":"2011-09-29T14:12:55","modified_gmt":"2011-09-29T12:12:55","slug":"saopcenje-rijaseta-iz-u-bih-adem-zilkic-paradigma-sejde-bajramovica","status":"publish","type":"post","link":"https:\/\/sandzakpress.net\/arhiva\/saopcenje-rijaseta-iz-u-bih-adem-zilkic-paradigma-sejde-bajramovica\/","title":{"rendered":"Saop\u0107enje Rijaseta IZ u BiH: Adem Zilki\u0107 paradigma Sejde Bajramovi\u0107a"},"content":{"rendered":"<p><strong><a href=\"https:\/\/sandzakpress.net\/arhiva\/wp-content\/uploads\/2011\/09\/Logo_Islamske_zajednice.jpg\"><img loading=\"lazy\" decoding=\"async\" class=\"alignleft size-full wp-image-20850\" title=\"Logo_Islamske_zajednice\" src=\"https:\/\/sandzakpress.net\/arhiva\/wp-content\/uploads\/2011\/09\/Logo_Islamske_zajednice.jpg\" alt=\"\" width=\"200\" height=\"200\" srcset=\"https:\/\/sandzakpress.net\/arhiva\/wp-content\/uploads\/2011\/09\/Logo_Islamske_zajednice.jpg 200w, https:\/\/sandzakpress.net\/arhiva\/wp-content\/uploads\/2011\/09\/Logo_Islamske_zajednice-150x150.jpg 150w, https:\/\/sandzakpress.net\/arhiva\/wp-content\/uploads\/2011\/09\/Logo_Islamske_zajednice-90x90.jpg 90w, https:\/\/sandzakpress.net\/arhiva\/wp-content\/uploads\/2011\/09\/Logo_Islamske_zajednice-125x125.jpg 125w\" sizes=\"(max-width: 200px) 100vw, 200px\" \/><\/a>BiH, Sand\u017eak &#8211;<em> Dovo\u0111enje Adema Zilki\u0107a u politi\u010dki magazin \u201eCrta&#8221;, 27. 09. 2011. g. na BHT 1 je guranje prsta u o\u010di muslimanima Bo\u0161njacima, jer svima je postalo jasno da je Adem Zilki\u0107 paradigma Sejde Bajramovi\u0107a, koji se name\u0107e Bo\u0161njacima zato da ih uznemirava i poni\u017eava, te da ih udaljava od bitnih pitanja za njihov opstanak i napredak<\/em><\/strong><em>. <\/em><\/p>\n<p>Slu\u017eba za odnose s javno\u0161\u0107u Rijaseta Islamske zajednice u Bosni i Hercegovini u povodu najnovijeg medijskog portretiranja Islamske zajednice izdala je saop\u0107enje za javnost u kojem se ka\u017ee:<\/p>\n<p>U medijima u Bosni i Hercegovini, i onima \u010dije je sjedi\u0161te u Sarajevu, \u010dak i programima javnih servisa, postoje de\u017eurne, trajno aktuelne i politi\u010dki visokoprofitabilne teme, ali isto tako postoje i tabu teme na koje je, \u010dini se, nametnut embargo i o njima se ne smije u javnom prostoru misliti, govori ili pisati. Trajno aktuelna i politi\u010dki visokoprofitabilna tema jeste neprofesionalan i negativan tretman Islamske zajednice i reisu-l-uleme dr. Mustafe Ceri\u0107a.<\/p>\n<p>Medijske tabu teme su pitanje bosanskohercegova\u010dkog priznanja nezavisnosti Kosova, pravo Bo\u0161njaka da imaju sposobne i jake nacionalne institucije, pravo na ljubav i brigu za dr\u017eavu Bosnu i Hercegovinu kao jedinom svom mati\u010dnom i nacionalnom okviru, tema o punopravnom \u010dlanstvu dr\u017eave Bosne i Hercegovine u Organizaciji islamske saradnje (OIS) od \u010dega bi cijela dr\u017eava imala ekonomsku korist, ili o univerzalnom pravilu i politi\u010dkom pravu &#8220;jedan \u010dovjek jedan glas&#8221;. Za\u0161to mediji, posebno oni koje gra\u0111ani finansiraju, ne otvore ta i takva pitanja? Za\u0161to su to za nas Bo\u0161njake u Bosni i Hercegovini tabu teme?<\/p>\n<p>Pored njihove \u201eobrade&#8221; Islamske zajednice i reisu-l-uleme, a uslijed embarga na bitan spektar tema od interesa za Bo\u0161njake, medijskim prostorom u Bosni i Hercegovini dominiraju, kada su u pitanju nacionalni interesi Bo\u0161njaka i Bosna i Hercegovina, interesi i pristupi onako kako se oni artikuliraju u Beogradu i kako ih tamo\u0161nji mediji eksploatiraju. Vi\u0161e nego o\u010dito je \u201eprepisivanje&#8221; ideja, analiza, stavova i pristupa Islamskoj zajednici, reisu-l-ulemi i bo\u0161nja\u010dkim nacionalnim interesima, te nametanje i diktiranje bosanskoj javnosti, prije svega Bo\u0161njacima, vje\u0161ta\u010dkih tema i dilema u cilju obezglavljivanja i raspame\u0107ivanja, te gubitka osje\u0107aja za realnost i prihvatanja podani\u010dkog statusa. Za\u0161to su bosanskohercegova\u010dki mediji pristali na neslobodu i na zavisnost od Beograda, unato\u010d relevantnim me\u0111unarodnim presudama o nesprje\u010davanju genocida nad autohtonim bosanskim stanovni\u0161tvom? Za\u0161to se Bo\u0161njacima, preko dr\u017eavnih i privatnih medija, ubija i svaka pomisao na nacionalno dostojanstvo?<\/p>\n<p>Dovo\u0111enje Adema Zilki\u0107a u politi\u010dki magazin \u201eCrta&#8221;, 27. 09. 2011. g. na BHT 1 je guranje prsta u o\u010di muslimanima Bo\u0161njacima, jer svima je postalo jasno da je Adem Zilki\u0107 paradigma Sejde Bajramovi\u0107a, koji se name\u0107e Bo\u0161njacima zato da ih uznemirava i poni\u017eava, te da ih udaljava od bitnih pitanja za njihov opstanak i napredak.<\/p>\n<p>Beogradu nije va\u017ean Sand\u017eak koliko mu je va\u017eno Sarajevo, nije mu va\u017eno ko \u0107e biti glavni muftija u Sand\u017eaku, niti ga se ti\u010de koga \u0107e potro\u0161iti za anti-reisu-l-ulemu u Srbiji, ve\u0107 je Beogradu va\u017eno da imaju svog reisu-l-ulemu u Sarajevu, koji \u0107e, u najmanju ruku, ometati muslimane Bo\u0161njake u njihovom nastojanju da \u017eive slobodno i ponosno u svojoj vjeri i domovini. Beograd je do sada uspijevao da &#8220;odgaja&#8221; sebi odane, sebi poslu\u0161ne Bo\u0161njake pa se sada \u010dudi i pita odakle nekima, poput muftije Zukorli\u0107a, hrabrost da se Beogradu suprotstave u njegovoj namjeri da ovlada Islamskom zajednicom, ne u Sand\u017eaku i Srbiji, ve\u0107 u Sarajevu i u Bosni i Hercegovini, a nakon pacifikacije politi\u010dkih, kulturnih i nacionalnih institucija u Bo\u0161njaka. Kako druga\u010dije razumjeti \u0161to neki aktuelni politi\u010dari u Bo\u0161njaka javno ka\u017eu da njihova stranka nije bo\u0161nja\u010dka stranka? Jesu li to Bo\u0161njaci \u201e\u0161ugav&#8221; narod pa ih se odri\u010du, a drugi obespravljuju? Za\u0161to se intelektualna i politi\u010dka elita u Bo\u0161njaka ne smije brinuti o Bo\u0161njacima izvan Bosne i Hercegovine? Zar Bosna i Hercegovina nije mati\u010dna zemlja Bo\u0161njaka koja bi se po Ustavu morala brinuti o manjinskim pravima Bo\u0161njaka u svim dr\u017eavama u regionu i u svijetu. Svi narodi na Balkanu imaju mati\u010dnu zemlju, tj., dr\u017eavu koja se po svom Ustavu obavezala, na temelju me\u0111unarodnog prava, da bdije nad pravima manjinske zajednice svog naroda u susjednoj ili nekoj drugoj dr\u017eavi. To imaju Hrvati u Bosni i Hercegovini, Srbiji i Kosovu od srane Hrvatske, to imaju Srbi u Bosni i Hercegovini, Hrvatskoj i Albaniji od strane Srbije, to imaju Ma\u0111ari u Srbiji i Hrvatskoj od strane Ma\u0111arske. Samo su Bo\u0161njaci ostavljeni sami sebi na Balkanu, bez i\u010dije ustavne, odnosno institucionalne brige o njihovim nacionalnim, kulturnim i jezi\u010dkim potrebama. Bo\u0161njaci moraju ozbiljno razmotriti ova pitanja i shvatiti da im Islamska zajednica nije dovoljna za njihov opstanak i napredak. Bo\u0161njacima je potrebna organizirana dr\u017eava i dr\u017eavna briga.<\/p>\n<p>Islamska zajednica u Bosni i Hercegovini ukazuje na svu ozbiljnost i opasnost po na\u0161u slobodu od agresivnih tendencija obezvrje\u0111ivanja nacionalnog i vjerskog identiteta Bo\u0161njaka, tendencija razaranja Islamske zajednice kroz sve napadniju beogradsku taktiku ugro\u017eavanja vjerskih prava i autonomije Islamske zajednice i nametanje podani\u010dkog mentaliteta i sluganstva poput primjera Adema Zilki\u0107a i nametanja poku\u0161aja sarajevske \u201esje\u010de&#8221; slobode sand\u017ea\u010dkih bo\u0161nja\u010dkih institucija \u010diju ulogu obavljaju i pojedini medijski djelatnici. Ono \u0161to se osjeti podsje\u0107a na najgori propagandisti\u010dki period selektivne diskreditacije i osporavanja naroda i li\u010dnosti tokom devedesetih godina pro\u0161log stolje\u0107a, ka\u017ee se u saop\u0107enju Slu\u017ebe za odnose s javno\u0161\u0107u Rijaseta Islamske zajednice u Bosni i Hercegovini.<\/p>\n<p>Izvor: <strong>Mesihat.org<\/strong><\/p>\n","protected":false},"excerpt":{"rendered":"<p>BiH, Sand\u017eak &#8211; Dovo\u0111enje Adema Zilki\u0107a u politi\u010dki magazin \u201eCrta&#8221;, 27. 09. 2011. g. na BHT 1 je guranje prsta u o\u010di muslimanima Bo\u0161njacima, jer svima je postalo jasno da je Adem Zilki\u0107 paradigma Sejde Bajramovi\u0107a, koji se name\u0107e Bo\u0161njacima zato da ih uznemirava i poni\u017eava, te da ih udaljava od bitnih pitanja za njihov [&hellip;]<\/p>\n","protected":false},"author":14,"featured_media":20850,"comment_status":"open","ping_status":"open","sticky":false,"template":"","format":"standard","meta":{"footnotes":""},"categories":[72,398,2860,52,397,327,392,396,393,395,802,394,399],"tags":[],"class_list":{"0":"post-20849","1":"post","2":"type-post","3":"status-publish","4":"format-standard","5":"has-post-thumbnail","7":"category-novi-pazar","8":"category-rozaje","9":"category-bosna-i-hercegovina-gradovi","10":"category-sjenica","11":"category-berane","12":"category-tutin","13":"category-prijepolje_","14":"category-bijelo_polje","15":"category-priboj","16":"category-pljevlja_","17":"category-islamska_zajednica","18":"category-nova-varos","19":"category-plav_"},"yoast_head":"<!-- This site is optimized with the Yoast SEO Premium plugin v23.1 (Yoast SEO v24.9) - https:\/\/yoast.com\/wordpress\/plugins\/seo\/ -->\n<title>Saop\u0107enje Rijaseta IZ u BiH: Adem Zilki\u0107 paradigma Sejde Bajramovi\u0107a<\/title>\n<meta name=\"robots\" content=\"index, follow, max-snippet:-1, max-image-preview:large, max-video-preview:-1\" \/>\n<link rel=\"canonical\" href=\"https:\/\/sandzakpress.net\/arhiva\/saopcenje-rijaseta-iz-u-bih-adem-zilkic-paradigma-sejde-bajramovica\/\" \/>\n<meta property=\"og:locale\" content=\"bs_BA\" \/>\n<meta property=\"og:type\" content=\"article\" \/>\n<meta property=\"og:title\" content=\"Saop\u0107enje Rijaseta IZ u BiH: Adem Zilki\u0107 paradigma Sejde Bajramovi\u0107a\" \/>\n<meta property=\"og:description\" content=\"BiH, Sand\u017eak &#8211; Dovo\u0111enje Adema Zilki\u0107a u politi\u010dki magazin \u201eCrta&#8221;, 27. 09. 2011. g. na BHT 1 je guranje prsta u o\u010di muslimanima Bo\u0161njacima, jer svima je postalo jasno da je Adem Zilki\u0107 paradigma Sejde Bajramovi\u0107a, koji se name\u0107e Bo\u0161njacima zato da ih uznemirava i poni\u017eava, te da ih udaljava od bitnih pitanja za njihov [&hellip;]\" \/>\n<meta property=\"og:url\" content=\"https:\/\/sandzakpress.net\/arhiva\/saopcenje-rijaseta-iz-u-bih-adem-zilkic-paradigma-sejde-bajramovica\/\" \/>\n<meta property=\"og:site_name\" content=\"Sand\u017eak PRESS\" \/>\n<meta property=\"article:published_time\" content=\"2011-09-29T12:12:55+00:00\" \/>\n<meta property=\"og:image\" content=\"https:\/\/sandzakpress.net\/arhiva\/wp-content\/uploads\/2011\/09\/Logo_Islamske_zajednice.jpg\" \/>\n\t<meta property=\"og:image:width\" content=\"200\" \/>\n\t<meta property=\"og:image:height\" content=\"200\" \/>\n\t<meta property=\"og:image:type\" content=\"image\/jpeg\" \/>\n<meta name=\"twitter:card\" content=\"summary_large_image\" \/>\n<meta name=\"twitter:label1\" content=\"Written by\" \/>\n\t<meta name=\"twitter:data1\" content=\"\" \/>\n\t<meta name=\"twitter:label2\" content=\"Est. reading time\" \/>\n\t<meta name=\"twitter:data2\" content=\"5 minuta\" \/>\n<script type=\"application\/ld+json\" class=\"yoast-schema-graph\">{\"@context\":\"https:\/\/schema.org\",\"@graph\":[{\"@type\":\"Article\",\"@id\":\"https:\/\/sandzakpress.net\/arhiva\/saopcenje-rijaseta-iz-u-bih-adem-zilkic-paradigma-sejde-bajramovica\/#article\",\"isPartOf\":{\"@id\":\"https:\/\/sandzakpress.net\/arhiva\/saopcenje-rijaseta-iz-u-bih-adem-zilkic-paradigma-sejde-bajramovica\/\"},\"author\":{\"name\":\"\",\"@id\":\"\"},\"headline\":\"Saop\u0107enje Rijaseta IZ u BiH: Adem Zilki\u0107 paradigma Sejde Bajramovi\u0107a\",\"datePublished\":\"2011-09-29T12:12:55+00:00\",\"mainEntityOfPage\":{\"@id\":\"https:\/\/sandzakpress.net\/arhiva\/saopcenje-rijaseta-iz-u-bih-adem-zilkic-paradigma-sejde-bajramovica\/\"},\"wordCount\":983,\"commentCount\":2,\"publisher\":{\"@id\":\"https:\/\/sandzakpress.net\/arhiva\/#\/schema\/person\/6e72b67d6e51910a1117b3b483ba20bd\"},\"image\":{\"@id\":\"https:\/\/sandzakpress.net\/arhiva\/saopcenje-rijaseta-iz-u-bih-adem-zilkic-paradigma-sejde-bajramovica\/#primaryimage\"},\"thumbnailUrl\":\"https:\/\/sandzakpress.net\/arhiva\/wp-content\/uploads\/2011\/09\/Logo_Islamske_zajednice.jpg\",\"articleSection\":[\"Novi Pazar\",\"Ro\u017eaje\",\"Bosna i Hercegovina\",\"Sjenica\",\"Berane\",\"Tutin\",\"Prijepolje\",\"Bijelo Polje\",\"Priboj\",\"Pljevlja\",\"Islamska zajednica\",\"Nova Varo\u0161\",\"Plav\"],\"inLanguage\":\"bs-BA\",\"potentialAction\":[{\"@type\":\"CommentAction\",\"name\":\"Comment\",\"target\":[\"https:\/\/sandzakpress.net\/arhiva\/saopcenje-rijaseta-iz-u-bih-adem-zilkic-paradigma-sejde-bajramovica\/#respond\"]}]},{\"@type\":\"WebPage\",\"@id\":\"https:\/\/sandzakpress.net\/arhiva\/saopcenje-rijaseta-iz-u-bih-adem-zilkic-paradigma-sejde-bajramovica\/\",\"url\":\"https:\/\/sandzakpress.net\/arhiva\/saopcenje-rijaseta-iz-u-bih-adem-zilkic-paradigma-sejde-bajramovica\/\",\"name\":\"Saop\u0107enje Rijaseta IZ u BiH: Adem Zilki\u0107 paradigma Sejde Bajramovi\u0107a\",\"isPartOf\":{\"@id\":\"https:\/\/sandzakpress.net\/arhiva\/#website\"},\"primaryImageOfPage\":{\"@id\":\"https:\/\/sandzakpress.net\/arhiva\/saopcenje-rijaseta-iz-u-bih-adem-zilkic-paradigma-sejde-bajramovica\/#primaryimage\"},\"image\":{\"@id\":\"https:\/\/sandzakpress.net\/arhiva\/saopcenje-rijaseta-iz-u-bih-adem-zilkic-paradigma-sejde-bajramovica\/#primaryimage\"},\"thumbnailUrl\":\"https:\/\/sandzakpress.net\/arhiva\/wp-content\/uploads\/2011\/09\/Logo_Islamske_zajednice.jpg\",\"datePublished\":\"2011-09-29T12:12:55+00:00\",\"breadcrumb\":{\"@id\":\"https:\/\/sandzakpress.net\/arhiva\/saopcenje-rijaseta-iz-u-bih-adem-zilkic-paradigma-sejde-bajramovica\/#breadcrumb\"},\"inLanguage\":\"bs-BA\",\"potentialAction\":[{\"@type\":\"ReadAction\",\"target\":[\"https:\/\/sandzakpress.net\/arhiva\/saopcenje-rijaseta-iz-u-bih-adem-zilkic-paradigma-sejde-bajramovica\/\"]}]},{\"@type\":\"ImageObject\",\"inLanguage\":\"bs-BA\",\"@id\":\"https:\/\/sandzakpress.net\/arhiva\/saopcenje-rijaseta-iz-u-bih-adem-zilkic-paradigma-sejde-bajramovica\/#primaryimage\",\"url\":\"https:\/\/sandzakpress.net\/arhiva\/wp-content\/uploads\/2011\/09\/Logo_Islamske_zajednice.jpg\",\"contentUrl\":\"https:\/\/sandzakpress.net\/arhiva\/wp-content\/uploads\/2011\/09\/Logo_Islamske_zajednice.jpg\",\"width\":200,\"height\":200},{\"@type\":\"BreadcrumbList\",\"@id\":\"https:\/\/sandzakpress.net\/arhiva\/saopcenje-rijaseta-iz-u-bih-adem-zilkic-paradigma-sejde-bajramovica\/#breadcrumb\",\"itemListElement\":[{\"@type\":\"ListItem\",\"position\":1,\"name\":\"Home\",\"item\":\"https:\/\/sandzakpress.net\/arhiva\/\"},{\"@type\":\"ListItem\",\"position\":2,\"name\":\"Saop\u0107enje Rijaseta IZ u BiH: Adem Zilki\u0107 paradigma Sejde Bajramovi\u0107a\"}]},{\"@type\":\"WebSite\",\"@id\":\"https:\/\/sandzakpress.net\/arhiva\/#website\",\"url\":\"https:\/\/sandzakpress.net\/arhiva\/\",\"name\":\"Sand\u017eak PRESS\",\"description\":\"Prve elektronske novine u Sand\u017eaku\",\"publisher\":{\"@id\":\"https:\/\/sandzakpress.net\/arhiva\/#\/schema\/person\/6e72b67d6e51910a1117b3b483ba20bd\"},\"potentialAction\":[{\"@type\":\"SearchAction\",\"target\":{\"@type\":\"EntryPoint\",\"urlTemplate\":\"https:\/\/sandzakpress.net\/arhiva\/?s={search_term_string}\"},\"query-input\":{\"@type\":\"PropertyValueSpecification\",\"valueRequired\":true,\"valueName\":\"search_term_string\"}}],\"inLanguage\":\"bs-BA\"},{\"@type\":[\"Person\",\"Organization\"],\"@id\":\"https:\/\/sandzakpress.net\/arhiva\/#\/schema\/person\/6e72b67d6e51910a1117b3b483ba20bd\",\"name\":\"Kul\",\"image\":{\"@type\":\"ImageObject\",\"inLanguage\":\"bs-BA\",\"@id\":\"https:\/\/sandzakpress.net\/arhiva\/#\/schema\/person\/image\/\",\"url\":\"https:\/\/secure.gravatar.com\/avatar\/42263f39aa27ac04c43cab85c280eb2e?s=96&d=mm&r=pg\",\"contentUrl\":\"https:\/\/secure.gravatar.com\/avatar\/42263f39aa27ac04c43cab85c280eb2e?s=96&d=mm&r=pg\",\"caption\":\"Kul\"},\"logo\":{\"@id\":\"https:\/\/sandzakpress.net\/arhiva\/#\/schema\/person\/image\/\"}},{\"@type\":\"Person\",\"@id\":\"\",\"url\":\"https:\/\/sandzakpress.net\/arhiva\/author\/\"}]}<\/script>\n<!-- \/ Yoast SEO Premium plugin. -->","yoast_head_json":{"title":"Saop\u0107enje Rijaseta IZ u BiH: Adem Zilki\u0107 paradigma Sejde Bajramovi\u0107a","robots":{"index":"index","follow":"follow","max-snippet":"max-snippet:-1","max-image-preview":"max-image-preview:large","max-video-preview":"max-video-preview:-1"},"canonical":"https:\/\/sandzakpress.net\/arhiva\/saopcenje-rijaseta-iz-u-bih-adem-zilkic-paradigma-sejde-bajramovica\/","og_locale":"bs_BA","og_type":"article","og_title":"Saop\u0107enje Rijaseta IZ u BiH: Adem Zilki\u0107 paradigma Sejde Bajramovi\u0107a","og_description":"BiH, Sand\u017eak &#8211; Dovo\u0111enje Adema Zilki\u0107a u politi\u010dki magazin \u201eCrta&#8221;, 27. 09. 2011. g. na BHT 1 je guranje prsta u o\u010di muslimanima Bo\u0161njacima, jer svima je postalo jasno da je Adem Zilki\u0107 paradigma Sejde Bajramovi\u0107a, koji se name\u0107e Bo\u0161njacima zato da ih uznemirava i poni\u017eava, te da ih udaljava od bitnih pitanja za njihov [&hellip;]","og_url":"https:\/\/sandzakpress.net\/arhiva\/saopcenje-rijaseta-iz-u-bih-adem-zilkic-paradigma-sejde-bajramovica\/","og_site_name":"Sand\u017eak PRESS","article_published_time":"2011-09-29T12:12:55+00:00","og_image":[{"width":200,"height":200,"url":"https:\/\/sandzakpress.net\/arhiva\/wp-content\/uploads\/2011\/09\/Logo_Islamske_zajednice.jpg","type":"image\/jpeg"}],"twitter_card":"summary_large_image","twitter_misc":{"Written by":"","Est. reading time":"5 minuta"},"schema":{"@context":"https:\/\/schema.org","@graph":[{"@type":"Article","@id":"https:\/\/sandzakpress.net\/arhiva\/saopcenje-rijaseta-iz-u-bih-adem-zilkic-paradigma-sejde-bajramovica\/#article","isPartOf":{"@id":"https:\/\/sandzakpress.net\/arhiva\/saopcenje-rijaseta-iz-u-bih-adem-zilkic-paradigma-sejde-bajramovica\/"},"author":{"name":"","@id":""},"headline":"Saop\u0107enje Rijaseta IZ u BiH: Adem Zilki\u0107 paradigma Sejde Bajramovi\u0107a","datePublished":"2011-09-29T12:12:55+00:00","mainEntityOfPage":{"@id":"https:\/\/sandzakpress.net\/arhiva\/saopcenje-rijaseta-iz-u-bih-adem-zilkic-paradigma-sejde-bajramovica\/"},"wordCount":983,"commentCount":2,"publisher":{"@id":"https:\/\/sandzakpress.net\/arhiva\/#\/schema\/person\/6e72b67d6e51910a1117b3b483ba20bd"},"image":{"@id":"https:\/\/sandzakpress.net\/arhiva\/saopcenje-rijaseta-iz-u-bih-adem-zilkic-paradigma-sejde-bajramovica\/#primaryimage"},"thumbnailUrl":"https:\/\/sandzakpress.net\/arhiva\/wp-content\/uploads\/2011\/09\/Logo_Islamske_zajednice.jpg","articleSection":["Novi Pazar","Ro\u017eaje","Bosna i Hercegovina","Sjenica","Berane","Tutin","Prijepolje","Bijelo Polje","Priboj","Pljevlja","Islamska zajednica","Nova Varo\u0161","Plav"],"inLanguage":"bs-BA","potentialAction":[{"@type":"CommentAction","name":"Comment","target":["https:\/\/sandzakpress.net\/arhiva\/saopcenje-rijaseta-iz-u-bih-adem-zilkic-paradigma-sejde-bajramovica\/#respond"]}]},{"@type":"WebPage","@id":"https:\/\/sandzakpress.net\/arhiva\/saopcenje-rijaseta-iz-u-bih-adem-zilkic-paradigma-sejde-bajramovica\/","url":"https:\/\/sandzakpress.net\/arhiva\/saopcenje-rijaseta-iz-u-bih-adem-zilkic-paradigma-sejde-bajramovica\/","name":"Saop\u0107enje Rijaseta IZ u BiH: Adem Zilki\u0107 paradigma Sejde Bajramovi\u0107a","isPartOf":{"@id":"https:\/\/sandzakpress.net\/arhiva\/#website"},"primaryImageOfPage":{"@id":"https:\/\/sandzakpress.net\/arhiva\/saopcenje-rijaseta-iz-u-bih-adem-zilkic-paradigma-sejde-bajramovica\/#primaryimage"},"image":{"@id":"https:\/\/sandzakpress.net\/arhiva\/saopcenje-rijaseta-iz-u-bih-adem-zilkic-paradigma-sejde-bajramovica\/#primaryimage"},"thumbnailUrl":"https:\/\/sandzakpress.net\/arhiva\/wp-content\/uploads\/2011\/09\/Logo_Islamske_zajednice.jpg","datePublished":"2011-09-29T12:12:55+00:00","breadcrumb":{"@id":"https:\/\/sandzakpress.net\/arhiva\/saopcenje-rijaseta-iz-u-bih-adem-zilkic-paradigma-sejde-bajramovica\/#breadcrumb"},"inLanguage":"bs-BA","potentialAction":[{"@type":"ReadAction","target":["https:\/\/sandzakpress.net\/arhiva\/saopcenje-rijaseta-iz-u-bih-adem-zilkic-paradigma-sejde-bajramovica\/"]}]},{"@type":"ImageObject","inLanguage":"bs-BA","@id":"https:\/\/sandzakpress.net\/arhiva\/saopcenje-rijaseta-iz-u-bih-adem-zilkic-paradigma-sejde-bajramovica\/#primaryimage","url":"https:\/\/sandzakpress.net\/arhiva\/wp-content\/uploads\/2011\/09\/Logo_Islamske_zajednice.jpg","contentUrl":"https:\/\/sandzakpress.net\/arhiva\/wp-content\/uploads\/2011\/09\/Logo_Islamske_zajednice.jpg","width":200,"height":200},{"@type":"BreadcrumbList","@id":"https:\/\/sandzakpress.net\/arhiva\/saopcenje-rijaseta-iz-u-bih-adem-zilkic-paradigma-sejde-bajramovica\/#breadcrumb","itemListElement":[{"@type":"ListItem","position":1,"name":"Home","item":"https:\/\/sandzakpress.net\/arhiva\/"},{"@type":"ListItem","position":2,"name":"Saop\u0107enje Rijaseta IZ u BiH: Adem Zilki\u0107 paradigma Sejde Bajramovi\u0107a"}]},{"@type":"WebSite","@id":"https:\/\/sandzakpress.net\/arhiva\/#website","url":"https:\/\/sandzakpress.net\/arhiva\/","name":"Sand\u017eak PRESS","description":"Prve elektronske novine u Sand\u017eaku","publisher":{"@id":"https:\/\/sandzakpress.net\/arhiva\/#\/schema\/person\/6e72b67d6e51910a1117b3b483ba20bd"},"potentialAction":[{"@type":"SearchAction","target":{"@type":"EntryPoint","urlTemplate":"https:\/\/sandzakpress.net\/arhiva\/?s={search_term_string}"},"query-input":{"@type":"PropertyValueSpecification","valueRequired":true,"valueName":"search_term_string"}}],"inLanguage":"bs-BA"},{"@type":["Person","Organization"],"@id":"https:\/\/sandzakpress.net\/arhiva\/#\/schema\/person\/6e72b67d6e51910a1117b3b483ba20bd","name":"Kul","image":{"@type":"ImageObject","inLanguage":"bs-BA","@id":"https:\/\/sandzakpress.net\/arhiva\/#\/schema\/person\/image\/","url":"https:\/\/secure.gravatar.com\/avatar\/42263f39aa27ac04c43cab85c280eb2e?s=96&d=mm&r=pg","contentUrl":"https:\/\/secure.gravatar.com\/avatar\/42263f39aa27ac04c43cab85c280eb2e?s=96&d=mm&r=pg","caption":"Kul"},"logo":{"@id":"https:\/\/sandzakpress.net\/arhiva\/#\/schema\/person\/image\/"}},{"@type":"Person","@id":"","url":"https:\/\/sandzakpress.net\/arhiva\/author\/"}]}},"_links":{"self":[{"href":"https:\/\/sandzakpress.net\/arhiva\/wp-json\/wp\/v2\/posts\/20849"}],"collection":[{"href":"https:\/\/sandzakpress.net\/arhiva\/wp-json\/wp\/v2\/posts"}],"about":[{"href":"https:\/\/sandzakpress.net\/arhiva\/wp-json\/wp\/v2\/types\/post"}],"author":[{"embeddable":true,"href":"https:\/\/sandzakpress.net\/arhiva\/wp-json\/wp\/v2\/users\/14"}],"replies":[{"embeddable":true,"href":"https:\/\/sandzakpress.net\/arhiva\/wp-json\/wp\/v2\/comments?post=20849"}],"version-history":[{"count":0,"href":"https:\/\/sandzakpress.net\/arhiva\/wp-json\/wp\/v2\/posts\/20849\/revisions"}],"wp:featuredmedia":[{"embeddable":true,"href":"https:\/\/sandzakpress.net\/arhiva\/wp-json\/wp\/v2\/media\/20850"}],"wp:attachment":[{"href":"https:\/\/sandzakpress.net\/arhiva\/wp-json\/wp\/v2\/media?parent=20849"}],"wp:term":[{"taxonomy":"category","embeddable":true,"href":"https:\/\/sandzakpress.net\/arhiva\/wp-json\/wp\/v2\/categories?post=20849"},{"taxonomy":"post_tag","embeddable":true,"href":"https:\/\/sandzakpress.net\/arhiva\/wp-json\/wp\/v2\/tags?post=20849"}],"curies":[{"name":"wp","href":"https:\/\/api.w.org\/{rel}","templated":true}]}}