{"id":208268,"date":"2018-06-13T19:39:33","date_gmt":"2018-06-13T17:39:33","guid":{"rendered":"https:\/\/sandzakpress.net\/arhiva\/?p=208268"},"modified":"2018-06-13T19:39:33","modified_gmt":"2018-06-13T17:39:33","slug":"pogledajte-zestoku-raspravu-dr-fehratovica-i-fasiste-obradovic-oko-drzavljanstva-srbije","status":"publish","type":"post","link":"https:\/\/sandzakpress.net\/arhiva\/pogledajte-zestoku-raspravu-dr-fehratovica-i-fasiste-obradovic-oko-drzavljanstva-srbije\/","title":{"rendered":"Pogledajte \u017eestoku raspravu dr. Fehratovi\u0107a i fa\u0161iste Obradovi\u0107 oko dr\u017eavljanstva Srbije"},"content":{"rendered":"<p>&nbsp;<\/p>\n<div class=\"youtube-embed\" data-video_id=\"TtjqztPE7bo\"><iframe loading=\"lazy\" title=\"Fehratovi\u0107 i Obradovi\u0107 rasprava oko dr\u017eavljanstva Srbije\" width=\"696\" height=\"522\" src=\"https:\/\/www.youtube.com\/embed\/TtjqztPE7bo?feature=oembed&#038;enablejsapi=1\" frameborder=\"0\" allow=\"accelerometer; autoplay; encrypted-media; gyroscope; picture-in-picture\" allowfullscreen><\/iframe><\/div>\n<blockquote class=\"wp-embedded-content\" data-secret=\"18XmLen2mp\"><p><a href=\"https:\/\/sandzakpress.net\/arhiva\/obradovic-bosnjaci-i-bosanski-jezik-ne-postoje-fehratovic-pitajte-svoje-knjizevnike-za-svoje-fasisticke-stavove-video\/\">Obradovi\u0107: \u201cBo\u0161njaci i bosanski jezik ne postoje\u201d Fehratovi\u0107: \u201cPitajte svoje knji\u017eevnike za svoje fa\u0161isti\u010dke stavove\u201d (Video)<\/a><\/p><\/blockquote>\n<p><iframe loading=\"lazy\" class=\"wp-embedded-content\" sandbox=\"allow-scripts\" security=\"restricted\" style=\"position: absolute; visibility: hidden;\" title=\"&#8220;Obradovi\u0107: \u201cBo\u0161njaci i bosanski jezik ne postoje\u201d Fehratovi\u0107: \u201cPitajte svoje knji\u017eevnike za svoje fa\u0161isti\u010dke stavove\u201d (Video)&#8221; &#8212; Sand\u017eak PRESS\" src=\"https:\/\/sandzakpress.net\/arhiva\/obradovic-bosnjaci-i-bosanski-jezik-ne-postoje-fehratovic-pitajte-svoje-knjizevnike-za-svoje-fasisticke-stavove-video\/embed\/#?secret=MdBAW4OIRu#?secret=18XmLen2mp\" data-secret=\"18XmLen2mp\" width=\"600\" height=\"338\" frameborder=\"0\" marginwidth=\"0\" marginheight=\"0\" scrolling=\"no\"><\/iframe><\/p>\n<blockquote class=\"wp-embedded-content\" data-secret=\"51stDpZADa\"><p><a href=\"https:\/\/sandzakpress.net\/arhiva\/pogledajte-emisiju-da-se-ne-lazemo-akademik-zukorlic-izdominirao\/\">GLEDAJTE EMISIJU &#8211; Zukorli\u0107 pomirenjem izdominirao protiv fa\u0161iste Obradovi\u0107a<\/a><\/p><\/blockquote>\n<p><iframe loading=\"lazy\" class=\"wp-embedded-content\" sandbox=\"allow-scripts\" security=\"restricted\" style=\"position: absolute; visibility: hidden;\" title=\"&#8220;GLEDAJTE EMISIJU &#8211; Zukorli\u0107 pomirenjem izdominirao protiv fa\u0161iste Obradovi\u0107a&#8221; &#8212; Sand\u017eak PRESS\" src=\"https:\/\/sandzakpress.net\/arhiva\/pogledajte-emisiju-da-se-ne-lazemo-akademik-zukorlic-izdominirao\/embed\/#?secret=ynTuLJgCqO#?secret=51stDpZADa\" data-secret=\"51stDpZADa\" width=\"600\" height=\"338\" frameborder=\"0\" marginwidth=\"0\" marginheight=\"0\" scrolling=\"no\"><\/iframe><\/p>\n<blockquote class=\"wp-embedded-content\" data-secret=\"nmftsAR7VC\"><p><a href=\"https:\/\/sandzakpress.net\/arhiva\/obradovic-nas-srbe-vreda-kada-se-raska-oblast-naziva-sandzak\/\">Obradovi\u0107 &#8211; Nas Srbe vrije\u0111a kada se Ra\u0161ka oblast naziva Sand\u017eak<\/a><\/p><\/blockquote>\n<p><iframe loading=\"lazy\" class=\"wp-embedded-content\" sandbox=\"allow-scripts\" security=\"restricted\" style=\"position: absolute; visibility: hidden;\" title=\"&#8220;Obradovi\u0107 &#8211; Nas Srbe vrije\u0111a kada se Ra\u0161ka oblast naziva Sand\u017eak&#8221; &#8212; Sand\u017eak PRESS\" src=\"https:\/\/sandzakpress.net\/arhiva\/obradovic-nas-srbe-vreda-kada-se-raska-oblast-naziva-sandzak\/embed\/#?secret=GEzHDmYmUO#?secret=nmftsAR7VC\" data-secret=\"nmftsAR7VC\" width=\"600\" height=\"338\" frameborder=\"0\" marginwidth=\"0\" marginheight=\"0\" scrolling=\"no\"><\/iframe><\/p>\n<blockquote class=\"wp-embedded-content\" data-secret=\"GDHdr8Mbwp\"><p><a href=\"https:\/\/sandzakpress.net\/arhiva\/dveri-hoce-zabranu-termina-sandzak-pogledajte-kako-ih-je-mufija-zukorlic-ucutkao\/\">Dveri ho\u0107e zabranu termina \u2018Sand\u017eak\u2019 &#8211; Pogledajte kako ih je Muftija Zukorli\u0107 u\u0107utkao!<\/a><\/p><\/blockquote>\n<p><iframe loading=\"lazy\" class=\"wp-embedded-content\" sandbox=\"allow-scripts\" security=\"restricted\" style=\"position: absolute; visibility: hidden;\" title=\"&#8220;Dveri ho\u0107e zabranu termina \u2018Sand\u017eak\u2019 &#8211; Pogledajte kako ih je Muftija Zukorli\u0107 u\u0107utkao!&#8221; &#8212; Sand\u017eak PRESS\" src=\"https:\/\/sandzakpress.net\/arhiva\/dveri-hoce-zabranu-termina-sandzak-pogledajte-kako-ih-je-mufija-zukorlic-ucutkao\/embed\/#?secret=5CYmw2RTjv#?secret=GDHdr8Mbwp\" data-secret=\"GDHdr8Mbwp\" width=\"600\" height=\"338\" frameborder=\"0\" marginwidth=\"0\" marginheight=\"0\" scrolling=\"no\"><\/iframe><\/p>\n","protected":false},"excerpt":{"rendered":"<p>&nbsp; Obradovi\u0107: \u201cBo\u0161njaci i bosanski jezik ne postoje\u201d Fehratovi\u0107: \u201cPitajte svoje knji\u017eevnike za svoje fa\u0161isti\u010dke stavove\u201d (Video) GLEDAJTE EMISIJU &#8211; Zukorli\u0107 pomirenjem izdominirao protiv fa\u0161iste Obradovi\u0107a Obradovi\u0107 &#8211; Nas Srbe vrije\u0111a kada se Ra\u0161ka oblast naziva Sand\u017eak Dveri ho\u0107e zabranu termina \u2018Sand\u017eak\u2019 &#8211; Pogledajte kako ih je Muftija Zukorli\u0107 u\u0107utkao!<\/p>\n","protected":false},"author":509,"featured_media":208269,"comment_status":"open","ping_status":"open","sticky":false,"template":"","format":"standard","meta":{"footnotes":""},"categories":[72,1,52,327,392,393,394,8957],"tags":[10223],"class_list":{"0":"post-208268","1":"post","2":"type-post","3":"status-publish","4":"format-standard","5":"has-post-thumbnail","7":"category-novi-pazar","8":"category-politika","9":"category-sjenica","10":"category-tutin","11":"category-prijepolje_","12":"category-priboj","13":"category-nova-varos","14":"category-vijesti-dana","15":"tag-bdz"},"yoast_head":"<!-- This site is optimized with the Yoast SEO Premium plugin v23.1 (Yoast SEO v24.9) - https:\/\/yoast.com\/wordpress\/plugins\/seo\/ -->\n<title>Pogledajte \u017eestoku raspravu dr. Fehratovi\u0107a i fa\u0161iste Obradovi\u0107 oko dr\u017eavljanstva Srbije<\/title>\n<meta name=\"robots\" content=\"index, follow, max-snippet:-1, max-image-preview:large, max-video-preview:-1\" \/>\n<link rel=\"canonical\" href=\"https:\/\/sandzakpress.net\/arhiva\/pogledajte-zestoku-raspravu-dr-fehratovica-i-fasiste-obradovic-oko-drzavljanstva-srbije\/\" \/>\n<meta property=\"og:locale\" content=\"bs_BA\" \/>\n<meta property=\"og:type\" content=\"article\" \/>\n<meta property=\"og:title\" content=\"Pogledajte \u017eestoku raspravu dr. Fehratovi\u0107a i fa\u0161iste Obradovi\u0107 oko dr\u017eavljanstva Srbije\" \/>\n<meta property=\"og:description\" content=\"&nbsp; Obradovi\u0107: \u201cBo\u0161njaci i bosanski jezik ne postoje\u201d Fehratovi\u0107: \u201cPitajte svoje knji\u017eevnike za svoje fa\u0161isti\u010dke stavove\u201d (Video) GLEDAJTE EMISIJU &#8211; Zukorli\u0107 pomirenjem izdominirao protiv fa\u0161iste Obradovi\u0107a Obradovi\u0107 &#8211; Nas Srbe vrije\u0111a kada se Ra\u0161ka oblast naziva Sand\u017eak Dveri ho\u0107e zabranu termina \u2018Sand\u017eak\u2019 &#8211; Pogledajte kako ih je Muftija Zukorli\u0107 u\u0107utkao!\" \/>\n<meta property=\"og:url\" content=\"https:\/\/sandzakpress.net\/arhiva\/pogledajte-zestoku-raspravu-dr-fehratovica-i-fasiste-obradovic-oko-drzavljanstva-srbije\/\" \/>\n<meta property=\"og:site_name\" content=\"Sand\u017eak PRESS\" \/>\n<meta property=\"article:published_time\" content=\"2018-06-13T17:39:33+00:00\" \/>\n<meta property=\"og:image\" content=\"https:\/\/sandzakpress.net\/arhiva\/wp-content\/uploads\/2018\/06\/llllllllllllll.jpg\" \/>\n\t<meta property=\"og:image:width\" content=\"1000\" \/>\n\t<meta property=\"og:image:height\" content=\"667\" \/>\n\t<meta property=\"og:image:type\" content=\"image\/jpeg\" \/>\n<meta name=\"author\" content=\"Agencija\" \/>\n<meta name=\"twitter:card\" content=\"summary_large_image\" \/>\n<meta name=\"twitter:label1\" content=\"Written by\" \/>\n\t<meta name=\"twitter:data1\" content=\"Agencija\" \/>\n<script type=\"application\/ld+json\" class=\"yoast-schema-graph\">{\"@context\":\"https:\/\/schema.org\",\"@graph\":[{\"@type\":\"Article\",\"@id\":\"https:\/\/sandzakpress.net\/arhiva\/pogledajte-zestoku-raspravu-dr-fehratovica-i-fasiste-obradovic-oko-drzavljanstva-srbije\/#article\",\"isPartOf\":{\"@id\":\"https:\/\/sandzakpress.net\/arhiva\/pogledajte-zestoku-raspravu-dr-fehratovica-i-fasiste-obradovic-oko-drzavljanstva-srbije\/\"},\"author\":{\"name\":\"Agencija\",\"@id\":\"https:\/\/sandzakpress.net\/arhiva\/#\/schema\/person\/cb59d7e3ab91ab90dd680ad0305a6185\"},\"headline\":\"Pogledajte \u017eestoku raspravu dr. Fehratovi\u0107a i fa\u0161iste Obradovi\u0107 oko dr\u017eavljanstva Srbije\",\"datePublished\":\"2018-06-13T17:39:33+00:00\",\"mainEntityOfPage\":{\"@id\":\"https:\/\/sandzakpress.net\/arhiva\/pogledajte-zestoku-raspravu-dr-fehratovica-i-fasiste-obradovic-oko-drzavljanstva-srbije\/\"},\"wordCount\":43,\"commentCount\":6,\"publisher\":{\"@id\":\"https:\/\/sandzakpress.net\/arhiva\/#\/schema\/person\/6e72b67d6e51910a1117b3b483ba20bd\"},\"image\":{\"@id\":\"https:\/\/sandzakpress.net\/arhiva\/pogledajte-zestoku-raspravu-dr-fehratovica-i-fasiste-obradovic-oko-drzavljanstva-srbije\/#primaryimage\"},\"thumbnailUrl\":\"https:\/\/sandzakpress.net\/arhiva\/wp-content\/uploads\/2018\/06\/llllllllllllll.jpg\",\"keywords\":[\"BDZ\"],\"articleSection\":[\"Novi Pazar\",\"Politika\",\"Sjenica\",\"Tutin\",\"Prijepolje\",\"Priboj\",\"Nova Varo\u0161\",\"VIJESTI DANA\"],\"inLanguage\":\"bs-BA\",\"potentialAction\":[{\"@type\":\"CommentAction\",\"name\":\"Comment\",\"target\":[\"https:\/\/sandzakpress.net\/arhiva\/pogledajte-zestoku-raspravu-dr-fehratovica-i-fasiste-obradovic-oko-drzavljanstva-srbije\/#respond\"]}]},{\"@type\":\"WebPage\",\"@id\":\"https:\/\/sandzakpress.net\/arhiva\/pogledajte-zestoku-raspravu-dr-fehratovica-i-fasiste-obradovic-oko-drzavljanstva-srbije\/\",\"url\":\"https:\/\/sandzakpress.net\/arhiva\/pogledajte-zestoku-raspravu-dr-fehratovica-i-fasiste-obradovic-oko-drzavljanstva-srbije\/\",\"name\":\"Pogledajte \u017eestoku raspravu dr. Fehratovi\u0107a i fa\u0161iste Obradovi\u0107 oko dr\u017eavljanstva Srbije\",\"isPartOf\":{\"@id\":\"https:\/\/sandzakpress.net\/arhiva\/#website\"},\"primaryImageOfPage\":{\"@id\":\"https:\/\/sandzakpress.net\/arhiva\/pogledajte-zestoku-raspravu-dr-fehratovica-i-fasiste-obradovic-oko-drzavljanstva-srbije\/#primaryimage\"},\"image\":{\"@id\":\"https:\/\/sandzakpress.net\/arhiva\/pogledajte-zestoku-raspravu-dr-fehratovica-i-fasiste-obradovic-oko-drzavljanstva-srbije\/#primaryimage\"},\"thumbnailUrl\":\"https:\/\/sandzakpress.net\/arhiva\/wp-content\/uploads\/2018\/06\/llllllllllllll.jpg\",\"datePublished\":\"2018-06-13T17:39:33+00:00\",\"breadcrumb\":{\"@id\":\"https:\/\/sandzakpress.net\/arhiva\/pogledajte-zestoku-raspravu-dr-fehratovica-i-fasiste-obradovic-oko-drzavljanstva-srbije\/#breadcrumb\"},\"inLanguage\":\"bs-BA\",\"potentialAction\":[{\"@type\":\"ReadAction\",\"target\":[\"https:\/\/sandzakpress.net\/arhiva\/pogledajte-zestoku-raspravu-dr-fehratovica-i-fasiste-obradovic-oko-drzavljanstva-srbije\/\"]}]},{\"@type\":\"ImageObject\",\"inLanguage\":\"bs-BA\",\"@id\":\"https:\/\/sandzakpress.net\/arhiva\/pogledajte-zestoku-raspravu-dr-fehratovica-i-fasiste-obradovic-oko-drzavljanstva-srbije\/#primaryimage\",\"url\":\"https:\/\/sandzakpress.net\/arhiva\/wp-content\/uploads\/2018\/06\/llllllllllllll.jpg\",\"contentUrl\":\"https:\/\/sandzakpress.net\/arhiva\/wp-content\/uploads\/2018\/06\/llllllllllllll.jpg\",\"width\":1000,\"height\":667},{\"@type\":\"BreadcrumbList\",\"@id\":\"https:\/\/sandzakpress.net\/arhiva\/pogledajte-zestoku-raspravu-dr-fehratovica-i-fasiste-obradovic-oko-drzavljanstva-srbije\/#breadcrumb\",\"itemListElement\":[{\"@type\":\"ListItem\",\"position\":1,\"name\":\"Home\",\"item\":\"https:\/\/sandzakpress.net\/arhiva\/\"},{\"@type\":\"ListItem\",\"position\":2,\"name\":\"Pogledajte \u017eestoku raspravu dr. Fehratovi\u0107a i fa\u0161iste Obradovi\u0107 oko dr\u017eavljanstva Srbije\"}]},{\"@type\":\"WebSite\",\"@id\":\"https:\/\/sandzakpress.net\/arhiva\/#website\",\"url\":\"https:\/\/sandzakpress.net\/arhiva\/\",\"name\":\"Sand\u017eak PRESS\",\"description\":\"Prve elektronske novine u Sand\u017eaku\",\"publisher\":{\"@id\":\"https:\/\/sandzakpress.net\/arhiva\/#\/schema\/person\/6e72b67d6e51910a1117b3b483ba20bd\"},\"potentialAction\":[{\"@type\":\"SearchAction\",\"target\":{\"@type\":\"EntryPoint\",\"urlTemplate\":\"https:\/\/sandzakpress.net\/arhiva\/?s={search_term_string}\"},\"query-input\":{\"@type\":\"PropertyValueSpecification\",\"valueRequired\":true,\"valueName\":\"search_term_string\"}}],\"inLanguage\":\"bs-BA\"},{\"@type\":[\"Person\",\"Organization\"],\"@id\":\"https:\/\/sandzakpress.net\/arhiva\/#\/schema\/person\/6e72b67d6e51910a1117b3b483ba20bd\",\"name\":\"Kul\",\"image\":{\"@type\":\"ImageObject\",\"inLanguage\":\"bs-BA\",\"@id\":\"https:\/\/sandzakpress.net\/arhiva\/#\/schema\/person\/image\/\",\"url\":\"https:\/\/secure.gravatar.com\/avatar\/42263f39aa27ac04c43cab85c280eb2e?s=96&d=mm&r=pg\",\"contentUrl\":\"https:\/\/secure.gravatar.com\/avatar\/42263f39aa27ac04c43cab85c280eb2e?s=96&d=mm&r=pg\",\"caption\":\"Kul\"},\"logo\":{\"@id\":\"https:\/\/sandzakpress.net\/arhiva\/#\/schema\/person\/image\/\"}},{\"@type\":\"Person\",\"@id\":\"https:\/\/sandzakpress.net\/arhiva\/#\/schema\/person\/cb59d7e3ab91ab90dd680ad0305a6185\",\"name\":\"Agencija\",\"image\":{\"@type\":\"ImageObject\",\"inLanguage\":\"bs-BA\",\"@id\":\"https:\/\/sandzakpress.net\/arhiva\/#\/schema\/person\/image\/\",\"url\":\"https:\/\/secure.gravatar.com\/avatar\/4b7fafa80a22f0c2afe23966b3961fe0?s=96&d=mm&r=pg\",\"contentUrl\":\"https:\/\/secure.gravatar.com\/avatar\/4b7fafa80a22f0c2afe23966b3961fe0?s=96&d=mm&r=pg\",\"caption\":\"Agencija\"},\"url\":\"https:\/\/sandzakpress.net\/arhiva\/author\/agencija\/\"}]}<\/script>\n<!-- \/ Yoast SEO Premium plugin. -->","yoast_head_json":{"title":"Pogledajte \u017eestoku raspravu dr. Fehratovi\u0107a i fa\u0161iste Obradovi\u0107 oko dr\u017eavljanstva Srbije","robots":{"index":"index","follow":"follow","max-snippet":"max-snippet:-1","max-image-preview":"max-image-preview:large","max-video-preview":"max-video-preview:-1"},"canonical":"https:\/\/sandzakpress.net\/arhiva\/pogledajte-zestoku-raspravu-dr-fehratovica-i-fasiste-obradovic-oko-drzavljanstva-srbije\/","og_locale":"bs_BA","og_type":"article","og_title":"Pogledajte \u017eestoku raspravu dr. Fehratovi\u0107a i fa\u0161iste Obradovi\u0107 oko dr\u017eavljanstva Srbije","og_description":"&nbsp; Obradovi\u0107: \u201cBo\u0161njaci i bosanski jezik ne postoje\u201d Fehratovi\u0107: \u201cPitajte svoje knji\u017eevnike za svoje fa\u0161isti\u010dke stavove\u201d (Video) GLEDAJTE EMISIJU &#8211; Zukorli\u0107 pomirenjem izdominirao protiv fa\u0161iste Obradovi\u0107a Obradovi\u0107 &#8211; Nas Srbe vrije\u0111a kada se Ra\u0161ka oblast naziva Sand\u017eak Dveri ho\u0107e zabranu termina \u2018Sand\u017eak\u2019 &#8211; Pogledajte kako ih je Muftija Zukorli\u0107 u\u0107utkao!","og_url":"https:\/\/sandzakpress.net\/arhiva\/pogledajte-zestoku-raspravu-dr-fehratovica-i-fasiste-obradovic-oko-drzavljanstva-srbije\/","og_site_name":"Sand\u017eak PRESS","article_published_time":"2018-06-13T17:39:33+00:00","og_image":[{"width":1000,"height":667,"url":"https:\/\/sandzakpress.net\/arhiva\/wp-content\/uploads\/2018\/06\/llllllllllllll.jpg","type":"image\/jpeg"}],"author":"Agencija","twitter_card":"summary_large_image","twitter_misc":{"Written by":"Agencija"},"schema":{"@context":"https:\/\/schema.org","@graph":[{"@type":"Article","@id":"https:\/\/sandzakpress.net\/arhiva\/pogledajte-zestoku-raspravu-dr-fehratovica-i-fasiste-obradovic-oko-drzavljanstva-srbije\/#article","isPartOf":{"@id":"https:\/\/sandzakpress.net\/arhiva\/pogledajte-zestoku-raspravu-dr-fehratovica-i-fasiste-obradovic-oko-drzavljanstva-srbije\/"},"author":{"name":"Agencija","@id":"https:\/\/sandzakpress.net\/arhiva\/#\/schema\/person\/cb59d7e3ab91ab90dd680ad0305a6185"},"headline":"Pogledajte \u017eestoku raspravu dr. Fehratovi\u0107a i fa\u0161iste Obradovi\u0107 oko dr\u017eavljanstva Srbije","datePublished":"2018-06-13T17:39:33+00:00","mainEntityOfPage":{"@id":"https:\/\/sandzakpress.net\/arhiva\/pogledajte-zestoku-raspravu-dr-fehratovica-i-fasiste-obradovic-oko-drzavljanstva-srbije\/"},"wordCount":43,"commentCount":6,"publisher":{"@id":"https:\/\/sandzakpress.net\/arhiva\/#\/schema\/person\/6e72b67d6e51910a1117b3b483ba20bd"},"image":{"@id":"https:\/\/sandzakpress.net\/arhiva\/pogledajte-zestoku-raspravu-dr-fehratovica-i-fasiste-obradovic-oko-drzavljanstva-srbije\/#primaryimage"},"thumbnailUrl":"https:\/\/sandzakpress.net\/arhiva\/wp-content\/uploads\/2018\/06\/llllllllllllll.jpg","keywords":["BDZ"],"articleSection":["Novi Pazar","Politika","Sjenica","Tutin","Prijepolje","Priboj","Nova Varo\u0161","VIJESTI DANA"],"inLanguage":"bs-BA","potentialAction":[{"@type":"CommentAction","name":"Comment","target":["https:\/\/sandzakpress.net\/arhiva\/pogledajte-zestoku-raspravu-dr-fehratovica-i-fasiste-obradovic-oko-drzavljanstva-srbije\/#respond"]}]},{"@type":"WebPage","@id":"https:\/\/sandzakpress.net\/arhiva\/pogledajte-zestoku-raspravu-dr-fehratovica-i-fasiste-obradovic-oko-drzavljanstva-srbije\/","url":"https:\/\/sandzakpress.net\/arhiva\/pogledajte-zestoku-raspravu-dr-fehratovica-i-fasiste-obradovic-oko-drzavljanstva-srbije\/","name":"Pogledajte \u017eestoku raspravu dr. Fehratovi\u0107a i fa\u0161iste Obradovi\u0107 oko dr\u017eavljanstva Srbije","isPartOf":{"@id":"https:\/\/sandzakpress.net\/arhiva\/#website"},"primaryImageOfPage":{"@id":"https:\/\/sandzakpress.net\/arhiva\/pogledajte-zestoku-raspravu-dr-fehratovica-i-fasiste-obradovic-oko-drzavljanstva-srbije\/#primaryimage"},"image":{"@id":"https:\/\/sandzakpress.net\/arhiva\/pogledajte-zestoku-raspravu-dr-fehratovica-i-fasiste-obradovic-oko-drzavljanstva-srbije\/#primaryimage"},"thumbnailUrl":"https:\/\/sandzakpress.net\/arhiva\/wp-content\/uploads\/2018\/06\/llllllllllllll.jpg","datePublished":"2018-06-13T17:39:33+00:00","breadcrumb":{"@id":"https:\/\/sandzakpress.net\/arhiva\/pogledajte-zestoku-raspravu-dr-fehratovica-i-fasiste-obradovic-oko-drzavljanstva-srbije\/#breadcrumb"},"inLanguage":"bs-BA","potentialAction":[{"@type":"ReadAction","target":["https:\/\/sandzakpress.net\/arhiva\/pogledajte-zestoku-raspravu-dr-fehratovica-i-fasiste-obradovic-oko-drzavljanstva-srbije\/"]}]},{"@type":"ImageObject","inLanguage":"bs-BA","@id":"https:\/\/sandzakpress.net\/arhiva\/pogledajte-zestoku-raspravu-dr-fehratovica-i-fasiste-obradovic-oko-drzavljanstva-srbije\/#primaryimage","url":"https:\/\/sandzakpress.net\/arhiva\/wp-content\/uploads\/2018\/06\/llllllllllllll.jpg","contentUrl":"https:\/\/sandzakpress.net\/arhiva\/wp-content\/uploads\/2018\/06\/llllllllllllll.jpg","width":1000,"height":667},{"@type":"BreadcrumbList","@id":"https:\/\/sandzakpress.net\/arhiva\/pogledajte-zestoku-raspravu-dr-fehratovica-i-fasiste-obradovic-oko-drzavljanstva-srbije\/#breadcrumb","itemListElement":[{"@type":"ListItem","position":1,"name":"Home","item":"https:\/\/sandzakpress.net\/arhiva\/"},{"@type":"ListItem","position":2,"name":"Pogledajte \u017eestoku raspravu dr. Fehratovi\u0107a i fa\u0161iste Obradovi\u0107 oko dr\u017eavljanstva Srbije"}]},{"@type":"WebSite","@id":"https:\/\/sandzakpress.net\/arhiva\/#website","url":"https:\/\/sandzakpress.net\/arhiva\/","name":"Sand\u017eak PRESS","description":"Prve elektronske novine u Sand\u017eaku","publisher":{"@id":"https:\/\/sandzakpress.net\/arhiva\/#\/schema\/person\/6e72b67d6e51910a1117b3b483ba20bd"},"potentialAction":[{"@type":"SearchAction","target":{"@type":"EntryPoint","urlTemplate":"https:\/\/sandzakpress.net\/arhiva\/?s={search_term_string}"},"query-input":{"@type":"PropertyValueSpecification","valueRequired":true,"valueName":"search_term_string"}}],"inLanguage":"bs-BA"},{"@type":["Person","Organization"],"@id":"https:\/\/sandzakpress.net\/arhiva\/#\/schema\/person\/6e72b67d6e51910a1117b3b483ba20bd","name":"Kul","image":{"@type":"ImageObject","inLanguage":"bs-BA","@id":"https:\/\/sandzakpress.net\/arhiva\/#\/schema\/person\/image\/","url":"https:\/\/secure.gravatar.com\/avatar\/42263f39aa27ac04c43cab85c280eb2e?s=96&d=mm&r=pg","contentUrl":"https:\/\/secure.gravatar.com\/avatar\/42263f39aa27ac04c43cab85c280eb2e?s=96&d=mm&r=pg","caption":"Kul"},"logo":{"@id":"https:\/\/sandzakpress.net\/arhiva\/#\/schema\/person\/image\/"}},{"@type":"Person","@id":"https:\/\/sandzakpress.net\/arhiva\/#\/schema\/person\/cb59d7e3ab91ab90dd680ad0305a6185","name":"Agencija","image":{"@type":"ImageObject","inLanguage":"bs-BA","@id":"https:\/\/sandzakpress.net\/arhiva\/#\/schema\/person\/image\/","url":"https:\/\/secure.gravatar.com\/avatar\/4b7fafa80a22f0c2afe23966b3961fe0?s=96&d=mm&r=pg","contentUrl":"https:\/\/secure.gravatar.com\/avatar\/4b7fafa80a22f0c2afe23966b3961fe0?s=96&d=mm&r=pg","caption":"Agencija"},"url":"https:\/\/sandzakpress.net\/arhiva\/author\/agencija\/"}]}},"_links":{"self":[{"href":"https:\/\/sandzakpress.net\/arhiva\/wp-json\/wp\/v2\/posts\/208268"}],"collection":[{"href":"https:\/\/sandzakpress.net\/arhiva\/wp-json\/wp\/v2\/posts"}],"about":[{"href":"https:\/\/sandzakpress.net\/arhiva\/wp-json\/wp\/v2\/types\/post"}],"author":[{"embeddable":true,"href":"https:\/\/sandzakpress.net\/arhiva\/wp-json\/wp\/v2\/users\/509"}],"replies":[{"embeddable":true,"href":"https:\/\/sandzakpress.net\/arhiva\/wp-json\/wp\/v2\/comments?post=208268"}],"version-history":[{"count":0,"href":"https:\/\/sandzakpress.net\/arhiva\/wp-json\/wp\/v2\/posts\/208268\/revisions"}],"wp:featuredmedia":[{"embeddable":true,"href":"https:\/\/sandzakpress.net\/arhiva\/wp-json\/wp\/v2\/media\/208269"}],"wp:attachment":[{"href":"https:\/\/sandzakpress.net\/arhiva\/wp-json\/wp\/v2\/media?parent=208268"}],"wp:term":[{"taxonomy":"category","embeddable":true,"href":"https:\/\/sandzakpress.net\/arhiva\/wp-json\/wp\/v2\/categories?post=208268"},{"taxonomy":"post_tag","embeddable":true,"href":"https:\/\/sandzakpress.net\/arhiva\/wp-json\/wp\/v2\/tags?post=208268"}],"curies":[{"name":"wp","href":"https:\/\/api.w.org\/{rel}","templated":true}]}}