{"id":208249,"date":"2018-06-13T14:04:34","date_gmt":"2018-06-13T12:04:34","guid":{"rendered":"https:\/\/sandzakpress.net\/arhiva\/?p=208249"},"modified":"2018-06-13T14:04:34","modified_gmt":"2018-06-13T12:04:34","slug":"dr-zukorlic-azurirati-biracki-spisak-manjina-omoguciti-i-dijaspori-da-glasa","status":"publish","type":"post","link":"https:\/\/sandzakpress.net\/arhiva\/dr-zukorlic-azurirati-biracki-spisak-manjina-omoguciti-i-dijaspori-da-glasa\/","title":{"rendered":"Dr. Zukorli\u0107: A\u017eurirati bira\u010dki spisak manjina, omogu\u0107iti i dijaspori da glasa"},"content":{"rendered":"<p><img loading=\"lazy\" decoding=\"async\" class=\"size-full wp-image-38856 aligncenter\" src=\"http:\/\/sanapress.info\/wp-content\/uploads\/2018\/06\/Capture-1.jpg\" alt=\"\" width=\"1541\" height=\"848\" \/><\/p>\n<p><strong>Poslanici u Skup\u0161tini Srbije danas raspravljaju o Prijedlog zakona o izmjenama i dopunama Zakona o za\u0161titi prava i sloboda nacionalnih manjina. Dr. Muamer Zukorli\u0107 kazao da \u0107e narodni poslanici Stranke pravde i pomirenja \u0107e podr\u017eati ve\u0107inu zakona koji su predlo\u017eeni a u diskusiji se osvrnuo na zakon o nacionalnim savjetima gdje je dao izvjesne sugestije i primjedbe.<\/strong><\/p>\n<p>&#8220;Institut nacionalnih savjeta je jedan veoma va\u017ean iskorak u politi\u010dkoj podr\u0161ci unapre\u0111enju prava nacionalnih zajednica i manjinskih prava i sloboda, zato je od izuzetne va\u017enosti unapre\u0111enje ovoga zakona, o\u010duvanje ove tekovine i svakako za\u0161tita svih onih postupaka uklju\u010duju\u0107i i izborne postupke za nacionalne savjete kako bi se ova ideja do kraja ispravno i u skladu sa ciljem realizovala. Naime, li\u010dno sam bio u\u010desnik izbora 2010. godine a potom i posredno 2012. godine i zato imamo iskustva koja nas tjeraju da budemo veoma oprezni. Prije svega kada je u pitanju sama realizacija izbornoga postupka, prije toga zanima me ko je uop\u0107e do\u0161ao na ideju da se reducira pravo kandidovanja za va\u017ene funkcije u nacionalnim savjetima kao \u0161to je izvr\u0161ni odbor i samo predsjedni\u0161tvo nacionalnih savjeta bez argumentacija ako se izuzme ono \u0161to smo \u010duli ovih dana da je politizacija ili za\u0161tita nacionalnih savjeta od politizacije. Sam pojam politizacija je veoma sporan naj\u010de\u0161\u0107e se koristi demago\u0161ki jer radi se o politi\u010dkim tijelima, o tijelima o kojima su stranke klju\u010dni nosioci i ne znam koje politi\u010dko tijelo je mogu\u0107e za\u0161tititi od politizacije i \u0161ta je problem na kraju krajeva ukoliko imamo politizaciju i za\u0161to bismo to tijelo koje nije niti organ, niti ima tako va\u017enu funkciju izvr\u0161ne vlasti za\u0161titili od politizacija a ne \u0161titimo najvi\u0161e dr\u017eavne funkcije, zato smo i ponudili amandman kojim bi se ovo pitanje rije\u0161ilo.&#8221;<\/p>\n<p><iframe loading=\"lazy\" title=\"Dr. Zukorli\u0107 o Zakonu o za\u0161titi prava i sloboda nacionalnih manjina\" width=\"696\" height=\"522\" src=\"https:\/\/www.youtube.com\/embed\/At5QRYW7Z64?feature=oembed\" frameborder=\"0\" allow=\"accelerometer; autoplay; encrypted-media; gyroscope; picture-in-picture\" allowfullscreen><\/iframe><\/p>\n<p>&#8220;\u0160to se ti\u010de samoga bira\u010dkoga spiska za nacionalne savjete, formiranje tog bira\u010dkog spiska i upis u bira\u010dki spisak smatramo spornim sami princip upisa jer se na taj na\u010din o oni glasa\u010di koji su zainteresirani za te izbore stavljaju u polo\u017eaj izvjesne procedure a kada imamo iskustva na lokalu, gdje lokalne vlasti kontroli\u0161u opet politi\u010dke partije, to ne mo\u017eemo da za\u0161titimo od politizacije, one kompliciraju iz raznih razloga proceduru samog upisa tako da smo ponudili rje\u0161enje kojim bi se i popisni podaci ali i podaci iz op\u0161teg bira\u010dkoga spiska iskoristili kako bi se validno taj bira\u010dki spisak formirao i pitanje za\u0161tite samoga izbornoga postupka, na\u0161e iskustvo da su brojne manipulacije bile prisutne kod samog bira\u010dkog postupka jer bira\u010dki postupak sprovode lokalne uprave koje su opet pod kontrolom pojedinih politi\u010dkih partija, koje imaju interes u tom bira\u010dkom postupku i kroz ova rje\u0161enja ne vidimo na\u010din da se to za\u0161titi, zato je potrebno za\u0161tititi taj postupak i dodatnim posmatra\u010dima od svih predstavnika svih lista ali i drugim mehanizmima kako ne bi bilo zloupotreba. Mi smo recimo 2010. godine imali priliku da je preko 20 000 ve\u0107 upisanih ljudi onemogu\u0107eno da glasaju zbog manipulacija sa bira\u010dkim spiskom jer su premje\u0161tani ljudi sa adrese na adresu i raznim drugim zloupotrijebama su ti ljudi bili izvan mogu\u0107nosti da izvr\u0161e svoje bira\u010dko pravo, zato je potrebno poduzeti potrebne mjere koje smo tako\u0111er predlo\u017eili kroz amandmane kako bismo mogli dati podr\u0161ku ovome zakonu. Isto tako omogu\u0107iti pripadnicima nacionalnih zajednica u dijaspori da glasaju i na ovim izborima po modelu parlamentarnih izbora preko Ministarstva vanjskih poslova, konzulata, diplomatskih predstavni\u0161tava kroz regulisanje procedure prijava i vezano za spiskove ali isto tako i za samu proceduru tih izbora.&#8221; kazao je Zukorli\u0107.<\/p>\n<p>izvor: SANA<\/p>\n","protected":false},"excerpt":{"rendered":"<p>Poslanici u Skup\u0161tini Srbije danas raspravljaju o Prijedlog zakona o izmjenama i dopunama Zakona o za\u0161titi prava i sloboda nacionalnih manjina. Dr. Muamer Zukorli\u0107 kazao da \u0107e narodni poslanici Stranke pravde i pomirenja \u0107e podr\u017eati ve\u0107inu zakona koji su predlo\u017eeni a u diskusiji se osvrnuo na zakon o nacionalnim savjetima gdje je dao izvjesne sugestije [&hellip;]<\/p>\n","protected":false},"author":509,"featured_media":208250,"comment_status":"open","ping_status":"open","sticky":false,"template":"","format":"standard","meta":{"footnotes":""},"categories":[72,1,52,327,392,393,394,8957],"tags":[10204,10223],"class_list":{"0":"post-208249","1":"post","2":"type-post","3":"status-publish","4":"format-standard","5":"has-post-thumbnail","7":"category-novi-pazar","8":"category-politika","9":"category-sjenica","10":"category-tutin","11":"category-prijepolje_","12":"category-priboj","13":"category-nova-varos","14":"category-vijesti-dana","15":"tag-muftija-muamer-zukorlic","16":"tag-bdz"},"yoast_head":"<!-- This site is optimized with the Yoast SEO Premium plugin v23.1 (Yoast SEO v24.9) - https:\/\/yoast.com\/wordpress\/plugins\/seo\/ -->\n<title>Dr. Zukorli\u0107: A\u017eurirati bira\u010dki spisak manjina, omogu\u0107iti i dijaspori da glasa<\/title>\n<meta name=\"robots\" content=\"index, follow, max-snippet:-1, max-image-preview:large, max-video-preview:-1\" \/>\n<link rel=\"canonical\" href=\"https:\/\/sandzakpress.net\/arhiva\/dr-zukorlic-azurirati-biracki-spisak-manjina-omoguciti-i-dijaspori-da-glasa\/\" \/>\n<meta property=\"og:locale\" content=\"bs_BA\" \/>\n<meta property=\"og:type\" content=\"article\" \/>\n<meta property=\"og:title\" content=\"Dr. Zukorli\u0107: A\u017eurirati bira\u010dki spisak manjina, omogu\u0107iti i dijaspori da glasa\" \/>\n<meta property=\"og:description\" content=\"Poslanici u Skup\u0161tini Srbije danas raspravljaju o Prijedlog zakona o izmjenama i dopunama Zakona o za\u0161titi prava i sloboda nacionalnih manjina. Dr. Muamer Zukorli\u0107 kazao da \u0107e narodni poslanici Stranke pravde i pomirenja \u0107e podr\u017eati ve\u0107inu zakona koji su predlo\u017eeni a u diskusiji se osvrnuo na zakon o nacionalnim savjetima gdje je dao izvjesne sugestije [&hellip;]\" \/>\n<meta property=\"og:url\" content=\"https:\/\/sandzakpress.net\/arhiva\/dr-zukorlic-azurirati-biracki-spisak-manjina-omoguciti-i-dijaspori-da-glasa\/\" \/>\n<meta property=\"og:site_name\" content=\"Sand\u017eak PRESS\" \/>\n<meta property=\"article:published_time\" content=\"2018-06-13T12:04:34+00:00\" \/>\n<meta property=\"og:image\" content=\"https:\/\/sandzakpress.net\/arhiva\/wp-content\/uploads\/2018\/06\/Capture-1-1.jpg\" \/>\n\t<meta property=\"og:image:width\" content=\"1541\" \/>\n\t<meta property=\"og:image:height\" content=\"848\" \/>\n\t<meta property=\"og:image:type\" content=\"image\/jpeg\" \/>\n<meta name=\"author\" content=\"Agencija\" \/>\n<meta name=\"twitter:card\" content=\"summary_large_image\" \/>\n<meta name=\"twitter:label1\" content=\"Written by\" \/>\n\t<meta name=\"twitter:data1\" content=\"Agencija\" \/>\n\t<meta name=\"twitter:label2\" content=\"Est. reading time\" \/>\n\t<meta name=\"twitter:data2\" content=\"3 minute\" \/>\n<script type=\"application\/ld+json\" class=\"yoast-schema-graph\">{\"@context\":\"https:\/\/schema.org\",\"@graph\":[{\"@type\":\"Article\",\"@id\":\"https:\/\/sandzakpress.net\/arhiva\/dr-zukorlic-azurirati-biracki-spisak-manjina-omoguciti-i-dijaspori-da-glasa\/#article\",\"isPartOf\":{\"@id\":\"https:\/\/sandzakpress.net\/arhiva\/dr-zukorlic-azurirati-biracki-spisak-manjina-omoguciti-i-dijaspori-da-glasa\/\"},\"author\":{\"name\":\"Agencija\",\"@id\":\"https:\/\/sandzakpress.net\/arhiva\/#\/schema\/person\/cb59d7e3ab91ab90dd680ad0305a6185\"},\"headline\":\"Dr. Zukorli\u0107: A\u017eurirati bira\u010dki spisak manjina, omogu\u0107iti i dijaspori da glasa\",\"datePublished\":\"2018-06-13T12:04:34+00:00\",\"mainEntityOfPage\":{\"@id\":\"https:\/\/sandzakpress.net\/arhiva\/dr-zukorlic-azurirati-biracki-spisak-manjina-omoguciti-i-dijaspori-da-glasa\/\"},\"wordCount\":654,\"commentCount\":1,\"publisher\":{\"@id\":\"https:\/\/sandzakpress.net\/arhiva\/#\/schema\/person\/6e72b67d6e51910a1117b3b483ba20bd\"},\"image\":{\"@id\":\"https:\/\/sandzakpress.net\/arhiva\/dr-zukorlic-azurirati-biracki-spisak-manjina-omoguciti-i-dijaspori-da-glasa\/#primaryimage\"},\"thumbnailUrl\":\"https:\/\/sandzakpress.net\/arhiva\/wp-content\/uploads\/2018\/06\/Capture-1-1.jpg\",\"keywords\":[\"muftija Muamer Zukorli\u0107\",\"BDZ\"],\"articleSection\":[\"Novi Pazar\",\"Politika\",\"Sjenica\",\"Tutin\",\"Prijepolje\",\"Priboj\",\"Nova Varo\u0161\",\"VIJESTI DANA\"],\"inLanguage\":\"bs-BA\",\"potentialAction\":[{\"@type\":\"CommentAction\",\"name\":\"Comment\",\"target\":[\"https:\/\/sandzakpress.net\/arhiva\/dr-zukorlic-azurirati-biracki-spisak-manjina-omoguciti-i-dijaspori-da-glasa\/#respond\"]}]},{\"@type\":\"WebPage\",\"@id\":\"https:\/\/sandzakpress.net\/arhiva\/dr-zukorlic-azurirati-biracki-spisak-manjina-omoguciti-i-dijaspori-da-glasa\/\",\"url\":\"https:\/\/sandzakpress.net\/arhiva\/dr-zukorlic-azurirati-biracki-spisak-manjina-omoguciti-i-dijaspori-da-glasa\/\",\"name\":\"Dr. Zukorli\u0107: A\u017eurirati bira\u010dki spisak manjina, omogu\u0107iti i dijaspori da glasa\",\"isPartOf\":{\"@id\":\"https:\/\/sandzakpress.net\/arhiva\/#website\"},\"primaryImageOfPage\":{\"@id\":\"https:\/\/sandzakpress.net\/arhiva\/dr-zukorlic-azurirati-biracki-spisak-manjina-omoguciti-i-dijaspori-da-glasa\/#primaryimage\"},\"image\":{\"@id\":\"https:\/\/sandzakpress.net\/arhiva\/dr-zukorlic-azurirati-biracki-spisak-manjina-omoguciti-i-dijaspori-da-glasa\/#primaryimage\"},\"thumbnailUrl\":\"https:\/\/sandzakpress.net\/arhiva\/wp-content\/uploads\/2018\/06\/Capture-1-1.jpg\",\"datePublished\":\"2018-06-13T12:04:34+00:00\",\"breadcrumb\":{\"@id\":\"https:\/\/sandzakpress.net\/arhiva\/dr-zukorlic-azurirati-biracki-spisak-manjina-omoguciti-i-dijaspori-da-glasa\/#breadcrumb\"},\"inLanguage\":\"bs-BA\",\"potentialAction\":[{\"@type\":\"ReadAction\",\"target\":[\"https:\/\/sandzakpress.net\/arhiva\/dr-zukorlic-azurirati-biracki-spisak-manjina-omoguciti-i-dijaspori-da-glasa\/\"]}]},{\"@type\":\"ImageObject\",\"inLanguage\":\"bs-BA\",\"@id\":\"https:\/\/sandzakpress.net\/arhiva\/dr-zukorlic-azurirati-biracki-spisak-manjina-omoguciti-i-dijaspori-da-glasa\/#primaryimage\",\"url\":\"https:\/\/sandzakpress.net\/arhiva\/wp-content\/uploads\/2018\/06\/Capture-1-1.jpg\",\"contentUrl\":\"https:\/\/sandzakpress.net\/arhiva\/wp-content\/uploads\/2018\/06\/Capture-1-1.jpg\",\"width\":1541,\"height\":848},{\"@type\":\"BreadcrumbList\",\"@id\":\"https:\/\/sandzakpress.net\/arhiva\/dr-zukorlic-azurirati-biracki-spisak-manjina-omoguciti-i-dijaspori-da-glasa\/#breadcrumb\",\"itemListElement\":[{\"@type\":\"ListItem\",\"position\":1,\"name\":\"Home\",\"item\":\"https:\/\/sandzakpress.net\/arhiva\/\"},{\"@type\":\"ListItem\",\"position\":2,\"name\":\"Dr. Zukorli\u0107: A\u017eurirati bira\u010dki spisak manjina, omogu\u0107iti i dijaspori da glasa\"}]},{\"@type\":\"WebSite\",\"@id\":\"https:\/\/sandzakpress.net\/arhiva\/#website\",\"url\":\"https:\/\/sandzakpress.net\/arhiva\/\",\"name\":\"Sand\u017eak PRESS\",\"description\":\"Prve elektronske novine u Sand\u017eaku\",\"publisher\":{\"@id\":\"https:\/\/sandzakpress.net\/arhiva\/#\/schema\/person\/6e72b67d6e51910a1117b3b483ba20bd\"},\"potentialAction\":[{\"@type\":\"SearchAction\",\"target\":{\"@type\":\"EntryPoint\",\"urlTemplate\":\"https:\/\/sandzakpress.net\/arhiva\/?s={search_term_string}\"},\"query-input\":{\"@type\":\"PropertyValueSpecification\",\"valueRequired\":true,\"valueName\":\"search_term_string\"}}],\"inLanguage\":\"bs-BA\"},{\"@type\":[\"Person\",\"Organization\"],\"@id\":\"https:\/\/sandzakpress.net\/arhiva\/#\/schema\/person\/6e72b67d6e51910a1117b3b483ba20bd\",\"name\":\"Kul\",\"image\":{\"@type\":\"ImageObject\",\"inLanguage\":\"bs-BA\",\"@id\":\"https:\/\/sandzakpress.net\/arhiva\/#\/schema\/person\/image\/\",\"url\":\"https:\/\/secure.gravatar.com\/avatar\/42263f39aa27ac04c43cab85c280eb2e?s=96&d=mm&r=pg\",\"contentUrl\":\"https:\/\/secure.gravatar.com\/avatar\/42263f39aa27ac04c43cab85c280eb2e?s=96&d=mm&r=pg\",\"caption\":\"Kul\"},\"logo\":{\"@id\":\"https:\/\/sandzakpress.net\/arhiva\/#\/schema\/person\/image\/\"}},{\"@type\":\"Person\",\"@id\":\"https:\/\/sandzakpress.net\/arhiva\/#\/schema\/person\/cb59d7e3ab91ab90dd680ad0305a6185\",\"name\":\"Agencija\",\"image\":{\"@type\":\"ImageObject\",\"inLanguage\":\"bs-BA\",\"@id\":\"https:\/\/sandzakpress.net\/arhiva\/#\/schema\/person\/image\/\",\"url\":\"https:\/\/secure.gravatar.com\/avatar\/4b7fafa80a22f0c2afe23966b3961fe0?s=96&d=mm&r=pg\",\"contentUrl\":\"https:\/\/secure.gravatar.com\/avatar\/4b7fafa80a22f0c2afe23966b3961fe0?s=96&d=mm&r=pg\",\"caption\":\"Agencija\"},\"url\":\"https:\/\/sandzakpress.net\/arhiva\/author\/agencija\/\"}]}<\/script>\n<!-- \/ Yoast SEO Premium plugin. -->","yoast_head_json":{"title":"Dr. Zukorli\u0107: A\u017eurirati bira\u010dki spisak manjina, omogu\u0107iti i dijaspori da glasa","robots":{"index":"index","follow":"follow","max-snippet":"max-snippet:-1","max-image-preview":"max-image-preview:large","max-video-preview":"max-video-preview:-1"},"canonical":"https:\/\/sandzakpress.net\/arhiva\/dr-zukorlic-azurirati-biracki-spisak-manjina-omoguciti-i-dijaspori-da-glasa\/","og_locale":"bs_BA","og_type":"article","og_title":"Dr. Zukorli\u0107: A\u017eurirati bira\u010dki spisak manjina, omogu\u0107iti i dijaspori da glasa","og_description":"Poslanici u Skup\u0161tini Srbije danas raspravljaju o Prijedlog zakona o izmjenama i dopunama Zakona o za\u0161titi prava i sloboda nacionalnih manjina. Dr. Muamer Zukorli\u0107 kazao da \u0107e narodni poslanici Stranke pravde i pomirenja \u0107e podr\u017eati ve\u0107inu zakona koji su predlo\u017eeni a u diskusiji se osvrnuo na zakon o nacionalnim savjetima gdje je dao izvjesne sugestije [&hellip;]","og_url":"https:\/\/sandzakpress.net\/arhiva\/dr-zukorlic-azurirati-biracki-spisak-manjina-omoguciti-i-dijaspori-da-glasa\/","og_site_name":"Sand\u017eak PRESS","article_published_time":"2018-06-13T12:04:34+00:00","og_image":[{"width":1541,"height":848,"url":"https:\/\/sandzakpress.net\/arhiva\/wp-content\/uploads\/2018\/06\/Capture-1-1.jpg","type":"image\/jpeg"}],"author":"Agencija","twitter_card":"summary_large_image","twitter_misc":{"Written by":"Agencija","Est. reading time":"3 minute"},"schema":{"@context":"https:\/\/schema.org","@graph":[{"@type":"Article","@id":"https:\/\/sandzakpress.net\/arhiva\/dr-zukorlic-azurirati-biracki-spisak-manjina-omoguciti-i-dijaspori-da-glasa\/#article","isPartOf":{"@id":"https:\/\/sandzakpress.net\/arhiva\/dr-zukorlic-azurirati-biracki-spisak-manjina-omoguciti-i-dijaspori-da-glasa\/"},"author":{"name":"Agencija","@id":"https:\/\/sandzakpress.net\/arhiva\/#\/schema\/person\/cb59d7e3ab91ab90dd680ad0305a6185"},"headline":"Dr. Zukorli\u0107: A\u017eurirati bira\u010dki spisak manjina, omogu\u0107iti i dijaspori da glasa","datePublished":"2018-06-13T12:04:34+00:00","mainEntityOfPage":{"@id":"https:\/\/sandzakpress.net\/arhiva\/dr-zukorlic-azurirati-biracki-spisak-manjina-omoguciti-i-dijaspori-da-glasa\/"},"wordCount":654,"commentCount":1,"publisher":{"@id":"https:\/\/sandzakpress.net\/arhiva\/#\/schema\/person\/6e72b67d6e51910a1117b3b483ba20bd"},"image":{"@id":"https:\/\/sandzakpress.net\/arhiva\/dr-zukorlic-azurirati-biracki-spisak-manjina-omoguciti-i-dijaspori-da-glasa\/#primaryimage"},"thumbnailUrl":"https:\/\/sandzakpress.net\/arhiva\/wp-content\/uploads\/2018\/06\/Capture-1-1.jpg","keywords":["muftija Muamer Zukorli\u0107","BDZ"],"articleSection":["Novi Pazar","Politika","Sjenica","Tutin","Prijepolje","Priboj","Nova Varo\u0161","VIJESTI DANA"],"inLanguage":"bs-BA","potentialAction":[{"@type":"CommentAction","name":"Comment","target":["https:\/\/sandzakpress.net\/arhiva\/dr-zukorlic-azurirati-biracki-spisak-manjina-omoguciti-i-dijaspori-da-glasa\/#respond"]}]},{"@type":"WebPage","@id":"https:\/\/sandzakpress.net\/arhiva\/dr-zukorlic-azurirati-biracki-spisak-manjina-omoguciti-i-dijaspori-da-glasa\/","url":"https:\/\/sandzakpress.net\/arhiva\/dr-zukorlic-azurirati-biracki-spisak-manjina-omoguciti-i-dijaspori-da-glasa\/","name":"Dr. Zukorli\u0107: A\u017eurirati bira\u010dki spisak manjina, omogu\u0107iti i dijaspori da glasa","isPartOf":{"@id":"https:\/\/sandzakpress.net\/arhiva\/#website"},"primaryImageOfPage":{"@id":"https:\/\/sandzakpress.net\/arhiva\/dr-zukorlic-azurirati-biracki-spisak-manjina-omoguciti-i-dijaspori-da-glasa\/#primaryimage"},"image":{"@id":"https:\/\/sandzakpress.net\/arhiva\/dr-zukorlic-azurirati-biracki-spisak-manjina-omoguciti-i-dijaspori-da-glasa\/#primaryimage"},"thumbnailUrl":"https:\/\/sandzakpress.net\/arhiva\/wp-content\/uploads\/2018\/06\/Capture-1-1.jpg","datePublished":"2018-06-13T12:04:34+00:00","breadcrumb":{"@id":"https:\/\/sandzakpress.net\/arhiva\/dr-zukorlic-azurirati-biracki-spisak-manjina-omoguciti-i-dijaspori-da-glasa\/#breadcrumb"},"inLanguage":"bs-BA","potentialAction":[{"@type":"ReadAction","target":["https:\/\/sandzakpress.net\/arhiva\/dr-zukorlic-azurirati-biracki-spisak-manjina-omoguciti-i-dijaspori-da-glasa\/"]}]},{"@type":"ImageObject","inLanguage":"bs-BA","@id":"https:\/\/sandzakpress.net\/arhiva\/dr-zukorlic-azurirati-biracki-spisak-manjina-omoguciti-i-dijaspori-da-glasa\/#primaryimage","url":"https:\/\/sandzakpress.net\/arhiva\/wp-content\/uploads\/2018\/06\/Capture-1-1.jpg","contentUrl":"https:\/\/sandzakpress.net\/arhiva\/wp-content\/uploads\/2018\/06\/Capture-1-1.jpg","width":1541,"height":848},{"@type":"BreadcrumbList","@id":"https:\/\/sandzakpress.net\/arhiva\/dr-zukorlic-azurirati-biracki-spisak-manjina-omoguciti-i-dijaspori-da-glasa\/#breadcrumb","itemListElement":[{"@type":"ListItem","position":1,"name":"Home","item":"https:\/\/sandzakpress.net\/arhiva\/"},{"@type":"ListItem","position":2,"name":"Dr. Zukorli\u0107: A\u017eurirati bira\u010dki spisak manjina, omogu\u0107iti i dijaspori da glasa"}]},{"@type":"WebSite","@id":"https:\/\/sandzakpress.net\/arhiva\/#website","url":"https:\/\/sandzakpress.net\/arhiva\/","name":"Sand\u017eak PRESS","description":"Prve elektronske novine u Sand\u017eaku","publisher":{"@id":"https:\/\/sandzakpress.net\/arhiva\/#\/schema\/person\/6e72b67d6e51910a1117b3b483ba20bd"},"potentialAction":[{"@type":"SearchAction","target":{"@type":"EntryPoint","urlTemplate":"https:\/\/sandzakpress.net\/arhiva\/?s={search_term_string}"},"query-input":{"@type":"PropertyValueSpecification","valueRequired":true,"valueName":"search_term_string"}}],"inLanguage":"bs-BA"},{"@type":["Person","Organization"],"@id":"https:\/\/sandzakpress.net\/arhiva\/#\/schema\/person\/6e72b67d6e51910a1117b3b483ba20bd","name":"Kul","image":{"@type":"ImageObject","inLanguage":"bs-BA","@id":"https:\/\/sandzakpress.net\/arhiva\/#\/schema\/person\/image\/","url":"https:\/\/secure.gravatar.com\/avatar\/42263f39aa27ac04c43cab85c280eb2e?s=96&d=mm&r=pg","contentUrl":"https:\/\/secure.gravatar.com\/avatar\/42263f39aa27ac04c43cab85c280eb2e?s=96&d=mm&r=pg","caption":"Kul"},"logo":{"@id":"https:\/\/sandzakpress.net\/arhiva\/#\/schema\/person\/image\/"}},{"@type":"Person","@id":"https:\/\/sandzakpress.net\/arhiva\/#\/schema\/person\/cb59d7e3ab91ab90dd680ad0305a6185","name":"Agencija","image":{"@type":"ImageObject","inLanguage":"bs-BA","@id":"https:\/\/sandzakpress.net\/arhiva\/#\/schema\/person\/image\/","url":"https:\/\/secure.gravatar.com\/avatar\/4b7fafa80a22f0c2afe23966b3961fe0?s=96&d=mm&r=pg","contentUrl":"https:\/\/secure.gravatar.com\/avatar\/4b7fafa80a22f0c2afe23966b3961fe0?s=96&d=mm&r=pg","caption":"Agencija"},"url":"https:\/\/sandzakpress.net\/arhiva\/author\/agencija\/"}]}},"_links":{"self":[{"href":"https:\/\/sandzakpress.net\/arhiva\/wp-json\/wp\/v2\/posts\/208249"}],"collection":[{"href":"https:\/\/sandzakpress.net\/arhiva\/wp-json\/wp\/v2\/posts"}],"about":[{"href":"https:\/\/sandzakpress.net\/arhiva\/wp-json\/wp\/v2\/types\/post"}],"author":[{"embeddable":true,"href":"https:\/\/sandzakpress.net\/arhiva\/wp-json\/wp\/v2\/users\/509"}],"replies":[{"embeddable":true,"href":"https:\/\/sandzakpress.net\/arhiva\/wp-json\/wp\/v2\/comments?post=208249"}],"version-history":[{"count":0,"href":"https:\/\/sandzakpress.net\/arhiva\/wp-json\/wp\/v2\/posts\/208249\/revisions"}],"wp:featuredmedia":[{"embeddable":true,"href":"https:\/\/sandzakpress.net\/arhiva\/wp-json\/wp\/v2\/media\/208250"}],"wp:attachment":[{"href":"https:\/\/sandzakpress.net\/arhiva\/wp-json\/wp\/v2\/media?parent=208249"}],"wp:term":[{"taxonomy":"category","embeddable":true,"href":"https:\/\/sandzakpress.net\/arhiva\/wp-json\/wp\/v2\/categories?post=208249"},{"taxonomy":"post_tag","embeddable":true,"href":"https:\/\/sandzakpress.net\/arhiva\/wp-json\/wp\/v2\/tags?post=208249"}],"curies":[{"name":"wp","href":"https:\/\/api.w.org\/{rel}","templated":true}]}}