{"id":208239,"date":"2018-06-13T12:37:30","date_gmt":"2018-06-13T10:37:30","guid":{"rendered":"https:\/\/sandzakpress.net\/arhiva\/?p=208239"},"modified":"2018-06-13T12:37:30","modified_gmt":"2018-06-13T10:37:30","slug":"muftija-sandzacki-posjetio-dzemat-validejn-u-tutinu","status":"publish","type":"post","link":"https:\/\/sandzakpress.net\/arhiva\/muftija-sandzacki-posjetio-dzemat-validejn-u-tutinu\/","title":{"rendered":"Muftija sand\u017ea\u010dki posjetio d\u017eemat Validejn u Tutinu"},"content":{"rendered":"<p><img loading=\"lazy\" decoding=\"async\" class=\"alignnone size-full wp-image-38846\" src=\"http:\/\/sanapress.info\/wp-content\/uploads\/2018\/06\/35146399_2232251296790229_6062339122758942720_n.jpg\" alt=\"\" width=\"960\" height=\"540\" \/><\/p>\n<p><strong>Muftija sand\u017ea\u010dki\u00a0<span class=\"highlightNode\">hfz. Abdurrahman ef. Kujevi\u0107<\/span>\u00a0posjetio je ( 12. 06. 2018. godine) d\u017eemat d\u017eamije Validejn u Tutinu.<\/strong><\/p>\n<p>U prepunoj d\u017eamiji Muftija\u00a0<span class=\"highlightNode\">Kujevi\u0107<\/span>\u00a0je govorio o \u010detiri obaveze svakog muslimana u \u017eivotu a to su : znanje, djelo, aktivizam i strpljenje.<\/p>\n<div class=\"text_exposed_show\">\n<p>Na kraju obe\u0107anja\u00a0<span class=\"highlightNode\">hfz.<\/span>\u00a0<span class=\"highlightNode\">Kujevi\u0107<\/span>\u00a0se osvrnuo i na obaveze svakog pojedinca prema zajednici jer u d\u017eematskom radu je uslov za opstanak uspjeh na oba svijeta.<\/p>\n<p>Imam d\u017eamije\u00a0<span class=\"highlightNode\">hfz.<\/span>\u00a0Entas\u00a0<span class=\"highlightNode\">ef.<\/span>\u00a0Pramenkovi\u0107 se zahvalio Muftiji na posjeti a d\u017eamatlije nisu krile svoje zadovoljstvo.<\/p>\n<p>Informativna slu\u017eba Muftijstva sand\u017ea\u010dkog.<\/p>\n<p><img loading=\"lazy\" decoding=\"async\" class=\"alignnone size-full wp-image-38847\" src=\"http:\/\/sanapress.info\/wp-content\/uploads\/2018\/06\/1-5.jpg\" alt=\"\" width=\"960\" height=\"720\" \/> <img loading=\"lazy\" decoding=\"async\" class=\"alignnone size-full wp-image-38848\" src=\"http:\/\/sanapress.info\/wp-content\/uploads\/2018\/06\/2-5.jpg\" alt=\"\" width=\"960\" height=\"720\" \/> <img loading=\"lazy\" decoding=\"async\" class=\"alignnone size-full wp-image-38849\" src=\"http:\/\/sanapress.info\/wp-content\/uploads\/2018\/06\/3-4.jpg\" alt=\"\" width=\"960\" height=\"720\" \/><\/p>\n<p><img loading=\"lazy\" decoding=\"async\" class=\"alignnone size-full wp-image-38850\" src=\"http:\/\/sanapress.info\/wp-content\/uploads\/2018\/06\/4-2.jpg\" alt=\"\" width=\"960\" height=\"720\" \/><\/p>\n<p>SANA<\/p>\n<\/div>\n","protected":false},"excerpt":{"rendered":"<p>Muftija sand\u017ea\u010dki\u00a0hfz. Abdurrahman ef. Kujevi\u0107\u00a0posjetio je ( 12. 06. 2018. godine) d\u017eemat d\u017eamije Validejn u Tutinu. U prepunoj d\u017eamiji Muftija\u00a0Kujevi\u0107\u00a0je govorio o \u010detiri obaveze svakog muslimana u \u017eivotu a to su : znanje, djelo, aktivizam i strpljenje. Na kraju obe\u0107anja\u00a0hfz.\u00a0Kujevi\u0107\u00a0se osvrnuo i na obaveze svakog pojedinca prema zajednici jer u d\u017eematskom radu je uslov za [&hellip;]<\/p>\n","protected":false},"author":509,"featured_media":208240,"comment_status":"open","ping_status":"open","sticky":false,"template":"","format":"standard","meta":{"footnotes":""},"categories":[398,327,802,10429],"tags":[],"class_list":{"0":"post-208239","1":"post","2":"type-post","3":"status-publish","4":"format-standard","5":"has-post-thumbnail","7":"category-rozaje","8":"category-tutin","9":"category-islamska_zajednica","10":"category-vazno"},"yoast_head":"<!-- This site is optimized with the Yoast SEO Premium plugin v23.1 (Yoast SEO v24.9) - https:\/\/yoast.com\/wordpress\/plugins\/seo\/ -->\n<title>Muftija sand\u017ea\u010dki posjetio d\u017eemat Validejn u Tutinu<\/title>\n<meta name=\"robots\" content=\"index, follow, max-snippet:-1, max-image-preview:large, max-video-preview:-1\" \/>\n<link rel=\"canonical\" href=\"https:\/\/sandzakpress.net\/arhiva\/muftija-sandzacki-posjetio-dzemat-validejn-u-tutinu\/\" \/>\n<meta property=\"og:locale\" content=\"bs_BA\" \/>\n<meta property=\"og:type\" content=\"article\" \/>\n<meta property=\"og:title\" content=\"Muftija sand\u017ea\u010dki posjetio d\u017eemat Validejn u Tutinu\" \/>\n<meta property=\"og:description\" content=\"Muftija sand\u017ea\u010dki\u00a0hfz. Abdurrahman ef. Kujevi\u0107\u00a0posjetio je ( 12. 06. 2018. godine) d\u017eemat d\u017eamije Validejn u Tutinu. U prepunoj d\u017eamiji Muftija\u00a0Kujevi\u0107\u00a0je govorio o \u010detiri obaveze svakog muslimana u \u017eivotu a to su : znanje, djelo, aktivizam i strpljenje. Na kraju obe\u0107anja\u00a0hfz.\u00a0Kujevi\u0107\u00a0se osvrnuo i na obaveze svakog pojedinca prema zajednici jer u d\u017eematskom radu je uslov za [&hellip;]\" \/>\n<meta property=\"og:url\" content=\"https:\/\/sandzakpress.net\/arhiva\/muftija-sandzacki-posjetio-dzemat-validejn-u-tutinu\/\" \/>\n<meta property=\"og:site_name\" content=\"Sand\u017eak PRESS\" \/>\n<meta property=\"article:published_time\" content=\"2018-06-13T10:37:30+00:00\" \/>\n<meta property=\"og:image\" content=\"https:\/\/sandzakpress.net\/arhiva\/wp-content\/uploads\/2018\/06\/35146399_2232251296790229_6062339122758942720_n.jpg\" \/>\n\t<meta property=\"og:image:width\" content=\"960\" \/>\n\t<meta property=\"og:image:height\" content=\"540\" \/>\n\t<meta property=\"og:image:type\" content=\"image\/jpeg\" \/>\n<meta name=\"author\" content=\"Agencija\" \/>\n<meta name=\"twitter:card\" content=\"summary_large_image\" \/>\n<meta name=\"twitter:label1\" content=\"Written by\" \/>\n\t<meta name=\"twitter:data1\" content=\"Agencija\" \/>\n<script type=\"application\/ld+json\" class=\"yoast-schema-graph\">{\"@context\":\"https:\/\/schema.org\",\"@graph\":[{\"@type\":\"Article\",\"@id\":\"https:\/\/sandzakpress.net\/arhiva\/muftija-sandzacki-posjetio-dzemat-validejn-u-tutinu\/#article\",\"isPartOf\":{\"@id\":\"https:\/\/sandzakpress.net\/arhiva\/muftija-sandzacki-posjetio-dzemat-validejn-u-tutinu\/\"},\"author\":{\"name\":\"Agencija\",\"@id\":\"https:\/\/sandzakpress.net\/arhiva\/#\/schema\/person\/cb59d7e3ab91ab90dd680ad0305a6185\"},\"headline\":\"Muftija sand\u017ea\u010dki posjetio d\u017eemat Validejn u Tutinu\",\"datePublished\":\"2018-06-13T10:37:30+00:00\",\"mainEntityOfPage\":{\"@id\":\"https:\/\/sandzakpress.net\/arhiva\/muftija-sandzacki-posjetio-dzemat-validejn-u-tutinu\/\"},\"wordCount\":106,\"commentCount\":2,\"publisher\":{\"@id\":\"https:\/\/sandzakpress.net\/arhiva\/#\/schema\/person\/6e72b67d6e51910a1117b3b483ba20bd\"},\"image\":{\"@id\":\"https:\/\/sandzakpress.net\/arhiva\/muftija-sandzacki-posjetio-dzemat-validejn-u-tutinu\/#primaryimage\"},\"thumbnailUrl\":\"https:\/\/sandzakpress.net\/arhiva\/wp-content\/uploads\/2018\/06\/35146399_2232251296790229_6062339122758942720_n.jpg\",\"articleSection\":[\"Ro\u017eaje\",\"Tutin\",\"Islamska zajednica\",\"VA\u017dNO!\"],\"inLanguage\":\"bs-BA\",\"potentialAction\":[{\"@type\":\"CommentAction\",\"name\":\"Comment\",\"target\":[\"https:\/\/sandzakpress.net\/arhiva\/muftija-sandzacki-posjetio-dzemat-validejn-u-tutinu\/#respond\"]}]},{\"@type\":\"WebPage\",\"@id\":\"https:\/\/sandzakpress.net\/arhiva\/muftija-sandzacki-posjetio-dzemat-validejn-u-tutinu\/\",\"url\":\"https:\/\/sandzakpress.net\/arhiva\/muftija-sandzacki-posjetio-dzemat-validejn-u-tutinu\/\",\"name\":\"Muftija sand\u017ea\u010dki posjetio d\u017eemat Validejn u Tutinu\",\"isPartOf\":{\"@id\":\"https:\/\/sandzakpress.net\/arhiva\/#website\"},\"primaryImageOfPage\":{\"@id\":\"https:\/\/sandzakpress.net\/arhiva\/muftija-sandzacki-posjetio-dzemat-validejn-u-tutinu\/#primaryimage\"},\"image\":{\"@id\":\"https:\/\/sandzakpress.net\/arhiva\/muftija-sandzacki-posjetio-dzemat-validejn-u-tutinu\/#primaryimage\"},\"thumbnailUrl\":\"https:\/\/sandzakpress.net\/arhiva\/wp-content\/uploads\/2018\/06\/35146399_2232251296790229_6062339122758942720_n.jpg\",\"datePublished\":\"2018-06-13T10:37:30+00:00\",\"breadcrumb\":{\"@id\":\"https:\/\/sandzakpress.net\/arhiva\/muftija-sandzacki-posjetio-dzemat-validejn-u-tutinu\/#breadcrumb\"},\"inLanguage\":\"bs-BA\",\"potentialAction\":[{\"@type\":\"ReadAction\",\"target\":[\"https:\/\/sandzakpress.net\/arhiva\/muftija-sandzacki-posjetio-dzemat-validejn-u-tutinu\/\"]}]},{\"@type\":\"ImageObject\",\"inLanguage\":\"bs-BA\",\"@id\":\"https:\/\/sandzakpress.net\/arhiva\/muftija-sandzacki-posjetio-dzemat-validejn-u-tutinu\/#primaryimage\",\"url\":\"https:\/\/sandzakpress.net\/arhiva\/wp-content\/uploads\/2018\/06\/35146399_2232251296790229_6062339122758942720_n.jpg\",\"contentUrl\":\"https:\/\/sandzakpress.net\/arhiva\/wp-content\/uploads\/2018\/06\/35146399_2232251296790229_6062339122758942720_n.jpg\",\"width\":960,\"height\":540},{\"@type\":\"BreadcrumbList\",\"@id\":\"https:\/\/sandzakpress.net\/arhiva\/muftija-sandzacki-posjetio-dzemat-validejn-u-tutinu\/#breadcrumb\",\"itemListElement\":[{\"@type\":\"ListItem\",\"position\":1,\"name\":\"Home\",\"item\":\"https:\/\/sandzakpress.net\/arhiva\/\"},{\"@type\":\"ListItem\",\"position\":2,\"name\":\"Muftija sand\u017ea\u010dki posjetio d\u017eemat Validejn u Tutinu\"}]},{\"@type\":\"WebSite\",\"@id\":\"https:\/\/sandzakpress.net\/arhiva\/#website\",\"url\":\"https:\/\/sandzakpress.net\/arhiva\/\",\"name\":\"Sand\u017eak PRESS\",\"description\":\"Prve elektronske novine u Sand\u017eaku\",\"publisher\":{\"@id\":\"https:\/\/sandzakpress.net\/arhiva\/#\/schema\/person\/6e72b67d6e51910a1117b3b483ba20bd\"},\"potentialAction\":[{\"@type\":\"SearchAction\",\"target\":{\"@type\":\"EntryPoint\",\"urlTemplate\":\"https:\/\/sandzakpress.net\/arhiva\/?s={search_term_string}\"},\"query-input\":{\"@type\":\"PropertyValueSpecification\",\"valueRequired\":true,\"valueName\":\"search_term_string\"}}],\"inLanguage\":\"bs-BA\"},{\"@type\":[\"Person\",\"Organization\"],\"@id\":\"https:\/\/sandzakpress.net\/arhiva\/#\/schema\/person\/6e72b67d6e51910a1117b3b483ba20bd\",\"name\":\"Kul\",\"image\":{\"@type\":\"ImageObject\",\"inLanguage\":\"bs-BA\",\"@id\":\"https:\/\/sandzakpress.net\/arhiva\/#\/schema\/person\/image\/\",\"url\":\"https:\/\/secure.gravatar.com\/avatar\/42263f39aa27ac04c43cab85c280eb2e?s=96&d=mm&r=pg\",\"contentUrl\":\"https:\/\/secure.gravatar.com\/avatar\/42263f39aa27ac04c43cab85c280eb2e?s=96&d=mm&r=pg\",\"caption\":\"Kul\"},\"logo\":{\"@id\":\"https:\/\/sandzakpress.net\/arhiva\/#\/schema\/person\/image\/\"}},{\"@type\":\"Person\",\"@id\":\"https:\/\/sandzakpress.net\/arhiva\/#\/schema\/person\/cb59d7e3ab91ab90dd680ad0305a6185\",\"name\":\"Agencija\",\"image\":{\"@type\":\"ImageObject\",\"inLanguage\":\"bs-BA\",\"@id\":\"https:\/\/sandzakpress.net\/arhiva\/#\/schema\/person\/image\/\",\"url\":\"https:\/\/secure.gravatar.com\/avatar\/4b7fafa80a22f0c2afe23966b3961fe0?s=96&d=mm&r=pg\",\"contentUrl\":\"https:\/\/secure.gravatar.com\/avatar\/4b7fafa80a22f0c2afe23966b3961fe0?s=96&d=mm&r=pg\",\"caption\":\"Agencija\"},\"url\":\"https:\/\/sandzakpress.net\/arhiva\/author\/agencija\/\"}]}<\/script>\n<!-- \/ Yoast SEO Premium plugin. -->","yoast_head_json":{"title":"Muftija sand\u017ea\u010dki posjetio d\u017eemat Validejn u Tutinu","robots":{"index":"index","follow":"follow","max-snippet":"max-snippet:-1","max-image-preview":"max-image-preview:large","max-video-preview":"max-video-preview:-1"},"canonical":"https:\/\/sandzakpress.net\/arhiva\/muftija-sandzacki-posjetio-dzemat-validejn-u-tutinu\/","og_locale":"bs_BA","og_type":"article","og_title":"Muftija sand\u017ea\u010dki posjetio d\u017eemat Validejn u Tutinu","og_description":"Muftija sand\u017ea\u010dki\u00a0hfz. Abdurrahman ef. Kujevi\u0107\u00a0posjetio je ( 12. 06. 2018. godine) d\u017eemat d\u017eamije Validejn u Tutinu. U prepunoj d\u017eamiji Muftija\u00a0Kujevi\u0107\u00a0je govorio o \u010detiri obaveze svakog muslimana u \u017eivotu a to su : znanje, djelo, aktivizam i strpljenje. Na kraju obe\u0107anja\u00a0hfz.\u00a0Kujevi\u0107\u00a0se osvrnuo i na obaveze svakog pojedinca prema zajednici jer u d\u017eematskom radu je uslov za [&hellip;]","og_url":"https:\/\/sandzakpress.net\/arhiva\/muftija-sandzacki-posjetio-dzemat-validejn-u-tutinu\/","og_site_name":"Sand\u017eak PRESS","article_published_time":"2018-06-13T10:37:30+00:00","og_image":[{"width":960,"height":540,"url":"https:\/\/sandzakpress.net\/arhiva\/wp-content\/uploads\/2018\/06\/35146399_2232251296790229_6062339122758942720_n.jpg","type":"image\/jpeg"}],"author":"Agencija","twitter_card":"summary_large_image","twitter_misc":{"Written by":"Agencija"},"schema":{"@context":"https:\/\/schema.org","@graph":[{"@type":"Article","@id":"https:\/\/sandzakpress.net\/arhiva\/muftija-sandzacki-posjetio-dzemat-validejn-u-tutinu\/#article","isPartOf":{"@id":"https:\/\/sandzakpress.net\/arhiva\/muftija-sandzacki-posjetio-dzemat-validejn-u-tutinu\/"},"author":{"name":"Agencija","@id":"https:\/\/sandzakpress.net\/arhiva\/#\/schema\/person\/cb59d7e3ab91ab90dd680ad0305a6185"},"headline":"Muftija sand\u017ea\u010dki posjetio d\u017eemat Validejn u Tutinu","datePublished":"2018-06-13T10:37:30+00:00","mainEntityOfPage":{"@id":"https:\/\/sandzakpress.net\/arhiva\/muftija-sandzacki-posjetio-dzemat-validejn-u-tutinu\/"},"wordCount":106,"commentCount":2,"publisher":{"@id":"https:\/\/sandzakpress.net\/arhiva\/#\/schema\/person\/6e72b67d6e51910a1117b3b483ba20bd"},"image":{"@id":"https:\/\/sandzakpress.net\/arhiva\/muftija-sandzacki-posjetio-dzemat-validejn-u-tutinu\/#primaryimage"},"thumbnailUrl":"https:\/\/sandzakpress.net\/arhiva\/wp-content\/uploads\/2018\/06\/35146399_2232251296790229_6062339122758942720_n.jpg","articleSection":["Ro\u017eaje","Tutin","Islamska zajednica","VA\u017dNO!"],"inLanguage":"bs-BA","potentialAction":[{"@type":"CommentAction","name":"Comment","target":["https:\/\/sandzakpress.net\/arhiva\/muftija-sandzacki-posjetio-dzemat-validejn-u-tutinu\/#respond"]}]},{"@type":"WebPage","@id":"https:\/\/sandzakpress.net\/arhiva\/muftija-sandzacki-posjetio-dzemat-validejn-u-tutinu\/","url":"https:\/\/sandzakpress.net\/arhiva\/muftija-sandzacki-posjetio-dzemat-validejn-u-tutinu\/","name":"Muftija sand\u017ea\u010dki posjetio d\u017eemat Validejn u Tutinu","isPartOf":{"@id":"https:\/\/sandzakpress.net\/arhiva\/#website"},"primaryImageOfPage":{"@id":"https:\/\/sandzakpress.net\/arhiva\/muftija-sandzacki-posjetio-dzemat-validejn-u-tutinu\/#primaryimage"},"image":{"@id":"https:\/\/sandzakpress.net\/arhiva\/muftija-sandzacki-posjetio-dzemat-validejn-u-tutinu\/#primaryimage"},"thumbnailUrl":"https:\/\/sandzakpress.net\/arhiva\/wp-content\/uploads\/2018\/06\/35146399_2232251296790229_6062339122758942720_n.jpg","datePublished":"2018-06-13T10:37:30+00:00","breadcrumb":{"@id":"https:\/\/sandzakpress.net\/arhiva\/muftija-sandzacki-posjetio-dzemat-validejn-u-tutinu\/#breadcrumb"},"inLanguage":"bs-BA","potentialAction":[{"@type":"ReadAction","target":["https:\/\/sandzakpress.net\/arhiva\/muftija-sandzacki-posjetio-dzemat-validejn-u-tutinu\/"]}]},{"@type":"ImageObject","inLanguage":"bs-BA","@id":"https:\/\/sandzakpress.net\/arhiva\/muftija-sandzacki-posjetio-dzemat-validejn-u-tutinu\/#primaryimage","url":"https:\/\/sandzakpress.net\/arhiva\/wp-content\/uploads\/2018\/06\/35146399_2232251296790229_6062339122758942720_n.jpg","contentUrl":"https:\/\/sandzakpress.net\/arhiva\/wp-content\/uploads\/2018\/06\/35146399_2232251296790229_6062339122758942720_n.jpg","width":960,"height":540},{"@type":"BreadcrumbList","@id":"https:\/\/sandzakpress.net\/arhiva\/muftija-sandzacki-posjetio-dzemat-validejn-u-tutinu\/#breadcrumb","itemListElement":[{"@type":"ListItem","position":1,"name":"Home","item":"https:\/\/sandzakpress.net\/arhiva\/"},{"@type":"ListItem","position":2,"name":"Muftija sand\u017ea\u010dki posjetio d\u017eemat Validejn u Tutinu"}]},{"@type":"WebSite","@id":"https:\/\/sandzakpress.net\/arhiva\/#website","url":"https:\/\/sandzakpress.net\/arhiva\/","name":"Sand\u017eak PRESS","description":"Prve elektronske novine u Sand\u017eaku","publisher":{"@id":"https:\/\/sandzakpress.net\/arhiva\/#\/schema\/person\/6e72b67d6e51910a1117b3b483ba20bd"},"potentialAction":[{"@type":"SearchAction","target":{"@type":"EntryPoint","urlTemplate":"https:\/\/sandzakpress.net\/arhiva\/?s={search_term_string}"},"query-input":{"@type":"PropertyValueSpecification","valueRequired":true,"valueName":"search_term_string"}}],"inLanguage":"bs-BA"},{"@type":["Person","Organization"],"@id":"https:\/\/sandzakpress.net\/arhiva\/#\/schema\/person\/6e72b67d6e51910a1117b3b483ba20bd","name":"Kul","image":{"@type":"ImageObject","inLanguage":"bs-BA","@id":"https:\/\/sandzakpress.net\/arhiva\/#\/schema\/person\/image\/","url":"https:\/\/secure.gravatar.com\/avatar\/42263f39aa27ac04c43cab85c280eb2e?s=96&d=mm&r=pg","contentUrl":"https:\/\/secure.gravatar.com\/avatar\/42263f39aa27ac04c43cab85c280eb2e?s=96&d=mm&r=pg","caption":"Kul"},"logo":{"@id":"https:\/\/sandzakpress.net\/arhiva\/#\/schema\/person\/image\/"}},{"@type":"Person","@id":"https:\/\/sandzakpress.net\/arhiva\/#\/schema\/person\/cb59d7e3ab91ab90dd680ad0305a6185","name":"Agencija","image":{"@type":"ImageObject","inLanguage":"bs-BA","@id":"https:\/\/sandzakpress.net\/arhiva\/#\/schema\/person\/image\/","url":"https:\/\/secure.gravatar.com\/avatar\/4b7fafa80a22f0c2afe23966b3961fe0?s=96&d=mm&r=pg","contentUrl":"https:\/\/secure.gravatar.com\/avatar\/4b7fafa80a22f0c2afe23966b3961fe0?s=96&d=mm&r=pg","caption":"Agencija"},"url":"https:\/\/sandzakpress.net\/arhiva\/author\/agencija\/"}]}},"_links":{"self":[{"href":"https:\/\/sandzakpress.net\/arhiva\/wp-json\/wp\/v2\/posts\/208239"}],"collection":[{"href":"https:\/\/sandzakpress.net\/arhiva\/wp-json\/wp\/v2\/posts"}],"about":[{"href":"https:\/\/sandzakpress.net\/arhiva\/wp-json\/wp\/v2\/types\/post"}],"author":[{"embeddable":true,"href":"https:\/\/sandzakpress.net\/arhiva\/wp-json\/wp\/v2\/users\/509"}],"replies":[{"embeddable":true,"href":"https:\/\/sandzakpress.net\/arhiva\/wp-json\/wp\/v2\/comments?post=208239"}],"version-history":[{"count":0,"href":"https:\/\/sandzakpress.net\/arhiva\/wp-json\/wp\/v2\/posts\/208239\/revisions"}],"wp:featuredmedia":[{"embeddable":true,"href":"https:\/\/sandzakpress.net\/arhiva\/wp-json\/wp\/v2\/media\/208240"}],"wp:attachment":[{"href":"https:\/\/sandzakpress.net\/arhiva\/wp-json\/wp\/v2\/media?parent=208239"}],"wp:term":[{"taxonomy":"category","embeddable":true,"href":"https:\/\/sandzakpress.net\/arhiva\/wp-json\/wp\/v2\/categories?post=208239"},{"taxonomy":"post_tag","embeddable":true,"href":"https:\/\/sandzakpress.net\/arhiva\/wp-json\/wp\/v2\/tags?post=208239"}],"curies":[{"name":"wp","href":"https:\/\/api.w.org\/{rel}","templated":true}]}}