{"id":208165,"date":"2018-06-11T13:08:14","date_gmt":"2018-06-11T11:08:14","guid":{"rendered":"https:\/\/sandzakpress.net\/arhiva\/?p=208165"},"modified":"2018-06-11T13:08:14","modified_gmt":"2018-06-11T11:08:14","slug":"glavnu-ulicu-ce-raditi-pljevljaci","status":"publish","type":"post","link":"https:\/\/sandzakpress.net\/arhiva\/glavnu-ulicu-ce-raditi-pljevljaci\/","title":{"rendered":"Glavnu ulicu \u0107e raditi Pljevljaci"},"content":{"rendered":"<p><img decoding=\"async\" class=\"aligncenter\" src=\"http:\/\/www.vijesti.me\/media\/cache\/27\/28\/2728391535360070d993bcef5e2c8617.jpg\" alt=\"Glavnu ulicu \u00c4\u0087e raditi Pljevljaci\" \/><\/p>\n<p><strong>Predsjednik Op\u0161tine Pljevlja Mirko \u0110a\u010di\u0107 i direktor pljevaljskog preduze\u0107a \u201cVing\u201d Vukoman Vu\u010deti\u0107 potpisali su ugovor o adaptaciji Ulice kralja Petra I u centru grada vrijedan oko 620.000 eura.<\/strong><\/p>\n<p>\u201cVing\u201d je dostavio najpovoljniju ponudu na tender koji je Op\u0161tina Pljevlja raspisala za izvo\u0111enje radova na adataciji glavne pljevaljske ulice. \u201cVing\u201d je ponudio cijenu od 620.000 eura \u0161to je za oko 50.000 manje u odnosu na procijenjenu cijenu.<\/p>\n<p>Za adaptaciju 250 metara metara ulice u centru grada osim Vinga ponude je dostavilo jo\u0161 pet kompanija i konzorcijuma.<\/p>\n<p>Predvi\u0111ena je rekonstrukcija glavne gradske ulice od raskrsnice kod Op\u0161tine do kafane Zelengora. Radovi obuhvataju ru\u0161enje i demonta\u017eu postoje\u0107ih trotoara i ivi\u010dnjaka, ma\u0161insko i ru\u010dno iskopavanje zemlje, ugradnju \u010distog tamponskog sloja od drobljenog kamena, uklanjanje postoje\u0107eg drve\u0107a, izradu slivnika i poplo\u010davanje granitnim plo\u010dama.<\/p>\n<p>Najavljeno je da \u0107e uklonjeni drvored biti zamijenjen novim, a ulica \u0107e dobiti i novu rasvjetu.<\/p>\n<p>Rok zavr\u0161etka radova je sto dana od uvo\u0111enja izvo\u0111a\u010da u posao.<\/p>\n<p>Lokalna uprava u ovaj projekat krenula je bez gra\u0111evinske dozvole, \u0161to kako je radnije tvrdio predsjednik Op\u0161tine imaju zakonsko pravo, jer ne rade rekonstrukciju ve\u0107 adaptaciju ulice.<\/p>\n<p>\u0110a\u010di\u0107 je kazao da lokalna uprava dugo \u010deka zavr\u0161etak projektne dokumentacije za rekonstrukciju Ulice Kralja Petra I, koju finansira Direkcija javnih radova.<\/p>\n<p>Totalna rekonstrukcija Ulice kralja Petra u centru grada, prema ranijim prora\u010dunima, ko\u0161tala bi skoro tri miliona eura, a osim glavne pljevaljske ulice planira se i rekonstrukciju susjedne Tr\u0161ove i Trga patrijarha Varnave.<\/p>\n<p>Ranije je Op\u0161tina uredila trotoare i zasadila nove drvorede u dijelu Ulice kralja Petra od zgrade O\u0161tine do raskrsnice na Jaliji, Tr\u0161ovoj i ulici pored parka ispod glavne po\u0161e u Pljevljima.<\/p>\n<p>(Vijesti)<\/p>\n","protected":false},"excerpt":{"rendered":"<p>Predsjednik Op\u0161tine Pljevlja Mirko \u0110a\u010di\u0107 i direktor pljevaljskog preduze\u0107a \u201cVing\u201d Vukoman Vu\u010deti\u0107 potpisali su ugovor o adaptaciji Ulice kralja Petra I u centru grada vrijedan oko 620.000 eura. \u201cVing\u201d je dostavio najpovoljniju ponudu na tender koji je Op\u0161tina Pljevlja raspisala za izvo\u0111enje radova na adataciji glavne pljevaljske ulice. \u201cVing\u201d je ponudio cijenu od 620.000 eura [&hellip;]<\/p>\n","protected":false},"author":509,"featured_media":208177,"comment_status":"open","ping_status":"open","sticky":false,"template":"","format":"standard","meta":{"footnotes":""},"categories":[3,395],"tags":[],"class_list":{"0":"post-208165","1":"post","2":"type-post","3":"status-publish","4":"format-standard","5":"has-post-thumbnail","7":"category-privreda","8":"category-pljevlja_"},"yoast_head":"<!-- This site is optimized with the Yoast SEO Premium plugin v23.1 (Yoast SEO v24.9) - https:\/\/yoast.com\/wordpress\/plugins\/seo\/ -->\n<title>Glavnu ulicu \u0107e raditi Pljevljaci<\/title>\n<meta name=\"robots\" content=\"index, follow, max-snippet:-1, max-image-preview:large, max-video-preview:-1\" \/>\n<link rel=\"canonical\" href=\"https:\/\/sandzakpress.net\/arhiva\/glavnu-ulicu-ce-raditi-pljevljaci\/\" \/>\n<meta property=\"og:locale\" content=\"bs_BA\" \/>\n<meta property=\"og:type\" content=\"article\" \/>\n<meta property=\"og:title\" content=\"Glavnu ulicu \u0107e raditi Pljevljaci\" \/>\n<meta property=\"og:description\" content=\"Predsjednik Op\u0161tine Pljevlja Mirko \u0110a\u010di\u0107 i direktor pljevaljskog preduze\u0107a \u201cVing\u201d Vukoman Vu\u010deti\u0107 potpisali su ugovor o adaptaciji Ulice kralja Petra I u centru grada vrijedan oko 620.000 eura. \u201cVing\u201d je dostavio najpovoljniju ponudu na tender koji je Op\u0161tina Pljevlja raspisala za izvo\u0111enje radova na adataciji glavne pljevaljske ulice. \u201cVing\u201d je ponudio cijenu od 620.000 eura [&hellip;]\" \/>\n<meta property=\"og:url\" content=\"https:\/\/sandzakpress.net\/arhiva\/glavnu-ulicu-ce-raditi-pljevljaci\/\" \/>\n<meta property=\"og:site_name\" content=\"Sand\u017eak PRESS\" \/>\n<meta property=\"article:published_time\" content=\"2018-06-11T11:08:14+00:00\" \/>\n<meta property=\"og:image\" content=\"https:\/\/sandzakpress.net\/arhiva\/wp-content\/uploads\/2018\/06\/2728391535360070d993bcef5e2c8617.jpg\" \/>\n\t<meta property=\"og:image:width\" content=\"560\" \/>\n\t<meta property=\"og:image:height\" content=\"352\" \/>\n\t<meta property=\"og:image:type\" content=\"image\/jpeg\" \/>\n<meta name=\"author\" content=\"Agencija\" \/>\n<meta name=\"twitter:card\" content=\"summary_large_image\" \/>\n<meta name=\"twitter:label1\" content=\"Written by\" \/>\n\t<meta name=\"twitter:data1\" content=\"Agencija\" \/>\n\t<meta name=\"twitter:label2\" content=\"Est. reading time\" \/>\n\t<meta name=\"twitter:data2\" content=\"1 minuta\" \/>\n<script type=\"application\/ld+json\" class=\"yoast-schema-graph\">{\"@context\":\"https:\/\/schema.org\",\"@graph\":[{\"@type\":\"Article\",\"@id\":\"https:\/\/sandzakpress.net\/arhiva\/glavnu-ulicu-ce-raditi-pljevljaci\/#article\",\"isPartOf\":{\"@id\":\"https:\/\/sandzakpress.net\/arhiva\/glavnu-ulicu-ce-raditi-pljevljaci\/\"},\"author\":{\"name\":\"Agencija\",\"@id\":\"https:\/\/sandzakpress.net\/arhiva\/#\/schema\/person\/cb59d7e3ab91ab90dd680ad0305a6185\"},\"headline\":\"Glavnu ulicu \u0107e raditi Pljevljaci\",\"datePublished\":\"2018-06-11T11:08:14+00:00\",\"mainEntityOfPage\":{\"@id\":\"https:\/\/sandzakpress.net\/arhiva\/glavnu-ulicu-ce-raditi-pljevljaci\/\"},\"wordCount\":302,\"commentCount\":0,\"publisher\":{\"@id\":\"https:\/\/sandzakpress.net\/arhiva\/#\/schema\/person\/6e72b67d6e51910a1117b3b483ba20bd\"},\"image\":{\"@id\":\"https:\/\/sandzakpress.net\/arhiva\/glavnu-ulicu-ce-raditi-pljevljaci\/#primaryimage\"},\"thumbnailUrl\":\"https:\/\/sandzakpress.net\/arhiva\/wp-content\/uploads\/2018\/06\/2728391535360070d993bcef5e2c8617.jpg\",\"articleSection\":[\"Privreda\",\"Pljevlja\"],\"inLanguage\":\"bs-BA\",\"potentialAction\":[{\"@type\":\"CommentAction\",\"name\":\"Comment\",\"target\":[\"https:\/\/sandzakpress.net\/arhiva\/glavnu-ulicu-ce-raditi-pljevljaci\/#respond\"]}]},{\"@type\":\"WebPage\",\"@id\":\"https:\/\/sandzakpress.net\/arhiva\/glavnu-ulicu-ce-raditi-pljevljaci\/\",\"url\":\"https:\/\/sandzakpress.net\/arhiva\/glavnu-ulicu-ce-raditi-pljevljaci\/\",\"name\":\"Glavnu ulicu \u0107e raditi Pljevljaci\",\"isPartOf\":{\"@id\":\"https:\/\/sandzakpress.net\/arhiva\/#website\"},\"primaryImageOfPage\":{\"@id\":\"https:\/\/sandzakpress.net\/arhiva\/glavnu-ulicu-ce-raditi-pljevljaci\/#primaryimage\"},\"image\":{\"@id\":\"https:\/\/sandzakpress.net\/arhiva\/glavnu-ulicu-ce-raditi-pljevljaci\/#primaryimage\"},\"thumbnailUrl\":\"https:\/\/sandzakpress.net\/arhiva\/wp-content\/uploads\/2018\/06\/2728391535360070d993bcef5e2c8617.jpg\",\"datePublished\":\"2018-06-11T11:08:14+00:00\",\"breadcrumb\":{\"@id\":\"https:\/\/sandzakpress.net\/arhiva\/glavnu-ulicu-ce-raditi-pljevljaci\/#breadcrumb\"},\"inLanguage\":\"bs-BA\",\"potentialAction\":[{\"@type\":\"ReadAction\",\"target\":[\"https:\/\/sandzakpress.net\/arhiva\/glavnu-ulicu-ce-raditi-pljevljaci\/\"]}]},{\"@type\":\"ImageObject\",\"inLanguage\":\"bs-BA\",\"@id\":\"https:\/\/sandzakpress.net\/arhiva\/glavnu-ulicu-ce-raditi-pljevljaci\/#primaryimage\",\"url\":\"https:\/\/sandzakpress.net\/arhiva\/wp-content\/uploads\/2018\/06\/2728391535360070d993bcef5e2c8617.jpg\",\"contentUrl\":\"https:\/\/sandzakpress.net\/arhiva\/wp-content\/uploads\/2018\/06\/2728391535360070d993bcef5e2c8617.jpg\",\"width\":560,\"height\":352},{\"@type\":\"BreadcrumbList\",\"@id\":\"https:\/\/sandzakpress.net\/arhiva\/glavnu-ulicu-ce-raditi-pljevljaci\/#breadcrumb\",\"itemListElement\":[{\"@type\":\"ListItem\",\"position\":1,\"name\":\"Home\",\"item\":\"https:\/\/sandzakpress.net\/arhiva\/\"},{\"@type\":\"ListItem\",\"position\":2,\"name\":\"Glavnu ulicu \u0107e raditi Pljevljaci\"}]},{\"@type\":\"WebSite\",\"@id\":\"https:\/\/sandzakpress.net\/arhiva\/#website\",\"url\":\"https:\/\/sandzakpress.net\/arhiva\/\",\"name\":\"Sand\u017eak PRESS\",\"description\":\"Prve elektronske novine u Sand\u017eaku\",\"publisher\":{\"@id\":\"https:\/\/sandzakpress.net\/arhiva\/#\/schema\/person\/6e72b67d6e51910a1117b3b483ba20bd\"},\"potentialAction\":[{\"@type\":\"SearchAction\",\"target\":{\"@type\":\"EntryPoint\",\"urlTemplate\":\"https:\/\/sandzakpress.net\/arhiva\/?s={search_term_string}\"},\"query-input\":{\"@type\":\"PropertyValueSpecification\",\"valueRequired\":true,\"valueName\":\"search_term_string\"}}],\"inLanguage\":\"bs-BA\"},{\"@type\":[\"Person\",\"Organization\"],\"@id\":\"https:\/\/sandzakpress.net\/arhiva\/#\/schema\/person\/6e72b67d6e51910a1117b3b483ba20bd\",\"name\":\"Kul\",\"image\":{\"@type\":\"ImageObject\",\"inLanguage\":\"bs-BA\",\"@id\":\"https:\/\/sandzakpress.net\/arhiva\/#\/schema\/person\/image\/\",\"url\":\"https:\/\/secure.gravatar.com\/avatar\/42263f39aa27ac04c43cab85c280eb2e?s=96&d=mm&r=pg\",\"contentUrl\":\"https:\/\/secure.gravatar.com\/avatar\/42263f39aa27ac04c43cab85c280eb2e?s=96&d=mm&r=pg\",\"caption\":\"Kul\"},\"logo\":{\"@id\":\"https:\/\/sandzakpress.net\/arhiva\/#\/schema\/person\/image\/\"}},{\"@type\":\"Person\",\"@id\":\"https:\/\/sandzakpress.net\/arhiva\/#\/schema\/person\/cb59d7e3ab91ab90dd680ad0305a6185\",\"name\":\"Agencija\",\"image\":{\"@type\":\"ImageObject\",\"inLanguage\":\"bs-BA\",\"@id\":\"https:\/\/sandzakpress.net\/arhiva\/#\/schema\/person\/image\/\",\"url\":\"https:\/\/secure.gravatar.com\/avatar\/4b7fafa80a22f0c2afe23966b3961fe0?s=96&d=mm&r=pg\",\"contentUrl\":\"https:\/\/secure.gravatar.com\/avatar\/4b7fafa80a22f0c2afe23966b3961fe0?s=96&d=mm&r=pg\",\"caption\":\"Agencija\"},\"url\":\"https:\/\/sandzakpress.net\/arhiva\/author\/agencija\/\"}]}<\/script>\n<!-- \/ Yoast SEO Premium plugin. -->","yoast_head_json":{"title":"Glavnu ulicu \u0107e raditi Pljevljaci","robots":{"index":"index","follow":"follow","max-snippet":"max-snippet:-1","max-image-preview":"max-image-preview:large","max-video-preview":"max-video-preview:-1"},"canonical":"https:\/\/sandzakpress.net\/arhiva\/glavnu-ulicu-ce-raditi-pljevljaci\/","og_locale":"bs_BA","og_type":"article","og_title":"Glavnu ulicu \u0107e raditi Pljevljaci","og_description":"Predsjednik Op\u0161tine Pljevlja Mirko \u0110a\u010di\u0107 i direktor pljevaljskog preduze\u0107a \u201cVing\u201d Vukoman Vu\u010deti\u0107 potpisali su ugovor o adaptaciji Ulice kralja Petra I u centru grada vrijedan oko 620.000 eura. \u201cVing\u201d je dostavio najpovoljniju ponudu na tender koji je Op\u0161tina Pljevlja raspisala za izvo\u0111enje radova na adataciji glavne pljevaljske ulice. \u201cVing\u201d je ponudio cijenu od 620.000 eura [&hellip;]","og_url":"https:\/\/sandzakpress.net\/arhiva\/glavnu-ulicu-ce-raditi-pljevljaci\/","og_site_name":"Sand\u017eak PRESS","article_published_time":"2018-06-11T11:08:14+00:00","og_image":[{"width":560,"height":352,"url":"https:\/\/sandzakpress.net\/arhiva\/wp-content\/uploads\/2018\/06\/2728391535360070d993bcef5e2c8617.jpg","type":"image\/jpeg"}],"author":"Agencija","twitter_card":"summary_large_image","twitter_misc":{"Written by":"Agencija","Est. reading time":"1 minuta"},"schema":{"@context":"https:\/\/schema.org","@graph":[{"@type":"Article","@id":"https:\/\/sandzakpress.net\/arhiva\/glavnu-ulicu-ce-raditi-pljevljaci\/#article","isPartOf":{"@id":"https:\/\/sandzakpress.net\/arhiva\/glavnu-ulicu-ce-raditi-pljevljaci\/"},"author":{"name":"Agencija","@id":"https:\/\/sandzakpress.net\/arhiva\/#\/schema\/person\/cb59d7e3ab91ab90dd680ad0305a6185"},"headline":"Glavnu ulicu \u0107e raditi Pljevljaci","datePublished":"2018-06-11T11:08:14+00:00","mainEntityOfPage":{"@id":"https:\/\/sandzakpress.net\/arhiva\/glavnu-ulicu-ce-raditi-pljevljaci\/"},"wordCount":302,"commentCount":0,"publisher":{"@id":"https:\/\/sandzakpress.net\/arhiva\/#\/schema\/person\/6e72b67d6e51910a1117b3b483ba20bd"},"image":{"@id":"https:\/\/sandzakpress.net\/arhiva\/glavnu-ulicu-ce-raditi-pljevljaci\/#primaryimage"},"thumbnailUrl":"https:\/\/sandzakpress.net\/arhiva\/wp-content\/uploads\/2018\/06\/2728391535360070d993bcef5e2c8617.jpg","articleSection":["Privreda","Pljevlja"],"inLanguage":"bs-BA","potentialAction":[{"@type":"CommentAction","name":"Comment","target":["https:\/\/sandzakpress.net\/arhiva\/glavnu-ulicu-ce-raditi-pljevljaci\/#respond"]}]},{"@type":"WebPage","@id":"https:\/\/sandzakpress.net\/arhiva\/glavnu-ulicu-ce-raditi-pljevljaci\/","url":"https:\/\/sandzakpress.net\/arhiva\/glavnu-ulicu-ce-raditi-pljevljaci\/","name":"Glavnu ulicu \u0107e raditi Pljevljaci","isPartOf":{"@id":"https:\/\/sandzakpress.net\/arhiva\/#website"},"primaryImageOfPage":{"@id":"https:\/\/sandzakpress.net\/arhiva\/glavnu-ulicu-ce-raditi-pljevljaci\/#primaryimage"},"image":{"@id":"https:\/\/sandzakpress.net\/arhiva\/glavnu-ulicu-ce-raditi-pljevljaci\/#primaryimage"},"thumbnailUrl":"https:\/\/sandzakpress.net\/arhiva\/wp-content\/uploads\/2018\/06\/2728391535360070d993bcef5e2c8617.jpg","datePublished":"2018-06-11T11:08:14+00:00","breadcrumb":{"@id":"https:\/\/sandzakpress.net\/arhiva\/glavnu-ulicu-ce-raditi-pljevljaci\/#breadcrumb"},"inLanguage":"bs-BA","potentialAction":[{"@type":"ReadAction","target":["https:\/\/sandzakpress.net\/arhiva\/glavnu-ulicu-ce-raditi-pljevljaci\/"]}]},{"@type":"ImageObject","inLanguage":"bs-BA","@id":"https:\/\/sandzakpress.net\/arhiva\/glavnu-ulicu-ce-raditi-pljevljaci\/#primaryimage","url":"https:\/\/sandzakpress.net\/arhiva\/wp-content\/uploads\/2018\/06\/2728391535360070d993bcef5e2c8617.jpg","contentUrl":"https:\/\/sandzakpress.net\/arhiva\/wp-content\/uploads\/2018\/06\/2728391535360070d993bcef5e2c8617.jpg","width":560,"height":352},{"@type":"BreadcrumbList","@id":"https:\/\/sandzakpress.net\/arhiva\/glavnu-ulicu-ce-raditi-pljevljaci\/#breadcrumb","itemListElement":[{"@type":"ListItem","position":1,"name":"Home","item":"https:\/\/sandzakpress.net\/arhiva\/"},{"@type":"ListItem","position":2,"name":"Glavnu ulicu \u0107e raditi Pljevljaci"}]},{"@type":"WebSite","@id":"https:\/\/sandzakpress.net\/arhiva\/#website","url":"https:\/\/sandzakpress.net\/arhiva\/","name":"Sand\u017eak PRESS","description":"Prve elektronske novine u Sand\u017eaku","publisher":{"@id":"https:\/\/sandzakpress.net\/arhiva\/#\/schema\/person\/6e72b67d6e51910a1117b3b483ba20bd"},"potentialAction":[{"@type":"SearchAction","target":{"@type":"EntryPoint","urlTemplate":"https:\/\/sandzakpress.net\/arhiva\/?s={search_term_string}"},"query-input":{"@type":"PropertyValueSpecification","valueRequired":true,"valueName":"search_term_string"}}],"inLanguage":"bs-BA"},{"@type":["Person","Organization"],"@id":"https:\/\/sandzakpress.net\/arhiva\/#\/schema\/person\/6e72b67d6e51910a1117b3b483ba20bd","name":"Kul","image":{"@type":"ImageObject","inLanguage":"bs-BA","@id":"https:\/\/sandzakpress.net\/arhiva\/#\/schema\/person\/image\/","url":"https:\/\/secure.gravatar.com\/avatar\/42263f39aa27ac04c43cab85c280eb2e?s=96&d=mm&r=pg","contentUrl":"https:\/\/secure.gravatar.com\/avatar\/42263f39aa27ac04c43cab85c280eb2e?s=96&d=mm&r=pg","caption":"Kul"},"logo":{"@id":"https:\/\/sandzakpress.net\/arhiva\/#\/schema\/person\/image\/"}},{"@type":"Person","@id":"https:\/\/sandzakpress.net\/arhiva\/#\/schema\/person\/cb59d7e3ab91ab90dd680ad0305a6185","name":"Agencija","image":{"@type":"ImageObject","inLanguage":"bs-BA","@id":"https:\/\/sandzakpress.net\/arhiva\/#\/schema\/person\/image\/","url":"https:\/\/secure.gravatar.com\/avatar\/4b7fafa80a22f0c2afe23966b3961fe0?s=96&d=mm&r=pg","contentUrl":"https:\/\/secure.gravatar.com\/avatar\/4b7fafa80a22f0c2afe23966b3961fe0?s=96&d=mm&r=pg","caption":"Agencija"},"url":"https:\/\/sandzakpress.net\/arhiva\/author\/agencija\/"}]}},"_links":{"self":[{"href":"https:\/\/sandzakpress.net\/arhiva\/wp-json\/wp\/v2\/posts\/208165"}],"collection":[{"href":"https:\/\/sandzakpress.net\/arhiva\/wp-json\/wp\/v2\/posts"}],"about":[{"href":"https:\/\/sandzakpress.net\/arhiva\/wp-json\/wp\/v2\/types\/post"}],"author":[{"embeddable":true,"href":"https:\/\/sandzakpress.net\/arhiva\/wp-json\/wp\/v2\/users\/509"}],"replies":[{"embeddable":true,"href":"https:\/\/sandzakpress.net\/arhiva\/wp-json\/wp\/v2\/comments?post=208165"}],"version-history":[{"count":0,"href":"https:\/\/sandzakpress.net\/arhiva\/wp-json\/wp\/v2\/posts\/208165\/revisions"}],"wp:featuredmedia":[{"embeddable":true,"href":"https:\/\/sandzakpress.net\/arhiva\/wp-json\/wp\/v2\/media\/208177"}],"wp:attachment":[{"href":"https:\/\/sandzakpress.net\/arhiva\/wp-json\/wp\/v2\/media?parent=208165"}],"wp:term":[{"taxonomy":"category","embeddable":true,"href":"https:\/\/sandzakpress.net\/arhiva\/wp-json\/wp\/v2\/categories?post=208165"},{"taxonomy":"post_tag","embeddable":true,"href":"https:\/\/sandzakpress.net\/arhiva\/wp-json\/wp\/v2\/tags?post=208165"}],"curies":[{"name":"wp","href":"https:\/\/api.w.org\/{rel}","templated":true}]}}