{"id":208161,"date":"2018-06-11T12:55:16","date_gmt":"2018-06-11T10:55:16","guid":{"rendered":"https:\/\/sandzakpress.net\/arhiva\/?p=208161"},"modified":"2018-06-11T12:55:16","modified_gmt":"2018-06-11T10:55:16","slug":"medvjed-u-sandzaku-ubio-konja-pa-se-vratio-lovci-postavili-kamere","status":"publish","type":"post","link":"https:\/\/sandzakpress.net\/arhiva\/medvjed-u-sandzaku-ubio-konja-pa-se-vratio-lovci-postavili-kamere\/","title":{"rendered":"Medvjed u Sand\u017eaku ubio konja, pa se vratio: Lovci postavili kamere"},"content":{"rendered":"<p><img decoding=\"async\" src=\"http:\/\/www.sandzacke.rs\/wp-content\/uploads\/2018\/06\/medvjed-ubio-konja-696x469.jpg\" \/><\/p>\n<p><strong>U pljevaljskom selu Potkova\u010d, zaseok \u0110uli medvjed je, prije par dana, u toku no\u0107i, upao u dvori\u0161te tamo\u0161njeg doma\u0107ina Jago\u0161a Drobnjaka i tom prilikom napao konja.<\/strong><\/p>\n<p>Konj se nalazio oko pedeset metara od ku\u0107e. Prema pretpostavkama medvjed je vjerovatno odmah ranio konja, potom je uspio da odvoji ranjenu \u017eivotinju i na nekoliko stotina metara od seoskih ku\u0107a, nakon \u0161to ga je usmrtio i pojeo iznutricu, zakopa u zemlju.<\/p>\n<p>Iz Lova\u010dkog dru\u0161tva su kazali da su oni sve preduzeli kako bi za\u0161titili da ne do\u0111e do ubistva medveda, jer je za\u0161ti\u0107en. Tako su lovo\u010duvari postavili kamere na mjesto gde je medvjed zakopao ubijenog konja, jer je postajala mogu\u0107nost da neki od krivolovaca upuca medvjeda.<\/p>\n<p>\u201cKamera je snimila kako medvjed u toku no\u0107i dolazi da jede ostatke od konja. Ukoliko bi se desilo da neko poku\u0161a da nezakonito ubije medveda, kamera bi i to snimila i lice koje bi u\u010destvovalo u krivolovu krivi\u010dno bi odgovaralo\u201d, kazao je predsjednik Lova\u010dkog dru\u0161tva Pljevlja, Slavko Kova\u010devi\u0107.<\/p>\n<p><iframe loading=\"lazy\" title=\"Ubistvo Konja  od strane Medvjeda\" width=\"696\" height=\"522\" src=\"https:\/\/www.youtube.com\/embed\/BQVoJ39mYGM?feature=oembed\" frameborder=\"0\" allow=\"accelerometer; autoplay; encrypted-media; gyroscope; picture-in-picture\" allowfullscreen><\/iframe><\/p>\n<p>(Radiosarajevo)<\/p>\n<p>&nbsp;<\/p>\n","protected":false},"excerpt":{"rendered":"<p>U pljevaljskom selu Potkova\u010d, zaseok \u0110uli medvjed je, prije par dana, u toku no\u0107i, upao u dvori\u0161te tamo\u0161njeg doma\u0107ina Jago\u0161a Drobnjaka i tom prilikom napao konja. Konj se nalazio oko pedeset metara od ku\u0107e. Prema pretpostavkama medvjed je vjerovatno odmah ranio konja, potom je uspio da odvoji ranjenu \u017eivotinju i na nekoliko stotina metara od [&hellip;]<\/p>\n","protected":false},"author":509,"featured_media":208169,"comment_status":"open","ping_status":"open","sticky":false,"template":"","format":"standard","meta":{"footnotes":""},"categories":[395,5,10429],"tags":[],"class_list":{"0":"post-208161","1":"post","2":"type-post","3":"status-publish","4":"format-standard","5":"has-post-thumbnail","7":"category-pljevlja_","8":"category-drustvo","9":"category-vazno"},"yoast_head":"<!-- This site is optimized with the Yoast SEO Premium plugin v23.1 (Yoast SEO v24.9) - https:\/\/yoast.com\/wordpress\/plugins\/seo\/ -->\n<title>Medvjed u Sand\u017eaku ubio konja, pa se vratio: Lovci postavili kamere<\/title>\n<meta name=\"robots\" content=\"index, follow, max-snippet:-1, max-image-preview:large, max-video-preview:-1\" \/>\n<link rel=\"canonical\" href=\"https:\/\/sandzakpress.net\/arhiva\/medvjed-u-sandzaku-ubio-konja-pa-se-vratio-lovci-postavili-kamere\/\" \/>\n<meta property=\"og:locale\" content=\"bs_BA\" \/>\n<meta property=\"og:type\" content=\"article\" \/>\n<meta property=\"og:title\" content=\"Medvjed u Sand\u017eaku ubio konja, pa se vratio: Lovci postavili kamere\" \/>\n<meta property=\"og:description\" content=\"U pljevaljskom selu Potkova\u010d, zaseok \u0110uli medvjed je, prije par dana, u toku no\u0107i, upao u dvori\u0161te tamo\u0161njeg doma\u0107ina Jago\u0161a Drobnjaka i tom prilikom napao konja. Konj se nalazio oko pedeset metara od ku\u0107e. Prema pretpostavkama medvjed je vjerovatno odmah ranio konja, potom je uspio da odvoji ranjenu \u017eivotinju i na nekoliko stotina metara od [&hellip;]\" \/>\n<meta property=\"og:url\" content=\"https:\/\/sandzakpress.net\/arhiva\/medvjed-u-sandzaku-ubio-konja-pa-se-vratio-lovci-postavili-kamere\/\" \/>\n<meta property=\"og:site_name\" content=\"Sand\u017eak PRESS\" \/>\n<meta property=\"article:published_time\" content=\"2018-06-11T10:55:16+00:00\" \/>\n<meta property=\"og:image\" content=\"https:\/\/sandzakpress.net\/arhiva\/wp-content\/uploads\/2018\/06\/medvjed-ubio-konja-696x469.jpg\" \/>\n\t<meta property=\"og:image:width\" content=\"696\" \/>\n\t<meta property=\"og:image:height\" content=\"469\" \/>\n\t<meta property=\"og:image:type\" content=\"image\/jpeg\" \/>\n<meta name=\"author\" content=\"Agencija\" \/>\n<meta name=\"twitter:card\" content=\"summary_large_image\" \/>\n<meta name=\"twitter:label1\" content=\"Written by\" \/>\n\t<meta name=\"twitter:data1\" content=\"Agencija\" \/>\n\t<meta name=\"twitter:label2\" content=\"Est. reading time\" \/>\n\t<meta name=\"twitter:data2\" content=\"1 minuta\" \/>\n<script type=\"application\/ld+json\" class=\"yoast-schema-graph\">{\"@context\":\"https:\/\/schema.org\",\"@graph\":[{\"@type\":\"Article\",\"@id\":\"https:\/\/sandzakpress.net\/arhiva\/medvjed-u-sandzaku-ubio-konja-pa-se-vratio-lovci-postavili-kamere\/#article\",\"isPartOf\":{\"@id\":\"https:\/\/sandzakpress.net\/arhiva\/medvjed-u-sandzaku-ubio-konja-pa-se-vratio-lovci-postavili-kamere\/\"},\"author\":{\"name\":\"Agencija\",\"@id\":\"https:\/\/sandzakpress.net\/arhiva\/#\/schema\/person\/cb59d7e3ab91ab90dd680ad0305a6185\"},\"headline\":\"Medvjed u Sand\u017eaku ubio konja, pa se vratio: Lovci postavili kamere\",\"datePublished\":\"2018-06-11T10:55:16+00:00\",\"mainEntityOfPage\":{\"@id\":\"https:\/\/sandzakpress.net\/arhiva\/medvjed-u-sandzaku-ubio-konja-pa-se-vratio-lovci-postavili-kamere\/\"},\"wordCount\":202,\"commentCount\":0,\"publisher\":{\"@id\":\"https:\/\/sandzakpress.net\/arhiva\/#\/schema\/person\/6e72b67d6e51910a1117b3b483ba20bd\"},\"image\":{\"@id\":\"https:\/\/sandzakpress.net\/arhiva\/medvjed-u-sandzaku-ubio-konja-pa-se-vratio-lovci-postavili-kamere\/#primaryimage\"},\"thumbnailUrl\":\"https:\/\/sandzakpress.net\/arhiva\/wp-content\/uploads\/2018\/06\/medvjed-ubio-konja-696x469.jpg\",\"articleSection\":[\"Pljevlja\",\"Dru\u0161tvo\",\"VA\u017dNO!\"],\"inLanguage\":\"bs-BA\",\"potentialAction\":[{\"@type\":\"CommentAction\",\"name\":\"Comment\",\"target\":[\"https:\/\/sandzakpress.net\/arhiva\/medvjed-u-sandzaku-ubio-konja-pa-se-vratio-lovci-postavili-kamere\/#respond\"]}]},{\"@type\":\"WebPage\",\"@id\":\"https:\/\/sandzakpress.net\/arhiva\/medvjed-u-sandzaku-ubio-konja-pa-se-vratio-lovci-postavili-kamere\/\",\"url\":\"https:\/\/sandzakpress.net\/arhiva\/medvjed-u-sandzaku-ubio-konja-pa-se-vratio-lovci-postavili-kamere\/\",\"name\":\"Medvjed u Sand\u017eaku ubio konja, pa se vratio: Lovci postavili kamere\",\"isPartOf\":{\"@id\":\"https:\/\/sandzakpress.net\/arhiva\/#website\"},\"primaryImageOfPage\":{\"@id\":\"https:\/\/sandzakpress.net\/arhiva\/medvjed-u-sandzaku-ubio-konja-pa-se-vratio-lovci-postavili-kamere\/#primaryimage\"},\"image\":{\"@id\":\"https:\/\/sandzakpress.net\/arhiva\/medvjed-u-sandzaku-ubio-konja-pa-se-vratio-lovci-postavili-kamere\/#primaryimage\"},\"thumbnailUrl\":\"https:\/\/sandzakpress.net\/arhiva\/wp-content\/uploads\/2018\/06\/medvjed-ubio-konja-696x469.jpg\",\"datePublished\":\"2018-06-11T10:55:16+00:00\",\"breadcrumb\":{\"@id\":\"https:\/\/sandzakpress.net\/arhiva\/medvjed-u-sandzaku-ubio-konja-pa-se-vratio-lovci-postavili-kamere\/#breadcrumb\"},\"inLanguage\":\"bs-BA\",\"potentialAction\":[{\"@type\":\"ReadAction\",\"target\":[\"https:\/\/sandzakpress.net\/arhiva\/medvjed-u-sandzaku-ubio-konja-pa-se-vratio-lovci-postavili-kamere\/\"]}]},{\"@type\":\"ImageObject\",\"inLanguage\":\"bs-BA\",\"@id\":\"https:\/\/sandzakpress.net\/arhiva\/medvjed-u-sandzaku-ubio-konja-pa-se-vratio-lovci-postavili-kamere\/#primaryimage\",\"url\":\"https:\/\/sandzakpress.net\/arhiva\/wp-content\/uploads\/2018\/06\/medvjed-ubio-konja-696x469.jpg\",\"contentUrl\":\"https:\/\/sandzakpress.net\/arhiva\/wp-content\/uploads\/2018\/06\/medvjed-ubio-konja-696x469.jpg\",\"width\":696,\"height\":469},{\"@type\":\"BreadcrumbList\",\"@id\":\"https:\/\/sandzakpress.net\/arhiva\/medvjed-u-sandzaku-ubio-konja-pa-se-vratio-lovci-postavili-kamere\/#breadcrumb\",\"itemListElement\":[{\"@type\":\"ListItem\",\"position\":1,\"name\":\"Home\",\"item\":\"https:\/\/sandzakpress.net\/arhiva\/\"},{\"@type\":\"ListItem\",\"position\":2,\"name\":\"Medvjed u Sand\u017eaku ubio konja, pa se vratio: Lovci postavili kamere\"}]},{\"@type\":\"WebSite\",\"@id\":\"https:\/\/sandzakpress.net\/arhiva\/#website\",\"url\":\"https:\/\/sandzakpress.net\/arhiva\/\",\"name\":\"Sand\u017eak PRESS\",\"description\":\"Prve elektronske novine u Sand\u017eaku\",\"publisher\":{\"@id\":\"https:\/\/sandzakpress.net\/arhiva\/#\/schema\/person\/6e72b67d6e51910a1117b3b483ba20bd\"},\"potentialAction\":[{\"@type\":\"SearchAction\",\"target\":{\"@type\":\"EntryPoint\",\"urlTemplate\":\"https:\/\/sandzakpress.net\/arhiva\/?s={search_term_string}\"},\"query-input\":{\"@type\":\"PropertyValueSpecification\",\"valueRequired\":true,\"valueName\":\"search_term_string\"}}],\"inLanguage\":\"bs-BA\"},{\"@type\":[\"Person\",\"Organization\"],\"@id\":\"https:\/\/sandzakpress.net\/arhiva\/#\/schema\/person\/6e72b67d6e51910a1117b3b483ba20bd\",\"name\":\"Kul\",\"image\":{\"@type\":\"ImageObject\",\"inLanguage\":\"bs-BA\",\"@id\":\"https:\/\/sandzakpress.net\/arhiva\/#\/schema\/person\/image\/\",\"url\":\"https:\/\/secure.gravatar.com\/avatar\/42263f39aa27ac04c43cab85c280eb2e?s=96&d=mm&r=pg\",\"contentUrl\":\"https:\/\/secure.gravatar.com\/avatar\/42263f39aa27ac04c43cab85c280eb2e?s=96&d=mm&r=pg\",\"caption\":\"Kul\"},\"logo\":{\"@id\":\"https:\/\/sandzakpress.net\/arhiva\/#\/schema\/person\/image\/\"}},{\"@type\":\"Person\",\"@id\":\"https:\/\/sandzakpress.net\/arhiva\/#\/schema\/person\/cb59d7e3ab91ab90dd680ad0305a6185\",\"name\":\"Agencija\",\"image\":{\"@type\":\"ImageObject\",\"inLanguage\":\"bs-BA\",\"@id\":\"https:\/\/sandzakpress.net\/arhiva\/#\/schema\/person\/image\/\",\"url\":\"https:\/\/secure.gravatar.com\/avatar\/4b7fafa80a22f0c2afe23966b3961fe0?s=96&d=mm&r=pg\",\"contentUrl\":\"https:\/\/secure.gravatar.com\/avatar\/4b7fafa80a22f0c2afe23966b3961fe0?s=96&d=mm&r=pg\",\"caption\":\"Agencija\"},\"url\":\"https:\/\/sandzakpress.net\/arhiva\/author\/agencija\/\"}]}<\/script>\n<!-- \/ Yoast SEO Premium plugin. -->","yoast_head_json":{"title":"Medvjed u Sand\u017eaku ubio konja, pa se vratio: Lovci postavili kamere","robots":{"index":"index","follow":"follow","max-snippet":"max-snippet:-1","max-image-preview":"max-image-preview:large","max-video-preview":"max-video-preview:-1"},"canonical":"https:\/\/sandzakpress.net\/arhiva\/medvjed-u-sandzaku-ubio-konja-pa-se-vratio-lovci-postavili-kamere\/","og_locale":"bs_BA","og_type":"article","og_title":"Medvjed u Sand\u017eaku ubio konja, pa se vratio: Lovci postavili kamere","og_description":"U pljevaljskom selu Potkova\u010d, zaseok \u0110uli medvjed je, prije par dana, u toku no\u0107i, upao u dvori\u0161te tamo\u0161njeg doma\u0107ina Jago\u0161a Drobnjaka i tom prilikom napao konja. Konj se nalazio oko pedeset metara od ku\u0107e. Prema pretpostavkama medvjed je vjerovatno odmah ranio konja, potom je uspio da odvoji ranjenu \u017eivotinju i na nekoliko stotina metara od [&hellip;]","og_url":"https:\/\/sandzakpress.net\/arhiva\/medvjed-u-sandzaku-ubio-konja-pa-se-vratio-lovci-postavili-kamere\/","og_site_name":"Sand\u017eak PRESS","article_published_time":"2018-06-11T10:55:16+00:00","og_image":[{"width":696,"height":469,"url":"https:\/\/sandzakpress.net\/arhiva\/wp-content\/uploads\/2018\/06\/medvjed-ubio-konja-696x469.jpg","type":"image\/jpeg"}],"author":"Agencija","twitter_card":"summary_large_image","twitter_misc":{"Written by":"Agencija","Est. reading time":"1 minuta"},"schema":{"@context":"https:\/\/schema.org","@graph":[{"@type":"Article","@id":"https:\/\/sandzakpress.net\/arhiva\/medvjed-u-sandzaku-ubio-konja-pa-se-vratio-lovci-postavili-kamere\/#article","isPartOf":{"@id":"https:\/\/sandzakpress.net\/arhiva\/medvjed-u-sandzaku-ubio-konja-pa-se-vratio-lovci-postavili-kamere\/"},"author":{"name":"Agencija","@id":"https:\/\/sandzakpress.net\/arhiva\/#\/schema\/person\/cb59d7e3ab91ab90dd680ad0305a6185"},"headline":"Medvjed u Sand\u017eaku ubio konja, pa se vratio: Lovci postavili kamere","datePublished":"2018-06-11T10:55:16+00:00","mainEntityOfPage":{"@id":"https:\/\/sandzakpress.net\/arhiva\/medvjed-u-sandzaku-ubio-konja-pa-se-vratio-lovci-postavili-kamere\/"},"wordCount":202,"commentCount":0,"publisher":{"@id":"https:\/\/sandzakpress.net\/arhiva\/#\/schema\/person\/6e72b67d6e51910a1117b3b483ba20bd"},"image":{"@id":"https:\/\/sandzakpress.net\/arhiva\/medvjed-u-sandzaku-ubio-konja-pa-se-vratio-lovci-postavili-kamere\/#primaryimage"},"thumbnailUrl":"https:\/\/sandzakpress.net\/arhiva\/wp-content\/uploads\/2018\/06\/medvjed-ubio-konja-696x469.jpg","articleSection":["Pljevlja","Dru\u0161tvo","VA\u017dNO!"],"inLanguage":"bs-BA","potentialAction":[{"@type":"CommentAction","name":"Comment","target":["https:\/\/sandzakpress.net\/arhiva\/medvjed-u-sandzaku-ubio-konja-pa-se-vratio-lovci-postavili-kamere\/#respond"]}]},{"@type":"WebPage","@id":"https:\/\/sandzakpress.net\/arhiva\/medvjed-u-sandzaku-ubio-konja-pa-se-vratio-lovci-postavili-kamere\/","url":"https:\/\/sandzakpress.net\/arhiva\/medvjed-u-sandzaku-ubio-konja-pa-se-vratio-lovci-postavili-kamere\/","name":"Medvjed u Sand\u017eaku ubio konja, pa se vratio: Lovci postavili kamere","isPartOf":{"@id":"https:\/\/sandzakpress.net\/arhiva\/#website"},"primaryImageOfPage":{"@id":"https:\/\/sandzakpress.net\/arhiva\/medvjed-u-sandzaku-ubio-konja-pa-se-vratio-lovci-postavili-kamere\/#primaryimage"},"image":{"@id":"https:\/\/sandzakpress.net\/arhiva\/medvjed-u-sandzaku-ubio-konja-pa-se-vratio-lovci-postavili-kamere\/#primaryimage"},"thumbnailUrl":"https:\/\/sandzakpress.net\/arhiva\/wp-content\/uploads\/2018\/06\/medvjed-ubio-konja-696x469.jpg","datePublished":"2018-06-11T10:55:16+00:00","breadcrumb":{"@id":"https:\/\/sandzakpress.net\/arhiva\/medvjed-u-sandzaku-ubio-konja-pa-se-vratio-lovci-postavili-kamere\/#breadcrumb"},"inLanguage":"bs-BA","potentialAction":[{"@type":"ReadAction","target":["https:\/\/sandzakpress.net\/arhiva\/medvjed-u-sandzaku-ubio-konja-pa-se-vratio-lovci-postavili-kamere\/"]}]},{"@type":"ImageObject","inLanguage":"bs-BA","@id":"https:\/\/sandzakpress.net\/arhiva\/medvjed-u-sandzaku-ubio-konja-pa-se-vratio-lovci-postavili-kamere\/#primaryimage","url":"https:\/\/sandzakpress.net\/arhiva\/wp-content\/uploads\/2018\/06\/medvjed-ubio-konja-696x469.jpg","contentUrl":"https:\/\/sandzakpress.net\/arhiva\/wp-content\/uploads\/2018\/06\/medvjed-ubio-konja-696x469.jpg","width":696,"height":469},{"@type":"BreadcrumbList","@id":"https:\/\/sandzakpress.net\/arhiva\/medvjed-u-sandzaku-ubio-konja-pa-se-vratio-lovci-postavili-kamere\/#breadcrumb","itemListElement":[{"@type":"ListItem","position":1,"name":"Home","item":"https:\/\/sandzakpress.net\/arhiva\/"},{"@type":"ListItem","position":2,"name":"Medvjed u Sand\u017eaku ubio konja, pa se vratio: Lovci postavili kamere"}]},{"@type":"WebSite","@id":"https:\/\/sandzakpress.net\/arhiva\/#website","url":"https:\/\/sandzakpress.net\/arhiva\/","name":"Sand\u017eak PRESS","description":"Prve elektronske novine u Sand\u017eaku","publisher":{"@id":"https:\/\/sandzakpress.net\/arhiva\/#\/schema\/person\/6e72b67d6e51910a1117b3b483ba20bd"},"potentialAction":[{"@type":"SearchAction","target":{"@type":"EntryPoint","urlTemplate":"https:\/\/sandzakpress.net\/arhiva\/?s={search_term_string}"},"query-input":{"@type":"PropertyValueSpecification","valueRequired":true,"valueName":"search_term_string"}}],"inLanguage":"bs-BA"},{"@type":["Person","Organization"],"@id":"https:\/\/sandzakpress.net\/arhiva\/#\/schema\/person\/6e72b67d6e51910a1117b3b483ba20bd","name":"Kul","image":{"@type":"ImageObject","inLanguage":"bs-BA","@id":"https:\/\/sandzakpress.net\/arhiva\/#\/schema\/person\/image\/","url":"https:\/\/secure.gravatar.com\/avatar\/42263f39aa27ac04c43cab85c280eb2e?s=96&d=mm&r=pg","contentUrl":"https:\/\/secure.gravatar.com\/avatar\/42263f39aa27ac04c43cab85c280eb2e?s=96&d=mm&r=pg","caption":"Kul"},"logo":{"@id":"https:\/\/sandzakpress.net\/arhiva\/#\/schema\/person\/image\/"}},{"@type":"Person","@id":"https:\/\/sandzakpress.net\/arhiva\/#\/schema\/person\/cb59d7e3ab91ab90dd680ad0305a6185","name":"Agencija","image":{"@type":"ImageObject","inLanguage":"bs-BA","@id":"https:\/\/sandzakpress.net\/arhiva\/#\/schema\/person\/image\/","url":"https:\/\/secure.gravatar.com\/avatar\/4b7fafa80a22f0c2afe23966b3961fe0?s=96&d=mm&r=pg","contentUrl":"https:\/\/secure.gravatar.com\/avatar\/4b7fafa80a22f0c2afe23966b3961fe0?s=96&d=mm&r=pg","caption":"Agencija"},"url":"https:\/\/sandzakpress.net\/arhiva\/author\/agencija\/"}]}},"_links":{"self":[{"href":"https:\/\/sandzakpress.net\/arhiva\/wp-json\/wp\/v2\/posts\/208161"}],"collection":[{"href":"https:\/\/sandzakpress.net\/arhiva\/wp-json\/wp\/v2\/posts"}],"about":[{"href":"https:\/\/sandzakpress.net\/arhiva\/wp-json\/wp\/v2\/types\/post"}],"author":[{"embeddable":true,"href":"https:\/\/sandzakpress.net\/arhiva\/wp-json\/wp\/v2\/users\/509"}],"replies":[{"embeddable":true,"href":"https:\/\/sandzakpress.net\/arhiva\/wp-json\/wp\/v2\/comments?post=208161"}],"version-history":[{"count":0,"href":"https:\/\/sandzakpress.net\/arhiva\/wp-json\/wp\/v2\/posts\/208161\/revisions"}],"wp:featuredmedia":[{"embeddable":true,"href":"https:\/\/sandzakpress.net\/arhiva\/wp-json\/wp\/v2\/media\/208169"}],"wp:attachment":[{"href":"https:\/\/sandzakpress.net\/arhiva\/wp-json\/wp\/v2\/media?parent=208161"}],"wp:term":[{"taxonomy":"category","embeddable":true,"href":"https:\/\/sandzakpress.net\/arhiva\/wp-json\/wp\/v2\/categories?post=208161"},{"taxonomy":"post_tag","embeddable":true,"href":"https:\/\/sandzakpress.net\/arhiva\/wp-json\/wp\/v2\/tags?post=208161"}],"curies":[{"name":"wp","href":"https:\/\/api.w.org\/{rel}","templated":true}]}}