{"id":208009,"date":"2018-06-07T16:20:18","date_gmt":"2018-06-07T14:20:18","guid":{"rendered":"https:\/\/sandzakpress.net\/arhiva\/?p=208009"},"modified":"2018-06-07T16:17:01","modified_gmt":"2018-06-07T14:17:01","slug":"formiran-odbor-za-medureligijski-dijalog-spp-a","status":"publish","type":"post","link":"https:\/\/sandzakpress.net\/arhiva\/formiran-odbor-za-medureligijski-dijalog-spp-a\/","title":{"rendered":"Formiran Odbor za me\u0111ureligijski dijalog SPP-a"},"content":{"rendered":"<p><img loading=\"lazy\" decoding=\"async\" class=\"size-large wp-image-5557 aligncenter\" src=\"http:\/\/spp.rs\/wp-content\/uploads\/2018\/06\/EL2A0940-650x427.jpg\" alt=\"\" width=\"650\" height=\"427\" \/><\/p>\n<p><strong>Dana 07.06.2018. godine u prostorijama Stranke pravde i pomirenja u Beogradu od strana\u010dkih i nestrana\u010dkih li\u010dnosti i eksperata iz oblasti religija formiran je odbor za me\u0111ureligijski dijalog. <\/strong><\/p>\n<p>Konstituiraju\u0107om sjednicom predsjedavao je predsjednik akademik Muamer Zukorli\u0107 a istoj je prisustvovao podpredsjednik dr. Jahja Fehratovi\u0107.<\/p>\n<p>Predsjednik Zukorli\u0107 je istakao da je cilj ovog odbora da doprinosti misiji pomirenja kroz kapacitet razli\u010ditosti i autenti\u010dnog slobodnog i zdravog mi\u0161ljenja unutar vjera.<\/p>\n<p>U sastav odbora u\u0161li su predstavnici islamske, pravoslavne i katoli\u010dke vjeroispovjesti prof.dr Nenad Proki\u0107, prof.dr Ljuba Stojanovi\u0107, prof.dr hafiz Almir Pramenkovi\u0107, prof. Sead \u0160a\u0107irovi\u0107 i had\u017ei Hajro ef. Tuti\u0107. Nakon konstuisanja \u010dlanovi odbora su jednoglasno za predsjednika izabrali najstarijeg i sa najve\u0107im iskustvom &#8211; had\u017ei Hajra ef. Tuti\u0107a.<\/p>\n<p>U svojim uvodnim obra\u0107anjima \u010dlanovi odbora su posebno istakli zahvalnost za pozivom da u\u010destvuju u radu ovakvog organa nagla\u0161avaju\u0107i da je najva\u017enija potreba na\u0161eg dru\u0161tva dijalog i pomirenje me\u0111u razli\u010ditim vjerama i narodima.<\/p>\n<p>Predsjednik odbora had\u017ei Hajro ef. Tuti\u0107 posebno se osvrnuo na univerzalnost Kuranske poruke: \u201eNare\u0111ujte dobro i odvra\u0107ajte od zla.\u201c Podpredsjednik i \u010dlan ovog odbora prof.dr Nenad Proki\u0107 govorio je o projektu konsocijacije iz predhodnog perioda i potrebi da ovaj odbor sna\u017eno suprotstavi takvom odnosu, odnosno neophodnosti da na\u0161e dru\u0161tvo i \u017eivot izgra\u0111ujemo jedni sa drugima, jedni uz druge, a ne jedni protiv drugih ili me\u0111usobno suprotstavljeni.<\/p>\n<p>Prof.dr Stojanovi\u0107 je govorio o va\u017enosti izgra\u0111ivanja osje\u0107aja kod vjernika da trebaju preduzeti dru\u0161tvenu odgovornost i izgra\u0111ivati svijest o tome \u0161ta mi ostavljamo svojim potomcima u naslje\u0111e.<\/p>\n<p>Prof.dr Pramenkovi\u0107 govorio je o va\u017enosti demistifikacije stereotipa u drugom i druga\u010dijem, dok je prof. \u0160a\u0107irovi\u0107 posebno akcentirao potrebu konstantnog dijaloga sa sobom i drugima.<\/p>\n<p>Odbor \u0107e u narednom periodu izraditi detaljnu strategiju i akcioni plan prema kome \u0107e nastojati da djeluje unutar svih vjerskih zajednica u na\u0161oj dr\u017eavi i regionu.<\/p>\n<p><img loading=\"lazy\" decoding=\"async\" class=\"size-large wp-image-5555 aligncenter\" src=\"http:\/\/spp.rs\/wp-content\/uploads\/2018\/06\/EL2A0937-650x433.jpg\" alt=\"\" width=\"650\" height=\"433\" \/><img loading=\"lazy\" decoding=\"async\" class=\"size-large wp-image-5559 aligncenter\" src=\"http:\/\/spp.rs\/wp-content\/uploads\/2018\/06\/EL2A0955-650x433.jpg\" alt=\"\" width=\"650\" height=\"433\" \/><\/p>\n","protected":false},"excerpt":{"rendered":"<p>Dana 07.06.2018. godine u prostorijama Stranke pravde i pomirenja u Beogradu od strana\u010dkih i nestrana\u010dkih li\u010dnosti i eksperata iz oblasti religija formiran je odbor za me\u0111ureligijski dijalog. Konstituiraju\u0107om sjednicom predsjedavao je predsjednik akademik Muamer Zukorli\u0107 a istoj je prisustvovao podpredsjednik dr. Jahja Fehratovi\u0107. Predsjednik Zukorli\u0107 je istakao da je cilj ovog odbora da doprinosti misiji [&hellip;]<\/p>\n","protected":false},"author":509,"featured_media":208012,"comment_status":"open","ping_status":"open","sticky":false,"template":"","format":"standard","meta":{"footnotes":""},"categories":[72,1,10307,8957],"tags":[10204,10223,10541],"class_list":{"0":"post-208009","1":"post","2":"type-post","3":"status-publish","4":"format-standard","5":"has-post-thumbnail","7":"category-novi-pazar","8":"category-politika","9":"category-srbija","10":"category-vijesti-dana","11":"tag-muftija-muamer-zukorlic","12":"tag-bdz","13":"tag-spp"},"yoast_head":"<!-- This site is optimized with the Yoast SEO Premium plugin v23.1 (Yoast SEO v24.9) - https:\/\/yoast.com\/wordpress\/plugins\/seo\/ -->\n<title>Formiran Odbor za me\u0111ureligijski dijalog SPP-a<\/title>\n<meta name=\"robots\" content=\"index, follow, max-snippet:-1, max-image-preview:large, max-video-preview:-1\" \/>\n<link rel=\"canonical\" href=\"https:\/\/sandzakpress.net\/arhiva\/formiran-odbor-za-medureligijski-dijalog-spp-a\/\" \/>\n<meta property=\"og:locale\" content=\"bs_BA\" \/>\n<meta property=\"og:type\" content=\"article\" \/>\n<meta property=\"og:title\" content=\"Formiran Odbor za me\u0111ureligijski dijalog SPP-a\" \/>\n<meta property=\"og:description\" content=\"Dana 07.06.2018. godine u prostorijama Stranke pravde i pomirenja u Beogradu od strana\u010dkih i nestrana\u010dkih li\u010dnosti i eksperata iz oblasti religija formiran je odbor za me\u0111ureligijski dijalog. Konstituiraju\u0107om sjednicom predsjedavao je predsjednik akademik Muamer Zukorli\u0107 a istoj je prisustvovao podpredsjednik dr. Jahja Fehratovi\u0107. Predsjednik Zukorli\u0107 je istakao da je cilj ovog odbora da doprinosti misiji [&hellip;]\" \/>\n<meta property=\"og:url\" content=\"https:\/\/sandzakpress.net\/arhiva\/formiran-odbor-za-medureligijski-dijalog-spp-a\/\" \/>\n<meta property=\"og:site_name\" content=\"Sand\u017eak PRESS\" \/>\n<meta property=\"article:published_time\" content=\"2018-06-07T14:20:18+00:00\" \/>\n<meta property=\"og:image\" content=\"https:\/\/sandzakpress.net\/arhiva\/wp-content\/uploads\/2018\/06\/EL2A0940-650x427.jpg\" \/>\n\t<meta property=\"og:image:width\" content=\"650\" \/>\n\t<meta property=\"og:image:height\" content=\"427\" \/>\n\t<meta property=\"og:image:type\" content=\"image\/jpeg\" \/>\n<meta name=\"author\" content=\"Agencija\" \/>\n<meta name=\"twitter:card\" content=\"summary_large_image\" \/>\n<meta name=\"twitter:label1\" content=\"Written by\" \/>\n\t<meta name=\"twitter:data1\" content=\"Agencija\" \/>\n\t<meta name=\"twitter:label2\" content=\"Est. reading time\" \/>\n\t<meta name=\"twitter:data2\" content=\"2 minute\" \/>\n<script type=\"application\/ld+json\" class=\"yoast-schema-graph\">{\"@context\":\"https:\/\/schema.org\",\"@graph\":[{\"@type\":\"Article\",\"@id\":\"https:\/\/sandzakpress.net\/arhiva\/formiran-odbor-za-medureligijski-dijalog-spp-a\/#article\",\"isPartOf\":{\"@id\":\"https:\/\/sandzakpress.net\/arhiva\/formiran-odbor-za-medureligijski-dijalog-spp-a\/\"},\"author\":{\"name\":\"Agencija\",\"@id\":\"https:\/\/sandzakpress.net\/arhiva\/#\/schema\/person\/cb59d7e3ab91ab90dd680ad0305a6185\"},\"headline\":\"Formiran Odbor za me\u0111ureligijski dijalog SPP-a\",\"datePublished\":\"2018-06-07T14:20:18+00:00\",\"mainEntityOfPage\":{\"@id\":\"https:\/\/sandzakpress.net\/arhiva\/formiran-odbor-za-medureligijski-dijalog-spp-a\/\"},\"wordCount\":347,\"commentCount\":5,\"publisher\":{\"@id\":\"https:\/\/sandzakpress.net\/arhiva\/#\/schema\/person\/6e72b67d6e51910a1117b3b483ba20bd\"},\"image\":{\"@id\":\"https:\/\/sandzakpress.net\/arhiva\/formiran-odbor-za-medureligijski-dijalog-spp-a\/#primaryimage\"},\"thumbnailUrl\":\"https:\/\/sandzakpress.net\/arhiva\/wp-content\/uploads\/2018\/06\/EL2A0940-650x427.jpg\",\"keywords\":[\"muftija Muamer Zukorli\u0107\",\"BDZ\",\"SPP\"],\"articleSection\":[\"Novi Pazar\",\"Politika\",\"Srbija\",\"VIJESTI DANA\"],\"inLanguage\":\"bs-BA\",\"potentialAction\":[{\"@type\":\"CommentAction\",\"name\":\"Comment\",\"target\":[\"https:\/\/sandzakpress.net\/arhiva\/formiran-odbor-za-medureligijski-dijalog-spp-a\/#respond\"]}]},{\"@type\":\"WebPage\",\"@id\":\"https:\/\/sandzakpress.net\/arhiva\/formiran-odbor-za-medureligijski-dijalog-spp-a\/\",\"url\":\"https:\/\/sandzakpress.net\/arhiva\/formiran-odbor-za-medureligijski-dijalog-spp-a\/\",\"name\":\"Formiran Odbor za me\u0111ureligijski dijalog SPP-a\",\"isPartOf\":{\"@id\":\"https:\/\/sandzakpress.net\/arhiva\/#website\"},\"primaryImageOfPage\":{\"@id\":\"https:\/\/sandzakpress.net\/arhiva\/formiran-odbor-za-medureligijski-dijalog-spp-a\/#primaryimage\"},\"image\":{\"@id\":\"https:\/\/sandzakpress.net\/arhiva\/formiran-odbor-za-medureligijski-dijalog-spp-a\/#primaryimage\"},\"thumbnailUrl\":\"https:\/\/sandzakpress.net\/arhiva\/wp-content\/uploads\/2018\/06\/EL2A0940-650x427.jpg\",\"datePublished\":\"2018-06-07T14:20:18+00:00\",\"breadcrumb\":{\"@id\":\"https:\/\/sandzakpress.net\/arhiva\/formiran-odbor-za-medureligijski-dijalog-spp-a\/#breadcrumb\"},\"inLanguage\":\"bs-BA\",\"potentialAction\":[{\"@type\":\"ReadAction\",\"target\":[\"https:\/\/sandzakpress.net\/arhiva\/formiran-odbor-za-medureligijski-dijalog-spp-a\/\"]}]},{\"@type\":\"ImageObject\",\"inLanguage\":\"bs-BA\",\"@id\":\"https:\/\/sandzakpress.net\/arhiva\/formiran-odbor-za-medureligijski-dijalog-spp-a\/#primaryimage\",\"url\":\"https:\/\/sandzakpress.net\/arhiva\/wp-content\/uploads\/2018\/06\/EL2A0940-650x427.jpg\",\"contentUrl\":\"https:\/\/sandzakpress.net\/arhiva\/wp-content\/uploads\/2018\/06\/EL2A0940-650x427.jpg\",\"width\":650,\"height\":427},{\"@type\":\"BreadcrumbList\",\"@id\":\"https:\/\/sandzakpress.net\/arhiva\/formiran-odbor-za-medureligijski-dijalog-spp-a\/#breadcrumb\",\"itemListElement\":[{\"@type\":\"ListItem\",\"position\":1,\"name\":\"Home\",\"item\":\"https:\/\/sandzakpress.net\/arhiva\/\"},{\"@type\":\"ListItem\",\"position\":2,\"name\":\"Formiran Odbor za me\u0111ureligijski dijalog SPP-a\"}]},{\"@type\":\"WebSite\",\"@id\":\"https:\/\/sandzakpress.net\/arhiva\/#website\",\"url\":\"https:\/\/sandzakpress.net\/arhiva\/\",\"name\":\"Sand\u017eak PRESS\",\"description\":\"Prve elektronske novine u Sand\u017eaku\",\"publisher\":{\"@id\":\"https:\/\/sandzakpress.net\/arhiva\/#\/schema\/person\/6e72b67d6e51910a1117b3b483ba20bd\"},\"potentialAction\":[{\"@type\":\"SearchAction\",\"target\":{\"@type\":\"EntryPoint\",\"urlTemplate\":\"https:\/\/sandzakpress.net\/arhiva\/?s={search_term_string}\"},\"query-input\":{\"@type\":\"PropertyValueSpecification\",\"valueRequired\":true,\"valueName\":\"search_term_string\"}}],\"inLanguage\":\"bs-BA\"},{\"@type\":[\"Person\",\"Organization\"],\"@id\":\"https:\/\/sandzakpress.net\/arhiva\/#\/schema\/person\/6e72b67d6e51910a1117b3b483ba20bd\",\"name\":\"Kul\",\"image\":{\"@type\":\"ImageObject\",\"inLanguage\":\"bs-BA\",\"@id\":\"https:\/\/sandzakpress.net\/arhiva\/#\/schema\/person\/image\/\",\"url\":\"https:\/\/secure.gravatar.com\/avatar\/42263f39aa27ac04c43cab85c280eb2e?s=96&d=mm&r=pg\",\"contentUrl\":\"https:\/\/secure.gravatar.com\/avatar\/42263f39aa27ac04c43cab85c280eb2e?s=96&d=mm&r=pg\",\"caption\":\"Kul\"},\"logo\":{\"@id\":\"https:\/\/sandzakpress.net\/arhiva\/#\/schema\/person\/image\/\"}},{\"@type\":\"Person\",\"@id\":\"https:\/\/sandzakpress.net\/arhiva\/#\/schema\/person\/cb59d7e3ab91ab90dd680ad0305a6185\",\"name\":\"Agencija\",\"image\":{\"@type\":\"ImageObject\",\"inLanguage\":\"bs-BA\",\"@id\":\"https:\/\/sandzakpress.net\/arhiva\/#\/schema\/person\/image\/\",\"url\":\"https:\/\/secure.gravatar.com\/avatar\/4b7fafa80a22f0c2afe23966b3961fe0?s=96&d=mm&r=pg\",\"contentUrl\":\"https:\/\/secure.gravatar.com\/avatar\/4b7fafa80a22f0c2afe23966b3961fe0?s=96&d=mm&r=pg\",\"caption\":\"Agencija\"},\"url\":\"https:\/\/sandzakpress.net\/arhiva\/author\/agencija\/\"}]}<\/script>\n<!-- \/ Yoast SEO Premium plugin. -->","yoast_head_json":{"title":"Formiran Odbor za me\u0111ureligijski dijalog SPP-a","robots":{"index":"index","follow":"follow","max-snippet":"max-snippet:-1","max-image-preview":"max-image-preview:large","max-video-preview":"max-video-preview:-1"},"canonical":"https:\/\/sandzakpress.net\/arhiva\/formiran-odbor-za-medureligijski-dijalog-spp-a\/","og_locale":"bs_BA","og_type":"article","og_title":"Formiran Odbor za me\u0111ureligijski dijalog SPP-a","og_description":"Dana 07.06.2018. godine u prostorijama Stranke pravde i pomirenja u Beogradu od strana\u010dkih i nestrana\u010dkih li\u010dnosti i eksperata iz oblasti religija formiran je odbor za me\u0111ureligijski dijalog. Konstituiraju\u0107om sjednicom predsjedavao je predsjednik akademik Muamer Zukorli\u0107 a istoj je prisustvovao podpredsjednik dr. Jahja Fehratovi\u0107. Predsjednik Zukorli\u0107 je istakao da je cilj ovog odbora da doprinosti misiji [&hellip;]","og_url":"https:\/\/sandzakpress.net\/arhiva\/formiran-odbor-za-medureligijski-dijalog-spp-a\/","og_site_name":"Sand\u017eak PRESS","article_published_time":"2018-06-07T14:20:18+00:00","og_image":[{"width":650,"height":427,"url":"https:\/\/sandzakpress.net\/arhiva\/wp-content\/uploads\/2018\/06\/EL2A0940-650x427.jpg","type":"image\/jpeg"}],"author":"Agencija","twitter_card":"summary_large_image","twitter_misc":{"Written by":"Agencija","Est. reading time":"2 minute"},"schema":{"@context":"https:\/\/schema.org","@graph":[{"@type":"Article","@id":"https:\/\/sandzakpress.net\/arhiva\/formiran-odbor-za-medureligijski-dijalog-spp-a\/#article","isPartOf":{"@id":"https:\/\/sandzakpress.net\/arhiva\/formiran-odbor-za-medureligijski-dijalog-spp-a\/"},"author":{"name":"Agencija","@id":"https:\/\/sandzakpress.net\/arhiva\/#\/schema\/person\/cb59d7e3ab91ab90dd680ad0305a6185"},"headline":"Formiran Odbor za me\u0111ureligijski dijalog SPP-a","datePublished":"2018-06-07T14:20:18+00:00","mainEntityOfPage":{"@id":"https:\/\/sandzakpress.net\/arhiva\/formiran-odbor-za-medureligijski-dijalog-spp-a\/"},"wordCount":347,"commentCount":5,"publisher":{"@id":"https:\/\/sandzakpress.net\/arhiva\/#\/schema\/person\/6e72b67d6e51910a1117b3b483ba20bd"},"image":{"@id":"https:\/\/sandzakpress.net\/arhiva\/formiran-odbor-za-medureligijski-dijalog-spp-a\/#primaryimage"},"thumbnailUrl":"https:\/\/sandzakpress.net\/arhiva\/wp-content\/uploads\/2018\/06\/EL2A0940-650x427.jpg","keywords":["muftija Muamer Zukorli\u0107","BDZ","SPP"],"articleSection":["Novi Pazar","Politika","Srbija","VIJESTI DANA"],"inLanguage":"bs-BA","potentialAction":[{"@type":"CommentAction","name":"Comment","target":["https:\/\/sandzakpress.net\/arhiva\/formiran-odbor-za-medureligijski-dijalog-spp-a\/#respond"]}]},{"@type":"WebPage","@id":"https:\/\/sandzakpress.net\/arhiva\/formiran-odbor-za-medureligijski-dijalog-spp-a\/","url":"https:\/\/sandzakpress.net\/arhiva\/formiran-odbor-za-medureligijski-dijalog-spp-a\/","name":"Formiran Odbor za me\u0111ureligijski dijalog SPP-a","isPartOf":{"@id":"https:\/\/sandzakpress.net\/arhiva\/#website"},"primaryImageOfPage":{"@id":"https:\/\/sandzakpress.net\/arhiva\/formiran-odbor-za-medureligijski-dijalog-spp-a\/#primaryimage"},"image":{"@id":"https:\/\/sandzakpress.net\/arhiva\/formiran-odbor-za-medureligijski-dijalog-spp-a\/#primaryimage"},"thumbnailUrl":"https:\/\/sandzakpress.net\/arhiva\/wp-content\/uploads\/2018\/06\/EL2A0940-650x427.jpg","datePublished":"2018-06-07T14:20:18+00:00","breadcrumb":{"@id":"https:\/\/sandzakpress.net\/arhiva\/formiran-odbor-za-medureligijski-dijalog-spp-a\/#breadcrumb"},"inLanguage":"bs-BA","potentialAction":[{"@type":"ReadAction","target":["https:\/\/sandzakpress.net\/arhiva\/formiran-odbor-za-medureligijski-dijalog-spp-a\/"]}]},{"@type":"ImageObject","inLanguage":"bs-BA","@id":"https:\/\/sandzakpress.net\/arhiva\/formiran-odbor-za-medureligijski-dijalog-spp-a\/#primaryimage","url":"https:\/\/sandzakpress.net\/arhiva\/wp-content\/uploads\/2018\/06\/EL2A0940-650x427.jpg","contentUrl":"https:\/\/sandzakpress.net\/arhiva\/wp-content\/uploads\/2018\/06\/EL2A0940-650x427.jpg","width":650,"height":427},{"@type":"BreadcrumbList","@id":"https:\/\/sandzakpress.net\/arhiva\/formiran-odbor-za-medureligijski-dijalog-spp-a\/#breadcrumb","itemListElement":[{"@type":"ListItem","position":1,"name":"Home","item":"https:\/\/sandzakpress.net\/arhiva\/"},{"@type":"ListItem","position":2,"name":"Formiran Odbor za me\u0111ureligijski dijalog SPP-a"}]},{"@type":"WebSite","@id":"https:\/\/sandzakpress.net\/arhiva\/#website","url":"https:\/\/sandzakpress.net\/arhiva\/","name":"Sand\u017eak PRESS","description":"Prve elektronske novine u Sand\u017eaku","publisher":{"@id":"https:\/\/sandzakpress.net\/arhiva\/#\/schema\/person\/6e72b67d6e51910a1117b3b483ba20bd"},"potentialAction":[{"@type":"SearchAction","target":{"@type":"EntryPoint","urlTemplate":"https:\/\/sandzakpress.net\/arhiva\/?s={search_term_string}"},"query-input":{"@type":"PropertyValueSpecification","valueRequired":true,"valueName":"search_term_string"}}],"inLanguage":"bs-BA"},{"@type":["Person","Organization"],"@id":"https:\/\/sandzakpress.net\/arhiva\/#\/schema\/person\/6e72b67d6e51910a1117b3b483ba20bd","name":"Kul","image":{"@type":"ImageObject","inLanguage":"bs-BA","@id":"https:\/\/sandzakpress.net\/arhiva\/#\/schema\/person\/image\/","url":"https:\/\/secure.gravatar.com\/avatar\/42263f39aa27ac04c43cab85c280eb2e?s=96&d=mm&r=pg","contentUrl":"https:\/\/secure.gravatar.com\/avatar\/42263f39aa27ac04c43cab85c280eb2e?s=96&d=mm&r=pg","caption":"Kul"},"logo":{"@id":"https:\/\/sandzakpress.net\/arhiva\/#\/schema\/person\/image\/"}},{"@type":"Person","@id":"https:\/\/sandzakpress.net\/arhiva\/#\/schema\/person\/cb59d7e3ab91ab90dd680ad0305a6185","name":"Agencija","image":{"@type":"ImageObject","inLanguage":"bs-BA","@id":"https:\/\/sandzakpress.net\/arhiva\/#\/schema\/person\/image\/","url":"https:\/\/secure.gravatar.com\/avatar\/4b7fafa80a22f0c2afe23966b3961fe0?s=96&d=mm&r=pg","contentUrl":"https:\/\/secure.gravatar.com\/avatar\/4b7fafa80a22f0c2afe23966b3961fe0?s=96&d=mm&r=pg","caption":"Agencija"},"url":"https:\/\/sandzakpress.net\/arhiva\/author\/agencija\/"}]}},"_links":{"self":[{"href":"https:\/\/sandzakpress.net\/arhiva\/wp-json\/wp\/v2\/posts\/208009"}],"collection":[{"href":"https:\/\/sandzakpress.net\/arhiva\/wp-json\/wp\/v2\/posts"}],"about":[{"href":"https:\/\/sandzakpress.net\/arhiva\/wp-json\/wp\/v2\/types\/post"}],"author":[{"embeddable":true,"href":"https:\/\/sandzakpress.net\/arhiva\/wp-json\/wp\/v2\/users\/509"}],"replies":[{"embeddable":true,"href":"https:\/\/sandzakpress.net\/arhiva\/wp-json\/wp\/v2\/comments?post=208009"}],"version-history":[{"count":0,"href":"https:\/\/sandzakpress.net\/arhiva\/wp-json\/wp\/v2\/posts\/208009\/revisions"}],"wp:featuredmedia":[{"embeddable":true,"href":"https:\/\/sandzakpress.net\/arhiva\/wp-json\/wp\/v2\/media\/208012"}],"wp:attachment":[{"href":"https:\/\/sandzakpress.net\/arhiva\/wp-json\/wp\/v2\/media?parent=208009"}],"wp:term":[{"taxonomy":"category","embeddable":true,"href":"https:\/\/sandzakpress.net\/arhiva\/wp-json\/wp\/v2\/categories?post=208009"},{"taxonomy":"post_tag","embeddable":true,"href":"https:\/\/sandzakpress.net\/arhiva\/wp-json\/wp\/v2\/tags?post=208009"}],"curies":[{"name":"wp","href":"https:\/\/api.w.org\/{rel}","templated":true}]}}