{"id":207997,"date":"2018-06-07T15:20:10","date_gmt":"2018-06-07T13:20:10","guid":{"rendered":"https:\/\/sandzakpress.net\/arhiva\/?p=207997"},"modified":"2018-06-07T15:20:10","modified_gmt":"2018-06-07T13:20:10","slug":"u-rozajama-uprilicen-iftar-u-organizaciji-muftijstva-sandzackog","status":"publish","type":"post","link":"https:\/\/sandzakpress.net\/arhiva\/u-rozajama-uprilicen-iftar-u-organizaciji-muftijstva-sandzackog\/","title":{"rendered":"U Ro\u017eajama uprili\u010den iftar u organizaciji Muftijstva sand\u017ea\u010dkog"},"content":{"rendered":"<p><img loading=\"lazy\" decoding=\"async\" class=\"alignnone size-full wp-image-207998\" src=\"https:\/\/sandzakpress.net\/arhiva\/wp-content\/uploads\/2018\/06\/0-1.jpg\" alt=\"\" width=\"960\" height=\"538\" srcset=\"https:\/\/sandzakpress.net\/arhiva\/wp-content\/uploads\/2018\/06\/0-1.jpg 960w, https:\/\/sandzakpress.net\/arhiva\/wp-content\/uploads\/2018\/06\/0-1-768x430.jpg 768w, https:\/\/sandzakpress.net\/arhiva\/wp-content\/uploads\/2018\/06\/0-1-616x345.jpg 616w\" sizes=\"(max-width: 960px) 100vw, 960px\" \/><\/p>\n<p><strong>U organizaciji Muftijstva sand\u017ea\u010dkog u Ro\u017eajama je u hotelu Wahels dana 06. 06. 2018. godine priredjen iftar za preko 200 zvanica.<\/strong><\/p>\n<p>Muftija sand\u017ea\u010dki hfz. Abdurrahman ef. Kujevi\u0107 se obratio prisutnima govore\u0107i o su\u0161tini ibadeta zbog \u010dijeg ostvarivanja nas je stvorio Gospodar svih svjetova. Na dunjaluku postoji d\u017eennet, ko ne udje u taj d\u017eennet na dunjaluku ne\u0107e u\u0107i ni u vje\u010dni obe\u0107ani d\u017eennet na Ahiretu. D\u017eennet na ovom sv<span class=\"text_exposed_show\">ijetu je ibadet. Vjernici dok vr\u0161e ibadet oni osje\u0107aju takvu slast i ljepotu isto kao \u0161to u\u017eivaju stanovnici d\u017eenneta zato je ibadet i nazvan ovim najljep\u0161im terminom, istakao je Muftija Kujevi\u0107.<\/span><\/p>\n<div class=\"text_exposed_show\">\n<p>Drugu stvar koju \u017eelim da napomenem jeste da su dva uslova za uspjeh i prosperitet jedne zajednice :<\/p>\n<p>Prvi je da imamo sposobne pojedince u svim oblastima i segmentima koji \u0107e svoj posao raditi perfektno.<\/p>\n<p>A drugi uslov je da ti sposobni pojedinci rade timski to jeste kroz d\u017eemat odnosno instituciju.<\/p>\n<p>Tome nas je nau\u010dio Allahov Poslanik alejhi selam koji je odgojio najbolje pojedince kakve do tada svijet nije vidio poput Ebu Bekra, Omera, Osmana, Alije, Ebu Ubejda El D\u017eerraha i mnogih drugih. Svaki od njih je vrijedio kao jedan cijeli narod. Ali nije bilo dovoljno da oni samostalno rade i pojedina\u010dno djeluju ve\u0107 ih je Allahov poslanik organizirao kroz zajednicu i institucije \u010dije je temelje udario \u010dim je do\u0161ao u Medinu, napomenuo je hfz. Kujevi\u0107.<\/p>\n<p>Tre\u0107u stvar koju \u017eelim da podvu\u010dem ve\u010deras jeste obaveza svakog pojedinca da doprinese \u0161irenji istine do te mjere da ona svugdje zadominira i zavladala. Svi smo du\u017eni da popravljamo stanje oko nas i u okru\u017eenju. To nam je garancija opstanka. Ne smijemo \u010dekati da nam pojedinci koji su na \u010delu naroda ostvare sve na\u0161e klju\u010dne ciljeve a da se mi izmi\u010demo i nalazimo opravdanja i izgovore za na\u0161u informiranost i pasivizam. Takav odnos \u0107e nas dovesti do nestanka na ovim prostorima a na\u0161i potomci \u0107e se raseljeni po dalekom bijelom svijetu utapati i asimilirati u velike nacije i narode, rekao je Muftija sand\u017ea\u010dki.<\/p>\n<p>Znam da ste vi koji ste do\u0161li na ovaj iftar odabrani dio na\u0161eg naroda i dovoljan je va\u0161 broj da promijeni stanje na bolje ne samo u na\u0161oj \u010dar\u0161iji ve\u0107 i u cijeloj dr\u017eavi kako bismo \u017eivjeli u jo\u0161 ljep\u0161oj, \u010dvr\u0161\u0107oj, sigurnijoj i bogatijoj dr\u017eavi, zavr\u0161io je Muftija Kujevi\u0107.<\/p>\n<p>Informativna slu\u017eba Muftijstva sand\u017ea\u010dkog.<\/p>\n<\/div>\n<p><iframe loading=\"lazy\" style=\"border: none; overflow: hidden;\" src=\"https:\/\/www.facebook.com\/plugins\/post.php?href=https%3A%2F%2Fwww.facebook.com%2FAbdurrahmanKujevic%2Fposts%2F2223861180962574&amp;width=500\" width=\"500\" height=\"795\" frameborder=\"0\" scrolling=\"no\"><\/iframe><\/p>\n<p>\u00a0<img loading=\"lazy\" decoding=\"async\" class=\"alignnone size-full wp-image-207999\" src=\"https:\/\/sandzakpress.net\/arhiva\/wp-content\/uploads\/2018\/06\/1-5.jpg\" alt=\"\" width=\"960\" height=\"538\" srcset=\"https:\/\/sandzakpress.net\/arhiva\/wp-content\/uploads\/2018\/06\/1-5.jpg 960w, https:\/\/sandzakpress.net\/arhiva\/wp-content\/uploads\/2018\/06\/1-5-768x430.jpg 768w, https:\/\/sandzakpress.net\/arhiva\/wp-content\/uploads\/2018\/06\/1-5-616x345.jpg 616w\" sizes=\"(max-width: 960px) 100vw, 960px\" \/> <img loading=\"lazy\" decoding=\"async\" class=\"alignnone size-full wp-image-208000\" src=\"https:\/\/sandzakpress.net\/arhiva\/wp-content\/uploads\/2018\/06\/2-2.jpg\" alt=\"\" width=\"960\" height=\"538\" srcset=\"https:\/\/sandzakpress.net\/arhiva\/wp-content\/uploads\/2018\/06\/2-2.jpg 960w, https:\/\/sandzakpress.net\/arhiva\/wp-content\/uploads\/2018\/06\/2-2-768x430.jpg 768w, https:\/\/sandzakpress.net\/arhiva\/wp-content\/uploads\/2018\/06\/2-2-616x345.jpg 616w\" sizes=\"(max-width: 960px) 100vw, 960px\" \/> <img loading=\"lazy\" decoding=\"async\" class=\"alignnone size-full wp-image-208001\" src=\"https:\/\/sandzakpress.net\/arhiva\/wp-content\/uploads\/2018\/06\/4-3.jpg\" alt=\"\" width=\"960\" height=\"538\" srcset=\"https:\/\/sandzakpress.net\/arhiva\/wp-content\/uploads\/2018\/06\/4-3.jpg 960w, https:\/\/sandzakpress.net\/arhiva\/wp-content\/uploads\/2018\/06\/4-3-768x430.jpg 768w, https:\/\/sandzakpress.net\/arhiva\/wp-content\/uploads\/2018\/06\/4-3-616x345.jpg 616w\" sizes=\"(max-width: 960px) 100vw, 960px\" \/> <img loading=\"lazy\" decoding=\"async\" class=\"alignnone size-full wp-image-208002\" src=\"https:\/\/sandzakpress.net\/arhiva\/wp-content\/uploads\/2018\/06\/5-3.jpg\" alt=\"\" width=\"960\" height=\"538\" srcset=\"https:\/\/sandzakpress.net\/arhiva\/wp-content\/uploads\/2018\/06\/5-3.jpg 960w, https:\/\/sandzakpress.net\/arhiva\/wp-content\/uploads\/2018\/06\/5-3-768x430.jpg 768w, https:\/\/sandzakpress.net\/arhiva\/wp-content\/uploads\/2018\/06\/5-3-616x345.jpg 616w\" sizes=\"(max-width: 960px) 100vw, 960px\" \/> <img loading=\"lazy\" decoding=\"async\" class=\"alignnone size-full wp-image-208003\" src=\"https:\/\/sandzakpress.net\/arhiva\/wp-content\/uploads\/2018\/06\/6-2.jpg\" alt=\"\" width=\"960\" height=\"538\" srcset=\"https:\/\/sandzakpress.net\/arhiva\/wp-content\/uploads\/2018\/06\/6-2.jpg 960w, https:\/\/sandzakpress.net\/arhiva\/wp-content\/uploads\/2018\/06\/6-2-768x430.jpg 768w, https:\/\/sandzakpress.net\/arhiva\/wp-content\/uploads\/2018\/06\/6-2-616x345.jpg 616w\" sizes=\"(max-width: 960px) 100vw, 960px\" \/> <img loading=\"lazy\" decoding=\"async\" class=\"alignnone size-full wp-image-208004\" src=\"https:\/\/sandzakpress.net\/arhiva\/wp-content\/uploads\/2018\/06\/7-3.jpg\" alt=\"\" width=\"960\" height=\"538\" srcset=\"https:\/\/sandzakpress.net\/arhiva\/wp-content\/uploads\/2018\/06\/7-3.jpg 960w, https:\/\/sandzakpress.net\/arhiva\/wp-content\/uploads\/2018\/06\/7-3-768x430.jpg 768w, https:\/\/sandzakpress.net\/arhiva\/wp-content\/uploads\/2018\/06\/7-3-616x345.jpg 616w\" sizes=\"(max-width: 960px) 100vw, 960px\" \/> <img loading=\"lazy\" decoding=\"async\" class=\"alignnone size-full wp-image-208005\" src=\"https:\/\/sandzakpress.net\/arhiva\/wp-content\/uploads\/2018\/06\/8-1.jpg\" alt=\"\" width=\"960\" height=\"538\" srcset=\"https:\/\/sandzakpress.net\/arhiva\/wp-content\/uploads\/2018\/06\/8-1.jpg 960w, https:\/\/sandzakpress.net\/arhiva\/wp-content\/uploads\/2018\/06\/8-1-768x430.jpg 768w, https:\/\/sandzakpress.net\/arhiva\/wp-content\/uploads\/2018\/06\/8-1-616x345.jpg 616w\" sizes=\"(max-width: 960px) 100vw, 960px\" \/> <img loading=\"lazy\" decoding=\"async\" class=\"alignnone size-full wp-image-208006\" src=\"https:\/\/sandzakpress.net\/arhiva\/wp-content\/uploads\/2018\/06\/9.jpg\" alt=\"\" width=\"960\" height=\"538\" srcset=\"https:\/\/sandzakpress.net\/arhiva\/wp-content\/uploads\/2018\/06\/9.jpg 960w, https:\/\/sandzakpress.net\/arhiva\/wp-content\/uploads\/2018\/06\/9-768x430.jpg 768w, https:\/\/sandzakpress.net\/arhiva\/wp-content\/uploads\/2018\/06\/9-616x345.jpg 616w\" sizes=\"(max-width: 960px) 100vw, 960px\" \/> <img loading=\"lazy\" decoding=\"async\" class=\"alignnone size-full wp-image-208007\" src=\"https:\/\/sandzakpress.net\/arhiva\/wp-content\/uploads\/2018\/06\/10-1.jpg\" alt=\"\" width=\"960\" height=\"538\" srcset=\"https:\/\/sandzakpress.net\/arhiva\/wp-content\/uploads\/2018\/06\/10-1.jpg 960w, https:\/\/sandzakpress.net\/arhiva\/wp-content\/uploads\/2018\/06\/10-1-768x430.jpg 768w, https:\/\/sandzakpress.net\/arhiva\/wp-content\/uploads\/2018\/06\/10-1-616x345.jpg 616w\" sizes=\"(max-width: 960px) 100vw, 960px\" \/> <img loading=\"lazy\" decoding=\"async\" class=\"alignnone size-full wp-image-208008\" src=\"https:\/\/sandzakpress.net\/arhiva\/wp-content\/uploads\/2018\/06\/11-1.jpg\" alt=\"\" width=\"960\" height=\"538\" srcset=\"https:\/\/sandzakpress.net\/arhiva\/wp-content\/uploads\/2018\/06\/11-1.jpg 960w, https:\/\/sandzakpress.net\/arhiva\/wp-content\/uploads\/2018\/06\/11-1-768x430.jpg 768w, https:\/\/sandzakpress.net\/arhiva\/wp-content\/uploads\/2018\/06\/11-1-616x345.jpg 616w\" sizes=\"(max-width: 960px) 100vw, 960px\" \/><\/p>\n","protected":false},"excerpt":{"rendered":"<p>U organizaciji Muftijstva sand\u017ea\u010dkog u Ro\u017eajama je u hotelu Wahels dana 06. 06. 2018. godine priredjen iftar za preko 200 zvanica. Muftija sand\u017ea\u010dki hfz. Abdurrahman ef. Kujevi\u0107 se obratio prisutnima govore\u0107i o su\u0161tini ibadeta zbog \u010dijeg ostvarivanja nas je stvorio Gospodar svih svjetova. Na dunjaluku postoji d\u017eennet, ko ne udje u taj d\u017eennet na dunjaluku [&hellip;]<\/p>\n","protected":false},"author":509,"featured_media":207998,"comment_status":"open","ping_status":"open","sticky":false,"template":"","format":"standard","meta":{"footnotes":""},"categories":[398,802,8957],"tags":[],"class_list":{"0":"post-207997","1":"post","2":"type-post","3":"status-publish","4":"format-standard","5":"has-post-thumbnail","7":"category-rozaje","8":"category-islamska_zajednica","9":"category-vijesti-dana"},"yoast_head":"<!-- This site is optimized with the Yoast SEO Premium plugin v23.1 (Yoast SEO v24.9) - https:\/\/yoast.com\/wordpress\/plugins\/seo\/ -->\n<title>U Ro\u017eajama uprili\u010den iftar u organizaciji Muftijstva sand\u017ea\u010dkog<\/title>\n<meta name=\"robots\" content=\"index, follow, max-snippet:-1, max-image-preview:large, max-video-preview:-1\" \/>\n<link rel=\"canonical\" href=\"https:\/\/sandzakpress.net\/arhiva\/u-rozajama-uprilicen-iftar-u-organizaciji-muftijstva-sandzackog\/\" \/>\n<meta property=\"og:locale\" content=\"bs_BA\" \/>\n<meta property=\"og:type\" content=\"article\" \/>\n<meta property=\"og:title\" content=\"U Ro\u017eajama uprili\u010den iftar u organizaciji Muftijstva sand\u017ea\u010dkog\" \/>\n<meta property=\"og:description\" content=\"U organizaciji Muftijstva sand\u017ea\u010dkog u Ro\u017eajama je u hotelu Wahels dana 06. 06. 2018. godine priredjen iftar za preko 200 zvanica. Muftija sand\u017ea\u010dki hfz. Abdurrahman ef. Kujevi\u0107 se obratio prisutnima govore\u0107i o su\u0161tini ibadeta zbog \u010dijeg ostvarivanja nas je stvorio Gospodar svih svjetova. Na dunjaluku postoji d\u017eennet, ko ne udje u taj d\u017eennet na dunjaluku [&hellip;]\" \/>\n<meta property=\"og:url\" content=\"https:\/\/sandzakpress.net\/arhiva\/u-rozajama-uprilicen-iftar-u-organizaciji-muftijstva-sandzackog\/\" \/>\n<meta property=\"og:site_name\" content=\"Sand\u017eak PRESS\" \/>\n<meta property=\"article:published_time\" content=\"2018-06-07T13:20:10+00:00\" \/>\n<meta property=\"og:image\" content=\"https:\/\/sandzakpress.net\/arhiva\/wp-content\/uploads\/2018\/06\/0-1.jpg\" \/>\n\t<meta property=\"og:image:width\" content=\"960\" \/>\n\t<meta property=\"og:image:height\" content=\"538\" \/>\n\t<meta property=\"og:image:type\" content=\"image\/jpeg\" \/>\n<meta name=\"author\" content=\"Agencija\" \/>\n<meta name=\"twitter:card\" content=\"summary_large_image\" \/>\n<meta name=\"twitter:label1\" content=\"Written by\" \/>\n\t<meta name=\"twitter:data1\" content=\"Agencija\" \/>\n\t<meta name=\"twitter:label2\" content=\"Est. reading time\" \/>\n\t<meta name=\"twitter:data2\" content=\"2 minute\" \/>\n<script type=\"application\/ld+json\" class=\"yoast-schema-graph\">{\"@context\":\"https:\/\/schema.org\",\"@graph\":[{\"@type\":\"Article\",\"@id\":\"https:\/\/sandzakpress.net\/arhiva\/u-rozajama-uprilicen-iftar-u-organizaciji-muftijstva-sandzackog\/#article\",\"isPartOf\":{\"@id\":\"https:\/\/sandzakpress.net\/arhiva\/u-rozajama-uprilicen-iftar-u-organizaciji-muftijstva-sandzackog\/\"},\"author\":{\"name\":\"Agencija\",\"@id\":\"https:\/\/sandzakpress.net\/arhiva\/#\/schema\/person\/cb59d7e3ab91ab90dd680ad0305a6185\"},\"headline\":\"U Ro\u017eajama uprili\u010den iftar u organizaciji Muftijstva sand\u017ea\u010dkog\",\"datePublished\":\"2018-06-07T13:20:10+00:00\",\"mainEntityOfPage\":{\"@id\":\"https:\/\/sandzakpress.net\/arhiva\/u-rozajama-uprilicen-iftar-u-organizaciji-muftijstva-sandzackog\/\"},\"wordCount\":436,\"commentCount\":1,\"publisher\":{\"@id\":\"https:\/\/sandzakpress.net\/arhiva\/#\/schema\/person\/6e72b67d6e51910a1117b3b483ba20bd\"},\"image\":{\"@id\":\"https:\/\/sandzakpress.net\/arhiva\/u-rozajama-uprilicen-iftar-u-organizaciji-muftijstva-sandzackog\/#primaryimage\"},\"thumbnailUrl\":\"https:\/\/sandzakpress.net\/arhiva\/wp-content\/uploads\/2018\/06\/0-1.jpg\",\"articleSection\":[\"Ro\u017eaje\",\"Islamska zajednica\",\"VIJESTI DANA\"],\"inLanguage\":\"bs-BA\",\"potentialAction\":[{\"@type\":\"CommentAction\",\"name\":\"Comment\",\"target\":[\"https:\/\/sandzakpress.net\/arhiva\/u-rozajama-uprilicen-iftar-u-organizaciji-muftijstva-sandzackog\/#respond\"]}]},{\"@type\":\"WebPage\",\"@id\":\"https:\/\/sandzakpress.net\/arhiva\/u-rozajama-uprilicen-iftar-u-organizaciji-muftijstva-sandzackog\/\",\"url\":\"https:\/\/sandzakpress.net\/arhiva\/u-rozajama-uprilicen-iftar-u-organizaciji-muftijstva-sandzackog\/\",\"name\":\"U Ro\u017eajama uprili\u010den iftar u organizaciji Muftijstva sand\u017ea\u010dkog\",\"isPartOf\":{\"@id\":\"https:\/\/sandzakpress.net\/arhiva\/#website\"},\"primaryImageOfPage\":{\"@id\":\"https:\/\/sandzakpress.net\/arhiva\/u-rozajama-uprilicen-iftar-u-organizaciji-muftijstva-sandzackog\/#primaryimage\"},\"image\":{\"@id\":\"https:\/\/sandzakpress.net\/arhiva\/u-rozajama-uprilicen-iftar-u-organizaciji-muftijstva-sandzackog\/#primaryimage\"},\"thumbnailUrl\":\"https:\/\/sandzakpress.net\/arhiva\/wp-content\/uploads\/2018\/06\/0-1.jpg\",\"datePublished\":\"2018-06-07T13:20:10+00:00\",\"breadcrumb\":{\"@id\":\"https:\/\/sandzakpress.net\/arhiva\/u-rozajama-uprilicen-iftar-u-organizaciji-muftijstva-sandzackog\/#breadcrumb\"},\"inLanguage\":\"bs-BA\",\"potentialAction\":[{\"@type\":\"ReadAction\",\"target\":[\"https:\/\/sandzakpress.net\/arhiva\/u-rozajama-uprilicen-iftar-u-organizaciji-muftijstva-sandzackog\/\"]}]},{\"@type\":\"ImageObject\",\"inLanguage\":\"bs-BA\",\"@id\":\"https:\/\/sandzakpress.net\/arhiva\/u-rozajama-uprilicen-iftar-u-organizaciji-muftijstva-sandzackog\/#primaryimage\",\"url\":\"https:\/\/sandzakpress.net\/arhiva\/wp-content\/uploads\/2018\/06\/0-1.jpg\",\"contentUrl\":\"https:\/\/sandzakpress.net\/arhiva\/wp-content\/uploads\/2018\/06\/0-1.jpg\",\"width\":960,\"height\":538},{\"@type\":\"BreadcrumbList\",\"@id\":\"https:\/\/sandzakpress.net\/arhiva\/u-rozajama-uprilicen-iftar-u-organizaciji-muftijstva-sandzackog\/#breadcrumb\",\"itemListElement\":[{\"@type\":\"ListItem\",\"position\":1,\"name\":\"Home\",\"item\":\"https:\/\/sandzakpress.net\/arhiva\/\"},{\"@type\":\"ListItem\",\"position\":2,\"name\":\"U Ro\u017eajama uprili\u010den iftar u organizaciji Muftijstva sand\u017ea\u010dkog\"}]},{\"@type\":\"WebSite\",\"@id\":\"https:\/\/sandzakpress.net\/arhiva\/#website\",\"url\":\"https:\/\/sandzakpress.net\/arhiva\/\",\"name\":\"Sand\u017eak PRESS\",\"description\":\"Prve elektronske novine u Sand\u017eaku\",\"publisher\":{\"@id\":\"https:\/\/sandzakpress.net\/arhiva\/#\/schema\/person\/6e72b67d6e51910a1117b3b483ba20bd\"},\"potentialAction\":[{\"@type\":\"SearchAction\",\"target\":{\"@type\":\"EntryPoint\",\"urlTemplate\":\"https:\/\/sandzakpress.net\/arhiva\/?s={search_term_string}\"},\"query-input\":{\"@type\":\"PropertyValueSpecification\",\"valueRequired\":true,\"valueName\":\"search_term_string\"}}],\"inLanguage\":\"bs-BA\"},{\"@type\":[\"Person\",\"Organization\"],\"@id\":\"https:\/\/sandzakpress.net\/arhiva\/#\/schema\/person\/6e72b67d6e51910a1117b3b483ba20bd\",\"name\":\"Kul\",\"image\":{\"@type\":\"ImageObject\",\"inLanguage\":\"bs-BA\",\"@id\":\"https:\/\/sandzakpress.net\/arhiva\/#\/schema\/person\/image\/\",\"url\":\"https:\/\/secure.gravatar.com\/avatar\/42263f39aa27ac04c43cab85c280eb2e?s=96&d=mm&r=pg\",\"contentUrl\":\"https:\/\/secure.gravatar.com\/avatar\/42263f39aa27ac04c43cab85c280eb2e?s=96&d=mm&r=pg\",\"caption\":\"Kul\"},\"logo\":{\"@id\":\"https:\/\/sandzakpress.net\/arhiva\/#\/schema\/person\/image\/\"}},{\"@type\":\"Person\",\"@id\":\"https:\/\/sandzakpress.net\/arhiva\/#\/schema\/person\/cb59d7e3ab91ab90dd680ad0305a6185\",\"name\":\"Agencija\",\"image\":{\"@type\":\"ImageObject\",\"inLanguage\":\"bs-BA\",\"@id\":\"https:\/\/sandzakpress.net\/arhiva\/#\/schema\/person\/image\/\",\"url\":\"https:\/\/secure.gravatar.com\/avatar\/4b7fafa80a22f0c2afe23966b3961fe0?s=96&d=mm&r=pg\",\"contentUrl\":\"https:\/\/secure.gravatar.com\/avatar\/4b7fafa80a22f0c2afe23966b3961fe0?s=96&d=mm&r=pg\",\"caption\":\"Agencija\"},\"url\":\"https:\/\/sandzakpress.net\/arhiva\/author\/agencija\/\"}]}<\/script>\n<!-- \/ Yoast SEO Premium plugin. -->","yoast_head_json":{"title":"U Ro\u017eajama uprili\u010den iftar u organizaciji Muftijstva sand\u017ea\u010dkog","robots":{"index":"index","follow":"follow","max-snippet":"max-snippet:-1","max-image-preview":"max-image-preview:large","max-video-preview":"max-video-preview:-1"},"canonical":"https:\/\/sandzakpress.net\/arhiva\/u-rozajama-uprilicen-iftar-u-organizaciji-muftijstva-sandzackog\/","og_locale":"bs_BA","og_type":"article","og_title":"U Ro\u017eajama uprili\u010den iftar u organizaciji Muftijstva sand\u017ea\u010dkog","og_description":"U organizaciji Muftijstva sand\u017ea\u010dkog u Ro\u017eajama je u hotelu Wahels dana 06. 06. 2018. godine priredjen iftar za preko 200 zvanica. Muftija sand\u017ea\u010dki hfz. Abdurrahman ef. Kujevi\u0107 se obratio prisutnima govore\u0107i o su\u0161tini ibadeta zbog \u010dijeg ostvarivanja nas je stvorio Gospodar svih svjetova. Na dunjaluku postoji d\u017eennet, ko ne udje u taj d\u017eennet na dunjaluku [&hellip;]","og_url":"https:\/\/sandzakpress.net\/arhiva\/u-rozajama-uprilicen-iftar-u-organizaciji-muftijstva-sandzackog\/","og_site_name":"Sand\u017eak PRESS","article_published_time":"2018-06-07T13:20:10+00:00","og_image":[{"width":960,"height":538,"url":"https:\/\/sandzakpress.net\/arhiva\/wp-content\/uploads\/2018\/06\/0-1.jpg","type":"image\/jpeg"}],"author":"Agencija","twitter_card":"summary_large_image","twitter_misc":{"Written by":"Agencija","Est. reading time":"2 minute"},"schema":{"@context":"https:\/\/schema.org","@graph":[{"@type":"Article","@id":"https:\/\/sandzakpress.net\/arhiva\/u-rozajama-uprilicen-iftar-u-organizaciji-muftijstva-sandzackog\/#article","isPartOf":{"@id":"https:\/\/sandzakpress.net\/arhiva\/u-rozajama-uprilicen-iftar-u-organizaciji-muftijstva-sandzackog\/"},"author":{"name":"Agencija","@id":"https:\/\/sandzakpress.net\/arhiva\/#\/schema\/person\/cb59d7e3ab91ab90dd680ad0305a6185"},"headline":"U Ro\u017eajama uprili\u010den iftar u organizaciji Muftijstva sand\u017ea\u010dkog","datePublished":"2018-06-07T13:20:10+00:00","mainEntityOfPage":{"@id":"https:\/\/sandzakpress.net\/arhiva\/u-rozajama-uprilicen-iftar-u-organizaciji-muftijstva-sandzackog\/"},"wordCount":436,"commentCount":1,"publisher":{"@id":"https:\/\/sandzakpress.net\/arhiva\/#\/schema\/person\/6e72b67d6e51910a1117b3b483ba20bd"},"image":{"@id":"https:\/\/sandzakpress.net\/arhiva\/u-rozajama-uprilicen-iftar-u-organizaciji-muftijstva-sandzackog\/#primaryimage"},"thumbnailUrl":"https:\/\/sandzakpress.net\/arhiva\/wp-content\/uploads\/2018\/06\/0-1.jpg","articleSection":["Ro\u017eaje","Islamska zajednica","VIJESTI DANA"],"inLanguage":"bs-BA","potentialAction":[{"@type":"CommentAction","name":"Comment","target":["https:\/\/sandzakpress.net\/arhiva\/u-rozajama-uprilicen-iftar-u-organizaciji-muftijstva-sandzackog\/#respond"]}]},{"@type":"WebPage","@id":"https:\/\/sandzakpress.net\/arhiva\/u-rozajama-uprilicen-iftar-u-organizaciji-muftijstva-sandzackog\/","url":"https:\/\/sandzakpress.net\/arhiva\/u-rozajama-uprilicen-iftar-u-organizaciji-muftijstva-sandzackog\/","name":"U Ro\u017eajama uprili\u010den iftar u organizaciji Muftijstva sand\u017ea\u010dkog","isPartOf":{"@id":"https:\/\/sandzakpress.net\/arhiva\/#website"},"primaryImageOfPage":{"@id":"https:\/\/sandzakpress.net\/arhiva\/u-rozajama-uprilicen-iftar-u-organizaciji-muftijstva-sandzackog\/#primaryimage"},"image":{"@id":"https:\/\/sandzakpress.net\/arhiva\/u-rozajama-uprilicen-iftar-u-organizaciji-muftijstva-sandzackog\/#primaryimage"},"thumbnailUrl":"https:\/\/sandzakpress.net\/arhiva\/wp-content\/uploads\/2018\/06\/0-1.jpg","datePublished":"2018-06-07T13:20:10+00:00","breadcrumb":{"@id":"https:\/\/sandzakpress.net\/arhiva\/u-rozajama-uprilicen-iftar-u-organizaciji-muftijstva-sandzackog\/#breadcrumb"},"inLanguage":"bs-BA","potentialAction":[{"@type":"ReadAction","target":["https:\/\/sandzakpress.net\/arhiva\/u-rozajama-uprilicen-iftar-u-organizaciji-muftijstva-sandzackog\/"]}]},{"@type":"ImageObject","inLanguage":"bs-BA","@id":"https:\/\/sandzakpress.net\/arhiva\/u-rozajama-uprilicen-iftar-u-organizaciji-muftijstva-sandzackog\/#primaryimage","url":"https:\/\/sandzakpress.net\/arhiva\/wp-content\/uploads\/2018\/06\/0-1.jpg","contentUrl":"https:\/\/sandzakpress.net\/arhiva\/wp-content\/uploads\/2018\/06\/0-1.jpg","width":960,"height":538},{"@type":"BreadcrumbList","@id":"https:\/\/sandzakpress.net\/arhiva\/u-rozajama-uprilicen-iftar-u-organizaciji-muftijstva-sandzackog\/#breadcrumb","itemListElement":[{"@type":"ListItem","position":1,"name":"Home","item":"https:\/\/sandzakpress.net\/arhiva\/"},{"@type":"ListItem","position":2,"name":"U Ro\u017eajama uprili\u010den iftar u organizaciji Muftijstva sand\u017ea\u010dkog"}]},{"@type":"WebSite","@id":"https:\/\/sandzakpress.net\/arhiva\/#website","url":"https:\/\/sandzakpress.net\/arhiva\/","name":"Sand\u017eak PRESS","description":"Prve elektronske novine u Sand\u017eaku","publisher":{"@id":"https:\/\/sandzakpress.net\/arhiva\/#\/schema\/person\/6e72b67d6e51910a1117b3b483ba20bd"},"potentialAction":[{"@type":"SearchAction","target":{"@type":"EntryPoint","urlTemplate":"https:\/\/sandzakpress.net\/arhiva\/?s={search_term_string}"},"query-input":{"@type":"PropertyValueSpecification","valueRequired":true,"valueName":"search_term_string"}}],"inLanguage":"bs-BA"},{"@type":["Person","Organization"],"@id":"https:\/\/sandzakpress.net\/arhiva\/#\/schema\/person\/6e72b67d6e51910a1117b3b483ba20bd","name":"Kul","image":{"@type":"ImageObject","inLanguage":"bs-BA","@id":"https:\/\/sandzakpress.net\/arhiva\/#\/schema\/person\/image\/","url":"https:\/\/secure.gravatar.com\/avatar\/42263f39aa27ac04c43cab85c280eb2e?s=96&d=mm&r=pg","contentUrl":"https:\/\/secure.gravatar.com\/avatar\/42263f39aa27ac04c43cab85c280eb2e?s=96&d=mm&r=pg","caption":"Kul"},"logo":{"@id":"https:\/\/sandzakpress.net\/arhiva\/#\/schema\/person\/image\/"}},{"@type":"Person","@id":"https:\/\/sandzakpress.net\/arhiva\/#\/schema\/person\/cb59d7e3ab91ab90dd680ad0305a6185","name":"Agencija","image":{"@type":"ImageObject","inLanguage":"bs-BA","@id":"https:\/\/sandzakpress.net\/arhiva\/#\/schema\/person\/image\/","url":"https:\/\/secure.gravatar.com\/avatar\/4b7fafa80a22f0c2afe23966b3961fe0?s=96&d=mm&r=pg","contentUrl":"https:\/\/secure.gravatar.com\/avatar\/4b7fafa80a22f0c2afe23966b3961fe0?s=96&d=mm&r=pg","caption":"Agencija"},"url":"https:\/\/sandzakpress.net\/arhiva\/author\/agencija\/"}]}},"_links":{"self":[{"href":"https:\/\/sandzakpress.net\/arhiva\/wp-json\/wp\/v2\/posts\/207997"}],"collection":[{"href":"https:\/\/sandzakpress.net\/arhiva\/wp-json\/wp\/v2\/posts"}],"about":[{"href":"https:\/\/sandzakpress.net\/arhiva\/wp-json\/wp\/v2\/types\/post"}],"author":[{"embeddable":true,"href":"https:\/\/sandzakpress.net\/arhiva\/wp-json\/wp\/v2\/users\/509"}],"replies":[{"embeddable":true,"href":"https:\/\/sandzakpress.net\/arhiva\/wp-json\/wp\/v2\/comments?post=207997"}],"version-history":[{"count":0,"href":"https:\/\/sandzakpress.net\/arhiva\/wp-json\/wp\/v2\/posts\/207997\/revisions"}],"wp:featuredmedia":[{"embeddable":true,"href":"https:\/\/sandzakpress.net\/arhiva\/wp-json\/wp\/v2\/media\/207998"}],"wp:attachment":[{"href":"https:\/\/sandzakpress.net\/arhiva\/wp-json\/wp\/v2\/media?parent=207997"}],"wp:term":[{"taxonomy":"category","embeddable":true,"href":"https:\/\/sandzakpress.net\/arhiva\/wp-json\/wp\/v2\/categories?post=207997"},{"taxonomy":"post_tag","embeddable":true,"href":"https:\/\/sandzakpress.net\/arhiva\/wp-json\/wp\/v2\/tags?post=207997"}],"curies":[{"name":"wp","href":"https:\/\/api.w.org\/{rel}","templated":true}]}}