{"id":207907,"date":"2018-06-05T14:41:09","date_gmt":"2018-06-05T12:41:09","guid":{"rendered":"https:\/\/sandzakpress.net\/arhiva\/?p=207907"},"modified":"2018-06-05T12:46:23","modified_gmt":"2018-06-05T10:46:23","slug":"jos-jedna-ekoloska-katastrofa-na-limu-u-bijelom-polju","status":"publish","type":"post","link":"https:\/\/sandzakpress.net\/arhiva\/jos-jedna-ekoloska-katastrofa-na-limu-u-bijelom-polju\/","title":{"rendered":"Jo\u0161 jedna ekolo\u0161ka katastrofa na Limu u Bijelom Polju"},"content":{"rendered":"<p><img decoding=\"async\" src=\"https:\/\/i1.wp.com\/sjevercg.me\/wp-content\/uploads\/2018\/06\/34368478_529963457405489_3552931031835213824_n.jpg?resize=640%2C480&amp;ssl=1\" \/><\/p>\n<p><strong>U bjelopoljskom naselju Kru\u0161evu do\u0161lo je do izlivanja sredstva bjele hemikalije iz rezervoara u vlasni\u0161tvu kompanije Jugopetrol.<\/strong><\/p>\n<p>Komandir bjelopoljske Slu\u017ebe za\u0161tite i spa\u0161avanja Milonja Rakonjac kazao je Portalu RTCG da je do\u0161lo do pucanja cijevi na izlazu rezervoara u kojem je skladi\u0161tena te\u010dnost koja se koristi u slu\u010daju ga\u0161enja po\u017eara kada na benzinskim pumpama gori gorivo, te\u010dna maziva i sli\u010dno<\/p>\n<p>Iz Sportskog ribolovno dru\u0161tva ,,Sinjavac\u201d su nam kazali da se radi o bijeloj nepoznatoj hemikaliji i pozivaju sve nadle\u017ene inspekcije i\u00a0 dr\u017eavne institucije da odma reaguju u sklopu svojih nadle\u017enosti. Oni su pozvali i agenciju za za\u0161titu \u017eivotne sredine da se kona\u010dno uklju\u010de u problem zagadjivanja rijeke Lim.<\/p>\n<p>Predsjednik Sportskog ribolovnog dru\u0161tva,,Sinjavac\u201d Ismet Softi\u0107 za Portal sjevercg je kazao, da su odma po saznanju da nepoznata bjela hemikalija u velikoj koli\u010dini pluta Limom reagovali i obavijestili nadle\u017enu inspekciju. Nakon \u0161to su iza\u0161li na terenu, \u00a0evidentirali su da iz tri velike \u0161ahte izlazi nepoznata bjela hemikalija.<\/p>\n<p><span class=\"embed-youtube\"><iframe loading=\"lazy\" class=\"youtube-player\" src=\"https:\/\/www.youtube.com\/embed\/PxWPQXFF21Q?version=3&amp;rel=1&amp;fs=1&amp;autohide=2&amp;showsearch=0&amp;showinfo=1&amp;iv_load_policy=1&amp;wmode=transparent\" width=\"100%\" height=\"390\" allowfullscreen=\"allowfullscreen\" data-mce-fragment=\"1\"><\/iframe><\/span><\/p>\n<p>Hemikalija je bila pjenasta i pre\u010dnika 20 metara, ista se izlivala u privatnja imanja i dalje u rijeku Lim. Takodje, smo primjetili veliku cijev koja je uklju\u010dena direktno u Lim, iz koje je izlazila u velikoj koli\u010dini ova bijela hemikalija.<\/p>\n<p>Iz NVO,,Euromost\u201d su nam kazali,\u00a0 da je ovo jo\u0161 jedna velika ekolo\u0161ka kastrofa za Lim i potrebno je da se odma uradi analiza vode, da bi se ustanovilo o kakvoj hemikaliji se radi i koliko je ona opasna\u00a0 za riblji fond, a i za samo gradjanstvo koje koristi rijeku Lim za navodnjavanje poljoprivrednih zemlji\u0161ta.<\/p>\n<p>\u017delimo sve podsjetiti da je sjutra 5. Jun Svjetski dan za\u0161tite \u017eivotne sredine i ovaj novi slu\u010daj ekolo\u0161ke katastofe na Limu govori, koliko smo daleko od za\u0161tite \u017eivotne sredine, a i od ekolo\u0161ke dr\u017eave. Iz Euromosta su, takodje, pozvali sve nadle\u017ene inspekcije i dr\u017eavne institucije , da odma reaguju i ustanove kako je do\u0161lo do ove ekolo\u0161ke katastrofe, nakon \u010dega treba\u00a0 pokrenuti postupak protiv svih onih koji su doveli do svega ovoga.<\/p>\n","protected":false},"excerpt":{"rendered":"<p>U bjelopoljskom naselju Kru\u0161evu do\u0161lo je do izlivanja sredstva bjele hemikalije iz rezervoara u vlasni\u0161tvu kompanije Jugopetrol. Komandir bjelopoljske Slu\u017ebe za\u0161tite i spa\u0161avanja Milonja Rakonjac kazao je Portalu RTCG da je do\u0161lo do pucanja cijevi na izlazu rezervoara u kojem je skladi\u0161tena te\u010dnost koja se koristi u slu\u010daju ga\u0161enja po\u017eara kada na benzinskim pumpama gori [&hellip;]<\/p>\n","protected":false},"author":509,"featured_media":207923,"comment_status":"open","ping_status":"open","sticky":false,"template":"","format":"standard","meta":{"footnotes":""},"categories":[396,801,10429],"tags":[],"class_list":{"0":"post-207907","1":"post","2":"type-post","3":"status-publish","4":"format-standard","5":"has-post-thumbnail","7":"category-bijelo_polje","8":"category-crna_hronika","9":"category-vazno"},"yoast_head":"<!-- This site is optimized with the Yoast SEO Premium plugin v23.1 (Yoast SEO v24.9) - https:\/\/yoast.com\/wordpress\/plugins\/seo\/ -->\n<title>Jo\u0161 jedna ekolo\u0161ka katastrofa na Limu u Bijelom Polju<\/title>\n<meta name=\"robots\" content=\"index, follow, max-snippet:-1, max-image-preview:large, max-video-preview:-1\" \/>\n<link rel=\"canonical\" href=\"https:\/\/sandzakpress.net\/arhiva\/jos-jedna-ekoloska-katastrofa-na-limu-u-bijelom-polju\/\" \/>\n<meta property=\"og:locale\" content=\"bs_BA\" \/>\n<meta property=\"og:type\" content=\"article\" \/>\n<meta property=\"og:title\" content=\"Jo\u0161 jedna ekolo\u0161ka katastrofa na Limu u Bijelom Polju\" \/>\n<meta property=\"og:description\" content=\"U bjelopoljskom naselju Kru\u0161evu do\u0161lo je do izlivanja sredstva bjele hemikalije iz rezervoara u vlasni\u0161tvu kompanije Jugopetrol. Komandir bjelopoljske Slu\u017ebe za\u0161tite i spa\u0161avanja Milonja Rakonjac kazao je Portalu RTCG da je do\u0161lo do pucanja cijevi na izlazu rezervoara u kojem je skladi\u0161tena te\u010dnost koja se koristi u slu\u010daju ga\u0161enja po\u017eara kada na benzinskim pumpama gori [&hellip;]\" \/>\n<meta property=\"og:url\" content=\"https:\/\/sandzakpress.net\/arhiva\/jos-jedna-ekoloska-katastrofa-na-limu-u-bijelom-polju\/\" \/>\n<meta property=\"og:site_name\" content=\"Sand\u017eak PRESS\" \/>\n<meta property=\"article:published_time\" content=\"2018-06-05T12:41:09+00:00\" \/>\n<meta property=\"og:image\" content=\"https:\/\/sandzakpress.net\/arhiva\/wp-content\/uploads\/2018\/06\/34368478_529963457405489_3552931031835213824_n.jpg\" \/>\n\t<meta property=\"og:image:width\" content=\"640\" \/>\n\t<meta property=\"og:image:height\" content=\"480\" \/>\n\t<meta property=\"og:image:type\" content=\"image\/jpeg\" \/>\n<meta name=\"author\" content=\"Agencija\" \/>\n<meta name=\"twitter:card\" content=\"summary_large_image\" \/>\n<meta name=\"twitter:label1\" content=\"Written by\" \/>\n\t<meta name=\"twitter:data1\" content=\"Agencija\" \/>\n\t<meta name=\"twitter:label2\" content=\"Est. reading time\" \/>\n\t<meta name=\"twitter:data2\" content=\"2 minute\" \/>\n<script type=\"application\/ld+json\" class=\"yoast-schema-graph\">{\"@context\":\"https:\/\/schema.org\",\"@graph\":[{\"@type\":\"Article\",\"@id\":\"https:\/\/sandzakpress.net\/arhiva\/jos-jedna-ekoloska-katastrofa-na-limu-u-bijelom-polju\/#article\",\"isPartOf\":{\"@id\":\"https:\/\/sandzakpress.net\/arhiva\/jos-jedna-ekoloska-katastrofa-na-limu-u-bijelom-polju\/\"},\"author\":{\"name\":\"Agencija\",\"@id\":\"https:\/\/sandzakpress.net\/arhiva\/#\/schema\/person\/cb59d7e3ab91ab90dd680ad0305a6185\"},\"headline\":\"Jo\u0161 jedna ekolo\u0161ka katastrofa na Limu u Bijelom Polju\",\"datePublished\":\"2018-06-05T12:41:09+00:00\",\"mainEntityOfPage\":{\"@id\":\"https:\/\/sandzakpress.net\/arhiva\/jos-jedna-ekoloska-katastrofa-na-limu-u-bijelom-polju\/\"},\"wordCount\":370,\"commentCount\":1,\"publisher\":{\"@id\":\"https:\/\/sandzakpress.net\/arhiva\/#\/schema\/person\/6e72b67d6e51910a1117b3b483ba20bd\"},\"image\":{\"@id\":\"https:\/\/sandzakpress.net\/arhiva\/jos-jedna-ekoloska-katastrofa-na-limu-u-bijelom-polju\/#primaryimage\"},\"thumbnailUrl\":\"https:\/\/sandzakpress.net\/arhiva\/wp-content\/uploads\/2018\/06\/34368478_529963457405489_3552931031835213824_n.jpg\",\"articleSection\":[\"Bijelo Polje\",\"Hronika\",\"VA\u017dNO!\"],\"inLanguage\":\"bs-BA\",\"potentialAction\":[{\"@type\":\"CommentAction\",\"name\":\"Comment\",\"target\":[\"https:\/\/sandzakpress.net\/arhiva\/jos-jedna-ekoloska-katastrofa-na-limu-u-bijelom-polju\/#respond\"]}]},{\"@type\":\"WebPage\",\"@id\":\"https:\/\/sandzakpress.net\/arhiva\/jos-jedna-ekoloska-katastrofa-na-limu-u-bijelom-polju\/\",\"url\":\"https:\/\/sandzakpress.net\/arhiva\/jos-jedna-ekoloska-katastrofa-na-limu-u-bijelom-polju\/\",\"name\":\"Jo\u0161 jedna ekolo\u0161ka katastrofa na Limu u Bijelom Polju\",\"isPartOf\":{\"@id\":\"https:\/\/sandzakpress.net\/arhiva\/#website\"},\"primaryImageOfPage\":{\"@id\":\"https:\/\/sandzakpress.net\/arhiva\/jos-jedna-ekoloska-katastrofa-na-limu-u-bijelom-polju\/#primaryimage\"},\"image\":{\"@id\":\"https:\/\/sandzakpress.net\/arhiva\/jos-jedna-ekoloska-katastrofa-na-limu-u-bijelom-polju\/#primaryimage\"},\"thumbnailUrl\":\"https:\/\/sandzakpress.net\/arhiva\/wp-content\/uploads\/2018\/06\/34368478_529963457405489_3552931031835213824_n.jpg\",\"datePublished\":\"2018-06-05T12:41:09+00:00\",\"breadcrumb\":{\"@id\":\"https:\/\/sandzakpress.net\/arhiva\/jos-jedna-ekoloska-katastrofa-na-limu-u-bijelom-polju\/#breadcrumb\"},\"inLanguage\":\"bs-BA\",\"potentialAction\":[{\"@type\":\"ReadAction\",\"target\":[\"https:\/\/sandzakpress.net\/arhiva\/jos-jedna-ekoloska-katastrofa-na-limu-u-bijelom-polju\/\"]}]},{\"@type\":\"ImageObject\",\"inLanguage\":\"bs-BA\",\"@id\":\"https:\/\/sandzakpress.net\/arhiva\/jos-jedna-ekoloska-katastrofa-na-limu-u-bijelom-polju\/#primaryimage\",\"url\":\"https:\/\/sandzakpress.net\/arhiva\/wp-content\/uploads\/2018\/06\/34368478_529963457405489_3552931031835213824_n.jpg\",\"contentUrl\":\"https:\/\/sandzakpress.net\/arhiva\/wp-content\/uploads\/2018\/06\/34368478_529963457405489_3552931031835213824_n.jpg\",\"width\":640,\"height\":480},{\"@type\":\"BreadcrumbList\",\"@id\":\"https:\/\/sandzakpress.net\/arhiva\/jos-jedna-ekoloska-katastrofa-na-limu-u-bijelom-polju\/#breadcrumb\",\"itemListElement\":[{\"@type\":\"ListItem\",\"position\":1,\"name\":\"Home\",\"item\":\"https:\/\/sandzakpress.net\/arhiva\/\"},{\"@type\":\"ListItem\",\"position\":2,\"name\":\"Jo\u0161 jedna ekolo\u0161ka katastrofa na Limu u Bijelom Polju\"}]},{\"@type\":\"WebSite\",\"@id\":\"https:\/\/sandzakpress.net\/arhiva\/#website\",\"url\":\"https:\/\/sandzakpress.net\/arhiva\/\",\"name\":\"Sand\u017eak PRESS\",\"description\":\"Prve elektronske novine u Sand\u017eaku\",\"publisher\":{\"@id\":\"https:\/\/sandzakpress.net\/arhiva\/#\/schema\/person\/6e72b67d6e51910a1117b3b483ba20bd\"},\"potentialAction\":[{\"@type\":\"SearchAction\",\"target\":{\"@type\":\"EntryPoint\",\"urlTemplate\":\"https:\/\/sandzakpress.net\/arhiva\/?s={search_term_string}\"},\"query-input\":{\"@type\":\"PropertyValueSpecification\",\"valueRequired\":true,\"valueName\":\"search_term_string\"}}],\"inLanguage\":\"bs-BA\"},{\"@type\":[\"Person\",\"Organization\"],\"@id\":\"https:\/\/sandzakpress.net\/arhiva\/#\/schema\/person\/6e72b67d6e51910a1117b3b483ba20bd\",\"name\":\"Kul\",\"image\":{\"@type\":\"ImageObject\",\"inLanguage\":\"bs-BA\",\"@id\":\"https:\/\/sandzakpress.net\/arhiva\/#\/schema\/person\/image\/\",\"url\":\"https:\/\/secure.gravatar.com\/avatar\/42263f39aa27ac04c43cab85c280eb2e?s=96&d=mm&r=pg\",\"contentUrl\":\"https:\/\/secure.gravatar.com\/avatar\/42263f39aa27ac04c43cab85c280eb2e?s=96&d=mm&r=pg\",\"caption\":\"Kul\"},\"logo\":{\"@id\":\"https:\/\/sandzakpress.net\/arhiva\/#\/schema\/person\/image\/\"}},{\"@type\":\"Person\",\"@id\":\"https:\/\/sandzakpress.net\/arhiva\/#\/schema\/person\/cb59d7e3ab91ab90dd680ad0305a6185\",\"name\":\"Agencija\",\"image\":{\"@type\":\"ImageObject\",\"inLanguage\":\"bs-BA\",\"@id\":\"https:\/\/sandzakpress.net\/arhiva\/#\/schema\/person\/image\/\",\"url\":\"https:\/\/secure.gravatar.com\/avatar\/4b7fafa80a22f0c2afe23966b3961fe0?s=96&d=mm&r=pg\",\"contentUrl\":\"https:\/\/secure.gravatar.com\/avatar\/4b7fafa80a22f0c2afe23966b3961fe0?s=96&d=mm&r=pg\",\"caption\":\"Agencija\"},\"url\":\"https:\/\/sandzakpress.net\/arhiva\/author\/agencija\/\"}]}<\/script>\n<!-- \/ Yoast SEO Premium plugin. -->","yoast_head_json":{"title":"Jo\u0161 jedna ekolo\u0161ka katastrofa na Limu u Bijelom Polju","robots":{"index":"index","follow":"follow","max-snippet":"max-snippet:-1","max-image-preview":"max-image-preview:large","max-video-preview":"max-video-preview:-1"},"canonical":"https:\/\/sandzakpress.net\/arhiva\/jos-jedna-ekoloska-katastrofa-na-limu-u-bijelom-polju\/","og_locale":"bs_BA","og_type":"article","og_title":"Jo\u0161 jedna ekolo\u0161ka katastrofa na Limu u Bijelom Polju","og_description":"U bjelopoljskom naselju Kru\u0161evu do\u0161lo je do izlivanja sredstva bjele hemikalije iz rezervoara u vlasni\u0161tvu kompanije Jugopetrol. Komandir bjelopoljske Slu\u017ebe za\u0161tite i spa\u0161avanja Milonja Rakonjac kazao je Portalu RTCG da je do\u0161lo do pucanja cijevi na izlazu rezervoara u kojem je skladi\u0161tena te\u010dnost koja se koristi u slu\u010daju ga\u0161enja po\u017eara kada na benzinskim pumpama gori [&hellip;]","og_url":"https:\/\/sandzakpress.net\/arhiva\/jos-jedna-ekoloska-katastrofa-na-limu-u-bijelom-polju\/","og_site_name":"Sand\u017eak PRESS","article_published_time":"2018-06-05T12:41:09+00:00","og_image":[{"width":640,"height":480,"url":"https:\/\/sandzakpress.net\/arhiva\/wp-content\/uploads\/2018\/06\/34368478_529963457405489_3552931031835213824_n.jpg","type":"image\/jpeg"}],"author":"Agencija","twitter_card":"summary_large_image","twitter_misc":{"Written by":"Agencija","Est. reading time":"2 minute"},"schema":{"@context":"https:\/\/schema.org","@graph":[{"@type":"Article","@id":"https:\/\/sandzakpress.net\/arhiva\/jos-jedna-ekoloska-katastrofa-na-limu-u-bijelom-polju\/#article","isPartOf":{"@id":"https:\/\/sandzakpress.net\/arhiva\/jos-jedna-ekoloska-katastrofa-na-limu-u-bijelom-polju\/"},"author":{"name":"Agencija","@id":"https:\/\/sandzakpress.net\/arhiva\/#\/schema\/person\/cb59d7e3ab91ab90dd680ad0305a6185"},"headline":"Jo\u0161 jedna ekolo\u0161ka katastrofa na Limu u Bijelom Polju","datePublished":"2018-06-05T12:41:09+00:00","mainEntityOfPage":{"@id":"https:\/\/sandzakpress.net\/arhiva\/jos-jedna-ekoloska-katastrofa-na-limu-u-bijelom-polju\/"},"wordCount":370,"commentCount":1,"publisher":{"@id":"https:\/\/sandzakpress.net\/arhiva\/#\/schema\/person\/6e72b67d6e51910a1117b3b483ba20bd"},"image":{"@id":"https:\/\/sandzakpress.net\/arhiva\/jos-jedna-ekoloska-katastrofa-na-limu-u-bijelom-polju\/#primaryimage"},"thumbnailUrl":"https:\/\/sandzakpress.net\/arhiva\/wp-content\/uploads\/2018\/06\/34368478_529963457405489_3552931031835213824_n.jpg","articleSection":["Bijelo Polje","Hronika","VA\u017dNO!"],"inLanguage":"bs-BA","potentialAction":[{"@type":"CommentAction","name":"Comment","target":["https:\/\/sandzakpress.net\/arhiva\/jos-jedna-ekoloska-katastrofa-na-limu-u-bijelom-polju\/#respond"]}]},{"@type":"WebPage","@id":"https:\/\/sandzakpress.net\/arhiva\/jos-jedna-ekoloska-katastrofa-na-limu-u-bijelom-polju\/","url":"https:\/\/sandzakpress.net\/arhiva\/jos-jedna-ekoloska-katastrofa-na-limu-u-bijelom-polju\/","name":"Jo\u0161 jedna ekolo\u0161ka katastrofa na Limu u Bijelom Polju","isPartOf":{"@id":"https:\/\/sandzakpress.net\/arhiva\/#website"},"primaryImageOfPage":{"@id":"https:\/\/sandzakpress.net\/arhiva\/jos-jedna-ekoloska-katastrofa-na-limu-u-bijelom-polju\/#primaryimage"},"image":{"@id":"https:\/\/sandzakpress.net\/arhiva\/jos-jedna-ekoloska-katastrofa-na-limu-u-bijelom-polju\/#primaryimage"},"thumbnailUrl":"https:\/\/sandzakpress.net\/arhiva\/wp-content\/uploads\/2018\/06\/34368478_529963457405489_3552931031835213824_n.jpg","datePublished":"2018-06-05T12:41:09+00:00","breadcrumb":{"@id":"https:\/\/sandzakpress.net\/arhiva\/jos-jedna-ekoloska-katastrofa-na-limu-u-bijelom-polju\/#breadcrumb"},"inLanguage":"bs-BA","potentialAction":[{"@type":"ReadAction","target":["https:\/\/sandzakpress.net\/arhiva\/jos-jedna-ekoloska-katastrofa-na-limu-u-bijelom-polju\/"]}]},{"@type":"ImageObject","inLanguage":"bs-BA","@id":"https:\/\/sandzakpress.net\/arhiva\/jos-jedna-ekoloska-katastrofa-na-limu-u-bijelom-polju\/#primaryimage","url":"https:\/\/sandzakpress.net\/arhiva\/wp-content\/uploads\/2018\/06\/34368478_529963457405489_3552931031835213824_n.jpg","contentUrl":"https:\/\/sandzakpress.net\/arhiva\/wp-content\/uploads\/2018\/06\/34368478_529963457405489_3552931031835213824_n.jpg","width":640,"height":480},{"@type":"BreadcrumbList","@id":"https:\/\/sandzakpress.net\/arhiva\/jos-jedna-ekoloska-katastrofa-na-limu-u-bijelom-polju\/#breadcrumb","itemListElement":[{"@type":"ListItem","position":1,"name":"Home","item":"https:\/\/sandzakpress.net\/arhiva\/"},{"@type":"ListItem","position":2,"name":"Jo\u0161 jedna ekolo\u0161ka katastrofa na Limu u Bijelom Polju"}]},{"@type":"WebSite","@id":"https:\/\/sandzakpress.net\/arhiva\/#website","url":"https:\/\/sandzakpress.net\/arhiva\/","name":"Sand\u017eak PRESS","description":"Prve elektronske novine u Sand\u017eaku","publisher":{"@id":"https:\/\/sandzakpress.net\/arhiva\/#\/schema\/person\/6e72b67d6e51910a1117b3b483ba20bd"},"potentialAction":[{"@type":"SearchAction","target":{"@type":"EntryPoint","urlTemplate":"https:\/\/sandzakpress.net\/arhiva\/?s={search_term_string}"},"query-input":{"@type":"PropertyValueSpecification","valueRequired":true,"valueName":"search_term_string"}}],"inLanguage":"bs-BA"},{"@type":["Person","Organization"],"@id":"https:\/\/sandzakpress.net\/arhiva\/#\/schema\/person\/6e72b67d6e51910a1117b3b483ba20bd","name":"Kul","image":{"@type":"ImageObject","inLanguage":"bs-BA","@id":"https:\/\/sandzakpress.net\/arhiva\/#\/schema\/person\/image\/","url":"https:\/\/secure.gravatar.com\/avatar\/42263f39aa27ac04c43cab85c280eb2e?s=96&d=mm&r=pg","contentUrl":"https:\/\/secure.gravatar.com\/avatar\/42263f39aa27ac04c43cab85c280eb2e?s=96&d=mm&r=pg","caption":"Kul"},"logo":{"@id":"https:\/\/sandzakpress.net\/arhiva\/#\/schema\/person\/image\/"}},{"@type":"Person","@id":"https:\/\/sandzakpress.net\/arhiva\/#\/schema\/person\/cb59d7e3ab91ab90dd680ad0305a6185","name":"Agencija","image":{"@type":"ImageObject","inLanguage":"bs-BA","@id":"https:\/\/sandzakpress.net\/arhiva\/#\/schema\/person\/image\/","url":"https:\/\/secure.gravatar.com\/avatar\/4b7fafa80a22f0c2afe23966b3961fe0?s=96&d=mm&r=pg","contentUrl":"https:\/\/secure.gravatar.com\/avatar\/4b7fafa80a22f0c2afe23966b3961fe0?s=96&d=mm&r=pg","caption":"Agencija"},"url":"https:\/\/sandzakpress.net\/arhiva\/author\/agencija\/"}]}},"_links":{"self":[{"href":"https:\/\/sandzakpress.net\/arhiva\/wp-json\/wp\/v2\/posts\/207907"}],"collection":[{"href":"https:\/\/sandzakpress.net\/arhiva\/wp-json\/wp\/v2\/posts"}],"about":[{"href":"https:\/\/sandzakpress.net\/arhiva\/wp-json\/wp\/v2\/types\/post"}],"author":[{"embeddable":true,"href":"https:\/\/sandzakpress.net\/arhiva\/wp-json\/wp\/v2\/users\/509"}],"replies":[{"embeddable":true,"href":"https:\/\/sandzakpress.net\/arhiva\/wp-json\/wp\/v2\/comments?post=207907"}],"version-history":[{"count":0,"href":"https:\/\/sandzakpress.net\/arhiva\/wp-json\/wp\/v2\/posts\/207907\/revisions"}],"wp:featuredmedia":[{"embeddable":true,"href":"https:\/\/sandzakpress.net\/arhiva\/wp-json\/wp\/v2\/media\/207923"}],"wp:attachment":[{"href":"https:\/\/sandzakpress.net\/arhiva\/wp-json\/wp\/v2\/media?parent=207907"}],"wp:term":[{"taxonomy":"category","embeddable":true,"href":"https:\/\/sandzakpress.net\/arhiva\/wp-json\/wp\/v2\/categories?post=207907"},{"taxonomy":"post_tag","embeddable":true,"href":"https:\/\/sandzakpress.net\/arhiva\/wp-json\/wp\/v2\/tags?post=207907"}],"curies":[{"name":"wp","href":"https:\/\/api.w.org\/{rel}","templated":true}]}}