{"id":207774,"date":"2018-05-31T22:31:59","date_gmt":"2018-05-31T20:31:59","guid":{"rendered":"https:\/\/sandzakpress.net\/arhiva\/?p=207774"},"modified":"2018-05-31T22:35:02","modified_gmt":"2018-05-31T20:35:02","slug":"ekskluzivno-nakon-krade-omerovica-oslobodila-njemacka-policija","status":"publish","type":"post","link":"https:\/\/sandzakpress.net\/arhiva\/ekskluzivno-nakon-krade-omerovica-oslobodila-njemacka-policija\/","title":{"rendered":"EKSKLUZIVNO &#8211; Nakon kra\u0111e, Omerovi\u0107a oslobodila njema\u010dka policija!"},"content":{"rendered":"<p><img loading=\"lazy\" decoding=\"async\" class=\"alignnone size-full wp-image-207775\" src=\"https:\/\/sandzakpress.net\/arhiva\/wp-content\/uploads\/2018\/05\/1506287_0505-dragana-udovicic1_ls.jpg\" alt=\"\" width=\"1000\" height=\"666\" srcset=\"https:\/\/sandzakpress.net\/arhiva\/wp-content\/uploads\/2018\/05\/1506287_0505-dragana-udovicic1_ls.jpg 1000w, https:\/\/sandzakpress.net\/arhiva\/wp-content\/uploads\/2018\/05\/1506287_0505-dragana-udovicic1_ls-768x511.jpg 768w, https:\/\/sandzakpress.net\/arhiva\/wp-content\/uploads\/2018\/05\/1506287_0505-dragana-udovicic1_ls-616x410.jpg 616w, https:\/\/sandzakpress.net\/arhiva\/wp-content\/uploads\/2018\/05\/1506287_0505-dragana-udovicic1_ls-360x240.jpg 360w\" sizes=\"(max-width: 1000px) 100vw, 1000px\" \/><\/p>\n<p><strong>Generalni konzul Republike Srbije u Frankfurtu g. Dragi\u0161i\u0107 uptio je otvoreni telegram ministru Ministarstva spoljnih poslova Republike Srbije u kojem ga obave\u0161tava da je danas u Franfurtu zbog kra\u0111e iz free shopa-a priveden Meho Omerovi\u0107.<\/strong><\/p>\n<p><em>&#8220;Danas je u 9 \u010dasova i 35 minuta na aerodromu u Frankfurt, od strane nema\u010dke policije, priveden je Meho Omerovi\u0107, \u010dlan parlamentarne delegacije, koja je na proputovanju za Brisel.<\/em><\/p>\n<p><em>Privo\u0111enje je usledilo nakon \u0161to je detektiv primetio kako M. Omerovi\u0107 poku\u0161ava da iznese robu iz free shop-a koju nije platio.<\/em><\/p>\n<p><em>U telefonskom razgovoru sa g. Bopertom, \u0161efom odeljenja policije, zamolili smo da M. Omerovi\u0107a puste kako bi nastavio put za Brisel, \u0161to su u\u010dinili.&#8221;<\/p>\n<p><\/em><\/p>\n<p><strong>Ekskluzivno donosimo prijevod dokumeta njema\u010dke policije o ovom slu\u010daju.\u00a0<\/p>\n<p><\/strong><\/p>\n<p><em>&#8220;Nakon \u0161to je u 9:34h detektiv prodavnice prijavio slu\u010daj kra\u0111e, na prijavljeno mjesto su se uputili policijski slu\u017ebenici Wilhelms i Rust. Tamo su zatekli detektiva i optu\u017eenog. Radi se o poslaniku parlamenta Srbije Mehu Omerovi\u0107u (stranka SDPS).<\/em><\/p>\n<p><em>On se identifikovao sa srpskim paso\u0161em i izjavio da posjeduje diplomatski status. Dokaz o posebnom statusu nije morao da prika\u017ee.<\/em><\/p>\n<p><em>Policijski slu\u017ebenik Boppert (na\u010delnik) je nalo\u017eio da se Omerovi\u0107 pusti nakon \u0161to mu se uzmu li\u010dni podaci.<\/em><\/p>\n<p><em>Protiv njega do sada nije podneta krivi\u010dna prijava, za sada je odlu\u010deno u njegovu korist.<\/em><\/p>\n<p><em>Zbog mogu\u0107eg diplomatskog statusa optu\u017eenog, kontaktiran je Generalni konzul u Frankfurtu gosp. Blitzner, koja je odmah obavijestila konzula Dragi\u0161i\u0107a o po\u010dinjenoj kra\u0111i.<\/em><\/p>\n<p><em>Konzul Dragi\u0161i\u0107 je zamolio da se po\u0161alje izvje\u0161taj i rekao da \u0107e provjeriti status optu\u017eenog i obavjestiti policiju.&#8221;<\/em><\/p>\n<p>&nbsp;<\/p>\n<p>Fotografije zvani\u010dnih policijskih dokumenata:\u00a0<\/p>\n<p><img loading=\"lazy\" decoding=\"async\" class=\"size-full wp-image-207776 aligncenter\" src=\"https:\/\/sandzakpress.net\/arhiva\/wp-content\/uploads\/2018\/05\/1-meho.jpg\" alt=\"\" width=\"720\" height=\"1065\" srcset=\"https:\/\/sandzakpress.net\/arhiva\/wp-content\/uploads\/2018\/05\/1-meho.jpg 720w, https:\/\/sandzakpress.net\/arhiva\/wp-content\/uploads\/2018\/05\/1-meho-616x911.jpg 616w\" sizes=\"(max-width: 720px) 100vw, 720px\" \/> <img loading=\"lazy\" decoding=\"async\" class=\"size-full wp-image-207777 aligncenter\" src=\"https:\/\/sandzakpress.net\/arhiva\/wp-content\/uploads\/2018\/05\/2-meho.jpg\" alt=\"\" width=\"720\" height=\"584\" srcset=\"https:\/\/sandzakpress.net\/arhiva\/wp-content\/uploads\/2018\/05\/2-meho.jpg 720w, https:\/\/sandzakpress.net\/arhiva\/wp-content\/uploads\/2018\/05\/2-meho-616x500.jpg 616w\" sizes=\"(max-width: 720px) 100vw, 720px\" \/><\/p>\n<blockquote class=\"wp-embedded-content\" data-secret=\"VH9qPDuUiv\"><p><a href=\"https:\/\/sandzakpress.net\/arhiva\/ekskluzivno-nakon-krade-omerovica-oslobodila-njemacka-policija\/\">EKSKLUZIVNO &#8211; Nakon kra\u0111e, Omerovi\u0107a oslobodila njema\u010dka policija!<\/a><\/p><\/blockquote>\n<p><iframe loading=\"lazy\" class=\"wp-embedded-content\" sandbox=\"allow-scripts\" security=\"restricted\" style=\"position: absolute; visibility: hidden;\" title=\"&#8220;EKSKLUZIVNO &#8211; Nakon kra\u0111e, Omerovi\u0107a oslobodila njema\u010dka policija!&#8221; &#8212; Sand\u017eak PRESS\" src=\"https:\/\/sandzakpress.net\/arhiva\/ekskluzivno-nakon-krade-omerovica-oslobodila-njemacka-policija\/embed\/#?secret=FUk0XB6ObX#?secret=VH9qPDuUiv\" data-secret=\"VH9qPDuUiv\" width=\"600\" height=\"338\" frameborder=\"0\" marginwidth=\"0\" marginheight=\"0\" scrolling=\"no\"><\/iframe><\/p>\n","protected":false},"excerpt":{"rendered":"<p>Generalni konzul Republike Srbije u Frankfurtu g. Dragi\u0161i\u0107 uptio je otvoreni telegram ministru Ministarstva spoljnih poslova Republike Srbije u kojem ga obave\u0161tava da je danas u Franfurtu zbog kra\u0111e iz free shopa-a priveden Meho Omerovi\u0107. &#8220;Danas je u 9 \u010dasova i 35 minuta na aerodromu u Frankfurt, od strane nema\u010dke policije, priveden je Meho Omerovi\u0107, [&hellip;]<\/p>\n","protected":false},"author":509,"featured_media":207775,"comment_status":"open","ping_status":"open","sticky":false,"template":"","format":"standard","meta":{"footnotes":""},"categories":[72,9538,1,10307,8957],"tags":[],"class_list":{"0":"post-207774","1":"post","2":"type-post","3":"status-publish","4":"format-standard","5":"has-post-thumbnail","7":"category-novi-pazar","8":"category-njemacka-dijaspora-gradovi-vase-vijesti","9":"category-politika","10":"category-srbija","11":"category-vijesti-dana"},"yoast_head":"<!-- This site is optimized with the Yoast SEO Premium plugin v23.1 (Yoast SEO v24.9) - https:\/\/yoast.com\/wordpress\/plugins\/seo\/ -->\n<title>EKSKLUZIVNO - Nakon kra\u0111e, Omerovi\u0107a oslobodila njema\u010dka policija!<\/title>\n<meta name=\"robots\" content=\"index, follow, max-snippet:-1, max-image-preview:large, max-video-preview:-1\" \/>\n<link rel=\"canonical\" href=\"https:\/\/sandzakpress.net\/arhiva\/ekskluzivno-nakon-krade-omerovica-oslobodila-njemacka-policija\/\" \/>\n<meta property=\"og:locale\" content=\"bs_BA\" \/>\n<meta property=\"og:type\" content=\"article\" \/>\n<meta property=\"og:title\" content=\"EKSKLUZIVNO - Nakon kra\u0111e, Omerovi\u0107a oslobodila njema\u010dka policija!\" \/>\n<meta property=\"og:description\" content=\"Generalni konzul Republike Srbije u Frankfurtu g. Dragi\u0161i\u0107 uptio je otvoreni telegram ministru Ministarstva spoljnih poslova Republike Srbije u kojem ga obave\u0161tava da je danas u Franfurtu zbog kra\u0111e iz free shopa-a priveden Meho Omerovi\u0107. &#8220;Danas je u 9 \u010dasova i 35 minuta na aerodromu u Frankfurt, od strane nema\u010dke policije, priveden je Meho Omerovi\u0107, [&hellip;]\" \/>\n<meta property=\"og:url\" content=\"https:\/\/sandzakpress.net\/arhiva\/ekskluzivno-nakon-krade-omerovica-oslobodila-njemacka-policija\/\" \/>\n<meta property=\"og:site_name\" content=\"Sand\u017eak PRESS\" \/>\n<meta property=\"article:published_time\" content=\"2018-05-31T20:31:59+00:00\" \/>\n<meta property=\"article:modified_time\" content=\"2018-05-31T20:35:02+00:00\" \/>\n<meta property=\"og:image\" content=\"https:\/\/sandzakpress.net\/arhiva\/wp-content\/uploads\/2018\/05\/1506287_0505-dragana-udovicic1_ls.jpg\" \/>\n\t<meta property=\"og:image:width\" content=\"1000\" \/>\n\t<meta property=\"og:image:height\" content=\"666\" \/>\n\t<meta property=\"og:image:type\" content=\"image\/jpeg\" \/>\n<meta name=\"author\" content=\"Agencija\" \/>\n<meta name=\"twitter:card\" content=\"summary_large_image\" \/>\n<meta name=\"twitter:label1\" content=\"Written by\" \/>\n\t<meta name=\"twitter:data1\" content=\"Agencija\" \/>\n\t<meta name=\"twitter:label2\" content=\"Est. reading time\" \/>\n\t<meta name=\"twitter:data2\" content=\"1 minuta\" \/>\n<script type=\"application\/ld+json\" class=\"yoast-schema-graph\">{\"@context\":\"https:\/\/schema.org\",\"@graph\":[{\"@type\":\"Article\",\"@id\":\"https:\/\/sandzakpress.net\/arhiva\/ekskluzivno-nakon-krade-omerovica-oslobodila-njemacka-policija\/#article\",\"isPartOf\":{\"@id\":\"https:\/\/sandzakpress.net\/arhiva\/ekskluzivno-nakon-krade-omerovica-oslobodila-njemacka-policija\/\"},\"author\":{\"name\":\"Agencija\",\"@id\":\"https:\/\/sandzakpress.net\/arhiva\/#\/schema\/person\/cb59d7e3ab91ab90dd680ad0305a6185\"},\"headline\":\"EKSKLUZIVNO &#8211; Nakon kra\u0111e, Omerovi\u0107a oslobodila njema\u010dka policija!\",\"datePublished\":\"2018-05-31T20:31:59+00:00\",\"dateModified\":\"2018-05-31T20:35:02+00:00\",\"mainEntityOfPage\":{\"@id\":\"https:\/\/sandzakpress.net\/arhiva\/ekskluzivno-nakon-krade-omerovica-oslobodila-njemacka-policija\/\"},\"wordCount\":300,\"commentCount\":32,\"publisher\":{\"@id\":\"https:\/\/sandzakpress.net\/arhiva\/#\/schema\/person\/6e72b67d6e51910a1117b3b483ba20bd\"},\"image\":{\"@id\":\"https:\/\/sandzakpress.net\/arhiva\/ekskluzivno-nakon-krade-omerovica-oslobodila-njemacka-policija\/#primaryimage\"},\"thumbnailUrl\":\"https:\/\/sandzakpress.net\/arhiva\/wp-content\/uploads\/2018\/05\/1506287_0505-dragana-udovicic1_ls.jpg\",\"articleSection\":[\"Novi Pazar\",\"Njema\u010dka\",\"Politika\",\"Srbija\",\"VIJESTI DANA\"],\"inLanguage\":\"bs-BA\",\"potentialAction\":[{\"@type\":\"CommentAction\",\"name\":\"Comment\",\"target\":[\"https:\/\/sandzakpress.net\/arhiva\/ekskluzivno-nakon-krade-omerovica-oslobodila-njemacka-policija\/#respond\"]}]},{\"@type\":\"WebPage\",\"@id\":\"https:\/\/sandzakpress.net\/arhiva\/ekskluzivno-nakon-krade-omerovica-oslobodila-njemacka-policija\/\",\"url\":\"https:\/\/sandzakpress.net\/arhiva\/ekskluzivno-nakon-krade-omerovica-oslobodila-njemacka-policija\/\",\"name\":\"EKSKLUZIVNO - Nakon kra\u0111e, Omerovi\u0107a oslobodila njema\u010dka policija!\",\"isPartOf\":{\"@id\":\"https:\/\/sandzakpress.net\/arhiva\/#website\"},\"primaryImageOfPage\":{\"@id\":\"https:\/\/sandzakpress.net\/arhiva\/ekskluzivno-nakon-krade-omerovica-oslobodila-njemacka-policija\/#primaryimage\"},\"image\":{\"@id\":\"https:\/\/sandzakpress.net\/arhiva\/ekskluzivno-nakon-krade-omerovica-oslobodila-njemacka-policija\/#primaryimage\"},\"thumbnailUrl\":\"https:\/\/sandzakpress.net\/arhiva\/wp-content\/uploads\/2018\/05\/1506287_0505-dragana-udovicic1_ls.jpg\",\"datePublished\":\"2018-05-31T20:31:59+00:00\",\"dateModified\":\"2018-05-31T20:35:02+00:00\",\"breadcrumb\":{\"@id\":\"https:\/\/sandzakpress.net\/arhiva\/ekskluzivno-nakon-krade-omerovica-oslobodila-njemacka-policija\/#breadcrumb\"},\"inLanguage\":\"bs-BA\",\"potentialAction\":[{\"@type\":\"ReadAction\",\"target\":[\"https:\/\/sandzakpress.net\/arhiva\/ekskluzivno-nakon-krade-omerovica-oslobodila-njemacka-policija\/\"]}]},{\"@type\":\"ImageObject\",\"inLanguage\":\"bs-BA\",\"@id\":\"https:\/\/sandzakpress.net\/arhiva\/ekskluzivno-nakon-krade-omerovica-oslobodila-njemacka-policija\/#primaryimage\",\"url\":\"https:\/\/sandzakpress.net\/arhiva\/wp-content\/uploads\/2018\/05\/1506287_0505-dragana-udovicic1_ls.jpg\",\"contentUrl\":\"https:\/\/sandzakpress.net\/arhiva\/wp-content\/uploads\/2018\/05\/1506287_0505-dragana-udovicic1_ls.jpg\",\"width\":1000,\"height\":666},{\"@type\":\"BreadcrumbList\",\"@id\":\"https:\/\/sandzakpress.net\/arhiva\/ekskluzivno-nakon-krade-omerovica-oslobodila-njemacka-policija\/#breadcrumb\",\"itemListElement\":[{\"@type\":\"ListItem\",\"position\":1,\"name\":\"Home\",\"item\":\"https:\/\/sandzakpress.net\/arhiva\/\"},{\"@type\":\"ListItem\",\"position\":2,\"name\":\"EKSKLUZIVNO &#8211; Nakon kra\u0111e, Omerovi\u0107a oslobodila njema\u010dka policija!\"}]},{\"@type\":\"WebSite\",\"@id\":\"https:\/\/sandzakpress.net\/arhiva\/#website\",\"url\":\"https:\/\/sandzakpress.net\/arhiva\/\",\"name\":\"Sand\u017eak PRESS\",\"description\":\"Prve elektronske novine u Sand\u017eaku\",\"publisher\":{\"@id\":\"https:\/\/sandzakpress.net\/arhiva\/#\/schema\/person\/6e72b67d6e51910a1117b3b483ba20bd\"},\"potentialAction\":[{\"@type\":\"SearchAction\",\"target\":{\"@type\":\"EntryPoint\",\"urlTemplate\":\"https:\/\/sandzakpress.net\/arhiva\/?s={search_term_string}\"},\"query-input\":{\"@type\":\"PropertyValueSpecification\",\"valueRequired\":true,\"valueName\":\"search_term_string\"}}],\"inLanguage\":\"bs-BA\"},{\"@type\":[\"Person\",\"Organization\"],\"@id\":\"https:\/\/sandzakpress.net\/arhiva\/#\/schema\/person\/6e72b67d6e51910a1117b3b483ba20bd\",\"name\":\"Kul\",\"image\":{\"@type\":\"ImageObject\",\"inLanguage\":\"bs-BA\",\"@id\":\"https:\/\/sandzakpress.net\/arhiva\/#\/schema\/person\/image\/\",\"url\":\"https:\/\/secure.gravatar.com\/avatar\/42263f39aa27ac04c43cab85c280eb2e?s=96&d=mm&r=pg\",\"contentUrl\":\"https:\/\/secure.gravatar.com\/avatar\/42263f39aa27ac04c43cab85c280eb2e?s=96&d=mm&r=pg\",\"caption\":\"Kul\"},\"logo\":{\"@id\":\"https:\/\/sandzakpress.net\/arhiva\/#\/schema\/person\/image\/\"}},{\"@type\":\"Person\",\"@id\":\"https:\/\/sandzakpress.net\/arhiva\/#\/schema\/person\/cb59d7e3ab91ab90dd680ad0305a6185\",\"name\":\"Agencija\",\"image\":{\"@type\":\"ImageObject\",\"inLanguage\":\"bs-BA\",\"@id\":\"https:\/\/sandzakpress.net\/arhiva\/#\/schema\/person\/image\/\",\"url\":\"https:\/\/secure.gravatar.com\/avatar\/4b7fafa80a22f0c2afe23966b3961fe0?s=96&d=mm&r=pg\",\"contentUrl\":\"https:\/\/secure.gravatar.com\/avatar\/4b7fafa80a22f0c2afe23966b3961fe0?s=96&d=mm&r=pg\",\"caption\":\"Agencija\"},\"url\":\"https:\/\/sandzakpress.net\/arhiva\/author\/agencija\/\"}]}<\/script>\n<!-- \/ Yoast SEO Premium plugin. -->","yoast_head_json":{"title":"EKSKLUZIVNO - Nakon kra\u0111e, Omerovi\u0107a oslobodila njema\u010dka policija!","robots":{"index":"index","follow":"follow","max-snippet":"max-snippet:-1","max-image-preview":"max-image-preview:large","max-video-preview":"max-video-preview:-1"},"canonical":"https:\/\/sandzakpress.net\/arhiva\/ekskluzivno-nakon-krade-omerovica-oslobodila-njemacka-policija\/","og_locale":"bs_BA","og_type":"article","og_title":"EKSKLUZIVNO - Nakon kra\u0111e, Omerovi\u0107a oslobodila njema\u010dka policija!","og_description":"Generalni konzul Republike Srbije u Frankfurtu g. Dragi\u0161i\u0107 uptio je otvoreni telegram ministru Ministarstva spoljnih poslova Republike Srbije u kojem ga obave\u0161tava da je danas u Franfurtu zbog kra\u0111e iz free shopa-a priveden Meho Omerovi\u0107. &#8220;Danas je u 9 \u010dasova i 35 minuta na aerodromu u Frankfurt, od strane nema\u010dke policije, priveden je Meho Omerovi\u0107, [&hellip;]","og_url":"https:\/\/sandzakpress.net\/arhiva\/ekskluzivno-nakon-krade-omerovica-oslobodila-njemacka-policija\/","og_site_name":"Sand\u017eak PRESS","article_published_time":"2018-05-31T20:31:59+00:00","article_modified_time":"2018-05-31T20:35:02+00:00","og_image":[{"width":1000,"height":666,"url":"https:\/\/sandzakpress.net\/arhiva\/wp-content\/uploads\/2018\/05\/1506287_0505-dragana-udovicic1_ls.jpg","type":"image\/jpeg"}],"author":"Agencija","twitter_card":"summary_large_image","twitter_misc":{"Written by":"Agencija","Est. reading time":"1 minuta"},"schema":{"@context":"https:\/\/schema.org","@graph":[{"@type":"Article","@id":"https:\/\/sandzakpress.net\/arhiva\/ekskluzivno-nakon-krade-omerovica-oslobodila-njemacka-policija\/#article","isPartOf":{"@id":"https:\/\/sandzakpress.net\/arhiva\/ekskluzivno-nakon-krade-omerovica-oslobodila-njemacka-policija\/"},"author":{"name":"Agencija","@id":"https:\/\/sandzakpress.net\/arhiva\/#\/schema\/person\/cb59d7e3ab91ab90dd680ad0305a6185"},"headline":"EKSKLUZIVNO &#8211; Nakon kra\u0111e, Omerovi\u0107a oslobodila njema\u010dka policija!","datePublished":"2018-05-31T20:31:59+00:00","dateModified":"2018-05-31T20:35:02+00:00","mainEntityOfPage":{"@id":"https:\/\/sandzakpress.net\/arhiva\/ekskluzivno-nakon-krade-omerovica-oslobodila-njemacka-policija\/"},"wordCount":300,"commentCount":32,"publisher":{"@id":"https:\/\/sandzakpress.net\/arhiva\/#\/schema\/person\/6e72b67d6e51910a1117b3b483ba20bd"},"image":{"@id":"https:\/\/sandzakpress.net\/arhiva\/ekskluzivno-nakon-krade-omerovica-oslobodila-njemacka-policija\/#primaryimage"},"thumbnailUrl":"https:\/\/sandzakpress.net\/arhiva\/wp-content\/uploads\/2018\/05\/1506287_0505-dragana-udovicic1_ls.jpg","articleSection":["Novi Pazar","Njema\u010dka","Politika","Srbija","VIJESTI DANA"],"inLanguage":"bs-BA","potentialAction":[{"@type":"CommentAction","name":"Comment","target":["https:\/\/sandzakpress.net\/arhiva\/ekskluzivno-nakon-krade-omerovica-oslobodila-njemacka-policija\/#respond"]}]},{"@type":"WebPage","@id":"https:\/\/sandzakpress.net\/arhiva\/ekskluzivno-nakon-krade-omerovica-oslobodila-njemacka-policija\/","url":"https:\/\/sandzakpress.net\/arhiva\/ekskluzivno-nakon-krade-omerovica-oslobodila-njemacka-policija\/","name":"EKSKLUZIVNO - Nakon kra\u0111e, Omerovi\u0107a oslobodila njema\u010dka policija!","isPartOf":{"@id":"https:\/\/sandzakpress.net\/arhiva\/#website"},"primaryImageOfPage":{"@id":"https:\/\/sandzakpress.net\/arhiva\/ekskluzivno-nakon-krade-omerovica-oslobodila-njemacka-policija\/#primaryimage"},"image":{"@id":"https:\/\/sandzakpress.net\/arhiva\/ekskluzivno-nakon-krade-omerovica-oslobodila-njemacka-policija\/#primaryimage"},"thumbnailUrl":"https:\/\/sandzakpress.net\/arhiva\/wp-content\/uploads\/2018\/05\/1506287_0505-dragana-udovicic1_ls.jpg","datePublished":"2018-05-31T20:31:59+00:00","dateModified":"2018-05-31T20:35:02+00:00","breadcrumb":{"@id":"https:\/\/sandzakpress.net\/arhiva\/ekskluzivno-nakon-krade-omerovica-oslobodila-njemacka-policija\/#breadcrumb"},"inLanguage":"bs-BA","potentialAction":[{"@type":"ReadAction","target":["https:\/\/sandzakpress.net\/arhiva\/ekskluzivno-nakon-krade-omerovica-oslobodila-njemacka-policija\/"]}]},{"@type":"ImageObject","inLanguage":"bs-BA","@id":"https:\/\/sandzakpress.net\/arhiva\/ekskluzivno-nakon-krade-omerovica-oslobodila-njemacka-policija\/#primaryimage","url":"https:\/\/sandzakpress.net\/arhiva\/wp-content\/uploads\/2018\/05\/1506287_0505-dragana-udovicic1_ls.jpg","contentUrl":"https:\/\/sandzakpress.net\/arhiva\/wp-content\/uploads\/2018\/05\/1506287_0505-dragana-udovicic1_ls.jpg","width":1000,"height":666},{"@type":"BreadcrumbList","@id":"https:\/\/sandzakpress.net\/arhiva\/ekskluzivno-nakon-krade-omerovica-oslobodila-njemacka-policija\/#breadcrumb","itemListElement":[{"@type":"ListItem","position":1,"name":"Home","item":"https:\/\/sandzakpress.net\/arhiva\/"},{"@type":"ListItem","position":2,"name":"EKSKLUZIVNO &#8211; Nakon kra\u0111e, Omerovi\u0107a oslobodila njema\u010dka policija!"}]},{"@type":"WebSite","@id":"https:\/\/sandzakpress.net\/arhiva\/#website","url":"https:\/\/sandzakpress.net\/arhiva\/","name":"Sand\u017eak PRESS","description":"Prve elektronske novine u Sand\u017eaku","publisher":{"@id":"https:\/\/sandzakpress.net\/arhiva\/#\/schema\/person\/6e72b67d6e51910a1117b3b483ba20bd"},"potentialAction":[{"@type":"SearchAction","target":{"@type":"EntryPoint","urlTemplate":"https:\/\/sandzakpress.net\/arhiva\/?s={search_term_string}"},"query-input":{"@type":"PropertyValueSpecification","valueRequired":true,"valueName":"search_term_string"}}],"inLanguage":"bs-BA"},{"@type":["Person","Organization"],"@id":"https:\/\/sandzakpress.net\/arhiva\/#\/schema\/person\/6e72b67d6e51910a1117b3b483ba20bd","name":"Kul","image":{"@type":"ImageObject","inLanguage":"bs-BA","@id":"https:\/\/sandzakpress.net\/arhiva\/#\/schema\/person\/image\/","url":"https:\/\/secure.gravatar.com\/avatar\/42263f39aa27ac04c43cab85c280eb2e?s=96&d=mm&r=pg","contentUrl":"https:\/\/secure.gravatar.com\/avatar\/42263f39aa27ac04c43cab85c280eb2e?s=96&d=mm&r=pg","caption":"Kul"},"logo":{"@id":"https:\/\/sandzakpress.net\/arhiva\/#\/schema\/person\/image\/"}},{"@type":"Person","@id":"https:\/\/sandzakpress.net\/arhiva\/#\/schema\/person\/cb59d7e3ab91ab90dd680ad0305a6185","name":"Agencija","image":{"@type":"ImageObject","inLanguage":"bs-BA","@id":"https:\/\/sandzakpress.net\/arhiva\/#\/schema\/person\/image\/","url":"https:\/\/secure.gravatar.com\/avatar\/4b7fafa80a22f0c2afe23966b3961fe0?s=96&d=mm&r=pg","contentUrl":"https:\/\/secure.gravatar.com\/avatar\/4b7fafa80a22f0c2afe23966b3961fe0?s=96&d=mm&r=pg","caption":"Agencija"},"url":"https:\/\/sandzakpress.net\/arhiva\/author\/agencija\/"}]}},"_links":{"self":[{"href":"https:\/\/sandzakpress.net\/arhiva\/wp-json\/wp\/v2\/posts\/207774"}],"collection":[{"href":"https:\/\/sandzakpress.net\/arhiva\/wp-json\/wp\/v2\/posts"}],"about":[{"href":"https:\/\/sandzakpress.net\/arhiva\/wp-json\/wp\/v2\/types\/post"}],"author":[{"embeddable":true,"href":"https:\/\/sandzakpress.net\/arhiva\/wp-json\/wp\/v2\/users\/509"}],"replies":[{"embeddable":true,"href":"https:\/\/sandzakpress.net\/arhiva\/wp-json\/wp\/v2\/comments?post=207774"}],"version-history":[{"count":0,"href":"https:\/\/sandzakpress.net\/arhiva\/wp-json\/wp\/v2\/posts\/207774\/revisions"}],"wp:featuredmedia":[{"embeddable":true,"href":"https:\/\/sandzakpress.net\/arhiva\/wp-json\/wp\/v2\/media\/207775"}],"wp:attachment":[{"href":"https:\/\/sandzakpress.net\/arhiva\/wp-json\/wp\/v2\/media?parent=207774"}],"wp:term":[{"taxonomy":"category","embeddable":true,"href":"https:\/\/sandzakpress.net\/arhiva\/wp-json\/wp\/v2\/categories?post=207774"},{"taxonomy":"post_tag","embeddable":true,"href":"https:\/\/sandzakpress.net\/arhiva\/wp-json\/wp\/v2\/tags?post=207774"}],"curies":[{"name":"wp","href":"https:\/\/api.w.org\/{rel}","templated":true}]}}