{"id":207487,"date":"2018-05-25T12:44:06","date_gmt":"2018-05-25T10:44:06","guid":{"rendered":"https:\/\/sandzakpress.net\/arhiva\/?p=207487"},"modified":"2018-05-25T12:44:06","modified_gmt":"2018-05-25T10:44:06","slug":"vlada-izdvoja-50-000-eura-za-rtv-pljevlja","status":"publish","type":"post","link":"https:\/\/sandzakpress.net\/arhiva\/vlada-izdvoja-50-000-eura-za-rtv-pljevlja\/","title":{"rendered":"Vlada izdvoja 50.000 eura za RTV Pljevlja"},"content":{"rendered":"<p><img decoding=\"async\" class=\"aligncenter\" src=\"http:\/\/www.vijesti.me\/media\/cache\/dc\/40\/dc4095ac2bb5e110cd21bd772707e75a.jpg\" alt=\"Vlada izdvoja 50.000 eura za RTV Pljevlja\" \/><\/p>\n<p><strong>Vlada je na dana\u0161njoj sjednici odlu\u010dila da izdovoji 50.000 eura interventne pomo\u0107i Radio-televiziji Pljevlja.<\/strong><\/p>\n<p>U po\u017earu 22. maja izgorjela sva imovina Radio-televizije Pljevlja.<\/p>\n<p>&#8220;Vijestima&#8221; su nezvani\u010dno dva pouzdana izvora potvrdila da ke vatromet povodom Dana nezavisnosti mogu\u0107i uzrok po\u017eara.<\/p>\n<p>Glavni i odgovorni urednik RTV Pljevlja Milo D\u017eakovi\u0107 kazao je da je u po\u017earu izgorjelo oko 90 odsto tehnike.<\/p>\n<p>U po\u017earu su najvi\u0161e izgorjele prostorije koje se nalaze na strani zgrade koja je okrenuta prema gradskom trgu.<\/p>\n<p>U Televiziji Pljevlja stalno je zaposleno 30 radnika, a plate zaposlenima kasne i po nekoliko mjeseci.<\/p>\n<p>Trenutno im se duguju zarade za februar, mart i april.<\/p>\n<p>Zaposleni su krajem pro\u0161le godine zamrznuli vi\u0161ednevni \u0161trajk u kojem su bili zbog \u0161est neispla\u0107enih zarada. \u0160trajk su prekinuli nakon \u0161to su sa osniva\u010dem &#8211; Op\u0161tinom Pljevlja, potpisali ugovor o finansiranju odre\u0111enih programskih sadr\u017eaja.<\/p>\n<p>(Vijesti)<\/p>\n","protected":false},"excerpt":{"rendered":"<p>Vlada je na dana\u0161njoj sjednici odlu\u010dila da izdovoji 50.000 eura interventne pomo\u0107i Radio-televiziji Pljevlja. U po\u017earu 22. maja izgorjela sva imovina Radio-televizije Pljevlja. &#8220;Vijestima&#8221; su nezvani\u010dno dva pouzdana izvora potvrdila da ke vatromet povodom Dana nezavisnosti mogu\u0107i uzrok po\u017eara. Glavni i odgovorni urednik RTV Pljevlja Milo D\u017eakovi\u0107 kazao je da je u po\u017earu izgorjelo oko [&hellip;]<\/p>\n","protected":false},"author":509,"featured_media":207493,"comment_status":"open","ping_status":"open","sticky":false,"template":"","format":"standard","meta":{"footnotes":""},"categories":[395,5],"tags":[],"class_list":{"0":"post-207487","1":"post","2":"type-post","3":"status-publish","4":"format-standard","5":"has-post-thumbnail","7":"category-pljevlja_","8":"category-drustvo"},"yoast_head":"<!-- This site is optimized with the Yoast SEO Premium plugin v23.1 (Yoast SEO v24.9) - https:\/\/yoast.com\/wordpress\/plugins\/seo\/ -->\n<title>Vlada izdvoja 50.000 eura za RTV Pljevlja<\/title>\n<meta name=\"robots\" content=\"index, follow, max-snippet:-1, max-image-preview:large, max-video-preview:-1\" \/>\n<link rel=\"canonical\" href=\"https:\/\/sandzakpress.net\/arhiva\/vlada-izdvoja-50-000-eura-za-rtv-pljevlja\/\" \/>\n<meta property=\"og:locale\" content=\"bs_BA\" \/>\n<meta property=\"og:type\" content=\"article\" \/>\n<meta property=\"og:title\" content=\"Vlada izdvoja 50.000 eura za RTV Pljevlja\" \/>\n<meta property=\"og:description\" content=\"Vlada je na dana\u0161njoj sjednici odlu\u010dila da izdovoji 50.000 eura interventne pomo\u0107i Radio-televiziji Pljevlja. U po\u017earu 22. maja izgorjela sva imovina Radio-televizije Pljevlja. &#8220;Vijestima&#8221; su nezvani\u010dno dva pouzdana izvora potvrdila da ke vatromet povodom Dana nezavisnosti mogu\u0107i uzrok po\u017eara. Glavni i odgovorni urednik RTV Pljevlja Milo D\u017eakovi\u0107 kazao je da je u po\u017earu izgorjelo oko [&hellip;]\" \/>\n<meta property=\"og:url\" content=\"https:\/\/sandzakpress.net\/arhiva\/vlada-izdvoja-50-000-eura-za-rtv-pljevlja\/\" \/>\n<meta property=\"og:site_name\" content=\"Sand\u017eak PRESS\" \/>\n<meta property=\"article:published_time\" content=\"2018-05-25T10:44:06+00:00\" \/>\n<meta property=\"og:image\" content=\"https:\/\/sandzakpress.net\/arhiva\/wp-content\/uploads\/2018\/05\/dc4095ac2bb5e110cd21bd772707e75a.jpg\" \/>\n\t<meta property=\"og:image:width\" content=\"560\" \/>\n\t<meta property=\"og:image:height\" content=\"352\" \/>\n\t<meta property=\"og:image:type\" content=\"image\/jpeg\" \/>\n<meta name=\"author\" content=\"Agencija\" \/>\n<meta name=\"twitter:card\" content=\"summary_large_image\" \/>\n<meta name=\"twitter:label1\" content=\"Written by\" \/>\n\t<meta name=\"twitter:data1\" content=\"Agencija\" \/>\n\t<meta name=\"twitter:label2\" content=\"Est. reading time\" \/>\n\t<meta name=\"twitter:data2\" content=\"1 minuta\" \/>\n<script type=\"application\/ld+json\" class=\"yoast-schema-graph\">{\"@context\":\"https:\/\/schema.org\",\"@graph\":[{\"@type\":\"Article\",\"@id\":\"https:\/\/sandzakpress.net\/arhiva\/vlada-izdvoja-50-000-eura-za-rtv-pljevlja\/#article\",\"isPartOf\":{\"@id\":\"https:\/\/sandzakpress.net\/arhiva\/vlada-izdvoja-50-000-eura-za-rtv-pljevlja\/\"},\"author\":{\"name\":\"Agencija\",\"@id\":\"https:\/\/sandzakpress.net\/arhiva\/#\/schema\/person\/cb59d7e3ab91ab90dd680ad0305a6185\"},\"headline\":\"Vlada izdvoja 50.000 eura za RTV Pljevlja\",\"datePublished\":\"2018-05-25T10:44:06+00:00\",\"mainEntityOfPage\":{\"@id\":\"https:\/\/sandzakpress.net\/arhiva\/vlada-izdvoja-50-000-eura-za-rtv-pljevlja\/\"},\"wordCount\":157,\"commentCount\":0,\"publisher\":{\"@id\":\"https:\/\/sandzakpress.net\/arhiva\/#\/schema\/person\/6e72b67d6e51910a1117b3b483ba20bd\"},\"image\":{\"@id\":\"https:\/\/sandzakpress.net\/arhiva\/vlada-izdvoja-50-000-eura-za-rtv-pljevlja\/#primaryimage\"},\"thumbnailUrl\":\"https:\/\/sandzakpress.net\/arhiva\/wp-content\/uploads\/2018\/05\/dc4095ac2bb5e110cd21bd772707e75a.jpg\",\"articleSection\":[\"Pljevlja\",\"Dru\u0161tvo\"],\"inLanguage\":\"bs-BA\",\"potentialAction\":[{\"@type\":\"CommentAction\",\"name\":\"Comment\",\"target\":[\"https:\/\/sandzakpress.net\/arhiva\/vlada-izdvoja-50-000-eura-za-rtv-pljevlja\/#respond\"]}]},{\"@type\":\"WebPage\",\"@id\":\"https:\/\/sandzakpress.net\/arhiva\/vlada-izdvoja-50-000-eura-za-rtv-pljevlja\/\",\"url\":\"https:\/\/sandzakpress.net\/arhiva\/vlada-izdvoja-50-000-eura-za-rtv-pljevlja\/\",\"name\":\"Vlada izdvoja 50.000 eura za RTV Pljevlja\",\"isPartOf\":{\"@id\":\"https:\/\/sandzakpress.net\/arhiva\/#website\"},\"primaryImageOfPage\":{\"@id\":\"https:\/\/sandzakpress.net\/arhiva\/vlada-izdvoja-50-000-eura-za-rtv-pljevlja\/#primaryimage\"},\"image\":{\"@id\":\"https:\/\/sandzakpress.net\/arhiva\/vlada-izdvoja-50-000-eura-za-rtv-pljevlja\/#primaryimage\"},\"thumbnailUrl\":\"https:\/\/sandzakpress.net\/arhiva\/wp-content\/uploads\/2018\/05\/dc4095ac2bb5e110cd21bd772707e75a.jpg\",\"datePublished\":\"2018-05-25T10:44:06+00:00\",\"breadcrumb\":{\"@id\":\"https:\/\/sandzakpress.net\/arhiva\/vlada-izdvoja-50-000-eura-za-rtv-pljevlja\/#breadcrumb\"},\"inLanguage\":\"bs-BA\",\"potentialAction\":[{\"@type\":\"ReadAction\",\"target\":[\"https:\/\/sandzakpress.net\/arhiva\/vlada-izdvoja-50-000-eura-za-rtv-pljevlja\/\"]}]},{\"@type\":\"ImageObject\",\"inLanguage\":\"bs-BA\",\"@id\":\"https:\/\/sandzakpress.net\/arhiva\/vlada-izdvoja-50-000-eura-za-rtv-pljevlja\/#primaryimage\",\"url\":\"https:\/\/sandzakpress.net\/arhiva\/wp-content\/uploads\/2018\/05\/dc4095ac2bb5e110cd21bd772707e75a.jpg\",\"contentUrl\":\"https:\/\/sandzakpress.net\/arhiva\/wp-content\/uploads\/2018\/05\/dc4095ac2bb5e110cd21bd772707e75a.jpg\",\"width\":560,\"height\":352},{\"@type\":\"BreadcrumbList\",\"@id\":\"https:\/\/sandzakpress.net\/arhiva\/vlada-izdvoja-50-000-eura-za-rtv-pljevlja\/#breadcrumb\",\"itemListElement\":[{\"@type\":\"ListItem\",\"position\":1,\"name\":\"Home\",\"item\":\"https:\/\/sandzakpress.net\/arhiva\/\"},{\"@type\":\"ListItem\",\"position\":2,\"name\":\"Vlada izdvoja 50.000 eura za RTV Pljevlja\"}]},{\"@type\":\"WebSite\",\"@id\":\"https:\/\/sandzakpress.net\/arhiva\/#website\",\"url\":\"https:\/\/sandzakpress.net\/arhiva\/\",\"name\":\"Sand\u017eak PRESS\",\"description\":\"Prve elektronske novine u Sand\u017eaku\",\"publisher\":{\"@id\":\"https:\/\/sandzakpress.net\/arhiva\/#\/schema\/person\/6e72b67d6e51910a1117b3b483ba20bd\"},\"potentialAction\":[{\"@type\":\"SearchAction\",\"target\":{\"@type\":\"EntryPoint\",\"urlTemplate\":\"https:\/\/sandzakpress.net\/arhiva\/?s={search_term_string}\"},\"query-input\":{\"@type\":\"PropertyValueSpecification\",\"valueRequired\":true,\"valueName\":\"search_term_string\"}}],\"inLanguage\":\"bs-BA\"},{\"@type\":[\"Person\",\"Organization\"],\"@id\":\"https:\/\/sandzakpress.net\/arhiva\/#\/schema\/person\/6e72b67d6e51910a1117b3b483ba20bd\",\"name\":\"Kul\",\"image\":{\"@type\":\"ImageObject\",\"inLanguage\":\"bs-BA\",\"@id\":\"https:\/\/sandzakpress.net\/arhiva\/#\/schema\/person\/image\/\",\"url\":\"https:\/\/secure.gravatar.com\/avatar\/42263f39aa27ac04c43cab85c280eb2e?s=96&d=mm&r=pg\",\"contentUrl\":\"https:\/\/secure.gravatar.com\/avatar\/42263f39aa27ac04c43cab85c280eb2e?s=96&d=mm&r=pg\",\"caption\":\"Kul\"},\"logo\":{\"@id\":\"https:\/\/sandzakpress.net\/arhiva\/#\/schema\/person\/image\/\"}},{\"@type\":\"Person\",\"@id\":\"https:\/\/sandzakpress.net\/arhiva\/#\/schema\/person\/cb59d7e3ab91ab90dd680ad0305a6185\",\"name\":\"Agencija\",\"image\":{\"@type\":\"ImageObject\",\"inLanguage\":\"bs-BA\",\"@id\":\"https:\/\/sandzakpress.net\/arhiva\/#\/schema\/person\/image\/\",\"url\":\"https:\/\/secure.gravatar.com\/avatar\/4b7fafa80a22f0c2afe23966b3961fe0?s=96&d=mm&r=pg\",\"contentUrl\":\"https:\/\/secure.gravatar.com\/avatar\/4b7fafa80a22f0c2afe23966b3961fe0?s=96&d=mm&r=pg\",\"caption\":\"Agencija\"},\"url\":\"https:\/\/sandzakpress.net\/arhiva\/author\/agencija\/\"}]}<\/script>\n<!-- \/ Yoast SEO Premium plugin. -->","yoast_head_json":{"title":"Vlada izdvoja 50.000 eura za RTV Pljevlja","robots":{"index":"index","follow":"follow","max-snippet":"max-snippet:-1","max-image-preview":"max-image-preview:large","max-video-preview":"max-video-preview:-1"},"canonical":"https:\/\/sandzakpress.net\/arhiva\/vlada-izdvoja-50-000-eura-za-rtv-pljevlja\/","og_locale":"bs_BA","og_type":"article","og_title":"Vlada izdvoja 50.000 eura za RTV Pljevlja","og_description":"Vlada je na dana\u0161njoj sjednici odlu\u010dila da izdovoji 50.000 eura interventne pomo\u0107i Radio-televiziji Pljevlja. U po\u017earu 22. maja izgorjela sva imovina Radio-televizije Pljevlja. &#8220;Vijestima&#8221; su nezvani\u010dno dva pouzdana izvora potvrdila da ke vatromet povodom Dana nezavisnosti mogu\u0107i uzrok po\u017eara. Glavni i odgovorni urednik RTV Pljevlja Milo D\u017eakovi\u0107 kazao je da je u po\u017earu izgorjelo oko [&hellip;]","og_url":"https:\/\/sandzakpress.net\/arhiva\/vlada-izdvoja-50-000-eura-za-rtv-pljevlja\/","og_site_name":"Sand\u017eak PRESS","article_published_time":"2018-05-25T10:44:06+00:00","og_image":[{"width":560,"height":352,"url":"https:\/\/sandzakpress.net\/arhiva\/wp-content\/uploads\/2018\/05\/dc4095ac2bb5e110cd21bd772707e75a.jpg","type":"image\/jpeg"}],"author":"Agencija","twitter_card":"summary_large_image","twitter_misc":{"Written by":"Agencija","Est. reading time":"1 minuta"},"schema":{"@context":"https:\/\/schema.org","@graph":[{"@type":"Article","@id":"https:\/\/sandzakpress.net\/arhiva\/vlada-izdvoja-50-000-eura-za-rtv-pljevlja\/#article","isPartOf":{"@id":"https:\/\/sandzakpress.net\/arhiva\/vlada-izdvoja-50-000-eura-za-rtv-pljevlja\/"},"author":{"name":"Agencija","@id":"https:\/\/sandzakpress.net\/arhiva\/#\/schema\/person\/cb59d7e3ab91ab90dd680ad0305a6185"},"headline":"Vlada izdvoja 50.000 eura za RTV Pljevlja","datePublished":"2018-05-25T10:44:06+00:00","mainEntityOfPage":{"@id":"https:\/\/sandzakpress.net\/arhiva\/vlada-izdvoja-50-000-eura-za-rtv-pljevlja\/"},"wordCount":157,"commentCount":0,"publisher":{"@id":"https:\/\/sandzakpress.net\/arhiva\/#\/schema\/person\/6e72b67d6e51910a1117b3b483ba20bd"},"image":{"@id":"https:\/\/sandzakpress.net\/arhiva\/vlada-izdvoja-50-000-eura-za-rtv-pljevlja\/#primaryimage"},"thumbnailUrl":"https:\/\/sandzakpress.net\/arhiva\/wp-content\/uploads\/2018\/05\/dc4095ac2bb5e110cd21bd772707e75a.jpg","articleSection":["Pljevlja","Dru\u0161tvo"],"inLanguage":"bs-BA","potentialAction":[{"@type":"CommentAction","name":"Comment","target":["https:\/\/sandzakpress.net\/arhiva\/vlada-izdvoja-50-000-eura-za-rtv-pljevlja\/#respond"]}]},{"@type":"WebPage","@id":"https:\/\/sandzakpress.net\/arhiva\/vlada-izdvoja-50-000-eura-za-rtv-pljevlja\/","url":"https:\/\/sandzakpress.net\/arhiva\/vlada-izdvoja-50-000-eura-za-rtv-pljevlja\/","name":"Vlada izdvoja 50.000 eura za RTV Pljevlja","isPartOf":{"@id":"https:\/\/sandzakpress.net\/arhiva\/#website"},"primaryImageOfPage":{"@id":"https:\/\/sandzakpress.net\/arhiva\/vlada-izdvoja-50-000-eura-za-rtv-pljevlja\/#primaryimage"},"image":{"@id":"https:\/\/sandzakpress.net\/arhiva\/vlada-izdvoja-50-000-eura-za-rtv-pljevlja\/#primaryimage"},"thumbnailUrl":"https:\/\/sandzakpress.net\/arhiva\/wp-content\/uploads\/2018\/05\/dc4095ac2bb5e110cd21bd772707e75a.jpg","datePublished":"2018-05-25T10:44:06+00:00","breadcrumb":{"@id":"https:\/\/sandzakpress.net\/arhiva\/vlada-izdvoja-50-000-eura-za-rtv-pljevlja\/#breadcrumb"},"inLanguage":"bs-BA","potentialAction":[{"@type":"ReadAction","target":["https:\/\/sandzakpress.net\/arhiva\/vlada-izdvoja-50-000-eura-za-rtv-pljevlja\/"]}]},{"@type":"ImageObject","inLanguage":"bs-BA","@id":"https:\/\/sandzakpress.net\/arhiva\/vlada-izdvoja-50-000-eura-za-rtv-pljevlja\/#primaryimage","url":"https:\/\/sandzakpress.net\/arhiva\/wp-content\/uploads\/2018\/05\/dc4095ac2bb5e110cd21bd772707e75a.jpg","contentUrl":"https:\/\/sandzakpress.net\/arhiva\/wp-content\/uploads\/2018\/05\/dc4095ac2bb5e110cd21bd772707e75a.jpg","width":560,"height":352},{"@type":"BreadcrumbList","@id":"https:\/\/sandzakpress.net\/arhiva\/vlada-izdvoja-50-000-eura-za-rtv-pljevlja\/#breadcrumb","itemListElement":[{"@type":"ListItem","position":1,"name":"Home","item":"https:\/\/sandzakpress.net\/arhiva\/"},{"@type":"ListItem","position":2,"name":"Vlada izdvoja 50.000 eura za RTV Pljevlja"}]},{"@type":"WebSite","@id":"https:\/\/sandzakpress.net\/arhiva\/#website","url":"https:\/\/sandzakpress.net\/arhiva\/","name":"Sand\u017eak PRESS","description":"Prve elektronske novine u Sand\u017eaku","publisher":{"@id":"https:\/\/sandzakpress.net\/arhiva\/#\/schema\/person\/6e72b67d6e51910a1117b3b483ba20bd"},"potentialAction":[{"@type":"SearchAction","target":{"@type":"EntryPoint","urlTemplate":"https:\/\/sandzakpress.net\/arhiva\/?s={search_term_string}"},"query-input":{"@type":"PropertyValueSpecification","valueRequired":true,"valueName":"search_term_string"}}],"inLanguage":"bs-BA"},{"@type":["Person","Organization"],"@id":"https:\/\/sandzakpress.net\/arhiva\/#\/schema\/person\/6e72b67d6e51910a1117b3b483ba20bd","name":"Kul","image":{"@type":"ImageObject","inLanguage":"bs-BA","@id":"https:\/\/sandzakpress.net\/arhiva\/#\/schema\/person\/image\/","url":"https:\/\/secure.gravatar.com\/avatar\/42263f39aa27ac04c43cab85c280eb2e?s=96&d=mm&r=pg","contentUrl":"https:\/\/secure.gravatar.com\/avatar\/42263f39aa27ac04c43cab85c280eb2e?s=96&d=mm&r=pg","caption":"Kul"},"logo":{"@id":"https:\/\/sandzakpress.net\/arhiva\/#\/schema\/person\/image\/"}},{"@type":"Person","@id":"https:\/\/sandzakpress.net\/arhiva\/#\/schema\/person\/cb59d7e3ab91ab90dd680ad0305a6185","name":"Agencija","image":{"@type":"ImageObject","inLanguage":"bs-BA","@id":"https:\/\/sandzakpress.net\/arhiva\/#\/schema\/person\/image\/","url":"https:\/\/secure.gravatar.com\/avatar\/4b7fafa80a22f0c2afe23966b3961fe0?s=96&d=mm&r=pg","contentUrl":"https:\/\/secure.gravatar.com\/avatar\/4b7fafa80a22f0c2afe23966b3961fe0?s=96&d=mm&r=pg","caption":"Agencija"},"url":"https:\/\/sandzakpress.net\/arhiva\/author\/agencija\/"}]}},"_links":{"self":[{"href":"https:\/\/sandzakpress.net\/arhiva\/wp-json\/wp\/v2\/posts\/207487"}],"collection":[{"href":"https:\/\/sandzakpress.net\/arhiva\/wp-json\/wp\/v2\/posts"}],"about":[{"href":"https:\/\/sandzakpress.net\/arhiva\/wp-json\/wp\/v2\/types\/post"}],"author":[{"embeddable":true,"href":"https:\/\/sandzakpress.net\/arhiva\/wp-json\/wp\/v2\/users\/509"}],"replies":[{"embeddable":true,"href":"https:\/\/sandzakpress.net\/arhiva\/wp-json\/wp\/v2\/comments?post=207487"}],"version-history":[{"count":0,"href":"https:\/\/sandzakpress.net\/arhiva\/wp-json\/wp\/v2\/posts\/207487\/revisions"}],"wp:featuredmedia":[{"embeddable":true,"href":"https:\/\/sandzakpress.net\/arhiva\/wp-json\/wp\/v2\/media\/207493"}],"wp:attachment":[{"href":"https:\/\/sandzakpress.net\/arhiva\/wp-json\/wp\/v2\/media?parent=207487"}],"wp:term":[{"taxonomy":"category","embeddable":true,"href":"https:\/\/sandzakpress.net\/arhiva\/wp-json\/wp\/v2\/categories?post=207487"},{"taxonomy":"post_tag","embeddable":true,"href":"https:\/\/sandzakpress.net\/arhiva\/wp-json\/wp\/v2\/tags?post=207487"}],"curies":[{"name":"wp","href":"https:\/\/api.w.org\/{rel}","templated":true}]}}