{"id":207405,"date":"2018-05-24T12:45:42","date_gmt":"2018-05-24T10:45:42","guid":{"rendered":"https:\/\/sandzakpress.net\/arhiva\/?p=207405"},"modified":"2018-05-24T14:28:41","modified_gmt":"2018-05-24T12:28:41","slug":"tandir-protestna-setnja-sdp-dozivjela-debakl","status":"publish","type":"post","link":"https:\/\/sandzakpress.net\/arhiva\/tandir-protestna-setnja-sdp-dozivjela-debakl\/","title":{"rendered":"Tandir: Protestna \u0161etnja SDP-a do\u017eivjela debakl"},"content":{"rendered":"<p><img loading=\"lazy\" decoding=\"async\" class=\"size-full wp-image-207415 aligncenter\" src=\"https:\/\/sandzakpress.net\/arhiva\/wp-content\/uploads\/2018\/05\/Capture-18.jpg\" alt=\"\" width=\"799\" height=\"475\" srcset=\"https:\/\/sandzakpress.net\/arhiva\/wp-content\/uploads\/2018\/05\/Capture-18.jpg 799w, https:\/\/sandzakpress.net\/arhiva\/wp-content\/uploads\/2018\/05\/Capture-18-768x457.jpg 768w, https:\/\/sandzakpress.net\/arhiva\/wp-content\/uploads\/2018\/05\/Capture-18-616x366.jpg 616w\" sizes=\"(max-width: 799px) 100vw, 799px\" \/><\/p>\n<p>Danas je u Prijepolju odr\u017eana protestna \u0161etnja za Adisa Micanovi\u0107a, koji ve\u0107 15 dana \u0161trajkuje ispred op\u0161tine Prijepolje, nezadovoljan sredstvima koja su opredijeljena njegovom klubu. Ranije su lideri opozicionih stranaka na \u010delu sa SDP-om i liderom te stranke u Prijepolju Esadom Hod\u017ei\u0107em pozivali svoje simpatizere i \u010dlanove da se u \u0161to ve\u0107em broju odazovu, me\u0111utim skup nije imao vi\u0161e od stotinu u\u010desnika. Predstavnici vlasti u Prijepolju poru\u010dili da dana\u0161nji skup pokazuje pravu snagu opozicije.<\/p>\n<div class=\"youtube-embed\" data-video_id=\"tSxoJUzO0Pk\"><iframe loading=\"lazy\" title=\"Protestna \u0161etnja za Adisa Micanovi\u0107a do\u017eivjela krah\" width=\"696\" height=\"522\" src=\"https:\/\/www.youtube.com\/embed\/tSxoJUzO0Pk?feature=oembed&#038;enablejsapi=1\" frameborder=\"0\" allow=\"accelerometer; autoplay; encrypted-media; gyroscope; picture-in-picture\" allowfullscreen><\/iframe><\/div>\n<p>\u0160etnja je protekla mirno i bez incidenata.<\/p>\n<p><strong>SANA &#8211; Hamza \u0160krijelj<\/strong><\/p>\n<p><strong>FOTO: SANA, List Polimlje<\/strong><\/p>\n","protected":false},"excerpt":{"rendered":"<p>Danas je u Prijepolju odr\u017eana protestna \u0161etnja za Adisa Micanovi\u0107a, koji ve\u0107 15 dana \u0161trajkuje ispred op\u0161tine Prijepolje, nezadovoljan sredstvima koja su opredijeljena njegovom klubu. Ranije su lideri opozicionih stranaka na \u010delu sa SDP-om i liderom te stranke u Prijepolju Esadom Hod\u017ei\u0107em pozivali svoje simpatizere i \u010dlanove da se u \u0161to ve\u0107em broju odazovu, me\u0111utim [&hellip;]<\/p>\n","protected":false},"author":509,"featured_media":207415,"comment_status":"open","ping_status":"open","sticky":false,"template":"","format":"standard","meta":{"footnotes":""},"categories":[1,392],"tags":[],"class_list":{"0":"post-207405","1":"post","2":"type-post","3":"status-publish","4":"format-standard","5":"has-post-thumbnail","7":"category-politika","8":"category-prijepolje_"},"yoast_head":"<!-- This site is optimized with the Yoast SEO Premium plugin v23.1 (Yoast SEO v24.9) - https:\/\/yoast.com\/wordpress\/plugins\/seo\/ -->\n<title>Tandir: Protestna \u0161etnja SDP-a do\u017eivjela debakl<\/title>\n<meta name=\"robots\" content=\"index, follow, max-snippet:-1, max-image-preview:large, max-video-preview:-1\" \/>\n<link rel=\"canonical\" href=\"https:\/\/sandzakpress.net\/arhiva\/tandir-protestna-setnja-sdp-dozivjela-debakl\/\" \/>\n<meta property=\"og:locale\" content=\"bs_BA\" \/>\n<meta property=\"og:type\" content=\"article\" \/>\n<meta property=\"og:title\" content=\"Tandir: Protestna \u0161etnja SDP-a do\u017eivjela debakl\" \/>\n<meta property=\"og:description\" content=\"Danas je u Prijepolju odr\u017eana protestna \u0161etnja za Adisa Micanovi\u0107a, koji ve\u0107 15 dana \u0161trajkuje ispred op\u0161tine Prijepolje, nezadovoljan sredstvima koja su opredijeljena njegovom klubu. Ranije su lideri opozicionih stranaka na \u010delu sa SDP-om i liderom te stranke u Prijepolju Esadom Hod\u017ei\u0107em pozivali svoje simpatizere i \u010dlanove da se u \u0161to ve\u0107em broju odazovu, me\u0111utim [&hellip;]\" \/>\n<meta property=\"og:url\" content=\"https:\/\/sandzakpress.net\/arhiva\/tandir-protestna-setnja-sdp-dozivjela-debakl\/\" \/>\n<meta property=\"og:site_name\" content=\"Sand\u017eak PRESS\" \/>\n<meta property=\"article:published_time\" content=\"2018-05-24T10:45:42+00:00\" \/>\n<meta property=\"article:modified_time\" content=\"2018-05-24T12:28:41+00:00\" \/>\n<meta property=\"og:image\" content=\"https:\/\/sandzakpress.net\/arhiva\/wp-content\/uploads\/2018\/05\/Capture-18.jpg\" \/>\n\t<meta property=\"og:image:width\" content=\"799\" \/>\n\t<meta property=\"og:image:height\" content=\"475\" \/>\n\t<meta property=\"og:image:type\" content=\"image\/jpeg\" \/>\n<meta name=\"author\" content=\"Agencija\" \/>\n<meta name=\"twitter:card\" content=\"summary_large_image\" \/>\n<meta name=\"twitter:label1\" content=\"Written by\" \/>\n\t<meta name=\"twitter:data1\" content=\"Agencija\" \/>\n\t<meta name=\"twitter:label2\" content=\"Est. reading time\" \/>\n\t<meta name=\"twitter:data2\" content=\"1 minuta\" \/>\n<script type=\"application\/ld+json\" class=\"yoast-schema-graph\">{\"@context\":\"https:\/\/schema.org\",\"@graph\":[{\"@type\":\"Article\",\"@id\":\"https:\/\/sandzakpress.net\/arhiva\/tandir-protestna-setnja-sdp-dozivjela-debakl\/#article\",\"isPartOf\":{\"@id\":\"https:\/\/sandzakpress.net\/arhiva\/tandir-protestna-setnja-sdp-dozivjela-debakl\/\"},\"author\":{\"name\":\"Agencija\",\"@id\":\"https:\/\/sandzakpress.net\/arhiva\/#\/schema\/person\/cb59d7e3ab91ab90dd680ad0305a6185\"},\"headline\":\"Tandir: Protestna \u0161etnja SDP-a do\u017eivjela debakl\",\"datePublished\":\"2018-05-24T10:45:42+00:00\",\"dateModified\":\"2018-05-24T12:28:41+00:00\",\"mainEntityOfPage\":{\"@id\":\"https:\/\/sandzakpress.net\/arhiva\/tandir-protestna-setnja-sdp-dozivjela-debakl\/\"},\"wordCount\":114,\"commentCount\":3,\"publisher\":{\"@id\":\"https:\/\/sandzakpress.net\/arhiva\/#\/schema\/person\/6e72b67d6e51910a1117b3b483ba20bd\"},\"image\":{\"@id\":\"https:\/\/sandzakpress.net\/arhiva\/tandir-protestna-setnja-sdp-dozivjela-debakl\/#primaryimage\"},\"thumbnailUrl\":\"https:\/\/sandzakpress.net\/arhiva\/wp-content\/uploads\/2018\/05\/Capture-18.jpg\",\"articleSection\":[\"Politika\",\"Prijepolje\"],\"inLanguage\":\"bs-BA\",\"potentialAction\":[{\"@type\":\"CommentAction\",\"name\":\"Comment\",\"target\":[\"https:\/\/sandzakpress.net\/arhiva\/tandir-protestna-setnja-sdp-dozivjela-debakl\/#respond\"]}]},{\"@type\":\"WebPage\",\"@id\":\"https:\/\/sandzakpress.net\/arhiva\/tandir-protestna-setnja-sdp-dozivjela-debakl\/\",\"url\":\"https:\/\/sandzakpress.net\/arhiva\/tandir-protestna-setnja-sdp-dozivjela-debakl\/\",\"name\":\"Tandir: Protestna \u0161etnja SDP-a do\u017eivjela debakl\",\"isPartOf\":{\"@id\":\"https:\/\/sandzakpress.net\/arhiva\/#website\"},\"primaryImageOfPage\":{\"@id\":\"https:\/\/sandzakpress.net\/arhiva\/tandir-protestna-setnja-sdp-dozivjela-debakl\/#primaryimage\"},\"image\":{\"@id\":\"https:\/\/sandzakpress.net\/arhiva\/tandir-protestna-setnja-sdp-dozivjela-debakl\/#primaryimage\"},\"thumbnailUrl\":\"https:\/\/sandzakpress.net\/arhiva\/wp-content\/uploads\/2018\/05\/Capture-18.jpg\",\"datePublished\":\"2018-05-24T10:45:42+00:00\",\"dateModified\":\"2018-05-24T12:28:41+00:00\",\"breadcrumb\":{\"@id\":\"https:\/\/sandzakpress.net\/arhiva\/tandir-protestna-setnja-sdp-dozivjela-debakl\/#breadcrumb\"},\"inLanguage\":\"bs-BA\",\"potentialAction\":[{\"@type\":\"ReadAction\",\"target\":[\"https:\/\/sandzakpress.net\/arhiva\/tandir-protestna-setnja-sdp-dozivjela-debakl\/\"]}]},{\"@type\":\"ImageObject\",\"inLanguage\":\"bs-BA\",\"@id\":\"https:\/\/sandzakpress.net\/arhiva\/tandir-protestna-setnja-sdp-dozivjela-debakl\/#primaryimage\",\"url\":\"https:\/\/sandzakpress.net\/arhiva\/wp-content\/uploads\/2018\/05\/Capture-18.jpg\",\"contentUrl\":\"https:\/\/sandzakpress.net\/arhiva\/wp-content\/uploads\/2018\/05\/Capture-18.jpg\",\"width\":799,\"height\":475},{\"@type\":\"BreadcrumbList\",\"@id\":\"https:\/\/sandzakpress.net\/arhiva\/tandir-protestna-setnja-sdp-dozivjela-debakl\/#breadcrumb\",\"itemListElement\":[{\"@type\":\"ListItem\",\"position\":1,\"name\":\"Home\",\"item\":\"https:\/\/sandzakpress.net\/arhiva\/\"},{\"@type\":\"ListItem\",\"position\":2,\"name\":\"Tandir: Protestna \u0161etnja SDP-a do\u017eivjela debakl\"}]},{\"@type\":\"WebSite\",\"@id\":\"https:\/\/sandzakpress.net\/arhiva\/#website\",\"url\":\"https:\/\/sandzakpress.net\/arhiva\/\",\"name\":\"Sand\u017eak PRESS\",\"description\":\"Prve elektronske novine u Sand\u017eaku\",\"publisher\":{\"@id\":\"https:\/\/sandzakpress.net\/arhiva\/#\/schema\/person\/6e72b67d6e51910a1117b3b483ba20bd\"},\"potentialAction\":[{\"@type\":\"SearchAction\",\"target\":{\"@type\":\"EntryPoint\",\"urlTemplate\":\"https:\/\/sandzakpress.net\/arhiva\/?s={search_term_string}\"},\"query-input\":{\"@type\":\"PropertyValueSpecification\",\"valueRequired\":true,\"valueName\":\"search_term_string\"}}],\"inLanguage\":\"bs-BA\"},{\"@type\":[\"Person\",\"Organization\"],\"@id\":\"https:\/\/sandzakpress.net\/arhiva\/#\/schema\/person\/6e72b67d6e51910a1117b3b483ba20bd\",\"name\":\"Kul\",\"image\":{\"@type\":\"ImageObject\",\"inLanguage\":\"bs-BA\",\"@id\":\"https:\/\/sandzakpress.net\/arhiva\/#\/schema\/person\/image\/\",\"url\":\"https:\/\/secure.gravatar.com\/avatar\/42263f39aa27ac04c43cab85c280eb2e?s=96&d=mm&r=pg\",\"contentUrl\":\"https:\/\/secure.gravatar.com\/avatar\/42263f39aa27ac04c43cab85c280eb2e?s=96&d=mm&r=pg\",\"caption\":\"Kul\"},\"logo\":{\"@id\":\"https:\/\/sandzakpress.net\/arhiva\/#\/schema\/person\/image\/\"}},{\"@type\":\"Person\",\"@id\":\"https:\/\/sandzakpress.net\/arhiva\/#\/schema\/person\/cb59d7e3ab91ab90dd680ad0305a6185\",\"name\":\"Agencija\",\"image\":{\"@type\":\"ImageObject\",\"inLanguage\":\"bs-BA\",\"@id\":\"https:\/\/sandzakpress.net\/arhiva\/#\/schema\/person\/image\/\",\"url\":\"https:\/\/secure.gravatar.com\/avatar\/4b7fafa80a22f0c2afe23966b3961fe0?s=96&d=mm&r=pg\",\"contentUrl\":\"https:\/\/secure.gravatar.com\/avatar\/4b7fafa80a22f0c2afe23966b3961fe0?s=96&d=mm&r=pg\",\"caption\":\"Agencija\"},\"url\":\"https:\/\/sandzakpress.net\/arhiva\/author\/agencija\/\"}]}<\/script>\n<!-- \/ Yoast SEO Premium plugin. -->","yoast_head_json":{"title":"Tandir: Protestna \u0161etnja SDP-a do\u017eivjela debakl","robots":{"index":"index","follow":"follow","max-snippet":"max-snippet:-1","max-image-preview":"max-image-preview:large","max-video-preview":"max-video-preview:-1"},"canonical":"https:\/\/sandzakpress.net\/arhiva\/tandir-protestna-setnja-sdp-dozivjela-debakl\/","og_locale":"bs_BA","og_type":"article","og_title":"Tandir: Protestna \u0161etnja SDP-a do\u017eivjela debakl","og_description":"Danas je u Prijepolju odr\u017eana protestna \u0161etnja za Adisa Micanovi\u0107a, koji ve\u0107 15 dana \u0161trajkuje ispred op\u0161tine Prijepolje, nezadovoljan sredstvima koja su opredijeljena njegovom klubu. Ranije su lideri opozicionih stranaka na \u010delu sa SDP-om i liderom te stranke u Prijepolju Esadom Hod\u017ei\u0107em pozivali svoje simpatizere i \u010dlanove da se u \u0161to ve\u0107em broju odazovu, me\u0111utim [&hellip;]","og_url":"https:\/\/sandzakpress.net\/arhiva\/tandir-protestna-setnja-sdp-dozivjela-debakl\/","og_site_name":"Sand\u017eak PRESS","article_published_time":"2018-05-24T10:45:42+00:00","article_modified_time":"2018-05-24T12:28:41+00:00","og_image":[{"width":799,"height":475,"url":"https:\/\/sandzakpress.net\/arhiva\/wp-content\/uploads\/2018\/05\/Capture-18.jpg","type":"image\/jpeg"}],"author":"Agencija","twitter_card":"summary_large_image","twitter_misc":{"Written by":"Agencija","Est. reading time":"1 minuta"},"schema":{"@context":"https:\/\/schema.org","@graph":[{"@type":"Article","@id":"https:\/\/sandzakpress.net\/arhiva\/tandir-protestna-setnja-sdp-dozivjela-debakl\/#article","isPartOf":{"@id":"https:\/\/sandzakpress.net\/arhiva\/tandir-protestna-setnja-sdp-dozivjela-debakl\/"},"author":{"name":"Agencija","@id":"https:\/\/sandzakpress.net\/arhiva\/#\/schema\/person\/cb59d7e3ab91ab90dd680ad0305a6185"},"headline":"Tandir: Protestna \u0161etnja SDP-a do\u017eivjela debakl","datePublished":"2018-05-24T10:45:42+00:00","dateModified":"2018-05-24T12:28:41+00:00","mainEntityOfPage":{"@id":"https:\/\/sandzakpress.net\/arhiva\/tandir-protestna-setnja-sdp-dozivjela-debakl\/"},"wordCount":114,"commentCount":3,"publisher":{"@id":"https:\/\/sandzakpress.net\/arhiva\/#\/schema\/person\/6e72b67d6e51910a1117b3b483ba20bd"},"image":{"@id":"https:\/\/sandzakpress.net\/arhiva\/tandir-protestna-setnja-sdp-dozivjela-debakl\/#primaryimage"},"thumbnailUrl":"https:\/\/sandzakpress.net\/arhiva\/wp-content\/uploads\/2018\/05\/Capture-18.jpg","articleSection":["Politika","Prijepolje"],"inLanguage":"bs-BA","potentialAction":[{"@type":"CommentAction","name":"Comment","target":["https:\/\/sandzakpress.net\/arhiva\/tandir-protestna-setnja-sdp-dozivjela-debakl\/#respond"]}]},{"@type":"WebPage","@id":"https:\/\/sandzakpress.net\/arhiva\/tandir-protestna-setnja-sdp-dozivjela-debakl\/","url":"https:\/\/sandzakpress.net\/arhiva\/tandir-protestna-setnja-sdp-dozivjela-debakl\/","name":"Tandir: Protestna \u0161etnja SDP-a do\u017eivjela debakl","isPartOf":{"@id":"https:\/\/sandzakpress.net\/arhiva\/#website"},"primaryImageOfPage":{"@id":"https:\/\/sandzakpress.net\/arhiva\/tandir-protestna-setnja-sdp-dozivjela-debakl\/#primaryimage"},"image":{"@id":"https:\/\/sandzakpress.net\/arhiva\/tandir-protestna-setnja-sdp-dozivjela-debakl\/#primaryimage"},"thumbnailUrl":"https:\/\/sandzakpress.net\/arhiva\/wp-content\/uploads\/2018\/05\/Capture-18.jpg","datePublished":"2018-05-24T10:45:42+00:00","dateModified":"2018-05-24T12:28:41+00:00","breadcrumb":{"@id":"https:\/\/sandzakpress.net\/arhiva\/tandir-protestna-setnja-sdp-dozivjela-debakl\/#breadcrumb"},"inLanguage":"bs-BA","potentialAction":[{"@type":"ReadAction","target":["https:\/\/sandzakpress.net\/arhiva\/tandir-protestna-setnja-sdp-dozivjela-debakl\/"]}]},{"@type":"ImageObject","inLanguage":"bs-BA","@id":"https:\/\/sandzakpress.net\/arhiva\/tandir-protestna-setnja-sdp-dozivjela-debakl\/#primaryimage","url":"https:\/\/sandzakpress.net\/arhiva\/wp-content\/uploads\/2018\/05\/Capture-18.jpg","contentUrl":"https:\/\/sandzakpress.net\/arhiva\/wp-content\/uploads\/2018\/05\/Capture-18.jpg","width":799,"height":475},{"@type":"BreadcrumbList","@id":"https:\/\/sandzakpress.net\/arhiva\/tandir-protestna-setnja-sdp-dozivjela-debakl\/#breadcrumb","itemListElement":[{"@type":"ListItem","position":1,"name":"Home","item":"https:\/\/sandzakpress.net\/arhiva\/"},{"@type":"ListItem","position":2,"name":"Tandir: Protestna \u0161etnja SDP-a do\u017eivjela debakl"}]},{"@type":"WebSite","@id":"https:\/\/sandzakpress.net\/arhiva\/#website","url":"https:\/\/sandzakpress.net\/arhiva\/","name":"Sand\u017eak PRESS","description":"Prve elektronske novine u Sand\u017eaku","publisher":{"@id":"https:\/\/sandzakpress.net\/arhiva\/#\/schema\/person\/6e72b67d6e51910a1117b3b483ba20bd"},"potentialAction":[{"@type":"SearchAction","target":{"@type":"EntryPoint","urlTemplate":"https:\/\/sandzakpress.net\/arhiva\/?s={search_term_string}"},"query-input":{"@type":"PropertyValueSpecification","valueRequired":true,"valueName":"search_term_string"}}],"inLanguage":"bs-BA"},{"@type":["Person","Organization"],"@id":"https:\/\/sandzakpress.net\/arhiva\/#\/schema\/person\/6e72b67d6e51910a1117b3b483ba20bd","name":"Kul","image":{"@type":"ImageObject","inLanguage":"bs-BA","@id":"https:\/\/sandzakpress.net\/arhiva\/#\/schema\/person\/image\/","url":"https:\/\/secure.gravatar.com\/avatar\/42263f39aa27ac04c43cab85c280eb2e?s=96&d=mm&r=pg","contentUrl":"https:\/\/secure.gravatar.com\/avatar\/42263f39aa27ac04c43cab85c280eb2e?s=96&d=mm&r=pg","caption":"Kul"},"logo":{"@id":"https:\/\/sandzakpress.net\/arhiva\/#\/schema\/person\/image\/"}},{"@type":"Person","@id":"https:\/\/sandzakpress.net\/arhiva\/#\/schema\/person\/cb59d7e3ab91ab90dd680ad0305a6185","name":"Agencija","image":{"@type":"ImageObject","inLanguage":"bs-BA","@id":"https:\/\/sandzakpress.net\/arhiva\/#\/schema\/person\/image\/","url":"https:\/\/secure.gravatar.com\/avatar\/4b7fafa80a22f0c2afe23966b3961fe0?s=96&d=mm&r=pg","contentUrl":"https:\/\/secure.gravatar.com\/avatar\/4b7fafa80a22f0c2afe23966b3961fe0?s=96&d=mm&r=pg","caption":"Agencija"},"url":"https:\/\/sandzakpress.net\/arhiva\/author\/agencija\/"}]}},"_links":{"self":[{"href":"https:\/\/sandzakpress.net\/arhiva\/wp-json\/wp\/v2\/posts\/207405"}],"collection":[{"href":"https:\/\/sandzakpress.net\/arhiva\/wp-json\/wp\/v2\/posts"}],"about":[{"href":"https:\/\/sandzakpress.net\/arhiva\/wp-json\/wp\/v2\/types\/post"}],"author":[{"embeddable":true,"href":"https:\/\/sandzakpress.net\/arhiva\/wp-json\/wp\/v2\/users\/509"}],"replies":[{"embeddable":true,"href":"https:\/\/sandzakpress.net\/arhiva\/wp-json\/wp\/v2\/comments?post=207405"}],"version-history":[{"count":0,"href":"https:\/\/sandzakpress.net\/arhiva\/wp-json\/wp\/v2\/posts\/207405\/revisions"}],"wp:featuredmedia":[{"embeddable":true,"href":"https:\/\/sandzakpress.net\/arhiva\/wp-json\/wp\/v2\/media\/207415"}],"wp:attachment":[{"href":"https:\/\/sandzakpress.net\/arhiva\/wp-json\/wp\/v2\/media?parent=207405"}],"wp:term":[{"taxonomy":"category","embeddable":true,"href":"https:\/\/sandzakpress.net\/arhiva\/wp-json\/wp\/v2\/categories?post=207405"},{"taxonomy":"post_tag","embeddable":true,"href":"https:\/\/sandzakpress.net\/arhiva\/wp-json\/wp\/v2\/tags?post=207405"}],"curies":[{"name":"wp","href":"https:\/\/api.w.org\/{rel}","templated":true}]}}