{"id":207404,"date":"2018-05-24T13:22:36","date_gmt":"2018-05-24T11:22:36","guid":{"rendered":"https:\/\/sandzakpress.net\/arhiva\/?p=207404"},"modified":"2018-05-24T13:22:36","modified_gmt":"2018-05-24T11:22:36","slug":"hadzic-na-debati-rtcg-a-rozajemo-cemo-postenjem-braniti-od-nepostenih-ljudi","status":"publish","type":"post","link":"https:\/\/sandzakpress.net\/arhiva\/hadzic-na-debati-rtcg-a-rozajemo-cemo-postenjem-braniti-od-nepostenih-ljudi\/","title":{"rendered":"Had\u017ei\u0107 na debati RTCG-a: Ro\u017eajemo \u0107emo po\u0161tenjem braniti od nepo\u0161tenih ljudi"},"content":{"rendered":"<p><img loading=\"lazy\" decoding=\"async\" class=\"alignnone wp-image-38439 size-full\" src=\"http:\/\/sanapress.info\/wp-content\/uploads\/2018\/05\/3-14.jpg\" alt=\"\" width=\"1184\" height=\"664\" \/><\/p>\n<p><strong>Gost debate na televiziji Crne Gore bio prvi na listi SPP-a u Ro\u017eajama, gospodin Seid Had\u017ei\u0107. Na ovoj debati su bili prisutni i predstavnici ostalih politi\u010dkih partija.<\/strong><\/p>\n<p>Gospodin Seid Had\u017ei\u0107 istakao da \u0107e prvi od projekata biti utvr\u0111ivanje stvarnoga stanja obaveza. On dodaje da bi zaustavili iseljavanje ili rije\u0161ili bilo koji problem prije svega se mora vrattit na uzrok tog problema.<\/p>\n<p>&#8220;U investicionom smislu planiramo okupiti postoje\u0107e proizvo\u0111a\u010de, drvo prera\u0111iva\u010de i sve njih udru\u017eiti u klastersku organizaciju, racionalizirati tro\u0161kove i omogu\u0107iti im zajedni\u010dki izlazak na tr\u017ei\u0161tu. Postoje\u0107a preduze\u0107a \u0107e biti u primarnom fokusu ali smo spremni podr\u017eati i nove investicije, vi\u0161edecenijski plan toplifikacije grada uz razvoj ulaganja i proizvodnju biomase kao i u energetske izvore, jedan je od na\u0161ih ciljeva za koje postoje zainteresirani investitori kojima je jedina barijera ulaska u ovaj posao korumpirana vlast.&#8221; istakao Seid Had\u017ei\u0107.<\/p>\n<p>Gospodin Had\u017ei\u0107 je istakao da je u Ro\u017eajama\u00a0turizam zimski, ljetnji, seoski turizam pa \u010dak i vjerski turizam\u00a0veliki potencijal njihovog kraja. On je na kraju svojim sugra\u0111anima poru\u010dio da \u0107e njihov grad braniti po\u0161tenjem od nepo\u0161tenih ljudi.<\/p>\n<p><iframe loading=\"lazy\" style=\"border: none; overflow: hidden;\" src=\"https:\/\/www.facebook.com\/plugins\/video.php?href=https%3A%2F%2Fwww.facebook.com%2Fspp.u.cg%2Fvideos%2F1749094975184259%2F&amp;show_text=0&amp;width=560\" width=\"560\" height=\"393\" frameborder=\"0\" scrolling=\"no\" allowfullscreen=\"allowfullscreen\"><\/iframe><\/p>\n<p>&#8220;Iskori\u0161\u0107avanje turisti\u010dkih potencijala kroz ulaganje u obliku javno privatno partnerstvu donio bi zna\u010dajan prihod na\u0161eme kraju, razvijanje afirmacija kulturnih vrijednosti koje oblikuju slobodnog \u010dovjeka na\u0161a su primarna odrednica, \u0161to ve\u0107a afirmacija, zatim pisane rije\u010di u kom pravcu smo spremni raditi na oformiracanju regionalnog festivala pisane rije\u010di. Ovo \u0161to danas od kulturnih sadr\u017eaja imamo uglavnom je tatvoreno ili je projektovano u slu\u017ebi politi\u010dkog okupljanja i u slu\u017ebi jednoumlja, zbog \u010dega gubi na kulturnoj vrijednostima.&#8221; kazao gospodin Seid Had\u017ei\u0107<\/p>\n<p>Izbori u Crnoj Gori odr\u017eat \u0107e se u 27. maja.<\/p>\n<p><strong>izvor: SANA\u00a0<\/strong><\/p>\n","protected":false},"excerpt":{"rendered":"<p>Gost debate na televiziji Crne Gore bio prvi na listi SPP-a u Ro\u017eajama, gospodin Seid Had\u017ei\u0107. Na ovoj debati su bili prisutni i predstavnici ostalih politi\u010dkih partija. Gospodin Seid Had\u017ei\u0107 istakao da \u0107e prvi od projekata biti utvr\u0111ivanje stvarnoga stanja obaveza. On dodaje da bi zaustavili iseljavanje ili rije\u0161ili bilo koji problem prije svega se [&hellip;]<\/p>\n","protected":false},"author":509,"featured_media":207417,"comment_status":"open","ping_status":"open","sticky":false,"template":"","format":"standard","meta":{"footnotes":""},"categories":[398,1,8957],"tags":[],"class_list":{"0":"post-207404","1":"post","2":"type-post","3":"status-publish","4":"format-standard","5":"has-post-thumbnail","7":"category-rozaje","8":"category-politika","9":"category-vijesti-dana"},"yoast_head":"<!-- This site is optimized with the Yoast SEO Premium plugin v23.1 (Yoast SEO v24.9) - https:\/\/yoast.com\/wordpress\/plugins\/seo\/ -->\n<title>Had\u017ei\u0107 na debati RTCG-a: Ro\u017eajemo \u0107emo po\u0161tenjem braniti od nepo\u0161tenih ljudi<\/title>\n<meta name=\"robots\" content=\"index, follow, max-snippet:-1, max-image-preview:large, max-video-preview:-1\" \/>\n<link rel=\"canonical\" href=\"https:\/\/sandzakpress.net\/arhiva\/hadzic-na-debati-rtcg-a-rozajemo-cemo-postenjem-braniti-od-nepostenih-ljudi\/\" \/>\n<meta property=\"og:locale\" content=\"bs_BA\" \/>\n<meta property=\"og:type\" content=\"article\" \/>\n<meta property=\"og:title\" content=\"Had\u017ei\u0107 na debati RTCG-a: Ro\u017eajemo \u0107emo po\u0161tenjem braniti od nepo\u0161tenih ljudi\" \/>\n<meta property=\"og:description\" content=\"Gost debate na televiziji Crne Gore bio prvi na listi SPP-a u Ro\u017eajama, gospodin Seid Had\u017ei\u0107. Na ovoj debati su bili prisutni i predstavnici ostalih politi\u010dkih partija. Gospodin Seid Had\u017ei\u0107 istakao da \u0107e prvi od projekata biti utvr\u0111ivanje stvarnoga stanja obaveza. On dodaje da bi zaustavili iseljavanje ili rije\u0161ili bilo koji problem prije svega se [&hellip;]\" \/>\n<meta property=\"og:url\" content=\"https:\/\/sandzakpress.net\/arhiva\/hadzic-na-debati-rtcg-a-rozajemo-cemo-postenjem-braniti-od-nepostenih-ljudi\/\" \/>\n<meta property=\"og:site_name\" content=\"Sand\u017eak PRESS\" \/>\n<meta property=\"article:published_time\" content=\"2018-05-24T11:22:36+00:00\" \/>\n<meta property=\"og:image\" content=\"https:\/\/sandzakpress.net\/arhiva\/wp-content\/uploads\/2018\/05\/3-14.jpg\" \/>\n\t<meta property=\"og:image:width\" content=\"1184\" \/>\n\t<meta property=\"og:image:height\" content=\"664\" \/>\n\t<meta property=\"og:image:type\" content=\"image\/jpeg\" \/>\n<meta name=\"author\" content=\"Agencija\" \/>\n<meta name=\"twitter:card\" content=\"summary_large_image\" \/>\n<meta name=\"twitter:label1\" content=\"Written by\" \/>\n\t<meta name=\"twitter:data1\" content=\"Agencija\" \/>\n\t<meta name=\"twitter:label2\" content=\"Est. reading time\" \/>\n\t<meta name=\"twitter:data2\" content=\"2 minute\" \/>\n<script type=\"application\/ld+json\" class=\"yoast-schema-graph\">{\"@context\":\"https:\/\/schema.org\",\"@graph\":[{\"@type\":\"Article\",\"@id\":\"https:\/\/sandzakpress.net\/arhiva\/hadzic-na-debati-rtcg-a-rozajemo-cemo-postenjem-braniti-od-nepostenih-ljudi\/#article\",\"isPartOf\":{\"@id\":\"https:\/\/sandzakpress.net\/arhiva\/hadzic-na-debati-rtcg-a-rozajemo-cemo-postenjem-braniti-od-nepostenih-ljudi\/\"},\"author\":{\"name\":\"Agencija\",\"@id\":\"https:\/\/sandzakpress.net\/arhiva\/#\/schema\/person\/cb59d7e3ab91ab90dd680ad0305a6185\"},\"headline\":\"Had\u017ei\u0107 na debati RTCG-a: Ro\u017eajemo \u0107emo po\u0161tenjem braniti od nepo\u0161tenih ljudi\",\"datePublished\":\"2018-05-24T11:22:36+00:00\",\"mainEntityOfPage\":{\"@id\":\"https:\/\/sandzakpress.net\/arhiva\/hadzic-na-debati-rtcg-a-rozajemo-cemo-postenjem-braniti-od-nepostenih-ljudi\/\"},\"wordCount\":322,\"commentCount\":0,\"publisher\":{\"@id\":\"https:\/\/sandzakpress.net\/arhiva\/#\/schema\/person\/6e72b67d6e51910a1117b3b483ba20bd\"},\"image\":{\"@id\":\"https:\/\/sandzakpress.net\/arhiva\/hadzic-na-debati-rtcg-a-rozajemo-cemo-postenjem-braniti-od-nepostenih-ljudi\/#primaryimage\"},\"thumbnailUrl\":\"https:\/\/sandzakpress.net\/arhiva\/wp-content\/uploads\/2018\/05\/3-14.jpg\",\"articleSection\":[\"Ro\u017eaje\",\"Politika\",\"VIJESTI DANA\"],\"inLanguage\":\"bs-BA\",\"potentialAction\":[{\"@type\":\"CommentAction\",\"name\":\"Comment\",\"target\":[\"https:\/\/sandzakpress.net\/arhiva\/hadzic-na-debati-rtcg-a-rozajemo-cemo-postenjem-braniti-od-nepostenih-ljudi\/#respond\"]}]},{\"@type\":\"WebPage\",\"@id\":\"https:\/\/sandzakpress.net\/arhiva\/hadzic-na-debati-rtcg-a-rozajemo-cemo-postenjem-braniti-od-nepostenih-ljudi\/\",\"url\":\"https:\/\/sandzakpress.net\/arhiva\/hadzic-na-debati-rtcg-a-rozajemo-cemo-postenjem-braniti-od-nepostenih-ljudi\/\",\"name\":\"Had\u017ei\u0107 na debati RTCG-a: Ro\u017eajemo \u0107emo po\u0161tenjem braniti od nepo\u0161tenih ljudi\",\"isPartOf\":{\"@id\":\"https:\/\/sandzakpress.net\/arhiva\/#website\"},\"primaryImageOfPage\":{\"@id\":\"https:\/\/sandzakpress.net\/arhiva\/hadzic-na-debati-rtcg-a-rozajemo-cemo-postenjem-braniti-od-nepostenih-ljudi\/#primaryimage\"},\"image\":{\"@id\":\"https:\/\/sandzakpress.net\/arhiva\/hadzic-na-debati-rtcg-a-rozajemo-cemo-postenjem-braniti-od-nepostenih-ljudi\/#primaryimage\"},\"thumbnailUrl\":\"https:\/\/sandzakpress.net\/arhiva\/wp-content\/uploads\/2018\/05\/3-14.jpg\",\"datePublished\":\"2018-05-24T11:22:36+00:00\",\"breadcrumb\":{\"@id\":\"https:\/\/sandzakpress.net\/arhiva\/hadzic-na-debati-rtcg-a-rozajemo-cemo-postenjem-braniti-od-nepostenih-ljudi\/#breadcrumb\"},\"inLanguage\":\"bs-BA\",\"potentialAction\":[{\"@type\":\"ReadAction\",\"target\":[\"https:\/\/sandzakpress.net\/arhiva\/hadzic-na-debati-rtcg-a-rozajemo-cemo-postenjem-braniti-od-nepostenih-ljudi\/\"]}]},{\"@type\":\"ImageObject\",\"inLanguage\":\"bs-BA\",\"@id\":\"https:\/\/sandzakpress.net\/arhiva\/hadzic-na-debati-rtcg-a-rozajemo-cemo-postenjem-braniti-od-nepostenih-ljudi\/#primaryimage\",\"url\":\"https:\/\/sandzakpress.net\/arhiva\/wp-content\/uploads\/2018\/05\/3-14.jpg\",\"contentUrl\":\"https:\/\/sandzakpress.net\/arhiva\/wp-content\/uploads\/2018\/05\/3-14.jpg\",\"width\":1184,\"height\":664},{\"@type\":\"BreadcrumbList\",\"@id\":\"https:\/\/sandzakpress.net\/arhiva\/hadzic-na-debati-rtcg-a-rozajemo-cemo-postenjem-braniti-od-nepostenih-ljudi\/#breadcrumb\",\"itemListElement\":[{\"@type\":\"ListItem\",\"position\":1,\"name\":\"Home\",\"item\":\"https:\/\/sandzakpress.net\/arhiva\/\"},{\"@type\":\"ListItem\",\"position\":2,\"name\":\"Had\u017ei\u0107 na debati RTCG-a: Ro\u017eajemo \u0107emo po\u0161tenjem braniti od nepo\u0161tenih ljudi\"}]},{\"@type\":\"WebSite\",\"@id\":\"https:\/\/sandzakpress.net\/arhiva\/#website\",\"url\":\"https:\/\/sandzakpress.net\/arhiva\/\",\"name\":\"Sand\u017eak PRESS\",\"description\":\"Prve elektronske novine u Sand\u017eaku\",\"publisher\":{\"@id\":\"https:\/\/sandzakpress.net\/arhiva\/#\/schema\/person\/6e72b67d6e51910a1117b3b483ba20bd\"},\"potentialAction\":[{\"@type\":\"SearchAction\",\"target\":{\"@type\":\"EntryPoint\",\"urlTemplate\":\"https:\/\/sandzakpress.net\/arhiva\/?s={search_term_string}\"},\"query-input\":{\"@type\":\"PropertyValueSpecification\",\"valueRequired\":true,\"valueName\":\"search_term_string\"}}],\"inLanguage\":\"bs-BA\"},{\"@type\":[\"Person\",\"Organization\"],\"@id\":\"https:\/\/sandzakpress.net\/arhiva\/#\/schema\/person\/6e72b67d6e51910a1117b3b483ba20bd\",\"name\":\"Kul\",\"image\":{\"@type\":\"ImageObject\",\"inLanguage\":\"bs-BA\",\"@id\":\"https:\/\/sandzakpress.net\/arhiva\/#\/schema\/person\/image\/\",\"url\":\"https:\/\/secure.gravatar.com\/avatar\/42263f39aa27ac04c43cab85c280eb2e?s=96&d=mm&r=pg\",\"contentUrl\":\"https:\/\/secure.gravatar.com\/avatar\/42263f39aa27ac04c43cab85c280eb2e?s=96&d=mm&r=pg\",\"caption\":\"Kul\"},\"logo\":{\"@id\":\"https:\/\/sandzakpress.net\/arhiva\/#\/schema\/person\/image\/\"}},{\"@type\":\"Person\",\"@id\":\"https:\/\/sandzakpress.net\/arhiva\/#\/schema\/person\/cb59d7e3ab91ab90dd680ad0305a6185\",\"name\":\"Agencija\",\"image\":{\"@type\":\"ImageObject\",\"inLanguage\":\"bs-BA\",\"@id\":\"https:\/\/sandzakpress.net\/arhiva\/#\/schema\/person\/image\/\",\"url\":\"https:\/\/secure.gravatar.com\/avatar\/4b7fafa80a22f0c2afe23966b3961fe0?s=96&d=mm&r=pg\",\"contentUrl\":\"https:\/\/secure.gravatar.com\/avatar\/4b7fafa80a22f0c2afe23966b3961fe0?s=96&d=mm&r=pg\",\"caption\":\"Agencija\"},\"url\":\"https:\/\/sandzakpress.net\/arhiva\/author\/agencija\/\"}]}<\/script>\n<!-- \/ Yoast SEO Premium plugin. -->","yoast_head_json":{"title":"Had\u017ei\u0107 na debati RTCG-a: Ro\u017eajemo \u0107emo po\u0161tenjem braniti od nepo\u0161tenih ljudi","robots":{"index":"index","follow":"follow","max-snippet":"max-snippet:-1","max-image-preview":"max-image-preview:large","max-video-preview":"max-video-preview:-1"},"canonical":"https:\/\/sandzakpress.net\/arhiva\/hadzic-na-debati-rtcg-a-rozajemo-cemo-postenjem-braniti-od-nepostenih-ljudi\/","og_locale":"bs_BA","og_type":"article","og_title":"Had\u017ei\u0107 na debati RTCG-a: Ro\u017eajemo \u0107emo po\u0161tenjem braniti od nepo\u0161tenih ljudi","og_description":"Gost debate na televiziji Crne Gore bio prvi na listi SPP-a u Ro\u017eajama, gospodin Seid Had\u017ei\u0107. Na ovoj debati su bili prisutni i predstavnici ostalih politi\u010dkih partija. Gospodin Seid Had\u017ei\u0107 istakao da \u0107e prvi od projekata biti utvr\u0111ivanje stvarnoga stanja obaveza. On dodaje da bi zaustavili iseljavanje ili rije\u0161ili bilo koji problem prije svega se [&hellip;]","og_url":"https:\/\/sandzakpress.net\/arhiva\/hadzic-na-debati-rtcg-a-rozajemo-cemo-postenjem-braniti-od-nepostenih-ljudi\/","og_site_name":"Sand\u017eak PRESS","article_published_time":"2018-05-24T11:22:36+00:00","og_image":[{"width":1184,"height":664,"url":"https:\/\/sandzakpress.net\/arhiva\/wp-content\/uploads\/2018\/05\/3-14.jpg","type":"image\/jpeg"}],"author":"Agencija","twitter_card":"summary_large_image","twitter_misc":{"Written by":"Agencija","Est. reading time":"2 minute"},"schema":{"@context":"https:\/\/schema.org","@graph":[{"@type":"Article","@id":"https:\/\/sandzakpress.net\/arhiva\/hadzic-na-debati-rtcg-a-rozajemo-cemo-postenjem-braniti-od-nepostenih-ljudi\/#article","isPartOf":{"@id":"https:\/\/sandzakpress.net\/arhiva\/hadzic-na-debati-rtcg-a-rozajemo-cemo-postenjem-braniti-od-nepostenih-ljudi\/"},"author":{"name":"Agencija","@id":"https:\/\/sandzakpress.net\/arhiva\/#\/schema\/person\/cb59d7e3ab91ab90dd680ad0305a6185"},"headline":"Had\u017ei\u0107 na debati RTCG-a: Ro\u017eajemo \u0107emo po\u0161tenjem braniti od nepo\u0161tenih ljudi","datePublished":"2018-05-24T11:22:36+00:00","mainEntityOfPage":{"@id":"https:\/\/sandzakpress.net\/arhiva\/hadzic-na-debati-rtcg-a-rozajemo-cemo-postenjem-braniti-od-nepostenih-ljudi\/"},"wordCount":322,"commentCount":0,"publisher":{"@id":"https:\/\/sandzakpress.net\/arhiva\/#\/schema\/person\/6e72b67d6e51910a1117b3b483ba20bd"},"image":{"@id":"https:\/\/sandzakpress.net\/arhiva\/hadzic-na-debati-rtcg-a-rozajemo-cemo-postenjem-braniti-od-nepostenih-ljudi\/#primaryimage"},"thumbnailUrl":"https:\/\/sandzakpress.net\/arhiva\/wp-content\/uploads\/2018\/05\/3-14.jpg","articleSection":["Ro\u017eaje","Politika","VIJESTI DANA"],"inLanguage":"bs-BA","potentialAction":[{"@type":"CommentAction","name":"Comment","target":["https:\/\/sandzakpress.net\/arhiva\/hadzic-na-debati-rtcg-a-rozajemo-cemo-postenjem-braniti-od-nepostenih-ljudi\/#respond"]}]},{"@type":"WebPage","@id":"https:\/\/sandzakpress.net\/arhiva\/hadzic-na-debati-rtcg-a-rozajemo-cemo-postenjem-braniti-od-nepostenih-ljudi\/","url":"https:\/\/sandzakpress.net\/arhiva\/hadzic-na-debati-rtcg-a-rozajemo-cemo-postenjem-braniti-od-nepostenih-ljudi\/","name":"Had\u017ei\u0107 na debati RTCG-a: Ro\u017eajemo \u0107emo po\u0161tenjem braniti od nepo\u0161tenih ljudi","isPartOf":{"@id":"https:\/\/sandzakpress.net\/arhiva\/#website"},"primaryImageOfPage":{"@id":"https:\/\/sandzakpress.net\/arhiva\/hadzic-na-debati-rtcg-a-rozajemo-cemo-postenjem-braniti-od-nepostenih-ljudi\/#primaryimage"},"image":{"@id":"https:\/\/sandzakpress.net\/arhiva\/hadzic-na-debati-rtcg-a-rozajemo-cemo-postenjem-braniti-od-nepostenih-ljudi\/#primaryimage"},"thumbnailUrl":"https:\/\/sandzakpress.net\/arhiva\/wp-content\/uploads\/2018\/05\/3-14.jpg","datePublished":"2018-05-24T11:22:36+00:00","breadcrumb":{"@id":"https:\/\/sandzakpress.net\/arhiva\/hadzic-na-debati-rtcg-a-rozajemo-cemo-postenjem-braniti-od-nepostenih-ljudi\/#breadcrumb"},"inLanguage":"bs-BA","potentialAction":[{"@type":"ReadAction","target":["https:\/\/sandzakpress.net\/arhiva\/hadzic-na-debati-rtcg-a-rozajemo-cemo-postenjem-braniti-od-nepostenih-ljudi\/"]}]},{"@type":"ImageObject","inLanguage":"bs-BA","@id":"https:\/\/sandzakpress.net\/arhiva\/hadzic-na-debati-rtcg-a-rozajemo-cemo-postenjem-braniti-od-nepostenih-ljudi\/#primaryimage","url":"https:\/\/sandzakpress.net\/arhiva\/wp-content\/uploads\/2018\/05\/3-14.jpg","contentUrl":"https:\/\/sandzakpress.net\/arhiva\/wp-content\/uploads\/2018\/05\/3-14.jpg","width":1184,"height":664},{"@type":"BreadcrumbList","@id":"https:\/\/sandzakpress.net\/arhiva\/hadzic-na-debati-rtcg-a-rozajemo-cemo-postenjem-braniti-od-nepostenih-ljudi\/#breadcrumb","itemListElement":[{"@type":"ListItem","position":1,"name":"Home","item":"https:\/\/sandzakpress.net\/arhiva\/"},{"@type":"ListItem","position":2,"name":"Had\u017ei\u0107 na debati RTCG-a: Ro\u017eajemo \u0107emo po\u0161tenjem braniti od nepo\u0161tenih ljudi"}]},{"@type":"WebSite","@id":"https:\/\/sandzakpress.net\/arhiva\/#website","url":"https:\/\/sandzakpress.net\/arhiva\/","name":"Sand\u017eak PRESS","description":"Prve elektronske novine u Sand\u017eaku","publisher":{"@id":"https:\/\/sandzakpress.net\/arhiva\/#\/schema\/person\/6e72b67d6e51910a1117b3b483ba20bd"},"potentialAction":[{"@type":"SearchAction","target":{"@type":"EntryPoint","urlTemplate":"https:\/\/sandzakpress.net\/arhiva\/?s={search_term_string}"},"query-input":{"@type":"PropertyValueSpecification","valueRequired":true,"valueName":"search_term_string"}}],"inLanguage":"bs-BA"},{"@type":["Person","Organization"],"@id":"https:\/\/sandzakpress.net\/arhiva\/#\/schema\/person\/6e72b67d6e51910a1117b3b483ba20bd","name":"Kul","image":{"@type":"ImageObject","inLanguage":"bs-BA","@id":"https:\/\/sandzakpress.net\/arhiva\/#\/schema\/person\/image\/","url":"https:\/\/secure.gravatar.com\/avatar\/42263f39aa27ac04c43cab85c280eb2e?s=96&d=mm&r=pg","contentUrl":"https:\/\/secure.gravatar.com\/avatar\/42263f39aa27ac04c43cab85c280eb2e?s=96&d=mm&r=pg","caption":"Kul"},"logo":{"@id":"https:\/\/sandzakpress.net\/arhiva\/#\/schema\/person\/image\/"}},{"@type":"Person","@id":"https:\/\/sandzakpress.net\/arhiva\/#\/schema\/person\/cb59d7e3ab91ab90dd680ad0305a6185","name":"Agencija","image":{"@type":"ImageObject","inLanguage":"bs-BA","@id":"https:\/\/sandzakpress.net\/arhiva\/#\/schema\/person\/image\/","url":"https:\/\/secure.gravatar.com\/avatar\/4b7fafa80a22f0c2afe23966b3961fe0?s=96&d=mm&r=pg","contentUrl":"https:\/\/secure.gravatar.com\/avatar\/4b7fafa80a22f0c2afe23966b3961fe0?s=96&d=mm&r=pg","caption":"Agencija"},"url":"https:\/\/sandzakpress.net\/arhiva\/author\/agencija\/"}]}},"_links":{"self":[{"href":"https:\/\/sandzakpress.net\/arhiva\/wp-json\/wp\/v2\/posts\/207404"}],"collection":[{"href":"https:\/\/sandzakpress.net\/arhiva\/wp-json\/wp\/v2\/posts"}],"about":[{"href":"https:\/\/sandzakpress.net\/arhiva\/wp-json\/wp\/v2\/types\/post"}],"author":[{"embeddable":true,"href":"https:\/\/sandzakpress.net\/arhiva\/wp-json\/wp\/v2\/users\/509"}],"replies":[{"embeddable":true,"href":"https:\/\/sandzakpress.net\/arhiva\/wp-json\/wp\/v2\/comments?post=207404"}],"version-history":[{"count":0,"href":"https:\/\/sandzakpress.net\/arhiva\/wp-json\/wp\/v2\/posts\/207404\/revisions"}],"wp:featuredmedia":[{"embeddable":true,"href":"https:\/\/sandzakpress.net\/arhiva\/wp-json\/wp\/v2\/media\/207417"}],"wp:attachment":[{"href":"https:\/\/sandzakpress.net\/arhiva\/wp-json\/wp\/v2\/media?parent=207404"}],"wp:term":[{"taxonomy":"category","embeddable":true,"href":"https:\/\/sandzakpress.net\/arhiva\/wp-json\/wp\/v2\/categories?post=207404"},{"taxonomy":"post_tag","embeddable":true,"href":"https:\/\/sandzakpress.net\/arhiva\/wp-json\/wp\/v2\/tags?post=207404"}],"curies":[{"name":"wp","href":"https:\/\/api.w.org\/{rel}","templated":true}]}}