{"id":207386,"date":"2018-05-24T10:58:46","date_gmt":"2018-05-24T08:58:46","guid":{"rendered":"https:\/\/sandzakpress.net\/arhiva\/?p=207386"},"modified":"2018-05-24T10:58:46","modified_gmt":"2018-05-24T08:58:46","slug":"bosna-je-vec-555-godina-satrapija","status":"publish","type":"post","link":"https:\/\/sandzakpress.net\/arhiva\/bosna-je-vec-555-godina-satrapija\/","title":{"rendered":"Bosna je ve\u0107 555 godina satrapija"},"content":{"rendered":"<p><strong>Pi\u0161e: Hakija \u0110ozi\u0107<\/strong><\/p>\n<p>Podsjetimo se sad da na\u0161i gra\u0111ani 5 lipnja 2018. godine (imaju\u0107i u vidu da je tog datuma 1463. godine izvr\u0161ena \u00a0eutanazija bosanskog kralja Stjepan Toma\u0161evi\u0107) \u00a0mogu da obilje\u017ee 555 godina tzv. protektorata (Osmanskog Carstva, Austrougarskog Carstvo, Kraljevine Jugoslavija, diktature Socijalisti\u010dke Jugoslavije, Ujedinih Nacija). Na\u0161i gra\u0111ani ve\u0107 dugo \u017eive pod vla\u0161\u0107u namjesnika, \u0161to se u antici nazivalo satrap, a takva dr\u017eava satrapija (v. Google). Realno je da se koristi izvorno.<\/p>\n<p>Podsjetimo se da u Bibliji pi\u0161e da je Mojsije izbavio narod od ropstva do Slobode. Na\u017ealost, to do sad nije bio slu\u010daj i sa na\u0161im narodom. A kako izgleda ta vlast nad na\u0161om dr\u017eavom, govori i \u010dinjenica da po osnovu ekonomske (ne)razvijenosti, ona sad \u010dvrsto dr\u017ei samo za\u010delje me\u0111u dr\u017eavama Evrope. To potvr\u0111uje i statistika, koja govori \u00a0da su <u>na\u0161i gra\u0111ani najsiroma\u0161niji \u017eitelji Evrope<\/u>.<\/p>\n<ol>\n<li><strong> Osmanska satrapija<\/strong><\/li>\n<\/ol>\n<p>Na Kosovu polju, op\u0107e je poznato, 15 lipnja su 1389. godine Osmanlije odnije \u00a0&#8220;Pirovu pobjedu&#8221;. Oni su nakon tog boja planirali svoj dalji borbeni put prema Be\u010du. On je i\u0161ao preko sjevera \u00a0kraljevine Bosna. Kako je Osmanlijama Bosna bila kod cjelovita osvajanja &#8220;\u010dvrst orah&#8221;, oni su za osvojene teritorije imenovali satrape. Prvi na vlast dijela isto\u010dne Bosne je bio Pa\u0161a Jigin Beg (1392-1419), a posljednji (r. br.319) \u00a0je bio pa\u0161a \u00a0Hafiz Ahmed-Pa\u0161a. On je ostao od po\u010detka do sredine 1878. godine.<\/p>\n<p>Osnovni zadatak pa\u0161a, koje je li\u010dno imenovao sultan, bio je da podanike, koji su bili pod jarmom timarskog sistema, vodi u osvajanja i donosi pobjedonosne \u00a0bojeve, pi\u0161e Vedad Bi\u0161\u0107evi\u0107,\u00a0 BOSANSKI NAMEJSNICI OSMANSKOG CARSTVA (1463.-1878.), Connectum, Sarajevo, 2006. Na osnovu poku\u0161aja da se bilanc-iraju navedeni podaci, pa\u0161e Bosne su svoje podanike vodile u 162 boja. Kako \u00a057 pa\u0161a nisu ostvarili planiranu pobjedu nad neprijateljima Porte, sultani su im putem izaslanika slali fild\u017ean otrova, \u0161to su pod prinudom morali popiti. I jo\u0161 ne\u0161to, jako bitno.<\/p>\n<p>Kad Osmanlije nisu (1908) dale Austrougarskoj saglasnost da izvr\u0161i aneksiju, oni su zbog navodnog svog erara,\u00a0 zatra\u017eile i dobile od te dr\u017eave mito od 2,5 miliona zlatnih funti\u0161terlinaga (v. ENCIKLOPEDIJA JUGOSLAVIJA, JLZ, Zagreb, 1960,126\/1).<\/p>\n<ol start=\"2\">\n<li><strong> Austrougarska satrapija <\/strong><\/li>\n<\/ol>\n<p>Velike sile Zapadnog rimskog carstva; Ujedinjeno Kraljevstvo Velike Britanije i Sjeverne Austrougarska, <a href=\"http:\/\/bs.wikipedia.org\/wiki\/Francuska\">Francuska<\/a>, <a href=\"http:\/\/bs.wikipedia.org\/wiki\/Njema%C4%8Dka\">Njema\u010dka<\/a>, <a href=\"http:\/\/bs.wikipedia.org\/wiki\/Italija\">Italija<\/a>, te i Rusija, \u010diji su poklonici ispovijedali kr\u0161\u0107anstvo, bili su u stalnom sukobu sa Osmanlijama, pa i njihovim sunarodnicima gdje su \u00a0\u0161irili tradiciju Islama. Nakon \u0161to su osvojili Konstitinopolj (kasnije nazvan Carigrad, Istanbul), oni su \u017eeljeli da obnove i pro\u0161ire Bizantiju. Stoga su krenuli da pokore jug dana\u0161nje Balkana, pa tako do\u0111u i do Be\u010da.<\/p>\n<p>Kr\u0161\u0107anski lideri su tajno su procjenjivali da li je Osmansko carstvo, nakon gubitka vi\u0161e bojeva, \u201epalo na koljena\u201c. Ta bi im \u010dinjenica bila garancija da \u0107e oni prihvatiti kr\u0161\u0107anski diktat mira. S toga je su velike sile dogovorile da se odr\u017ei tzv. Berlinski kongres. Na dnevnom redu je bila ratifikacija ranijih me\u0111unarodnih ugovora Sredozemlja i navodni terorizam u Bosni, kao sporedna ta\u010dka razmatranja.<\/p>\n<p><em>Spomenuti skup \u00a0odr\u017ean u Berlinu (od <a href=\"http:\/\/hr.wikipedia.org\/wiki\/13._lipnja\">13. lipnja<\/a> do <a href=\"http:\/\/hr.wikipedia.org\/wiki\/13._srpnja\">13. srpnja<\/a> <a href=\"http:\/\/hr.wikipedia.org\/wiki\/1878\">1878<\/a>), na kojem je \u00a0usvojen tzv. Berlinski ugovor (v. Grgur Jak\u0161i\u0107, Bosna i Hercegovina na Berlinskom kongresu, SAN, Beograd, 1955), \u010dije norme nikad zakonski nisu ratificiranje (v. Hans \u0160neler, Dr\u017eavno-pravnim polo\u017eaj Bosne i Hercegovine&#8230;, Beograd, 1893). <\/em><\/p>\n<p>Kad su, po osnovu ne formalnog ugovora, A-U oru\u017eane snage \u00a0(29. srpnja 1878. godine) pre\u0161le sjevernu granicu Bosne: Zbog sna\u017enog otpora patriotskih snaga Bosne, okupatori su od najave da \u0107e Bosnu osvoji sa &#8220;pleh muzikom&#8221;, morali sakupe oko 300.000 \u00a0oru\u017enika. (v. Hamdija Kre\u0161evljakovi\u0107,\u00a0 Sarajevo u doba okupacije Bosne i Hercegovine 1878, Sarajevo, 1937). Da ne du\u017eimo.<\/p>\n<p>\u00a0Ka\u017eimo jo\u0161 da su na terenu vo\u0111ena 68 krvava boja izme\u0111u citiranih strana. Statistika pokazuje da su tim bojevima poginula 178 oficira i 5.000 oru\u017enika A-U. Njihovi ranjeni se nisu brojali, niti su se javno pokazivali\u00a0 gubici me\u0111u snagama rodoljuba Bosne (v. \u00a0Pertev, Okupacija ili Ulazak Austro-Ugarske vojske u Bosnu i Hercegovinu 1878. godine, \u0161tamparija &#8220;NARODA&#8221; Sarajevo). Bitno je kazati da BU\u00a0 nije ni \u00a0poslije njegove ratifikacije od Srba (14. 07. 1878) za oko 20 godina javno objavljen.<\/p>\n<ol start=\"4\">\n<li><strong><em> Satrapije 2 re\u017eima tzv. Jugoslavije<\/em><\/strong><\/li>\n<\/ol>\n<p>Toponim &#8220;Jugoslavija&#8221; prvo je kovao Jernej-Bartol Kopitar (1780-1844), jedan od osniva\u010da slavistike\u2026, a Matija Ban (1818-1903) je 1845. godine prvi javno izrekao toponim &#8220;Jugoslavija\u00bb (v. Vujadin Rudi\u0107, IDEJA JUGOSLOVENSTVA I DRU\u0160TVENO-GEOGRAFSKE PROTIVURIJE\u010cNOSTI SFRJ, Vojno-geografski institut, Beograd, 1994, 129). Me\u0111utim, postojala su 2 re\u017eima Jugoslavije:<\/p>\n<p>&#8211; prvo, po osnovu tzv. Krfske deklaracije (20. april 1917) i okon\u010danja Prvog svjetskog rata je nastala tzv. Kraljevina, Srba Hrvata i Slovenaca (KSHS), o \u010demu op\u0161irno pi\u0161e Branko Petranovi\u0107 \u00a0u knjizi sa 3 toma (ISTORIJA JUGOSLAVIJE 1918.-1988., NOLIT, BEOGRAD, 1988). Pisac tog djela, na osnovu samo letimi\u010dne kriti\u010dke analize, mo\u017ee se pokazati da postoji mnogo izmi\u0161ljenih hipoteza. Na taj se \u00a0na\u010din nastoji da\u00a0 premosti povijesne praznije spomenute (svoje) dr\u017eave. Me\u0111utim, u djelima opozicije gdje se govori o pomenutoj vje\u0161ta\u010dko-j \u00a0tvorevine, svi njeni narodi, osim Srba su imali robovski status (v. Enciklopedija NA\u0160A DOMOVINA, Zagreb, 1942, 232\/I);<\/p>\n<p>&#8211; drugo, jeste tzv. Drugi svjetski rat (1941. &#8211; 1945.). U Kraljevini Jugoslaviji se razvija i kao &#8220;Narodnooslobodila\u010dki pokret&#8221; (NOP). Ali, on na \u010delu s\u00a0<a href=\"https:\/\/hr.wikipedia.org\/wiki\/Komunisti%C4%8Dka_partija_Jugoslavije\">Komunisti\u010dkom partijom Jugoslavije<\/a>\u00a0(KPJ) razvija socijalisti\u010dku revoluciju. Zna\u010di, radilo se o provo\u0111enja\u00a0<a href=\"https:\/\/hr.wikipedia.org\/w\/index.php?title=Socijalisti%C4%8Dka_revolucija&amp;action=edit&amp;redlink=1\">socijalisti\u010dke revolucije<\/a> i\u00a0istovremeno s borbom (partizana) protiv okupatora, \u0161to zna\u010di\u00a0 kao \u00bbnacionalno i socijalno oslobo\u0111enje\u00ab. Pred kraj rata su se partizani sukobili sa pora\u017eenim protivnicima (i civilima iz redova prista\u0161a protivnika). Sa njima dolazi do krvavog obra\u010duna (Blajburski pokolj [&#8230;]. Zatim se i terorom onemogu\u0107ava djelovanje pristalica diktature SSSR i druge oporbe,\u00a0 te zatvaranjem neistomi\u0161ljenika (pa i Goli Otok), zatim, oduzimanja prekomjerno-g privatnog vlasni\u0161tva. Tako se provodila tzv. &#8220;komunisti\u010dka revolucija&#8221;.<\/p>\n<p>Nakon popravke, zbog skretanja sa pravog\u00a0 pravca socijalne revolucije, od sredine XX stolje\u0107a se postupno razvija tzv. tr\u017ei\u0161na privreda. Dolazi i do (Marksove ideje) samoupravljanja, kao svojevrsne demokratije, \u0161to je dalo pozitivne efekte na planu dru\u0161tveno-ekonomskog razvoja dr\u017eave, poznate pod imenom Socijalisti\u010dka Federativna republika Jugoslavija (SFRJ). Ali, na taj je na\u010din do\u0161lo do &#8220;Anticipacija komunizma putem ma\u0161te&#8230;&#8221; (K. M. &#8211; F. E., SABRANA DJELA (52 toma), Proveta, Beograd, 1971, \u00a0291\/11), \u0161to je izazvalo probleme na planu unutra\u0161njeg ure\u0111enja spomenute dr\u017eave.<\/p>\n<p>Radi toga dolazi \u00a0ozbiljnog neslaganja me\u0111u narodima te dr\u017eave i raspada (na kraju 1990) SFRJ, preciznije, zbog nemogu\u0107nosti dono\u0161enja bud\u017eeta. Spor je poku\u0161ala razrije\u0161iti EU putem Banditerove\u00a0 komisije, koja odlu\u010duje da svaka dr\u017eava iz sastava SFRJ treba da referendumom odlu\u010di o dru\u0161tveno-ekonomskog ure\u0111enju svoje dr\u017eave. BiH je po tom osnovu raspisala i odr\u017eala referendum (29. 02.1992), mada nema materijalnih dokaza da je ona stvarno demokratski uklju\u010dena u KSHS.<\/p>\n<ol start=\"5\">\n<li><strong> Dejtonska satrapija <\/strong><\/li>\n<\/ol>\n<p>Kako susjedne dr\u017eave, koje su od vremena BK (1878), uz pomo\u0107 Velikih sila, &#8220;odgrizle&#8221; oko 25.000 km2 vilajet Bosne. KSHS je planskom prinudom naselila na erar preko 20.000 porodica oko lijeve obale Save i Drine. Na tom \u00a0podru\u010dju danas egzistira tzv. Republika Srpska.<\/p>\n<p>Me\u0111unacionalni spor se poku\u0161ao rije\u0161iti Dejtonskim sporazumom, za \u010diji je sadr\u017eaj Clinton kazao da je taj akt&#8230;\u00a0 najve\u0107a kolektivna gre\u0161ka Zapada od 1930&#8230; zbog pogre\u0161nog\u00a0 tuma\u010denja historije (S.BOSNA, 1.7.2004).<\/p>\n<p>Da je Clinton (idejni tvorac Dejtona) ostao na spomenutome stanovi\u0161tu, pokazuje i njegov govor na savjetodavnim organima za BiH (ACBH), kad je (06. 05. 2018) kazao: <strong>Osje\u0107am se grozno<\/strong> zbog ishoda Dejtonskog mirovnog sporazuma, ali tada nam je bilo bitno da zaustavimo rat&#8230; \u00a0U budu\u0107nosti vi\u0161e nemamo pravo na gre\u0161ke&#8230;&#8221;. Poruka je jasna, pa joj nije potreban komentar.<\/p>\n<ol start=\"6\">\n<li><strong> Svodni rezon <\/strong><\/li>\n<\/ol>\n<p>Da bi se razrije\u0161ila aktuelna kriza Bosne, shodno znanstvenim pravilima, njenu reinkarnaciju treba uspostaviti od vakta njene geneze. O toj nedoumici je Dru\u0161tvo STANAK FF UNSA objavilo niz akata, \u0161to se mo\u017ee i ovako definirati: SBOR\/<strong>STANAK<\/strong> BOSNA, REPLIKA PARLAMENTARNIH MONARHIJA DR\u017dAVA EVROPE.<\/p>\n<p>Na ovu opciju, naravno ima i drugih mi\u0161ljenja. Ali odgovor se krije u \u010dinjenicu kako su nastale i do danas se odr\u017ealo 12 kraljevina Zapadne Evrope. Njihovi su gra\u0111ani sad najbogatiji stanovnici starog kontinenta. Nema razloga da i Bosne, kao najstarija pravna dr\u017eava Evrope, ne povrati (kao Njema\u010dka) takvo ure\u0111enje. Stoga treba znanstveno razrije\u0161iti i rezon: Bosna je ve\u0107 555 godina satrapija.<\/p>\n<p><img loading=\"lazy\" decoding=\"async\" class=\"size-full wp-image-207387 aligncenter\" src=\"https:\/\/sandzakpress.net\/arhiva\/wp-content\/uploads\/2018\/05\/Capture-17.jpg\" alt=\"\" width=\"520\" height=\"750\" \/><\/p>\n","protected":false},"excerpt":{"rendered":"<p>Pi\u0161e: Hakija \u0110ozi\u0107 Podsjetimo se sad da na\u0161i gra\u0111ani 5 lipnja 2018. godine (imaju\u0107i u vidu da je tog datuma 1463. godine izvr\u0161ena \u00a0eutanazija bosanskog kralja Stjepan Toma\u0161evi\u0107) \u00a0mogu da obilje\u017ee 555 godina tzv. protektorata (Osmanskog Carstva, Austrougarskog Carstvo, Kraljevine Jugoslavija, diktature Socijalisti\u010dke Jugoslavije, Ujedinih Nacija). Na\u0161i gra\u0111ani ve\u0107 dugo \u017eive pod vla\u0161\u0107u namjesnika, \u0161to [&hellip;]<\/p>\n","protected":false},"author":509,"featured_media":207387,"comment_status":"open","ping_status":"open","sticky":false,"template":"","format":"standard","meta":{"footnotes":""},"categories":[10196],"tags":[],"class_list":{"0":"post-207386","1":"post","2":"type-post","3":"status-publish","4":"format-standard","5":"has-post-thumbnail","7":"category-iz-pera-nasih-autora"},"yoast_head":"<!-- This site is optimized with the Yoast SEO Premium plugin v23.1 (Yoast SEO v24.9) - https:\/\/yoast.com\/wordpress\/plugins\/seo\/ -->\n<title>Bosna je ve\u0107 555 godina satrapija<\/title>\n<meta name=\"robots\" content=\"index, follow, max-snippet:-1, max-image-preview:large, max-video-preview:-1\" \/>\n<link rel=\"canonical\" href=\"https:\/\/sandzakpress.net\/arhiva\/bosna-je-vec-555-godina-satrapija\/\" \/>\n<meta property=\"og:locale\" content=\"bs_BA\" \/>\n<meta property=\"og:type\" content=\"article\" \/>\n<meta property=\"og:title\" content=\"Bosna je ve\u0107 555 godina satrapija\" \/>\n<meta property=\"og:description\" content=\"Pi\u0161e: Hakija \u0110ozi\u0107 Podsjetimo se sad da na\u0161i gra\u0111ani 5 lipnja 2018. godine (imaju\u0107i u vidu da je tog datuma 1463. godine izvr\u0161ena \u00a0eutanazija bosanskog kralja Stjepan Toma\u0161evi\u0107) \u00a0mogu da obilje\u017ee 555 godina tzv. protektorata (Osmanskog Carstva, Austrougarskog Carstvo, Kraljevine Jugoslavija, diktature Socijalisti\u010dke Jugoslavije, Ujedinih Nacija). Na\u0161i gra\u0111ani ve\u0107 dugo \u017eive pod vla\u0161\u0107u namjesnika, \u0161to [&hellip;]\" \/>\n<meta property=\"og:url\" content=\"https:\/\/sandzakpress.net\/arhiva\/bosna-je-vec-555-godina-satrapija\/\" \/>\n<meta property=\"og:site_name\" content=\"Sand\u017eak PRESS\" \/>\n<meta property=\"article:published_time\" content=\"2018-05-24T08:58:46+00:00\" \/>\n<meta property=\"og:image\" content=\"https:\/\/sandzakpress.net\/arhiva\/wp-content\/uploads\/2018\/05\/Capture-17.jpg\" \/>\n\t<meta property=\"og:image:width\" content=\"520\" \/>\n\t<meta property=\"og:image:height\" content=\"750\" \/>\n\t<meta property=\"og:image:type\" content=\"image\/jpeg\" \/>\n<meta name=\"author\" content=\"Agencija\" \/>\n<meta name=\"twitter:card\" content=\"summary_large_image\" \/>\n<meta name=\"twitter:label1\" content=\"Written by\" \/>\n\t<meta name=\"twitter:data1\" content=\"Agencija\" \/>\n\t<meta name=\"twitter:label2\" content=\"Est. reading time\" \/>\n\t<meta name=\"twitter:data2\" content=\"7 minuta\" \/>\n<script type=\"application\/ld+json\" class=\"yoast-schema-graph\">{\"@context\":\"https:\/\/schema.org\",\"@graph\":[{\"@type\":\"Article\",\"@id\":\"https:\/\/sandzakpress.net\/arhiva\/bosna-je-vec-555-godina-satrapija\/#article\",\"isPartOf\":{\"@id\":\"https:\/\/sandzakpress.net\/arhiva\/bosna-je-vec-555-godina-satrapija\/\"},\"author\":{\"name\":\"Agencija\",\"@id\":\"https:\/\/sandzakpress.net\/arhiva\/#\/schema\/person\/cb59d7e3ab91ab90dd680ad0305a6185\"},\"headline\":\"Bosna je ve\u0107 555 godina satrapija\",\"datePublished\":\"2018-05-24T08:58:46+00:00\",\"mainEntityOfPage\":{\"@id\":\"https:\/\/sandzakpress.net\/arhiva\/bosna-je-vec-555-godina-satrapija\/\"},\"wordCount\":1401,\"commentCount\":1,\"publisher\":{\"@id\":\"https:\/\/sandzakpress.net\/arhiva\/#\/schema\/person\/6e72b67d6e51910a1117b3b483ba20bd\"},\"image\":{\"@id\":\"https:\/\/sandzakpress.net\/arhiva\/bosna-je-vec-555-godina-satrapija\/#primaryimage\"},\"thumbnailUrl\":\"https:\/\/sandzakpress.net\/arhiva\/wp-content\/uploads\/2018\/05\/Capture-17.jpg\",\"articleSection\":[\"Iz pera na\u0161ih autora\"],\"inLanguage\":\"bs-BA\",\"potentialAction\":[{\"@type\":\"CommentAction\",\"name\":\"Comment\",\"target\":[\"https:\/\/sandzakpress.net\/arhiva\/bosna-je-vec-555-godina-satrapija\/#respond\"]}]},{\"@type\":\"WebPage\",\"@id\":\"https:\/\/sandzakpress.net\/arhiva\/bosna-je-vec-555-godina-satrapija\/\",\"url\":\"https:\/\/sandzakpress.net\/arhiva\/bosna-je-vec-555-godina-satrapija\/\",\"name\":\"Bosna je ve\u0107 555 godina satrapija\",\"isPartOf\":{\"@id\":\"https:\/\/sandzakpress.net\/arhiva\/#website\"},\"primaryImageOfPage\":{\"@id\":\"https:\/\/sandzakpress.net\/arhiva\/bosna-je-vec-555-godina-satrapija\/#primaryimage\"},\"image\":{\"@id\":\"https:\/\/sandzakpress.net\/arhiva\/bosna-je-vec-555-godina-satrapija\/#primaryimage\"},\"thumbnailUrl\":\"https:\/\/sandzakpress.net\/arhiva\/wp-content\/uploads\/2018\/05\/Capture-17.jpg\",\"datePublished\":\"2018-05-24T08:58:46+00:00\",\"breadcrumb\":{\"@id\":\"https:\/\/sandzakpress.net\/arhiva\/bosna-je-vec-555-godina-satrapija\/#breadcrumb\"},\"inLanguage\":\"bs-BA\",\"potentialAction\":[{\"@type\":\"ReadAction\",\"target\":[\"https:\/\/sandzakpress.net\/arhiva\/bosna-je-vec-555-godina-satrapija\/\"]}]},{\"@type\":\"ImageObject\",\"inLanguage\":\"bs-BA\",\"@id\":\"https:\/\/sandzakpress.net\/arhiva\/bosna-je-vec-555-godina-satrapija\/#primaryimage\",\"url\":\"https:\/\/sandzakpress.net\/arhiva\/wp-content\/uploads\/2018\/05\/Capture-17.jpg\",\"contentUrl\":\"https:\/\/sandzakpress.net\/arhiva\/wp-content\/uploads\/2018\/05\/Capture-17.jpg\",\"width\":520,\"height\":750},{\"@type\":\"BreadcrumbList\",\"@id\":\"https:\/\/sandzakpress.net\/arhiva\/bosna-je-vec-555-godina-satrapija\/#breadcrumb\",\"itemListElement\":[{\"@type\":\"ListItem\",\"position\":1,\"name\":\"Home\",\"item\":\"https:\/\/sandzakpress.net\/arhiva\/\"},{\"@type\":\"ListItem\",\"position\":2,\"name\":\"Bosna je ve\u0107 555 godina satrapija\"}]},{\"@type\":\"WebSite\",\"@id\":\"https:\/\/sandzakpress.net\/arhiva\/#website\",\"url\":\"https:\/\/sandzakpress.net\/arhiva\/\",\"name\":\"Sand\u017eak PRESS\",\"description\":\"Prve elektronske novine u Sand\u017eaku\",\"publisher\":{\"@id\":\"https:\/\/sandzakpress.net\/arhiva\/#\/schema\/person\/6e72b67d6e51910a1117b3b483ba20bd\"},\"potentialAction\":[{\"@type\":\"SearchAction\",\"target\":{\"@type\":\"EntryPoint\",\"urlTemplate\":\"https:\/\/sandzakpress.net\/arhiva\/?s={search_term_string}\"},\"query-input\":{\"@type\":\"PropertyValueSpecification\",\"valueRequired\":true,\"valueName\":\"search_term_string\"}}],\"inLanguage\":\"bs-BA\"},{\"@type\":[\"Person\",\"Organization\"],\"@id\":\"https:\/\/sandzakpress.net\/arhiva\/#\/schema\/person\/6e72b67d6e51910a1117b3b483ba20bd\",\"name\":\"Kul\",\"image\":{\"@type\":\"ImageObject\",\"inLanguage\":\"bs-BA\",\"@id\":\"https:\/\/sandzakpress.net\/arhiva\/#\/schema\/person\/image\/\",\"url\":\"https:\/\/secure.gravatar.com\/avatar\/42263f39aa27ac04c43cab85c280eb2e?s=96&d=mm&r=pg\",\"contentUrl\":\"https:\/\/secure.gravatar.com\/avatar\/42263f39aa27ac04c43cab85c280eb2e?s=96&d=mm&r=pg\",\"caption\":\"Kul\"},\"logo\":{\"@id\":\"https:\/\/sandzakpress.net\/arhiva\/#\/schema\/person\/image\/\"}},{\"@type\":\"Person\",\"@id\":\"https:\/\/sandzakpress.net\/arhiva\/#\/schema\/person\/cb59d7e3ab91ab90dd680ad0305a6185\",\"name\":\"Agencija\",\"image\":{\"@type\":\"ImageObject\",\"inLanguage\":\"bs-BA\",\"@id\":\"https:\/\/sandzakpress.net\/arhiva\/#\/schema\/person\/image\/\",\"url\":\"https:\/\/secure.gravatar.com\/avatar\/4b7fafa80a22f0c2afe23966b3961fe0?s=96&d=mm&r=pg\",\"contentUrl\":\"https:\/\/secure.gravatar.com\/avatar\/4b7fafa80a22f0c2afe23966b3961fe0?s=96&d=mm&r=pg\",\"caption\":\"Agencija\"},\"url\":\"https:\/\/sandzakpress.net\/arhiva\/author\/agencija\/\"}]}<\/script>\n<!-- \/ Yoast SEO Premium plugin. -->","yoast_head_json":{"title":"Bosna je ve\u0107 555 godina satrapija","robots":{"index":"index","follow":"follow","max-snippet":"max-snippet:-1","max-image-preview":"max-image-preview:large","max-video-preview":"max-video-preview:-1"},"canonical":"https:\/\/sandzakpress.net\/arhiva\/bosna-je-vec-555-godina-satrapija\/","og_locale":"bs_BA","og_type":"article","og_title":"Bosna je ve\u0107 555 godina satrapija","og_description":"Pi\u0161e: Hakija \u0110ozi\u0107 Podsjetimo se sad da na\u0161i gra\u0111ani 5 lipnja 2018. godine (imaju\u0107i u vidu da je tog datuma 1463. godine izvr\u0161ena \u00a0eutanazija bosanskog kralja Stjepan Toma\u0161evi\u0107) \u00a0mogu da obilje\u017ee 555 godina tzv. protektorata (Osmanskog Carstva, Austrougarskog Carstvo, Kraljevine Jugoslavija, diktature Socijalisti\u010dke Jugoslavije, Ujedinih Nacija). Na\u0161i gra\u0111ani ve\u0107 dugo \u017eive pod vla\u0161\u0107u namjesnika, \u0161to [&hellip;]","og_url":"https:\/\/sandzakpress.net\/arhiva\/bosna-je-vec-555-godina-satrapija\/","og_site_name":"Sand\u017eak PRESS","article_published_time":"2018-05-24T08:58:46+00:00","og_image":[{"width":520,"height":750,"url":"https:\/\/sandzakpress.net\/arhiva\/wp-content\/uploads\/2018\/05\/Capture-17.jpg","type":"image\/jpeg"}],"author":"Agencija","twitter_card":"summary_large_image","twitter_misc":{"Written by":"Agencija","Est. reading time":"7 minuta"},"schema":{"@context":"https:\/\/schema.org","@graph":[{"@type":"Article","@id":"https:\/\/sandzakpress.net\/arhiva\/bosna-je-vec-555-godina-satrapija\/#article","isPartOf":{"@id":"https:\/\/sandzakpress.net\/arhiva\/bosna-je-vec-555-godina-satrapija\/"},"author":{"name":"Agencija","@id":"https:\/\/sandzakpress.net\/arhiva\/#\/schema\/person\/cb59d7e3ab91ab90dd680ad0305a6185"},"headline":"Bosna je ve\u0107 555 godina satrapija","datePublished":"2018-05-24T08:58:46+00:00","mainEntityOfPage":{"@id":"https:\/\/sandzakpress.net\/arhiva\/bosna-je-vec-555-godina-satrapija\/"},"wordCount":1401,"commentCount":1,"publisher":{"@id":"https:\/\/sandzakpress.net\/arhiva\/#\/schema\/person\/6e72b67d6e51910a1117b3b483ba20bd"},"image":{"@id":"https:\/\/sandzakpress.net\/arhiva\/bosna-je-vec-555-godina-satrapija\/#primaryimage"},"thumbnailUrl":"https:\/\/sandzakpress.net\/arhiva\/wp-content\/uploads\/2018\/05\/Capture-17.jpg","articleSection":["Iz pera na\u0161ih autora"],"inLanguage":"bs-BA","potentialAction":[{"@type":"CommentAction","name":"Comment","target":["https:\/\/sandzakpress.net\/arhiva\/bosna-je-vec-555-godina-satrapija\/#respond"]}]},{"@type":"WebPage","@id":"https:\/\/sandzakpress.net\/arhiva\/bosna-je-vec-555-godina-satrapija\/","url":"https:\/\/sandzakpress.net\/arhiva\/bosna-je-vec-555-godina-satrapija\/","name":"Bosna je ve\u0107 555 godina satrapija","isPartOf":{"@id":"https:\/\/sandzakpress.net\/arhiva\/#website"},"primaryImageOfPage":{"@id":"https:\/\/sandzakpress.net\/arhiva\/bosna-je-vec-555-godina-satrapija\/#primaryimage"},"image":{"@id":"https:\/\/sandzakpress.net\/arhiva\/bosna-je-vec-555-godina-satrapija\/#primaryimage"},"thumbnailUrl":"https:\/\/sandzakpress.net\/arhiva\/wp-content\/uploads\/2018\/05\/Capture-17.jpg","datePublished":"2018-05-24T08:58:46+00:00","breadcrumb":{"@id":"https:\/\/sandzakpress.net\/arhiva\/bosna-je-vec-555-godina-satrapija\/#breadcrumb"},"inLanguage":"bs-BA","potentialAction":[{"@type":"ReadAction","target":["https:\/\/sandzakpress.net\/arhiva\/bosna-je-vec-555-godina-satrapija\/"]}]},{"@type":"ImageObject","inLanguage":"bs-BA","@id":"https:\/\/sandzakpress.net\/arhiva\/bosna-je-vec-555-godina-satrapija\/#primaryimage","url":"https:\/\/sandzakpress.net\/arhiva\/wp-content\/uploads\/2018\/05\/Capture-17.jpg","contentUrl":"https:\/\/sandzakpress.net\/arhiva\/wp-content\/uploads\/2018\/05\/Capture-17.jpg","width":520,"height":750},{"@type":"BreadcrumbList","@id":"https:\/\/sandzakpress.net\/arhiva\/bosna-je-vec-555-godina-satrapija\/#breadcrumb","itemListElement":[{"@type":"ListItem","position":1,"name":"Home","item":"https:\/\/sandzakpress.net\/arhiva\/"},{"@type":"ListItem","position":2,"name":"Bosna je ve\u0107 555 godina satrapija"}]},{"@type":"WebSite","@id":"https:\/\/sandzakpress.net\/arhiva\/#website","url":"https:\/\/sandzakpress.net\/arhiva\/","name":"Sand\u017eak PRESS","description":"Prve elektronske novine u Sand\u017eaku","publisher":{"@id":"https:\/\/sandzakpress.net\/arhiva\/#\/schema\/person\/6e72b67d6e51910a1117b3b483ba20bd"},"potentialAction":[{"@type":"SearchAction","target":{"@type":"EntryPoint","urlTemplate":"https:\/\/sandzakpress.net\/arhiva\/?s={search_term_string}"},"query-input":{"@type":"PropertyValueSpecification","valueRequired":true,"valueName":"search_term_string"}}],"inLanguage":"bs-BA"},{"@type":["Person","Organization"],"@id":"https:\/\/sandzakpress.net\/arhiva\/#\/schema\/person\/6e72b67d6e51910a1117b3b483ba20bd","name":"Kul","image":{"@type":"ImageObject","inLanguage":"bs-BA","@id":"https:\/\/sandzakpress.net\/arhiva\/#\/schema\/person\/image\/","url":"https:\/\/secure.gravatar.com\/avatar\/42263f39aa27ac04c43cab85c280eb2e?s=96&d=mm&r=pg","contentUrl":"https:\/\/secure.gravatar.com\/avatar\/42263f39aa27ac04c43cab85c280eb2e?s=96&d=mm&r=pg","caption":"Kul"},"logo":{"@id":"https:\/\/sandzakpress.net\/arhiva\/#\/schema\/person\/image\/"}},{"@type":"Person","@id":"https:\/\/sandzakpress.net\/arhiva\/#\/schema\/person\/cb59d7e3ab91ab90dd680ad0305a6185","name":"Agencija","image":{"@type":"ImageObject","inLanguage":"bs-BA","@id":"https:\/\/sandzakpress.net\/arhiva\/#\/schema\/person\/image\/","url":"https:\/\/secure.gravatar.com\/avatar\/4b7fafa80a22f0c2afe23966b3961fe0?s=96&d=mm&r=pg","contentUrl":"https:\/\/secure.gravatar.com\/avatar\/4b7fafa80a22f0c2afe23966b3961fe0?s=96&d=mm&r=pg","caption":"Agencija"},"url":"https:\/\/sandzakpress.net\/arhiva\/author\/agencija\/"}]}},"_links":{"self":[{"href":"https:\/\/sandzakpress.net\/arhiva\/wp-json\/wp\/v2\/posts\/207386"}],"collection":[{"href":"https:\/\/sandzakpress.net\/arhiva\/wp-json\/wp\/v2\/posts"}],"about":[{"href":"https:\/\/sandzakpress.net\/arhiva\/wp-json\/wp\/v2\/types\/post"}],"author":[{"embeddable":true,"href":"https:\/\/sandzakpress.net\/arhiva\/wp-json\/wp\/v2\/users\/509"}],"replies":[{"embeddable":true,"href":"https:\/\/sandzakpress.net\/arhiva\/wp-json\/wp\/v2\/comments?post=207386"}],"version-history":[{"count":0,"href":"https:\/\/sandzakpress.net\/arhiva\/wp-json\/wp\/v2\/posts\/207386\/revisions"}],"wp:featuredmedia":[{"embeddable":true,"href":"https:\/\/sandzakpress.net\/arhiva\/wp-json\/wp\/v2\/media\/207387"}],"wp:attachment":[{"href":"https:\/\/sandzakpress.net\/arhiva\/wp-json\/wp\/v2\/media?parent=207386"}],"wp:term":[{"taxonomy":"category","embeddable":true,"href":"https:\/\/sandzakpress.net\/arhiva\/wp-json\/wp\/v2\/categories?post=207386"},{"taxonomy":"post_tag","embeddable":true,"href":"https:\/\/sandzakpress.net\/arhiva\/wp-json\/wp\/v2\/tags?post=207386"}],"curies":[{"name":"wp","href":"https:\/\/api.w.org\/{rel}","templated":true}]}}