{"id":207265,"date":"2018-05-22T12:30:00","date_gmt":"2018-05-22T10:30:00","guid":{"rendered":"https:\/\/sandzakpress.net\/arhiva\/?p=207265"},"modified":"2018-05-22T12:30:00","modified_gmt":"2018-05-22T10:30:00","slug":"detalji-jezive-saobracajne-nesrece-kod-prijepolja-veliki-odron-naterao-vozaca-kamiona-na-korak-koji-ga-je-kostao-zivota","status":"publish","type":"post","link":"https:\/\/sandzakpress.net\/arhiva\/detalji-jezive-saobracajne-nesrece-kod-prijepolja-veliki-odron-naterao-vozaca-kamiona-na-korak-koji-ga-je-kostao-zivota\/","title":{"rendered":"Detalji jezive saobra\u0107ajne nesre\u0107e kod Prijepolja: Veliki odron naterao voza\u010da kamiona na korak koji ga je ko\u0161tao \u017eivota"},"content":{"rendered":"<p><img decoding=\"async\" class=\"aligncenter\" src=\"http:\/\/www.novosti.rs\/upload\/thumbs\/images\/2018\/\/05\/21n\/prijepoljea_620x0.jpg\" alt=\" Foto: A. Rov\u00c4\u008danin\" \/><\/p>\n<p><strong>Prema nezvani\u010dnim informacijama, do te\u0161ke saobra\u0107ajne nesre\u0107e, koja se dogodila na uslasku u Prijepolje iz pravca Bistrice, do\u0161lo je kada je voza\u010d jednog kamiona naglo zako\u010dio po\u0161to se u tom trenutku na put ispred njega odronila velika koli\u010dina kamenja.<\/strong><\/p>\n<p>Kamiond\u017eija koji je i\u0161ao odmah iza njega, u tom momentu nije mogao da zaustavi svog te\u0161ka\u0161a ve\u0107 je naglo, da bi izbegao sudar, skrenuo u levu traku, ali je njom nai\u0161ao automobil i do\u0161lo je do \u010deonog udesa.<\/p>\n<p>Te\u0161ka nesre\u0107a kod Prijepolja: U direktnom sudaru kamiona i automobila poginula jedna osoba, ima i povre\u0111enih<\/p>\n<p>Voza\u010d automobila sa crnogorskim registarskim tablicama preminuo je na licu mesta. Nezvani\u010dno, voza\u010d je iz Bijelog Polja.<\/p>\n<p>Troje njegovih saputnika zadobili su povrede i preba\u010deni su u bolnicu u Prijepolju.<\/p>\n<p>AMSS je ceo dan upozoravao na mogu\u0107e odrone.<\/p>\n<p>(novosti)<\/p>\n","protected":false},"excerpt":{"rendered":"<p>Prema nezvani\u010dnim informacijama, do te\u0161ke saobra\u0107ajne nesre\u0107e, koja se dogodila na uslasku u Prijepolje iz pravca Bistrice, do\u0161lo je kada je voza\u010d jednog kamiona naglo zako\u010dio po\u0161to se u tom trenutku na put ispred njega odronila velika koli\u010dina kamenja. Kamiond\u017eija koji je i\u0161ao odmah iza njega, u tom momentu nije mogao da zaustavi svog te\u0161ka\u0161a [&hellip;]<\/p>\n","protected":false},"author":509,"featured_media":0,"comment_status":"open","ping_status":"open","sticky":false,"template":"","format":"standard","meta":{"footnotes":""},"categories":[392,801,10429],"tags":[],"class_list":{"0":"post-207265","1":"post","2":"type-post","3":"status-publish","4":"format-standard","6":"category-prijepolje_","7":"category-crna_hronika","8":"category-vazno"},"yoast_head":"<!-- This site is optimized with the Yoast SEO Premium plugin v23.1 (Yoast SEO v24.9) - https:\/\/yoast.com\/wordpress\/plugins\/seo\/ -->\n<title>Detalji jezive saobra\u0107ajne nesre\u0107e kod Prijepolja: Veliki odron naterao voza\u010da kamiona na korak koji ga je ko\u0161tao \u017eivota<\/title>\n<meta name=\"robots\" content=\"index, follow, max-snippet:-1, max-image-preview:large, max-video-preview:-1\" \/>\n<link rel=\"canonical\" href=\"https:\/\/sandzakpress.net\/arhiva\/detalji-jezive-saobracajne-nesrece-kod-prijepolja-veliki-odron-naterao-vozaca-kamiona-na-korak-koji-ga-je-kostao-zivota\/\" \/>\n<meta property=\"og:locale\" content=\"bs_BA\" \/>\n<meta property=\"og:type\" content=\"article\" \/>\n<meta property=\"og:title\" content=\"Detalji jezive saobra\u0107ajne nesre\u0107e kod Prijepolja: Veliki odron naterao voza\u010da kamiona na korak koji ga je ko\u0161tao \u017eivota\" \/>\n<meta property=\"og:description\" content=\"Prema nezvani\u010dnim informacijama, do te\u0161ke saobra\u0107ajne nesre\u0107e, koja se dogodila na uslasku u Prijepolje iz pravca Bistrice, do\u0161lo je kada je voza\u010d jednog kamiona naglo zako\u010dio po\u0161to se u tom trenutku na put ispred njega odronila velika koli\u010dina kamenja. Kamiond\u017eija koji je i\u0161ao odmah iza njega, u tom momentu nije mogao da zaustavi svog te\u0161ka\u0161a [&hellip;]\" \/>\n<meta property=\"og:url\" content=\"https:\/\/sandzakpress.net\/arhiva\/detalji-jezive-saobracajne-nesrece-kod-prijepolja-veliki-odron-naterao-vozaca-kamiona-na-korak-koji-ga-je-kostao-zivota\/\" \/>\n<meta property=\"og:site_name\" content=\"Sand\u017eak PRESS\" \/>\n<meta property=\"article:published_time\" content=\"2018-05-22T10:30:00+00:00\" \/>\n<meta property=\"og:image\" content=\"http:\/\/www.novosti.rs\/upload\/thumbs\/images\/2018\/\/05\/21n\/prijepoljea_620x0.jpg\" \/>\n<meta name=\"author\" content=\"Agencija\" \/>\n<meta name=\"twitter:card\" content=\"summary_large_image\" \/>\n<meta name=\"twitter:label1\" content=\"Written by\" \/>\n\t<meta name=\"twitter:data1\" content=\"Agencija\" \/>\n\t<meta name=\"twitter:label2\" content=\"Est. reading time\" \/>\n\t<meta name=\"twitter:data2\" content=\"1 minuta\" \/>\n<script type=\"application\/ld+json\" class=\"yoast-schema-graph\">{\"@context\":\"https:\/\/schema.org\",\"@graph\":[{\"@type\":\"Article\",\"@id\":\"https:\/\/sandzakpress.net\/arhiva\/detalji-jezive-saobracajne-nesrece-kod-prijepolja-veliki-odron-naterao-vozaca-kamiona-na-korak-koji-ga-je-kostao-zivota\/#article\",\"isPartOf\":{\"@id\":\"https:\/\/sandzakpress.net\/arhiva\/detalji-jezive-saobracajne-nesrece-kod-prijepolja-veliki-odron-naterao-vozaca-kamiona-na-korak-koji-ga-je-kostao-zivota\/\"},\"author\":{\"name\":\"Agencija\",\"@id\":\"https:\/\/sandzakpress.net\/arhiva\/#\/schema\/person\/cb59d7e3ab91ab90dd680ad0305a6185\"},\"headline\":\"Detalji jezive saobra\u0107ajne nesre\u0107e kod Prijepolja: Veliki odron naterao voza\u010da kamiona na korak koji ga je ko\u0161tao \u017eivota\",\"datePublished\":\"2018-05-22T10:30:00+00:00\",\"mainEntityOfPage\":{\"@id\":\"https:\/\/sandzakpress.net\/arhiva\/detalji-jezive-saobracajne-nesrece-kod-prijepolja-veliki-odron-naterao-vozaca-kamiona-na-korak-koji-ga-je-kostao-zivota\/\"},\"wordCount\":174,\"commentCount\":0,\"publisher\":{\"@id\":\"https:\/\/sandzakpress.net\/arhiva\/#\/schema\/person\/6e72b67d6e51910a1117b3b483ba20bd\"},\"image\":{\"@id\":\"https:\/\/sandzakpress.net\/arhiva\/detalji-jezive-saobracajne-nesrece-kod-prijepolja-veliki-odron-naterao-vozaca-kamiona-na-korak-koji-ga-je-kostao-zivota\/#primaryimage\"},\"thumbnailUrl\":\"http:\/\/www.novosti.rs\/upload\/thumbs\/images\/2018\/\/05\/21n\/prijepoljea_620x0.jpg\",\"articleSection\":[\"Prijepolje\",\"Hronika\",\"VA\u017dNO!\"],\"inLanguage\":\"bs-BA\",\"potentialAction\":[{\"@type\":\"CommentAction\",\"name\":\"Comment\",\"target\":[\"https:\/\/sandzakpress.net\/arhiva\/detalji-jezive-saobracajne-nesrece-kod-prijepolja-veliki-odron-naterao-vozaca-kamiona-na-korak-koji-ga-je-kostao-zivota\/#respond\"]}]},{\"@type\":\"WebPage\",\"@id\":\"https:\/\/sandzakpress.net\/arhiva\/detalji-jezive-saobracajne-nesrece-kod-prijepolja-veliki-odron-naterao-vozaca-kamiona-na-korak-koji-ga-je-kostao-zivota\/\",\"url\":\"https:\/\/sandzakpress.net\/arhiva\/detalji-jezive-saobracajne-nesrece-kod-prijepolja-veliki-odron-naterao-vozaca-kamiona-na-korak-koji-ga-je-kostao-zivota\/\",\"name\":\"Detalji jezive saobra\u0107ajne nesre\u0107e kod Prijepolja: Veliki odron naterao voza\u010da kamiona na korak koji ga je ko\u0161tao \u017eivota\",\"isPartOf\":{\"@id\":\"https:\/\/sandzakpress.net\/arhiva\/#website\"},\"primaryImageOfPage\":{\"@id\":\"https:\/\/sandzakpress.net\/arhiva\/detalji-jezive-saobracajne-nesrece-kod-prijepolja-veliki-odron-naterao-vozaca-kamiona-na-korak-koji-ga-je-kostao-zivota\/#primaryimage\"},\"image\":{\"@id\":\"https:\/\/sandzakpress.net\/arhiva\/detalji-jezive-saobracajne-nesrece-kod-prijepolja-veliki-odron-naterao-vozaca-kamiona-na-korak-koji-ga-je-kostao-zivota\/#primaryimage\"},\"thumbnailUrl\":\"http:\/\/www.novosti.rs\/upload\/thumbs\/images\/2018\/\/05\/21n\/prijepoljea_620x0.jpg\",\"datePublished\":\"2018-05-22T10:30:00+00:00\",\"breadcrumb\":{\"@id\":\"https:\/\/sandzakpress.net\/arhiva\/detalji-jezive-saobracajne-nesrece-kod-prijepolja-veliki-odron-naterao-vozaca-kamiona-na-korak-koji-ga-je-kostao-zivota\/#breadcrumb\"},\"inLanguage\":\"bs-BA\",\"potentialAction\":[{\"@type\":\"ReadAction\",\"target\":[\"https:\/\/sandzakpress.net\/arhiva\/detalji-jezive-saobracajne-nesrece-kod-prijepolja-veliki-odron-naterao-vozaca-kamiona-na-korak-koji-ga-je-kostao-zivota\/\"]}]},{\"@type\":\"ImageObject\",\"inLanguage\":\"bs-BA\",\"@id\":\"https:\/\/sandzakpress.net\/arhiva\/detalji-jezive-saobracajne-nesrece-kod-prijepolja-veliki-odron-naterao-vozaca-kamiona-na-korak-koji-ga-je-kostao-zivota\/#primaryimage\",\"url\":\"http:\/\/www.novosti.rs\/upload\/thumbs\/images\/2018\/\/05\/21n\/prijepoljea_620x0.jpg\",\"contentUrl\":\"http:\/\/www.novosti.rs\/upload\/thumbs\/images\/2018\/\/05\/21n\/prijepoljea_620x0.jpg\"},{\"@type\":\"BreadcrumbList\",\"@id\":\"https:\/\/sandzakpress.net\/arhiva\/detalji-jezive-saobracajne-nesrece-kod-prijepolja-veliki-odron-naterao-vozaca-kamiona-na-korak-koji-ga-je-kostao-zivota\/#breadcrumb\",\"itemListElement\":[{\"@type\":\"ListItem\",\"position\":1,\"name\":\"Home\",\"item\":\"https:\/\/sandzakpress.net\/arhiva\/\"},{\"@type\":\"ListItem\",\"position\":2,\"name\":\"Detalji jezive saobra\u0107ajne nesre\u0107e kod Prijepolja: Veliki odron naterao voza\u010da kamiona na korak koji ga je ko\u0161tao \u017eivota\"}]},{\"@type\":\"WebSite\",\"@id\":\"https:\/\/sandzakpress.net\/arhiva\/#website\",\"url\":\"https:\/\/sandzakpress.net\/arhiva\/\",\"name\":\"Sand\u017eak PRESS\",\"description\":\"Prve elektronske novine u Sand\u017eaku\",\"publisher\":{\"@id\":\"https:\/\/sandzakpress.net\/arhiva\/#\/schema\/person\/6e72b67d6e51910a1117b3b483ba20bd\"},\"potentialAction\":[{\"@type\":\"SearchAction\",\"target\":{\"@type\":\"EntryPoint\",\"urlTemplate\":\"https:\/\/sandzakpress.net\/arhiva\/?s={search_term_string}\"},\"query-input\":{\"@type\":\"PropertyValueSpecification\",\"valueRequired\":true,\"valueName\":\"search_term_string\"}}],\"inLanguage\":\"bs-BA\"},{\"@type\":[\"Person\",\"Organization\"],\"@id\":\"https:\/\/sandzakpress.net\/arhiva\/#\/schema\/person\/6e72b67d6e51910a1117b3b483ba20bd\",\"name\":\"Kul\",\"image\":{\"@type\":\"ImageObject\",\"inLanguage\":\"bs-BA\",\"@id\":\"https:\/\/sandzakpress.net\/arhiva\/#\/schema\/person\/image\/\",\"url\":\"https:\/\/secure.gravatar.com\/avatar\/42263f39aa27ac04c43cab85c280eb2e?s=96&d=mm&r=pg\",\"contentUrl\":\"https:\/\/secure.gravatar.com\/avatar\/42263f39aa27ac04c43cab85c280eb2e?s=96&d=mm&r=pg\",\"caption\":\"Kul\"},\"logo\":{\"@id\":\"https:\/\/sandzakpress.net\/arhiva\/#\/schema\/person\/image\/\"}},{\"@type\":\"Person\",\"@id\":\"https:\/\/sandzakpress.net\/arhiva\/#\/schema\/person\/cb59d7e3ab91ab90dd680ad0305a6185\",\"name\":\"Agencija\",\"image\":{\"@type\":\"ImageObject\",\"inLanguage\":\"bs-BA\",\"@id\":\"https:\/\/sandzakpress.net\/arhiva\/#\/schema\/person\/image\/\",\"url\":\"https:\/\/secure.gravatar.com\/avatar\/4b7fafa80a22f0c2afe23966b3961fe0?s=96&d=mm&r=pg\",\"contentUrl\":\"https:\/\/secure.gravatar.com\/avatar\/4b7fafa80a22f0c2afe23966b3961fe0?s=96&d=mm&r=pg\",\"caption\":\"Agencija\"},\"url\":\"https:\/\/sandzakpress.net\/arhiva\/author\/agencija\/\"}]}<\/script>\n<!-- \/ Yoast SEO Premium plugin. -->","yoast_head_json":{"title":"Detalji jezive saobra\u0107ajne nesre\u0107e kod Prijepolja: Veliki odron naterao voza\u010da kamiona na korak koji ga je ko\u0161tao \u017eivota","robots":{"index":"index","follow":"follow","max-snippet":"max-snippet:-1","max-image-preview":"max-image-preview:large","max-video-preview":"max-video-preview:-1"},"canonical":"https:\/\/sandzakpress.net\/arhiva\/detalji-jezive-saobracajne-nesrece-kod-prijepolja-veliki-odron-naterao-vozaca-kamiona-na-korak-koji-ga-je-kostao-zivota\/","og_locale":"bs_BA","og_type":"article","og_title":"Detalji jezive saobra\u0107ajne nesre\u0107e kod Prijepolja: Veliki odron naterao voza\u010da kamiona na korak koji ga je ko\u0161tao \u017eivota","og_description":"Prema nezvani\u010dnim informacijama, do te\u0161ke saobra\u0107ajne nesre\u0107e, koja se dogodila na uslasku u Prijepolje iz pravca Bistrice, do\u0161lo je kada je voza\u010d jednog kamiona naglo zako\u010dio po\u0161to se u tom trenutku na put ispred njega odronila velika koli\u010dina kamenja. Kamiond\u017eija koji je i\u0161ao odmah iza njega, u tom momentu nije mogao da zaustavi svog te\u0161ka\u0161a [&hellip;]","og_url":"https:\/\/sandzakpress.net\/arhiva\/detalji-jezive-saobracajne-nesrece-kod-prijepolja-veliki-odron-naterao-vozaca-kamiona-na-korak-koji-ga-je-kostao-zivota\/","og_site_name":"Sand\u017eak PRESS","article_published_time":"2018-05-22T10:30:00+00:00","og_image":[{"url":"http:\/\/www.novosti.rs\/upload\/thumbs\/images\/2018\/\/05\/21n\/prijepoljea_620x0.jpg","type":"","width":"","height":""}],"author":"Agencija","twitter_card":"summary_large_image","twitter_misc":{"Written by":"Agencija","Est. reading time":"1 minuta"},"schema":{"@context":"https:\/\/schema.org","@graph":[{"@type":"Article","@id":"https:\/\/sandzakpress.net\/arhiva\/detalji-jezive-saobracajne-nesrece-kod-prijepolja-veliki-odron-naterao-vozaca-kamiona-na-korak-koji-ga-je-kostao-zivota\/#article","isPartOf":{"@id":"https:\/\/sandzakpress.net\/arhiva\/detalji-jezive-saobracajne-nesrece-kod-prijepolja-veliki-odron-naterao-vozaca-kamiona-na-korak-koji-ga-je-kostao-zivota\/"},"author":{"name":"Agencija","@id":"https:\/\/sandzakpress.net\/arhiva\/#\/schema\/person\/cb59d7e3ab91ab90dd680ad0305a6185"},"headline":"Detalji jezive saobra\u0107ajne nesre\u0107e kod Prijepolja: Veliki odron naterao voza\u010da kamiona na korak koji ga je ko\u0161tao \u017eivota","datePublished":"2018-05-22T10:30:00+00:00","mainEntityOfPage":{"@id":"https:\/\/sandzakpress.net\/arhiva\/detalji-jezive-saobracajne-nesrece-kod-prijepolja-veliki-odron-naterao-vozaca-kamiona-na-korak-koji-ga-je-kostao-zivota\/"},"wordCount":174,"commentCount":0,"publisher":{"@id":"https:\/\/sandzakpress.net\/arhiva\/#\/schema\/person\/6e72b67d6e51910a1117b3b483ba20bd"},"image":{"@id":"https:\/\/sandzakpress.net\/arhiva\/detalji-jezive-saobracajne-nesrece-kod-prijepolja-veliki-odron-naterao-vozaca-kamiona-na-korak-koji-ga-je-kostao-zivota\/#primaryimage"},"thumbnailUrl":"http:\/\/www.novosti.rs\/upload\/thumbs\/images\/2018\/\/05\/21n\/prijepoljea_620x0.jpg","articleSection":["Prijepolje","Hronika","VA\u017dNO!"],"inLanguage":"bs-BA","potentialAction":[{"@type":"CommentAction","name":"Comment","target":["https:\/\/sandzakpress.net\/arhiva\/detalji-jezive-saobracajne-nesrece-kod-prijepolja-veliki-odron-naterao-vozaca-kamiona-na-korak-koji-ga-je-kostao-zivota\/#respond"]}]},{"@type":"WebPage","@id":"https:\/\/sandzakpress.net\/arhiva\/detalji-jezive-saobracajne-nesrece-kod-prijepolja-veliki-odron-naterao-vozaca-kamiona-na-korak-koji-ga-je-kostao-zivota\/","url":"https:\/\/sandzakpress.net\/arhiva\/detalji-jezive-saobracajne-nesrece-kod-prijepolja-veliki-odron-naterao-vozaca-kamiona-na-korak-koji-ga-je-kostao-zivota\/","name":"Detalji jezive saobra\u0107ajne nesre\u0107e kod Prijepolja: Veliki odron naterao voza\u010da kamiona na korak koji ga je ko\u0161tao \u017eivota","isPartOf":{"@id":"https:\/\/sandzakpress.net\/arhiva\/#website"},"primaryImageOfPage":{"@id":"https:\/\/sandzakpress.net\/arhiva\/detalji-jezive-saobracajne-nesrece-kod-prijepolja-veliki-odron-naterao-vozaca-kamiona-na-korak-koji-ga-je-kostao-zivota\/#primaryimage"},"image":{"@id":"https:\/\/sandzakpress.net\/arhiva\/detalji-jezive-saobracajne-nesrece-kod-prijepolja-veliki-odron-naterao-vozaca-kamiona-na-korak-koji-ga-je-kostao-zivota\/#primaryimage"},"thumbnailUrl":"http:\/\/www.novosti.rs\/upload\/thumbs\/images\/2018\/\/05\/21n\/prijepoljea_620x0.jpg","datePublished":"2018-05-22T10:30:00+00:00","breadcrumb":{"@id":"https:\/\/sandzakpress.net\/arhiva\/detalji-jezive-saobracajne-nesrece-kod-prijepolja-veliki-odron-naterao-vozaca-kamiona-na-korak-koji-ga-je-kostao-zivota\/#breadcrumb"},"inLanguage":"bs-BA","potentialAction":[{"@type":"ReadAction","target":["https:\/\/sandzakpress.net\/arhiva\/detalji-jezive-saobracajne-nesrece-kod-prijepolja-veliki-odron-naterao-vozaca-kamiona-na-korak-koji-ga-je-kostao-zivota\/"]}]},{"@type":"ImageObject","inLanguage":"bs-BA","@id":"https:\/\/sandzakpress.net\/arhiva\/detalji-jezive-saobracajne-nesrece-kod-prijepolja-veliki-odron-naterao-vozaca-kamiona-na-korak-koji-ga-je-kostao-zivota\/#primaryimage","url":"http:\/\/www.novosti.rs\/upload\/thumbs\/images\/2018\/\/05\/21n\/prijepoljea_620x0.jpg","contentUrl":"http:\/\/www.novosti.rs\/upload\/thumbs\/images\/2018\/\/05\/21n\/prijepoljea_620x0.jpg"},{"@type":"BreadcrumbList","@id":"https:\/\/sandzakpress.net\/arhiva\/detalji-jezive-saobracajne-nesrece-kod-prijepolja-veliki-odron-naterao-vozaca-kamiona-na-korak-koji-ga-je-kostao-zivota\/#breadcrumb","itemListElement":[{"@type":"ListItem","position":1,"name":"Home","item":"https:\/\/sandzakpress.net\/arhiva\/"},{"@type":"ListItem","position":2,"name":"Detalji jezive saobra\u0107ajne nesre\u0107e kod Prijepolja: Veliki odron naterao voza\u010da kamiona na korak koji ga je ko\u0161tao \u017eivota"}]},{"@type":"WebSite","@id":"https:\/\/sandzakpress.net\/arhiva\/#website","url":"https:\/\/sandzakpress.net\/arhiva\/","name":"Sand\u017eak PRESS","description":"Prve elektronske novine u Sand\u017eaku","publisher":{"@id":"https:\/\/sandzakpress.net\/arhiva\/#\/schema\/person\/6e72b67d6e51910a1117b3b483ba20bd"},"potentialAction":[{"@type":"SearchAction","target":{"@type":"EntryPoint","urlTemplate":"https:\/\/sandzakpress.net\/arhiva\/?s={search_term_string}"},"query-input":{"@type":"PropertyValueSpecification","valueRequired":true,"valueName":"search_term_string"}}],"inLanguage":"bs-BA"},{"@type":["Person","Organization"],"@id":"https:\/\/sandzakpress.net\/arhiva\/#\/schema\/person\/6e72b67d6e51910a1117b3b483ba20bd","name":"Kul","image":{"@type":"ImageObject","inLanguage":"bs-BA","@id":"https:\/\/sandzakpress.net\/arhiva\/#\/schema\/person\/image\/","url":"https:\/\/secure.gravatar.com\/avatar\/42263f39aa27ac04c43cab85c280eb2e?s=96&d=mm&r=pg","contentUrl":"https:\/\/secure.gravatar.com\/avatar\/42263f39aa27ac04c43cab85c280eb2e?s=96&d=mm&r=pg","caption":"Kul"},"logo":{"@id":"https:\/\/sandzakpress.net\/arhiva\/#\/schema\/person\/image\/"}},{"@type":"Person","@id":"https:\/\/sandzakpress.net\/arhiva\/#\/schema\/person\/cb59d7e3ab91ab90dd680ad0305a6185","name":"Agencija","image":{"@type":"ImageObject","inLanguage":"bs-BA","@id":"https:\/\/sandzakpress.net\/arhiva\/#\/schema\/person\/image\/","url":"https:\/\/secure.gravatar.com\/avatar\/4b7fafa80a22f0c2afe23966b3961fe0?s=96&d=mm&r=pg","contentUrl":"https:\/\/secure.gravatar.com\/avatar\/4b7fafa80a22f0c2afe23966b3961fe0?s=96&d=mm&r=pg","caption":"Agencija"},"url":"https:\/\/sandzakpress.net\/arhiva\/author\/agencija\/"}]}},"_links":{"self":[{"href":"https:\/\/sandzakpress.net\/arhiva\/wp-json\/wp\/v2\/posts\/207265"}],"collection":[{"href":"https:\/\/sandzakpress.net\/arhiva\/wp-json\/wp\/v2\/posts"}],"about":[{"href":"https:\/\/sandzakpress.net\/arhiva\/wp-json\/wp\/v2\/types\/post"}],"author":[{"embeddable":true,"href":"https:\/\/sandzakpress.net\/arhiva\/wp-json\/wp\/v2\/users\/509"}],"replies":[{"embeddable":true,"href":"https:\/\/sandzakpress.net\/arhiva\/wp-json\/wp\/v2\/comments?post=207265"}],"version-history":[{"count":0,"href":"https:\/\/sandzakpress.net\/arhiva\/wp-json\/wp\/v2\/posts\/207265\/revisions"}],"wp:attachment":[{"href":"https:\/\/sandzakpress.net\/arhiva\/wp-json\/wp\/v2\/media?parent=207265"}],"wp:term":[{"taxonomy":"category","embeddable":true,"href":"https:\/\/sandzakpress.net\/arhiva\/wp-json\/wp\/v2\/categories?post=207265"},{"taxonomy":"post_tag","embeddable":true,"href":"https:\/\/sandzakpress.net\/arhiva\/wp-json\/wp\/v2\/tags?post=207265"}],"curies":[{"name":"wp","href":"https:\/\/api.w.org\/{rel}","templated":true}]}}