{"id":207165,"date":"2018-05-20T16:15:11","date_gmt":"2018-05-20T14:15:11","guid":{"rendered":"https:\/\/sandzakpress.net\/arhiva\/?p=207165"},"modified":"2018-05-21T13:23:53","modified_gmt":"2018-05-21T11:23:53","slug":"evo-kojim-pozdravom-su-novopazarci-docekali-erdogana-u-sarajevu-foto","status":"publish","type":"post","link":"https:\/\/sandzakpress.net\/arhiva\/evo-kojim-pozdravom-su-novopazarci-docekali-erdogana-u-sarajevu-foto\/","title":{"rendered":"Evo kojim pozdravom su Novopazarci do\u010dekali Erdogana u Sarajevu (foto)"},"content":{"rendered":"<p><strong><img decoding=\"async\" src=\"https:\/\/cdn2.img.rs.sputniknews.com\/images\/111567\/12\/1115671241.jpg\" alt=\"Novopazarci do\u00c4\u008dekali Erdogana u Sarajevu\" \/><\/strong><\/p>\n<p><strong>Vi\u0161e od deset punih autobusa gra\u0111ana iz Novog Pazara, Sjenice i Tutina\u00a0zaputilo se rano jutros u Sarajevo na skup turskog predsjednika Red\u017eepa Tajipa Erdogana.<\/strong><\/p>\n<p>Na transparentima kojim su do\u010dekali Erdogana, pisalo je:\u00a0\u201eNovi Pazar pozdravlja vo\u0111u!\u201c<\/p>\n<p>Turski predsjednik u\u00a0sarajevskoj dvorani Zetra danas c\u0301e odr\u017eati predizborni skup na\u00a0kojem se o\u010dekuje dolazak vi\u0161e hiljada njegovih pristalica sa Balkana i\u00a0iz zapadne Evrope.<\/p>\n<div class=\"b-inject m-inject-free\">\u00a0<img decoding=\"async\" src=\"https:\/\/cdn1.img.rs.sputniknews.com\/images\/111567\/13\/1115671338.jpg\" alt=\"\u00d0\u009f\u00d0\u00b0\u00d0\u00b7\u00d0\u00b0\u00d1\u0080\u00d1\u0086\u00d0\u00b8 \u00d0\u00b4\u00d0\u00be\u00d1\u0087\u00d0\u00b5\u00d0\u00ba\u00d1\u0083\u00d1\u0098\u00d1\u0083 \u00d0\u0095\u00d1\u0080\u00d0\u00b4\u00d0\u00be\u00d0\u00b3\u00d0\u00b0\u00d0\u00bd\u00d0\u00b0 \u00d1\u0083 \u00d0\u00a1\u00d0\u00b0\u00d1\u0080\u00d0\u00b0\u00d1\u0098\u00d0\u00b5\u00d0\u00b2\u00d1\u0083\" \/><\/div>\n","protected":false},"excerpt":{"rendered":"<p>Vi\u0161e od deset punih autobusa gra\u0111ana iz Novog Pazara, Sjenice i Tutina\u00a0zaputilo se rano jutros u Sarajevo na skup turskog predsjednika Red\u017eepa Tajipa Erdogana. Na transparentima kojim su do\u010dekali Erdogana, pisalo je:\u00a0\u201eNovi Pazar pozdravlja vo\u0111u!\u201c Turski predsjednik u\u00a0sarajevskoj dvorani Zetra danas c\u0301e odr\u017eati predizborni skup na\u00a0kojem se o\u010dekuje dolazak vi\u0161e hiljada njegovih pristalica sa Balkana [&hellip;]<\/p>\n","protected":false},"author":509,"featured_media":207166,"comment_status":"open","ping_status":"open","sticky":false,"template":"","format":"standard","meta":{"footnotes":""},"categories":[2860,72,1,8957,2692],"tags":[],"class_list":{"0":"post-207165","1":"post","2":"type-post","3":"status-publish","4":"format-standard","5":"has-post-thumbnail","7":"category-bosna-i-hercegovina-gradovi","8":"category-novi-pazar","9":"category-politika","10":"category-vijesti-dana","11":"category-turska-gradovi"},"yoast_head":"<!-- This site is optimized with the Yoast SEO Premium plugin v23.1 (Yoast SEO v24.9) - https:\/\/yoast.com\/wordpress\/plugins\/seo\/ -->\n<title>Evo kojim pozdravom su Novopazarci do\u010dekali Erdogana u Sarajevu (foto)<\/title>\n<meta name=\"robots\" content=\"index, follow, max-snippet:-1, max-image-preview:large, max-video-preview:-1\" \/>\n<link rel=\"canonical\" href=\"https:\/\/sandzakpress.net\/arhiva\/evo-kojim-pozdravom-su-novopazarci-docekali-erdogana-u-sarajevu-foto\/\" \/>\n<meta property=\"og:locale\" content=\"bs_BA\" \/>\n<meta property=\"og:type\" content=\"article\" \/>\n<meta property=\"og:title\" content=\"Evo kojim pozdravom su Novopazarci do\u010dekali Erdogana u Sarajevu (foto)\" \/>\n<meta property=\"og:description\" content=\"Vi\u0161e od deset punih autobusa gra\u0111ana iz Novog Pazara, Sjenice i Tutina\u00a0zaputilo se rano jutros u Sarajevo na skup turskog predsjednika Red\u017eepa Tajipa Erdogana. Na transparentima kojim su do\u010dekali Erdogana, pisalo je:\u00a0\u201eNovi Pazar pozdravlja vo\u0111u!\u201c Turski predsjednik u\u00a0sarajevskoj dvorani Zetra danas c\u0301e odr\u017eati predizborni skup na\u00a0kojem se o\u010dekuje dolazak vi\u0161e hiljada njegovih pristalica sa Balkana [&hellip;]\" \/>\n<meta property=\"og:url\" content=\"https:\/\/sandzakpress.net\/arhiva\/evo-kojim-pozdravom-su-novopazarci-docekali-erdogana-u-sarajevu-foto\/\" \/>\n<meta property=\"og:site_name\" content=\"Sand\u017eak PRESS\" \/>\n<meta property=\"article:published_time\" content=\"2018-05-20T14:15:11+00:00\" \/>\n<meta property=\"article:modified_time\" content=\"2018-05-21T11:23:53+00:00\" \/>\n<meta property=\"og:image\" content=\"https:\/\/sandzakpress.net\/arhiva\/wp-content\/uploads\/2018\/05\/1115671241.jpg\" \/>\n\t<meta property=\"og:image:width\" content=\"1000\" \/>\n\t<meta property=\"og:image:height\" content=\"541\" \/>\n\t<meta property=\"og:image:type\" content=\"image\/jpeg\" \/>\n<meta name=\"author\" content=\"Agencija\" \/>\n<meta name=\"twitter:card\" content=\"summary_large_image\" \/>\n<meta name=\"twitter:label1\" content=\"Written by\" \/>\n\t<meta name=\"twitter:data1\" content=\"Agencija\" \/>\n<script type=\"application\/ld+json\" class=\"yoast-schema-graph\">{\"@context\":\"https:\/\/schema.org\",\"@graph\":[{\"@type\":\"Article\",\"@id\":\"https:\/\/sandzakpress.net\/arhiva\/evo-kojim-pozdravom-su-novopazarci-docekali-erdogana-u-sarajevu-foto\/#article\",\"isPartOf\":{\"@id\":\"https:\/\/sandzakpress.net\/arhiva\/evo-kojim-pozdravom-su-novopazarci-docekali-erdogana-u-sarajevu-foto\/\"},\"author\":{\"name\":\"Agencija\",\"@id\":\"https:\/\/sandzakpress.net\/arhiva\/#\/schema\/person\/cb59d7e3ab91ab90dd680ad0305a6185\"},\"headline\":\"Evo kojim pozdravom su Novopazarci do\u010dekali Erdogana u Sarajevu (foto)\",\"datePublished\":\"2018-05-20T14:15:11+00:00\",\"dateModified\":\"2018-05-21T11:23:53+00:00\",\"mainEntityOfPage\":{\"@id\":\"https:\/\/sandzakpress.net\/arhiva\/evo-kojim-pozdravom-su-novopazarci-docekali-erdogana-u-sarajevu-foto\/\"},\"wordCount\":83,\"commentCount\":17,\"publisher\":{\"@id\":\"https:\/\/sandzakpress.net\/arhiva\/#\/schema\/person\/6e72b67d6e51910a1117b3b483ba20bd\"},\"image\":{\"@id\":\"https:\/\/sandzakpress.net\/arhiva\/evo-kojim-pozdravom-su-novopazarci-docekali-erdogana-u-sarajevu-foto\/#primaryimage\"},\"thumbnailUrl\":\"https:\/\/sandzakpress.net\/arhiva\/wp-content\/uploads\/2018\/05\/1115671241.jpg\",\"articleSection\":[\"Bosna i Hercegovina\",\"Novi Pazar\",\"Politika\",\"VIJESTI DANA\",\"Turska\"],\"inLanguage\":\"bs-BA\",\"potentialAction\":[{\"@type\":\"CommentAction\",\"name\":\"Comment\",\"target\":[\"https:\/\/sandzakpress.net\/arhiva\/evo-kojim-pozdravom-su-novopazarci-docekali-erdogana-u-sarajevu-foto\/#respond\"]}]},{\"@type\":\"WebPage\",\"@id\":\"https:\/\/sandzakpress.net\/arhiva\/evo-kojim-pozdravom-su-novopazarci-docekali-erdogana-u-sarajevu-foto\/\",\"url\":\"https:\/\/sandzakpress.net\/arhiva\/evo-kojim-pozdravom-su-novopazarci-docekali-erdogana-u-sarajevu-foto\/\",\"name\":\"Evo kojim pozdravom su Novopazarci do\u010dekali Erdogana u Sarajevu (foto)\",\"isPartOf\":{\"@id\":\"https:\/\/sandzakpress.net\/arhiva\/#website\"},\"primaryImageOfPage\":{\"@id\":\"https:\/\/sandzakpress.net\/arhiva\/evo-kojim-pozdravom-su-novopazarci-docekali-erdogana-u-sarajevu-foto\/#primaryimage\"},\"image\":{\"@id\":\"https:\/\/sandzakpress.net\/arhiva\/evo-kojim-pozdravom-su-novopazarci-docekali-erdogana-u-sarajevu-foto\/#primaryimage\"},\"thumbnailUrl\":\"https:\/\/sandzakpress.net\/arhiva\/wp-content\/uploads\/2018\/05\/1115671241.jpg\",\"datePublished\":\"2018-05-20T14:15:11+00:00\",\"dateModified\":\"2018-05-21T11:23:53+00:00\",\"breadcrumb\":{\"@id\":\"https:\/\/sandzakpress.net\/arhiva\/evo-kojim-pozdravom-su-novopazarci-docekali-erdogana-u-sarajevu-foto\/#breadcrumb\"},\"inLanguage\":\"bs-BA\",\"potentialAction\":[{\"@type\":\"ReadAction\",\"target\":[\"https:\/\/sandzakpress.net\/arhiva\/evo-kojim-pozdravom-su-novopazarci-docekali-erdogana-u-sarajevu-foto\/\"]}]},{\"@type\":\"ImageObject\",\"inLanguage\":\"bs-BA\",\"@id\":\"https:\/\/sandzakpress.net\/arhiva\/evo-kojim-pozdravom-su-novopazarci-docekali-erdogana-u-sarajevu-foto\/#primaryimage\",\"url\":\"https:\/\/sandzakpress.net\/arhiva\/wp-content\/uploads\/2018\/05\/1115671241.jpg\",\"contentUrl\":\"https:\/\/sandzakpress.net\/arhiva\/wp-content\/uploads\/2018\/05\/1115671241.jpg\",\"width\":1000,\"height\":541},{\"@type\":\"BreadcrumbList\",\"@id\":\"https:\/\/sandzakpress.net\/arhiva\/evo-kojim-pozdravom-su-novopazarci-docekali-erdogana-u-sarajevu-foto\/#breadcrumb\",\"itemListElement\":[{\"@type\":\"ListItem\",\"position\":1,\"name\":\"Home\",\"item\":\"https:\/\/sandzakpress.net\/arhiva\/\"},{\"@type\":\"ListItem\",\"position\":2,\"name\":\"Evo kojim pozdravom su Novopazarci do\u010dekali Erdogana u Sarajevu (foto)\"}]},{\"@type\":\"WebSite\",\"@id\":\"https:\/\/sandzakpress.net\/arhiva\/#website\",\"url\":\"https:\/\/sandzakpress.net\/arhiva\/\",\"name\":\"Sand\u017eak PRESS\",\"description\":\"Prve elektronske novine u Sand\u017eaku\",\"publisher\":{\"@id\":\"https:\/\/sandzakpress.net\/arhiva\/#\/schema\/person\/6e72b67d6e51910a1117b3b483ba20bd\"},\"potentialAction\":[{\"@type\":\"SearchAction\",\"target\":{\"@type\":\"EntryPoint\",\"urlTemplate\":\"https:\/\/sandzakpress.net\/arhiva\/?s={search_term_string}\"},\"query-input\":{\"@type\":\"PropertyValueSpecification\",\"valueRequired\":true,\"valueName\":\"search_term_string\"}}],\"inLanguage\":\"bs-BA\"},{\"@type\":[\"Person\",\"Organization\"],\"@id\":\"https:\/\/sandzakpress.net\/arhiva\/#\/schema\/person\/6e72b67d6e51910a1117b3b483ba20bd\",\"name\":\"Kul\",\"image\":{\"@type\":\"ImageObject\",\"inLanguage\":\"bs-BA\",\"@id\":\"https:\/\/sandzakpress.net\/arhiva\/#\/schema\/person\/image\/\",\"url\":\"https:\/\/secure.gravatar.com\/avatar\/42263f39aa27ac04c43cab85c280eb2e?s=96&d=mm&r=pg\",\"contentUrl\":\"https:\/\/secure.gravatar.com\/avatar\/42263f39aa27ac04c43cab85c280eb2e?s=96&d=mm&r=pg\",\"caption\":\"Kul\"},\"logo\":{\"@id\":\"https:\/\/sandzakpress.net\/arhiva\/#\/schema\/person\/image\/\"}},{\"@type\":\"Person\",\"@id\":\"https:\/\/sandzakpress.net\/arhiva\/#\/schema\/person\/cb59d7e3ab91ab90dd680ad0305a6185\",\"name\":\"Agencija\",\"image\":{\"@type\":\"ImageObject\",\"inLanguage\":\"bs-BA\",\"@id\":\"https:\/\/sandzakpress.net\/arhiva\/#\/schema\/person\/image\/\",\"url\":\"https:\/\/secure.gravatar.com\/avatar\/4b7fafa80a22f0c2afe23966b3961fe0?s=96&d=mm&r=pg\",\"contentUrl\":\"https:\/\/secure.gravatar.com\/avatar\/4b7fafa80a22f0c2afe23966b3961fe0?s=96&d=mm&r=pg\",\"caption\":\"Agencija\"},\"url\":\"https:\/\/sandzakpress.net\/arhiva\/author\/agencija\/\"}]}<\/script>\n<!-- \/ Yoast SEO Premium plugin. -->","yoast_head_json":{"title":"Evo kojim pozdravom su Novopazarci do\u010dekali Erdogana u Sarajevu (foto)","robots":{"index":"index","follow":"follow","max-snippet":"max-snippet:-1","max-image-preview":"max-image-preview:large","max-video-preview":"max-video-preview:-1"},"canonical":"https:\/\/sandzakpress.net\/arhiva\/evo-kojim-pozdravom-su-novopazarci-docekali-erdogana-u-sarajevu-foto\/","og_locale":"bs_BA","og_type":"article","og_title":"Evo kojim pozdravom su Novopazarci do\u010dekali Erdogana u Sarajevu (foto)","og_description":"Vi\u0161e od deset punih autobusa gra\u0111ana iz Novog Pazara, Sjenice i Tutina\u00a0zaputilo se rano jutros u Sarajevo na skup turskog predsjednika Red\u017eepa Tajipa Erdogana. Na transparentima kojim su do\u010dekali Erdogana, pisalo je:\u00a0\u201eNovi Pazar pozdravlja vo\u0111u!\u201c Turski predsjednik u\u00a0sarajevskoj dvorani Zetra danas c\u0301e odr\u017eati predizborni skup na\u00a0kojem se o\u010dekuje dolazak vi\u0161e hiljada njegovih pristalica sa Balkana [&hellip;]","og_url":"https:\/\/sandzakpress.net\/arhiva\/evo-kojim-pozdravom-su-novopazarci-docekali-erdogana-u-sarajevu-foto\/","og_site_name":"Sand\u017eak PRESS","article_published_time":"2018-05-20T14:15:11+00:00","article_modified_time":"2018-05-21T11:23:53+00:00","og_image":[{"width":1000,"height":541,"url":"https:\/\/sandzakpress.net\/arhiva\/wp-content\/uploads\/2018\/05\/1115671241.jpg","type":"image\/jpeg"}],"author":"Agencija","twitter_card":"summary_large_image","twitter_misc":{"Written by":"Agencija"},"schema":{"@context":"https:\/\/schema.org","@graph":[{"@type":"Article","@id":"https:\/\/sandzakpress.net\/arhiva\/evo-kojim-pozdravom-su-novopazarci-docekali-erdogana-u-sarajevu-foto\/#article","isPartOf":{"@id":"https:\/\/sandzakpress.net\/arhiva\/evo-kojim-pozdravom-su-novopazarci-docekali-erdogana-u-sarajevu-foto\/"},"author":{"name":"Agencija","@id":"https:\/\/sandzakpress.net\/arhiva\/#\/schema\/person\/cb59d7e3ab91ab90dd680ad0305a6185"},"headline":"Evo kojim pozdravom su Novopazarci do\u010dekali Erdogana u Sarajevu (foto)","datePublished":"2018-05-20T14:15:11+00:00","dateModified":"2018-05-21T11:23:53+00:00","mainEntityOfPage":{"@id":"https:\/\/sandzakpress.net\/arhiva\/evo-kojim-pozdravom-su-novopazarci-docekali-erdogana-u-sarajevu-foto\/"},"wordCount":83,"commentCount":17,"publisher":{"@id":"https:\/\/sandzakpress.net\/arhiva\/#\/schema\/person\/6e72b67d6e51910a1117b3b483ba20bd"},"image":{"@id":"https:\/\/sandzakpress.net\/arhiva\/evo-kojim-pozdravom-su-novopazarci-docekali-erdogana-u-sarajevu-foto\/#primaryimage"},"thumbnailUrl":"https:\/\/sandzakpress.net\/arhiva\/wp-content\/uploads\/2018\/05\/1115671241.jpg","articleSection":["Bosna i Hercegovina","Novi Pazar","Politika","VIJESTI DANA","Turska"],"inLanguage":"bs-BA","potentialAction":[{"@type":"CommentAction","name":"Comment","target":["https:\/\/sandzakpress.net\/arhiva\/evo-kojim-pozdravom-su-novopazarci-docekali-erdogana-u-sarajevu-foto\/#respond"]}]},{"@type":"WebPage","@id":"https:\/\/sandzakpress.net\/arhiva\/evo-kojim-pozdravom-su-novopazarci-docekali-erdogana-u-sarajevu-foto\/","url":"https:\/\/sandzakpress.net\/arhiva\/evo-kojim-pozdravom-su-novopazarci-docekali-erdogana-u-sarajevu-foto\/","name":"Evo kojim pozdravom su Novopazarci do\u010dekali Erdogana u Sarajevu (foto)","isPartOf":{"@id":"https:\/\/sandzakpress.net\/arhiva\/#website"},"primaryImageOfPage":{"@id":"https:\/\/sandzakpress.net\/arhiva\/evo-kojim-pozdravom-su-novopazarci-docekali-erdogana-u-sarajevu-foto\/#primaryimage"},"image":{"@id":"https:\/\/sandzakpress.net\/arhiva\/evo-kojim-pozdravom-su-novopazarci-docekali-erdogana-u-sarajevu-foto\/#primaryimage"},"thumbnailUrl":"https:\/\/sandzakpress.net\/arhiva\/wp-content\/uploads\/2018\/05\/1115671241.jpg","datePublished":"2018-05-20T14:15:11+00:00","dateModified":"2018-05-21T11:23:53+00:00","breadcrumb":{"@id":"https:\/\/sandzakpress.net\/arhiva\/evo-kojim-pozdravom-su-novopazarci-docekali-erdogana-u-sarajevu-foto\/#breadcrumb"},"inLanguage":"bs-BA","potentialAction":[{"@type":"ReadAction","target":["https:\/\/sandzakpress.net\/arhiva\/evo-kojim-pozdravom-su-novopazarci-docekali-erdogana-u-sarajevu-foto\/"]}]},{"@type":"ImageObject","inLanguage":"bs-BA","@id":"https:\/\/sandzakpress.net\/arhiva\/evo-kojim-pozdravom-su-novopazarci-docekali-erdogana-u-sarajevu-foto\/#primaryimage","url":"https:\/\/sandzakpress.net\/arhiva\/wp-content\/uploads\/2018\/05\/1115671241.jpg","contentUrl":"https:\/\/sandzakpress.net\/arhiva\/wp-content\/uploads\/2018\/05\/1115671241.jpg","width":1000,"height":541},{"@type":"BreadcrumbList","@id":"https:\/\/sandzakpress.net\/arhiva\/evo-kojim-pozdravom-su-novopazarci-docekali-erdogana-u-sarajevu-foto\/#breadcrumb","itemListElement":[{"@type":"ListItem","position":1,"name":"Home","item":"https:\/\/sandzakpress.net\/arhiva\/"},{"@type":"ListItem","position":2,"name":"Evo kojim pozdravom su Novopazarci do\u010dekali Erdogana u Sarajevu (foto)"}]},{"@type":"WebSite","@id":"https:\/\/sandzakpress.net\/arhiva\/#website","url":"https:\/\/sandzakpress.net\/arhiva\/","name":"Sand\u017eak PRESS","description":"Prve elektronske novine u Sand\u017eaku","publisher":{"@id":"https:\/\/sandzakpress.net\/arhiva\/#\/schema\/person\/6e72b67d6e51910a1117b3b483ba20bd"},"potentialAction":[{"@type":"SearchAction","target":{"@type":"EntryPoint","urlTemplate":"https:\/\/sandzakpress.net\/arhiva\/?s={search_term_string}"},"query-input":{"@type":"PropertyValueSpecification","valueRequired":true,"valueName":"search_term_string"}}],"inLanguage":"bs-BA"},{"@type":["Person","Organization"],"@id":"https:\/\/sandzakpress.net\/arhiva\/#\/schema\/person\/6e72b67d6e51910a1117b3b483ba20bd","name":"Kul","image":{"@type":"ImageObject","inLanguage":"bs-BA","@id":"https:\/\/sandzakpress.net\/arhiva\/#\/schema\/person\/image\/","url":"https:\/\/secure.gravatar.com\/avatar\/42263f39aa27ac04c43cab85c280eb2e?s=96&d=mm&r=pg","contentUrl":"https:\/\/secure.gravatar.com\/avatar\/42263f39aa27ac04c43cab85c280eb2e?s=96&d=mm&r=pg","caption":"Kul"},"logo":{"@id":"https:\/\/sandzakpress.net\/arhiva\/#\/schema\/person\/image\/"}},{"@type":"Person","@id":"https:\/\/sandzakpress.net\/arhiva\/#\/schema\/person\/cb59d7e3ab91ab90dd680ad0305a6185","name":"Agencija","image":{"@type":"ImageObject","inLanguage":"bs-BA","@id":"https:\/\/sandzakpress.net\/arhiva\/#\/schema\/person\/image\/","url":"https:\/\/secure.gravatar.com\/avatar\/4b7fafa80a22f0c2afe23966b3961fe0?s=96&d=mm&r=pg","contentUrl":"https:\/\/secure.gravatar.com\/avatar\/4b7fafa80a22f0c2afe23966b3961fe0?s=96&d=mm&r=pg","caption":"Agencija"},"url":"https:\/\/sandzakpress.net\/arhiva\/author\/agencija\/"}]}},"_links":{"self":[{"href":"https:\/\/sandzakpress.net\/arhiva\/wp-json\/wp\/v2\/posts\/207165"}],"collection":[{"href":"https:\/\/sandzakpress.net\/arhiva\/wp-json\/wp\/v2\/posts"}],"about":[{"href":"https:\/\/sandzakpress.net\/arhiva\/wp-json\/wp\/v2\/types\/post"}],"author":[{"embeddable":true,"href":"https:\/\/sandzakpress.net\/arhiva\/wp-json\/wp\/v2\/users\/509"}],"replies":[{"embeddable":true,"href":"https:\/\/sandzakpress.net\/arhiva\/wp-json\/wp\/v2\/comments?post=207165"}],"version-history":[{"count":0,"href":"https:\/\/sandzakpress.net\/arhiva\/wp-json\/wp\/v2\/posts\/207165\/revisions"}],"wp:featuredmedia":[{"embeddable":true,"href":"https:\/\/sandzakpress.net\/arhiva\/wp-json\/wp\/v2\/media\/207166"}],"wp:attachment":[{"href":"https:\/\/sandzakpress.net\/arhiva\/wp-json\/wp\/v2\/media?parent=207165"}],"wp:term":[{"taxonomy":"category","embeddable":true,"href":"https:\/\/sandzakpress.net\/arhiva\/wp-json\/wp\/v2\/categories?post=207165"},{"taxonomy":"post_tag","embeddable":true,"href":"https:\/\/sandzakpress.net\/arhiva\/wp-json\/wp\/v2\/tags?post=207165"}],"curies":[{"name":"wp","href":"https:\/\/api.w.org\/{rel}","templated":true}]}}