{"id":206852,"date":"2018-05-15T19:16:54","date_gmt":"2018-05-15T17:16:54","guid":{"rendered":"https:\/\/sandzakpress.net\/arhiva\/?p=206852"},"modified":"2018-05-15T19:16:54","modified_gmt":"2018-05-15T17:16:54","slug":"dr-zukorlic-cestitao-ramazan-u-skupstini-srbije-video","status":"publish","type":"post","link":"https:\/\/sandzakpress.net\/arhiva\/dr-zukorlic-cestitao-ramazan-u-skupstini-srbije-video\/","title":{"rendered":"Dr. Zukorli\u0107 \u010destitao Ramazan u Skup\u0161tini Srbije (Video)"},"content":{"rendered":"<p><img loading=\"lazy\" decoding=\"async\" class=\"size-full wp-image-206869 aligncenter\" src=\"https:\/\/sandzakpress.net\/arhiva\/wp-content\/uploads\/2018\/05\/Capture-5.jpg\" alt=\"\" width=\"691\" height=\"455\" srcset=\"https:\/\/sandzakpress.net\/arhiva\/wp-content\/uploads\/2018\/05\/Capture-5.jpg 691w, https:\/\/sandzakpress.net\/arhiva\/wp-content\/uploads\/2018\/05\/Capture-5-616x406.jpg 616w, https:\/\/sandzakpress.net\/arhiva\/wp-content\/uploads\/2018\/05\/Capture-5-100x65.jpg 100w, https:\/\/sandzakpress.net\/arhiva\/wp-content\/uploads\/2018\/05\/Capture-5-260x170.jpg 260w\" sizes=\"(max-width: 691px) 100vw, 691px\" \/><\/p>\n<p><strong>Narodni poslanik Stranke pravde i pomirenja dr. Muamer Zukorli\u0107 \u010destitao je\u00a0u Skup\u0161tini Srbije\u00a0mubarek mjesec Ramazan svim muslimanima u Srbiji i Sand\u017eaku, uz \u017eelju da\u00a0 provedu u postu, predanosti Bogu i da kroz te ibadete postignu \u017eeljene duhovne i moralne efekte.<\/strong><\/p>\n<p>On je potom govorio na temu seta zakona o saobra\u0107aju. On je istakao da su putevi Novi Pazar-Sjenica i Novi Pazar-Tutin u narodu poznati kao putevi smrti. Dr. Zukorli\u0107 kazao da mu je drago \u0161to je memorandumom predvi\u0111eno da se radi obnova putnih pravaca ali i upitao za\u0161to putnog pravca Sjenica-Tutin nema u tom memorandumu, a njegova se obnova u medijima najavljuje.\u00a0<\/p>\n<p>Dr. Zukorli\u0107 podsjetio i na nelegalno prikupljanje novca od gra\u0111ana Novog Pazara, Sjenice i Tutina a vezano za asfaltiranje puteva, uz zahtjev da se hitno krene sa istra\u017enim radnja, te da se procesuiraju oni koji su zloupotrebili polo\u017eaj.<\/p>\n<div class=\"youtube-embed\" data-video_id=\"oArsqX0FxsY\"><iframe loading=\"lazy\" title=\"Dr. Zukorli\u0107 u Skup\u0161tini o putevima i upotrebi termina Sand\u017eak\" width=\"696\" height=\"522\" src=\"https:\/\/www.youtube.com\/embed\/oArsqX0FxsY?feature=oembed&#038;enablejsapi=1\" frameborder=\"0\" allow=\"accelerometer; autoplay; encrypted-media; gyroscope; picture-in-picture\" allowfullscreen><\/iframe><\/div>\n<p>Na izlaganje dr. Zukorli\u0107a reagovao narodni poslanik dr. Dragan Vesovi\u0107\u00a0zameriv\u0161i \u0161to\u00a0dr. Zukorli\u0107 koristi termin Sand\u017eak. &#8220;Sand\u017eak u Srbiji ne postoji, postoji Ra\u0161ka oblast.&#8221; kazao je Vesovi\u0107.<\/p>\n<p>Dr. Zukorli\u0107 kazao da prema Ustavu ima pravo govoriti svojim jezikom i da koristi pojmove iz svog maternjeg jezika.\u00a0<\/p>\n<p>&#8220;Ukoliko ho\u0107e da po\u010diste Sand\u017eak kao pojam onda neka krenu od Kara\u0111or\u0111a, Karaburme, Dor\u0107ola, Kalemegdana i brojne druge termine.&#8221; kazao je dr. Zukorli\u0107.<\/p>\n<p>Ministarka Zorana Mihajlovi\u0107 navela kao razlog \u0161to putni pravac Sjenica-Tutin nije obuhva\u0107en memorandumom jeste nedostatak projektne dokumentacije. Ona je potvrdila da i da \u0107e se drugi putni pravci u Sand\u017eaku rekonstruisati. \u0160to se ti\u010de nelegalnog prikupljanja novca od gra\u0111ana kazala da Ministastvo sa tim nije upoznato, ali da \u0107e reagovati ako dobije informacije.<\/p>\n","protected":false},"excerpt":{"rendered":"<p>Narodni poslanik Stranke pravde i pomirenja dr. Muamer Zukorli\u0107 \u010destitao je\u00a0u Skup\u0161tini Srbije\u00a0mubarek mjesec Ramazan svim muslimanima u Srbiji i Sand\u017eaku, uz \u017eelju da\u00a0 provedu u postu, predanosti Bogu i da kroz te ibadete postignu \u017eeljene duhovne i moralne efekte. On je potom govorio na temu seta zakona o saobra\u0107aju. On je istakao da su [&hellip;]<\/p>\n","protected":false},"author":509,"featured_media":206869,"comment_status":"open","ping_status":"open","sticky":false,"template":"","format":"standard","meta":{"footnotes":""},"categories":[72,398,1,52,397,327,10174,392,396,393,395,394,399,10173,8957],"tags":[10204,10223],"class_list":{"0":"post-206852","1":"post","2":"type-post","3":"status-publish","4":"format-standard","5":"has-post-thumbnail","7":"category-novi-pazar","8":"category-rozaje","9":"category-politika","10":"category-sjenica","11":"category-berane","12":"category-tutin","13":"category-petnjica-vase-vijesti","14":"category-prijepolje_","15":"category-bijelo_polje","16":"category-priboj","17":"category-pljevlja_","18":"category-nova-varos","19":"category-plav_","20":"category-gusinje-vase-vijesti","21":"category-vijesti-dana","22":"tag-muftija-muamer-zukorlic","23":"tag-bdz"},"yoast_head":"<!-- This site is optimized with the Yoast SEO Premium plugin v23.1 (Yoast SEO v24.9) - https:\/\/yoast.com\/wordpress\/plugins\/seo\/ -->\n<title>Dr. Zukorli\u0107 \u010destitao Ramazan u Skup\u0161tini Srbije (Video)<\/title>\n<meta name=\"robots\" content=\"index, follow, max-snippet:-1, max-image-preview:large, max-video-preview:-1\" \/>\n<link rel=\"canonical\" href=\"https:\/\/sandzakpress.net\/arhiva\/dr-zukorlic-cestitao-ramazan-u-skupstini-srbije-video\/\" \/>\n<meta property=\"og:locale\" content=\"bs_BA\" \/>\n<meta property=\"og:type\" content=\"article\" \/>\n<meta property=\"og:title\" content=\"Dr. Zukorli\u0107 \u010destitao Ramazan u Skup\u0161tini Srbije (Video)\" \/>\n<meta property=\"og:description\" content=\"Narodni poslanik Stranke pravde i pomirenja dr. Muamer Zukorli\u0107 \u010destitao je\u00a0u Skup\u0161tini Srbije\u00a0mubarek mjesec Ramazan svim muslimanima u Srbiji i Sand\u017eaku, uz \u017eelju da\u00a0 provedu u postu, predanosti Bogu i da kroz te ibadete postignu \u017eeljene duhovne i moralne efekte. On je potom govorio na temu seta zakona o saobra\u0107aju. On je istakao da su [&hellip;]\" \/>\n<meta property=\"og:url\" content=\"https:\/\/sandzakpress.net\/arhiva\/dr-zukorlic-cestitao-ramazan-u-skupstini-srbije-video\/\" \/>\n<meta property=\"og:site_name\" content=\"Sand\u017eak PRESS\" \/>\n<meta property=\"article:published_time\" content=\"2018-05-15T17:16:54+00:00\" \/>\n<meta property=\"og:image\" content=\"https:\/\/sandzakpress.net\/arhiva\/wp-content\/uploads\/2018\/05\/Capture-5.jpg\" \/>\n\t<meta property=\"og:image:width\" content=\"691\" \/>\n\t<meta property=\"og:image:height\" content=\"455\" \/>\n\t<meta property=\"og:image:type\" content=\"image\/jpeg\" \/>\n<meta name=\"author\" content=\"Agencija\" \/>\n<meta name=\"twitter:card\" content=\"summary_large_image\" \/>\n<meta name=\"twitter:label1\" content=\"Written by\" \/>\n\t<meta name=\"twitter:data1\" content=\"Agencija\" \/>\n\t<meta name=\"twitter:label2\" content=\"Est. reading time\" \/>\n\t<meta name=\"twitter:data2\" content=\"1 minuta\" \/>\n<script type=\"application\/ld+json\" class=\"yoast-schema-graph\">{\"@context\":\"https:\/\/schema.org\",\"@graph\":[{\"@type\":\"Article\",\"@id\":\"https:\/\/sandzakpress.net\/arhiva\/dr-zukorlic-cestitao-ramazan-u-skupstini-srbije-video\/#article\",\"isPartOf\":{\"@id\":\"https:\/\/sandzakpress.net\/arhiva\/dr-zukorlic-cestitao-ramazan-u-skupstini-srbije-video\/\"},\"author\":{\"name\":\"Agencija\",\"@id\":\"https:\/\/sandzakpress.net\/arhiva\/#\/schema\/person\/cb59d7e3ab91ab90dd680ad0305a6185\"},\"headline\":\"Dr. Zukorli\u0107 \u010destitao Ramazan u Skup\u0161tini Srbije (Video)\",\"datePublished\":\"2018-05-15T17:16:54+00:00\",\"mainEntityOfPage\":{\"@id\":\"https:\/\/sandzakpress.net\/arhiva\/dr-zukorlic-cestitao-ramazan-u-skupstini-srbije-video\/\"},\"wordCount\":305,\"commentCount\":5,\"publisher\":{\"@id\":\"https:\/\/sandzakpress.net\/arhiva\/#\/schema\/person\/6e72b67d6e51910a1117b3b483ba20bd\"},\"image\":{\"@id\":\"https:\/\/sandzakpress.net\/arhiva\/dr-zukorlic-cestitao-ramazan-u-skupstini-srbije-video\/#primaryimage\"},\"thumbnailUrl\":\"https:\/\/sandzakpress.net\/arhiva\/wp-content\/uploads\/2018\/05\/Capture-5.jpg\",\"keywords\":[\"muftija Muamer Zukorli\u0107\",\"BDZ\"],\"articleSection\":[\"Novi Pazar\",\"Ro\u017eaje\",\"Politika\",\"Sjenica\",\"Berane\",\"Tutin\",\"Petnjica\",\"Prijepolje\",\"Bijelo Polje\",\"Priboj\",\"Pljevlja\",\"Nova Varo\u0161\",\"Plav\",\"Gusinje\",\"VIJESTI DANA\"],\"inLanguage\":\"bs-BA\",\"potentialAction\":[{\"@type\":\"CommentAction\",\"name\":\"Comment\",\"target\":[\"https:\/\/sandzakpress.net\/arhiva\/dr-zukorlic-cestitao-ramazan-u-skupstini-srbije-video\/#respond\"]}]},{\"@type\":\"WebPage\",\"@id\":\"https:\/\/sandzakpress.net\/arhiva\/dr-zukorlic-cestitao-ramazan-u-skupstini-srbije-video\/\",\"url\":\"https:\/\/sandzakpress.net\/arhiva\/dr-zukorlic-cestitao-ramazan-u-skupstini-srbije-video\/\",\"name\":\"Dr. Zukorli\u0107 \u010destitao Ramazan u Skup\u0161tini Srbije (Video)\",\"isPartOf\":{\"@id\":\"https:\/\/sandzakpress.net\/arhiva\/#website\"},\"primaryImageOfPage\":{\"@id\":\"https:\/\/sandzakpress.net\/arhiva\/dr-zukorlic-cestitao-ramazan-u-skupstini-srbije-video\/#primaryimage\"},\"image\":{\"@id\":\"https:\/\/sandzakpress.net\/arhiva\/dr-zukorlic-cestitao-ramazan-u-skupstini-srbije-video\/#primaryimage\"},\"thumbnailUrl\":\"https:\/\/sandzakpress.net\/arhiva\/wp-content\/uploads\/2018\/05\/Capture-5.jpg\",\"datePublished\":\"2018-05-15T17:16:54+00:00\",\"breadcrumb\":{\"@id\":\"https:\/\/sandzakpress.net\/arhiva\/dr-zukorlic-cestitao-ramazan-u-skupstini-srbije-video\/#breadcrumb\"},\"inLanguage\":\"bs-BA\",\"potentialAction\":[{\"@type\":\"ReadAction\",\"target\":[\"https:\/\/sandzakpress.net\/arhiva\/dr-zukorlic-cestitao-ramazan-u-skupstini-srbije-video\/\"]}]},{\"@type\":\"ImageObject\",\"inLanguage\":\"bs-BA\",\"@id\":\"https:\/\/sandzakpress.net\/arhiva\/dr-zukorlic-cestitao-ramazan-u-skupstini-srbije-video\/#primaryimage\",\"url\":\"https:\/\/sandzakpress.net\/arhiva\/wp-content\/uploads\/2018\/05\/Capture-5.jpg\",\"contentUrl\":\"https:\/\/sandzakpress.net\/arhiva\/wp-content\/uploads\/2018\/05\/Capture-5.jpg\",\"width\":691,\"height\":455},{\"@type\":\"BreadcrumbList\",\"@id\":\"https:\/\/sandzakpress.net\/arhiva\/dr-zukorlic-cestitao-ramazan-u-skupstini-srbije-video\/#breadcrumb\",\"itemListElement\":[{\"@type\":\"ListItem\",\"position\":1,\"name\":\"Home\",\"item\":\"https:\/\/sandzakpress.net\/arhiva\/\"},{\"@type\":\"ListItem\",\"position\":2,\"name\":\"Dr. Zukorli\u0107 \u010destitao Ramazan u Skup\u0161tini Srbije (Video)\"}]},{\"@type\":\"WebSite\",\"@id\":\"https:\/\/sandzakpress.net\/arhiva\/#website\",\"url\":\"https:\/\/sandzakpress.net\/arhiva\/\",\"name\":\"Sand\u017eak PRESS\",\"description\":\"Prve elektronske novine u Sand\u017eaku\",\"publisher\":{\"@id\":\"https:\/\/sandzakpress.net\/arhiva\/#\/schema\/person\/6e72b67d6e51910a1117b3b483ba20bd\"},\"potentialAction\":[{\"@type\":\"SearchAction\",\"target\":{\"@type\":\"EntryPoint\",\"urlTemplate\":\"https:\/\/sandzakpress.net\/arhiva\/?s={search_term_string}\"},\"query-input\":{\"@type\":\"PropertyValueSpecification\",\"valueRequired\":true,\"valueName\":\"search_term_string\"}}],\"inLanguage\":\"bs-BA\"},{\"@type\":[\"Person\",\"Organization\"],\"@id\":\"https:\/\/sandzakpress.net\/arhiva\/#\/schema\/person\/6e72b67d6e51910a1117b3b483ba20bd\",\"name\":\"Kul\",\"image\":{\"@type\":\"ImageObject\",\"inLanguage\":\"bs-BA\",\"@id\":\"https:\/\/sandzakpress.net\/arhiva\/#\/schema\/person\/image\/\",\"url\":\"https:\/\/secure.gravatar.com\/avatar\/42263f39aa27ac04c43cab85c280eb2e?s=96&d=mm&r=pg\",\"contentUrl\":\"https:\/\/secure.gravatar.com\/avatar\/42263f39aa27ac04c43cab85c280eb2e?s=96&d=mm&r=pg\",\"caption\":\"Kul\"},\"logo\":{\"@id\":\"https:\/\/sandzakpress.net\/arhiva\/#\/schema\/person\/image\/\"}},{\"@type\":\"Person\",\"@id\":\"https:\/\/sandzakpress.net\/arhiva\/#\/schema\/person\/cb59d7e3ab91ab90dd680ad0305a6185\",\"name\":\"Agencija\",\"image\":{\"@type\":\"ImageObject\",\"inLanguage\":\"bs-BA\",\"@id\":\"https:\/\/sandzakpress.net\/arhiva\/#\/schema\/person\/image\/\",\"url\":\"https:\/\/secure.gravatar.com\/avatar\/4b7fafa80a22f0c2afe23966b3961fe0?s=96&d=mm&r=pg\",\"contentUrl\":\"https:\/\/secure.gravatar.com\/avatar\/4b7fafa80a22f0c2afe23966b3961fe0?s=96&d=mm&r=pg\",\"caption\":\"Agencija\"},\"url\":\"https:\/\/sandzakpress.net\/arhiva\/author\/agencija\/\"}]}<\/script>\n<!-- \/ Yoast SEO Premium plugin. -->","yoast_head_json":{"title":"Dr. Zukorli\u0107 \u010destitao Ramazan u Skup\u0161tini Srbije (Video)","robots":{"index":"index","follow":"follow","max-snippet":"max-snippet:-1","max-image-preview":"max-image-preview:large","max-video-preview":"max-video-preview:-1"},"canonical":"https:\/\/sandzakpress.net\/arhiva\/dr-zukorlic-cestitao-ramazan-u-skupstini-srbije-video\/","og_locale":"bs_BA","og_type":"article","og_title":"Dr. Zukorli\u0107 \u010destitao Ramazan u Skup\u0161tini Srbije (Video)","og_description":"Narodni poslanik Stranke pravde i pomirenja dr. Muamer Zukorli\u0107 \u010destitao je\u00a0u Skup\u0161tini Srbije\u00a0mubarek mjesec Ramazan svim muslimanima u Srbiji i Sand\u017eaku, uz \u017eelju da\u00a0 provedu u postu, predanosti Bogu i da kroz te ibadete postignu \u017eeljene duhovne i moralne efekte. On je potom govorio na temu seta zakona o saobra\u0107aju. On je istakao da su [&hellip;]","og_url":"https:\/\/sandzakpress.net\/arhiva\/dr-zukorlic-cestitao-ramazan-u-skupstini-srbije-video\/","og_site_name":"Sand\u017eak PRESS","article_published_time":"2018-05-15T17:16:54+00:00","og_image":[{"width":691,"height":455,"url":"https:\/\/sandzakpress.net\/arhiva\/wp-content\/uploads\/2018\/05\/Capture-5.jpg","type":"image\/jpeg"}],"author":"Agencija","twitter_card":"summary_large_image","twitter_misc":{"Written by":"Agencija","Est. reading time":"1 minuta"},"schema":{"@context":"https:\/\/schema.org","@graph":[{"@type":"Article","@id":"https:\/\/sandzakpress.net\/arhiva\/dr-zukorlic-cestitao-ramazan-u-skupstini-srbije-video\/#article","isPartOf":{"@id":"https:\/\/sandzakpress.net\/arhiva\/dr-zukorlic-cestitao-ramazan-u-skupstini-srbije-video\/"},"author":{"name":"Agencija","@id":"https:\/\/sandzakpress.net\/arhiva\/#\/schema\/person\/cb59d7e3ab91ab90dd680ad0305a6185"},"headline":"Dr. Zukorli\u0107 \u010destitao Ramazan u Skup\u0161tini Srbije (Video)","datePublished":"2018-05-15T17:16:54+00:00","mainEntityOfPage":{"@id":"https:\/\/sandzakpress.net\/arhiva\/dr-zukorlic-cestitao-ramazan-u-skupstini-srbije-video\/"},"wordCount":305,"commentCount":5,"publisher":{"@id":"https:\/\/sandzakpress.net\/arhiva\/#\/schema\/person\/6e72b67d6e51910a1117b3b483ba20bd"},"image":{"@id":"https:\/\/sandzakpress.net\/arhiva\/dr-zukorlic-cestitao-ramazan-u-skupstini-srbije-video\/#primaryimage"},"thumbnailUrl":"https:\/\/sandzakpress.net\/arhiva\/wp-content\/uploads\/2018\/05\/Capture-5.jpg","keywords":["muftija Muamer Zukorli\u0107","BDZ"],"articleSection":["Novi Pazar","Ro\u017eaje","Politika","Sjenica","Berane","Tutin","Petnjica","Prijepolje","Bijelo Polje","Priboj","Pljevlja","Nova Varo\u0161","Plav","Gusinje","VIJESTI DANA"],"inLanguage":"bs-BA","potentialAction":[{"@type":"CommentAction","name":"Comment","target":["https:\/\/sandzakpress.net\/arhiva\/dr-zukorlic-cestitao-ramazan-u-skupstini-srbije-video\/#respond"]}]},{"@type":"WebPage","@id":"https:\/\/sandzakpress.net\/arhiva\/dr-zukorlic-cestitao-ramazan-u-skupstini-srbije-video\/","url":"https:\/\/sandzakpress.net\/arhiva\/dr-zukorlic-cestitao-ramazan-u-skupstini-srbije-video\/","name":"Dr. Zukorli\u0107 \u010destitao Ramazan u Skup\u0161tini Srbije (Video)","isPartOf":{"@id":"https:\/\/sandzakpress.net\/arhiva\/#website"},"primaryImageOfPage":{"@id":"https:\/\/sandzakpress.net\/arhiva\/dr-zukorlic-cestitao-ramazan-u-skupstini-srbije-video\/#primaryimage"},"image":{"@id":"https:\/\/sandzakpress.net\/arhiva\/dr-zukorlic-cestitao-ramazan-u-skupstini-srbije-video\/#primaryimage"},"thumbnailUrl":"https:\/\/sandzakpress.net\/arhiva\/wp-content\/uploads\/2018\/05\/Capture-5.jpg","datePublished":"2018-05-15T17:16:54+00:00","breadcrumb":{"@id":"https:\/\/sandzakpress.net\/arhiva\/dr-zukorlic-cestitao-ramazan-u-skupstini-srbije-video\/#breadcrumb"},"inLanguage":"bs-BA","potentialAction":[{"@type":"ReadAction","target":["https:\/\/sandzakpress.net\/arhiva\/dr-zukorlic-cestitao-ramazan-u-skupstini-srbije-video\/"]}]},{"@type":"ImageObject","inLanguage":"bs-BA","@id":"https:\/\/sandzakpress.net\/arhiva\/dr-zukorlic-cestitao-ramazan-u-skupstini-srbije-video\/#primaryimage","url":"https:\/\/sandzakpress.net\/arhiva\/wp-content\/uploads\/2018\/05\/Capture-5.jpg","contentUrl":"https:\/\/sandzakpress.net\/arhiva\/wp-content\/uploads\/2018\/05\/Capture-5.jpg","width":691,"height":455},{"@type":"BreadcrumbList","@id":"https:\/\/sandzakpress.net\/arhiva\/dr-zukorlic-cestitao-ramazan-u-skupstini-srbije-video\/#breadcrumb","itemListElement":[{"@type":"ListItem","position":1,"name":"Home","item":"https:\/\/sandzakpress.net\/arhiva\/"},{"@type":"ListItem","position":2,"name":"Dr. Zukorli\u0107 \u010destitao Ramazan u Skup\u0161tini Srbije (Video)"}]},{"@type":"WebSite","@id":"https:\/\/sandzakpress.net\/arhiva\/#website","url":"https:\/\/sandzakpress.net\/arhiva\/","name":"Sand\u017eak PRESS","description":"Prve elektronske novine u Sand\u017eaku","publisher":{"@id":"https:\/\/sandzakpress.net\/arhiva\/#\/schema\/person\/6e72b67d6e51910a1117b3b483ba20bd"},"potentialAction":[{"@type":"SearchAction","target":{"@type":"EntryPoint","urlTemplate":"https:\/\/sandzakpress.net\/arhiva\/?s={search_term_string}"},"query-input":{"@type":"PropertyValueSpecification","valueRequired":true,"valueName":"search_term_string"}}],"inLanguage":"bs-BA"},{"@type":["Person","Organization"],"@id":"https:\/\/sandzakpress.net\/arhiva\/#\/schema\/person\/6e72b67d6e51910a1117b3b483ba20bd","name":"Kul","image":{"@type":"ImageObject","inLanguage":"bs-BA","@id":"https:\/\/sandzakpress.net\/arhiva\/#\/schema\/person\/image\/","url":"https:\/\/secure.gravatar.com\/avatar\/42263f39aa27ac04c43cab85c280eb2e?s=96&d=mm&r=pg","contentUrl":"https:\/\/secure.gravatar.com\/avatar\/42263f39aa27ac04c43cab85c280eb2e?s=96&d=mm&r=pg","caption":"Kul"},"logo":{"@id":"https:\/\/sandzakpress.net\/arhiva\/#\/schema\/person\/image\/"}},{"@type":"Person","@id":"https:\/\/sandzakpress.net\/arhiva\/#\/schema\/person\/cb59d7e3ab91ab90dd680ad0305a6185","name":"Agencija","image":{"@type":"ImageObject","inLanguage":"bs-BA","@id":"https:\/\/sandzakpress.net\/arhiva\/#\/schema\/person\/image\/","url":"https:\/\/secure.gravatar.com\/avatar\/4b7fafa80a22f0c2afe23966b3961fe0?s=96&d=mm&r=pg","contentUrl":"https:\/\/secure.gravatar.com\/avatar\/4b7fafa80a22f0c2afe23966b3961fe0?s=96&d=mm&r=pg","caption":"Agencija"},"url":"https:\/\/sandzakpress.net\/arhiva\/author\/agencija\/"}]}},"_links":{"self":[{"href":"https:\/\/sandzakpress.net\/arhiva\/wp-json\/wp\/v2\/posts\/206852"}],"collection":[{"href":"https:\/\/sandzakpress.net\/arhiva\/wp-json\/wp\/v2\/posts"}],"about":[{"href":"https:\/\/sandzakpress.net\/arhiva\/wp-json\/wp\/v2\/types\/post"}],"author":[{"embeddable":true,"href":"https:\/\/sandzakpress.net\/arhiva\/wp-json\/wp\/v2\/users\/509"}],"replies":[{"embeddable":true,"href":"https:\/\/sandzakpress.net\/arhiva\/wp-json\/wp\/v2\/comments?post=206852"}],"version-history":[{"count":0,"href":"https:\/\/sandzakpress.net\/arhiva\/wp-json\/wp\/v2\/posts\/206852\/revisions"}],"wp:featuredmedia":[{"embeddable":true,"href":"https:\/\/sandzakpress.net\/arhiva\/wp-json\/wp\/v2\/media\/206869"}],"wp:attachment":[{"href":"https:\/\/sandzakpress.net\/arhiva\/wp-json\/wp\/v2\/media?parent=206852"}],"wp:term":[{"taxonomy":"category","embeddable":true,"href":"https:\/\/sandzakpress.net\/arhiva\/wp-json\/wp\/v2\/categories?post=206852"},{"taxonomy":"post_tag","embeddable":true,"href":"https:\/\/sandzakpress.net\/arhiva\/wp-json\/wp\/v2\/tags?post=206852"}],"curies":[{"name":"wp","href":"https:\/\/api.w.org\/{rel}","templated":true}]}}