{"id":206479,"date":"2018-05-08T12:40:27","date_gmt":"2018-05-08T10:40:27","guid":{"rendered":"https:\/\/sandzakpress.net\/arhiva\/?p=206479"},"modified":"2018-05-08T12:25:56","modified_gmt":"2018-05-08T10:25:56","slug":"sahmanovic-o-bs-u-ne-obazirem-se-ja-na-njihova-iskljucenja","status":"publish","type":"post","link":"https:\/\/sandzakpress.net\/arhiva\/sahmanovic-o-bs-u-ne-obazirem-se-ja-na-njihova-iskljucenja\/","title":{"rendered":"\u0160ahmanovi\u0107 o BS-u: Ne obazirem se ja na njihova isklju\u010denja"},"content":{"rendered":"<p><img decoding=\"async\" class=\"aligncenter\" src=\"http:\/\/kodex.me\/storage\/2017\/02\/11\/thumbs\/589ec3b0-dea0-4666-b46c-1c140a0a0a67-sahmanovic-preview.jpg\" alt=\"\u00c5\u00a0ahmanovi\u00c4\u0087: Ne obazirem se ja na njihova isklju\u00c4\u008denja\" \/><\/p>\n<p><strong>Dugo je trajao sukob jednog od osniva\u010da Bo\u0161nja\u010dke stranke i predsjednika op\u0161tine \u00a0Plav Orhana \u0160ahmanovi\u0107a sa sada\u0161njim rukovodstvom te partije. Odavno se njihovo vi\u0111enje politi\u010dke realnosti u Crnoj Gori razlikuje. <\/strong><\/p>\n<p>\u0160ahmanovi\u0107 nije bio od onih politi\u010dara kojima se moglo uticati na mi\u0161ljenje, svoje je stalno i glasno iznosio \u0161to je na kraju dovelo i do isklju\u010denja iz partije. Op\u0161tinski odbor Bo\u0161nja\u010dke stranke u Plavu je donio odluku da se uz \u0160ahmanovi\u0107a iz stranke isklju\u010de To\u0161i\u0107 Ervin, Krci\u0107 D\u017eevad i Musi\u0107 Ragib, kako iz stranke tako i iz strana\u010dkih organa.<\/p>\n<p>\u201cNe obazirem se ja na njihova isklju\u010denja. Davno sam ja njih napustio i Bo\u0161nja\u010dku Stranku vi\u0161e ne smatram svojom partiijom.\u201d ka\u017ee za Kodex predsjednik op\u0161tine Plav, Orhan \u0160ahmanovi\u0107.<\/p>\n<p>Na pitanje ko se promijenio Orhan \u0160ahmanovi\u0107 ili Bo\u0161nja\u010dka Stranka, \u0160ahmanovi\u0107 konstatuje da se njegova sada ve\u0107 biv\u0161a partija odavno odrekla izvornih principa i programa stranke. Da se ne sprovodi ni program niti akti stranke usvojeni na njenom posljednjem kongresu.<\/p>\n<p>\u201cKad se Bo\u0161nja\u010dka Stranka vrati sebi mo\u017eda se i ja vratim njoj.\u201d kratko poru\u010duje \u0160ahmanovi\u0107.<\/p>\n<p>\u0160ahmanovi\u0107 je, pored toga \u0161to je bio jedan od osniva\u010da Bo\u0161nja\u010dke stranke, bio i njen poslanik u crnogorskom Parlamentu.\u00a0 Bio je i predsjednik op\u0161tinskog odbora Bo\u0161nja\u010dke stranke, \u010dlan njenog predsjedni\u0161tva i \u010dlan glavnog odbora. \u0160ahmanovi\u0107 je bio pomo\u0107nik ministra i dr\u017eavni\u00a0 sekretar u Ministarstvu za ljudska i manjinska prava. Aktuelni mandat na \u010delu Plavske op\u0161tine mu je drugi po redu a nada se i tre\u0107em.<\/p>\n<p>\u201cNa izbore u Plavu izlazimo sa listom \u201cBiram Plav\u201d, na kojoj su sve mladi i dokazani ljudi. Imamo jaku listu i najbolje ljude, tako da o\u010dekujem najbolji mogu\u0107i rezultat.\u201d ka\u017ee za Kodex Orhan \u0160ahmanovi\u0107.<\/p>\n<p>Upravo je lista \u201cBiram Plav\u201d bila i razlog \u0161to se Bo\u0161nja\u010dka Stranka odlu\u010dila da napravi korak koji se ve\u0107 du\u017ee vremena najavljivao. \u0160ahmanovi\u0107 se li\u010dno nije slagao oko mnogo stvari za koje je njegova doju\u010dera\u0161nja stranka dala podr\u0161ku partnerima na dr\u017eavnom nivou. Mnogo \u201cgrijehova\u201d u o\u010dima rukovodstva Bo\u0161nja\u010dke Stranke ima \u0160ahmanovi\u0107 ali mu \u201cBiram Plav\u201d nijesu mogli oprostiti.<\/p>\n<p>\u201cOp\u0161tinski odbor je zaklju\u010dio da je davanjem podr\u0161ke i pojavljivanjem na drugoj odborni\u010dkoj listi za predstoje\u0107e lokalne izbore koji \u0107e se odr\u017eati 27. maja, grubo prekr\u0161en Statut Bo\u0161nja\u010dke stranke, te da je takvo politi\u010dko djelovanje u suprotnosti sa politikom BS-a.\u201d pi\u0161e u odluci op\u0161tinskog odbora Bo\u0161nja\u010dke Stranke kojom su \u0160ahmanovi\u0107 i trojica njegovih istomi\u0161ljenika isklju\u010deni iz \u010dlanstva.<\/p>\n<p>Ali se \u0160ahmanovi\u0107 ne obazire. Uvjeren je u sopstvenu politi\u010dku snagu kao i snagu gra\u0111anske liste \u201cBiram Plav\u201d sa kojom \u0107e za koji dan na lokalne izbore u tom gradu.<\/p>\n<p><img decoding=\"async\" src=\"http:\/\/kodex.me\/storage\/2018\/05\/07\/thumbs\/5af04f35-15dc-48a9-92fc-177e0a0a0a67-31718281782926088565636498050274569486336n-previewOrg.jpg\" alt=\"31718281782926088565636498050274569486336n\" \/><\/p>\n<p>Ubje\u0111en je da \u0107e gra\u0111ani Plava birati Plav a ne Bo\u0161nja\u010dku stranku i da \u0107e\u00a0 nakon izbora, \u201cBiram Plav\u201d biti vlast u tom gradu. Na pitanje da li bi se njegova lista mogla na\u0107i u postizbornoj koaliciji sa biv\u0161om partijom, \u0160ahmanovi\u0107 ima kratak odgovor.<\/p>\n<p>\u201cSa Bo\u0161nja\u010dkom strankom nikad!\u201dporu\u010duje \u0160ahmanovi\u0107.\u00a0 \u00a0<\/p>\n<p>(kodex.me)<\/p>\n","protected":false},"excerpt":{"rendered":"<p>Dugo je trajao sukob jednog od osniva\u010da Bo\u0161nja\u010dke stranke i predsjednika op\u0161tine \u00a0Plav Orhana \u0160ahmanovi\u0107a sa sada\u0161njim rukovodstvom te partije. Odavno se njihovo vi\u0111enje politi\u010dke realnosti u Crnoj Gori razlikuje. \u0160ahmanovi\u0107 nije bio od onih politi\u010dara kojima se moglo uticati na mi\u0161ljenje, svoje je stalno i glasno iznosio \u0161to je na kraju dovelo i do [&hellip;]<\/p>\n","protected":false},"author":509,"featured_media":206488,"comment_status":"open","ping_status":"open","sticky":false,"template":"","format":"standard","meta":{"footnotes":""},"categories":[1,399,10429],"tags":[],"class_list":{"0":"post-206479","1":"post","2":"type-post","3":"status-publish","4":"format-standard","5":"has-post-thumbnail","7":"category-politika","8":"category-plav_","9":"category-vazno"},"yoast_head":"<!-- This site is optimized with the Yoast SEO Premium plugin v23.1 (Yoast SEO v24.9) - https:\/\/yoast.com\/wordpress\/plugins\/seo\/ -->\n<title>\u0160ahmanovi\u0107 o BS-u: Ne obazirem se ja na njihova isklju\u010denja<\/title>\n<meta name=\"robots\" content=\"index, follow, max-snippet:-1, max-image-preview:large, max-video-preview:-1\" \/>\n<link rel=\"canonical\" href=\"https:\/\/sandzakpress.net\/arhiva\/sahmanovic-o-bs-u-ne-obazirem-se-ja-na-njihova-iskljucenja\/\" \/>\n<meta property=\"og:locale\" content=\"bs_BA\" \/>\n<meta property=\"og:type\" content=\"article\" \/>\n<meta property=\"og:title\" content=\"\u0160ahmanovi\u0107 o BS-u: Ne obazirem se ja na njihova isklju\u010denja\" \/>\n<meta property=\"og:description\" content=\"Dugo je trajao sukob jednog od osniva\u010da Bo\u0161nja\u010dke stranke i predsjednika op\u0161tine \u00a0Plav Orhana \u0160ahmanovi\u0107a sa sada\u0161njim rukovodstvom te partije. Odavno se njihovo vi\u0111enje politi\u010dke realnosti u Crnoj Gori razlikuje. \u0160ahmanovi\u0107 nije bio od onih politi\u010dara kojima se moglo uticati na mi\u0161ljenje, svoje je stalno i glasno iznosio \u0161to je na kraju dovelo i do [&hellip;]\" \/>\n<meta property=\"og:url\" content=\"https:\/\/sandzakpress.net\/arhiva\/sahmanovic-o-bs-u-ne-obazirem-se-ja-na-njihova-iskljucenja\/\" \/>\n<meta property=\"og:site_name\" content=\"Sand\u017eak PRESS\" \/>\n<meta property=\"article:published_time\" content=\"2018-05-08T10:40:27+00:00\" \/>\n<meta property=\"og:image\" content=\"https:\/\/sandzakpress.net\/arhiva\/wp-content\/uploads\/2018\/05\/589ec3b0-dea0-4666-b46c-1c140a0a0a67-sahmanovic-preview.jpg\" \/>\n\t<meta property=\"og:image:width\" content=\"670\" \/>\n\t<meta property=\"og:image:height\" content=\"433\" \/>\n\t<meta property=\"og:image:type\" content=\"image\/jpeg\" \/>\n<meta name=\"author\" content=\"Agencija\" \/>\n<meta name=\"twitter:card\" content=\"summary_large_image\" \/>\n<meta name=\"twitter:label1\" content=\"Written by\" \/>\n\t<meta name=\"twitter:data1\" content=\"Agencija\" \/>\n\t<meta name=\"twitter:label2\" content=\"Est. reading time\" \/>\n\t<meta name=\"twitter:data2\" content=\"3 minute\" \/>\n<script type=\"application\/ld+json\" class=\"yoast-schema-graph\">{\"@context\":\"https:\/\/schema.org\",\"@graph\":[{\"@type\":\"Article\",\"@id\":\"https:\/\/sandzakpress.net\/arhiva\/sahmanovic-o-bs-u-ne-obazirem-se-ja-na-njihova-iskljucenja\/#article\",\"isPartOf\":{\"@id\":\"https:\/\/sandzakpress.net\/arhiva\/sahmanovic-o-bs-u-ne-obazirem-se-ja-na-njihova-iskljucenja\/\"},\"author\":{\"name\":\"Agencija\",\"@id\":\"https:\/\/sandzakpress.net\/arhiva\/#\/schema\/person\/cb59d7e3ab91ab90dd680ad0305a6185\"},\"headline\":\"\u0160ahmanovi\u0107 o BS-u: Ne obazirem se ja na njihova isklju\u010denja\",\"datePublished\":\"2018-05-08T10:40:27+00:00\",\"mainEntityOfPage\":{\"@id\":\"https:\/\/sandzakpress.net\/arhiva\/sahmanovic-o-bs-u-ne-obazirem-se-ja-na-njihova-iskljucenja\/\"},\"wordCount\":563,\"commentCount\":1,\"publisher\":{\"@id\":\"https:\/\/sandzakpress.net\/arhiva\/#\/schema\/person\/6e72b67d6e51910a1117b3b483ba20bd\"},\"image\":{\"@id\":\"https:\/\/sandzakpress.net\/arhiva\/sahmanovic-o-bs-u-ne-obazirem-se-ja-na-njihova-iskljucenja\/#primaryimage\"},\"thumbnailUrl\":\"https:\/\/sandzakpress.net\/arhiva\/wp-content\/uploads\/2018\/05\/589ec3b0-dea0-4666-b46c-1c140a0a0a67-sahmanovic-preview.jpg\",\"articleSection\":[\"Politika\",\"Plav\",\"VA\u017dNO!\"],\"inLanguage\":\"bs-BA\",\"potentialAction\":[{\"@type\":\"CommentAction\",\"name\":\"Comment\",\"target\":[\"https:\/\/sandzakpress.net\/arhiva\/sahmanovic-o-bs-u-ne-obazirem-se-ja-na-njihova-iskljucenja\/#respond\"]}]},{\"@type\":\"WebPage\",\"@id\":\"https:\/\/sandzakpress.net\/arhiva\/sahmanovic-o-bs-u-ne-obazirem-se-ja-na-njihova-iskljucenja\/\",\"url\":\"https:\/\/sandzakpress.net\/arhiva\/sahmanovic-o-bs-u-ne-obazirem-se-ja-na-njihova-iskljucenja\/\",\"name\":\"\u0160ahmanovi\u0107 o BS-u: Ne obazirem se ja na njihova isklju\u010denja\",\"isPartOf\":{\"@id\":\"https:\/\/sandzakpress.net\/arhiva\/#website\"},\"primaryImageOfPage\":{\"@id\":\"https:\/\/sandzakpress.net\/arhiva\/sahmanovic-o-bs-u-ne-obazirem-se-ja-na-njihova-iskljucenja\/#primaryimage\"},\"image\":{\"@id\":\"https:\/\/sandzakpress.net\/arhiva\/sahmanovic-o-bs-u-ne-obazirem-se-ja-na-njihova-iskljucenja\/#primaryimage\"},\"thumbnailUrl\":\"https:\/\/sandzakpress.net\/arhiva\/wp-content\/uploads\/2018\/05\/589ec3b0-dea0-4666-b46c-1c140a0a0a67-sahmanovic-preview.jpg\",\"datePublished\":\"2018-05-08T10:40:27+00:00\",\"breadcrumb\":{\"@id\":\"https:\/\/sandzakpress.net\/arhiva\/sahmanovic-o-bs-u-ne-obazirem-se-ja-na-njihova-iskljucenja\/#breadcrumb\"},\"inLanguage\":\"bs-BA\",\"potentialAction\":[{\"@type\":\"ReadAction\",\"target\":[\"https:\/\/sandzakpress.net\/arhiva\/sahmanovic-o-bs-u-ne-obazirem-se-ja-na-njihova-iskljucenja\/\"]}]},{\"@type\":\"ImageObject\",\"inLanguage\":\"bs-BA\",\"@id\":\"https:\/\/sandzakpress.net\/arhiva\/sahmanovic-o-bs-u-ne-obazirem-se-ja-na-njihova-iskljucenja\/#primaryimage\",\"url\":\"https:\/\/sandzakpress.net\/arhiva\/wp-content\/uploads\/2018\/05\/589ec3b0-dea0-4666-b46c-1c140a0a0a67-sahmanovic-preview.jpg\",\"contentUrl\":\"https:\/\/sandzakpress.net\/arhiva\/wp-content\/uploads\/2018\/05\/589ec3b0-dea0-4666-b46c-1c140a0a0a67-sahmanovic-preview.jpg\",\"width\":670,\"height\":433},{\"@type\":\"BreadcrumbList\",\"@id\":\"https:\/\/sandzakpress.net\/arhiva\/sahmanovic-o-bs-u-ne-obazirem-se-ja-na-njihova-iskljucenja\/#breadcrumb\",\"itemListElement\":[{\"@type\":\"ListItem\",\"position\":1,\"name\":\"Home\",\"item\":\"https:\/\/sandzakpress.net\/arhiva\/\"},{\"@type\":\"ListItem\",\"position\":2,\"name\":\"\u0160ahmanovi\u0107 o BS-u: Ne obazirem se ja na njihova isklju\u010denja\"}]},{\"@type\":\"WebSite\",\"@id\":\"https:\/\/sandzakpress.net\/arhiva\/#website\",\"url\":\"https:\/\/sandzakpress.net\/arhiva\/\",\"name\":\"Sand\u017eak PRESS\",\"description\":\"Prve elektronske novine u Sand\u017eaku\",\"publisher\":{\"@id\":\"https:\/\/sandzakpress.net\/arhiva\/#\/schema\/person\/6e72b67d6e51910a1117b3b483ba20bd\"},\"potentialAction\":[{\"@type\":\"SearchAction\",\"target\":{\"@type\":\"EntryPoint\",\"urlTemplate\":\"https:\/\/sandzakpress.net\/arhiva\/?s={search_term_string}\"},\"query-input\":{\"@type\":\"PropertyValueSpecification\",\"valueRequired\":true,\"valueName\":\"search_term_string\"}}],\"inLanguage\":\"bs-BA\"},{\"@type\":[\"Person\",\"Organization\"],\"@id\":\"https:\/\/sandzakpress.net\/arhiva\/#\/schema\/person\/6e72b67d6e51910a1117b3b483ba20bd\",\"name\":\"Kul\",\"image\":{\"@type\":\"ImageObject\",\"inLanguage\":\"bs-BA\",\"@id\":\"https:\/\/sandzakpress.net\/arhiva\/#\/schema\/person\/image\/\",\"url\":\"https:\/\/secure.gravatar.com\/avatar\/42263f39aa27ac04c43cab85c280eb2e?s=96&d=mm&r=pg\",\"contentUrl\":\"https:\/\/secure.gravatar.com\/avatar\/42263f39aa27ac04c43cab85c280eb2e?s=96&d=mm&r=pg\",\"caption\":\"Kul\"},\"logo\":{\"@id\":\"https:\/\/sandzakpress.net\/arhiva\/#\/schema\/person\/image\/\"}},{\"@type\":\"Person\",\"@id\":\"https:\/\/sandzakpress.net\/arhiva\/#\/schema\/person\/cb59d7e3ab91ab90dd680ad0305a6185\",\"name\":\"Agencija\",\"image\":{\"@type\":\"ImageObject\",\"inLanguage\":\"bs-BA\",\"@id\":\"https:\/\/sandzakpress.net\/arhiva\/#\/schema\/person\/image\/\",\"url\":\"https:\/\/secure.gravatar.com\/avatar\/4b7fafa80a22f0c2afe23966b3961fe0?s=96&d=mm&r=pg\",\"contentUrl\":\"https:\/\/secure.gravatar.com\/avatar\/4b7fafa80a22f0c2afe23966b3961fe0?s=96&d=mm&r=pg\",\"caption\":\"Agencija\"},\"url\":\"https:\/\/sandzakpress.net\/arhiva\/author\/agencija\/\"}]}<\/script>\n<!-- \/ Yoast SEO Premium plugin. -->","yoast_head_json":{"title":"\u0160ahmanovi\u0107 o BS-u: Ne obazirem se ja na njihova isklju\u010denja","robots":{"index":"index","follow":"follow","max-snippet":"max-snippet:-1","max-image-preview":"max-image-preview:large","max-video-preview":"max-video-preview:-1"},"canonical":"https:\/\/sandzakpress.net\/arhiva\/sahmanovic-o-bs-u-ne-obazirem-se-ja-na-njihova-iskljucenja\/","og_locale":"bs_BA","og_type":"article","og_title":"\u0160ahmanovi\u0107 o BS-u: Ne obazirem se ja na njihova isklju\u010denja","og_description":"Dugo je trajao sukob jednog od osniva\u010da Bo\u0161nja\u010dke stranke i predsjednika op\u0161tine \u00a0Plav Orhana \u0160ahmanovi\u0107a sa sada\u0161njim rukovodstvom te partije. Odavno se njihovo vi\u0111enje politi\u010dke realnosti u Crnoj Gori razlikuje. \u0160ahmanovi\u0107 nije bio od onih politi\u010dara kojima se moglo uticati na mi\u0161ljenje, svoje je stalno i glasno iznosio \u0161to je na kraju dovelo i do [&hellip;]","og_url":"https:\/\/sandzakpress.net\/arhiva\/sahmanovic-o-bs-u-ne-obazirem-se-ja-na-njihova-iskljucenja\/","og_site_name":"Sand\u017eak PRESS","article_published_time":"2018-05-08T10:40:27+00:00","og_image":[{"width":670,"height":433,"url":"https:\/\/sandzakpress.net\/arhiva\/wp-content\/uploads\/2018\/05\/589ec3b0-dea0-4666-b46c-1c140a0a0a67-sahmanovic-preview.jpg","type":"image\/jpeg"}],"author":"Agencija","twitter_card":"summary_large_image","twitter_misc":{"Written by":"Agencija","Est. reading time":"3 minute"},"schema":{"@context":"https:\/\/schema.org","@graph":[{"@type":"Article","@id":"https:\/\/sandzakpress.net\/arhiva\/sahmanovic-o-bs-u-ne-obazirem-se-ja-na-njihova-iskljucenja\/#article","isPartOf":{"@id":"https:\/\/sandzakpress.net\/arhiva\/sahmanovic-o-bs-u-ne-obazirem-se-ja-na-njihova-iskljucenja\/"},"author":{"name":"Agencija","@id":"https:\/\/sandzakpress.net\/arhiva\/#\/schema\/person\/cb59d7e3ab91ab90dd680ad0305a6185"},"headline":"\u0160ahmanovi\u0107 o BS-u: Ne obazirem se ja na njihova isklju\u010denja","datePublished":"2018-05-08T10:40:27+00:00","mainEntityOfPage":{"@id":"https:\/\/sandzakpress.net\/arhiva\/sahmanovic-o-bs-u-ne-obazirem-se-ja-na-njihova-iskljucenja\/"},"wordCount":563,"commentCount":1,"publisher":{"@id":"https:\/\/sandzakpress.net\/arhiva\/#\/schema\/person\/6e72b67d6e51910a1117b3b483ba20bd"},"image":{"@id":"https:\/\/sandzakpress.net\/arhiva\/sahmanovic-o-bs-u-ne-obazirem-se-ja-na-njihova-iskljucenja\/#primaryimage"},"thumbnailUrl":"https:\/\/sandzakpress.net\/arhiva\/wp-content\/uploads\/2018\/05\/589ec3b0-dea0-4666-b46c-1c140a0a0a67-sahmanovic-preview.jpg","articleSection":["Politika","Plav","VA\u017dNO!"],"inLanguage":"bs-BA","potentialAction":[{"@type":"CommentAction","name":"Comment","target":["https:\/\/sandzakpress.net\/arhiva\/sahmanovic-o-bs-u-ne-obazirem-se-ja-na-njihova-iskljucenja\/#respond"]}]},{"@type":"WebPage","@id":"https:\/\/sandzakpress.net\/arhiva\/sahmanovic-o-bs-u-ne-obazirem-se-ja-na-njihova-iskljucenja\/","url":"https:\/\/sandzakpress.net\/arhiva\/sahmanovic-o-bs-u-ne-obazirem-se-ja-na-njihova-iskljucenja\/","name":"\u0160ahmanovi\u0107 o BS-u: Ne obazirem se ja na njihova isklju\u010denja","isPartOf":{"@id":"https:\/\/sandzakpress.net\/arhiva\/#website"},"primaryImageOfPage":{"@id":"https:\/\/sandzakpress.net\/arhiva\/sahmanovic-o-bs-u-ne-obazirem-se-ja-na-njihova-iskljucenja\/#primaryimage"},"image":{"@id":"https:\/\/sandzakpress.net\/arhiva\/sahmanovic-o-bs-u-ne-obazirem-se-ja-na-njihova-iskljucenja\/#primaryimage"},"thumbnailUrl":"https:\/\/sandzakpress.net\/arhiva\/wp-content\/uploads\/2018\/05\/589ec3b0-dea0-4666-b46c-1c140a0a0a67-sahmanovic-preview.jpg","datePublished":"2018-05-08T10:40:27+00:00","breadcrumb":{"@id":"https:\/\/sandzakpress.net\/arhiva\/sahmanovic-o-bs-u-ne-obazirem-se-ja-na-njihova-iskljucenja\/#breadcrumb"},"inLanguage":"bs-BA","potentialAction":[{"@type":"ReadAction","target":["https:\/\/sandzakpress.net\/arhiva\/sahmanovic-o-bs-u-ne-obazirem-se-ja-na-njihova-iskljucenja\/"]}]},{"@type":"ImageObject","inLanguage":"bs-BA","@id":"https:\/\/sandzakpress.net\/arhiva\/sahmanovic-o-bs-u-ne-obazirem-se-ja-na-njihova-iskljucenja\/#primaryimage","url":"https:\/\/sandzakpress.net\/arhiva\/wp-content\/uploads\/2018\/05\/589ec3b0-dea0-4666-b46c-1c140a0a0a67-sahmanovic-preview.jpg","contentUrl":"https:\/\/sandzakpress.net\/arhiva\/wp-content\/uploads\/2018\/05\/589ec3b0-dea0-4666-b46c-1c140a0a0a67-sahmanovic-preview.jpg","width":670,"height":433},{"@type":"BreadcrumbList","@id":"https:\/\/sandzakpress.net\/arhiva\/sahmanovic-o-bs-u-ne-obazirem-se-ja-na-njihova-iskljucenja\/#breadcrumb","itemListElement":[{"@type":"ListItem","position":1,"name":"Home","item":"https:\/\/sandzakpress.net\/arhiva\/"},{"@type":"ListItem","position":2,"name":"\u0160ahmanovi\u0107 o BS-u: Ne obazirem se ja na njihova isklju\u010denja"}]},{"@type":"WebSite","@id":"https:\/\/sandzakpress.net\/arhiva\/#website","url":"https:\/\/sandzakpress.net\/arhiva\/","name":"Sand\u017eak PRESS","description":"Prve elektronske novine u Sand\u017eaku","publisher":{"@id":"https:\/\/sandzakpress.net\/arhiva\/#\/schema\/person\/6e72b67d6e51910a1117b3b483ba20bd"},"potentialAction":[{"@type":"SearchAction","target":{"@type":"EntryPoint","urlTemplate":"https:\/\/sandzakpress.net\/arhiva\/?s={search_term_string}"},"query-input":{"@type":"PropertyValueSpecification","valueRequired":true,"valueName":"search_term_string"}}],"inLanguage":"bs-BA"},{"@type":["Person","Organization"],"@id":"https:\/\/sandzakpress.net\/arhiva\/#\/schema\/person\/6e72b67d6e51910a1117b3b483ba20bd","name":"Kul","image":{"@type":"ImageObject","inLanguage":"bs-BA","@id":"https:\/\/sandzakpress.net\/arhiva\/#\/schema\/person\/image\/","url":"https:\/\/secure.gravatar.com\/avatar\/42263f39aa27ac04c43cab85c280eb2e?s=96&d=mm&r=pg","contentUrl":"https:\/\/secure.gravatar.com\/avatar\/42263f39aa27ac04c43cab85c280eb2e?s=96&d=mm&r=pg","caption":"Kul"},"logo":{"@id":"https:\/\/sandzakpress.net\/arhiva\/#\/schema\/person\/image\/"}},{"@type":"Person","@id":"https:\/\/sandzakpress.net\/arhiva\/#\/schema\/person\/cb59d7e3ab91ab90dd680ad0305a6185","name":"Agencija","image":{"@type":"ImageObject","inLanguage":"bs-BA","@id":"https:\/\/sandzakpress.net\/arhiva\/#\/schema\/person\/image\/","url":"https:\/\/secure.gravatar.com\/avatar\/4b7fafa80a22f0c2afe23966b3961fe0?s=96&d=mm&r=pg","contentUrl":"https:\/\/secure.gravatar.com\/avatar\/4b7fafa80a22f0c2afe23966b3961fe0?s=96&d=mm&r=pg","caption":"Agencija"},"url":"https:\/\/sandzakpress.net\/arhiva\/author\/agencija\/"}]}},"_links":{"self":[{"href":"https:\/\/sandzakpress.net\/arhiva\/wp-json\/wp\/v2\/posts\/206479"}],"collection":[{"href":"https:\/\/sandzakpress.net\/arhiva\/wp-json\/wp\/v2\/posts"}],"about":[{"href":"https:\/\/sandzakpress.net\/arhiva\/wp-json\/wp\/v2\/types\/post"}],"author":[{"embeddable":true,"href":"https:\/\/sandzakpress.net\/arhiva\/wp-json\/wp\/v2\/users\/509"}],"replies":[{"embeddable":true,"href":"https:\/\/sandzakpress.net\/arhiva\/wp-json\/wp\/v2\/comments?post=206479"}],"version-history":[{"count":0,"href":"https:\/\/sandzakpress.net\/arhiva\/wp-json\/wp\/v2\/posts\/206479\/revisions"}],"wp:featuredmedia":[{"embeddable":true,"href":"https:\/\/sandzakpress.net\/arhiva\/wp-json\/wp\/v2\/media\/206488"}],"wp:attachment":[{"href":"https:\/\/sandzakpress.net\/arhiva\/wp-json\/wp\/v2\/media?parent=206479"}],"wp:term":[{"taxonomy":"category","embeddable":true,"href":"https:\/\/sandzakpress.net\/arhiva\/wp-json\/wp\/v2\/categories?post=206479"},{"taxonomy":"post_tag","embeddable":true,"href":"https:\/\/sandzakpress.net\/arhiva\/wp-json\/wp\/v2\/tags?post=206479"}],"curies":[{"name":"wp","href":"https:\/\/api.w.org\/{rel}","templated":true}]}}