{"id":206449,"date":"2018-05-07T15:37:42","date_gmt":"2018-05-07T13:37:42","guid":{"rendered":"https:\/\/sandzakpress.net\/arhiva\/?p=206449"},"modified":"2018-05-07T13:40:05","modified_gmt":"2018-05-07T11:40:05","slug":"safet-kalic-slobodan-gradanin-kralj-bjekstva-se-vratio-u-rodni-grad","status":"publish","type":"post","link":"https:\/\/sandzakpress.net\/arhiva\/safet-kalic-slobodan-gradanin-kralj-bjekstva-se-vratio-u-rodni-grad\/","title":{"rendered":"Safet Kali\u0107 slobodan gra\u0111anin: \u201cKralj bjekstva\u201d se vratio u rodni grad"},"content":{"rendered":"<p><img decoding=\"async\" src=\"http:\/\/www.sandzacke.rs\/wp-content\/uploads\/2018\/05\/safet-kalic-5-696x469.jpg\" \/><\/p>\n<p>Kralj bjekstva, najtra\u017eeniji crnogorski bjegunac, kralj heroina \u2026 samo su neki od medijiskih nadimaka najpoznatijeg Ro\u017eajca Safeta Kali\u0107a koji su postali pro\u0161lost.<\/p>\n<p>On se ju\u010der, nakon skoro sedam godina, kao slobodan gra\u0111anin vratio u rodni grad po\u0161to je pu\u0161ten iz njema\u010dkog zatvora, ali i nakon \u0161to su ga crnogorski sudovi pravosna\u017eno oslobodili optu\u017ebi da je zajedno sa suprugom Aminom i bratom Mersudinom oprao skoro osam miliona eura ste\u010denih prodajom droge, pi\u0161u\u00a0<a href=\"http:\/\/www.vijesti.me\/tv\/safet-kalic-slobodan-gradanin-kralj-bjekstva-se-vratio-u-rodni-grad-987205\">Vijesti.me<\/a>.<\/p>\n<p>U ovom trenutku se ne zna ta\u010dno da li je Njema\u010dka protiv njega zbog \u0161verca droge iz 1994. godine obustavila postupak ili je osu\u0111en na minimalnu kaznu koju je izdr\u017eao u pritvoru. To nije \u017eelio da otkrije ni njegov advokat.<\/p>\n<p>\u201cMogu da potvrdim da moj branjenik Kali\u0107 Safet je doputovao u Crnu Goru nalazi se u Ro\u017eajama i mogu da ka\u017eem da je on u postupku koji je vo\u0111en pred bjelopoljskim vi\u0161im sudom pravosna\u017eno oslobo\u0111en i da se radi o oslobo\u0111enom nevinom \u010dovjeku koji je sada trenutno u Crnoj Gori\u201d, kazao je advokat porodice Kali\u0107, Dragoljub \u0110ukanovi\u0107.<\/p>\n<p>Crnu Goru napustio je krajem jula 2011. godine, kada su po nalogu tu\u017eila\u0161tva, zbog sumnji u pranje novca, uhap\u0161eni njegovi najbli\u017ei \u2013 supruga i brat. Nadle\u017eni organi tada raspisuju potjernicu za njim, ali on naredne tri godine uspijeva vje\u0161to da se skriva. Pada u oktobru 2015. u Austriji.<\/p>\n<p>\u201cNa osnovu intenzivne komunikacije policija Crne Gore i Austrije, a shodno raspisanoj potjernici NCB Interpol Podgorica i podataka da \u0107e Kali\u0107 Safet posjetiti Be\u010d navednog dana u 15.30 \u010dasova jedinica za potrage savezne kriminalisti\u010dke slu\u017ebe Austrije u saradnji sa austrijskim specijalnim timom za hap\u0161enja, postupaju\u0107i po me\u0111unarodnoj potjernici NCB Interpol Podgorca, izvr\u0161ili su lociranje i hap\u0161enje crnogorskog dr\u017eavljanina Kali\u0107 Safeta\u201d, kazao je tada\u0161nji ministar unutra\u0161njih poslova Ra\u0161ko Konjevi\u0107.<\/p>\n<p><iframe loading=\"lazy\" title=\"STIGAO SAFET KALI\u0106 - TV VIJESTI 05.05.2018.\" width=\"696\" height=\"392\" src=\"https:\/\/www.youtube.com\/embed\/PV-Z94Ug0O0?feature=oembed\" frameborder=\"0\" allow=\"accelerometer; autoplay; encrypted-media; gyroscope; picture-in-picture\" allowfullscreen><\/iframe><\/p>\n<p>&nbsp;<\/p>\n<p>Tokom tri godine skrivanja, Kali\u0107 je \u010desto mijenjao paso\u0161e i identitet. La\u017eni paso\u0161 kod Kali\u0107a je prona\u0111en i prilikom njegovog hap\u0161enja.<\/p>\n<p>\u201cU momentu li\u0161enja slobode je koristio kosovski identifikacioni dokument paso\u0161 broj\u2026izdat na ime Murik Rifat ro\u0111en 1970 u mjestu Lipnja Kosovo\u201d, saop\u0161tio je tada Konjevi\u0107.<\/p>\n<p>Njegovo hap\u0161enje bilo je razlog da bjelopoljski Vi\u0161i Sud odgodi izricanje presude u postupku koji je pokrenut, o\u010dekuju\u0107i njegovo izru\u010denje. Kada je stigao odgovor od njema\u010dkih nadle\u017enih organa, koji su tako\u0111e tragali za njim, da postoji mogu\u0107nost da Kali\u0107a privremeno izru\u010de Crnoj Gori kako mu se vi\u0161e ne bi sudilo u odsustvu, bjelopoljski sud odlu\u010dio je da postupak ipak zavr\u0161i bez njega. U decembru naredne godine Kali\u0107e osloba\u0111a svih optu\u017ebi.<\/p>\n<p>\u201cMogu jo\u0161 da ka\u017eem da se osloba\u0111aju\u0107om presudom potvrdilo ono \u0161to smo porodica, Safet Kali\u0107, a i ja i mi svi koji smo a branili tvrdili da se radilo o potpuno nevinom \u010dovjeku i da nije bilo mjesta nikakvom optu\u017eenju\u201d, ka\u017ee advokat \u0110ukanovi\u0107.<\/p>\n<p>To su kasnije potvrdile i sudije Vrhovnog suda, pa \u0107e sada zbog lo\u0161e optu\u017enice gra\u0111ani Kali\u0107ima platiti pozama\u0161nu od\u0161tetu.<\/p>\n<p>Kali\u0107 je u \u017ei\u017eu javnosti prvi put dospio u vrijeme akcije \u201csablja\u201d 2003. godine, kada ga je srpska policija imenovala kao jednog od glavnih snabdjeva\u010da heroinom zemunskog klana. Potom su na internetu za\u017eivjeli snimci sa Kali\u0107evog vjen\u010danja kada su se me\u0111u brojnim zvanicama na\u0161li predstavnici srpskog kriminala, ali i crnogorske slu\u017ebe dr\u017eavne bezbjednosti.<\/p>\n<p>(Vijesti)<\/p>\n","protected":false},"excerpt":{"rendered":"<p>Kralj bjekstva, najtra\u017eeniji crnogorski bjegunac, kralj heroina \u2026 samo su neki od medijiskih nadimaka najpoznatijeg Ro\u017eajca Safeta Kali\u0107a koji su postali pro\u0161lost. On se ju\u010der, nakon skoro sedam godina, kao slobodan gra\u0111anin vratio u rodni grad po\u0161to je pu\u0161ten iz njema\u010dkog zatvora, ali i nakon \u0161to su ga crnogorski sudovi pravosna\u017eno oslobodili optu\u017ebi da je [&hellip;]<\/p>\n","protected":false},"author":509,"featured_media":206463,"comment_status":"open","ping_status":"open","sticky":false,"template":"","format":"standard","meta":{"footnotes":""},"categories":[398,801,10429],"tags":[],"class_list":{"0":"post-206449","1":"post","2":"type-post","3":"status-publish","4":"format-standard","5":"has-post-thumbnail","7":"category-rozaje","8":"category-crna_hronika","9":"category-vazno"},"yoast_head":"<!-- This site is optimized with the Yoast SEO Premium plugin v23.1 (Yoast SEO v24.9) - https:\/\/yoast.com\/wordpress\/plugins\/seo\/ -->\n<title>Safet Kali\u0107 slobodan gra\u0111anin: \u201cKralj bjekstva\u201d se vratio u rodni grad<\/title>\n<meta name=\"robots\" content=\"index, follow, max-snippet:-1, max-image-preview:large, max-video-preview:-1\" \/>\n<link rel=\"canonical\" href=\"https:\/\/sandzakpress.net\/arhiva\/safet-kalic-slobodan-gradanin-kralj-bjekstva-se-vratio-u-rodni-grad\/\" \/>\n<meta property=\"og:locale\" content=\"bs_BA\" \/>\n<meta property=\"og:type\" content=\"article\" \/>\n<meta property=\"og:title\" content=\"Safet Kali\u0107 slobodan gra\u0111anin: \u201cKralj bjekstva\u201d se vratio u rodni grad\" \/>\n<meta property=\"og:description\" content=\"Kralj bjekstva, najtra\u017eeniji crnogorski bjegunac, kralj heroina \u2026 samo su neki od medijiskih nadimaka najpoznatijeg Ro\u017eajca Safeta Kali\u0107a koji su postali pro\u0161lost. On se ju\u010der, nakon skoro sedam godina, kao slobodan gra\u0111anin vratio u rodni grad po\u0161to je pu\u0161ten iz njema\u010dkog zatvora, ali i nakon \u0161to su ga crnogorski sudovi pravosna\u017eno oslobodili optu\u017ebi da je [&hellip;]\" \/>\n<meta property=\"og:url\" content=\"https:\/\/sandzakpress.net\/arhiva\/safet-kalic-slobodan-gradanin-kralj-bjekstva-se-vratio-u-rodni-grad\/\" \/>\n<meta property=\"og:site_name\" content=\"Sand\u017eak PRESS\" \/>\n<meta property=\"article:published_time\" content=\"2018-05-07T13:37:42+00:00\" \/>\n<meta property=\"og:image\" content=\"https:\/\/sandzakpress.net\/arhiva\/wp-content\/uploads\/2018\/05\/safet-kalic-5-696x469.jpg\" \/>\n\t<meta property=\"og:image:width\" content=\"696\" \/>\n\t<meta property=\"og:image:height\" content=\"469\" \/>\n\t<meta property=\"og:image:type\" content=\"image\/jpeg\" \/>\n<meta name=\"author\" content=\"Agencija\" \/>\n<meta name=\"twitter:card\" content=\"summary_large_image\" \/>\n<meta name=\"twitter:label1\" content=\"Written by\" \/>\n\t<meta name=\"twitter:data1\" content=\"Agencija\" \/>\n\t<meta name=\"twitter:label2\" content=\"Est. reading time\" \/>\n\t<meta name=\"twitter:data2\" content=\"3 minute\" \/>\n<script type=\"application\/ld+json\" class=\"yoast-schema-graph\">{\"@context\":\"https:\/\/schema.org\",\"@graph\":[{\"@type\":\"Article\",\"@id\":\"https:\/\/sandzakpress.net\/arhiva\/safet-kalic-slobodan-gradanin-kralj-bjekstva-se-vratio-u-rodni-grad\/#article\",\"isPartOf\":{\"@id\":\"https:\/\/sandzakpress.net\/arhiva\/safet-kalic-slobodan-gradanin-kralj-bjekstva-se-vratio-u-rodni-grad\/\"},\"author\":{\"name\":\"Agencija\",\"@id\":\"https:\/\/sandzakpress.net\/arhiva\/#\/schema\/person\/cb59d7e3ab91ab90dd680ad0305a6185\"},\"headline\":\"Safet Kali\u0107 slobodan gra\u0111anin: \u201cKralj bjekstva\u201d se vratio u rodni grad\",\"datePublished\":\"2018-05-07T13:37:42+00:00\",\"mainEntityOfPage\":{\"@id\":\"https:\/\/sandzakpress.net\/arhiva\/safet-kalic-slobodan-gradanin-kralj-bjekstva-se-vratio-u-rodni-grad\/\"},\"wordCount\":616,\"commentCount\":0,\"publisher\":{\"@id\":\"https:\/\/sandzakpress.net\/arhiva\/#\/schema\/person\/6e72b67d6e51910a1117b3b483ba20bd\"},\"image\":{\"@id\":\"https:\/\/sandzakpress.net\/arhiva\/safet-kalic-slobodan-gradanin-kralj-bjekstva-se-vratio-u-rodni-grad\/#primaryimage\"},\"thumbnailUrl\":\"https:\/\/sandzakpress.net\/arhiva\/wp-content\/uploads\/2018\/05\/safet-kalic-5-696x469.jpg\",\"articleSection\":[\"Ro\u017eaje\",\"Hronika\",\"VA\u017dNO!\"],\"inLanguage\":\"bs-BA\",\"potentialAction\":[{\"@type\":\"CommentAction\",\"name\":\"Comment\",\"target\":[\"https:\/\/sandzakpress.net\/arhiva\/safet-kalic-slobodan-gradanin-kralj-bjekstva-se-vratio-u-rodni-grad\/#respond\"]}]},{\"@type\":\"WebPage\",\"@id\":\"https:\/\/sandzakpress.net\/arhiva\/safet-kalic-slobodan-gradanin-kralj-bjekstva-se-vratio-u-rodni-grad\/\",\"url\":\"https:\/\/sandzakpress.net\/arhiva\/safet-kalic-slobodan-gradanin-kralj-bjekstva-se-vratio-u-rodni-grad\/\",\"name\":\"Safet Kali\u0107 slobodan gra\u0111anin: \u201cKralj bjekstva\u201d se vratio u rodni grad\",\"isPartOf\":{\"@id\":\"https:\/\/sandzakpress.net\/arhiva\/#website\"},\"primaryImageOfPage\":{\"@id\":\"https:\/\/sandzakpress.net\/arhiva\/safet-kalic-slobodan-gradanin-kralj-bjekstva-se-vratio-u-rodni-grad\/#primaryimage\"},\"image\":{\"@id\":\"https:\/\/sandzakpress.net\/arhiva\/safet-kalic-slobodan-gradanin-kralj-bjekstva-se-vratio-u-rodni-grad\/#primaryimage\"},\"thumbnailUrl\":\"https:\/\/sandzakpress.net\/arhiva\/wp-content\/uploads\/2018\/05\/safet-kalic-5-696x469.jpg\",\"datePublished\":\"2018-05-07T13:37:42+00:00\",\"breadcrumb\":{\"@id\":\"https:\/\/sandzakpress.net\/arhiva\/safet-kalic-slobodan-gradanin-kralj-bjekstva-se-vratio-u-rodni-grad\/#breadcrumb\"},\"inLanguage\":\"bs-BA\",\"potentialAction\":[{\"@type\":\"ReadAction\",\"target\":[\"https:\/\/sandzakpress.net\/arhiva\/safet-kalic-slobodan-gradanin-kralj-bjekstva-se-vratio-u-rodni-grad\/\"]}]},{\"@type\":\"ImageObject\",\"inLanguage\":\"bs-BA\",\"@id\":\"https:\/\/sandzakpress.net\/arhiva\/safet-kalic-slobodan-gradanin-kralj-bjekstva-se-vratio-u-rodni-grad\/#primaryimage\",\"url\":\"https:\/\/sandzakpress.net\/arhiva\/wp-content\/uploads\/2018\/05\/safet-kalic-5-696x469.jpg\",\"contentUrl\":\"https:\/\/sandzakpress.net\/arhiva\/wp-content\/uploads\/2018\/05\/safet-kalic-5-696x469.jpg\",\"width\":696,\"height\":469},{\"@type\":\"BreadcrumbList\",\"@id\":\"https:\/\/sandzakpress.net\/arhiva\/safet-kalic-slobodan-gradanin-kralj-bjekstva-se-vratio-u-rodni-grad\/#breadcrumb\",\"itemListElement\":[{\"@type\":\"ListItem\",\"position\":1,\"name\":\"Home\",\"item\":\"https:\/\/sandzakpress.net\/arhiva\/\"},{\"@type\":\"ListItem\",\"position\":2,\"name\":\"Safet Kali\u0107 slobodan gra\u0111anin: \u201cKralj bjekstva\u201d se vratio u rodni grad\"}]},{\"@type\":\"WebSite\",\"@id\":\"https:\/\/sandzakpress.net\/arhiva\/#website\",\"url\":\"https:\/\/sandzakpress.net\/arhiva\/\",\"name\":\"Sand\u017eak PRESS\",\"description\":\"Prve elektronske novine u Sand\u017eaku\",\"publisher\":{\"@id\":\"https:\/\/sandzakpress.net\/arhiva\/#\/schema\/person\/6e72b67d6e51910a1117b3b483ba20bd\"},\"potentialAction\":[{\"@type\":\"SearchAction\",\"target\":{\"@type\":\"EntryPoint\",\"urlTemplate\":\"https:\/\/sandzakpress.net\/arhiva\/?s={search_term_string}\"},\"query-input\":{\"@type\":\"PropertyValueSpecification\",\"valueRequired\":true,\"valueName\":\"search_term_string\"}}],\"inLanguage\":\"bs-BA\"},{\"@type\":[\"Person\",\"Organization\"],\"@id\":\"https:\/\/sandzakpress.net\/arhiva\/#\/schema\/person\/6e72b67d6e51910a1117b3b483ba20bd\",\"name\":\"Kul\",\"image\":{\"@type\":\"ImageObject\",\"inLanguage\":\"bs-BA\",\"@id\":\"https:\/\/sandzakpress.net\/arhiva\/#\/schema\/person\/image\/\",\"url\":\"https:\/\/secure.gravatar.com\/avatar\/42263f39aa27ac04c43cab85c280eb2e?s=96&d=mm&r=pg\",\"contentUrl\":\"https:\/\/secure.gravatar.com\/avatar\/42263f39aa27ac04c43cab85c280eb2e?s=96&d=mm&r=pg\",\"caption\":\"Kul\"},\"logo\":{\"@id\":\"https:\/\/sandzakpress.net\/arhiva\/#\/schema\/person\/image\/\"}},{\"@type\":\"Person\",\"@id\":\"https:\/\/sandzakpress.net\/arhiva\/#\/schema\/person\/cb59d7e3ab91ab90dd680ad0305a6185\",\"name\":\"Agencija\",\"image\":{\"@type\":\"ImageObject\",\"inLanguage\":\"bs-BA\",\"@id\":\"https:\/\/sandzakpress.net\/arhiva\/#\/schema\/person\/image\/\",\"url\":\"https:\/\/secure.gravatar.com\/avatar\/4b7fafa80a22f0c2afe23966b3961fe0?s=96&d=mm&r=pg\",\"contentUrl\":\"https:\/\/secure.gravatar.com\/avatar\/4b7fafa80a22f0c2afe23966b3961fe0?s=96&d=mm&r=pg\",\"caption\":\"Agencija\"},\"url\":\"https:\/\/sandzakpress.net\/arhiva\/author\/agencija\/\"}]}<\/script>\n<!-- \/ Yoast SEO Premium plugin. -->","yoast_head_json":{"title":"Safet Kali\u0107 slobodan gra\u0111anin: \u201cKralj bjekstva\u201d se vratio u rodni grad","robots":{"index":"index","follow":"follow","max-snippet":"max-snippet:-1","max-image-preview":"max-image-preview:large","max-video-preview":"max-video-preview:-1"},"canonical":"https:\/\/sandzakpress.net\/arhiva\/safet-kalic-slobodan-gradanin-kralj-bjekstva-se-vratio-u-rodni-grad\/","og_locale":"bs_BA","og_type":"article","og_title":"Safet Kali\u0107 slobodan gra\u0111anin: \u201cKralj bjekstva\u201d se vratio u rodni grad","og_description":"Kralj bjekstva, najtra\u017eeniji crnogorski bjegunac, kralj heroina \u2026 samo su neki od medijiskih nadimaka najpoznatijeg Ro\u017eajca Safeta Kali\u0107a koji su postali pro\u0161lost. On se ju\u010der, nakon skoro sedam godina, kao slobodan gra\u0111anin vratio u rodni grad po\u0161to je pu\u0161ten iz njema\u010dkog zatvora, ali i nakon \u0161to su ga crnogorski sudovi pravosna\u017eno oslobodili optu\u017ebi da je [&hellip;]","og_url":"https:\/\/sandzakpress.net\/arhiva\/safet-kalic-slobodan-gradanin-kralj-bjekstva-se-vratio-u-rodni-grad\/","og_site_name":"Sand\u017eak PRESS","article_published_time":"2018-05-07T13:37:42+00:00","og_image":[{"width":696,"height":469,"url":"https:\/\/sandzakpress.net\/arhiva\/wp-content\/uploads\/2018\/05\/safet-kalic-5-696x469.jpg","type":"image\/jpeg"}],"author":"Agencija","twitter_card":"summary_large_image","twitter_misc":{"Written by":"Agencija","Est. reading time":"3 minute"},"schema":{"@context":"https:\/\/schema.org","@graph":[{"@type":"Article","@id":"https:\/\/sandzakpress.net\/arhiva\/safet-kalic-slobodan-gradanin-kralj-bjekstva-se-vratio-u-rodni-grad\/#article","isPartOf":{"@id":"https:\/\/sandzakpress.net\/arhiva\/safet-kalic-slobodan-gradanin-kralj-bjekstva-se-vratio-u-rodni-grad\/"},"author":{"name":"Agencija","@id":"https:\/\/sandzakpress.net\/arhiva\/#\/schema\/person\/cb59d7e3ab91ab90dd680ad0305a6185"},"headline":"Safet Kali\u0107 slobodan gra\u0111anin: \u201cKralj bjekstva\u201d se vratio u rodni grad","datePublished":"2018-05-07T13:37:42+00:00","mainEntityOfPage":{"@id":"https:\/\/sandzakpress.net\/arhiva\/safet-kalic-slobodan-gradanin-kralj-bjekstva-se-vratio-u-rodni-grad\/"},"wordCount":616,"commentCount":0,"publisher":{"@id":"https:\/\/sandzakpress.net\/arhiva\/#\/schema\/person\/6e72b67d6e51910a1117b3b483ba20bd"},"image":{"@id":"https:\/\/sandzakpress.net\/arhiva\/safet-kalic-slobodan-gradanin-kralj-bjekstva-se-vratio-u-rodni-grad\/#primaryimage"},"thumbnailUrl":"https:\/\/sandzakpress.net\/arhiva\/wp-content\/uploads\/2018\/05\/safet-kalic-5-696x469.jpg","articleSection":["Ro\u017eaje","Hronika","VA\u017dNO!"],"inLanguage":"bs-BA","potentialAction":[{"@type":"CommentAction","name":"Comment","target":["https:\/\/sandzakpress.net\/arhiva\/safet-kalic-slobodan-gradanin-kralj-bjekstva-se-vratio-u-rodni-grad\/#respond"]}]},{"@type":"WebPage","@id":"https:\/\/sandzakpress.net\/arhiva\/safet-kalic-slobodan-gradanin-kralj-bjekstva-se-vratio-u-rodni-grad\/","url":"https:\/\/sandzakpress.net\/arhiva\/safet-kalic-slobodan-gradanin-kralj-bjekstva-se-vratio-u-rodni-grad\/","name":"Safet Kali\u0107 slobodan gra\u0111anin: \u201cKralj bjekstva\u201d se vratio u rodni grad","isPartOf":{"@id":"https:\/\/sandzakpress.net\/arhiva\/#website"},"primaryImageOfPage":{"@id":"https:\/\/sandzakpress.net\/arhiva\/safet-kalic-slobodan-gradanin-kralj-bjekstva-se-vratio-u-rodni-grad\/#primaryimage"},"image":{"@id":"https:\/\/sandzakpress.net\/arhiva\/safet-kalic-slobodan-gradanin-kralj-bjekstva-se-vratio-u-rodni-grad\/#primaryimage"},"thumbnailUrl":"https:\/\/sandzakpress.net\/arhiva\/wp-content\/uploads\/2018\/05\/safet-kalic-5-696x469.jpg","datePublished":"2018-05-07T13:37:42+00:00","breadcrumb":{"@id":"https:\/\/sandzakpress.net\/arhiva\/safet-kalic-slobodan-gradanin-kralj-bjekstva-se-vratio-u-rodni-grad\/#breadcrumb"},"inLanguage":"bs-BA","potentialAction":[{"@type":"ReadAction","target":["https:\/\/sandzakpress.net\/arhiva\/safet-kalic-slobodan-gradanin-kralj-bjekstva-se-vratio-u-rodni-grad\/"]}]},{"@type":"ImageObject","inLanguage":"bs-BA","@id":"https:\/\/sandzakpress.net\/arhiva\/safet-kalic-slobodan-gradanin-kralj-bjekstva-se-vratio-u-rodni-grad\/#primaryimage","url":"https:\/\/sandzakpress.net\/arhiva\/wp-content\/uploads\/2018\/05\/safet-kalic-5-696x469.jpg","contentUrl":"https:\/\/sandzakpress.net\/arhiva\/wp-content\/uploads\/2018\/05\/safet-kalic-5-696x469.jpg","width":696,"height":469},{"@type":"BreadcrumbList","@id":"https:\/\/sandzakpress.net\/arhiva\/safet-kalic-slobodan-gradanin-kralj-bjekstva-se-vratio-u-rodni-grad\/#breadcrumb","itemListElement":[{"@type":"ListItem","position":1,"name":"Home","item":"https:\/\/sandzakpress.net\/arhiva\/"},{"@type":"ListItem","position":2,"name":"Safet Kali\u0107 slobodan gra\u0111anin: \u201cKralj bjekstva\u201d se vratio u rodni grad"}]},{"@type":"WebSite","@id":"https:\/\/sandzakpress.net\/arhiva\/#website","url":"https:\/\/sandzakpress.net\/arhiva\/","name":"Sand\u017eak PRESS","description":"Prve elektronske novine u Sand\u017eaku","publisher":{"@id":"https:\/\/sandzakpress.net\/arhiva\/#\/schema\/person\/6e72b67d6e51910a1117b3b483ba20bd"},"potentialAction":[{"@type":"SearchAction","target":{"@type":"EntryPoint","urlTemplate":"https:\/\/sandzakpress.net\/arhiva\/?s={search_term_string}"},"query-input":{"@type":"PropertyValueSpecification","valueRequired":true,"valueName":"search_term_string"}}],"inLanguage":"bs-BA"},{"@type":["Person","Organization"],"@id":"https:\/\/sandzakpress.net\/arhiva\/#\/schema\/person\/6e72b67d6e51910a1117b3b483ba20bd","name":"Kul","image":{"@type":"ImageObject","inLanguage":"bs-BA","@id":"https:\/\/sandzakpress.net\/arhiva\/#\/schema\/person\/image\/","url":"https:\/\/secure.gravatar.com\/avatar\/42263f39aa27ac04c43cab85c280eb2e?s=96&d=mm&r=pg","contentUrl":"https:\/\/secure.gravatar.com\/avatar\/42263f39aa27ac04c43cab85c280eb2e?s=96&d=mm&r=pg","caption":"Kul"},"logo":{"@id":"https:\/\/sandzakpress.net\/arhiva\/#\/schema\/person\/image\/"}},{"@type":"Person","@id":"https:\/\/sandzakpress.net\/arhiva\/#\/schema\/person\/cb59d7e3ab91ab90dd680ad0305a6185","name":"Agencija","image":{"@type":"ImageObject","inLanguage":"bs-BA","@id":"https:\/\/sandzakpress.net\/arhiva\/#\/schema\/person\/image\/","url":"https:\/\/secure.gravatar.com\/avatar\/4b7fafa80a22f0c2afe23966b3961fe0?s=96&d=mm&r=pg","contentUrl":"https:\/\/secure.gravatar.com\/avatar\/4b7fafa80a22f0c2afe23966b3961fe0?s=96&d=mm&r=pg","caption":"Agencija"},"url":"https:\/\/sandzakpress.net\/arhiva\/author\/agencija\/"}]}},"_links":{"self":[{"href":"https:\/\/sandzakpress.net\/arhiva\/wp-json\/wp\/v2\/posts\/206449"}],"collection":[{"href":"https:\/\/sandzakpress.net\/arhiva\/wp-json\/wp\/v2\/posts"}],"about":[{"href":"https:\/\/sandzakpress.net\/arhiva\/wp-json\/wp\/v2\/types\/post"}],"author":[{"embeddable":true,"href":"https:\/\/sandzakpress.net\/arhiva\/wp-json\/wp\/v2\/users\/509"}],"replies":[{"embeddable":true,"href":"https:\/\/sandzakpress.net\/arhiva\/wp-json\/wp\/v2\/comments?post=206449"}],"version-history":[{"count":0,"href":"https:\/\/sandzakpress.net\/arhiva\/wp-json\/wp\/v2\/posts\/206449\/revisions"}],"wp:featuredmedia":[{"embeddable":true,"href":"https:\/\/sandzakpress.net\/arhiva\/wp-json\/wp\/v2\/media\/206463"}],"wp:attachment":[{"href":"https:\/\/sandzakpress.net\/arhiva\/wp-json\/wp\/v2\/media?parent=206449"}],"wp:term":[{"taxonomy":"category","embeddable":true,"href":"https:\/\/sandzakpress.net\/arhiva\/wp-json\/wp\/v2\/categories?post=206449"},{"taxonomy":"post_tag","embeddable":true,"href":"https:\/\/sandzakpress.net\/arhiva\/wp-json\/wp\/v2\/tags?post=206449"}],"curies":[{"name":"wp","href":"https:\/\/api.w.org\/{rel}","templated":true}]}}