{"id":206240,"date":"2018-05-02T16:36:28","date_gmt":"2018-05-02T14:36:28","guid":{"rendered":"https:\/\/sandzakpress.net\/arhiva\/?p=206240"},"modified":"2018-05-02T16:36:28","modified_gmt":"2018-05-02T14:36:28","slug":"sabaheta-novalic-i-dalje-pravi-cilime-na-razboju-starom-100-godina","status":"publish","type":"post","link":"https:\/\/sandzakpress.net\/arhiva\/sabaheta-novalic-i-dalje-pravi-cilime-na-razboju-starom-100-godina\/","title":{"rendered":"SABAHETA NOVALI\u0106 I DALJE PRAVI \u0106ILIME NA RAZBOJU STAROM 100 GODINA"},"content":{"rendered":"<p><img loading=\"lazy\" decoding=\"async\" class=\"aligncenter\" src=\"http:\/\/www.radiopetnjica.me\/wp-content\/uploads\/2018\/04\/31657996_950972578417455_7009853167894528000_n.jpg\" width=\"620\" height=\"1123\" \/><\/p>\n<p>Od stvari koje su nekada ukra\u0161avele ku\u0107u skoro svakog Bihorca, ostale su samo one koje se \u010duvaju da se ne zaborave i one koje bi mogle biti zanimljiva stvar u muzeju.<\/p>\n<p>Sabaheta Novali\u0107, predsjednica udru\u017eenja \u201cVrijedne ruke\u201d sa\u010duvala je stare, tradicionalne rukotvorine pa se u njenoj ku\u0107i mo\u017ee na\u0107i bar po jedna od rukotvorina iz starih vremena, po\u010dev od heklanica na zidovima pa do \u0107ilima i vunenih tepiha.<\/p>\n<p>Sve \u0161to danas posjeduje nau\u010dila je jo\u0161 u djetinjstvu, a danas se ve\u0107 ozbiljno bavi tim poslom u pogonu na Kutnjem brdu, na granici izme\u0111u Lagatora i Trpezi. Ona posjeduje jedan od najstarijih razboja na podru\u010dju Bihora.<\/p>\n<p>\u201cOd drugog razreda osnovne \u0161kole po\u010dela sam da tkem, pletem i vezem i tada sam uspjela da sakupim prvi novac koji sam iskoristila da kupim neophodna sredstva za \u0161kolovanje. Rasla sam u vi\u0161e\u010dlanoj porodici i svaki \u201cdinar\u201d je bio va\u017ean, a svako je poku\u0161ao da doprinese koliko mo\u017ee. I tako dan po dan, \u010darape po \u010darape, \u0107ilim po \u0107ilim pa do dana\u0161njeg pogona u kojem proizvodim sve te tradicionalne rukotvorine\u201d, pri\u010da Sabaheta za portal Radija Petnjica.<\/p>\n<p>U pogonu ima \u010detiri razboja, a jedan od njih je star oko 100 godina, jer pamti jo\u0161 pri\u010du kako je njena majka u\u010dila da tke na takvom razboju. To je ru\u010dni razboj za serd\u017eade, dekice u pole, krpare i za izradu raznih materijala od vune. A ono \u0161to nemamo u Crnoj Gori, poru\u010duje iz Makedonije.<\/p>\n<p>Vunu koju koristi za izradu najvi\u0161e nabavlja od proizvo\u0111a\u010da sa podru\u010dja Bihora i dodaje farbu po \u017eelji i po narud\u017ebini.<\/p>\n<p>\u201c\u0106ilimi koje sam prouzvela samostalno i sa Udru\u017eenjem\u00a0 stigli su u daleke zemlje Evrope. Ne bih znala ta\u010dno koji je to broj, ali pokazuje rezultet da i danas imam puno posla, tra\u017enja je velika. Trenutno u narud\u017ebini imam preko 20 tepiha od vune i \u0107ilima koje planiramo da zavr\u0161imo do kraja maja sa svojim udru\u017eenjem. Trenutno radimo \u201cheksagone\u201d po narud\u017ei\u201d. U odnosu na rad i trud koji ula\u017eemo \u0107ilimi imaju neprocjenjivu vrijednost jer svaki konac koji je upotrijebljen morao je da pro\u0111e kroz ruke neke od nas\u201d, pri\u010da Sabaheta.<\/p>\n<p>Pored posla koji svakodnevno obavlja \u010desto se pobrine i za turiste koji dolaze i obavezno ne\u0161to kupe, a smatra da je razlog posjete turista dobra promocija na mnogim sajmovima na kojima je u\u010destvovala, odakle ima mnoga priznanja i nagrade.<\/p>\n<p>\u201cTuriste do\u010dekam sa ru\u010dkom doma\u0107e hrane koju saam pripremim i oni se uvijek odu\u0161eve, a zahvaljuju\u0107i tome stekla sam mnoga prijateljstva\u201d, ka\u017ee Sabaheta.<\/p>\n<p>Pored tradicionalnih rukotvorina \u010desto voli i da sprema tradicionalnu hranu, pa je i za to dobijala nagrade.<\/p>\n<p>\u201cOd mnogobrojnih nagrada koje sam dobila najdra\u017ea mi je nagrada od Ministarstva poljoprivrede i ruralnog razvoja Crne Gore za Svjetski dan hrane jer sam se plasirala u top 20 proizvo\u0111a\u010da hrane\u201d , ka\u017ee na kraju Sabaheta Novali\u0107.<\/p>\n","protected":false},"excerpt":{"rendered":"<p>Od stvari koje su nekada ukra\u0161avele ku\u0107u skoro svakog Bihorca, ostale su samo one koje se \u010duvaju da se ne zaborave i one koje bi mogle biti zanimljiva stvar u muzeju. Sabaheta Novali\u0107, predsjednica udru\u017eenja \u201cVrijedne ruke\u201d sa\u010duvala je stare, tradicionalne rukotvorine pa se u njenoj ku\u0107i mo\u017ee na\u0107i bar po jedna od rukotvorina iz [&hellip;]<\/p>\n","protected":false},"author":509,"featured_media":206242,"comment_status":"open","ping_status":"open","sticky":false,"template":"","format":"standard","meta":{"footnotes":""},"categories":[10174,5],"tags":[],"class_list":{"0":"post-206240","1":"post","2":"type-post","3":"status-publish","4":"format-standard","5":"has-post-thumbnail","7":"category-petnjica-vase-vijesti","8":"category-drustvo"},"yoast_head":"<!-- This site is optimized with the Yoast SEO Premium plugin v23.1 (Yoast SEO v24.9) - https:\/\/yoast.com\/wordpress\/plugins\/seo\/ -->\n<title>SABAHETA NOVALI\u0106 I DALJE PRAVI \u0106ILIME NA RAZBOJU STAROM 100 GODINA<\/title>\n<meta name=\"robots\" content=\"index, follow, max-snippet:-1, max-image-preview:large, max-video-preview:-1\" \/>\n<link rel=\"canonical\" href=\"https:\/\/sandzakpress.net\/arhiva\/sabaheta-novalic-i-dalje-pravi-cilime-na-razboju-starom-100-godina\/\" \/>\n<meta property=\"og:locale\" content=\"bs_BA\" \/>\n<meta property=\"og:type\" content=\"article\" \/>\n<meta property=\"og:title\" content=\"SABAHETA NOVALI\u0106 I DALJE PRAVI \u0106ILIME NA RAZBOJU STAROM 100 GODINA\" \/>\n<meta property=\"og:description\" content=\"Od stvari koje su nekada ukra\u0161avele ku\u0107u skoro svakog Bihorca, ostale su samo one koje se \u010duvaju da se ne zaborave i one koje bi mogle biti zanimljiva stvar u muzeju. Sabaheta Novali\u0107, predsjednica udru\u017eenja \u201cVrijedne ruke\u201d sa\u010duvala je stare, tradicionalne rukotvorine pa se u njenoj ku\u0107i mo\u017ee na\u0107i bar po jedna od rukotvorina iz [&hellip;]\" \/>\n<meta property=\"og:url\" content=\"https:\/\/sandzakpress.net\/arhiva\/sabaheta-novalic-i-dalje-pravi-cilime-na-razboju-starom-100-godina\/\" \/>\n<meta property=\"og:site_name\" content=\"Sand\u017eak PRESS\" \/>\n<meta property=\"article:published_time\" content=\"2018-05-02T14:36:28+00:00\" \/>\n<meta property=\"og:image\" content=\"https:\/\/sandzakpress.net\/arhiva\/wp-content\/uploads\/2018\/05\/31657996_950972578417455_7009853167894528000_n.jpg\" \/>\n\t<meta property=\"og:image:width\" content=\"280\" \/>\n\t<meta property=\"og:image:height\" content=\"467\" \/>\n\t<meta property=\"og:image:type\" content=\"image\/jpeg\" \/>\n<meta name=\"author\" content=\"Agencija\" \/>\n<meta name=\"twitter:card\" content=\"summary_large_image\" \/>\n<meta name=\"twitter:label1\" content=\"Written by\" \/>\n\t<meta name=\"twitter:data1\" content=\"Agencija\" \/>\n\t<meta name=\"twitter:label2\" content=\"Est. reading time\" \/>\n\t<meta name=\"twitter:data2\" content=\"3 minute\" \/>\n<script type=\"application\/ld+json\" class=\"yoast-schema-graph\">{\"@context\":\"https:\/\/schema.org\",\"@graph\":[{\"@type\":\"Article\",\"@id\":\"https:\/\/sandzakpress.net\/arhiva\/sabaheta-novalic-i-dalje-pravi-cilime-na-razboju-starom-100-godina\/#article\",\"isPartOf\":{\"@id\":\"https:\/\/sandzakpress.net\/arhiva\/sabaheta-novalic-i-dalje-pravi-cilime-na-razboju-starom-100-godina\/\"},\"author\":{\"name\":\"Agencija\",\"@id\":\"https:\/\/sandzakpress.net\/arhiva\/#\/schema\/person\/cb59d7e3ab91ab90dd680ad0305a6185\"},\"headline\":\"SABAHETA NOVALI\u0106 I DALJE PRAVI \u0106ILIME NA RAZBOJU STAROM 100 GODINA\",\"datePublished\":\"2018-05-02T14:36:28+00:00\",\"mainEntityOfPage\":{\"@id\":\"https:\/\/sandzakpress.net\/arhiva\/sabaheta-novalic-i-dalje-pravi-cilime-na-razboju-starom-100-godina\/\"},\"wordCount\":518,\"commentCount\":0,\"publisher\":{\"@id\":\"https:\/\/sandzakpress.net\/arhiva\/#\/schema\/person\/6e72b67d6e51910a1117b3b483ba20bd\"},\"image\":{\"@id\":\"https:\/\/sandzakpress.net\/arhiva\/sabaheta-novalic-i-dalje-pravi-cilime-na-razboju-starom-100-godina\/#primaryimage\"},\"thumbnailUrl\":\"https:\/\/sandzakpress.net\/arhiva\/wp-content\/uploads\/2018\/05\/31657996_950972578417455_7009853167894528000_n.jpg\",\"articleSection\":[\"Petnjica\",\"Dru\u0161tvo\"],\"inLanguage\":\"bs-BA\",\"potentialAction\":[{\"@type\":\"CommentAction\",\"name\":\"Comment\",\"target\":[\"https:\/\/sandzakpress.net\/arhiva\/sabaheta-novalic-i-dalje-pravi-cilime-na-razboju-starom-100-godina\/#respond\"]}]},{\"@type\":\"WebPage\",\"@id\":\"https:\/\/sandzakpress.net\/arhiva\/sabaheta-novalic-i-dalje-pravi-cilime-na-razboju-starom-100-godina\/\",\"url\":\"https:\/\/sandzakpress.net\/arhiva\/sabaheta-novalic-i-dalje-pravi-cilime-na-razboju-starom-100-godina\/\",\"name\":\"SABAHETA NOVALI\u0106 I DALJE PRAVI \u0106ILIME NA RAZBOJU STAROM 100 GODINA\",\"isPartOf\":{\"@id\":\"https:\/\/sandzakpress.net\/arhiva\/#website\"},\"primaryImageOfPage\":{\"@id\":\"https:\/\/sandzakpress.net\/arhiva\/sabaheta-novalic-i-dalje-pravi-cilime-na-razboju-starom-100-godina\/#primaryimage\"},\"image\":{\"@id\":\"https:\/\/sandzakpress.net\/arhiva\/sabaheta-novalic-i-dalje-pravi-cilime-na-razboju-starom-100-godina\/#primaryimage\"},\"thumbnailUrl\":\"https:\/\/sandzakpress.net\/arhiva\/wp-content\/uploads\/2018\/05\/31657996_950972578417455_7009853167894528000_n.jpg\",\"datePublished\":\"2018-05-02T14:36:28+00:00\",\"breadcrumb\":{\"@id\":\"https:\/\/sandzakpress.net\/arhiva\/sabaheta-novalic-i-dalje-pravi-cilime-na-razboju-starom-100-godina\/#breadcrumb\"},\"inLanguage\":\"bs-BA\",\"potentialAction\":[{\"@type\":\"ReadAction\",\"target\":[\"https:\/\/sandzakpress.net\/arhiva\/sabaheta-novalic-i-dalje-pravi-cilime-na-razboju-starom-100-godina\/\"]}]},{\"@type\":\"ImageObject\",\"inLanguage\":\"bs-BA\",\"@id\":\"https:\/\/sandzakpress.net\/arhiva\/sabaheta-novalic-i-dalje-pravi-cilime-na-razboju-starom-100-godina\/#primaryimage\",\"url\":\"https:\/\/sandzakpress.net\/arhiva\/wp-content\/uploads\/2018\/05\/31657996_950972578417455_7009853167894528000_n.jpg\",\"contentUrl\":\"https:\/\/sandzakpress.net\/arhiva\/wp-content\/uploads\/2018\/05\/31657996_950972578417455_7009853167894528000_n.jpg\",\"width\":280,\"height\":467},{\"@type\":\"BreadcrumbList\",\"@id\":\"https:\/\/sandzakpress.net\/arhiva\/sabaheta-novalic-i-dalje-pravi-cilime-na-razboju-starom-100-godina\/#breadcrumb\",\"itemListElement\":[{\"@type\":\"ListItem\",\"position\":1,\"name\":\"Home\",\"item\":\"https:\/\/sandzakpress.net\/arhiva\/\"},{\"@type\":\"ListItem\",\"position\":2,\"name\":\"SABAHETA NOVALI\u0106 I DALJE PRAVI \u0106ILIME NA RAZBOJU STAROM 100 GODINA\"}]},{\"@type\":\"WebSite\",\"@id\":\"https:\/\/sandzakpress.net\/arhiva\/#website\",\"url\":\"https:\/\/sandzakpress.net\/arhiva\/\",\"name\":\"Sand\u017eak PRESS\",\"description\":\"Prve elektronske novine u Sand\u017eaku\",\"publisher\":{\"@id\":\"https:\/\/sandzakpress.net\/arhiva\/#\/schema\/person\/6e72b67d6e51910a1117b3b483ba20bd\"},\"potentialAction\":[{\"@type\":\"SearchAction\",\"target\":{\"@type\":\"EntryPoint\",\"urlTemplate\":\"https:\/\/sandzakpress.net\/arhiva\/?s={search_term_string}\"},\"query-input\":{\"@type\":\"PropertyValueSpecification\",\"valueRequired\":true,\"valueName\":\"search_term_string\"}}],\"inLanguage\":\"bs-BA\"},{\"@type\":[\"Person\",\"Organization\"],\"@id\":\"https:\/\/sandzakpress.net\/arhiva\/#\/schema\/person\/6e72b67d6e51910a1117b3b483ba20bd\",\"name\":\"Kul\",\"image\":{\"@type\":\"ImageObject\",\"inLanguage\":\"bs-BA\",\"@id\":\"https:\/\/sandzakpress.net\/arhiva\/#\/schema\/person\/image\/\",\"url\":\"https:\/\/secure.gravatar.com\/avatar\/42263f39aa27ac04c43cab85c280eb2e?s=96&d=mm&r=pg\",\"contentUrl\":\"https:\/\/secure.gravatar.com\/avatar\/42263f39aa27ac04c43cab85c280eb2e?s=96&d=mm&r=pg\",\"caption\":\"Kul\"},\"logo\":{\"@id\":\"https:\/\/sandzakpress.net\/arhiva\/#\/schema\/person\/image\/\"}},{\"@type\":\"Person\",\"@id\":\"https:\/\/sandzakpress.net\/arhiva\/#\/schema\/person\/cb59d7e3ab91ab90dd680ad0305a6185\",\"name\":\"Agencija\",\"image\":{\"@type\":\"ImageObject\",\"inLanguage\":\"bs-BA\",\"@id\":\"https:\/\/sandzakpress.net\/arhiva\/#\/schema\/person\/image\/\",\"url\":\"https:\/\/secure.gravatar.com\/avatar\/4b7fafa80a22f0c2afe23966b3961fe0?s=96&d=mm&r=pg\",\"contentUrl\":\"https:\/\/secure.gravatar.com\/avatar\/4b7fafa80a22f0c2afe23966b3961fe0?s=96&d=mm&r=pg\",\"caption\":\"Agencija\"},\"url\":\"https:\/\/sandzakpress.net\/arhiva\/author\/agencija\/\"}]}<\/script>\n<!-- \/ Yoast SEO Premium plugin. -->","yoast_head_json":{"title":"SABAHETA NOVALI\u0106 I DALJE PRAVI \u0106ILIME NA RAZBOJU STAROM 100 GODINA","robots":{"index":"index","follow":"follow","max-snippet":"max-snippet:-1","max-image-preview":"max-image-preview:large","max-video-preview":"max-video-preview:-1"},"canonical":"https:\/\/sandzakpress.net\/arhiva\/sabaheta-novalic-i-dalje-pravi-cilime-na-razboju-starom-100-godina\/","og_locale":"bs_BA","og_type":"article","og_title":"SABAHETA NOVALI\u0106 I DALJE PRAVI \u0106ILIME NA RAZBOJU STAROM 100 GODINA","og_description":"Od stvari koje su nekada ukra\u0161avele ku\u0107u skoro svakog Bihorca, ostale su samo one koje se \u010duvaju da se ne zaborave i one koje bi mogle biti zanimljiva stvar u muzeju. Sabaheta Novali\u0107, predsjednica udru\u017eenja \u201cVrijedne ruke\u201d sa\u010duvala je stare, tradicionalne rukotvorine pa se u njenoj ku\u0107i mo\u017ee na\u0107i bar po jedna od rukotvorina iz [&hellip;]","og_url":"https:\/\/sandzakpress.net\/arhiva\/sabaheta-novalic-i-dalje-pravi-cilime-na-razboju-starom-100-godina\/","og_site_name":"Sand\u017eak PRESS","article_published_time":"2018-05-02T14:36:28+00:00","og_image":[{"width":280,"height":467,"url":"https:\/\/sandzakpress.net\/arhiva\/wp-content\/uploads\/2018\/05\/31657996_950972578417455_7009853167894528000_n.jpg","type":"image\/jpeg"}],"author":"Agencija","twitter_card":"summary_large_image","twitter_misc":{"Written by":"Agencija","Est. reading time":"3 minute"},"schema":{"@context":"https:\/\/schema.org","@graph":[{"@type":"Article","@id":"https:\/\/sandzakpress.net\/arhiva\/sabaheta-novalic-i-dalje-pravi-cilime-na-razboju-starom-100-godina\/#article","isPartOf":{"@id":"https:\/\/sandzakpress.net\/arhiva\/sabaheta-novalic-i-dalje-pravi-cilime-na-razboju-starom-100-godina\/"},"author":{"name":"Agencija","@id":"https:\/\/sandzakpress.net\/arhiva\/#\/schema\/person\/cb59d7e3ab91ab90dd680ad0305a6185"},"headline":"SABAHETA NOVALI\u0106 I DALJE PRAVI \u0106ILIME NA RAZBOJU STAROM 100 GODINA","datePublished":"2018-05-02T14:36:28+00:00","mainEntityOfPage":{"@id":"https:\/\/sandzakpress.net\/arhiva\/sabaheta-novalic-i-dalje-pravi-cilime-na-razboju-starom-100-godina\/"},"wordCount":518,"commentCount":0,"publisher":{"@id":"https:\/\/sandzakpress.net\/arhiva\/#\/schema\/person\/6e72b67d6e51910a1117b3b483ba20bd"},"image":{"@id":"https:\/\/sandzakpress.net\/arhiva\/sabaheta-novalic-i-dalje-pravi-cilime-na-razboju-starom-100-godina\/#primaryimage"},"thumbnailUrl":"https:\/\/sandzakpress.net\/arhiva\/wp-content\/uploads\/2018\/05\/31657996_950972578417455_7009853167894528000_n.jpg","articleSection":["Petnjica","Dru\u0161tvo"],"inLanguage":"bs-BA","potentialAction":[{"@type":"CommentAction","name":"Comment","target":["https:\/\/sandzakpress.net\/arhiva\/sabaheta-novalic-i-dalje-pravi-cilime-na-razboju-starom-100-godina\/#respond"]}]},{"@type":"WebPage","@id":"https:\/\/sandzakpress.net\/arhiva\/sabaheta-novalic-i-dalje-pravi-cilime-na-razboju-starom-100-godina\/","url":"https:\/\/sandzakpress.net\/arhiva\/sabaheta-novalic-i-dalje-pravi-cilime-na-razboju-starom-100-godina\/","name":"SABAHETA NOVALI\u0106 I DALJE PRAVI \u0106ILIME NA RAZBOJU STAROM 100 GODINA","isPartOf":{"@id":"https:\/\/sandzakpress.net\/arhiva\/#website"},"primaryImageOfPage":{"@id":"https:\/\/sandzakpress.net\/arhiva\/sabaheta-novalic-i-dalje-pravi-cilime-na-razboju-starom-100-godina\/#primaryimage"},"image":{"@id":"https:\/\/sandzakpress.net\/arhiva\/sabaheta-novalic-i-dalje-pravi-cilime-na-razboju-starom-100-godina\/#primaryimage"},"thumbnailUrl":"https:\/\/sandzakpress.net\/arhiva\/wp-content\/uploads\/2018\/05\/31657996_950972578417455_7009853167894528000_n.jpg","datePublished":"2018-05-02T14:36:28+00:00","breadcrumb":{"@id":"https:\/\/sandzakpress.net\/arhiva\/sabaheta-novalic-i-dalje-pravi-cilime-na-razboju-starom-100-godina\/#breadcrumb"},"inLanguage":"bs-BA","potentialAction":[{"@type":"ReadAction","target":["https:\/\/sandzakpress.net\/arhiva\/sabaheta-novalic-i-dalje-pravi-cilime-na-razboju-starom-100-godina\/"]}]},{"@type":"ImageObject","inLanguage":"bs-BA","@id":"https:\/\/sandzakpress.net\/arhiva\/sabaheta-novalic-i-dalje-pravi-cilime-na-razboju-starom-100-godina\/#primaryimage","url":"https:\/\/sandzakpress.net\/arhiva\/wp-content\/uploads\/2018\/05\/31657996_950972578417455_7009853167894528000_n.jpg","contentUrl":"https:\/\/sandzakpress.net\/arhiva\/wp-content\/uploads\/2018\/05\/31657996_950972578417455_7009853167894528000_n.jpg","width":280,"height":467},{"@type":"BreadcrumbList","@id":"https:\/\/sandzakpress.net\/arhiva\/sabaheta-novalic-i-dalje-pravi-cilime-na-razboju-starom-100-godina\/#breadcrumb","itemListElement":[{"@type":"ListItem","position":1,"name":"Home","item":"https:\/\/sandzakpress.net\/arhiva\/"},{"@type":"ListItem","position":2,"name":"SABAHETA NOVALI\u0106 I DALJE PRAVI \u0106ILIME NA RAZBOJU STAROM 100 GODINA"}]},{"@type":"WebSite","@id":"https:\/\/sandzakpress.net\/arhiva\/#website","url":"https:\/\/sandzakpress.net\/arhiva\/","name":"Sand\u017eak PRESS","description":"Prve elektronske novine u Sand\u017eaku","publisher":{"@id":"https:\/\/sandzakpress.net\/arhiva\/#\/schema\/person\/6e72b67d6e51910a1117b3b483ba20bd"},"potentialAction":[{"@type":"SearchAction","target":{"@type":"EntryPoint","urlTemplate":"https:\/\/sandzakpress.net\/arhiva\/?s={search_term_string}"},"query-input":{"@type":"PropertyValueSpecification","valueRequired":true,"valueName":"search_term_string"}}],"inLanguage":"bs-BA"},{"@type":["Person","Organization"],"@id":"https:\/\/sandzakpress.net\/arhiva\/#\/schema\/person\/6e72b67d6e51910a1117b3b483ba20bd","name":"Kul","image":{"@type":"ImageObject","inLanguage":"bs-BA","@id":"https:\/\/sandzakpress.net\/arhiva\/#\/schema\/person\/image\/","url":"https:\/\/secure.gravatar.com\/avatar\/42263f39aa27ac04c43cab85c280eb2e?s=96&d=mm&r=pg","contentUrl":"https:\/\/secure.gravatar.com\/avatar\/42263f39aa27ac04c43cab85c280eb2e?s=96&d=mm&r=pg","caption":"Kul"},"logo":{"@id":"https:\/\/sandzakpress.net\/arhiva\/#\/schema\/person\/image\/"}},{"@type":"Person","@id":"https:\/\/sandzakpress.net\/arhiva\/#\/schema\/person\/cb59d7e3ab91ab90dd680ad0305a6185","name":"Agencija","image":{"@type":"ImageObject","inLanguage":"bs-BA","@id":"https:\/\/sandzakpress.net\/arhiva\/#\/schema\/person\/image\/","url":"https:\/\/secure.gravatar.com\/avatar\/4b7fafa80a22f0c2afe23966b3961fe0?s=96&d=mm&r=pg","contentUrl":"https:\/\/secure.gravatar.com\/avatar\/4b7fafa80a22f0c2afe23966b3961fe0?s=96&d=mm&r=pg","caption":"Agencija"},"url":"https:\/\/sandzakpress.net\/arhiva\/author\/agencija\/"}]}},"_links":{"self":[{"href":"https:\/\/sandzakpress.net\/arhiva\/wp-json\/wp\/v2\/posts\/206240"}],"collection":[{"href":"https:\/\/sandzakpress.net\/arhiva\/wp-json\/wp\/v2\/posts"}],"about":[{"href":"https:\/\/sandzakpress.net\/arhiva\/wp-json\/wp\/v2\/types\/post"}],"author":[{"embeddable":true,"href":"https:\/\/sandzakpress.net\/arhiva\/wp-json\/wp\/v2\/users\/509"}],"replies":[{"embeddable":true,"href":"https:\/\/sandzakpress.net\/arhiva\/wp-json\/wp\/v2\/comments?post=206240"}],"version-history":[{"count":0,"href":"https:\/\/sandzakpress.net\/arhiva\/wp-json\/wp\/v2\/posts\/206240\/revisions"}],"wp:featuredmedia":[{"embeddable":true,"href":"https:\/\/sandzakpress.net\/arhiva\/wp-json\/wp\/v2\/media\/206242"}],"wp:attachment":[{"href":"https:\/\/sandzakpress.net\/arhiva\/wp-json\/wp\/v2\/media?parent=206240"}],"wp:term":[{"taxonomy":"category","embeddable":true,"href":"https:\/\/sandzakpress.net\/arhiva\/wp-json\/wp\/v2\/categories?post=206240"},{"taxonomy":"post_tag","embeddable":true,"href":"https:\/\/sandzakpress.net\/arhiva\/wp-json\/wp\/v2\/tags?post=206240"}],"curies":[{"name":"wp","href":"https:\/\/api.w.org\/{rel}","templated":true}]}}