{"id":206050,"date":"2018-04-27T13:10:07","date_gmt":"2018-04-27T11:10:07","guid":{"rendered":"https:\/\/sandzakpress.net\/arhiva\/?p=206050"},"modified":"2018-04-27T12:32:23","modified_gmt":"2018-04-27T10:32:23","slug":"vujanovic-pocasni-predsjednik-crne-gore-plata-70-odsto-od-sadasnje","status":"publish","type":"post","link":"https:\/\/sandzakpress.net\/arhiva\/vujanovic-pocasni-predsjednik-crne-gore-plata-70-odsto-od-sadasnje\/","title":{"rendered":"Vujanovi\u0107 po\u010dasni predsjednik Crne Gore, plata 70 odsto od sada\u0161nje"},"content":{"rendered":"<p><img decoding=\"async\" src=\"http:\/\/www.vijesti.me\/media\/cache\/51\/46\/51464bda1ac6365e38ad19949d3430e7.jpg\" alt=\"Vujanovi\u00c4\u0087 po\u00c4\u008dasni predsjednik Crne Gore, plata 70 odsto od sada\u00c5\u00a1nje\" \/><\/p>\n<p><strong>Vlada je utvrdila Predlog zakona o Predsjedniku Crne Gore kojim je definisano formiranje posebnog Generalnog sekretarijata\u00a0 predsjednika sa ve\u0107im brojem zaposlenih, kao i titula po\u010dasnog predsjednika za one kojima je prestao mandat na toj poziociji.<\/strong><\/p>\n<p>To je saop\u0161tila novinarima ministarka javne uprave Suzana Pribilovi\u0107 nakon sjednice Vlade.<\/p>\n<p>Predlog zakona nije bio definisan ovogodi\u0161njim programom rada Vlade, a dolazi odmah nakon nedavno zavr\u0161enih predsjedni\u010dkih izbora na kojima je pobijedio lider DPS -a Milo \u0110ukanovi\u0107.<\/p>\n<p>Dosada\u0161nji predsjednik Filip Vujanovi\u0107, novim zakonskim rje\u0161enjem ima\u0107e titulu po\u010dasnog predsjednika i zaradu po tom osnovu u iznosu od 70 odsto od plate koju je do sada primao.Tu \u0107e naknadu primati do\u00a0odlaska u penziju ili do zasnivanja novog radnog odnosa.<\/p>\n<p>Posebnim aktom o sitematizaciji bi\u0107e utvr\u0111en broj novih radnih mjesta u Generalnom sekretarijatu Predsjednika.<\/p>\n<p>(Vijesti)<\/p>\n","protected":false},"excerpt":{"rendered":"<p>Vlada je utvrdila Predlog zakona o Predsjedniku Crne Gore kojim je definisano formiranje posebnog Generalnog sekretarijata\u00a0 predsjednika sa ve\u0107im brojem zaposlenih, kao i titula po\u010dasnog predsjednika za one kojima je prestao mandat na toj poziociji. To je saop\u0161tila novinarima ministarka javne uprave Suzana Pribilovi\u0107 nakon sjednice Vlade. Predlog zakona nije bio definisan ovogodi\u0161njim programom rada [&hellip;]<\/p>\n","protected":false},"author":509,"featured_media":206068,"comment_status":"open","ping_status":"open","sticky":false,"template":"","format":"standard","meta":{"footnotes":""},"categories":[398,1,397,10174,396,10308,395,399,10173,10429],"tags":[],"class_list":{"0":"post-206050","1":"post","2":"type-post","3":"status-publish","4":"format-standard","5":"has-post-thumbnail","7":"category-rozaje","8":"category-politika","9":"category-berane","10":"category-petnjica-vase-vijesti","11":"category-bijelo_polje","12":"category-crna-gora","13":"category-pljevlja_","14":"category-plav_","15":"category-gusinje-vase-vijesti","16":"category-vazno"},"yoast_head":"<!-- This site is optimized with the Yoast SEO Premium plugin v23.1 (Yoast SEO v24.9) - https:\/\/yoast.com\/wordpress\/plugins\/seo\/ -->\n<title>Vujanovi\u0107 po\u010dasni predsjednik Crne Gore, plata 70 odsto od sada\u0161nje<\/title>\n<meta name=\"robots\" content=\"index, follow, max-snippet:-1, max-image-preview:large, max-video-preview:-1\" \/>\n<link rel=\"canonical\" href=\"https:\/\/sandzakpress.net\/arhiva\/vujanovic-pocasni-predsjednik-crne-gore-plata-70-odsto-od-sadasnje\/\" \/>\n<meta property=\"og:locale\" content=\"bs_BA\" \/>\n<meta property=\"og:type\" content=\"article\" \/>\n<meta property=\"og:title\" content=\"Vujanovi\u0107 po\u010dasni predsjednik Crne Gore, plata 70 odsto od sada\u0161nje\" \/>\n<meta property=\"og:description\" content=\"Vlada je utvrdila Predlog zakona o Predsjedniku Crne Gore kojim je definisano formiranje posebnog Generalnog sekretarijata\u00a0 predsjednika sa ve\u0107im brojem zaposlenih, kao i titula po\u010dasnog predsjednika za one kojima je prestao mandat na toj poziociji. To je saop\u0161tila novinarima ministarka javne uprave Suzana Pribilovi\u0107 nakon sjednice Vlade. Predlog zakona nije bio definisan ovogodi\u0161njim programom rada [&hellip;]\" \/>\n<meta property=\"og:url\" content=\"https:\/\/sandzakpress.net\/arhiva\/vujanovic-pocasni-predsjednik-crne-gore-plata-70-odsto-od-sadasnje\/\" \/>\n<meta property=\"og:site_name\" content=\"Sand\u017eak PRESS\" \/>\n<meta property=\"article:published_time\" content=\"2018-04-27T11:10:07+00:00\" \/>\n<meta property=\"og:image\" content=\"https:\/\/sandzakpress.net\/arhiva\/wp-content\/uploads\/2018\/04\/51464bda1ac6365e38ad19949d3430e7.jpg\" \/>\n\t<meta property=\"og:image:width\" content=\"560\" \/>\n\t<meta property=\"og:image:height\" content=\"352\" \/>\n\t<meta property=\"og:image:type\" content=\"image\/jpeg\" \/>\n<meta name=\"author\" content=\"Agencija\" \/>\n<meta name=\"twitter:card\" content=\"summary_large_image\" \/>\n<meta name=\"twitter:label1\" content=\"Written by\" \/>\n\t<meta name=\"twitter:data1\" content=\"Agencija\" \/>\n\t<meta name=\"twitter:label2\" content=\"Est. reading time\" \/>\n\t<meta name=\"twitter:data2\" content=\"1 minuta\" \/>\n<script type=\"application\/ld+json\" class=\"yoast-schema-graph\">{\"@context\":\"https:\/\/schema.org\",\"@graph\":[{\"@type\":\"Article\",\"@id\":\"https:\/\/sandzakpress.net\/arhiva\/vujanovic-pocasni-predsjednik-crne-gore-plata-70-odsto-od-sadasnje\/#article\",\"isPartOf\":{\"@id\":\"https:\/\/sandzakpress.net\/arhiva\/vujanovic-pocasni-predsjednik-crne-gore-plata-70-odsto-od-sadasnje\/\"},\"author\":{\"name\":\"Agencija\",\"@id\":\"https:\/\/sandzakpress.net\/arhiva\/#\/schema\/person\/cb59d7e3ab91ab90dd680ad0305a6185\"},\"headline\":\"Vujanovi\u0107 po\u010dasni predsjednik Crne Gore, plata 70 odsto od sada\u0161nje\",\"datePublished\":\"2018-04-27T11:10:07+00:00\",\"mainEntityOfPage\":{\"@id\":\"https:\/\/sandzakpress.net\/arhiva\/vujanovic-pocasni-predsjednik-crne-gore-plata-70-odsto-od-sadasnje\/\"},\"wordCount\":152,\"commentCount\":0,\"publisher\":{\"@id\":\"https:\/\/sandzakpress.net\/arhiva\/#\/schema\/person\/6e72b67d6e51910a1117b3b483ba20bd\"},\"image\":{\"@id\":\"https:\/\/sandzakpress.net\/arhiva\/vujanovic-pocasni-predsjednik-crne-gore-plata-70-odsto-od-sadasnje\/#primaryimage\"},\"thumbnailUrl\":\"https:\/\/sandzakpress.net\/arhiva\/wp-content\/uploads\/2018\/04\/51464bda1ac6365e38ad19949d3430e7.jpg\",\"articleSection\":[\"Ro\u017eaje\",\"Politika\",\"Berane\",\"Petnjica\",\"Bijelo Polje\",\"Crna Gora\",\"Pljevlja\",\"Plav\",\"Gusinje\",\"VA\u017dNO!\"],\"inLanguage\":\"bs-BA\",\"potentialAction\":[{\"@type\":\"CommentAction\",\"name\":\"Comment\",\"target\":[\"https:\/\/sandzakpress.net\/arhiva\/vujanovic-pocasni-predsjednik-crne-gore-plata-70-odsto-od-sadasnje\/#respond\"]}]},{\"@type\":\"WebPage\",\"@id\":\"https:\/\/sandzakpress.net\/arhiva\/vujanovic-pocasni-predsjednik-crne-gore-plata-70-odsto-od-sadasnje\/\",\"url\":\"https:\/\/sandzakpress.net\/arhiva\/vujanovic-pocasni-predsjednik-crne-gore-plata-70-odsto-od-sadasnje\/\",\"name\":\"Vujanovi\u0107 po\u010dasni predsjednik Crne Gore, plata 70 odsto od sada\u0161nje\",\"isPartOf\":{\"@id\":\"https:\/\/sandzakpress.net\/arhiva\/#website\"},\"primaryImageOfPage\":{\"@id\":\"https:\/\/sandzakpress.net\/arhiva\/vujanovic-pocasni-predsjednik-crne-gore-plata-70-odsto-od-sadasnje\/#primaryimage\"},\"image\":{\"@id\":\"https:\/\/sandzakpress.net\/arhiva\/vujanovic-pocasni-predsjednik-crne-gore-plata-70-odsto-od-sadasnje\/#primaryimage\"},\"thumbnailUrl\":\"https:\/\/sandzakpress.net\/arhiva\/wp-content\/uploads\/2018\/04\/51464bda1ac6365e38ad19949d3430e7.jpg\",\"datePublished\":\"2018-04-27T11:10:07+00:00\",\"breadcrumb\":{\"@id\":\"https:\/\/sandzakpress.net\/arhiva\/vujanovic-pocasni-predsjednik-crne-gore-plata-70-odsto-od-sadasnje\/#breadcrumb\"},\"inLanguage\":\"bs-BA\",\"potentialAction\":[{\"@type\":\"ReadAction\",\"target\":[\"https:\/\/sandzakpress.net\/arhiva\/vujanovic-pocasni-predsjednik-crne-gore-plata-70-odsto-od-sadasnje\/\"]}]},{\"@type\":\"ImageObject\",\"inLanguage\":\"bs-BA\",\"@id\":\"https:\/\/sandzakpress.net\/arhiva\/vujanovic-pocasni-predsjednik-crne-gore-plata-70-odsto-od-sadasnje\/#primaryimage\",\"url\":\"https:\/\/sandzakpress.net\/arhiva\/wp-content\/uploads\/2018\/04\/51464bda1ac6365e38ad19949d3430e7.jpg\",\"contentUrl\":\"https:\/\/sandzakpress.net\/arhiva\/wp-content\/uploads\/2018\/04\/51464bda1ac6365e38ad19949d3430e7.jpg\",\"width\":560,\"height\":352},{\"@type\":\"BreadcrumbList\",\"@id\":\"https:\/\/sandzakpress.net\/arhiva\/vujanovic-pocasni-predsjednik-crne-gore-plata-70-odsto-od-sadasnje\/#breadcrumb\",\"itemListElement\":[{\"@type\":\"ListItem\",\"position\":1,\"name\":\"Home\",\"item\":\"https:\/\/sandzakpress.net\/arhiva\/\"},{\"@type\":\"ListItem\",\"position\":2,\"name\":\"Vujanovi\u0107 po\u010dasni predsjednik Crne Gore, plata 70 odsto od sada\u0161nje\"}]},{\"@type\":\"WebSite\",\"@id\":\"https:\/\/sandzakpress.net\/arhiva\/#website\",\"url\":\"https:\/\/sandzakpress.net\/arhiva\/\",\"name\":\"Sand\u017eak PRESS\",\"description\":\"Prve elektronske novine u Sand\u017eaku\",\"publisher\":{\"@id\":\"https:\/\/sandzakpress.net\/arhiva\/#\/schema\/person\/6e72b67d6e51910a1117b3b483ba20bd\"},\"potentialAction\":[{\"@type\":\"SearchAction\",\"target\":{\"@type\":\"EntryPoint\",\"urlTemplate\":\"https:\/\/sandzakpress.net\/arhiva\/?s={search_term_string}\"},\"query-input\":{\"@type\":\"PropertyValueSpecification\",\"valueRequired\":true,\"valueName\":\"search_term_string\"}}],\"inLanguage\":\"bs-BA\"},{\"@type\":[\"Person\",\"Organization\"],\"@id\":\"https:\/\/sandzakpress.net\/arhiva\/#\/schema\/person\/6e72b67d6e51910a1117b3b483ba20bd\",\"name\":\"Kul\",\"image\":{\"@type\":\"ImageObject\",\"inLanguage\":\"bs-BA\",\"@id\":\"https:\/\/sandzakpress.net\/arhiva\/#\/schema\/person\/image\/\",\"url\":\"https:\/\/secure.gravatar.com\/avatar\/42263f39aa27ac04c43cab85c280eb2e?s=96&d=mm&r=pg\",\"contentUrl\":\"https:\/\/secure.gravatar.com\/avatar\/42263f39aa27ac04c43cab85c280eb2e?s=96&d=mm&r=pg\",\"caption\":\"Kul\"},\"logo\":{\"@id\":\"https:\/\/sandzakpress.net\/arhiva\/#\/schema\/person\/image\/\"}},{\"@type\":\"Person\",\"@id\":\"https:\/\/sandzakpress.net\/arhiva\/#\/schema\/person\/cb59d7e3ab91ab90dd680ad0305a6185\",\"name\":\"Agencija\",\"image\":{\"@type\":\"ImageObject\",\"inLanguage\":\"bs-BA\",\"@id\":\"https:\/\/sandzakpress.net\/arhiva\/#\/schema\/person\/image\/\",\"url\":\"https:\/\/secure.gravatar.com\/avatar\/4b7fafa80a22f0c2afe23966b3961fe0?s=96&d=mm&r=pg\",\"contentUrl\":\"https:\/\/secure.gravatar.com\/avatar\/4b7fafa80a22f0c2afe23966b3961fe0?s=96&d=mm&r=pg\",\"caption\":\"Agencija\"},\"url\":\"https:\/\/sandzakpress.net\/arhiva\/author\/agencija\/\"}]}<\/script>\n<!-- \/ Yoast SEO Premium plugin. -->","yoast_head_json":{"title":"Vujanovi\u0107 po\u010dasni predsjednik Crne Gore, plata 70 odsto od sada\u0161nje","robots":{"index":"index","follow":"follow","max-snippet":"max-snippet:-1","max-image-preview":"max-image-preview:large","max-video-preview":"max-video-preview:-1"},"canonical":"https:\/\/sandzakpress.net\/arhiva\/vujanovic-pocasni-predsjednik-crne-gore-plata-70-odsto-od-sadasnje\/","og_locale":"bs_BA","og_type":"article","og_title":"Vujanovi\u0107 po\u010dasni predsjednik Crne Gore, plata 70 odsto od sada\u0161nje","og_description":"Vlada je utvrdila Predlog zakona o Predsjedniku Crne Gore kojim je definisano formiranje posebnog Generalnog sekretarijata\u00a0 predsjednika sa ve\u0107im brojem zaposlenih, kao i titula po\u010dasnog predsjednika za one kojima je prestao mandat na toj poziociji. To je saop\u0161tila novinarima ministarka javne uprave Suzana Pribilovi\u0107 nakon sjednice Vlade. Predlog zakona nije bio definisan ovogodi\u0161njim programom rada [&hellip;]","og_url":"https:\/\/sandzakpress.net\/arhiva\/vujanovic-pocasni-predsjednik-crne-gore-plata-70-odsto-od-sadasnje\/","og_site_name":"Sand\u017eak PRESS","article_published_time":"2018-04-27T11:10:07+00:00","og_image":[{"width":560,"height":352,"url":"https:\/\/sandzakpress.net\/arhiva\/wp-content\/uploads\/2018\/04\/51464bda1ac6365e38ad19949d3430e7.jpg","type":"image\/jpeg"}],"author":"Agencija","twitter_card":"summary_large_image","twitter_misc":{"Written by":"Agencija","Est. reading time":"1 minuta"},"schema":{"@context":"https:\/\/schema.org","@graph":[{"@type":"Article","@id":"https:\/\/sandzakpress.net\/arhiva\/vujanovic-pocasni-predsjednik-crne-gore-plata-70-odsto-od-sadasnje\/#article","isPartOf":{"@id":"https:\/\/sandzakpress.net\/arhiva\/vujanovic-pocasni-predsjednik-crne-gore-plata-70-odsto-od-sadasnje\/"},"author":{"name":"Agencija","@id":"https:\/\/sandzakpress.net\/arhiva\/#\/schema\/person\/cb59d7e3ab91ab90dd680ad0305a6185"},"headline":"Vujanovi\u0107 po\u010dasni predsjednik Crne Gore, plata 70 odsto od sada\u0161nje","datePublished":"2018-04-27T11:10:07+00:00","mainEntityOfPage":{"@id":"https:\/\/sandzakpress.net\/arhiva\/vujanovic-pocasni-predsjednik-crne-gore-plata-70-odsto-od-sadasnje\/"},"wordCount":152,"commentCount":0,"publisher":{"@id":"https:\/\/sandzakpress.net\/arhiva\/#\/schema\/person\/6e72b67d6e51910a1117b3b483ba20bd"},"image":{"@id":"https:\/\/sandzakpress.net\/arhiva\/vujanovic-pocasni-predsjednik-crne-gore-plata-70-odsto-od-sadasnje\/#primaryimage"},"thumbnailUrl":"https:\/\/sandzakpress.net\/arhiva\/wp-content\/uploads\/2018\/04\/51464bda1ac6365e38ad19949d3430e7.jpg","articleSection":["Ro\u017eaje","Politika","Berane","Petnjica","Bijelo Polje","Crna Gora","Pljevlja","Plav","Gusinje","VA\u017dNO!"],"inLanguage":"bs-BA","potentialAction":[{"@type":"CommentAction","name":"Comment","target":["https:\/\/sandzakpress.net\/arhiva\/vujanovic-pocasni-predsjednik-crne-gore-plata-70-odsto-od-sadasnje\/#respond"]}]},{"@type":"WebPage","@id":"https:\/\/sandzakpress.net\/arhiva\/vujanovic-pocasni-predsjednik-crne-gore-plata-70-odsto-od-sadasnje\/","url":"https:\/\/sandzakpress.net\/arhiva\/vujanovic-pocasni-predsjednik-crne-gore-plata-70-odsto-od-sadasnje\/","name":"Vujanovi\u0107 po\u010dasni predsjednik Crne Gore, plata 70 odsto od sada\u0161nje","isPartOf":{"@id":"https:\/\/sandzakpress.net\/arhiva\/#website"},"primaryImageOfPage":{"@id":"https:\/\/sandzakpress.net\/arhiva\/vujanovic-pocasni-predsjednik-crne-gore-plata-70-odsto-od-sadasnje\/#primaryimage"},"image":{"@id":"https:\/\/sandzakpress.net\/arhiva\/vujanovic-pocasni-predsjednik-crne-gore-plata-70-odsto-od-sadasnje\/#primaryimage"},"thumbnailUrl":"https:\/\/sandzakpress.net\/arhiva\/wp-content\/uploads\/2018\/04\/51464bda1ac6365e38ad19949d3430e7.jpg","datePublished":"2018-04-27T11:10:07+00:00","breadcrumb":{"@id":"https:\/\/sandzakpress.net\/arhiva\/vujanovic-pocasni-predsjednik-crne-gore-plata-70-odsto-od-sadasnje\/#breadcrumb"},"inLanguage":"bs-BA","potentialAction":[{"@type":"ReadAction","target":["https:\/\/sandzakpress.net\/arhiva\/vujanovic-pocasni-predsjednik-crne-gore-plata-70-odsto-od-sadasnje\/"]}]},{"@type":"ImageObject","inLanguage":"bs-BA","@id":"https:\/\/sandzakpress.net\/arhiva\/vujanovic-pocasni-predsjednik-crne-gore-plata-70-odsto-od-sadasnje\/#primaryimage","url":"https:\/\/sandzakpress.net\/arhiva\/wp-content\/uploads\/2018\/04\/51464bda1ac6365e38ad19949d3430e7.jpg","contentUrl":"https:\/\/sandzakpress.net\/arhiva\/wp-content\/uploads\/2018\/04\/51464bda1ac6365e38ad19949d3430e7.jpg","width":560,"height":352},{"@type":"BreadcrumbList","@id":"https:\/\/sandzakpress.net\/arhiva\/vujanovic-pocasni-predsjednik-crne-gore-plata-70-odsto-od-sadasnje\/#breadcrumb","itemListElement":[{"@type":"ListItem","position":1,"name":"Home","item":"https:\/\/sandzakpress.net\/arhiva\/"},{"@type":"ListItem","position":2,"name":"Vujanovi\u0107 po\u010dasni predsjednik Crne Gore, plata 70 odsto od sada\u0161nje"}]},{"@type":"WebSite","@id":"https:\/\/sandzakpress.net\/arhiva\/#website","url":"https:\/\/sandzakpress.net\/arhiva\/","name":"Sand\u017eak PRESS","description":"Prve elektronske novine u Sand\u017eaku","publisher":{"@id":"https:\/\/sandzakpress.net\/arhiva\/#\/schema\/person\/6e72b67d6e51910a1117b3b483ba20bd"},"potentialAction":[{"@type":"SearchAction","target":{"@type":"EntryPoint","urlTemplate":"https:\/\/sandzakpress.net\/arhiva\/?s={search_term_string}"},"query-input":{"@type":"PropertyValueSpecification","valueRequired":true,"valueName":"search_term_string"}}],"inLanguage":"bs-BA"},{"@type":["Person","Organization"],"@id":"https:\/\/sandzakpress.net\/arhiva\/#\/schema\/person\/6e72b67d6e51910a1117b3b483ba20bd","name":"Kul","image":{"@type":"ImageObject","inLanguage":"bs-BA","@id":"https:\/\/sandzakpress.net\/arhiva\/#\/schema\/person\/image\/","url":"https:\/\/secure.gravatar.com\/avatar\/42263f39aa27ac04c43cab85c280eb2e?s=96&d=mm&r=pg","contentUrl":"https:\/\/secure.gravatar.com\/avatar\/42263f39aa27ac04c43cab85c280eb2e?s=96&d=mm&r=pg","caption":"Kul"},"logo":{"@id":"https:\/\/sandzakpress.net\/arhiva\/#\/schema\/person\/image\/"}},{"@type":"Person","@id":"https:\/\/sandzakpress.net\/arhiva\/#\/schema\/person\/cb59d7e3ab91ab90dd680ad0305a6185","name":"Agencija","image":{"@type":"ImageObject","inLanguage":"bs-BA","@id":"https:\/\/sandzakpress.net\/arhiva\/#\/schema\/person\/image\/","url":"https:\/\/secure.gravatar.com\/avatar\/4b7fafa80a22f0c2afe23966b3961fe0?s=96&d=mm&r=pg","contentUrl":"https:\/\/secure.gravatar.com\/avatar\/4b7fafa80a22f0c2afe23966b3961fe0?s=96&d=mm&r=pg","caption":"Agencija"},"url":"https:\/\/sandzakpress.net\/arhiva\/author\/agencija\/"}]}},"_links":{"self":[{"href":"https:\/\/sandzakpress.net\/arhiva\/wp-json\/wp\/v2\/posts\/206050"}],"collection":[{"href":"https:\/\/sandzakpress.net\/arhiva\/wp-json\/wp\/v2\/posts"}],"about":[{"href":"https:\/\/sandzakpress.net\/arhiva\/wp-json\/wp\/v2\/types\/post"}],"author":[{"embeddable":true,"href":"https:\/\/sandzakpress.net\/arhiva\/wp-json\/wp\/v2\/users\/509"}],"replies":[{"embeddable":true,"href":"https:\/\/sandzakpress.net\/arhiva\/wp-json\/wp\/v2\/comments?post=206050"}],"version-history":[{"count":0,"href":"https:\/\/sandzakpress.net\/arhiva\/wp-json\/wp\/v2\/posts\/206050\/revisions"}],"wp:featuredmedia":[{"embeddable":true,"href":"https:\/\/sandzakpress.net\/arhiva\/wp-json\/wp\/v2\/media\/206068"}],"wp:attachment":[{"href":"https:\/\/sandzakpress.net\/arhiva\/wp-json\/wp\/v2\/media?parent=206050"}],"wp:term":[{"taxonomy":"category","embeddable":true,"href":"https:\/\/sandzakpress.net\/arhiva\/wp-json\/wp\/v2\/categories?post=206050"},{"taxonomy":"post_tag","embeddable":true,"href":"https:\/\/sandzakpress.net\/arhiva\/wp-json\/wp\/v2\/tags?post=206050"}],"curies":[{"name":"wp","href":"https:\/\/api.w.org\/{rel}","templated":true}]}}