{"id":205973,"date":"2018-04-25T19:27:57","date_gmt":"2018-04-25T17:27:57","guid":{"rendered":"https:\/\/sandzakpress.net\/arhiva\/?p=205973"},"modified":"2018-04-26T13:10:34","modified_gmt":"2018-04-26T11:10:34","slug":"dr-zukorlic-u-skupstini-ocekujemo-da-prestane-diskriminacija-na-polju-vojnih-imama","status":"publish","type":"post","link":"https:\/\/sandzakpress.net\/arhiva\/dr-zukorlic-u-skupstini-ocekujemo-da-prestane-diskriminacija-na-polju-vojnih-imama\/","title":{"rendered":"Dr. Zukorli\u0107 u Skup\u0161tini &#8211; O\u010dekujemo da prestane diskriminacija na polju vojnih imama"},"content":{"rendered":"<p><img loading=\"lazy\" decoding=\"async\" class=\"size-full wp-image-205974 aligncenter\" src=\"https:\/\/sandzakpress.net\/arhiva\/wp-content\/uploads\/2018\/04\/Capture-10.jpg\" alt=\"\" width=\"975\" height=\"646\" srcset=\"https:\/\/sandzakpress.net\/arhiva\/wp-content\/uploads\/2018\/04\/Capture-10.jpg 975w, https:\/\/sandzakpress.net\/arhiva\/wp-content\/uploads\/2018\/04\/Capture-10-768x509.jpg 768w, https:\/\/sandzakpress.net\/arhiva\/wp-content\/uploads\/2018\/04\/Capture-10-616x408.jpg 616w, https:\/\/sandzakpress.net\/arhiva\/wp-content\/uploads\/2018\/04\/Capture-10-100x65.jpg 100w, https:\/\/sandzakpress.net\/arhiva\/wp-content\/uploads\/2018\/04\/Capture-10-360x240.jpg 360w\" sizes=\"(max-width: 975px) 100vw, 975px\" \/><\/p>\n<p><strong>Skup\u0161tina Srbije nastavila je redovno zasijedanje na kome je 14. ta\u010daka dnevnog reda, a ve\u0107ina zakonskih prijedloga odnosila se na oblast vojnog ure\u0111enja. Na temu vjerskih prava u vojsci i vojnog obrazovanja u Skup\u0161tini govorio narodni poslanik Stranke pravde i pomirenja dr. Muamer Zukorli\u0107.<\/strong><\/p>\n<p>On je tako\u0111er istakao va\u017enost vra\u0107anja povjerenja u vojsku posebno kod pripadnika nacionalnih manjina.\u00a0<\/p>\n<p>Dr. Zukorli\u0107 se osvrnuo i na pitanje vjerskih prava u vojnim objektima i vojsci, istakav\u0161i da je to zakonski dobro regulisano ali je problem u praksi.\u00a0<\/p>\n<p><iframe loading=\"lazy\" title=\"dr. Zukorli\u0107 u skup\u0161tini o vojnim imamima i vojnom obrazovanju\" width=\"696\" height=\"522\" src=\"https:\/\/www.youtube.com\/embed\/wM0FNRrUGoY?feature=oembed\" frameborder=\"0\" allow=\"accelerometer; autoplay; encrypted-media; gyroscope; picture-in-picture\" allowfullscreen><\/iframe><\/p>\n<p>&#8220;Po pitanju prakse imamo izvjesne manjkavosti, posebno kada su u pitanju pripadnici islama, odnosno Islamske zajednice u vojsci. Imamo nedostatak, koji je naslije\u0111en od prethodne vlasti, da su prisutni vojni imami isklju\u010divo iz jedne i to manjinske grupacije Islamske zajednice, \u0161to je neprihvatljivo i \u0161to predstavlja\u00a0 ne dovoljno pozitivnu poruku za muslimane u ovoj zemlji. O\u010dekujem od ove Vlade da se \u0161to prije pristupi rje\u0161avanju ovog problema.&#8221; kazao dr. Zukorli\u0107.<\/p>\n<p>On je kazao da o\u010dekuje da se budu\u0107nost zemlje gradi na boljim temeljima nego \u0161to je na\u0161a pro\u0161lost, i da ne bude ratna budu\u0107nost, ve\u0107 da to bude budu\u0107nost razvoja i prosperiteta.<\/p>\n<p>Dr. Zukorli\u0107 je pohvalio spremnost vojske \u0161to sara\u0111uje i daje svoje objekte za nau\u010dno-obrazovne institucije.<\/p>\n","protected":false},"excerpt":{"rendered":"<p>Skup\u0161tina Srbije nastavila je redovno zasijedanje na kome je 14. ta\u010daka dnevnog reda, a ve\u0107ina zakonskih prijedloga odnosila se na oblast vojnog ure\u0111enja. Na temu vjerskih prava u vojsci i vojnog obrazovanja u Skup\u0161tini govorio narodni poslanik Stranke pravde i pomirenja dr. Muamer Zukorli\u0107. On je tako\u0111er istakao va\u017enost vra\u0107anja povjerenja u vojsku posebno kod [&hellip;]<\/p>\n","protected":false},"author":509,"featured_media":205974,"comment_status":"open","ping_status":"open","sticky":false,"template":"","format":"standard","meta":{"footnotes":""},"categories":[72,52,1,327,392,393,394,8957,16],"tags":[10204,10223],"class_list":{"0":"post-205973","1":"post","2":"type-post","3":"status-publish","4":"format-standard","5":"has-post-thumbnail","7":"category-novi-pazar","8":"category-sjenica","9":"category-politika","10":"category-tutin","11":"category-prijepolje_","12":"category-priboj","13":"category-nova-varos","14":"category-vijesti-dana","15":"category-novine","16":"tag-muftija-muamer-zukorlic","17":"tag-bdz"},"yoast_head":"<!-- This site is optimized with the Yoast SEO Premium plugin v23.1 (Yoast SEO v24.9) - https:\/\/yoast.com\/wordpress\/plugins\/seo\/ -->\n<title>Dr. Zukorli\u0107 u Skup\u0161tini - O\u010dekujemo da prestane diskriminacija na polju vojnih imama<\/title>\n<meta name=\"robots\" content=\"index, follow, max-snippet:-1, max-image-preview:large, max-video-preview:-1\" \/>\n<link rel=\"canonical\" href=\"https:\/\/sandzakpress.net\/arhiva\/dr-zukorlic-u-skupstini-ocekujemo-da-prestane-diskriminacija-na-polju-vojnih-imama\/\" \/>\n<meta property=\"og:locale\" content=\"bs_BA\" \/>\n<meta property=\"og:type\" content=\"article\" \/>\n<meta property=\"og:title\" content=\"Dr. Zukorli\u0107 u Skup\u0161tini - O\u010dekujemo da prestane diskriminacija na polju vojnih imama\" \/>\n<meta property=\"og:description\" content=\"Skup\u0161tina Srbije nastavila je redovno zasijedanje na kome je 14. ta\u010daka dnevnog reda, a ve\u0107ina zakonskih prijedloga odnosila se na oblast vojnog ure\u0111enja. Na temu vjerskih prava u vojsci i vojnog obrazovanja u Skup\u0161tini govorio narodni poslanik Stranke pravde i pomirenja dr. Muamer Zukorli\u0107. On je tako\u0111er istakao va\u017enost vra\u0107anja povjerenja u vojsku posebno kod [&hellip;]\" \/>\n<meta property=\"og:url\" content=\"https:\/\/sandzakpress.net\/arhiva\/dr-zukorlic-u-skupstini-ocekujemo-da-prestane-diskriminacija-na-polju-vojnih-imama\/\" \/>\n<meta property=\"og:site_name\" content=\"Sand\u017eak PRESS\" \/>\n<meta property=\"article:published_time\" content=\"2018-04-25T17:27:57+00:00\" \/>\n<meta property=\"article:modified_time\" content=\"2018-04-26T11:10:34+00:00\" \/>\n<meta property=\"og:image\" content=\"https:\/\/sandzakpress.net\/arhiva\/wp-content\/uploads\/2018\/04\/Capture-10.jpg\" \/>\n\t<meta property=\"og:image:width\" content=\"975\" \/>\n\t<meta property=\"og:image:height\" content=\"646\" \/>\n\t<meta property=\"og:image:type\" content=\"image\/jpeg\" \/>\n<meta name=\"author\" content=\"Agencija\" \/>\n<meta name=\"twitter:card\" content=\"summary_large_image\" \/>\n<meta name=\"twitter:label1\" content=\"Written by\" \/>\n\t<meta name=\"twitter:data1\" content=\"Agencija\" \/>\n\t<meta name=\"twitter:label2\" content=\"Est. reading time\" \/>\n\t<meta name=\"twitter:data2\" content=\"1 minuta\" \/>\n<script type=\"application\/ld+json\" class=\"yoast-schema-graph\">{\"@context\":\"https:\/\/schema.org\",\"@graph\":[{\"@type\":\"Article\",\"@id\":\"https:\/\/sandzakpress.net\/arhiva\/dr-zukorlic-u-skupstini-ocekujemo-da-prestane-diskriminacija-na-polju-vojnih-imama\/#article\",\"isPartOf\":{\"@id\":\"https:\/\/sandzakpress.net\/arhiva\/dr-zukorlic-u-skupstini-ocekujemo-da-prestane-diskriminacija-na-polju-vojnih-imama\/\"},\"author\":{\"name\":\"Agencija\",\"@id\":\"https:\/\/sandzakpress.net\/arhiva\/#\/schema\/person\/cb59d7e3ab91ab90dd680ad0305a6185\"},\"headline\":\"Dr. Zukorli\u0107 u Skup\u0161tini &#8211; O\u010dekujemo da prestane diskriminacija na polju vojnih imama\",\"datePublished\":\"2018-04-25T17:27:57+00:00\",\"dateModified\":\"2018-04-26T11:10:34+00:00\",\"mainEntityOfPage\":{\"@id\":\"https:\/\/sandzakpress.net\/arhiva\/dr-zukorlic-u-skupstini-ocekujemo-da-prestane-diskriminacija-na-polju-vojnih-imama\/\"},\"wordCount\":241,\"commentCount\":3,\"publisher\":{\"@id\":\"https:\/\/sandzakpress.net\/arhiva\/#\/schema\/person\/6e72b67d6e51910a1117b3b483ba20bd\"},\"image\":{\"@id\":\"https:\/\/sandzakpress.net\/arhiva\/dr-zukorlic-u-skupstini-ocekujemo-da-prestane-diskriminacija-na-polju-vojnih-imama\/#primaryimage\"},\"thumbnailUrl\":\"https:\/\/sandzakpress.net\/arhiva\/wp-content\/uploads\/2018\/04\/Capture-10.jpg\",\"keywords\":[\"muftija Muamer Zukorli\u0107\",\"BDZ\"],\"articleSection\":[\"Novi Pazar\",\"Sjenica\",\"Politika\",\"Tutin\",\"Prijepolje\",\"Priboj\",\"Nova Varo\u0161\",\"VIJESTI DANA\",\"Novine\"],\"inLanguage\":\"bs-BA\",\"potentialAction\":[{\"@type\":\"CommentAction\",\"name\":\"Comment\",\"target\":[\"https:\/\/sandzakpress.net\/arhiva\/dr-zukorlic-u-skupstini-ocekujemo-da-prestane-diskriminacija-na-polju-vojnih-imama\/#respond\"]}]},{\"@type\":\"WebPage\",\"@id\":\"https:\/\/sandzakpress.net\/arhiva\/dr-zukorlic-u-skupstini-ocekujemo-da-prestane-diskriminacija-na-polju-vojnih-imama\/\",\"url\":\"https:\/\/sandzakpress.net\/arhiva\/dr-zukorlic-u-skupstini-ocekujemo-da-prestane-diskriminacija-na-polju-vojnih-imama\/\",\"name\":\"Dr. Zukorli\u0107 u Skup\u0161tini - O\u010dekujemo da prestane diskriminacija na polju vojnih imama\",\"isPartOf\":{\"@id\":\"https:\/\/sandzakpress.net\/arhiva\/#website\"},\"primaryImageOfPage\":{\"@id\":\"https:\/\/sandzakpress.net\/arhiva\/dr-zukorlic-u-skupstini-ocekujemo-da-prestane-diskriminacija-na-polju-vojnih-imama\/#primaryimage\"},\"image\":{\"@id\":\"https:\/\/sandzakpress.net\/arhiva\/dr-zukorlic-u-skupstini-ocekujemo-da-prestane-diskriminacija-na-polju-vojnih-imama\/#primaryimage\"},\"thumbnailUrl\":\"https:\/\/sandzakpress.net\/arhiva\/wp-content\/uploads\/2018\/04\/Capture-10.jpg\",\"datePublished\":\"2018-04-25T17:27:57+00:00\",\"dateModified\":\"2018-04-26T11:10:34+00:00\",\"breadcrumb\":{\"@id\":\"https:\/\/sandzakpress.net\/arhiva\/dr-zukorlic-u-skupstini-ocekujemo-da-prestane-diskriminacija-na-polju-vojnih-imama\/#breadcrumb\"},\"inLanguage\":\"bs-BA\",\"potentialAction\":[{\"@type\":\"ReadAction\",\"target\":[\"https:\/\/sandzakpress.net\/arhiva\/dr-zukorlic-u-skupstini-ocekujemo-da-prestane-diskriminacija-na-polju-vojnih-imama\/\"]}]},{\"@type\":\"ImageObject\",\"inLanguage\":\"bs-BA\",\"@id\":\"https:\/\/sandzakpress.net\/arhiva\/dr-zukorlic-u-skupstini-ocekujemo-da-prestane-diskriminacija-na-polju-vojnih-imama\/#primaryimage\",\"url\":\"https:\/\/sandzakpress.net\/arhiva\/wp-content\/uploads\/2018\/04\/Capture-10.jpg\",\"contentUrl\":\"https:\/\/sandzakpress.net\/arhiva\/wp-content\/uploads\/2018\/04\/Capture-10.jpg\",\"width\":975,\"height\":646},{\"@type\":\"BreadcrumbList\",\"@id\":\"https:\/\/sandzakpress.net\/arhiva\/dr-zukorlic-u-skupstini-ocekujemo-da-prestane-diskriminacija-na-polju-vojnih-imama\/#breadcrumb\",\"itemListElement\":[{\"@type\":\"ListItem\",\"position\":1,\"name\":\"Home\",\"item\":\"https:\/\/sandzakpress.net\/arhiva\/\"},{\"@type\":\"ListItem\",\"position\":2,\"name\":\"Dr. Zukorli\u0107 u Skup\u0161tini &#8211; O\u010dekujemo da prestane diskriminacija na polju vojnih imama\"}]},{\"@type\":\"WebSite\",\"@id\":\"https:\/\/sandzakpress.net\/arhiva\/#website\",\"url\":\"https:\/\/sandzakpress.net\/arhiva\/\",\"name\":\"Sand\u017eak PRESS\",\"description\":\"Prve elektronske novine u Sand\u017eaku\",\"publisher\":{\"@id\":\"https:\/\/sandzakpress.net\/arhiva\/#\/schema\/person\/6e72b67d6e51910a1117b3b483ba20bd\"},\"potentialAction\":[{\"@type\":\"SearchAction\",\"target\":{\"@type\":\"EntryPoint\",\"urlTemplate\":\"https:\/\/sandzakpress.net\/arhiva\/?s={search_term_string}\"},\"query-input\":{\"@type\":\"PropertyValueSpecification\",\"valueRequired\":true,\"valueName\":\"search_term_string\"}}],\"inLanguage\":\"bs-BA\"},{\"@type\":[\"Person\",\"Organization\"],\"@id\":\"https:\/\/sandzakpress.net\/arhiva\/#\/schema\/person\/6e72b67d6e51910a1117b3b483ba20bd\",\"name\":\"Kul\",\"image\":{\"@type\":\"ImageObject\",\"inLanguage\":\"bs-BA\",\"@id\":\"https:\/\/sandzakpress.net\/arhiva\/#\/schema\/person\/image\/\",\"url\":\"https:\/\/secure.gravatar.com\/avatar\/42263f39aa27ac04c43cab85c280eb2e?s=96&d=mm&r=pg\",\"contentUrl\":\"https:\/\/secure.gravatar.com\/avatar\/42263f39aa27ac04c43cab85c280eb2e?s=96&d=mm&r=pg\",\"caption\":\"Kul\"},\"logo\":{\"@id\":\"https:\/\/sandzakpress.net\/arhiva\/#\/schema\/person\/image\/\"}},{\"@type\":\"Person\",\"@id\":\"https:\/\/sandzakpress.net\/arhiva\/#\/schema\/person\/cb59d7e3ab91ab90dd680ad0305a6185\",\"name\":\"Agencija\",\"image\":{\"@type\":\"ImageObject\",\"inLanguage\":\"bs-BA\",\"@id\":\"https:\/\/sandzakpress.net\/arhiva\/#\/schema\/person\/image\/\",\"url\":\"https:\/\/secure.gravatar.com\/avatar\/4b7fafa80a22f0c2afe23966b3961fe0?s=96&d=mm&r=pg\",\"contentUrl\":\"https:\/\/secure.gravatar.com\/avatar\/4b7fafa80a22f0c2afe23966b3961fe0?s=96&d=mm&r=pg\",\"caption\":\"Agencija\"},\"url\":\"https:\/\/sandzakpress.net\/arhiva\/author\/agencija\/\"}]}<\/script>\n<!-- \/ Yoast SEO Premium plugin. -->","yoast_head_json":{"title":"Dr. Zukorli\u0107 u Skup\u0161tini - O\u010dekujemo da prestane diskriminacija na polju vojnih imama","robots":{"index":"index","follow":"follow","max-snippet":"max-snippet:-1","max-image-preview":"max-image-preview:large","max-video-preview":"max-video-preview:-1"},"canonical":"https:\/\/sandzakpress.net\/arhiva\/dr-zukorlic-u-skupstini-ocekujemo-da-prestane-diskriminacija-na-polju-vojnih-imama\/","og_locale":"bs_BA","og_type":"article","og_title":"Dr. Zukorli\u0107 u Skup\u0161tini - O\u010dekujemo da prestane diskriminacija na polju vojnih imama","og_description":"Skup\u0161tina Srbije nastavila je redovno zasijedanje na kome je 14. ta\u010daka dnevnog reda, a ve\u0107ina zakonskih prijedloga odnosila se na oblast vojnog ure\u0111enja. Na temu vjerskih prava u vojsci i vojnog obrazovanja u Skup\u0161tini govorio narodni poslanik Stranke pravde i pomirenja dr. Muamer Zukorli\u0107. On je tako\u0111er istakao va\u017enost vra\u0107anja povjerenja u vojsku posebno kod [&hellip;]","og_url":"https:\/\/sandzakpress.net\/arhiva\/dr-zukorlic-u-skupstini-ocekujemo-da-prestane-diskriminacija-na-polju-vojnih-imama\/","og_site_name":"Sand\u017eak PRESS","article_published_time":"2018-04-25T17:27:57+00:00","article_modified_time":"2018-04-26T11:10:34+00:00","og_image":[{"width":975,"height":646,"url":"https:\/\/sandzakpress.net\/arhiva\/wp-content\/uploads\/2018\/04\/Capture-10.jpg","type":"image\/jpeg"}],"author":"Agencija","twitter_card":"summary_large_image","twitter_misc":{"Written by":"Agencija","Est. reading time":"1 minuta"},"schema":{"@context":"https:\/\/schema.org","@graph":[{"@type":"Article","@id":"https:\/\/sandzakpress.net\/arhiva\/dr-zukorlic-u-skupstini-ocekujemo-da-prestane-diskriminacija-na-polju-vojnih-imama\/#article","isPartOf":{"@id":"https:\/\/sandzakpress.net\/arhiva\/dr-zukorlic-u-skupstini-ocekujemo-da-prestane-diskriminacija-na-polju-vojnih-imama\/"},"author":{"name":"Agencija","@id":"https:\/\/sandzakpress.net\/arhiva\/#\/schema\/person\/cb59d7e3ab91ab90dd680ad0305a6185"},"headline":"Dr. Zukorli\u0107 u Skup\u0161tini &#8211; O\u010dekujemo da prestane diskriminacija na polju vojnih imama","datePublished":"2018-04-25T17:27:57+00:00","dateModified":"2018-04-26T11:10:34+00:00","mainEntityOfPage":{"@id":"https:\/\/sandzakpress.net\/arhiva\/dr-zukorlic-u-skupstini-ocekujemo-da-prestane-diskriminacija-na-polju-vojnih-imama\/"},"wordCount":241,"commentCount":3,"publisher":{"@id":"https:\/\/sandzakpress.net\/arhiva\/#\/schema\/person\/6e72b67d6e51910a1117b3b483ba20bd"},"image":{"@id":"https:\/\/sandzakpress.net\/arhiva\/dr-zukorlic-u-skupstini-ocekujemo-da-prestane-diskriminacija-na-polju-vojnih-imama\/#primaryimage"},"thumbnailUrl":"https:\/\/sandzakpress.net\/arhiva\/wp-content\/uploads\/2018\/04\/Capture-10.jpg","keywords":["muftija Muamer Zukorli\u0107","BDZ"],"articleSection":["Novi Pazar","Sjenica","Politika","Tutin","Prijepolje","Priboj","Nova Varo\u0161","VIJESTI DANA","Novine"],"inLanguage":"bs-BA","potentialAction":[{"@type":"CommentAction","name":"Comment","target":["https:\/\/sandzakpress.net\/arhiva\/dr-zukorlic-u-skupstini-ocekujemo-da-prestane-diskriminacija-na-polju-vojnih-imama\/#respond"]}]},{"@type":"WebPage","@id":"https:\/\/sandzakpress.net\/arhiva\/dr-zukorlic-u-skupstini-ocekujemo-da-prestane-diskriminacija-na-polju-vojnih-imama\/","url":"https:\/\/sandzakpress.net\/arhiva\/dr-zukorlic-u-skupstini-ocekujemo-da-prestane-diskriminacija-na-polju-vojnih-imama\/","name":"Dr. Zukorli\u0107 u Skup\u0161tini - O\u010dekujemo da prestane diskriminacija na polju vojnih imama","isPartOf":{"@id":"https:\/\/sandzakpress.net\/arhiva\/#website"},"primaryImageOfPage":{"@id":"https:\/\/sandzakpress.net\/arhiva\/dr-zukorlic-u-skupstini-ocekujemo-da-prestane-diskriminacija-na-polju-vojnih-imama\/#primaryimage"},"image":{"@id":"https:\/\/sandzakpress.net\/arhiva\/dr-zukorlic-u-skupstini-ocekujemo-da-prestane-diskriminacija-na-polju-vojnih-imama\/#primaryimage"},"thumbnailUrl":"https:\/\/sandzakpress.net\/arhiva\/wp-content\/uploads\/2018\/04\/Capture-10.jpg","datePublished":"2018-04-25T17:27:57+00:00","dateModified":"2018-04-26T11:10:34+00:00","breadcrumb":{"@id":"https:\/\/sandzakpress.net\/arhiva\/dr-zukorlic-u-skupstini-ocekujemo-da-prestane-diskriminacija-na-polju-vojnih-imama\/#breadcrumb"},"inLanguage":"bs-BA","potentialAction":[{"@type":"ReadAction","target":["https:\/\/sandzakpress.net\/arhiva\/dr-zukorlic-u-skupstini-ocekujemo-da-prestane-diskriminacija-na-polju-vojnih-imama\/"]}]},{"@type":"ImageObject","inLanguage":"bs-BA","@id":"https:\/\/sandzakpress.net\/arhiva\/dr-zukorlic-u-skupstini-ocekujemo-da-prestane-diskriminacija-na-polju-vojnih-imama\/#primaryimage","url":"https:\/\/sandzakpress.net\/arhiva\/wp-content\/uploads\/2018\/04\/Capture-10.jpg","contentUrl":"https:\/\/sandzakpress.net\/arhiva\/wp-content\/uploads\/2018\/04\/Capture-10.jpg","width":975,"height":646},{"@type":"BreadcrumbList","@id":"https:\/\/sandzakpress.net\/arhiva\/dr-zukorlic-u-skupstini-ocekujemo-da-prestane-diskriminacija-na-polju-vojnih-imama\/#breadcrumb","itemListElement":[{"@type":"ListItem","position":1,"name":"Home","item":"https:\/\/sandzakpress.net\/arhiva\/"},{"@type":"ListItem","position":2,"name":"Dr. Zukorli\u0107 u Skup\u0161tini &#8211; O\u010dekujemo da prestane diskriminacija na polju vojnih imama"}]},{"@type":"WebSite","@id":"https:\/\/sandzakpress.net\/arhiva\/#website","url":"https:\/\/sandzakpress.net\/arhiva\/","name":"Sand\u017eak PRESS","description":"Prve elektronske novine u Sand\u017eaku","publisher":{"@id":"https:\/\/sandzakpress.net\/arhiva\/#\/schema\/person\/6e72b67d6e51910a1117b3b483ba20bd"},"potentialAction":[{"@type":"SearchAction","target":{"@type":"EntryPoint","urlTemplate":"https:\/\/sandzakpress.net\/arhiva\/?s={search_term_string}"},"query-input":{"@type":"PropertyValueSpecification","valueRequired":true,"valueName":"search_term_string"}}],"inLanguage":"bs-BA"},{"@type":["Person","Organization"],"@id":"https:\/\/sandzakpress.net\/arhiva\/#\/schema\/person\/6e72b67d6e51910a1117b3b483ba20bd","name":"Kul","image":{"@type":"ImageObject","inLanguage":"bs-BA","@id":"https:\/\/sandzakpress.net\/arhiva\/#\/schema\/person\/image\/","url":"https:\/\/secure.gravatar.com\/avatar\/42263f39aa27ac04c43cab85c280eb2e?s=96&d=mm&r=pg","contentUrl":"https:\/\/secure.gravatar.com\/avatar\/42263f39aa27ac04c43cab85c280eb2e?s=96&d=mm&r=pg","caption":"Kul"},"logo":{"@id":"https:\/\/sandzakpress.net\/arhiva\/#\/schema\/person\/image\/"}},{"@type":"Person","@id":"https:\/\/sandzakpress.net\/arhiva\/#\/schema\/person\/cb59d7e3ab91ab90dd680ad0305a6185","name":"Agencija","image":{"@type":"ImageObject","inLanguage":"bs-BA","@id":"https:\/\/sandzakpress.net\/arhiva\/#\/schema\/person\/image\/","url":"https:\/\/secure.gravatar.com\/avatar\/4b7fafa80a22f0c2afe23966b3961fe0?s=96&d=mm&r=pg","contentUrl":"https:\/\/secure.gravatar.com\/avatar\/4b7fafa80a22f0c2afe23966b3961fe0?s=96&d=mm&r=pg","caption":"Agencija"},"url":"https:\/\/sandzakpress.net\/arhiva\/author\/agencija\/"}]}},"_links":{"self":[{"href":"https:\/\/sandzakpress.net\/arhiva\/wp-json\/wp\/v2\/posts\/205973"}],"collection":[{"href":"https:\/\/sandzakpress.net\/arhiva\/wp-json\/wp\/v2\/posts"}],"about":[{"href":"https:\/\/sandzakpress.net\/arhiva\/wp-json\/wp\/v2\/types\/post"}],"author":[{"embeddable":true,"href":"https:\/\/sandzakpress.net\/arhiva\/wp-json\/wp\/v2\/users\/509"}],"replies":[{"embeddable":true,"href":"https:\/\/sandzakpress.net\/arhiva\/wp-json\/wp\/v2\/comments?post=205973"}],"version-history":[{"count":0,"href":"https:\/\/sandzakpress.net\/arhiva\/wp-json\/wp\/v2\/posts\/205973\/revisions"}],"wp:featuredmedia":[{"embeddable":true,"href":"https:\/\/sandzakpress.net\/arhiva\/wp-json\/wp\/v2\/media\/205974"}],"wp:attachment":[{"href":"https:\/\/sandzakpress.net\/arhiva\/wp-json\/wp\/v2\/media?parent=205973"}],"wp:term":[{"taxonomy":"category","embeddable":true,"href":"https:\/\/sandzakpress.net\/arhiva\/wp-json\/wp\/v2\/categories?post=205973"},{"taxonomy":"post_tag","embeddable":true,"href":"https:\/\/sandzakpress.net\/arhiva\/wp-json\/wp\/v2\/tags?post=205973"}],"curies":[{"name":"wp","href":"https:\/\/api.w.org\/{rel}","templated":true}]}}