{"id":205811,"date":"2018-04-22T18:10:52","date_gmt":"2018-04-22T16:10:52","guid":{"rendered":"https:\/\/sandzakpress.net\/arhiva\/?p=205811"},"modified":"2018-04-22T22:03:52","modified_gmt":"2018-04-22T20:03:52","slug":"ubijeni-narkodiler-povezan-sa-ljajicevim-aktivistima-u-novom-pazaru","status":"publish","type":"post","link":"https:\/\/sandzakpress.net\/arhiva\/ubijeni-narkodiler-povezan-sa-ljajicevim-aktivistima-u-novom-pazaru\/","title":{"rendered":"Ubijeni narkodiler povezan sa Ljaji\u0107evim aktivistima u Novom Pazaru"},"content":{"rendered":"<p><em><strong><img loading=\"lazy\" decoding=\"async\" class=\"alignnone size-full wp-image-205812 aligncenter\" src=\"https:\/\/sandzakpress.net\/arhiva\/wp-content\/uploads\/2018\/04\/viber-image-5.jpg\" alt=\"\" width=\"639\" height=\"402\" srcset=\"https:\/\/sandzakpress.net\/arhiva\/wp-content\/uploads\/2018\/04\/viber-image-5.jpg 639w, https:\/\/sandzakpress.net\/arhiva\/wp-content\/uploads\/2018\/04\/viber-image-5-616x388.jpg 616w\" sizes=\"(max-width: 639px) 100vw, 639px\" \/><\/strong><\/em><\/p>\n<p style=\"text-align: center;\"><em>Foto: Ubijeni Radulovi\u0107 u dru\u0161tvu sa Agu\u0161evi\u0107em i Zveroti\u0107em<\/em><\/p>\n<p><strong>Osu\u0111eni narkodiler Luka Radulovi\u0107 (37) priznao je da je preprodavao kokain u Beogradu, a konstatovani su njegovi \u010desti odlasci u Novi Pazar.<\/strong><\/p>\n<p>On u sporazumnom priznanju zbog koga je osu\u0111en na tri godine nije otkrio od koga je nabavljao kokain koji je preprodao dvojici sau\u010desnika sa kojima je uhap\u0161en.<\/p>\n<p>Na svojim Fejsbuk stranicama Radulovi\u0107 je \u010desto objavljivao slike iz Novog Pazara i sa ljudima sa kojima se tamo vi\u0111ao. Jedan od njih je poznati Novopazarac Ertan Zveroti\u0107 (38) zvani Hajduk, estradni menad\u017eer i suvlasnik novopazarske diskoteke HR, sa kojim se ubijeni Radulovi\u0107 \u010desto dru\u017eio i zvao ga \u201cmoj brat\u201d. Zveroti\u0107 nije hap\u0161en zbog droge, ali jeste zbog brutalnog napada no\u017eem i zbog pucnjave na policajce.<\/p>\n<p>Kraljeva\u010dka policija uhapsila je Zveroti\u0107a 5. aprila 2015. jer je u hotelu \u201eTehnograd\u201c u Kraljevu, nakon kra\u0107e sva\u0111e i tu\u010de, od usne do uveta isjekao Milena Stojkovi\u0107a (46). Prema prvim policijskim podacima, sve se odigralo oko pono\u0107i, kada su se potukli Zveroti\u0107 i Stojkovi\u0107, kum porodice koja je slavila punoljetstvo. Zveroti\u0107 je savladao Stojkovi\u0107a, izvadio no\u017e i isjekao ga od usne do uveta.<\/p>\n<p><img decoding=\"async\" class=\"aligncenter\" src=\"https:\/\/ocdn.eu\/pulscms-transforms\/1\/3Pik9lMaHR0cDovL29jZG4uZXUvaW1hZ2VzL3B1bHNjbXMvWm1JN01EQV8vZDllY2Q1OGU3OTQzNzc5ZGM1ZDg1ZWQ5ZTlhYzNlZWMuanBlZ5GTAs0CQgCBoTAB\" alt=\"Tri dobra druga: \nLuka Radulovi\u00c4\u0087, Senad Agu\u00c5\u00a1evi\u00c4\u0087 Rus i Ertan Zveroti\u00c4\u0087 Hajduk\" \/><\/p>\n<p style=\"text-align: center;\"><em>Foto: Tri dobra druga: Luka Radulovi\u0107, Senad Agu\u0161evi\u0107 Rus i Ertan Zveroti\u0107 Hajduk<\/em><\/p>\n<p>&#8211; Nakon \u0161to ga je isjekao no\u017eem, Zveroti\u0107 je poku\u0161ao sa pjeva\u010dem, koji je tako\u0111er iz Novog Pazara, da automobilom pobjegne ka Vrnja\u010dkoj Banji. Me\u0111utim, brzom reakcijom interventne policije, uhap\u0161eni su prije Vrnja\u010dke Banje &#8211; rekli su u policiji.<\/p>\n<p>Zveroti\u0107 je uhap\u0161en nakon \u0161to je 6. septembra 2017. pucano na policajca Dragan \u010cekanovi\u0107a (30) dok je patrolirao Ulicom Stefana Nemanje u Novom Pazaru u 20 sati uve\u010der. Tada je uhap\u0161en D\u017eenan Ka\u010dar (34), koji je okrivljen da je pucao na policajca, ali i Zveroti\u0107 koji je sjedio sa njim u ba\u0161ti kafi\u0107a odakle je pucao.<\/p>\n<p>Podsje\u0107amo da su\u00a0Senad Agu\u0161evi\u0107 Rus i Ertan Zveroti\u0107 Hajduk bliski Sand\u017ea\u010dkoj demokratskoj partiji (SDP) Rasima Ljaji\u0107a, pa su za simbolni\u010dan novac dobijali prostor u centru Novog Pazara, koji je u vlasni\u0161tvu Kulturnog centra na \u010dijem je \u010delu Husein Memi\u0107. Tu su Agu\u0161evi\u0107 i Zveroti\u0107 otvorili diskoteku HR u kojoj su gostovali poznati peva\u010di i starlete, a koja je slu\u017eila kao paravan za poslove sa narkoticima.<\/p>\n<p>&nbsp;<\/p>\n<blockquote class=\"wp-embedded-content\" data-secret=\"IYSYafbGAK\"><p><a href=\"https:\/\/sandzakpress.net\/arhiva\/mediji-novac-iz-budzeta-kulturnog-centra-novi-pazar-se-sliva-u-privatne-dzepove\/\">Mediji &#8211; Novac iz bud\u017eeta Kulturnog centra Novi Pazar se sliva u privatne d\u017eepove!?<\/a><\/p><\/blockquote>\n<p><iframe loading=\"lazy\" class=\"wp-embedded-content\" sandbox=\"allow-scripts\" security=\"restricted\" style=\"position: absolute; visibility: hidden;\" title=\"&#8220;Mediji &#8211; Novac iz bud\u017eeta Kulturnog centra Novi Pazar se sliva u privatne d\u017eepove!?&#8221; &#8212; Sand\u017eak PRESS\" src=\"https:\/\/sandzakpress.net\/arhiva\/mediji-novac-iz-budzeta-kulturnog-centra-novi-pazar-se-sliva-u-privatne-dzepove\/embed\/#?secret=3cOEZKNgYa#?secret=IYSYafbGAK\" data-secret=\"IYSYafbGAK\" width=\"600\" height=\"338\" frameborder=\"0\" marginwidth=\"0\" marginheight=\"0\" scrolling=\"no\"><\/iframe><\/p>\n","protected":false},"excerpt":{"rendered":"<p>Foto: Ubijeni Radulovi\u0107 u dru\u0161tvu sa Agu\u0161evi\u0107em i Zveroti\u0107em Osu\u0111eni narkodiler Luka Radulovi\u0107 (37) priznao je da je preprodavao kokain u Beogradu, a konstatovani su njegovi \u010desti odlasci u Novi Pazar. On u sporazumnom priznanju zbog koga je osu\u0111en na tri godine nije otkrio od koga je nabavljao kokain koji je preprodao dvojici sau\u010desnika sa [&hellip;]<\/p>\n","protected":false},"author":509,"featured_media":205812,"comment_status":"open","ping_status":"open","sticky":false,"template":"","format":"standard","meta":{"footnotes":""},"categories":[72,801,8957,16],"tags":[],"class_list":{"0":"post-205811","1":"post","2":"type-post","3":"status-publish","4":"format-standard","5":"has-post-thumbnail","7":"category-novi-pazar","8":"category-crna_hronika","9":"category-vijesti-dana","10":"category-novine"},"yoast_head":"<!-- This site is optimized with the Yoast SEO Premium plugin v23.1 (Yoast SEO v24.9) - https:\/\/yoast.com\/wordpress\/plugins\/seo\/ -->\n<title>Ubijeni narkodiler povezan sa Ljaji\u0107evim aktivistima u Novom Pazaru<\/title>\n<meta name=\"robots\" content=\"index, follow, max-snippet:-1, max-image-preview:large, max-video-preview:-1\" \/>\n<link rel=\"canonical\" href=\"https:\/\/sandzakpress.net\/arhiva\/ubijeni-narkodiler-povezan-sa-ljajicevim-aktivistima-u-novom-pazaru\/\" \/>\n<meta property=\"og:locale\" content=\"bs_BA\" \/>\n<meta property=\"og:type\" content=\"article\" \/>\n<meta property=\"og:title\" content=\"Ubijeni narkodiler povezan sa Ljaji\u0107evim aktivistima u Novom Pazaru\" \/>\n<meta property=\"og:description\" content=\"Foto: Ubijeni Radulovi\u0107 u dru\u0161tvu sa Agu\u0161evi\u0107em i Zveroti\u0107em Osu\u0111eni narkodiler Luka Radulovi\u0107 (37) priznao je da je preprodavao kokain u Beogradu, a konstatovani su njegovi \u010desti odlasci u Novi Pazar. On u sporazumnom priznanju zbog koga je osu\u0111en na tri godine nije otkrio od koga je nabavljao kokain koji je preprodao dvojici sau\u010desnika sa [&hellip;]\" \/>\n<meta property=\"og:url\" content=\"https:\/\/sandzakpress.net\/arhiva\/ubijeni-narkodiler-povezan-sa-ljajicevim-aktivistima-u-novom-pazaru\/\" \/>\n<meta property=\"og:site_name\" content=\"Sand\u017eak PRESS\" \/>\n<meta property=\"article:published_time\" content=\"2018-04-22T16:10:52+00:00\" \/>\n<meta property=\"article:modified_time\" content=\"2018-04-22T20:03:52+00:00\" \/>\n<meta property=\"og:image\" content=\"https:\/\/sandzakpress.net\/arhiva\/wp-content\/uploads\/2018\/04\/viber-image-5.jpg\" \/>\n\t<meta property=\"og:image:width\" content=\"639\" \/>\n\t<meta property=\"og:image:height\" content=\"402\" \/>\n\t<meta property=\"og:image:type\" content=\"image\/jpeg\" \/>\n<meta name=\"author\" content=\"Agencija\" \/>\n<meta name=\"twitter:card\" content=\"summary_large_image\" \/>\n<meta name=\"twitter:label1\" content=\"Written by\" \/>\n\t<meta name=\"twitter:data1\" content=\"Agencija\" \/>\n\t<meta name=\"twitter:label2\" content=\"Est. reading time\" \/>\n\t<meta name=\"twitter:data2\" content=\"2 minute\" \/>\n<script type=\"application\/ld+json\" class=\"yoast-schema-graph\">{\"@context\":\"https:\/\/schema.org\",\"@graph\":[{\"@type\":\"Article\",\"@id\":\"https:\/\/sandzakpress.net\/arhiva\/ubijeni-narkodiler-povezan-sa-ljajicevim-aktivistima-u-novom-pazaru\/#article\",\"isPartOf\":{\"@id\":\"https:\/\/sandzakpress.net\/arhiva\/ubijeni-narkodiler-povezan-sa-ljajicevim-aktivistima-u-novom-pazaru\/\"},\"author\":{\"name\":\"Agencija\",\"@id\":\"https:\/\/sandzakpress.net\/arhiva\/#\/schema\/person\/cb59d7e3ab91ab90dd680ad0305a6185\"},\"headline\":\"Ubijeni narkodiler povezan sa Ljaji\u0107evim aktivistima u Novom Pazaru\",\"datePublished\":\"2018-04-22T16:10:52+00:00\",\"dateModified\":\"2018-04-22T20:03:52+00:00\",\"mainEntityOfPage\":{\"@id\":\"https:\/\/sandzakpress.net\/arhiva\/ubijeni-narkodiler-povezan-sa-ljajicevim-aktivistima-u-novom-pazaru\/\"},\"wordCount\":415,\"commentCount\":7,\"publisher\":{\"@id\":\"https:\/\/sandzakpress.net\/arhiva\/#\/schema\/person\/6e72b67d6e51910a1117b3b483ba20bd\"},\"image\":{\"@id\":\"https:\/\/sandzakpress.net\/arhiva\/ubijeni-narkodiler-povezan-sa-ljajicevim-aktivistima-u-novom-pazaru\/#primaryimage\"},\"thumbnailUrl\":\"https:\/\/sandzakpress.net\/arhiva\/wp-content\/uploads\/2018\/04\/viber-image-5.jpg\",\"articleSection\":[\"Novi Pazar\",\"Hronika\",\"VIJESTI DANA\",\"Novine\"],\"inLanguage\":\"bs-BA\",\"potentialAction\":[{\"@type\":\"CommentAction\",\"name\":\"Comment\",\"target\":[\"https:\/\/sandzakpress.net\/arhiva\/ubijeni-narkodiler-povezan-sa-ljajicevim-aktivistima-u-novom-pazaru\/#respond\"]}]},{\"@type\":\"WebPage\",\"@id\":\"https:\/\/sandzakpress.net\/arhiva\/ubijeni-narkodiler-povezan-sa-ljajicevim-aktivistima-u-novom-pazaru\/\",\"url\":\"https:\/\/sandzakpress.net\/arhiva\/ubijeni-narkodiler-povezan-sa-ljajicevim-aktivistima-u-novom-pazaru\/\",\"name\":\"Ubijeni narkodiler povezan sa Ljaji\u0107evim aktivistima u Novom Pazaru\",\"isPartOf\":{\"@id\":\"https:\/\/sandzakpress.net\/arhiva\/#website\"},\"primaryImageOfPage\":{\"@id\":\"https:\/\/sandzakpress.net\/arhiva\/ubijeni-narkodiler-povezan-sa-ljajicevim-aktivistima-u-novom-pazaru\/#primaryimage\"},\"image\":{\"@id\":\"https:\/\/sandzakpress.net\/arhiva\/ubijeni-narkodiler-povezan-sa-ljajicevim-aktivistima-u-novom-pazaru\/#primaryimage\"},\"thumbnailUrl\":\"https:\/\/sandzakpress.net\/arhiva\/wp-content\/uploads\/2018\/04\/viber-image-5.jpg\",\"datePublished\":\"2018-04-22T16:10:52+00:00\",\"dateModified\":\"2018-04-22T20:03:52+00:00\",\"breadcrumb\":{\"@id\":\"https:\/\/sandzakpress.net\/arhiva\/ubijeni-narkodiler-povezan-sa-ljajicevim-aktivistima-u-novom-pazaru\/#breadcrumb\"},\"inLanguage\":\"bs-BA\",\"potentialAction\":[{\"@type\":\"ReadAction\",\"target\":[\"https:\/\/sandzakpress.net\/arhiva\/ubijeni-narkodiler-povezan-sa-ljajicevim-aktivistima-u-novom-pazaru\/\"]}]},{\"@type\":\"ImageObject\",\"inLanguage\":\"bs-BA\",\"@id\":\"https:\/\/sandzakpress.net\/arhiva\/ubijeni-narkodiler-povezan-sa-ljajicevim-aktivistima-u-novom-pazaru\/#primaryimage\",\"url\":\"https:\/\/sandzakpress.net\/arhiva\/wp-content\/uploads\/2018\/04\/viber-image-5.jpg\",\"contentUrl\":\"https:\/\/sandzakpress.net\/arhiva\/wp-content\/uploads\/2018\/04\/viber-image-5.jpg\",\"width\":639,\"height\":402},{\"@type\":\"BreadcrumbList\",\"@id\":\"https:\/\/sandzakpress.net\/arhiva\/ubijeni-narkodiler-povezan-sa-ljajicevim-aktivistima-u-novom-pazaru\/#breadcrumb\",\"itemListElement\":[{\"@type\":\"ListItem\",\"position\":1,\"name\":\"Home\",\"item\":\"https:\/\/sandzakpress.net\/arhiva\/\"},{\"@type\":\"ListItem\",\"position\":2,\"name\":\"Ubijeni narkodiler povezan sa Ljaji\u0107evim aktivistima u Novom Pazaru\"}]},{\"@type\":\"WebSite\",\"@id\":\"https:\/\/sandzakpress.net\/arhiva\/#website\",\"url\":\"https:\/\/sandzakpress.net\/arhiva\/\",\"name\":\"Sand\u017eak PRESS\",\"description\":\"Prve elektronske novine u Sand\u017eaku\",\"publisher\":{\"@id\":\"https:\/\/sandzakpress.net\/arhiva\/#\/schema\/person\/6e72b67d6e51910a1117b3b483ba20bd\"},\"potentialAction\":[{\"@type\":\"SearchAction\",\"target\":{\"@type\":\"EntryPoint\",\"urlTemplate\":\"https:\/\/sandzakpress.net\/arhiva\/?s={search_term_string}\"},\"query-input\":{\"@type\":\"PropertyValueSpecification\",\"valueRequired\":true,\"valueName\":\"search_term_string\"}}],\"inLanguage\":\"bs-BA\"},{\"@type\":[\"Person\",\"Organization\"],\"@id\":\"https:\/\/sandzakpress.net\/arhiva\/#\/schema\/person\/6e72b67d6e51910a1117b3b483ba20bd\",\"name\":\"Kul\",\"image\":{\"@type\":\"ImageObject\",\"inLanguage\":\"bs-BA\",\"@id\":\"https:\/\/sandzakpress.net\/arhiva\/#\/schema\/person\/image\/\",\"url\":\"https:\/\/secure.gravatar.com\/avatar\/42263f39aa27ac04c43cab85c280eb2e?s=96&d=mm&r=pg\",\"contentUrl\":\"https:\/\/secure.gravatar.com\/avatar\/42263f39aa27ac04c43cab85c280eb2e?s=96&d=mm&r=pg\",\"caption\":\"Kul\"},\"logo\":{\"@id\":\"https:\/\/sandzakpress.net\/arhiva\/#\/schema\/person\/image\/\"}},{\"@type\":\"Person\",\"@id\":\"https:\/\/sandzakpress.net\/arhiva\/#\/schema\/person\/cb59d7e3ab91ab90dd680ad0305a6185\",\"name\":\"Agencija\",\"image\":{\"@type\":\"ImageObject\",\"inLanguage\":\"bs-BA\",\"@id\":\"https:\/\/sandzakpress.net\/arhiva\/#\/schema\/person\/image\/\",\"url\":\"https:\/\/secure.gravatar.com\/avatar\/4b7fafa80a22f0c2afe23966b3961fe0?s=96&d=mm&r=pg\",\"contentUrl\":\"https:\/\/secure.gravatar.com\/avatar\/4b7fafa80a22f0c2afe23966b3961fe0?s=96&d=mm&r=pg\",\"caption\":\"Agencija\"},\"url\":\"https:\/\/sandzakpress.net\/arhiva\/author\/agencija\/\"}]}<\/script>\n<!-- \/ Yoast SEO Premium plugin. -->","yoast_head_json":{"title":"Ubijeni narkodiler povezan sa Ljaji\u0107evim aktivistima u Novom Pazaru","robots":{"index":"index","follow":"follow","max-snippet":"max-snippet:-1","max-image-preview":"max-image-preview:large","max-video-preview":"max-video-preview:-1"},"canonical":"https:\/\/sandzakpress.net\/arhiva\/ubijeni-narkodiler-povezan-sa-ljajicevim-aktivistima-u-novom-pazaru\/","og_locale":"bs_BA","og_type":"article","og_title":"Ubijeni narkodiler povezan sa Ljaji\u0107evim aktivistima u Novom Pazaru","og_description":"Foto: Ubijeni Radulovi\u0107 u dru\u0161tvu sa Agu\u0161evi\u0107em i Zveroti\u0107em Osu\u0111eni narkodiler Luka Radulovi\u0107 (37) priznao je da je preprodavao kokain u Beogradu, a konstatovani su njegovi \u010desti odlasci u Novi Pazar. On u sporazumnom priznanju zbog koga je osu\u0111en na tri godine nije otkrio od koga je nabavljao kokain koji je preprodao dvojici sau\u010desnika sa [&hellip;]","og_url":"https:\/\/sandzakpress.net\/arhiva\/ubijeni-narkodiler-povezan-sa-ljajicevim-aktivistima-u-novom-pazaru\/","og_site_name":"Sand\u017eak PRESS","article_published_time":"2018-04-22T16:10:52+00:00","article_modified_time":"2018-04-22T20:03:52+00:00","og_image":[{"width":639,"height":402,"url":"https:\/\/sandzakpress.net\/arhiva\/wp-content\/uploads\/2018\/04\/viber-image-5.jpg","type":"image\/jpeg"}],"author":"Agencija","twitter_card":"summary_large_image","twitter_misc":{"Written by":"Agencija","Est. reading time":"2 minute"},"schema":{"@context":"https:\/\/schema.org","@graph":[{"@type":"Article","@id":"https:\/\/sandzakpress.net\/arhiva\/ubijeni-narkodiler-povezan-sa-ljajicevim-aktivistima-u-novom-pazaru\/#article","isPartOf":{"@id":"https:\/\/sandzakpress.net\/arhiva\/ubijeni-narkodiler-povezan-sa-ljajicevim-aktivistima-u-novom-pazaru\/"},"author":{"name":"Agencija","@id":"https:\/\/sandzakpress.net\/arhiva\/#\/schema\/person\/cb59d7e3ab91ab90dd680ad0305a6185"},"headline":"Ubijeni narkodiler povezan sa Ljaji\u0107evim aktivistima u Novom Pazaru","datePublished":"2018-04-22T16:10:52+00:00","dateModified":"2018-04-22T20:03:52+00:00","mainEntityOfPage":{"@id":"https:\/\/sandzakpress.net\/arhiva\/ubijeni-narkodiler-povezan-sa-ljajicevim-aktivistima-u-novom-pazaru\/"},"wordCount":415,"commentCount":7,"publisher":{"@id":"https:\/\/sandzakpress.net\/arhiva\/#\/schema\/person\/6e72b67d6e51910a1117b3b483ba20bd"},"image":{"@id":"https:\/\/sandzakpress.net\/arhiva\/ubijeni-narkodiler-povezan-sa-ljajicevim-aktivistima-u-novom-pazaru\/#primaryimage"},"thumbnailUrl":"https:\/\/sandzakpress.net\/arhiva\/wp-content\/uploads\/2018\/04\/viber-image-5.jpg","articleSection":["Novi Pazar","Hronika","VIJESTI DANA","Novine"],"inLanguage":"bs-BA","potentialAction":[{"@type":"CommentAction","name":"Comment","target":["https:\/\/sandzakpress.net\/arhiva\/ubijeni-narkodiler-povezan-sa-ljajicevim-aktivistima-u-novom-pazaru\/#respond"]}]},{"@type":"WebPage","@id":"https:\/\/sandzakpress.net\/arhiva\/ubijeni-narkodiler-povezan-sa-ljajicevim-aktivistima-u-novom-pazaru\/","url":"https:\/\/sandzakpress.net\/arhiva\/ubijeni-narkodiler-povezan-sa-ljajicevim-aktivistima-u-novom-pazaru\/","name":"Ubijeni narkodiler povezan sa Ljaji\u0107evim aktivistima u Novom Pazaru","isPartOf":{"@id":"https:\/\/sandzakpress.net\/arhiva\/#website"},"primaryImageOfPage":{"@id":"https:\/\/sandzakpress.net\/arhiva\/ubijeni-narkodiler-povezan-sa-ljajicevim-aktivistima-u-novom-pazaru\/#primaryimage"},"image":{"@id":"https:\/\/sandzakpress.net\/arhiva\/ubijeni-narkodiler-povezan-sa-ljajicevim-aktivistima-u-novom-pazaru\/#primaryimage"},"thumbnailUrl":"https:\/\/sandzakpress.net\/arhiva\/wp-content\/uploads\/2018\/04\/viber-image-5.jpg","datePublished":"2018-04-22T16:10:52+00:00","dateModified":"2018-04-22T20:03:52+00:00","breadcrumb":{"@id":"https:\/\/sandzakpress.net\/arhiva\/ubijeni-narkodiler-povezan-sa-ljajicevim-aktivistima-u-novom-pazaru\/#breadcrumb"},"inLanguage":"bs-BA","potentialAction":[{"@type":"ReadAction","target":["https:\/\/sandzakpress.net\/arhiva\/ubijeni-narkodiler-povezan-sa-ljajicevim-aktivistima-u-novom-pazaru\/"]}]},{"@type":"ImageObject","inLanguage":"bs-BA","@id":"https:\/\/sandzakpress.net\/arhiva\/ubijeni-narkodiler-povezan-sa-ljajicevim-aktivistima-u-novom-pazaru\/#primaryimage","url":"https:\/\/sandzakpress.net\/arhiva\/wp-content\/uploads\/2018\/04\/viber-image-5.jpg","contentUrl":"https:\/\/sandzakpress.net\/arhiva\/wp-content\/uploads\/2018\/04\/viber-image-5.jpg","width":639,"height":402},{"@type":"BreadcrumbList","@id":"https:\/\/sandzakpress.net\/arhiva\/ubijeni-narkodiler-povezan-sa-ljajicevim-aktivistima-u-novom-pazaru\/#breadcrumb","itemListElement":[{"@type":"ListItem","position":1,"name":"Home","item":"https:\/\/sandzakpress.net\/arhiva\/"},{"@type":"ListItem","position":2,"name":"Ubijeni narkodiler povezan sa Ljaji\u0107evim aktivistima u Novom Pazaru"}]},{"@type":"WebSite","@id":"https:\/\/sandzakpress.net\/arhiva\/#website","url":"https:\/\/sandzakpress.net\/arhiva\/","name":"Sand\u017eak PRESS","description":"Prve elektronske novine u Sand\u017eaku","publisher":{"@id":"https:\/\/sandzakpress.net\/arhiva\/#\/schema\/person\/6e72b67d6e51910a1117b3b483ba20bd"},"potentialAction":[{"@type":"SearchAction","target":{"@type":"EntryPoint","urlTemplate":"https:\/\/sandzakpress.net\/arhiva\/?s={search_term_string}"},"query-input":{"@type":"PropertyValueSpecification","valueRequired":true,"valueName":"search_term_string"}}],"inLanguage":"bs-BA"},{"@type":["Person","Organization"],"@id":"https:\/\/sandzakpress.net\/arhiva\/#\/schema\/person\/6e72b67d6e51910a1117b3b483ba20bd","name":"Kul","image":{"@type":"ImageObject","inLanguage":"bs-BA","@id":"https:\/\/sandzakpress.net\/arhiva\/#\/schema\/person\/image\/","url":"https:\/\/secure.gravatar.com\/avatar\/42263f39aa27ac04c43cab85c280eb2e?s=96&d=mm&r=pg","contentUrl":"https:\/\/secure.gravatar.com\/avatar\/42263f39aa27ac04c43cab85c280eb2e?s=96&d=mm&r=pg","caption":"Kul"},"logo":{"@id":"https:\/\/sandzakpress.net\/arhiva\/#\/schema\/person\/image\/"}},{"@type":"Person","@id":"https:\/\/sandzakpress.net\/arhiva\/#\/schema\/person\/cb59d7e3ab91ab90dd680ad0305a6185","name":"Agencija","image":{"@type":"ImageObject","inLanguage":"bs-BA","@id":"https:\/\/sandzakpress.net\/arhiva\/#\/schema\/person\/image\/","url":"https:\/\/secure.gravatar.com\/avatar\/4b7fafa80a22f0c2afe23966b3961fe0?s=96&d=mm&r=pg","contentUrl":"https:\/\/secure.gravatar.com\/avatar\/4b7fafa80a22f0c2afe23966b3961fe0?s=96&d=mm&r=pg","caption":"Agencija"},"url":"https:\/\/sandzakpress.net\/arhiva\/author\/agencija\/"}]}},"_links":{"self":[{"href":"https:\/\/sandzakpress.net\/arhiva\/wp-json\/wp\/v2\/posts\/205811"}],"collection":[{"href":"https:\/\/sandzakpress.net\/arhiva\/wp-json\/wp\/v2\/posts"}],"about":[{"href":"https:\/\/sandzakpress.net\/arhiva\/wp-json\/wp\/v2\/types\/post"}],"author":[{"embeddable":true,"href":"https:\/\/sandzakpress.net\/arhiva\/wp-json\/wp\/v2\/users\/509"}],"replies":[{"embeddable":true,"href":"https:\/\/sandzakpress.net\/arhiva\/wp-json\/wp\/v2\/comments?post=205811"}],"version-history":[{"count":0,"href":"https:\/\/sandzakpress.net\/arhiva\/wp-json\/wp\/v2\/posts\/205811\/revisions"}],"wp:featuredmedia":[{"embeddable":true,"href":"https:\/\/sandzakpress.net\/arhiva\/wp-json\/wp\/v2\/media\/205812"}],"wp:attachment":[{"href":"https:\/\/sandzakpress.net\/arhiva\/wp-json\/wp\/v2\/media?parent=205811"}],"wp:term":[{"taxonomy":"category","embeddable":true,"href":"https:\/\/sandzakpress.net\/arhiva\/wp-json\/wp\/v2\/categories?post=205811"},{"taxonomy":"post_tag","embeddable":true,"href":"https:\/\/sandzakpress.net\/arhiva\/wp-json\/wp\/v2\/tags?post=205811"}],"curies":[{"name":"wp","href":"https:\/\/api.w.org\/{rel}","templated":true}]}}