{"id":205786,"date":"2018-04-21T17:04:06","date_gmt":"2018-04-21T15:04:06","guid":{"rendered":"https:\/\/sandzakpress.net\/arhiva\/?p=205786"},"modified":"2018-04-22T22:45:48","modified_gmt":"2018-04-22T20:45:48","slug":"proslava-paravjerske-tvorevine-naznacajnijih-gosti-ljajic-i-seselj","status":"publish","type":"post","link":"https:\/\/sandzakpress.net\/arhiva\/proslava-paravjerske-tvorevine-naznacajnijih-gosti-ljajic-i-seselj\/","title":{"rendered":"Proslava paravjerske tvorevine &#8211; Najzna\u010dajnijih gosti Ljaji\u0107 i \u0160e\u0161elj"},"content":{"rendered":"<p><img loading=\"lazy\" decoding=\"async\" class=\"alignnone size-full wp-image-205787\" src=\"https:\/\/sandzakpress.net\/arhiva\/wp-content\/uploads\/2018\/04\/ljajic-seselj-paravjerska-tvorevina.jpg\" alt=\"\" width=\"997\" height=\"464\" srcset=\"https:\/\/sandzakpress.net\/arhiva\/wp-content\/uploads\/2018\/04\/ljajic-seselj-paravjerska-tvorevina.jpg 997w, https:\/\/sandzakpress.net\/arhiva\/wp-content\/uploads\/2018\/04\/ljajic-seselj-paravjerska-tvorevina-768x357.jpg 768w, https:\/\/sandzakpress.net\/arhiva\/wp-content\/uploads\/2018\/04\/ljajic-seselj-paravjerska-tvorevina-616x287.jpg 616w\" sizes=\"(max-width: 997px) 100vw, 997px\" \/><\/p>\n<p><strong>Paravjerska tvorevina na \u010dijem se \u010delu nalazi Sead Nasufovi\u0107 je u Beogradu organizirala sve\u010dani prijem povodom 150 godina postojanja\u00a0islama u Srbiji, iako je islam u Srbiji prisutan vi\u0161e od\u00a0\u0161est vijekova.<\/strong><\/p>\n<p>Nazna\u010dajnijih gosti na prijemu bili su Rasim Ljaji\u0107 i \u010detni\u010dki vojvoda Vojislav \u0160e\u0161elj koji samo prije par dana kona\u010dnom presudom suda u Hagu postao ratni zlo\u010dinac koji je osu\u0111en na zatvorsku kaznu od 10 godina.<\/p>\n<p>Prijemu\u00a0je prisustvovao i episkop ba\u010dki Irinej a sve\u010danost je po\u010dela intoniranjem himne \u201cBo\u017ee pravde\u201d.<\/p>\n","protected":false},"excerpt":{"rendered":"<p>Paravjerska tvorevina na \u010dijem se \u010delu nalazi Sead Nasufovi\u0107 je u Beogradu organizirala sve\u010dani prijem povodom 150 godina postojanja\u00a0islama u Srbiji, iako je islam u Srbiji prisutan vi\u0161e od\u00a0\u0161est vijekova. Nazna\u010dajnijih gosti na prijemu bili su Rasim Ljaji\u0107 i \u010detni\u010dki vojvoda Vojislav \u0160e\u0161elj koji samo prije par dana kona\u010dnom presudom suda u Hagu postao ratni [&hellip;]<\/p>\n","protected":false},"author":509,"featured_media":205787,"comment_status":"open","ping_status":"open","sticky":false,"template":"","format":"standard","meta":{"footnotes":""},"categories":[72,10307,5,8957,16],"tags":[],"class_list":{"0":"post-205786","1":"post","2":"type-post","3":"status-publish","4":"format-standard","5":"has-post-thumbnail","7":"category-novi-pazar","8":"category-srbija","9":"category-drustvo","10":"category-vijesti-dana","11":"category-novine"},"yoast_head":"<!-- This site is optimized with the Yoast SEO Premium plugin v23.1 (Yoast SEO v24.9) - https:\/\/yoast.com\/wordpress\/plugins\/seo\/ -->\n<title>Proslava paravjerske tvorevine - Najzna\u010dajnijih gosti Ljaji\u0107 i \u0160e\u0161elj<\/title>\n<meta name=\"robots\" content=\"index, follow, max-snippet:-1, max-image-preview:large, max-video-preview:-1\" \/>\n<link rel=\"canonical\" href=\"https:\/\/sandzakpress.net\/arhiva\/proslava-paravjerske-tvorevine-naznacajnijih-gosti-ljajic-i-seselj\/\" \/>\n<meta property=\"og:locale\" content=\"bs_BA\" \/>\n<meta property=\"og:type\" content=\"article\" \/>\n<meta property=\"og:title\" content=\"Proslava paravjerske tvorevine - Najzna\u010dajnijih gosti Ljaji\u0107 i \u0160e\u0161elj\" \/>\n<meta property=\"og:description\" content=\"Paravjerska tvorevina na \u010dijem se \u010delu nalazi Sead Nasufovi\u0107 je u Beogradu organizirala sve\u010dani prijem povodom 150 godina postojanja\u00a0islama u Srbiji, iako je islam u Srbiji prisutan vi\u0161e od\u00a0\u0161est vijekova. Nazna\u010dajnijih gosti na prijemu bili su Rasim Ljaji\u0107 i \u010detni\u010dki vojvoda Vojislav \u0160e\u0161elj koji samo prije par dana kona\u010dnom presudom suda u Hagu postao ratni [&hellip;]\" \/>\n<meta property=\"og:url\" content=\"https:\/\/sandzakpress.net\/arhiva\/proslava-paravjerske-tvorevine-naznacajnijih-gosti-ljajic-i-seselj\/\" \/>\n<meta property=\"og:site_name\" content=\"Sand\u017eak PRESS\" \/>\n<meta property=\"article:published_time\" content=\"2018-04-21T15:04:06+00:00\" \/>\n<meta property=\"article:modified_time\" content=\"2018-04-22T20:45:48+00:00\" \/>\n<meta property=\"og:image\" content=\"https:\/\/sandzakpress.net\/arhiva\/wp-content\/uploads\/2018\/04\/ljajic-seselj-paravjerska-tvorevina.jpg\" \/>\n\t<meta property=\"og:image:width\" content=\"997\" \/>\n\t<meta property=\"og:image:height\" content=\"464\" \/>\n\t<meta property=\"og:image:type\" content=\"image\/jpeg\" \/>\n<meta name=\"author\" content=\"Agencija\" \/>\n<meta name=\"twitter:card\" content=\"summary_large_image\" \/>\n<meta name=\"twitter:label1\" content=\"Written by\" \/>\n\t<meta name=\"twitter:data1\" content=\"Agencija\" \/>\n<script type=\"application\/ld+json\" class=\"yoast-schema-graph\">{\"@context\":\"https:\/\/schema.org\",\"@graph\":[{\"@type\":\"Article\",\"@id\":\"https:\/\/sandzakpress.net\/arhiva\/proslava-paravjerske-tvorevine-naznacajnijih-gosti-ljajic-i-seselj\/#article\",\"isPartOf\":{\"@id\":\"https:\/\/sandzakpress.net\/arhiva\/proslava-paravjerske-tvorevine-naznacajnijih-gosti-ljajic-i-seselj\/\"},\"author\":{\"name\":\"Agencija\",\"@id\":\"https:\/\/sandzakpress.net\/arhiva\/#\/schema\/person\/cb59d7e3ab91ab90dd680ad0305a6185\"},\"headline\":\"Proslava paravjerske tvorevine &#8211; Najzna\u010dajnijih gosti Ljaji\u0107 i \u0160e\u0161elj\",\"datePublished\":\"2018-04-21T15:04:06+00:00\",\"dateModified\":\"2018-04-22T20:45:48+00:00\",\"mainEntityOfPage\":{\"@id\":\"https:\/\/sandzakpress.net\/arhiva\/proslava-paravjerske-tvorevine-naznacajnijih-gosti-ljajic-i-seselj\/\"},\"wordCount\":103,\"commentCount\":22,\"publisher\":{\"@id\":\"https:\/\/sandzakpress.net\/arhiva\/#\/schema\/person\/6e72b67d6e51910a1117b3b483ba20bd\"},\"image\":{\"@id\":\"https:\/\/sandzakpress.net\/arhiva\/proslava-paravjerske-tvorevine-naznacajnijih-gosti-ljajic-i-seselj\/#primaryimage\"},\"thumbnailUrl\":\"https:\/\/sandzakpress.net\/arhiva\/wp-content\/uploads\/2018\/04\/ljajic-seselj-paravjerska-tvorevina.jpg\",\"articleSection\":[\"Novi Pazar\",\"Srbija\",\"Dru\u0161tvo\",\"VIJESTI DANA\",\"Novine\"],\"inLanguage\":\"bs-BA\",\"potentialAction\":[{\"@type\":\"CommentAction\",\"name\":\"Comment\",\"target\":[\"https:\/\/sandzakpress.net\/arhiva\/proslava-paravjerske-tvorevine-naznacajnijih-gosti-ljajic-i-seselj\/#respond\"]}]},{\"@type\":\"WebPage\",\"@id\":\"https:\/\/sandzakpress.net\/arhiva\/proslava-paravjerske-tvorevine-naznacajnijih-gosti-ljajic-i-seselj\/\",\"url\":\"https:\/\/sandzakpress.net\/arhiva\/proslava-paravjerske-tvorevine-naznacajnijih-gosti-ljajic-i-seselj\/\",\"name\":\"Proslava paravjerske tvorevine - Najzna\u010dajnijih gosti Ljaji\u0107 i \u0160e\u0161elj\",\"isPartOf\":{\"@id\":\"https:\/\/sandzakpress.net\/arhiva\/#website\"},\"primaryImageOfPage\":{\"@id\":\"https:\/\/sandzakpress.net\/arhiva\/proslava-paravjerske-tvorevine-naznacajnijih-gosti-ljajic-i-seselj\/#primaryimage\"},\"image\":{\"@id\":\"https:\/\/sandzakpress.net\/arhiva\/proslava-paravjerske-tvorevine-naznacajnijih-gosti-ljajic-i-seselj\/#primaryimage\"},\"thumbnailUrl\":\"https:\/\/sandzakpress.net\/arhiva\/wp-content\/uploads\/2018\/04\/ljajic-seselj-paravjerska-tvorevina.jpg\",\"datePublished\":\"2018-04-21T15:04:06+00:00\",\"dateModified\":\"2018-04-22T20:45:48+00:00\",\"breadcrumb\":{\"@id\":\"https:\/\/sandzakpress.net\/arhiva\/proslava-paravjerske-tvorevine-naznacajnijih-gosti-ljajic-i-seselj\/#breadcrumb\"},\"inLanguage\":\"bs-BA\",\"potentialAction\":[{\"@type\":\"ReadAction\",\"target\":[\"https:\/\/sandzakpress.net\/arhiva\/proslava-paravjerske-tvorevine-naznacajnijih-gosti-ljajic-i-seselj\/\"]}]},{\"@type\":\"ImageObject\",\"inLanguage\":\"bs-BA\",\"@id\":\"https:\/\/sandzakpress.net\/arhiva\/proslava-paravjerske-tvorevine-naznacajnijih-gosti-ljajic-i-seselj\/#primaryimage\",\"url\":\"https:\/\/sandzakpress.net\/arhiva\/wp-content\/uploads\/2018\/04\/ljajic-seselj-paravjerska-tvorevina.jpg\",\"contentUrl\":\"https:\/\/sandzakpress.net\/arhiva\/wp-content\/uploads\/2018\/04\/ljajic-seselj-paravjerska-tvorevina.jpg\",\"width\":997,\"height\":464},{\"@type\":\"BreadcrumbList\",\"@id\":\"https:\/\/sandzakpress.net\/arhiva\/proslava-paravjerske-tvorevine-naznacajnijih-gosti-ljajic-i-seselj\/#breadcrumb\",\"itemListElement\":[{\"@type\":\"ListItem\",\"position\":1,\"name\":\"Home\",\"item\":\"https:\/\/sandzakpress.net\/arhiva\/\"},{\"@type\":\"ListItem\",\"position\":2,\"name\":\"Proslava paravjerske tvorevine &#8211; Najzna\u010dajnijih gosti Ljaji\u0107 i \u0160e\u0161elj\"}]},{\"@type\":\"WebSite\",\"@id\":\"https:\/\/sandzakpress.net\/arhiva\/#website\",\"url\":\"https:\/\/sandzakpress.net\/arhiva\/\",\"name\":\"Sand\u017eak PRESS\",\"description\":\"Prve elektronske novine u Sand\u017eaku\",\"publisher\":{\"@id\":\"https:\/\/sandzakpress.net\/arhiva\/#\/schema\/person\/6e72b67d6e51910a1117b3b483ba20bd\"},\"potentialAction\":[{\"@type\":\"SearchAction\",\"target\":{\"@type\":\"EntryPoint\",\"urlTemplate\":\"https:\/\/sandzakpress.net\/arhiva\/?s={search_term_string}\"},\"query-input\":{\"@type\":\"PropertyValueSpecification\",\"valueRequired\":true,\"valueName\":\"search_term_string\"}}],\"inLanguage\":\"bs-BA\"},{\"@type\":[\"Person\",\"Organization\"],\"@id\":\"https:\/\/sandzakpress.net\/arhiva\/#\/schema\/person\/6e72b67d6e51910a1117b3b483ba20bd\",\"name\":\"Kul\",\"image\":{\"@type\":\"ImageObject\",\"inLanguage\":\"bs-BA\",\"@id\":\"https:\/\/sandzakpress.net\/arhiva\/#\/schema\/person\/image\/\",\"url\":\"https:\/\/secure.gravatar.com\/avatar\/42263f39aa27ac04c43cab85c280eb2e?s=96&d=mm&r=pg\",\"contentUrl\":\"https:\/\/secure.gravatar.com\/avatar\/42263f39aa27ac04c43cab85c280eb2e?s=96&d=mm&r=pg\",\"caption\":\"Kul\"},\"logo\":{\"@id\":\"https:\/\/sandzakpress.net\/arhiva\/#\/schema\/person\/image\/\"}},{\"@type\":\"Person\",\"@id\":\"https:\/\/sandzakpress.net\/arhiva\/#\/schema\/person\/cb59d7e3ab91ab90dd680ad0305a6185\",\"name\":\"Agencija\",\"image\":{\"@type\":\"ImageObject\",\"inLanguage\":\"bs-BA\",\"@id\":\"https:\/\/sandzakpress.net\/arhiva\/#\/schema\/person\/image\/\",\"url\":\"https:\/\/secure.gravatar.com\/avatar\/4b7fafa80a22f0c2afe23966b3961fe0?s=96&d=mm&r=pg\",\"contentUrl\":\"https:\/\/secure.gravatar.com\/avatar\/4b7fafa80a22f0c2afe23966b3961fe0?s=96&d=mm&r=pg\",\"caption\":\"Agencija\"},\"url\":\"https:\/\/sandzakpress.net\/arhiva\/author\/agencija\/\"}]}<\/script>\n<!-- \/ Yoast SEO Premium plugin. -->","yoast_head_json":{"title":"Proslava paravjerske tvorevine - Najzna\u010dajnijih gosti Ljaji\u0107 i \u0160e\u0161elj","robots":{"index":"index","follow":"follow","max-snippet":"max-snippet:-1","max-image-preview":"max-image-preview:large","max-video-preview":"max-video-preview:-1"},"canonical":"https:\/\/sandzakpress.net\/arhiva\/proslava-paravjerske-tvorevine-naznacajnijih-gosti-ljajic-i-seselj\/","og_locale":"bs_BA","og_type":"article","og_title":"Proslava paravjerske tvorevine - Najzna\u010dajnijih gosti Ljaji\u0107 i \u0160e\u0161elj","og_description":"Paravjerska tvorevina na \u010dijem se \u010delu nalazi Sead Nasufovi\u0107 je u Beogradu organizirala sve\u010dani prijem povodom 150 godina postojanja\u00a0islama u Srbiji, iako je islam u Srbiji prisutan vi\u0161e od\u00a0\u0161est vijekova. Nazna\u010dajnijih gosti na prijemu bili su Rasim Ljaji\u0107 i \u010detni\u010dki vojvoda Vojislav \u0160e\u0161elj koji samo prije par dana kona\u010dnom presudom suda u Hagu postao ratni [&hellip;]","og_url":"https:\/\/sandzakpress.net\/arhiva\/proslava-paravjerske-tvorevine-naznacajnijih-gosti-ljajic-i-seselj\/","og_site_name":"Sand\u017eak PRESS","article_published_time":"2018-04-21T15:04:06+00:00","article_modified_time":"2018-04-22T20:45:48+00:00","og_image":[{"width":997,"height":464,"url":"https:\/\/sandzakpress.net\/arhiva\/wp-content\/uploads\/2018\/04\/ljajic-seselj-paravjerska-tvorevina.jpg","type":"image\/jpeg"}],"author":"Agencija","twitter_card":"summary_large_image","twitter_misc":{"Written by":"Agencija"},"schema":{"@context":"https:\/\/schema.org","@graph":[{"@type":"Article","@id":"https:\/\/sandzakpress.net\/arhiva\/proslava-paravjerske-tvorevine-naznacajnijih-gosti-ljajic-i-seselj\/#article","isPartOf":{"@id":"https:\/\/sandzakpress.net\/arhiva\/proslava-paravjerske-tvorevine-naznacajnijih-gosti-ljajic-i-seselj\/"},"author":{"name":"Agencija","@id":"https:\/\/sandzakpress.net\/arhiva\/#\/schema\/person\/cb59d7e3ab91ab90dd680ad0305a6185"},"headline":"Proslava paravjerske tvorevine &#8211; Najzna\u010dajnijih gosti Ljaji\u0107 i \u0160e\u0161elj","datePublished":"2018-04-21T15:04:06+00:00","dateModified":"2018-04-22T20:45:48+00:00","mainEntityOfPage":{"@id":"https:\/\/sandzakpress.net\/arhiva\/proslava-paravjerske-tvorevine-naznacajnijih-gosti-ljajic-i-seselj\/"},"wordCount":103,"commentCount":22,"publisher":{"@id":"https:\/\/sandzakpress.net\/arhiva\/#\/schema\/person\/6e72b67d6e51910a1117b3b483ba20bd"},"image":{"@id":"https:\/\/sandzakpress.net\/arhiva\/proslava-paravjerske-tvorevine-naznacajnijih-gosti-ljajic-i-seselj\/#primaryimage"},"thumbnailUrl":"https:\/\/sandzakpress.net\/arhiva\/wp-content\/uploads\/2018\/04\/ljajic-seselj-paravjerska-tvorevina.jpg","articleSection":["Novi Pazar","Srbija","Dru\u0161tvo","VIJESTI DANA","Novine"],"inLanguage":"bs-BA","potentialAction":[{"@type":"CommentAction","name":"Comment","target":["https:\/\/sandzakpress.net\/arhiva\/proslava-paravjerske-tvorevine-naznacajnijih-gosti-ljajic-i-seselj\/#respond"]}]},{"@type":"WebPage","@id":"https:\/\/sandzakpress.net\/arhiva\/proslava-paravjerske-tvorevine-naznacajnijih-gosti-ljajic-i-seselj\/","url":"https:\/\/sandzakpress.net\/arhiva\/proslava-paravjerske-tvorevine-naznacajnijih-gosti-ljajic-i-seselj\/","name":"Proslava paravjerske tvorevine - Najzna\u010dajnijih gosti Ljaji\u0107 i \u0160e\u0161elj","isPartOf":{"@id":"https:\/\/sandzakpress.net\/arhiva\/#website"},"primaryImageOfPage":{"@id":"https:\/\/sandzakpress.net\/arhiva\/proslava-paravjerske-tvorevine-naznacajnijih-gosti-ljajic-i-seselj\/#primaryimage"},"image":{"@id":"https:\/\/sandzakpress.net\/arhiva\/proslava-paravjerske-tvorevine-naznacajnijih-gosti-ljajic-i-seselj\/#primaryimage"},"thumbnailUrl":"https:\/\/sandzakpress.net\/arhiva\/wp-content\/uploads\/2018\/04\/ljajic-seselj-paravjerska-tvorevina.jpg","datePublished":"2018-04-21T15:04:06+00:00","dateModified":"2018-04-22T20:45:48+00:00","breadcrumb":{"@id":"https:\/\/sandzakpress.net\/arhiva\/proslava-paravjerske-tvorevine-naznacajnijih-gosti-ljajic-i-seselj\/#breadcrumb"},"inLanguage":"bs-BA","potentialAction":[{"@type":"ReadAction","target":["https:\/\/sandzakpress.net\/arhiva\/proslava-paravjerske-tvorevine-naznacajnijih-gosti-ljajic-i-seselj\/"]}]},{"@type":"ImageObject","inLanguage":"bs-BA","@id":"https:\/\/sandzakpress.net\/arhiva\/proslava-paravjerske-tvorevine-naznacajnijih-gosti-ljajic-i-seselj\/#primaryimage","url":"https:\/\/sandzakpress.net\/arhiva\/wp-content\/uploads\/2018\/04\/ljajic-seselj-paravjerska-tvorevina.jpg","contentUrl":"https:\/\/sandzakpress.net\/arhiva\/wp-content\/uploads\/2018\/04\/ljajic-seselj-paravjerska-tvorevina.jpg","width":997,"height":464},{"@type":"BreadcrumbList","@id":"https:\/\/sandzakpress.net\/arhiva\/proslava-paravjerske-tvorevine-naznacajnijih-gosti-ljajic-i-seselj\/#breadcrumb","itemListElement":[{"@type":"ListItem","position":1,"name":"Home","item":"https:\/\/sandzakpress.net\/arhiva\/"},{"@type":"ListItem","position":2,"name":"Proslava paravjerske tvorevine &#8211; Najzna\u010dajnijih gosti Ljaji\u0107 i \u0160e\u0161elj"}]},{"@type":"WebSite","@id":"https:\/\/sandzakpress.net\/arhiva\/#website","url":"https:\/\/sandzakpress.net\/arhiva\/","name":"Sand\u017eak PRESS","description":"Prve elektronske novine u Sand\u017eaku","publisher":{"@id":"https:\/\/sandzakpress.net\/arhiva\/#\/schema\/person\/6e72b67d6e51910a1117b3b483ba20bd"},"potentialAction":[{"@type":"SearchAction","target":{"@type":"EntryPoint","urlTemplate":"https:\/\/sandzakpress.net\/arhiva\/?s={search_term_string}"},"query-input":{"@type":"PropertyValueSpecification","valueRequired":true,"valueName":"search_term_string"}}],"inLanguage":"bs-BA"},{"@type":["Person","Organization"],"@id":"https:\/\/sandzakpress.net\/arhiva\/#\/schema\/person\/6e72b67d6e51910a1117b3b483ba20bd","name":"Kul","image":{"@type":"ImageObject","inLanguage":"bs-BA","@id":"https:\/\/sandzakpress.net\/arhiva\/#\/schema\/person\/image\/","url":"https:\/\/secure.gravatar.com\/avatar\/42263f39aa27ac04c43cab85c280eb2e?s=96&d=mm&r=pg","contentUrl":"https:\/\/secure.gravatar.com\/avatar\/42263f39aa27ac04c43cab85c280eb2e?s=96&d=mm&r=pg","caption":"Kul"},"logo":{"@id":"https:\/\/sandzakpress.net\/arhiva\/#\/schema\/person\/image\/"}},{"@type":"Person","@id":"https:\/\/sandzakpress.net\/arhiva\/#\/schema\/person\/cb59d7e3ab91ab90dd680ad0305a6185","name":"Agencija","image":{"@type":"ImageObject","inLanguage":"bs-BA","@id":"https:\/\/sandzakpress.net\/arhiva\/#\/schema\/person\/image\/","url":"https:\/\/secure.gravatar.com\/avatar\/4b7fafa80a22f0c2afe23966b3961fe0?s=96&d=mm&r=pg","contentUrl":"https:\/\/secure.gravatar.com\/avatar\/4b7fafa80a22f0c2afe23966b3961fe0?s=96&d=mm&r=pg","caption":"Agencija"},"url":"https:\/\/sandzakpress.net\/arhiva\/author\/agencija\/"}]}},"_links":{"self":[{"href":"https:\/\/sandzakpress.net\/arhiva\/wp-json\/wp\/v2\/posts\/205786"}],"collection":[{"href":"https:\/\/sandzakpress.net\/arhiva\/wp-json\/wp\/v2\/posts"}],"about":[{"href":"https:\/\/sandzakpress.net\/arhiva\/wp-json\/wp\/v2\/types\/post"}],"author":[{"embeddable":true,"href":"https:\/\/sandzakpress.net\/arhiva\/wp-json\/wp\/v2\/users\/509"}],"replies":[{"embeddable":true,"href":"https:\/\/sandzakpress.net\/arhiva\/wp-json\/wp\/v2\/comments?post=205786"}],"version-history":[{"count":0,"href":"https:\/\/sandzakpress.net\/arhiva\/wp-json\/wp\/v2\/posts\/205786\/revisions"}],"wp:featuredmedia":[{"embeddable":true,"href":"https:\/\/sandzakpress.net\/arhiva\/wp-json\/wp\/v2\/media\/205787"}],"wp:attachment":[{"href":"https:\/\/sandzakpress.net\/arhiva\/wp-json\/wp\/v2\/media?parent=205786"}],"wp:term":[{"taxonomy":"category","embeddable":true,"href":"https:\/\/sandzakpress.net\/arhiva\/wp-json\/wp\/v2\/categories?post=205786"},{"taxonomy":"post_tag","embeddable":true,"href":"https:\/\/sandzakpress.net\/arhiva\/wp-json\/wp\/v2\/tags?post=205786"}],"curies":[{"name":"wp","href":"https:\/\/api.w.org\/{rel}","templated":true}]}}