{"id":205702,"date":"2018-04-20T05:52:25","date_gmt":"2018-04-20T03:52:25","guid":{"rendered":"https:\/\/sandzakpress.net\/arhiva\/?p=205702"},"modified":"2018-04-20T12:36:54","modified_gmt":"2018-04-20T10:36:54","slug":"seik-poklonio-fabriku-selu-u-raskoj","status":"publish","type":"post","link":"https:\/\/sandzakpress.net\/arhiva\/seik-poklonio-fabriku-selu-u-raskoj\/","title":{"rendered":"\u0160eik poklonio fabriku selu u Ra\u0161koj"},"content":{"rendered":"<p><img loading=\"lazy\" decoding=\"async\" class=\"alignnone size-large wp-image-205703\" src=\"https:\/\/sandzakpress.net\/arhiva\/wp-content\/uploads\/2018\/04\/cf207e4a-0302-41ea-a5e6-67a07a564a48-616x285.jpg\" alt=\"\" width=\"616\" height=\"285\" srcset=\"https:\/\/sandzakpress.net\/arhiva\/wp-content\/uploads\/2018\/04\/cf207e4a-0302-41ea-a5e6-67a07a564a48-616x285.jpg 616w, https:\/\/sandzakpress.net\/arhiva\/wp-content\/uploads\/2018\/04\/cf207e4a-0302-41ea-a5e6-67a07a564a48-768x355.jpg 768w, https:\/\/sandzakpress.net\/arhiva\/wp-content\/uploads\/2018\/04\/cf207e4a-0302-41ea-a5e6-67a07a564a48.jpg 1600w\" sizes=\"(max-width: 616px) 100vw, 616px\" \/><\/p>\n<p><strong>Vlada Srbije prenijela je krajem pro\u0161le nedelje u vlasni\u0161tvo op\u0161tine Ra\u0161ka fabriku povr\u0161ine 11.500 kvadrata, koja je u selu Dragani\u0107i izgra\u0111ena donacijom prijestolonasljednika Ujedinjenih Arapskih Emirata \u0161eika Muhameda bin Zajeda el Nahjana.<\/strong><\/p>\n<p>Izgradnja ovog pogona, za koji je 2016. godine kamen temeljac polo\u017eio predsjednik Srbije Aleksandar Vu\u010di\u0107, ko\u0161tala je devet miliona eura.<\/p>\n<p>Predsjednik op\u0161tine Ra\u0161ka Ignjat Rakiti\u0107 isti\u010de da je rije\u010d o velikom i zna\u010dajnom poklonu, da u fabrici ima mjesta za nekoliko stotina radnika i da \u0107e u jednom dijelu ogromne proizvodne hale uskoro po\u010deti proizvodnja tekstila.<\/p>\n<p>\u201eFabriku \u0107emo izdati jednom renomiranom proizvo\u0111a\u010du vojne, lova\u010dke, radne i za\u0161titne odje\u0107e i velikom izvozniku, upravo pregovaramo o visini zakupa. Za nas je mnogo zna\u010dajnije \u0161to \u0107e se u fabrici zaposliti od 100 do 300 radnika, a kasnije, kada prona\u0111emo jo\u0161 nekog partnera, znatno vi\u0161e\u201c, isti\u010de Rakiti\u0107, pi\u0161e sajt \u201eVesti online\u201c.<\/p>\n<p>(ekonomski.net)<\/p>\n","protected":false},"excerpt":{"rendered":"<p>Vlada Srbije prenijela je krajem pro\u0161le nedelje u vlasni\u0161tvo op\u0161tine Ra\u0161ka fabriku povr\u0161ine 11.500 kvadrata, koja je u selu Dragani\u0107i izgra\u0111ena donacijom prijestolonasljednika Ujedinjenih Arapskih Emirata \u0161eika Muhameda bin Zajeda el Nahjana. Izgradnja ovog pogona, za koji je 2016. godine kamen temeljac polo\u017eio predsjednik Srbije Aleksandar Vu\u010di\u0107, ko\u0161tala je devet miliona eura. Predsjednik op\u0161tine Ra\u0161ka [&hellip;]<\/p>\n","protected":false},"author":501,"featured_media":205704,"comment_status":"open","ping_status":"open","sticky":false,"template":"","format":"standard","meta":{"footnotes":""},"categories":[10307,3,8957,798],"tags":[],"class_list":{"0":"post-205702","1":"post","2":"type-post","3":"status-publish","4":"format-standard","5":"has-post-thumbnail","7":"category-srbija","8":"category-privreda","9":"category-vijesti-dana","10":"category-teme"},"yoast_head":"<!-- This site is optimized with the Yoast SEO Premium plugin v23.1 (Yoast SEO v24.9) - https:\/\/yoast.com\/wordpress\/plugins\/seo\/ -->\n<title>\u0160eik poklonio fabriku selu u Ra\u0161koj<\/title>\n<meta name=\"robots\" content=\"index, follow, max-snippet:-1, max-image-preview:large, max-video-preview:-1\" \/>\n<link rel=\"canonical\" href=\"https:\/\/sandzakpress.net\/arhiva\/seik-poklonio-fabriku-selu-u-raskoj\/\" \/>\n<meta property=\"og:locale\" content=\"bs_BA\" \/>\n<meta property=\"og:type\" content=\"article\" \/>\n<meta property=\"og:title\" content=\"\u0160eik poklonio fabriku selu u Ra\u0161koj\" \/>\n<meta property=\"og:description\" content=\"Vlada Srbije prenijela je krajem pro\u0161le nedelje u vlasni\u0161tvo op\u0161tine Ra\u0161ka fabriku povr\u0161ine 11.500 kvadrata, koja je u selu Dragani\u0107i izgra\u0111ena donacijom prijestolonasljednika Ujedinjenih Arapskih Emirata \u0161eika Muhameda bin Zajeda el Nahjana. Izgradnja ovog pogona, za koji je 2016. godine kamen temeljac polo\u017eio predsjednik Srbije Aleksandar Vu\u010di\u0107, ko\u0161tala je devet miliona eura. Predsjednik op\u0161tine Ra\u0161ka [&hellip;]\" \/>\n<meta property=\"og:url\" content=\"https:\/\/sandzakpress.net\/arhiva\/seik-poklonio-fabriku-selu-u-raskoj\/\" \/>\n<meta property=\"og:site_name\" content=\"Sand\u017eak PRESS\" \/>\n<meta property=\"article:published_time\" content=\"2018-04-20T03:52:25+00:00\" \/>\n<meta property=\"article:modified_time\" content=\"2018-04-20T10:36:54+00:00\" \/>\n<meta property=\"og:image\" content=\"https:\/\/sandzakpress.net\/arhiva\/wp-content\/uploads\/2018\/04\/cf207e4a-0302-41ea-a5e6-67a07a564a48-616x285-1.jpg\" \/>\n\t<meta property=\"og:image:width\" content=\"616\" \/>\n\t<meta property=\"og:image:height\" content=\"285\" \/>\n\t<meta property=\"og:image:type\" content=\"image\/jpeg\" \/>\n<meta name=\"author\" content=\"SM\" \/>\n<meta name=\"twitter:card\" content=\"summary_large_image\" \/>\n<meta name=\"twitter:label1\" content=\"Written by\" \/>\n\t<meta name=\"twitter:data1\" content=\"SM\" \/>\n\t<meta name=\"twitter:label2\" content=\"Est. reading time\" \/>\n\t<meta name=\"twitter:data2\" content=\"1 minuta\" \/>\n<script type=\"application\/ld+json\" class=\"yoast-schema-graph\">{\"@context\":\"https:\/\/schema.org\",\"@graph\":[{\"@type\":\"Article\",\"@id\":\"https:\/\/sandzakpress.net\/arhiva\/seik-poklonio-fabriku-selu-u-raskoj\/#article\",\"isPartOf\":{\"@id\":\"https:\/\/sandzakpress.net\/arhiva\/seik-poklonio-fabriku-selu-u-raskoj\/\"},\"author\":{\"name\":\"SM\",\"@id\":\"https:\/\/sandzakpress.net\/arhiva\/#\/schema\/person\/32f63b6bc693126333e4b1d8cccb52ac\"},\"headline\":\"\u0160eik poklonio fabriku selu u Ra\u0161koj\",\"datePublished\":\"2018-04-20T03:52:25+00:00\",\"dateModified\":\"2018-04-20T10:36:54+00:00\",\"mainEntityOfPage\":{\"@id\":\"https:\/\/sandzakpress.net\/arhiva\/seik-poklonio-fabriku-selu-u-raskoj\/\"},\"wordCount\":169,\"commentCount\":18,\"publisher\":{\"@id\":\"https:\/\/sandzakpress.net\/arhiva\/#\/schema\/person\/6e72b67d6e51910a1117b3b483ba20bd\"},\"image\":{\"@id\":\"https:\/\/sandzakpress.net\/arhiva\/seik-poklonio-fabriku-selu-u-raskoj\/#primaryimage\"},\"thumbnailUrl\":\"https:\/\/sandzakpress.net\/arhiva\/wp-content\/uploads\/2018\/04\/cf207e4a-0302-41ea-a5e6-67a07a564a48-616x285-1.jpg\",\"articleSection\":[\"Srbija\",\"Privreda\",\"VIJESTI DANA\",\"NAJNOVIJE\"],\"inLanguage\":\"bs-BA\",\"potentialAction\":[{\"@type\":\"CommentAction\",\"name\":\"Comment\",\"target\":[\"https:\/\/sandzakpress.net\/arhiva\/seik-poklonio-fabriku-selu-u-raskoj\/#respond\"]}]},{\"@type\":\"WebPage\",\"@id\":\"https:\/\/sandzakpress.net\/arhiva\/seik-poklonio-fabriku-selu-u-raskoj\/\",\"url\":\"https:\/\/sandzakpress.net\/arhiva\/seik-poklonio-fabriku-selu-u-raskoj\/\",\"name\":\"\u0160eik poklonio fabriku selu u Ra\u0161koj\",\"isPartOf\":{\"@id\":\"https:\/\/sandzakpress.net\/arhiva\/#website\"},\"primaryImageOfPage\":{\"@id\":\"https:\/\/sandzakpress.net\/arhiva\/seik-poklonio-fabriku-selu-u-raskoj\/#primaryimage\"},\"image\":{\"@id\":\"https:\/\/sandzakpress.net\/arhiva\/seik-poklonio-fabriku-selu-u-raskoj\/#primaryimage\"},\"thumbnailUrl\":\"https:\/\/sandzakpress.net\/arhiva\/wp-content\/uploads\/2018\/04\/cf207e4a-0302-41ea-a5e6-67a07a564a48-616x285-1.jpg\",\"datePublished\":\"2018-04-20T03:52:25+00:00\",\"dateModified\":\"2018-04-20T10:36:54+00:00\",\"breadcrumb\":{\"@id\":\"https:\/\/sandzakpress.net\/arhiva\/seik-poklonio-fabriku-selu-u-raskoj\/#breadcrumb\"},\"inLanguage\":\"bs-BA\",\"potentialAction\":[{\"@type\":\"ReadAction\",\"target\":[\"https:\/\/sandzakpress.net\/arhiva\/seik-poklonio-fabriku-selu-u-raskoj\/\"]}]},{\"@type\":\"ImageObject\",\"inLanguage\":\"bs-BA\",\"@id\":\"https:\/\/sandzakpress.net\/arhiva\/seik-poklonio-fabriku-selu-u-raskoj\/#primaryimage\",\"url\":\"https:\/\/sandzakpress.net\/arhiva\/wp-content\/uploads\/2018\/04\/cf207e4a-0302-41ea-a5e6-67a07a564a48-616x285-1.jpg\",\"contentUrl\":\"https:\/\/sandzakpress.net\/arhiva\/wp-content\/uploads\/2018\/04\/cf207e4a-0302-41ea-a5e6-67a07a564a48-616x285-1.jpg\",\"width\":616,\"height\":285},{\"@type\":\"BreadcrumbList\",\"@id\":\"https:\/\/sandzakpress.net\/arhiva\/seik-poklonio-fabriku-selu-u-raskoj\/#breadcrumb\",\"itemListElement\":[{\"@type\":\"ListItem\",\"position\":1,\"name\":\"Home\",\"item\":\"https:\/\/sandzakpress.net\/arhiva\/\"},{\"@type\":\"ListItem\",\"position\":2,\"name\":\"\u0160eik poklonio fabriku selu u Ra\u0161koj\"}]},{\"@type\":\"WebSite\",\"@id\":\"https:\/\/sandzakpress.net\/arhiva\/#website\",\"url\":\"https:\/\/sandzakpress.net\/arhiva\/\",\"name\":\"Sand\u017eak PRESS\",\"description\":\"Prve elektronske novine u Sand\u017eaku\",\"publisher\":{\"@id\":\"https:\/\/sandzakpress.net\/arhiva\/#\/schema\/person\/6e72b67d6e51910a1117b3b483ba20bd\"},\"potentialAction\":[{\"@type\":\"SearchAction\",\"target\":{\"@type\":\"EntryPoint\",\"urlTemplate\":\"https:\/\/sandzakpress.net\/arhiva\/?s={search_term_string}\"},\"query-input\":{\"@type\":\"PropertyValueSpecification\",\"valueRequired\":true,\"valueName\":\"search_term_string\"}}],\"inLanguage\":\"bs-BA\"},{\"@type\":[\"Person\",\"Organization\"],\"@id\":\"https:\/\/sandzakpress.net\/arhiva\/#\/schema\/person\/6e72b67d6e51910a1117b3b483ba20bd\",\"name\":\"Kul\",\"image\":{\"@type\":\"ImageObject\",\"inLanguage\":\"bs-BA\",\"@id\":\"https:\/\/sandzakpress.net\/arhiva\/#\/schema\/person\/image\/\",\"url\":\"https:\/\/secure.gravatar.com\/avatar\/42263f39aa27ac04c43cab85c280eb2e?s=96&d=mm&r=pg\",\"contentUrl\":\"https:\/\/secure.gravatar.com\/avatar\/42263f39aa27ac04c43cab85c280eb2e?s=96&d=mm&r=pg\",\"caption\":\"Kul\"},\"logo\":{\"@id\":\"https:\/\/sandzakpress.net\/arhiva\/#\/schema\/person\/image\/\"}},{\"@type\":\"Person\",\"@id\":\"https:\/\/sandzakpress.net\/arhiva\/#\/schema\/person\/32f63b6bc693126333e4b1d8cccb52ac\",\"name\":\"SM\",\"image\":{\"@type\":\"ImageObject\",\"inLanguage\":\"bs-BA\",\"@id\":\"https:\/\/sandzakpress.net\/arhiva\/#\/schema\/person\/image\/\",\"url\":\"https:\/\/secure.gravatar.com\/avatar\/e06a45a606f1dee973ded6565c9e653e?s=96&d=mm&r=pg\",\"contentUrl\":\"https:\/\/secure.gravatar.com\/avatar\/e06a45a606f1dee973ded6565c9e653e?s=96&d=mm&r=pg\",\"caption\":\"SM\"},\"url\":\"https:\/\/sandzakpress.net\/arhiva\/author\/sandzakmedia\/\"}]}<\/script>\n<!-- \/ Yoast SEO Premium plugin. -->","yoast_head_json":{"title":"\u0160eik poklonio fabriku selu u Ra\u0161koj","robots":{"index":"index","follow":"follow","max-snippet":"max-snippet:-1","max-image-preview":"max-image-preview:large","max-video-preview":"max-video-preview:-1"},"canonical":"https:\/\/sandzakpress.net\/arhiva\/seik-poklonio-fabriku-selu-u-raskoj\/","og_locale":"bs_BA","og_type":"article","og_title":"\u0160eik poklonio fabriku selu u Ra\u0161koj","og_description":"Vlada Srbije prenijela je krajem pro\u0161le nedelje u vlasni\u0161tvo op\u0161tine Ra\u0161ka fabriku povr\u0161ine 11.500 kvadrata, koja je u selu Dragani\u0107i izgra\u0111ena donacijom prijestolonasljednika Ujedinjenih Arapskih Emirata \u0161eika Muhameda bin Zajeda el Nahjana. Izgradnja ovog pogona, za koji je 2016. godine kamen temeljac polo\u017eio predsjednik Srbije Aleksandar Vu\u010di\u0107, ko\u0161tala je devet miliona eura. Predsjednik op\u0161tine Ra\u0161ka [&hellip;]","og_url":"https:\/\/sandzakpress.net\/arhiva\/seik-poklonio-fabriku-selu-u-raskoj\/","og_site_name":"Sand\u017eak PRESS","article_published_time":"2018-04-20T03:52:25+00:00","article_modified_time":"2018-04-20T10:36:54+00:00","og_image":[{"width":616,"height":285,"url":"https:\/\/sandzakpress.net\/arhiva\/wp-content\/uploads\/2018\/04\/cf207e4a-0302-41ea-a5e6-67a07a564a48-616x285-1.jpg","type":"image\/jpeg"}],"author":"SM","twitter_card":"summary_large_image","twitter_misc":{"Written by":"SM","Est. reading time":"1 minuta"},"schema":{"@context":"https:\/\/schema.org","@graph":[{"@type":"Article","@id":"https:\/\/sandzakpress.net\/arhiva\/seik-poklonio-fabriku-selu-u-raskoj\/#article","isPartOf":{"@id":"https:\/\/sandzakpress.net\/arhiva\/seik-poklonio-fabriku-selu-u-raskoj\/"},"author":{"name":"SM","@id":"https:\/\/sandzakpress.net\/arhiva\/#\/schema\/person\/32f63b6bc693126333e4b1d8cccb52ac"},"headline":"\u0160eik poklonio fabriku selu u Ra\u0161koj","datePublished":"2018-04-20T03:52:25+00:00","dateModified":"2018-04-20T10:36:54+00:00","mainEntityOfPage":{"@id":"https:\/\/sandzakpress.net\/arhiva\/seik-poklonio-fabriku-selu-u-raskoj\/"},"wordCount":169,"commentCount":18,"publisher":{"@id":"https:\/\/sandzakpress.net\/arhiva\/#\/schema\/person\/6e72b67d6e51910a1117b3b483ba20bd"},"image":{"@id":"https:\/\/sandzakpress.net\/arhiva\/seik-poklonio-fabriku-selu-u-raskoj\/#primaryimage"},"thumbnailUrl":"https:\/\/sandzakpress.net\/arhiva\/wp-content\/uploads\/2018\/04\/cf207e4a-0302-41ea-a5e6-67a07a564a48-616x285-1.jpg","articleSection":["Srbija","Privreda","VIJESTI DANA","NAJNOVIJE"],"inLanguage":"bs-BA","potentialAction":[{"@type":"CommentAction","name":"Comment","target":["https:\/\/sandzakpress.net\/arhiva\/seik-poklonio-fabriku-selu-u-raskoj\/#respond"]}]},{"@type":"WebPage","@id":"https:\/\/sandzakpress.net\/arhiva\/seik-poklonio-fabriku-selu-u-raskoj\/","url":"https:\/\/sandzakpress.net\/arhiva\/seik-poklonio-fabriku-selu-u-raskoj\/","name":"\u0160eik poklonio fabriku selu u Ra\u0161koj","isPartOf":{"@id":"https:\/\/sandzakpress.net\/arhiva\/#website"},"primaryImageOfPage":{"@id":"https:\/\/sandzakpress.net\/arhiva\/seik-poklonio-fabriku-selu-u-raskoj\/#primaryimage"},"image":{"@id":"https:\/\/sandzakpress.net\/arhiva\/seik-poklonio-fabriku-selu-u-raskoj\/#primaryimage"},"thumbnailUrl":"https:\/\/sandzakpress.net\/arhiva\/wp-content\/uploads\/2018\/04\/cf207e4a-0302-41ea-a5e6-67a07a564a48-616x285-1.jpg","datePublished":"2018-04-20T03:52:25+00:00","dateModified":"2018-04-20T10:36:54+00:00","breadcrumb":{"@id":"https:\/\/sandzakpress.net\/arhiva\/seik-poklonio-fabriku-selu-u-raskoj\/#breadcrumb"},"inLanguage":"bs-BA","potentialAction":[{"@type":"ReadAction","target":["https:\/\/sandzakpress.net\/arhiva\/seik-poklonio-fabriku-selu-u-raskoj\/"]}]},{"@type":"ImageObject","inLanguage":"bs-BA","@id":"https:\/\/sandzakpress.net\/arhiva\/seik-poklonio-fabriku-selu-u-raskoj\/#primaryimage","url":"https:\/\/sandzakpress.net\/arhiva\/wp-content\/uploads\/2018\/04\/cf207e4a-0302-41ea-a5e6-67a07a564a48-616x285-1.jpg","contentUrl":"https:\/\/sandzakpress.net\/arhiva\/wp-content\/uploads\/2018\/04\/cf207e4a-0302-41ea-a5e6-67a07a564a48-616x285-1.jpg","width":616,"height":285},{"@type":"BreadcrumbList","@id":"https:\/\/sandzakpress.net\/arhiva\/seik-poklonio-fabriku-selu-u-raskoj\/#breadcrumb","itemListElement":[{"@type":"ListItem","position":1,"name":"Home","item":"https:\/\/sandzakpress.net\/arhiva\/"},{"@type":"ListItem","position":2,"name":"\u0160eik poklonio fabriku selu u Ra\u0161koj"}]},{"@type":"WebSite","@id":"https:\/\/sandzakpress.net\/arhiva\/#website","url":"https:\/\/sandzakpress.net\/arhiva\/","name":"Sand\u017eak PRESS","description":"Prve elektronske novine u Sand\u017eaku","publisher":{"@id":"https:\/\/sandzakpress.net\/arhiva\/#\/schema\/person\/6e72b67d6e51910a1117b3b483ba20bd"},"potentialAction":[{"@type":"SearchAction","target":{"@type":"EntryPoint","urlTemplate":"https:\/\/sandzakpress.net\/arhiva\/?s={search_term_string}"},"query-input":{"@type":"PropertyValueSpecification","valueRequired":true,"valueName":"search_term_string"}}],"inLanguage":"bs-BA"},{"@type":["Person","Organization"],"@id":"https:\/\/sandzakpress.net\/arhiva\/#\/schema\/person\/6e72b67d6e51910a1117b3b483ba20bd","name":"Kul","image":{"@type":"ImageObject","inLanguage":"bs-BA","@id":"https:\/\/sandzakpress.net\/arhiva\/#\/schema\/person\/image\/","url":"https:\/\/secure.gravatar.com\/avatar\/42263f39aa27ac04c43cab85c280eb2e?s=96&d=mm&r=pg","contentUrl":"https:\/\/secure.gravatar.com\/avatar\/42263f39aa27ac04c43cab85c280eb2e?s=96&d=mm&r=pg","caption":"Kul"},"logo":{"@id":"https:\/\/sandzakpress.net\/arhiva\/#\/schema\/person\/image\/"}},{"@type":"Person","@id":"https:\/\/sandzakpress.net\/arhiva\/#\/schema\/person\/32f63b6bc693126333e4b1d8cccb52ac","name":"SM","image":{"@type":"ImageObject","inLanguage":"bs-BA","@id":"https:\/\/sandzakpress.net\/arhiva\/#\/schema\/person\/image\/","url":"https:\/\/secure.gravatar.com\/avatar\/e06a45a606f1dee973ded6565c9e653e?s=96&d=mm&r=pg","contentUrl":"https:\/\/secure.gravatar.com\/avatar\/e06a45a606f1dee973ded6565c9e653e?s=96&d=mm&r=pg","caption":"SM"},"url":"https:\/\/sandzakpress.net\/arhiva\/author\/sandzakmedia\/"}]}},"_links":{"self":[{"href":"https:\/\/sandzakpress.net\/arhiva\/wp-json\/wp\/v2\/posts\/205702"}],"collection":[{"href":"https:\/\/sandzakpress.net\/arhiva\/wp-json\/wp\/v2\/posts"}],"about":[{"href":"https:\/\/sandzakpress.net\/arhiva\/wp-json\/wp\/v2\/types\/post"}],"author":[{"embeddable":true,"href":"https:\/\/sandzakpress.net\/arhiva\/wp-json\/wp\/v2\/users\/501"}],"replies":[{"embeddable":true,"href":"https:\/\/sandzakpress.net\/arhiva\/wp-json\/wp\/v2\/comments?post=205702"}],"version-history":[{"count":0,"href":"https:\/\/sandzakpress.net\/arhiva\/wp-json\/wp\/v2\/posts\/205702\/revisions"}],"wp:featuredmedia":[{"embeddable":true,"href":"https:\/\/sandzakpress.net\/arhiva\/wp-json\/wp\/v2\/media\/205704"}],"wp:attachment":[{"href":"https:\/\/sandzakpress.net\/arhiva\/wp-json\/wp\/v2\/media?parent=205702"}],"wp:term":[{"taxonomy":"category","embeddable":true,"href":"https:\/\/sandzakpress.net\/arhiva\/wp-json\/wp\/v2\/categories?post=205702"},{"taxonomy":"post_tag","embeddable":true,"href":"https:\/\/sandzakpress.net\/arhiva\/wp-json\/wp\/v2\/tags?post=205702"}],"curies":[{"name":"wp","href":"https:\/\/api.w.org\/{rel}","templated":true}]}}