{"id":205419,"date":"2018-04-15T17:54:13","date_gmt":"2018-04-15T15:54:13","guid":{"rendered":"https:\/\/sandzakpress.net\/arhiva\/?p=205419"},"modified":"2018-04-15T17:54:13","modified_gmt":"2018-04-15T15:54:13","slug":"predsjednicki-izbori-u-cg-gradani-podijeljenog-misljenja-traze-promjene","status":"publish","type":"post","link":"https:\/\/sandzakpress.net\/arhiva\/predsjednicki-izbori-u-cg-gradani-podijeljenog-misljenja-traze-promjene\/","title":{"rendered":"PREDSJEDNI\u010cKI IZBORI U CG: Gra\u0111ani podijeljenog mi\u0161ljenja \u2013 tra\u017ee promjene"},"content":{"rendered":"<p><img decoding=\"async\" src=\"https:\/\/ocdn.eu\/pulscms-transforms\/1\/cJuk9lMaHR0cDovL29jZG4uZXUvaW1hZ2VzL3B1bHNjbXMvTXpBN01EQV8vZTRhMTgxOWNjNDliNDVjZjZmMTlkZWM2ZjNjNTczMDguanBlZ5GTAs0C5ACBoTAB\" alt=\"\u00d0\u00a0\u00d0\u00b5\u00d0\u00b7\u00d1\u0083\u00d0\u00bb\u00d1\u0082\u00d0\u00b0\u00d1\u0082 \u00d1\u0081\u00d0\u00bb\u00d0\u00b8\u00d0\u00ba\u00d0\u00b0 \u00d0\u00b7\u00d0\u00b0 PREDSJEDNI\u00c4\u008cKI IZBORI CRNA GORA\" \/><\/p>\n<p><strong>U Crnoj Gori se odr\u017eavaju predsjedni\u010dki izbori, sedmi od uvo\u0111enja vi\u0161epartijskog sistema, a pravo glasa ima 532.599 gra\u0111ana. Bira\u010dka mjesta otvorena su od 7 do 20 sati. Predsjedni\u010dki kandidat Stranke pravde i pomirenja Hazbija Kala\u010d glasao je u 10h, a prilikom obra\u0107anja istakao da je Crna Gora danas na testu.<\/strong><\/p>\n<p>Prilikom otvaranja bira\u010dkih mjesta uo\u010den niz nepravilnosti, nestajanje struje, nefunkcioniranje aparata za identifikaciju samo su neki od problema, ali iz op\u0107inske izborne komisiju isti\u010du da sve proti\u010de po Zakonu.<\/p>\n<p><iframe loading=\"lazy\" title=\"PREDSJEDNI\u010cKI IZBORI: Gra\u0111ani podijeljenog mi\u0161ljenja \u2013 tra\u017ee promjene\" width=\"696\" height=\"522\" src=\"https:\/\/www.youtube.com\/embed\/hjtXH6FaK30?feature=oembed\" frameborder=\"0\" allow=\"accelerometer; autoplay; encrypted-media; gyroscope; picture-in-picture\" allowfullscreen><\/iframe><\/p>\n<p>Gra\u0111ani Crne Gore podijeljenog mi\u0161ljenja, mnogi tra\u017ee bolju budu\u0107nost, neki su zadovoljni, a neki su do\u0161li iz drugih dr\u017eava da bi izvr\u0161ili gra\u0111ansku du\u017enost.<\/p>\n<p>Pored Hazbije Kala\u010da na izborima u\u010destvuju i Milo \u0110ukanovi\u0107, Marko Mila\u010di\u0107, Mladen Bojani\u0107, Vasilije Mili\u010dkovi\u0107, Dobrilo Dedei\u0107 i Draginja Vuksanovi\u0107.<\/p>\n<p>izvor: SANA<\/p>\n","protected":false},"excerpt":{"rendered":"<p>U Crnoj Gori se odr\u017eavaju predsjedni\u010dki izbori, sedmi od uvo\u0111enja vi\u0161epartijskog sistema, a pravo glasa ima 532.599 gra\u0111ana. Bira\u010dka mjesta otvorena su od 7 do 20 sati. Predsjedni\u010dki kandidat Stranke pravde i pomirenja Hazbija Kala\u010d glasao je u 10h, a prilikom obra\u0107anja istakao da je Crna Gora danas na testu. Prilikom otvaranja bira\u010dkih mjesta uo\u010den [&hellip;]<\/p>\n","protected":false},"author":509,"featured_media":205420,"comment_status":"open","ping_status":"open","sticky":false,"template":"","format":"standard","meta":{"footnotes":""},"categories":[398,1,397,10174,10308,396,395,399,10173,8957],"tags":[],"class_list":{"0":"post-205419","1":"post","2":"type-post","3":"status-publish","4":"format-standard","5":"has-post-thumbnail","7":"category-rozaje","8":"category-politika","9":"category-berane","10":"category-petnjica-vase-vijesti","11":"category-crna-gora","12":"category-bijelo_polje","13":"category-pljevlja_","14":"category-plav_","15":"category-gusinje-vase-vijesti","16":"category-vijesti-dana"},"yoast_head":"<!-- This site is optimized with the Yoast SEO Premium plugin v23.1 (Yoast SEO v24.9) - https:\/\/yoast.com\/wordpress\/plugins\/seo\/ -->\n<title>PREDSJEDNI\u010cKI IZBORI U CG: Gra\u0111ani podijeljenog mi\u0161ljenja \u2013 tra\u017ee promjene<\/title>\n<meta name=\"robots\" content=\"index, follow, max-snippet:-1, max-image-preview:large, max-video-preview:-1\" \/>\n<link rel=\"canonical\" href=\"https:\/\/sandzakpress.net\/arhiva\/predsjednicki-izbori-u-cg-gradani-podijeljenog-misljenja-traze-promjene\/\" \/>\n<meta property=\"og:locale\" content=\"bs_BA\" \/>\n<meta property=\"og:type\" content=\"article\" \/>\n<meta property=\"og:title\" content=\"PREDSJEDNI\u010cKI IZBORI U CG: Gra\u0111ani podijeljenog mi\u0161ljenja \u2013 tra\u017ee promjene\" \/>\n<meta property=\"og:description\" content=\"U Crnoj Gori se odr\u017eavaju predsjedni\u010dki izbori, sedmi od uvo\u0111enja vi\u0161epartijskog sistema, a pravo glasa ima 532.599 gra\u0111ana. Bira\u010dka mjesta otvorena su od 7 do 20 sati. Predsjedni\u010dki kandidat Stranke pravde i pomirenja Hazbija Kala\u010d glasao je u 10h, a prilikom obra\u0107anja istakao da je Crna Gora danas na testu. Prilikom otvaranja bira\u010dkih mjesta uo\u010den [&hellip;]\" \/>\n<meta property=\"og:url\" content=\"https:\/\/sandzakpress.net\/arhiva\/predsjednicki-izbori-u-cg-gradani-podijeljenog-misljenja-traze-promjene\/\" \/>\n<meta property=\"og:site_name\" content=\"Sand\u017eak PRESS\" \/>\n<meta property=\"article:published_time\" content=\"2018-04-15T15:54:13+00:00\" \/>\n<meta property=\"og:image\" content=\"https:\/\/sandzakpress.net\/arhiva\/wp-content\/uploads\/2018\/04\/cJuk9lMaHR0cDovL29jZG4uZXUvaW1hZ2VzL3B1bHNjbXMvTXpBN01EQV8vZTRhMTgxOWNjNDliNDVjZjZmMTlkZWM2ZjNjNTczMDguanBlZ5GTAs0C5ACBoTAB.jpg\" \/>\n\t<meta property=\"og:image:width\" content=\"740\" \/>\n\t<meta property=\"og:image:height\" content=\"539\" \/>\n\t<meta property=\"og:image:type\" content=\"image\/jpeg\" \/>\n<meta name=\"author\" content=\"Agencija\" \/>\n<meta name=\"twitter:card\" content=\"summary_large_image\" \/>\n<meta name=\"twitter:label1\" content=\"Written by\" \/>\n\t<meta name=\"twitter:data1\" content=\"Agencija\" \/>\n\t<meta name=\"twitter:label2\" content=\"Est. reading time\" \/>\n\t<meta name=\"twitter:data2\" content=\"1 minuta\" \/>\n<script type=\"application\/ld+json\" class=\"yoast-schema-graph\">{\"@context\":\"https:\/\/schema.org\",\"@graph\":[{\"@type\":\"Article\",\"@id\":\"https:\/\/sandzakpress.net\/arhiva\/predsjednicki-izbori-u-cg-gradani-podijeljenog-misljenja-traze-promjene\/#article\",\"isPartOf\":{\"@id\":\"https:\/\/sandzakpress.net\/arhiva\/predsjednicki-izbori-u-cg-gradani-podijeljenog-misljenja-traze-promjene\/\"},\"author\":{\"name\":\"Agencija\",\"@id\":\"https:\/\/sandzakpress.net\/arhiva\/#\/schema\/person\/cb59d7e3ab91ab90dd680ad0305a6185\"},\"headline\":\"PREDSJEDNI\u010cKI IZBORI U CG: Gra\u0111ani podijeljenog mi\u0161ljenja \u2013 tra\u017ee promjene\",\"datePublished\":\"2018-04-15T15:54:13+00:00\",\"mainEntityOfPage\":{\"@id\":\"https:\/\/sandzakpress.net\/arhiva\/predsjednicki-izbori-u-cg-gradani-podijeljenog-misljenja-traze-promjene\/\"},\"wordCount\":166,\"commentCount\":1,\"publisher\":{\"@id\":\"https:\/\/sandzakpress.net\/arhiva\/#\/schema\/person\/6e72b67d6e51910a1117b3b483ba20bd\"},\"image\":{\"@id\":\"https:\/\/sandzakpress.net\/arhiva\/predsjednicki-izbori-u-cg-gradani-podijeljenog-misljenja-traze-promjene\/#primaryimage\"},\"thumbnailUrl\":\"https:\/\/sandzakpress.net\/arhiva\/wp-content\/uploads\/2018\/04\/cJuk9lMaHR0cDovL29jZG4uZXUvaW1hZ2VzL3B1bHNjbXMvTXpBN01EQV8vZTRhMTgxOWNjNDliNDVjZjZmMTlkZWM2ZjNjNTczMDguanBlZ5GTAs0C5ACBoTAB.jpg\",\"articleSection\":[\"Ro\u017eaje\",\"Politika\",\"Berane\",\"Petnjica\",\"Crna Gora\",\"Bijelo Polje\",\"Pljevlja\",\"Plav\",\"Gusinje\",\"VIJESTI DANA\"],\"inLanguage\":\"bs-BA\",\"potentialAction\":[{\"@type\":\"CommentAction\",\"name\":\"Comment\",\"target\":[\"https:\/\/sandzakpress.net\/arhiva\/predsjednicki-izbori-u-cg-gradani-podijeljenog-misljenja-traze-promjene\/#respond\"]}]},{\"@type\":\"WebPage\",\"@id\":\"https:\/\/sandzakpress.net\/arhiva\/predsjednicki-izbori-u-cg-gradani-podijeljenog-misljenja-traze-promjene\/\",\"url\":\"https:\/\/sandzakpress.net\/arhiva\/predsjednicki-izbori-u-cg-gradani-podijeljenog-misljenja-traze-promjene\/\",\"name\":\"PREDSJEDNI\u010cKI IZBORI U CG: Gra\u0111ani podijeljenog mi\u0161ljenja \u2013 tra\u017ee promjene\",\"isPartOf\":{\"@id\":\"https:\/\/sandzakpress.net\/arhiva\/#website\"},\"primaryImageOfPage\":{\"@id\":\"https:\/\/sandzakpress.net\/arhiva\/predsjednicki-izbori-u-cg-gradani-podijeljenog-misljenja-traze-promjene\/#primaryimage\"},\"image\":{\"@id\":\"https:\/\/sandzakpress.net\/arhiva\/predsjednicki-izbori-u-cg-gradani-podijeljenog-misljenja-traze-promjene\/#primaryimage\"},\"thumbnailUrl\":\"https:\/\/sandzakpress.net\/arhiva\/wp-content\/uploads\/2018\/04\/cJuk9lMaHR0cDovL29jZG4uZXUvaW1hZ2VzL3B1bHNjbXMvTXpBN01EQV8vZTRhMTgxOWNjNDliNDVjZjZmMTlkZWM2ZjNjNTczMDguanBlZ5GTAs0C5ACBoTAB.jpg\",\"datePublished\":\"2018-04-15T15:54:13+00:00\",\"breadcrumb\":{\"@id\":\"https:\/\/sandzakpress.net\/arhiva\/predsjednicki-izbori-u-cg-gradani-podijeljenog-misljenja-traze-promjene\/#breadcrumb\"},\"inLanguage\":\"bs-BA\",\"potentialAction\":[{\"@type\":\"ReadAction\",\"target\":[\"https:\/\/sandzakpress.net\/arhiva\/predsjednicki-izbori-u-cg-gradani-podijeljenog-misljenja-traze-promjene\/\"]}]},{\"@type\":\"ImageObject\",\"inLanguage\":\"bs-BA\",\"@id\":\"https:\/\/sandzakpress.net\/arhiva\/predsjednicki-izbori-u-cg-gradani-podijeljenog-misljenja-traze-promjene\/#primaryimage\",\"url\":\"https:\/\/sandzakpress.net\/arhiva\/wp-content\/uploads\/2018\/04\/cJuk9lMaHR0cDovL29jZG4uZXUvaW1hZ2VzL3B1bHNjbXMvTXpBN01EQV8vZTRhMTgxOWNjNDliNDVjZjZmMTlkZWM2ZjNjNTczMDguanBlZ5GTAs0C5ACBoTAB.jpg\",\"contentUrl\":\"https:\/\/sandzakpress.net\/arhiva\/wp-content\/uploads\/2018\/04\/cJuk9lMaHR0cDovL29jZG4uZXUvaW1hZ2VzL3B1bHNjbXMvTXpBN01EQV8vZTRhMTgxOWNjNDliNDVjZjZmMTlkZWM2ZjNjNTczMDguanBlZ5GTAs0C5ACBoTAB.jpg\",\"width\":740,\"height\":539},{\"@type\":\"BreadcrumbList\",\"@id\":\"https:\/\/sandzakpress.net\/arhiva\/predsjednicki-izbori-u-cg-gradani-podijeljenog-misljenja-traze-promjene\/#breadcrumb\",\"itemListElement\":[{\"@type\":\"ListItem\",\"position\":1,\"name\":\"Home\",\"item\":\"https:\/\/sandzakpress.net\/arhiva\/\"},{\"@type\":\"ListItem\",\"position\":2,\"name\":\"PREDSJEDNI\u010cKI IZBORI U CG: Gra\u0111ani podijeljenog mi\u0161ljenja \u2013 tra\u017ee promjene\"}]},{\"@type\":\"WebSite\",\"@id\":\"https:\/\/sandzakpress.net\/arhiva\/#website\",\"url\":\"https:\/\/sandzakpress.net\/arhiva\/\",\"name\":\"Sand\u017eak PRESS\",\"description\":\"Prve elektronske novine u Sand\u017eaku\",\"publisher\":{\"@id\":\"https:\/\/sandzakpress.net\/arhiva\/#\/schema\/person\/6e72b67d6e51910a1117b3b483ba20bd\"},\"potentialAction\":[{\"@type\":\"SearchAction\",\"target\":{\"@type\":\"EntryPoint\",\"urlTemplate\":\"https:\/\/sandzakpress.net\/arhiva\/?s={search_term_string}\"},\"query-input\":{\"@type\":\"PropertyValueSpecification\",\"valueRequired\":true,\"valueName\":\"search_term_string\"}}],\"inLanguage\":\"bs-BA\"},{\"@type\":[\"Person\",\"Organization\"],\"@id\":\"https:\/\/sandzakpress.net\/arhiva\/#\/schema\/person\/6e72b67d6e51910a1117b3b483ba20bd\",\"name\":\"Kul\",\"image\":{\"@type\":\"ImageObject\",\"inLanguage\":\"bs-BA\",\"@id\":\"https:\/\/sandzakpress.net\/arhiva\/#\/schema\/person\/image\/\",\"url\":\"https:\/\/secure.gravatar.com\/avatar\/42263f39aa27ac04c43cab85c280eb2e?s=96&d=mm&r=pg\",\"contentUrl\":\"https:\/\/secure.gravatar.com\/avatar\/42263f39aa27ac04c43cab85c280eb2e?s=96&d=mm&r=pg\",\"caption\":\"Kul\"},\"logo\":{\"@id\":\"https:\/\/sandzakpress.net\/arhiva\/#\/schema\/person\/image\/\"}},{\"@type\":\"Person\",\"@id\":\"https:\/\/sandzakpress.net\/arhiva\/#\/schema\/person\/cb59d7e3ab91ab90dd680ad0305a6185\",\"name\":\"Agencija\",\"image\":{\"@type\":\"ImageObject\",\"inLanguage\":\"bs-BA\",\"@id\":\"https:\/\/sandzakpress.net\/arhiva\/#\/schema\/person\/image\/\",\"url\":\"https:\/\/secure.gravatar.com\/avatar\/4b7fafa80a22f0c2afe23966b3961fe0?s=96&d=mm&r=pg\",\"contentUrl\":\"https:\/\/secure.gravatar.com\/avatar\/4b7fafa80a22f0c2afe23966b3961fe0?s=96&d=mm&r=pg\",\"caption\":\"Agencija\"},\"url\":\"https:\/\/sandzakpress.net\/arhiva\/author\/agencija\/\"}]}<\/script>\n<!-- \/ Yoast SEO Premium plugin. -->","yoast_head_json":{"title":"PREDSJEDNI\u010cKI IZBORI U CG: Gra\u0111ani podijeljenog mi\u0161ljenja \u2013 tra\u017ee promjene","robots":{"index":"index","follow":"follow","max-snippet":"max-snippet:-1","max-image-preview":"max-image-preview:large","max-video-preview":"max-video-preview:-1"},"canonical":"https:\/\/sandzakpress.net\/arhiva\/predsjednicki-izbori-u-cg-gradani-podijeljenog-misljenja-traze-promjene\/","og_locale":"bs_BA","og_type":"article","og_title":"PREDSJEDNI\u010cKI IZBORI U CG: Gra\u0111ani podijeljenog mi\u0161ljenja \u2013 tra\u017ee promjene","og_description":"U Crnoj Gori se odr\u017eavaju predsjedni\u010dki izbori, sedmi od uvo\u0111enja vi\u0161epartijskog sistema, a pravo glasa ima 532.599 gra\u0111ana. Bira\u010dka mjesta otvorena su od 7 do 20 sati. Predsjedni\u010dki kandidat Stranke pravde i pomirenja Hazbija Kala\u010d glasao je u 10h, a prilikom obra\u0107anja istakao da je Crna Gora danas na testu. Prilikom otvaranja bira\u010dkih mjesta uo\u010den [&hellip;]","og_url":"https:\/\/sandzakpress.net\/arhiva\/predsjednicki-izbori-u-cg-gradani-podijeljenog-misljenja-traze-promjene\/","og_site_name":"Sand\u017eak PRESS","article_published_time":"2018-04-15T15:54:13+00:00","og_image":[{"width":740,"height":539,"url":"https:\/\/sandzakpress.net\/arhiva\/wp-content\/uploads\/2018\/04\/cJuk9lMaHR0cDovL29jZG4uZXUvaW1hZ2VzL3B1bHNjbXMvTXpBN01EQV8vZTRhMTgxOWNjNDliNDVjZjZmMTlkZWM2ZjNjNTczMDguanBlZ5GTAs0C5ACBoTAB.jpg","type":"image\/jpeg"}],"author":"Agencija","twitter_card":"summary_large_image","twitter_misc":{"Written by":"Agencija","Est. reading time":"1 minuta"},"schema":{"@context":"https:\/\/schema.org","@graph":[{"@type":"Article","@id":"https:\/\/sandzakpress.net\/arhiva\/predsjednicki-izbori-u-cg-gradani-podijeljenog-misljenja-traze-promjene\/#article","isPartOf":{"@id":"https:\/\/sandzakpress.net\/arhiva\/predsjednicki-izbori-u-cg-gradani-podijeljenog-misljenja-traze-promjene\/"},"author":{"name":"Agencija","@id":"https:\/\/sandzakpress.net\/arhiva\/#\/schema\/person\/cb59d7e3ab91ab90dd680ad0305a6185"},"headline":"PREDSJEDNI\u010cKI IZBORI U CG: Gra\u0111ani podijeljenog mi\u0161ljenja \u2013 tra\u017ee promjene","datePublished":"2018-04-15T15:54:13+00:00","mainEntityOfPage":{"@id":"https:\/\/sandzakpress.net\/arhiva\/predsjednicki-izbori-u-cg-gradani-podijeljenog-misljenja-traze-promjene\/"},"wordCount":166,"commentCount":1,"publisher":{"@id":"https:\/\/sandzakpress.net\/arhiva\/#\/schema\/person\/6e72b67d6e51910a1117b3b483ba20bd"},"image":{"@id":"https:\/\/sandzakpress.net\/arhiva\/predsjednicki-izbori-u-cg-gradani-podijeljenog-misljenja-traze-promjene\/#primaryimage"},"thumbnailUrl":"https:\/\/sandzakpress.net\/arhiva\/wp-content\/uploads\/2018\/04\/cJuk9lMaHR0cDovL29jZG4uZXUvaW1hZ2VzL3B1bHNjbXMvTXpBN01EQV8vZTRhMTgxOWNjNDliNDVjZjZmMTlkZWM2ZjNjNTczMDguanBlZ5GTAs0C5ACBoTAB.jpg","articleSection":["Ro\u017eaje","Politika","Berane","Petnjica","Crna Gora","Bijelo Polje","Pljevlja","Plav","Gusinje","VIJESTI DANA"],"inLanguage":"bs-BA","potentialAction":[{"@type":"CommentAction","name":"Comment","target":["https:\/\/sandzakpress.net\/arhiva\/predsjednicki-izbori-u-cg-gradani-podijeljenog-misljenja-traze-promjene\/#respond"]}]},{"@type":"WebPage","@id":"https:\/\/sandzakpress.net\/arhiva\/predsjednicki-izbori-u-cg-gradani-podijeljenog-misljenja-traze-promjene\/","url":"https:\/\/sandzakpress.net\/arhiva\/predsjednicki-izbori-u-cg-gradani-podijeljenog-misljenja-traze-promjene\/","name":"PREDSJEDNI\u010cKI IZBORI U CG: Gra\u0111ani podijeljenog mi\u0161ljenja \u2013 tra\u017ee promjene","isPartOf":{"@id":"https:\/\/sandzakpress.net\/arhiva\/#website"},"primaryImageOfPage":{"@id":"https:\/\/sandzakpress.net\/arhiva\/predsjednicki-izbori-u-cg-gradani-podijeljenog-misljenja-traze-promjene\/#primaryimage"},"image":{"@id":"https:\/\/sandzakpress.net\/arhiva\/predsjednicki-izbori-u-cg-gradani-podijeljenog-misljenja-traze-promjene\/#primaryimage"},"thumbnailUrl":"https:\/\/sandzakpress.net\/arhiva\/wp-content\/uploads\/2018\/04\/cJuk9lMaHR0cDovL29jZG4uZXUvaW1hZ2VzL3B1bHNjbXMvTXpBN01EQV8vZTRhMTgxOWNjNDliNDVjZjZmMTlkZWM2ZjNjNTczMDguanBlZ5GTAs0C5ACBoTAB.jpg","datePublished":"2018-04-15T15:54:13+00:00","breadcrumb":{"@id":"https:\/\/sandzakpress.net\/arhiva\/predsjednicki-izbori-u-cg-gradani-podijeljenog-misljenja-traze-promjene\/#breadcrumb"},"inLanguage":"bs-BA","potentialAction":[{"@type":"ReadAction","target":["https:\/\/sandzakpress.net\/arhiva\/predsjednicki-izbori-u-cg-gradani-podijeljenog-misljenja-traze-promjene\/"]}]},{"@type":"ImageObject","inLanguage":"bs-BA","@id":"https:\/\/sandzakpress.net\/arhiva\/predsjednicki-izbori-u-cg-gradani-podijeljenog-misljenja-traze-promjene\/#primaryimage","url":"https:\/\/sandzakpress.net\/arhiva\/wp-content\/uploads\/2018\/04\/cJuk9lMaHR0cDovL29jZG4uZXUvaW1hZ2VzL3B1bHNjbXMvTXpBN01EQV8vZTRhMTgxOWNjNDliNDVjZjZmMTlkZWM2ZjNjNTczMDguanBlZ5GTAs0C5ACBoTAB.jpg","contentUrl":"https:\/\/sandzakpress.net\/arhiva\/wp-content\/uploads\/2018\/04\/cJuk9lMaHR0cDovL29jZG4uZXUvaW1hZ2VzL3B1bHNjbXMvTXpBN01EQV8vZTRhMTgxOWNjNDliNDVjZjZmMTlkZWM2ZjNjNTczMDguanBlZ5GTAs0C5ACBoTAB.jpg","width":740,"height":539},{"@type":"BreadcrumbList","@id":"https:\/\/sandzakpress.net\/arhiva\/predsjednicki-izbori-u-cg-gradani-podijeljenog-misljenja-traze-promjene\/#breadcrumb","itemListElement":[{"@type":"ListItem","position":1,"name":"Home","item":"https:\/\/sandzakpress.net\/arhiva\/"},{"@type":"ListItem","position":2,"name":"PREDSJEDNI\u010cKI IZBORI U CG: Gra\u0111ani podijeljenog mi\u0161ljenja \u2013 tra\u017ee promjene"}]},{"@type":"WebSite","@id":"https:\/\/sandzakpress.net\/arhiva\/#website","url":"https:\/\/sandzakpress.net\/arhiva\/","name":"Sand\u017eak PRESS","description":"Prve elektronske novine u Sand\u017eaku","publisher":{"@id":"https:\/\/sandzakpress.net\/arhiva\/#\/schema\/person\/6e72b67d6e51910a1117b3b483ba20bd"},"potentialAction":[{"@type":"SearchAction","target":{"@type":"EntryPoint","urlTemplate":"https:\/\/sandzakpress.net\/arhiva\/?s={search_term_string}"},"query-input":{"@type":"PropertyValueSpecification","valueRequired":true,"valueName":"search_term_string"}}],"inLanguage":"bs-BA"},{"@type":["Person","Organization"],"@id":"https:\/\/sandzakpress.net\/arhiva\/#\/schema\/person\/6e72b67d6e51910a1117b3b483ba20bd","name":"Kul","image":{"@type":"ImageObject","inLanguage":"bs-BA","@id":"https:\/\/sandzakpress.net\/arhiva\/#\/schema\/person\/image\/","url":"https:\/\/secure.gravatar.com\/avatar\/42263f39aa27ac04c43cab85c280eb2e?s=96&d=mm&r=pg","contentUrl":"https:\/\/secure.gravatar.com\/avatar\/42263f39aa27ac04c43cab85c280eb2e?s=96&d=mm&r=pg","caption":"Kul"},"logo":{"@id":"https:\/\/sandzakpress.net\/arhiva\/#\/schema\/person\/image\/"}},{"@type":"Person","@id":"https:\/\/sandzakpress.net\/arhiva\/#\/schema\/person\/cb59d7e3ab91ab90dd680ad0305a6185","name":"Agencija","image":{"@type":"ImageObject","inLanguage":"bs-BA","@id":"https:\/\/sandzakpress.net\/arhiva\/#\/schema\/person\/image\/","url":"https:\/\/secure.gravatar.com\/avatar\/4b7fafa80a22f0c2afe23966b3961fe0?s=96&d=mm&r=pg","contentUrl":"https:\/\/secure.gravatar.com\/avatar\/4b7fafa80a22f0c2afe23966b3961fe0?s=96&d=mm&r=pg","caption":"Agencija"},"url":"https:\/\/sandzakpress.net\/arhiva\/author\/agencija\/"}]}},"_links":{"self":[{"href":"https:\/\/sandzakpress.net\/arhiva\/wp-json\/wp\/v2\/posts\/205419"}],"collection":[{"href":"https:\/\/sandzakpress.net\/arhiva\/wp-json\/wp\/v2\/posts"}],"about":[{"href":"https:\/\/sandzakpress.net\/arhiva\/wp-json\/wp\/v2\/types\/post"}],"author":[{"embeddable":true,"href":"https:\/\/sandzakpress.net\/arhiva\/wp-json\/wp\/v2\/users\/509"}],"replies":[{"embeddable":true,"href":"https:\/\/sandzakpress.net\/arhiva\/wp-json\/wp\/v2\/comments?post=205419"}],"version-history":[{"count":0,"href":"https:\/\/sandzakpress.net\/arhiva\/wp-json\/wp\/v2\/posts\/205419\/revisions"}],"wp:featuredmedia":[{"embeddable":true,"href":"https:\/\/sandzakpress.net\/arhiva\/wp-json\/wp\/v2\/media\/205420"}],"wp:attachment":[{"href":"https:\/\/sandzakpress.net\/arhiva\/wp-json\/wp\/v2\/media?parent=205419"}],"wp:term":[{"taxonomy":"category","embeddable":true,"href":"https:\/\/sandzakpress.net\/arhiva\/wp-json\/wp\/v2\/categories?post=205419"},{"taxonomy":"post_tag","embeddable":true,"href":"https:\/\/sandzakpress.net\/arhiva\/wp-json\/wp\/v2\/tags?post=205419"}],"curies":[{"name":"wp","href":"https:\/\/api.w.org\/{rel}","templated":true}]}}