{"id":205405,"date":"2018-04-15T11:26:37","date_gmt":"2018-04-15T09:26:37","guid":{"rendered":"https:\/\/sandzakpress.net\/arhiva\/?p=205405"},"modified":"2018-04-15T11:26:37","modified_gmt":"2018-04-15T09:26:37","slug":"predsjednicki-izbori-u-crnoj-gori-prijavljene-nepravilnosti-na-nekoliko-birackih-mjesta","status":"publish","type":"post","link":"https:\/\/sandzakpress.net\/arhiva\/predsjednicki-izbori-u-crnoj-gori-prijavljene-nepravilnosti-na-nekoliko-birackih-mjesta\/","title":{"rendered":"Predsjedni\u010dki izbori u Crnoj Gori \u2013 Prijavljene nepravilnosti na nekoliko bira\u010dkih mjesta"},"content":{"rendered":"<p><img decoding=\"async\" src=\"http:\/\/www.antenam.net\/uploads\/c\/1\/e\/c1e96f9b80e78de3546be724be93d173.jpg\" alt=\"\u00d0\u00a0\u00d0\u00b5\u00d0\u00b7\u00d1\u0083\u00d0\u00bb\u00d1\u0082\u00d0\u00b0\u00d1\u0082 \u00d1\u0081\u00d0\u00bb\u00d0\u00b8\u00d0\u00ba\u00d0\u00b0 \u00d0\u00b7\u00d0\u00b0 izbori u crnoj gori\" \/><\/p>\n<p><strong>U Crnoj Gori danas se odr\u017eavaju predsjedni\u010dki izbori, sedmi od uvo\u0111enja vi\u0161epartijskog sistema, a pravo glasa ima 532.599 gra\u0111ana. <\/strong>Bira\u010dka mjesta otvorena su od 7 do 20 sati. Na predsjedni\u010dkim izborima u\u010destvuje sedam kandidata. \u00a0Prema podacima CeMi-a na predsjedni\u010dim izborima do 9h je glasalo 6,2 posto bira\u010da. <strong>Prilikom otvaranja bira\u010dkih mijesta uo\u010den niz nepravilnosti.<\/strong> U 7:03h nestala je struja, kako saznajemo razlog jesu radovi na elektromre\u017ei, struja je po\u010dela funkionirati u 8:00h. Osim toga, u mjestima Bi\u0161evo, Balotice i Plunce aparat koji slu\u017ei za identifikaciju otiska, te utvr\u0111ivanje identiteta ne funkcionira. U Radetini se glasa uprkos ne fukncioniranju struje \u0161to, kako saznajemo, predstavlja mogu\u0107nost za kra\u0111u.<\/p>\n<p>CeMi je saop\u0107io nepravilnosti koje su do sada evidentirali, bilo je slu\u010dajeva da bira\u010di na glas saop\u0107avaju za koga su glasali, kao i da \u010dlanovi bira\u010dkog odbora na glas govore imena bira\u010da. CeMi je evidentirao i slu\u010daj da je na jednom bira\u010dkom mjestu falio glasa\u010dki listi\u0107, koji je naknadno donesen.<\/p>\n<p>Na glasa\u010dkom listi\u0107u ne\u0107e biti niti jedan neovisni kandidat, a njih nekoliko je odustalo od utrke nakon \u0161to se vladaju\u0107a Demokratska partija socijalista odlu\u010dila za tu du\u017enost kandidirati svog \u010delnika Mila \u0110ukanovi\u0107a. Podr\u017eali su ga koalicijski partneri na dr\u017eavnoj razini &#8211; Bo\u0161nja\u010dka stranka, Socijaldemokrati, Hrvatska gra\u0111anska inicijativa i albanske stranke.<\/p>\n<p>Osim \u0110ukanovi\u0107a, <strong>na glasa\u010dkom listi\u0107u su i Hazbija Kala\u010d kandidat Stranke pravde i pomirenja<\/strong>, Marko Mila\u010di\u0107, kandidat Prave Crne Gore, Mladen Bojani\u0107 nastupa kao kandidat Demokratskog fronta, Demokratske Crne Gore, Socijalisti\u010dke narodne partije Crne Gore i Gra\u0111anskog pokreta URA.<\/p>\n<p>SANA-D\u017dANA D\u017dANKOVI\u0106<\/p>\n","protected":false},"excerpt":{"rendered":"<p>U Crnoj Gori danas se odr\u017eavaju predsjedni\u010dki izbori, sedmi od uvo\u0111enja vi\u0161epartijskog sistema, a pravo glasa ima 532.599 gra\u0111ana. Bira\u010dka mjesta otvorena su od 7 do 20 sati. Na predsjedni\u010dkim izborima u\u010destvuje sedam kandidata. \u00a0Prema podacima CeMi-a na predsjedni\u010dim izborima do 9h je glasalo 6,2 posto bira\u010da. Prilikom otvaranja bira\u010dkih mijesta uo\u010den niz nepravilnosti. U [&hellip;]<\/p>\n","protected":false},"author":509,"featured_media":205407,"comment_status":"open","ping_status":"open","sticky":false,"template":"","format":"standard","meta":{"footnotes":""},"categories":[398,1,397,10174,396,10308,395,399,10173,8957],"tags":[],"class_list":{"0":"post-205405","1":"post","2":"type-post","3":"status-publish","4":"format-standard","5":"has-post-thumbnail","7":"category-rozaje","8":"category-politika","9":"category-berane","10":"category-petnjica-vase-vijesti","11":"category-bijelo_polje","12":"category-crna-gora","13":"category-pljevlja_","14":"category-plav_","15":"category-gusinje-vase-vijesti","16":"category-vijesti-dana"},"yoast_head":"<!-- This site is optimized with the Yoast SEO Premium plugin v23.1 (Yoast SEO v24.9) - https:\/\/yoast.com\/wordpress\/plugins\/seo\/ -->\n<title>Predsjedni\u010dki izbori u Crnoj Gori \u2013 Prijavljene nepravilnosti na nekoliko bira\u010dkih mjesta<\/title>\n<meta name=\"robots\" content=\"index, follow, max-snippet:-1, max-image-preview:large, max-video-preview:-1\" \/>\n<link rel=\"canonical\" href=\"https:\/\/sandzakpress.net\/arhiva\/predsjednicki-izbori-u-crnoj-gori-prijavljene-nepravilnosti-na-nekoliko-birackih-mjesta\/\" \/>\n<meta property=\"og:locale\" content=\"bs_BA\" \/>\n<meta property=\"og:type\" content=\"article\" \/>\n<meta property=\"og:title\" content=\"Predsjedni\u010dki izbori u Crnoj Gori \u2013 Prijavljene nepravilnosti na nekoliko bira\u010dkih mjesta\" \/>\n<meta property=\"og:description\" content=\"U Crnoj Gori danas se odr\u017eavaju predsjedni\u010dki izbori, sedmi od uvo\u0111enja vi\u0161epartijskog sistema, a pravo glasa ima 532.599 gra\u0111ana. Bira\u010dka mjesta otvorena su od 7 do 20 sati. Na predsjedni\u010dkim izborima u\u010destvuje sedam kandidata. \u00a0Prema podacima CeMi-a na predsjedni\u010dim izborima do 9h je glasalo 6,2 posto bira\u010da. Prilikom otvaranja bira\u010dkih mijesta uo\u010den niz nepravilnosti. U [&hellip;]\" \/>\n<meta property=\"og:url\" content=\"https:\/\/sandzakpress.net\/arhiva\/predsjednicki-izbori-u-crnoj-gori-prijavljene-nepravilnosti-na-nekoliko-birackih-mjesta\/\" \/>\n<meta property=\"og:site_name\" content=\"Sand\u017eak PRESS\" \/>\n<meta property=\"article:published_time\" content=\"2018-04-15T09:26:37+00:00\" \/>\n<meta property=\"og:image\" content=\"https:\/\/sandzakpress.net\/arhiva\/wp-content\/uploads\/2018\/04\/c1e96f9b80e78de3546be724be93d173.jpg\" \/>\n\t<meta property=\"og:image:width\" content=\"1024\" \/>\n\t<meta property=\"og:image:height\" content=\"768\" \/>\n\t<meta property=\"og:image:type\" content=\"image\/jpeg\" \/>\n<meta name=\"author\" content=\"Agencija\" \/>\n<meta name=\"twitter:card\" content=\"summary_large_image\" \/>\n<meta name=\"twitter:label1\" content=\"Written by\" \/>\n\t<meta name=\"twitter:data1\" content=\"Agencija\" \/>\n\t<meta name=\"twitter:label2\" content=\"Est. reading time\" \/>\n\t<meta name=\"twitter:data2\" content=\"1 minuta\" \/>\n<script type=\"application\/ld+json\" class=\"yoast-schema-graph\">{\"@context\":\"https:\/\/schema.org\",\"@graph\":[{\"@type\":\"Article\",\"@id\":\"https:\/\/sandzakpress.net\/arhiva\/predsjednicki-izbori-u-crnoj-gori-prijavljene-nepravilnosti-na-nekoliko-birackih-mjesta\/#article\",\"isPartOf\":{\"@id\":\"https:\/\/sandzakpress.net\/arhiva\/predsjednicki-izbori-u-crnoj-gori-prijavljene-nepravilnosti-na-nekoliko-birackih-mjesta\/\"},\"author\":{\"name\":\"Agencija\",\"@id\":\"https:\/\/sandzakpress.net\/arhiva\/#\/schema\/person\/cb59d7e3ab91ab90dd680ad0305a6185\"},\"headline\":\"Predsjedni\u010dki izbori u Crnoj Gori \u2013 Prijavljene nepravilnosti na nekoliko bira\u010dkih mjesta\",\"datePublished\":\"2018-04-15T09:26:37+00:00\",\"mainEntityOfPage\":{\"@id\":\"https:\/\/sandzakpress.net\/arhiva\/predsjednicki-izbori-u-crnoj-gori-prijavljene-nepravilnosti-na-nekoliko-birackih-mjesta\/\"},\"wordCount\":304,\"commentCount\":0,\"publisher\":{\"@id\":\"https:\/\/sandzakpress.net\/arhiva\/#\/schema\/person\/6e72b67d6e51910a1117b3b483ba20bd\"},\"image\":{\"@id\":\"https:\/\/sandzakpress.net\/arhiva\/predsjednicki-izbori-u-crnoj-gori-prijavljene-nepravilnosti-na-nekoliko-birackih-mjesta\/#primaryimage\"},\"thumbnailUrl\":\"https:\/\/sandzakpress.net\/arhiva\/wp-content\/uploads\/2018\/04\/c1e96f9b80e78de3546be724be93d173.jpg\",\"articleSection\":[\"Ro\u017eaje\",\"Politika\",\"Berane\",\"Petnjica\",\"Bijelo Polje\",\"Crna Gora\",\"Pljevlja\",\"Plav\",\"Gusinje\",\"VIJESTI DANA\"],\"inLanguage\":\"bs-BA\",\"potentialAction\":[{\"@type\":\"CommentAction\",\"name\":\"Comment\",\"target\":[\"https:\/\/sandzakpress.net\/arhiva\/predsjednicki-izbori-u-crnoj-gori-prijavljene-nepravilnosti-na-nekoliko-birackih-mjesta\/#respond\"]}]},{\"@type\":\"WebPage\",\"@id\":\"https:\/\/sandzakpress.net\/arhiva\/predsjednicki-izbori-u-crnoj-gori-prijavljene-nepravilnosti-na-nekoliko-birackih-mjesta\/\",\"url\":\"https:\/\/sandzakpress.net\/arhiva\/predsjednicki-izbori-u-crnoj-gori-prijavljene-nepravilnosti-na-nekoliko-birackih-mjesta\/\",\"name\":\"Predsjedni\u010dki izbori u Crnoj Gori \u2013 Prijavljene nepravilnosti na nekoliko bira\u010dkih mjesta\",\"isPartOf\":{\"@id\":\"https:\/\/sandzakpress.net\/arhiva\/#website\"},\"primaryImageOfPage\":{\"@id\":\"https:\/\/sandzakpress.net\/arhiva\/predsjednicki-izbori-u-crnoj-gori-prijavljene-nepravilnosti-na-nekoliko-birackih-mjesta\/#primaryimage\"},\"image\":{\"@id\":\"https:\/\/sandzakpress.net\/arhiva\/predsjednicki-izbori-u-crnoj-gori-prijavljene-nepravilnosti-na-nekoliko-birackih-mjesta\/#primaryimage\"},\"thumbnailUrl\":\"https:\/\/sandzakpress.net\/arhiva\/wp-content\/uploads\/2018\/04\/c1e96f9b80e78de3546be724be93d173.jpg\",\"datePublished\":\"2018-04-15T09:26:37+00:00\",\"breadcrumb\":{\"@id\":\"https:\/\/sandzakpress.net\/arhiva\/predsjednicki-izbori-u-crnoj-gori-prijavljene-nepravilnosti-na-nekoliko-birackih-mjesta\/#breadcrumb\"},\"inLanguage\":\"bs-BA\",\"potentialAction\":[{\"@type\":\"ReadAction\",\"target\":[\"https:\/\/sandzakpress.net\/arhiva\/predsjednicki-izbori-u-crnoj-gori-prijavljene-nepravilnosti-na-nekoliko-birackih-mjesta\/\"]}]},{\"@type\":\"ImageObject\",\"inLanguage\":\"bs-BA\",\"@id\":\"https:\/\/sandzakpress.net\/arhiva\/predsjednicki-izbori-u-crnoj-gori-prijavljene-nepravilnosti-na-nekoliko-birackih-mjesta\/#primaryimage\",\"url\":\"https:\/\/sandzakpress.net\/arhiva\/wp-content\/uploads\/2018\/04\/c1e96f9b80e78de3546be724be93d173.jpg\",\"contentUrl\":\"https:\/\/sandzakpress.net\/arhiva\/wp-content\/uploads\/2018\/04\/c1e96f9b80e78de3546be724be93d173.jpg\",\"width\":1024,\"height\":768},{\"@type\":\"BreadcrumbList\",\"@id\":\"https:\/\/sandzakpress.net\/arhiva\/predsjednicki-izbori-u-crnoj-gori-prijavljene-nepravilnosti-na-nekoliko-birackih-mjesta\/#breadcrumb\",\"itemListElement\":[{\"@type\":\"ListItem\",\"position\":1,\"name\":\"Home\",\"item\":\"https:\/\/sandzakpress.net\/arhiva\/\"},{\"@type\":\"ListItem\",\"position\":2,\"name\":\"Predsjedni\u010dki izbori u Crnoj Gori \u2013 Prijavljene nepravilnosti na nekoliko bira\u010dkih mjesta\"}]},{\"@type\":\"WebSite\",\"@id\":\"https:\/\/sandzakpress.net\/arhiva\/#website\",\"url\":\"https:\/\/sandzakpress.net\/arhiva\/\",\"name\":\"Sand\u017eak PRESS\",\"description\":\"Prve elektronske novine u Sand\u017eaku\",\"publisher\":{\"@id\":\"https:\/\/sandzakpress.net\/arhiva\/#\/schema\/person\/6e72b67d6e51910a1117b3b483ba20bd\"},\"potentialAction\":[{\"@type\":\"SearchAction\",\"target\":{\"@type\":\"EntryPoint\",\"urlTemplate\":\"https:\/\/sandzakpress.net\/arhiva\/?s={search_term_string}\"},\"query-input\":{\"@type\":\"PropertyValueSpecification\",\"valueRequired\":true,\"valueName\":\"search_term_string\"}}],\"inLanguage\":\"bs-BA\"},{\"@type\":[\"Person\",\"Organization\"],\"@id\":\"https:\/\/sandzakpress.net\/arhiva\/#\/schema\/person\/6e72b67d6e51910a1117b3b483ba20bd\",\"name\":\"Kul\",\"image\":{\"@type\":\"ImageObject\",\"inLanguage\":\"bs-BA\",\"@id\":\"https:\/\/sandzakpress.net\/arhiva\/#\/schema\/person\/image\/\",\"url\":\"https:\/\/secure.gravatar.com\/avatar\/42263f39aa27ac04c43cab85c280eb2e?s=96&d=mm&r=pg\",\"contentUrl\":\"https:\/\/secure.gravatar.com\/avatar\/42263f39aa27ac04c43cab85c280eb2e?s=96&d=mm&r=pg\",\"caption\":\"Kul\"},\"logo\":{\"@id\":\"https:\/\/sandzakpress.net\/arhiva\/#\/schema\/person\/image\/\"}},{\"@type\":\"Person\",\"@id\":\"https:\/\/sandzakpress.net\/arhiva\/#\/schema\/person\/cb59d7e3ab91ab90dd680ad0305a6185\",\"name\":\"Agencija\",\"image\":{\"@type\":\"ImageObject\",\"inLanguage\":\"bs-BA\",\"@id\":\"https:\/\/sandzakpress.net\/arhiva\/#\/schema\/person\/image\/\",\"url\":\"https:\/\/secure.gravatar.com\/avatar\/4b7fafa80a22f0c2afe23966b3961fe0?s=96&d=mm&r=pg\",\"contentUrl\":\"https:\/\/secure.gravatar.com\/avatar\/4b7fafa80a22f0c2afe23966b3961fe0?s=96&d=mm&r=pg\",\"caption\":\"Agencija\"},\"url\":\"https:\/\/sandzakpress.net\/arhiva\/author\/agencija\/\"}]}<\/script>\n<!-- \/ Yoast SEO Premium plugin. -->","yoast_head_json":{"title":"Predsjedni\u010dki izbori u Crnoj Gori \u2013 Prijavljene nepravilnosti na nekoliko bira\u010dkih mjesta","robots":{"index":"index","follow":"follow","max-snippet":"max-snippet:-1","max-image-preview":"max-image-preview:large","max-video-preview":"max-video-preview:-1"},"canonical":"https:\/\/sandzakpress.net\/arhiva\/predsjednicki-izbori-u-crnoj-gori-prijavljene-nepravilnosti-na-nekoliko-birackih-mjesta\/","og_locale":"bs_BA","og_type":"article","og_title":"Predsjedni\u010dki izbori u Crnoj Gori \u2013 Prijavljene nepravilnosti na nekoliko bira\u010dkih mjesta","og_description":"U Crnoj Gori danas se odr\u017eavaju predsjedni\u010dki izbori, sedmi od uvo\u0111enja vi\u0161epartijskog sistema, a pravo glasa ima 532.599 gra\u0111ana. Bira\u010dka mjesta otvorena su od 7 do 20 sati. Na predsjedni\u010dkim izborima u\u010destvuje sedam kandidata. \u00a0Prema podacima CeMi-a na predsjedni\u010dim izborima do 9h je glasalo 6,2 posto bira\u010da. Prilikom otvaranja bira\u010dkih mijesta uo\u010den niz nepravilnosti. U [&hellip;]","og_url":"https:\/\/sandzakpress.net\/arhiva\/predsjednicki-izbori-u-crnoj-gori-prijavljene-nepravilnosti-na-nekoliko-birackih-mjesta\/","og_site_name":"Sand\u017eak PRESS","article_published_time":"2018-04-15T09:26:37+00:00","og_image":[{"width":1024,"height":768,"url":"https:\/\/sandzakpress.net\/arhiva\/wp-content\/uploads\/2018\/04\/c1e96f9b80e78de3546be724be93d173.jpg","type":"image\/jpeg"}],"author":"Agencija","twitter_card":"summary_large_image","twitter_misc":{"Written by":"Agencija","Est. reading time":"1 minuta"},"schema":{"@context":"https:\/\/schema.org","@graph":[{"@type":"Article","@id":"https:\/\/sandzakpress.net\/arhiva\/predsjednicki-izbori-u-crnoj-gori-prijavljene-nepravilnosti-na-nekoliko-birackih-mjesta\/#article","isPartOf":{"@id":"https:\/\/sandzakpress.net\/arhiva\/predsjednicki-izbori-u-crnoj-gori-prijavljene-nepravilnosti-na-nekoliko-birackih-mjesta\/"},"author":{"name":"Agencija","@id":"https:\/\/sandzakpress.net\/arhiva\/#\/schema\/person\/cb59d7e3ab91ab90dd680ad0305a6185"},"headline":"Predsjedni\u010dki izbori u Crnoj Gori \u2013 Prijavljene nepravilnosti na nekoliko bira\u010dkih mjesta","datePublished":"2018-04-15T09:26:37+00:00","mainEntityOfPage":{"@id":"https:\/\/sandzakpress.net\/arhiva\/predsjednicki-izbori-u-crnoj-gori-prijavljene-nepravilnosti-na-nekoliko-birackih-mjesta\/"},"wordCount":304,"commentCount":0,"publisher":{"@id":"https:\/\/sandzakpress.net\/arhiva\/#\/schema\/person\/6e72b67d6e51910a1117b3b483ba20bd"},"image":{"@id":"https:\/\/sandzakpress.net\/arhiva\/predsjednicki-izbori-u-crnoj-gori-prijavljene-nepravilnosti-na-nekoliko-birackih-mjesta\/#primaryimage"},"thumbnailUrl":"https:\/\/sandzakpress.net\/arhiva\/wp-content\/uploads\/2018\/04\/c1e96f9b80e78de3546be724be93d173.jpg","articleSection":["Ro\u017eaje","Politika","Berane","Petnjica","Bijelo Polje","Crna Gora","Pljevlja","Plav","Gusinje","VIJESTI DANA"],"inLanguage":"bs-BA","potentialAction":[{"@type":"CommentAction","name":"Comment","target":["https:\/\/sandzakpress.net\/arhiva\/predsjednicki-izbori-u-crnoj-gori-prijavljene-nepravilnosti-na-nekoliko-birackih-mjesta\/#respond"]}]},{"@type":"WebPage","@id":"https:\/\/sandzakpress.net\/arhiva\/predsjednicki-izbori-u-crnoj-gori-prijavljene-nepravilnosti-na-nekoliko-birackih-mjesta\/","url":"https:\/\/sandzakpress.net\/arhiva\/predsjednicki-izbori-u-crnoj-gori-prijavljene-nepravilnosti-na-nekoliko-birackih-mjesta\/","name":"Predsjedni\u010dki izbori u Crnoj Gori \u2013 Prijavljene nepravilnosti na nekoliko bira\u010dkih mjesta","isPartOf":{"@id":"https:\/\/sandzakpress.net\/arhiva\/#website"},"primaryImageOfPage":{"@id":"https:\/\/sandzakpress.net\/arhiva\/predsjednicki-izbori-u-crnoj-gori-prijavljene-nepravilnosti-na-nekoliko-birackih-mjesta\/#primaryimage"},"image":{"@id":"https:\/\/sandzakpress.net\/arhiva\/predsjednicki-izbori-u-crnoj-gori-prijavljene-nepravilnosti-na-nekoliko-birackih-mjesta\/#primaryimage"},"thumbnailUrl":"https:\/\/sandzakpress.net\/arhiva\/wp-content\/uploads\/2018\/04\/c1e96f9b80e78de3546be724be93d173.jpg","datePublished":"2018-04-15T09:26:37+00:00","breadcrumb":{"@id":"https:\/\/sandzakpress.net\/arhiva\/predsjednicki-izbori-u-crnoj-gori-prijavljene-nepravilnosti-na-nekoliko-birackih-mjesta\/#breadcrumb"},"inLanguage":"bs-BA","potentialAction":[{"@type":"ReadAction","target":["https:\/\/sandzakpress.net\/arhiva\/predsjednicki-izbori-u-crnoj-gori-prijavljene-nepravilnosti-na-nekoliko-birackih-mjesta\/"]}]},{"@type":"ImageObject","inLanguage":"bs-BA","@id":"https:\/\/sandzakpress.net\/arhiva\/predsjednicki-izbori-u-crnoj-gori-prijavljene-nepravilnosti-na-nekoliko-birackih-mjesta\/#primaryimage","url":"https:\/\/sandzakpress.net\/arhiva\/wp-content\/uploads\/2018\/04\/c1e96f9b80e78de3546be724be93d173.jpg","contentUrl":"https:\/\/sandzakpress.net\/arhiva\/wp-content\/uploads\/2018\/04\/c1e96f9b80e78de3546be724be93d173.jpg","width":1024,"height":768},{"@type":"BreadcrumbList","@id":"https:\/\/sandzakpress.net\/arhiva\/predsjednicki-izbori-u-crnoj-gori-prijavljene-nepravilnosti-na-nekoliko-birackih-mjesta\/#breadcrumb","itemListElement":[{"@type":"ListItem","position":1,"name":"Home","item":"https:\/\/sandzakpress.net\/arhiva\/"},{"@type":"ListItem","position":2,"name":"Predsjedni\u010dki izbori u Crnoj Gori \u2013 Prijavljene nepravilnosti na nekoliko bira\u010dkih mjesta"}]},{"@type":"WebSite","@id":"https:\/\/sandzakpress.net\/arhiva\/#website","url":"https:\/\/sandzakpress.net\/arhiva\/","name":"Sand\u017eak PRESS","description":"Prve elektronske novine u Sand\u017eaku","publisher":{"@id":"https:\/\/sandzakpress.net\/arhiva\/#\/schema\/person\/6e72b67d6e51910a1117b3b483ba20bd"},"potentialAction":[{"@type":"SearchAction","target":{"@type":"EntryPoint","urlTemplate":"https:\/\/sandzakpress.net\/arhiva\/?s={search_term_string}"},"query-input":{"@type":"PropertyValueSpecification","valueRequired":true,"valueName":"search_term_string"}}],"inLanguage":"bs-BA"},{"@type":["Person","Organization"],"@id":"https:\/\/sandzakpress.net\/arhiva\/#\/schema\/person\/6e72b67d6e51910a1117b3b483ba20bd","name":"Kul","image":{"@type":"ImageObject","inLanguage":"bs-BA","@id":"https:\/\/sandzakpress.net\/arhiva\/#\/schema\/person\/image\/","url":"https:\/\/secure.gravatar.com\/avatar\/42263f39aa27ac04c43cab85c280eb2e?s=96&d=mm&r=pg","contentUrl":"https:\/\/secure.gravatar.com\/avatar\/42263f39aa27ac04c43cab85c280eb2e?s=96&d=mm&r=pg","caption":"Kul"},"logo":{"@id":"https:\/\/sandzakpress.net\/arhiva\/#\/schema\/person\/image\/"}},{"@type":"Person","@id":"https:\/\/sandzakpress.net\/arhiva\/#\/schema\/person\/cb59d7e3ab91ab90dd680ad0305a6185","name":"Agencija","image":{"@type":"ImageObject","inLanguage":"bs-BA","@id":"https:\/\/sandzakpress.net\/arhiva\/#\/schema\/person\/image\/","url":"https:\/\/secure.gravatar.com\/avatar\/4b7fafa80a22f0c2afe23966b3961fe0?s=96&d=mm&r=pg","contentUrl":"https:\/\/secure.gravatar.com\/avatar\/4b7fafa80a22f0c2afe23966b3961fe0?s=96&d=mm&r=pg","caption":"Agencija"},"url":"https:\/\/sandzakpress.net\/arhiva\/author\/agencija\/"}]}},"_links":{"self":[{"href":"https:\/\/sandzakpress.net\/arhiva\/wp-json\/wp\/v2\/posts\/205405"}],"collection":[{"href":"https:\/\/sandzakpress.net\/arhiva\/wp-json\/wp\/v2\/posts"}],"about":[{"href":"https:\/\/sandzakpress.net\/arhiva\/wp-json\/wp\/v2\/types\/post"}],"author":[{"embeddable":true,"href":"https:\/\/sandzakpress.net\/arhiva\/wp-json\/wp\/v2\/users\/509"}],"replies":[{"embeddable":true,"href":"https:\/\/sandzakpress.net\/arhiva\/wp-json\/wp\/v2\/comments?post=205405"}],"version-history":[{"count":0,"href":"https:\/\/sandzakpress.net\/arhiva\/wp-json\/wp\/v2\/posts\/205405\/revisions"}],"wp:featuredmedia":[{"embeddable":true,"href":"https:\/\/sandzakpress.net\/arhiva\/wp-json\/wp\/v2\/media\/205407"}],"wp:attachment":[{"href":"https:\/\/sandzakpress.net\/arhiva\/wp-json\/wp\/v2\/media?parent=205405"}],"wp:term":[{"taxonomy":"category","embeddable":true,"href":"https:\/\/sandzakpress.net\/arhiva\/wp-json\/wp\/v2\/categories?post=205405"},{"taxonomy":"post_tag","embeddable":true,"href":"https:\/\/sandzakpress.net\/arhiva\/wp-json\/wp\/v2\/tags?post=205405"}],"curies":[{"name":"wp","href":"https:\/\/api.w.org\/{rel}","templated":true}]}}