{"id":20539,"date":"2011-09-22T18:51:08","date_gmt":"2011-09-22T16:51:08","guid":{"rendered":"https:\/\/sandzakpress.net\/arhiva\/?p=20539"},"modified":"2011-09-22T18:51:08","modified_gmt":"2011-09-22T16:51:08","slug":"srbija-sa-najnizim-procentom-visokoobrazovanih-u-evropi","status":"publish","type":"post","link":"https:\/\/sandzakpress.net\/arhiva\/srbija-sa-najnizim-procentom-visokoobrazovanih-u-evropi\/","title":{"rendered":"Srbija sa najni\u017eim procentom visokoobrazovanih u Evropi"},"content":{"rendered":"<p><strong><a href=\"https:\/\/sandzakpress.net\/arhiva\/wp-content\/uploads\/2011\/09\/baka_racunar_001.jpg\"><img loading=\"lazy\" decoding=\"async\" class=\"alignleft size-medium wp-image-20540\" title=\"baka_racunar_001\" src=\"https:\/\/sandzakpress.net\/arhiva\/wp-content\/uploads\/2011\/09\/baka_racunar_001-300x142.jpg\" alt=\"\" width=\"300\" height=\"142\" \/><\/a>Sjeverni Sand\u017eak &#8211; Malo ko se ne bi postidio nad \u010dinjenicom da ima najmanje visokobrazovanih u Evropi <\/strong><\/p>\n<p>Srbija sa svojih 6,5 odsto fakultetski obrazovanih gra\u0111ana nije samo  najgora u Evropi, ve\u0107 je zbog lo\u0161e obrazovne politike i propu\u0161tenih  \u0161ansi za reforme u ovom trenutku \u201emilenijumima\u201c daleko od ispunjenja  evropskog standarda, pi\u0161e srbijanski Blic.<\/p>\n<p>Srbija nije samo na evropskom dnu, ve\u0107 i na regionalnom. Dok u  Sloveniji, s kojom se dodu\u0161e u reformama te\u0161ko mo\u017ee takmi\u010diti bilo koja  zemlja u regionu, ima vi\u0161e od 22 odsto visokoobrazovanih, u Hrvatskoj ih  je najmanje 15 odsto, u Makedoniji 7,3, a podaci za BiH nisu precizni.<\/p>\n<p>Malo ko se ne bi postidio nad \u010dinjenicom da u Evropi nema zemlje s ni\u017eim  procentom visokoobrazovanog stanovni\u0161tva. Na listi Organizacije za  ekonomsku saradnju i razvoj (OECD) iz 2007, na kojoj se Srbija ne  nalazi, gorih od Srbije nema. Najlo\u0161ije se kotira Turska sa 10,8  procenata, a najbolje je u skandinavskim i zemljama Beneluksa, gdje se  prosjek kre\u0107e od 30 do 36,4 odsto.<\/p>\n<p>U Srbiji dodu\u0161e, prema popisu iz 2002, postoji i jo\u0161 oko 4,5 odsto  gra\u0111ana koji su zavr\u0161ili dvogodi\u0161nje vi\u0161e \u0161kole ili prvu godinu  fakulteta. Oni se u Srbiji smatraju visokoobrazovanima, ali po evropskim  standardima ne mogu spadati u tu grupu.<\/p>\n<p>\u010cak i s njima u ukupnoj statistici, za Srbiju je u ovom trenutku i  evropski prosjek nedosti\u017ean san. Podaci OECD-a bilje\u017ee da je prosje\u010dan  procenat fakultetskih obrazovanih u EU 2007. iznosio oko 25 odsto, a  smatra se da normalno razvijena zemlja treba da ima najmanje 20 odsto  visokoobrazovanih.<\/p>\n<p>Izvor: <strong>Sandzak-X.org<\/strong><\/p>\n","protected":false},"excerpt":{"rendered":"<p>Sjeverni Sand\u017eak &#8211; Malo ko se ne bi postidio nad \u010dinjenicom da ima najmanje visokobrazovanih u Evropi Srbija sa svojih 6,5 odsto fakultetski obrazovanih gra\u0111ana nije samo najgora u Evropi, ve\u0107 je zbog lo\u0161e obrazovne politike i propu\u0161tenih \u0161ansi za reforme u ovom trenutku \u201emilenijumima\u201c daleko od ispunjenja evropskog standarda, pi\u0161e srbijanski Blic. Srbija nije [&hellip;]<\/p>\n","protected":false},"author":13,"featured_media":20540,"comment_status":"open","ping_status":"open","sticky":false,"template":"","format":"standard","meta":{"footnotes":""},"categories":[72,52,327,392,393,4,394],"tags":[],"class_list":{"0":"post-20539","1":"post","2":"type-post","3":"status-publish","4":"format-standard","5":"has-post-thumbnail","7":"category-novi-pazar","8":"category-sjenica","9":"category-tutin","10":"category-prijepolje_","11":"category-priboj","12":"category-obrazovanje","13":"category-nova-varos"},"yoast_head":"<!-- This site is optimized with the Yoast SEO Premium plugin v23.1 (Yoast SEO v24.9) - https:\/\/yoast.com\/wordpress\/plugins\/seo\/ -->\n<title>Srbija sa najni\u017eim procentom visokoobrazovanih u Evropi<\/title>\n<meta name=\"robots\" content=\"index, follow, max-snippet:-1, max-image-preview:large, max-video-preview:-1\" \/>\n<link rel=\"canonical\" href=\"https:\/\/sandzakpress.net\/arhiva\/srbija-sa-najnizim-procentom-visokoobrazovanih-u-evropi\/\" \/>\n<meta property=\"og:locale\" content=\"bs_BA\" \/>\n<meta property=\"og:type\" content=\"article\" \/>\n<meta property=\"og:title\" content=\"Srbija sa najni\u017eim procentom visokoobrazovanih u Evropi\" \/>\n<meta property=\"og:description\" content=\"Sjeverni Sand\u017eak &#8211; Malo ko se ne bi postidio nad \u010dinjenicom da ima najmanje visokobrazovanih u Evropi Srbija sa svojih 6,5 odsto fakultetski obrazovanih gra\u0111ana nije samo najgora u Evropi, ve\u0107 je zbog lo\u0161e obrazovne politike i propu\u0161tenih \u0161ansi za reforme u ovom trenutku \u201emilenijumima\u201c daleko od ispunjenja evropskog standarda, pi\u0161e srbijanski Blic. Srbija nije [&hellip;]\" \/>\n<meta property=\"og:url\" content=\"https:\/\/sandzakpress.net\/arhiva\/srbija-sa-najnizim-procentom-visokoobrazovanih-u-evropi\/\" \/>\n<meta property=\"og:site_name\" content=\"Sand\u017eak PRESS\" \/>\n<meta property=\"article:published_time\" content=\"2011-09-22T16:51:08+00:00\" \/>\n<meta property=\"og:image\" content=\"https:\/\/sandzakpress.net\/arhiva\/wp-content\/uploads\/2011\/09\/baka_racunar_001.jpg\" \/>\n\t<meta property=\"og:image:width\" content=\"500\" \/>\n\t<meta property=\"og:image:height\" content=\"237\" \/>\n\t<meta property=\"og:image:type\" content=\"image\/jpeg\" \/>\n<meta name=\"twitter:card\" content=\"summary_large_image\" \/>\n<meta name=\"twitter:label1\" content=\"Written by\" \/>\n\t<meta name=\"twitter:data1\" content=\"\" \/>\n\t<meta name=\"twitter:label2\" content=\"Est. reading time\" \/>\n\t<meta name=\"twitter:data2\" content=\"1 minuta\" \/>\n<script type=\"application\/ld+json\" class=\"yoast-schema-graph\">{\"@context\":\"https:\/\/schema.org\",\"@graph\":[{\"@type\":\"Article\",\"@id\":\"https:\/\/sandzakpress.net\/arhiva\/srbija-sa-najnizim-procentom-visokoobrazovanih-u-evropi\/#article\",\"isPartOf\":{\"@id\":\"https:\/\/sandzakpress.net\/arhiva\/srbija-sa-najnizim-procentom-visokoobrazovanih-u-evropi\/\"},\"author\":{\"name\":\"\",\"@id\":\"\"},\"headline\":\"Srbija sa najni\u017eim procentom visokoobrazovanih u Evropi\",\"datePublished\":\"2011-09-22T16:51:08+00:00\",\"mainEntityOfPage\":{\"@id\":\"https:\/\/sandzakpress.net\/arhiva\/srbija-sa-najnizim-procentom-visokoobrazovanih-u-evropi\/\"},\"wordCount\":273,\"commentCount\":2,\"publisher\":{\"@id\":\"https:\/\/sandzakpress.net\/arhiva\/#\/schema\/person\/6e72b67d6e51910a1117b3b483ba20bd\"},\"image\":{\"@id\":\"https:\/\/sandzakpress.net\/arhiva\/srbija-sa-najnizim-procentom-visokoobrazovanih-u-evropi\/#primaryimage\"},\"thumbnailUrl\":\"https:\/\/sandzakpress.net\/arhiva\/wp-content\/uploads\/2011\/09\/baka_racunar_001.jpg\",\"articleSection\":[\"Novi Pazar\",\"Sjenica\",\"Tutin\",\"Prijepolje\",\"Priboj\",\"Obrazovanje\",\"Nova Varo\u0161\"],\"inLanguage\":\"bs-BA\",\"potentialAction\":[{\"@type\":\"CommentAction\",\"name\":\"Comment\",\"target\":[\"https:\/\/sandzakpress.net\/arhiva\/srbija-sa-najnizim-procentom-visokoobrazovanih-u-evropi\/#respond\"]}]},{\"@type\":\"WebPage\",\"@id\":\"https:\/\/sandzakpress.net\/arhiva\/srbija-sa-najnizim-procentom-visokoobrazovanih-u-evropi\/\",\"url\":\"https:\/\/sandzakpress.net\/arhiva\/srbija-sa-najnizim-procentom-visokoobrazovanih-u-evropi\/\",\"name\":\"Srbija sa najni\u017eim procentom visokoobrazovanih u Evropi\",\"isPartOf\":{\"@id\":\"https:\/\/sandzakpress.net\/arhiva\/#website\"},\"primaryImageOfPage\":{\"@id\":\"https:\/\/sandzakpress.net\/arhiva\/srbija-sa-najnizim-procentom-visokoobrazovanih-u-evropi\/#primaryimage\"},\"image\":{\"@id\":\"https:\/\/sandzakpress.net\/arhiva\/srbija-sa-najnizim-procentom-visokoobrazovanih-u-evropi\/#primaryimage\"},\"thumbnailUrl\":\"https:\/\/sandzakpress.net\/arhiva\/wp-content\/uploads\/2011\/09\/baka_racunar_001.jpg\",\"datePublished\":\"2011-09-22T16:51:08+00:00\",\"breadcrumb\":{\"@id\":\"https:\/\/sandzakpress.net\/arhiva\/srbija-sa-najnizim-procentom-visokoobrazovanih-u-evropi\/#breadcrumb\"},\"inLanguage\":\"bs-BA\",\"potentialAction\":[{\"@type\":\"ReadAction\",\"target\":[\"https:\/\/sandzakpress.net\/arhiva\/srbija-sa-najnizim-procentom-visokoobrazovanih-u-evropi\/\"]}]},{\"@type\":\"ImageObject\",\"inLanguage\":\"bs-BA\",\"@id\":\"https:\/\/sandzakpress.net\/arhiva\/srbija-sa-najnizim-procentom-visokoobrazovanih-u-evropi\/#primaryimage\",\"url\":\"https:\/\/sandzakpress.net\/arhiva\/wp-content\/uploads\/2011\/09\/baka_racunar_001.jpg\",\"contentUrl\":\"https:\/\/sandzakpress.net\/arhiva\/wp-content\/uploads\/2011\/09\/baka_racunar_001.jpg\",\"width\":500,\"height\":237},{\"@type\":\"BreadcrumbList\",\"@id\":\"https:\/\/sandzakpress.net\/arhiva\/srbija-sa-najnizim-procentom-visokoobrazovanih-u-evropi\/#breadcrumb\",\"itemListElement\":[{\"@type\":\"ListItem\",\"position\":1,\"name\":\"Home\",\"item\":\"https:\/\/sandzakpress.net\/arhiva\/\"},{\"@type\":\"ListItem\",\"position\":2,\"name\":\"Srbija sa najni\u017eim procentom visokoobrazovanih u Evropi\"}]},{\"@type\":\"WebSite\",\"@id\":\"https:\/\/sandzakpress.net\/arhiva\/#website\",\"url\":\"https:\/\/sandzakpress.net\/arhiva\/\",\"name\":\"Sand\u017eak PRESS\",\"description\":\"Prve elektronske novine u Sand\u017eaku\",\"publisher\":{\"@id\":\"https:\/\/sandzakpress.net\/arhiva\/#\/schema\/person\/6e72b67d6e51910a1117b3b483ba20bd\"},\"potentialAction\":[{\"@type\":\"SearchAction\",\"target\":{\"@type\":\"EntryPoint\",\"urlTemplate\":\"https:\/\/sandzakpress.net\/arhiva\/?s={search_term_string}\"},\"query-input\":{\"@type\":\"PropertyValueSpecification\",\"valueRequired\":true,\"valueName\":\"search_term_string\"}}],\"inLanguage\":\"bs-BA\"},{\"@type\":[\"Person\",\"Organization\"],\"@id\":\"https:\/\/sandzakpress.net\/arhiva\/#\/schema\/person\/6e72b67d6e51910a1117b3b483ba20bd\",\"name\":\"Kul\",\"image\":{\"@type\":\"ImageObject\",\"inLanguage\":\"bs-BA\",\"@id\":\"https:\/\/sandzakpress.net\/arhiva\/#\/schema\/person\/image\/\",\"url\":\"https:\/\/secure.gravatar.com\/avatar\/42263f39aa27ac04c43cab85c280eb2e?s=96&d=mm&r=pg\",\"contentUrl\":\"https:\/\/secure.gravatar.com\/avatar\/42263f39aa27ac04c43cab85c280eb2e?s=96&d=mm&r=pg\",\"caption\":\"Kul\"},\"logo\":{\"@id\":\"https:\/\/sandzakpress.net\/arhiva\/#\/schema\/person\/image\/\"}},{\"@type\":\"Person\",\"@id\":\"\",\"url\":\"https:\/\/sandzakpress.net\/arhiva\/author\/\"}]}<\/script>\n<!-- \/ Yoast SEO Premium plugin. -->","yoast_head_json":{"title":"Srbija sa najni\u017eim procentom visokoobrazovanih u Evropi","robots":{"index":"index","follow":"follow","max-snippet":"max-snippet:-1","max-image-preview":"max-image-preview:large","max-video-preview":"max-video-preview:-1"},"canonical":"https:\/\/sandzakpress.net\/arhiva\/srbija-sa-najnizim-procentom-visokoobrazovanih-u-evropi\/","og_locale":"bs_BA","og_type":"article","og_title":"Srbija sa najni\u017eim procentom visokoobrazovanih u Evropi","og_description":"Sjeverni Sand\u017eak &#8211; Malo ko se ne bi postidio nad \u010dinjenicom da ima najmanje visokobrazovanih u Evropi Srbija sa svojih 6,5 odsto fakultetski obrazovanih gra\u0111ana nije samo najgora u Evropi, ve\u0107 je zbog lo\u0161e obrazovne politike i propu\u0161tenih \u0161ansi za reforme u ovom trenutku \u201emilenijumima\u201c daleko od ispunjenja evropskog standarda, pi\u0161e srbijanski Blic. Srbija nije [&hellip;]","og_url":"https:\/\/sandzakpress.net\/arhiva\/srbija-sa-najnizim-procentom-visokoobrazovanih-u-evropi\/","og_site_name":"Sand\u017eak PRESS","article_published_time":"2011-09-22T16:51:08+00:00","og_image":[{"width":500,"height":237,"url":"https:\/\/sandzakpress.net\/arhiva\/wp-content\/uploads\/2011\/09\/baka_racunar_001.jpg","type":"image\/jpeg"}],"twitter_card":"summary_large_image","twitter_misc":{"Written by":"","Est. reading time":"1 minuta"},"schema":{"@context":"https:\/\/schema.org","@graph":[{"@type":"Article","@id":"https:\/\/sandzakpress.net\/arhiva\/srbija-sa-najnizim-procentom-visokoobrazovanih-u-evropi\/#article","isPartOf":{"@id":"https:\/\/sandzakpress.net\/arhiva\/srbija-sa-najnizim-procentom-visokoobrazovanih-u-evropi\/"},"author":{"name":"","@id":""},"headline":"Srbija sa najni\u017eim procentom visokoobrazovanih u Evropi","datePublished":"2011-09-22T16:51:08+00:00","mainEntityOfPage":{"@id":"https:\/\/sandzakpress.net\/arhiva\/srbija-sa-najnizim-procentom-visokoobrazovanih-u-evropi\/"},"wordCount":273,"commentCount":2,"publisher":{"@id":"https:\/\/sandzakpress.net\/arhiva\/#\/schema\/person\/6e72b67d6e51910a1117b3b483ba20bd"},"image":{"@id":"https:\/\/sandzakpress.net\/arhiva\/srbija-sa-najnizim-procentom-visokoobrazovanih-u-evropi\/#primaryimage"},"thumbnailUrl":"https:\/\/sandzakpress.net\/arhiva\/wp-content\/uploads\/2011\/09\/baka_racunar_001.jpg","articleSection":["Novi Pazar","Sjenica","Tutin","Prijepolje","Priboj","Obrazovanje","Nova Varo\u0161"],"inLanguage":"bs-BA","potentialAction":[{"@type":"CommentAction","name":"Comment","target":["https:\/\/sandzakpress.net\/arhiva\/srbija-sa-najnizim-procentom-visokoobrazovanih-u-evropi\/#respond"]}]},{"@type":"WebPage","@id":"https:\/\/sandzakpress.net\/arhiva\/srbija-sa-najnizim-procentom-visokoobrazovanih-u-evropi\/","url":"https:\/\/sandzakpress.net\/arhiva\/srbija-sa-najnizim-procentom-visokoobrazovanih-u-evropi\/","name":"Srbija sa najni\u017eim procentom visokoobrazovanih u Evropi","isPartOf":{"@id":"https:\/\/sandzakpress.net\/arhiva\/#website"},"primaryImageOfPage":{"@id":"https:\/\/sandzakpress.net\/arhiva\/srbija-sa-najnizim-procentom-visokoobrazovanih-u-evropi\/#primaryimage"},"image":{"@id":"https:\/\/sandzakpress.net\/arhiva\/srbija-sa-najnizim-procentom-visokoobrazovanih-u-evropi\/#primaryimage"},"thumbnailUrl":"https:\/\/sandzakpress.net\/arhiva\/wp-content\/uploads\/2011\/09\/baka_racunar_001.jpg","datePublished":"2011-09-22T16:51:08+00:00","breadcrumb":{"@id":"https:\/\/sandzakpress.net\/arhiva\/srbija-sa-najnizim-procentom-visokoobrazovanih-u-evropi\/#breadcrumb"},"inLanguage":"bs-BA","potentialAction":[{"@type":"ReadAction","target":["https:\/\/sandzakpress.net\/arhiva\/srbija-sa-najnizim-procentom-visokoobrazovanih-u-evropi\/"]}]},{"@type":"ImageObject","inLanguage":"bs-BA","@id":"https:\/\/sandzakpress.net\/arhiva\/srbija-sa-najnizim-procentom-visokoobrazovanih-u-evropi\/#primaryimage","url":"https:\/\/sandzakpress.net\/arhiva\/wp-content\/uploads\/2011\/09\/baka_racunar_001.jpg","contentUrl":"https:\/\/sandzakpress.net\/arhiva\/wp-content\/uploads\/2011\/09\/baka_racunar_001.jpg","width":500,"height":237},{"@type":"BreadcrumbList","@id":"https:\/\/sandzakpress.net\/arhiva\/srbija-sa-najnizim-procentom-visokoobrazovanih-u-evropi\/#breadcrumb","itemListElement":[{"@type":"ListItem","position":1,"name":"Home","item":"https:\/\/sandzakpress.net\/arhiva\/"},{"@type":"ListItem","position":2,"name":"Srbija sa najni\u017eim procentom visokoobrazovanih u Evropi"}]},{"@type":"WebSite","@id":"https:\/\/sandzakpress.net\/arhiva\/#website","url":"https:\/\/sandzakpress.net\/arhiva\/","name":"Sand\u017eak PRESS","description":"Prve elektronske novine u Sand\u017eaku","publisher":{"@id":"https:\/\/sandzakpress.net\/arhiva\/#\/schema\/person\/6e72b67d6e51910a1117b3b483ba20bd"},"potentialAction":[{"@type":"SearchAction","target":{"@type":"EntryPoint","urlTemplate":"https:\/\/sandzakpress.net\/arhiva\/?s={search_term_string}"},"query-input":{"@type":"PropertyValueSpecification","valueRequired":true,"valueName":"search_term_string"}}],"inLanguage":"bs-BA"},{"@type":["Person","Organization"],"@id":"https:\/\/sandzakpress.net\/arhiva\/#\/schema\/person\/6e72b67d6e51910a1117b3b483ba20bd","name":"Kul","image":{"@type":"ImageObject","inLanguage":"bs-BA","@id":"https:\/\/sandzakpress.net\/arhiva\/#\/schema\/person\/image\/","url":"https:\/\/secure.gravatar.com\/avatar\/42263f39aa27ac04c43cab85c280eb2e?s=96&d=mm&r=pg","contentUrl":"https:\/\/secure.gravatar.com\/avatar\/42263f39aa27ac04c43cab85c280eb2e?s=96&d=mm&r=pg","caption":"Kul"},"logo":{"@id":"https:\/\/sandzakpress.net\/arhiva\/#\/schema\/person\/image\/"}},{"@type":"Person","@id":"","url":"https:\/\/sandzakpress.net\/arhiva\/author\/"}]}},"_links":{"self":[{"href":"https:\/\/sandzakpress.net\/arhiva\/wp-json\/wp\/v2\/posts\/20539"}],"collection":[{"href":"https:\/\/sandzakpress.net\/arhiva\/wp-json\/wp\/v2\/posts"}],"about":[{"href":"https:\/\/sandzakpress.net\/arhiva\/wp-json\/wp\/v2\/types\/post"}],"author":[{"embeddable":true,"href":"https:\/\/sandzakpress.net\/arhiva\/wp-json\/wp\/v2\/users\/13"}],"replies":[{"embeddable":true,"href":"https:\/\/sandzakpress.net\/arhiva\/wp-json\/wp\/v2\/comments?post=20539"}],"version-history":[{"count":0,"href":"https:\/\/sandzakpress.net\/arhiva\/wp-json\/wp\/v2\/posts\/20539\/revisions"}],"wp:featuredmedia":[{"embeddable":true,"href":"https:\/\/sandzakpress.net\/arhiva\/wp-json\/wp\/v2\/media\/20540"}],"wp:attachment":[{"href":"https:\/\/sandzakpress.net\/arhiva\/wp-json\/wp\/v2\/media?parent=20539"}],"wp:term":[{"taxonomy":"category","embeddable":true,"href":"https:\/\/sandzakpress.net\/arhiva\/wp-json\/wp\/v2\/categories?post=20539"},{"taxonomy":"post_tag","embeddable":true,"href":"https:\/\/sandzakpress.net\/arhiva\/wp-json\/wp\/v2\/tags?post=20539"}],"curies":[{"name":"wp","href":"https:\/\/api.w.org\/{rel}","templated":true}]}}