{"id":205342,"date":"2018-04-13T10:00:48","date_gmt":"2018-04-13T08:00:48","guid":{"rendered":"https:\/\/sandzakpress.net\/arhiva\/?p=205342"},"modified":"2018-04-13T09:34:52","modified_gmt":"2018-04-13T07:34:52","slug":"muamer-hukic-mogu-da-pobijedim-i-dzosuu-i-vajldera-ovog-trena-bih-se-potukao-s-njima","status":"publish","type":"post","link":"https:\/\/sandzakpress.net\/arhiva\/muamer-hukic-mogu-da-pobijedim-i-dzosuu-i-vajldera-ovog-trena-bih-se-potukao-s-njima\/","title":{"rendered":"Muamer Huki\u0107: Mogu da pobijedim i D\u017eo\u0161uu i Vajldera, ovog trena bih se potukao s njima"},"content":{"rendered":"<p><img decoding=\"async\" class=\"aligncenter\" src=\"http:\/\/www.sandzaklive.rs\/images\/00\/f705078036af6a4eef7f4537a71c62fe.jpg\" alt=\"f705078036af6a4eef7f4537a71c62fe\" \/><\/p>\n<p><strong>\u201cNe pla\u0161im se nikoga, ja sam takav da bih krenuo sam na 100 ljudi. To je moj karakter. Ne bih sjutra, ve\u0107 ovog trenutka krenuo sa njima u borbu. Imam \u0161anse da ih pobijedim\u201d, rekao je Huki\u0107<\/strong><\/p>\n<div class=\"td-g-rec td-g-rec-id-content_inlineleft \">\u00a0<\/div>\n<p>Muamer Huki\u0107 je velika zvijezda profesionalnog boksa. Njegovo ime je upisano i u istoriji, jer je \u010dak 13 puta za sedam godina odbranio titulu prvaka svijeta u kruzer kategoriji, u verziji WBO.<\/p>\n<p>On je njema\u010dki bokser, ali ka\u017ee da je \u2013 Jugosloven. Ro\u0111en kao Muamer Huki\u0107 u Sjenici, prije 33 godine, kao dijete se preselio u Njema\u010dku, gdje je napravio veliku karijeru.<\/p>\n<p>I ne \u017eeli da se zaustavi, otkrio nam je u razgovoru za TV Vijesti.<\/p>\n<p>\u201cPre\u0161ao sam iz kruzer u te\u0161ku kategoriju. Radim na tome da dobijem na kila\u017ei, imam 104 kilograma, \u010distih mi\u0161i\u0107a\u201d, rekao je Huki\u0107.<\/p>\n<p>Od 2008. godine, kada je pobijedio Argentinca Ramiresa, pa sve do 2015. kada je pora\u017een od Poljaka Glovackog, bio je vladar u kruzeru.<\/p>\n<p>Pojas nije uspio da vrati u septrembru pro\u0161le godine, ve\u0107 je u me\u010du za titulu izgubio od Ukrajinca Aleksandra Usika, jednog od najatraktivnijih boraca dana\u0161njice.<\/p>\n<p>Nije ga to pokolebalo, ve\u0107 je odlu\u010dio da napravi korak dalje \u2013 ubudu\u0107e \u0107e se boriti protiv najja\u010dih momaka.<\/p>\n<p>\u201cDobio sam novi izazov. Mlad sam, imam 33 godine, \u0161to za te\u0161ku kategoriju nije mnogo\u201d, rekao je Huki\u0107.<\/p>\n<p>Ve\u0107 me\u0111utim, iskustvo u toj kategoriji, prije \u0161est godina je izazvao Aleksandra Povetkina, mo\u0107nog Rusa, izgubio borbu za WBA titulu, apsolutno nezaslu\u017eeno.<\/p>\n<p>\u201cSvi su vidjeli da sam bio bolji. Bio je super me\u010d, atmosfera sjajna, borba odli\u010dna. Mnogi ka\u017eu da je to bila moj najbolji me\u010d. Mo\u017eda i nije, ali jeste jedna od najboljih. \u0160ta je bilo \u2013 bilo je. Idemo dalje\u201d, ka\u017ee on.<\/p>\n<p>Najva\u017enije je, ka\u017ee, da pobijedi u prvom narednom me\u010du, protiv Jakupa Saglama u junu u Minhenu. Ta pobjeda, a zahvaljuju\u0107i reputaciji, odmah bi mu, isti\u010de, donijela mjesto me\u0111u deset najboljih te\u0161ka\u0161a. Pred njim je novi po\u010detak, a cilj je da do\u0111e do vrha i da se bori za titulu, sa Entonijem D\u017eo\u0161uom i Dontejom Vajlderom, vladarima kraljevske kategorije.<\/p>\n<p>(Vijessti)<\/p>\n","protected":false},"excerpt":{"rendered":"<p>\u201cNe pla\u0161im se nikoga, ja sam takav da bih krenuo sam na 100 ljudi. To je moj karakter. Ne bih sjutra, ve\u0107 ovog trenutka krenuo sa njima u borbu. Imam \u0161anse da ih pobijedim\u201d, rekao je Huki\u0107 \u00a0 Muamer Huki\u0107 je velika zvijezda profesionalnog boksa. Njegovo ime je upisano i u istoriji, jer je \u010dak [&hellip;]<\/p>\n","protected":false},"author":509,"featured_media":205351,"comment_status":"open","ping_status":"open","sticky":false,"template":"","format":"standard","meta":{"footnotes":""},"categories":[72,9538,52,13,10429],"tags":[],"class_list":{"0":"post-205342","1":"post","2":"type-post","3":"status-publish","4":"format-standard","5":"has-post-thumbnail","7":"category-novi-pazar","8":"category-njemacka-dijaspora-gradovi-vase-vijesti","9":"category-sjenica","10":"category-sport","11":"category-vazno"},"yoast_head":"<!-- This site is optimized with the Yoast SEO Premium plugin v23.1 (Yoast SEO v24.9) - https:\/\/yoast.com\/wordpress\/plugins\/seo\/ -->\n<title>Muamer Huki\u0107: Mogu da pobijedim i D\u017eo\u0161uu i Vajldera, ovog trena bih se potukao s njima<\/title>\n<meta name=\"robots\" content=\"index, follow, max-snippet:-1, max-image-preview:large, max-video-preview:-1\" \/>\n<link rel=\"canonical\" href=\"https:\/\/sandzakpress.net\/arhiva\/muamer-hukic-mogu-da-pobijedim-i-dzosuu-i-vajldera-ovog-trena-bih-se-potukao-s-njima\/\" \/>\n<meta property=\"og:locale\" content=\"bs_BA\" \/>\n<meta property=\"og:type\" content=\"article\" \/>\n<meta property=\"og:title\" content=\"Muamer Huki\u0107: Mogu da pobijedim i D\u017eo\u0161uu i Vajldera, ovog trena bih se potukao s njima\" \/>\n<meta property=\"og:description\" content=\"\u201cNe pla\u0161im se nikoga, ja sam takav da bih krenuo sam na 100 ljudi. To je moj karakter. Ne bih sjutra, ve\u0107 ovog trenutka krenuo sa njima u borbu. Imam \u0161anse da ih pobijedim\u201d, rekao je Huki\u0107 \u00a0 Muamer Huki\u0107 je velika zvijezda profesionalnog boksa. Njegovo ime je upisano i u istoriji, jer je \u010dak [&hellip;]\" \/>\n<meta property=\"og:url\" content=\"https:\/\/sandzakpress.net\/arhiva\/muamer-hukic-mogu-da-pobijedim-i-dzosuu-i-vajldera-ovog-trena-bih-se-potukao-s-njima\/\" \/>\n<meta property=\"og:site_name\" content=\"Sand\u017eak PRESS\" \/>\n<meta property=\"article:published_time\" content=\"2018-04-13T08:00:48+00:00\" \/>\n<meta property=\"og:image\" content=\"https:\/\/sandzakpress.net\/arhiva\/wp-content\/uploads\/2018\/04\/f705078036af6a4eef7f4537a71c62fe.jpg\" \/>\n\t<meta property=\"og:image:width\" content=\"560\" \/>\n\t<meta property=\"og:image:height\" content=\"352\" \/>\n\t<meta property=\"og:image:type\" content=\"image\/jpeg\" \/>\n<meta name=\"author\" content=\"Agencija\" \/>\n<meta name=\"twitter:card\" content=\"summary_large_image\" \/>\n<meta name=\"twitter:label1\" content=\"Written by\" \/>\n\t<meta name=\"twitter:data1\" content=\"Agencija\" \/>\n\t<meta name=\"twitter:label2\" content=\"Est. reading time\" \/>\n\t<meta name=\"twitter:data2\" content=\"2 minute\" \/>\n<script type=\"application\/ld+json\" class=\"yoast-schema-graph\">{\"@context\":\"https:\/\/schema.org\",\"@graph\":[{\"@type\":\"Article\",\"@id\":\"https:\/\/sandzakpress.net\/arhiva\/muamer-hukic-mogu-da-pobijedim-i-dzosuu-i-vajldera-ovog-trena-bih-se-potukao-s-njima\/#article\",\"isPartOf\":{\"@id\":\"https:\/\/sandzakpress.net\/arhiva\/muamer-hukic-mogu-da-pobijedim-i-dzosuu-i-vajldera-ovog-trena-bih-se-potukao-s-njima\/\"},\"author\":{\"name\":\"Agencija\",\"@id\":\"https:\/\/sandzakpress.net\/arhiva\/#\/schema\/person\/cb59d7e3ab91ab90dd680ad0305a6185\"},\"headline\":\"Muamer Huki\u0107: Mogu da pobijedim i D\u017eo\u0161uu i Vajldera, ovog trena bih se potukao s njima\",\"datePublished\":\"2018-04-13T08:00:48+00:00\",\"mainEntityOfPage\":{\"@id\":\"https:\/\/sandzakpress.net\/arhiva\/muamer-hukic-mogu-da-pobijedim-i-dzosuu-i-vajldera-ovog-trena-bih-se-potukao-s-njima\/\"},\"wordCount\":388,\"commentCount\":7,\"publisher\":{\"@id\":\"https:\/\/sandzakpress.net\/arhiva\/#\/schema\/person\/6e72b67d6e51910a1117b3b483ba20bd\"},\"image\":{\"@id\":\"https:\/\/sandzakpress.net\/arhiva\/muamer-hukic-mogu-da-pobijedim-i-dzosuu-i-vajldera-ovog-trena-bih-se-potukao-s-njima\/#primaryimage\"},\"thumbnailUrl\":\"https:\/\/sandzakpress.net\/arhiva\/wp-content\/uploads\/2018\/04\/f705078036af6a4eef7f4537a71c62fe.jpg\",\"articleSection\":[\"Novi Pazar\",\"Njema\u010dka\",\"Sjenica\",\"Sport\",\"VA\u017dNO!\"],\"inLanguage\":\"bs-BA\",\"potentialAction\":[{\"@type\":\"CommentAction\",\"name\":\"Comment\",\"target\":[\"https:\/\/sandzakpress.net\/arhiva\/muamer-hukic-mogu-da-pobijedim-i-dzosuu-i-vajldera-ovog-trena-bih-se-potukao-s-njima\/#respond\"]}]},{\"@type\":\"WebPage\",\"@id\":\"https:\/\/sandzakpress.net\/arhiva\/muamer-hukic-mogu-da-pobijedim-i-dzosuu-i-vajldera-ovog-trena-bih-se-potukao-s-njima\/\",\"url\":\"https:\/\/sandzakpress.net\/arhiva\/muamer-hukic-mogu-da-pobijedim-i-dzosuu-i-vajldera-ovog-trena-bih-se-potukao-s-njima\/\",\"name\":\"Muamer Huki\u0107: Mogu da pobijedim i D\u017eo\u0161uu i Vajldera, ovog trena bih se potukao s njima\",\"isPartOf\":{\"@id\":\"https:\/\/sandzakpress.net\/arhiva\/#website\"},\"primaryImageOfPage\":{\"@id\":\"https:\/\/sandzakpress.net\/arhiva\/muamer-hukic-mogu-da-pobijedim-i-dzosuu-i-vajldera-ovog-trena-bih-se-potukao-s-njima\/#primaryimage\"},\"image\":{\"@id\":\"https:\/\/sandzakpress.net\/arhiva\/muamer-hukic-mogu-da-pobijedim-i-dzosuu-i-vajldera-ovog-trena-bih-se-potukao-s-njima\/#primaryimage\"},\"thumbnailUrl\":\"https:\/\/sandzakpress.net\/arhiva\/wp-content\/uploads\/2018\/04\/f705078036af6a4eef7f4537a71c62fe.jpg\",\"datePublished\":\"2018-04-13T08:00:48+00:00\",\"breadcrumb\":{\"@id\":\"https:\/\/sandzakpress.net\/arhiva\/muamer-hukic-mogu-da-pobijedim-i-dzosuu-i-vajldera-ovog-trena-bih-se-potukao-s-njima\/#breadcrumb\"},\"inLanguage\":\"bs-BA\",\"potentialAction\":[{\"@type\":\"ReadAction\",\"target\":[\"https:\/\/sandzakpress.net\/arhiva\/muamer-hukic-mogu-da-pobijedim-i-dzosuu-i-vajldera-ovog-trena-bih-se-potukao-s-njima\/\"]}]},{\"@type\":\"ImageObject\",\"inLanguage\":\"bs-BA\",\"@id\":\"https:\/\/sandzakpress.net\/arhiva\/muamer-hukic-mogu-da-pobijedim-i-dzosuu-i-vajldera-ovog-trena-bih-se-potukao-s-njima\/#primaryimage\",\"url\":\"https:\/\/sandzakpress.net\/arhiva\/wp-content\/uploads\/2018\/04\/f705078036af6a4eef7f4537a71c62fe.jpg\",\"contentUrl\":\"https:\/\/sandzakpress.net\/arhiva\/wp-content\/uploads\/2018\/04\/f705078036af6a4eef7f4537a71c62fe.jpg\",\"width\":560,\"height\":352},{\"@type\":\"BreadcrumbList\",\"@id\":\"https:\/\/sandzakpress.net\/arhiva\/muamer-hukic-mogu-da-pobijedim-i-dzosuu-i-vajldera-ovog-trena-bih-se-potukao-s-njima\/#breadcrumb\",\"itemListElement\":[{\"@type\":\"ListItem\",\"position\":1,\"name\":\"Home\",\"item\":\"https:\/\/sandzakpress.net\/arhiva\/\"},{\"@type\":\"ListItem\",\"position\":2,\"name\":\"Muamer Huki\u0107: Mogu da pobijedim i D\u017eo\u0161uu i Vajldera, ovog trena bih se potukao s njima\"}]},{\"@type\":\"WebSite\",\"@id\":\"https:\/\/sandzakpress.net\/arhiva\/#website\",\"url\":\"https:\/\/sandzakpress.net\/arhiva\/\",\"name\":\"Sand\u017eak PRESS\",\"description\":\"Prve elektronske novine u Sand\u017eaku\",\"publisher\":{\"@id\":\"https:\/\/sandzakpress.net\/arhiva\/#\/schema\/person\/6e72b67d6e51910a1117b3b483ba20bd\"},\"potentialAction\":[{\"@type\":\"SearchAction\",\"target\":{\"@type\":\"EntryPoint\",\"urlTemplate\":\"https:\/\/sandzakpress.net\/arhiva\/?s={search_term_string}\"},\"query-input\":{\"@type\":\"PropertyValueSpecification\",\"valueRequired\":true,\"valueName\":\"search_term_string\"}}],\"inLanguage\":\"bs-BA\"},{\"@type\":[\"Person\",\"Organization\"],\"@id\":\"https:\/\/sandzakpress.net\/arhiva\/#\/schema\/person\/6e72b67d6e51910a1117b3b483ba20bd\",\"name\":\"Kul\",\"image\":{\"@type\":\"ImageObject\",\"inLanguage\":\"bs-BA\",\"@id\":\"https:\/\/sandzakpress.net\/arhiva\/#\/schema\/person\/image\/\",\"url\":\"https:\/\/secure.gravatar.com\/avatar\/42263f39aa27ac04c43cab85c280eb2e?s=96&d=mm&r=pg\",\"contentUrl\":\"https:\/\/secure.gravatar.com\/avatar\/42263f39aa27ac04c43cab85c280eb2e?s=96&d=mm&r=pg\",\"caption\":\"Kul\"},\"logo\":{\"@id\":\"https:\/\/sandzakpress.net\/arhiva\/#\/schema\/person\/image\/\"}},{\"@type\":\"Person\",\"@id\":\"https:\/\/sandzakpress.net\/arhiva\/#\/schema\/person\/cb59d7e3ab91ab90dd680ad0305a6185\",\"name\":\"Agencija\",\"image\":{\"@type\":\"ImageObject\",\"inLanguage\":\"bs-BA\",\"@id\":\"https:\/\/sandzakpress.net\/arhiva\/#\/schema\/person\/image\/\",\"url\":\"https:\/\/secure.gravatar.com\/avatar\/4b7fafa80a22f0c2afe23966b3961fe0?s=96&d=mm&r=pg\",\"contentUrl\":\"https:\/\/secure.gravatar.com\/avatar\/4b7fafa80a22f0c2afe23966b3961fe0?s=96&d=mm&r=pg\",\"caption\":\"Agencija\"},\"url\":\"https:\/\/sandzakpress.net\/arhiva\/author\/agencija\/\"}]}<\/script>\n<!-- \/ Yoast SEO Premium plugin. -->","yoast_head_json":{"title":"Muamer Huki\u0107: Mogu da pobijedim i D\u017eo\u0161uu i Vajldera, ovog trena bih se potukao s njima","robots":{"index":"index","follow":"follow","max-snippet":"max-snippet:-1","max-image-preview":"max-image-preview:large","max-video-preview":"max-video-preview:-1"},"canonical":"https:\/\/sandzakpress.net\/arhiva\/muamer-hukic-mogu-da-pobijedim-i-dzosuu-i-vajldera-ovog-trena-bih-se-potukao-s-njima\/","og_locale":"bs_BA","og_type":"article","og_title":"Muamer Huki\u0107: Mogu da pobijedim i D\u017eo\u0161uu i Vajldera, ovog trena bih se potukao s njima","og_description":"\u201cNe pla\u0161im se nikoga, ja sam takav da bih krenuo sam na 100 ljudi. To je moj karakter. Ne bih sjutra, ve\u0107 ovog trenutka krenuo sa njima u borbu. Imam \u0161anse da ih pobijedim\u201d, rekao je Huki\u0107 \u00a0 Muamer Huki\u0107 je velika zvijezda profesionalnog boksa. Njegovo ime je upisano i u istoriji, jer je \u010dak [&hellip;]","og_url":"https:\/\/sandzakpress.net\/arhiva\/muamer-hukic-mogu-da-pobijedim-i-dzosuu-i-vajldera-ovog-trena-bih-se-potukao-s-njima\/","og_site_name":"Sand\u017eak PRESS","article_published_time":"2018-04-13T08:00:48+00:00","og_image":[{"width":560,"height":352,"url":"https:\/\/sandzakpress.net\/arhiva\/wp-content\/uploads\/2018\/04\/f705078036af6a4eef7f4537a71c62fe.jpg","type":"image\/jpeg"}],"author":"Agencija","twitter_card":"summary_large_image","twitter_misc":{"Written by":"Agencija","Est. reading time":"2 minute"},"schema":{"@context":"https:\/\/schema.org","@graph":[{"@type":"Article","@id":"https:\/\/sandzakpress.net\/arhiva\/muamer-hukic-mogu-da-pobijedim-i-dzosuu-i-vajldera-ovog-trena-bih-se-potukao-s-njima\/#article","isPartOf":{"@id":"https:\/\/sandzakpress.net\/arhiva\/muamer-hukic-mogu-da-pobijedim-i-dzosuu-i-vajldera-ovog-trena-bih-se-potukao-s-njima\/"},"author":{"name":"Agencija","@id":"https:\/\/sandzakpress.net\/arhiva\/#\/schema\/person\/cb59d7e3ab91ab90dd680ad0305a6185"},"headline":"Muamer Huki\u0107: Mogu da pobijedim i D\u017eo\u0161uu i Vajldera, ovog trena bih se potukao s njima","datePublished":"2018-04-13T08:00:48+00:00","mainEntityOfPage":{"@id":"https:\/\/sandzakpress.net\/arhiva\/muamer-hukic-mogu-da-pobijedim-i-dzosuu-i-vajldera-ovog-trena-bih-se-potukao-s-njima\/"},"wordCount":388,"commentCount":7,"publisher":{"@id":"https:\/\/sandzakpress.net\/arhiva\/#\/schema\/person\/6e72b67d6e51910a1117b3b483ba20bd"},"image":{"@id":"https:\/\/sandzakpress.net\/arhiva\/muamer-hukic-mogu-da-pobijedim-i-dzosuu-i-vajldera-ovog-trena-bih-se-potukao-s-njima\/#primaryimage"},"thumbnailUrl":"https:\/\/sandzakpress.net\/arhiva\/wp-content\/uploads\/2018\/04\/f705078036af6a4eef7f4537a71c62fe.jpg","articleSection":["Novi Pazar","Njema\u010dka","Sjenica","Sport","VA\u017dNO!"],"inLanguage":"bs-BA","potentialAction":[{"@type":"CommentAction","name":"Comment","target":["https:\/\/sandzakpress.net\/arhiva\/muamer-hukic-mogu-da-pobijedim-i-dzosuu-i-vajldera-ovog-trena-bih-se-potukao-s-njima\/#respond"]}]},{"@type":"WebPage","@id":"https:\/\/sandzakpress.net\/arhiva\/muamer-hukic-mogu-da-pobijedim-i-dzosuu-i-vajldera-ovog-trena-bih-se-potukao-s-njima\/","url":"https:\/\/sandzakpress.net\/arhiva\/muamer-hukic-mogu-da-pobijedim-i-dzosuu-i-vajldera-ovog-trena-bih-se-potukao-s-njima\/","name":"Muamer Huki\u0107: Mogu da pobijedim i D\u017eo\u0161uu i Vajldera, ovog trena bih se potukao s njima","isPartOf":{"@id":"https:\/\/sandzakpress.net\/arhiva\/#website"},"primaryImageOfPage":{"@id":"https:\/\/sandzakpress.net\/arhiva\/muamer-hukic-mogu-da-pobijedim-i-dzosuu-i-vajldera-ovog-trena-bih-se-potukao-s-njima\/#primaryimage"},"image":{"@id":"https:\/\/sandzakpress.net\/arhiva\/muamer-hukic-mogu-da-pobijedim-i-dzosuu-i-vajldera-ovog-trena-bih-se-potukao-s-njima\/#primaryimage"},"thumbnailUrl":"https:\/\/sandzakpress.net\/arhiva\/wp-content\/uploads\/2018\/04\/f705078036af6a4eef7f4537a71c62fe.jpg","datePublished":"2018-04-13T08:00:48+00:00","breadcrumb":{"@id":"https:\/\/sandzakpress.net\/arhiva\/muamer-hukic-mogu-da-pobijedim-i-dzosuu-i-vajldera-ovog-trena-bih-se-potukao-s-njima\/#breadcrumb"},"inLanguage":"bs-BA","potentialAction":[{"@type":"ReadAction","target":["https:\/\/sandzakpress.net\/arhiva\/muamer-hukic-mogu-da-pobijedim-i-dzosuu-i-vajldera-ovog-trena-bih-se-potukao-s-njima\/"]}]},{"@type":"ImageObject","inLanguage":"bs-BA","@id":"https:\/\/sandzakpress.net\/arhiva\/muamer-hukic-mogu-da-pobijedim-i-dzosuu-i-vajldera-ovog-trena-bih-se-potukao-s-njima\/#primaryimage","url":"https:\/\/sandzakpress.net\/arhiva\/wp-content\/uploads\/2018\/04\/f705078036af6a4eef7f4537a71c62fe.jpg","contentUrl":"https:\/\/sandzakpress.net\/arhiva\/wp-content\/uploads\/2018\/04\/f705078036af6a4eef7f4537a71c62fe.jpg","width":560,"height":352},{"@type":"BreadcrumbList","@id":"https:\/\/sandzakpress.net\/arhiva\/muamer-hukic-mogu-da-pobijedim-i-dzosuu-i-vajldera-ovog-trena-bih-se-potukao-s-njima\/#breadcrumb","itemListElement":[{"@type":"ListItem","position":1,"name":"Home","item":"https:\/\/sandzakpress.net\/arhiva\/"},{"@type":"ListItem","position":2,"name":"Muamer Huki\u0107: Mogu da pobijedim i D\u017eo\u0161uu i Vajldera, ovog trena bih se potukao s njima"}]},{"@type":"WebSite","@id":"https:\/\/sandzakpress.net\/arhiva\/#website","url":"https:\/\/sandzakpress.net\/arhiva\/","name":"Sand\u017eak PRESS","description":"Prve elektronske novine u Sand\u017eaku","publisher":{"@id":"https:\/\/sandzakpress.net\/arhiva\/#\/schema\/person\/6e72b67d6e51910a1117b3b483ba20bd"},"potentialAction":[{"@type":"SearchAction","target":{"@type":"EntryPoint","urlTemplate":"https:\/\/sandzakpress.net\/arhiva\/?s={search_term_string}"},"query-input":{"@type":"PropertyValueSpecification","valueRequired":true,"valueName":"search_term_string"}}],"inLanguage":"bs-BA"},{"@type":["Person","Organization"],"@id":"https:\/\/sandzakpress.net\/arhiva\/#\/schema\/person\/6e72b67d6e51910a1117b3b483ba20bd","name":"Kul","image":{"@type":"ImageObject","inLanguage":"bs-BA","@id":"https:\/\/sandzakpress.net\/arhiva\/#\/schema\/person\/image\/","url":"https:\/\/secure.gravatar.com\/avatar\/42263f39aa27ac04c43cab85c280eb2e?s=96&d=mm&r=pg","contentUrl":"https:\/\/secure.gravatar.com\/avatar\/42263f39aa27ac04c43cab85c280eb2e?s=96&d=mm&r=pg","caption":"Kul"},"logo":{"@id":"https:\/\/sandzakpress.net\/arhiva\/#\/schema\/person\/image\/"}},{"@type":"Person","@id":"https:\/\/sandzakpress.net\/arhiva\/#\/schema\/person\/cb59d7e3ab91ab90dd680ad0305a6185","name":"Agencija","image":{"@type":"ImageObject","inLanguage":"bs-BA","@id":"https:\/\/sandzakpress.net\/arhiva\/#\/schema\/person\/image\/","url":"https:\/\/secure.gravatar.com\/avatar\/4b7fafa80a22f0c2afe23966b3961fe0?s=96&d=mm&r=pg","contentUrl":"https:\/\/secure.gravatar.com\/avatar\/4b7fafa80a22f0c2afe23966b3961fe0?s=96&d=mm&r=pg","caption":"Agencija"},"url":"https:\/\/sandzakpress.net\/arhiva\/author\/agencija\/"}]}},"_links":{"self":[{"href":"https:\/\/sandzakpress.net\/arhiva\/wp-json\/wp\/v2\/posts\/205342"}],"collection":[{"href":"https:\/\/sandzakpress.net\/arhiva\/wp-json\/wp\/v2\/posts"}],"about":[{"href":"https:\/\/sandzakpress.net\/arhiva\/wp-json\/wp\/v2\/types\/post"}],"author":[{"embeddable":true,"href":"https:\/\/sandzakpress.net\/arhiva\/wp-json\/wp\/v2\/users\/509"}],"replies":[{"embeddable":true,"href":"https:\/\/sandzakpress.net\/arhiva\/wp-json\/wp\/v2\/comments?post=205342"}],"version-history":[{"count":0,"href":"https:\/\/sandzakpress.net\/arhiva\/wp-json\/wp\/v2\/posts\/205342\/revisions"}],"wp:featuredmedia":[{"embeddable":true,"href":"https:\/\/sandzakpress.net\/arhiva\/wp-json\/wp\/v2\/media\/205351"}],"wp:attachment":[{"href":"https:\/\/sandzakpress.net\/arhiva\/wp-json\/wp\/v2\/media?parent=205342"}],"wp:term":[{"taxonomy":"category","embeddable":true,"href":"https:\/\/sandzakpress.net\/arhiva\/wp-json\/wp\/v2\/categories?post=205342"},{"taxonomy":"post_tag","embeddable":true,"href":"https:\/\/sandzakpress.net\/arhiva\/wp-json\/wp\/v2\/tags?post=205342"}],"curies":[{"name":"wp","href":"https:\/\/api.w.org\/{rel}","templated":true}]}}