{"id":205230,"date":"2018-04-11T12:35:10","date_gmt":"2018-04-11T10:35:10","guid":{"rendered":"https:\/\/sandzakpress.net\/arhiva\/?p=205230"},"modified":"2018-04-11T12:35:10","modified_gmt":"2018-04-11T10:35:10","slug":"zukorlic-imamo-sansu-da-se-suocimo-sa-anomalijama-i-otvorimo-novu-stranicu-pomirenja","status":"publish","type":"post","link":"https:\/\/sandzakpress.net\/arhiva\/zukorlic-imamo-sansu-da-se-suocimo-sa-anomalijama-i-otvorimo-novu-stranicu-pomirenja\/","title":{"rendered":"Zukorli\u0107: Imamo \u0161ansu da se suo\u010dimo sa anomalijama i otvorimo novu stranicu pomirenja"},"content":{"rendered":"<p><img decoding=\"async\" class=\"aligncenter\" src=\"http:\/\/images.happytv.tv\/var\/resizes\/zukorli%C4%87.jpg?m=1523376702\" \/><\/p>\n<p><strong>U emisiji \u201cPosle ru\u010dka\u201d na Happy televiziji govorilo se na temu gdje je klju\u010d za odnose Srba i Bo\u0161njaka? Ko ima ve\u0107i uticaj i ko mo\u017ee otvoriti zlatna vrata, Republika Srpska ili Turska? Gosti u studiju bili su bili: dr. Muamer Zukorli\u0107, Vladislav Jovanovi\u0107, Miroljub Jevti\u0107, Vladimir Kecmanovi\u0107, \u017deljko Bebek.<\/strong><\/p>\n<p>Da li mo\u017ee da se vrati vrijeme i da li ono treba da se vra\u0107a?<\/p>\n<p>\u2013 Ne mo\u017ee vrijeme da se vrati i ne treba. Mora se prona\u0107i put za razrje\u0161enja problema koje je vrijeme donijelo. Uvijek mo\u017ee bolje, put se mo\u017ee prona\u0107i. Dvije krupne stvari su zajedni\u010dke i moramo da na osnovu na\u0161ih kapaciteta uredimo taj saobra\u0107aj i da se dva naroda ne sudaraju. Sukobi su daleko od zajedni\u010dkih vrijednosti \u2013 rekao je Zukorli\u0107.<\/p>\n<p>Postoje o\u017eiljci koji jo\u0161 nisu zarasli. Veliki doga\u0111aji su tu u kojima je veliki broj ljudi.<\/p>\n<p><iframe loading=\"lazy\" src=\"https:\/\/www.facebook.com\/plugins\/video.php?href=https%3A%2F%2Fwww.facebook.com%2FMuamerZukorlic%2Fvideos%2F10155220954511697%2F&amp;show_text=0&amp;width=560\" width=\"860\" height=\"720\" frameborder=\"0\" scrolling=\"no\" allowfullscreen=\"allowfullscreen\" data-mce-fragment=\"1\"><\/iframe><\/p>\n<p>\u2013 Rane moraju da se lije\u010de i da se zalije\u010de, Ne smijemo ranu \u010da\u010dkati jer \u0107e prokrvariti. Sve je u govoru i jako je bitno da se \u010duju govori sa razli\u010ditih strana. Vrijednost rije\u010di ne mo\u017ee da se izgubi. Mora rije\u010d da se ponavlja uvijek . Bi\u0107e onih koji \u0107e uvijek ne\u0161to misliti druga\u010dije, ali samo prave rije\u010di koje imaju te\u017einu se ne\u0107e potro\u0161iti i bi\u0107e glasne. Moramo okretati pravac kretanja i nikako stvarati zlo\u010din koji klija u nedostatku sopstvene vrijednosti i nesigurnosti. Muzi\u010dke poruke tada koje su slate jo\u0161 traju i to je za mene bitnije od same muzike. To je odraz da je prostor na Balkanu kulturolo\u0161ki odre\u0111en. Ako tra\u017eimo razloge za\u0161to se razilazimo manje ih je od onih razloga koji nas spajaju. Tu ne mo\u017eemo da povu\u010demo granice. M nemamo budu\u0107nost sa isjeckanom kulturom. Mi smo jedinstven kulturolo\u0161ki prostor, a kultura se ne smije procentualno gledati. Imamo \u0161ansu da se suo\u010dimo sa anomalijama i otvorimo novu stranicu pomirenja. To podrazumeva aktivnu toleranciju, Da je neko pored vas druga\u010diji, ali da vam ne smeta kao ni vi njemu \u2013 istakao je Muamer Zukorli\u0107<\/p>\n<p><strong>Ko su Bo\u0161njaci?<\/strong><\/p>\n<p>\u2013 Bo\u0161njaci su narod na Balkanu koji ima historiju i kulturu. Imaju veoma bogatu kulturnu ba\u0161tinu, Koji \u017eivi sa drugim narodima i ima vrlo jasan sopstveni identitet i tok historije U Osmanskom carstvu u startu nisu bili prepoznati. Kasnije kroz historiju krenuli su i jednako tra\u017eili autonomiju kao i Srbi i Crnogorci. Jednima je dato drugima nije. Bo\u0161njaci su sasje\u010deni za razliku od Srba i Crnogoraca. Tretirani su kao vjerska skupina, a kasnije kroz historijiu im se priznaju i vjerska prava i imali su opcije da se izja\u0161njavaju kako \u017eele. Poslije vi\u0161e decenija, ta\u010dnije 90-tih godina na Svebo\u0161nja\u010dkom saboru u Sarajevu se vra\u0107a naziv Bo\u0161njak. Elementarna pristojnost u komunikaciji jeste da kada se upoznamo, ako ja ka\u017eem, ja sam Muamer Zukorli\u0107, zovite me muftija, svako pristojan radi ono \u0161to mu se ka\u017ee, vi meni recite \u0161ta ste, ja \u0107u vam se tako obra\u0107ati, dakle to je onako kako je u pristojnom svijetu. To je komunikacijski primitivizam kada vi nekom ka\u017eete, \u201cda li si ti to\u201d, \u201cti nisi ba\u0161 to\u201d, \u201cja mislim da ste vi ne\u0161to drugo\u201d, dakle to je ne\u0161to \u0161to bi moralo da se prevazi\u0111e za sve mogu\u0107e kategorije.\u2013 rekao je Zukorli\u0107<\/p>\n<p><strong>Islamofobija i razlozi za njeno \u0161irenje u svijetu? <\/strong><\/p>\n<p>\u2013 Islam jako dobro poznajem i tamo ne postoji terorizam. D\u017eihad jezi\u010dki zna\u010di trud, znanje, preno\u0161enja znanja, misije i oru\u017eane borbe. Postoji legalna i legitimna situacija kada jedan narod mo\u017ee da upotrebi oru\u017eje u cilju odbrane i \u010dasti. Nepravda prema jednom narodu je idealna za stvaranje terorizma.\u00a0Vi danas imate milijardu i tri stotine miliona muslimana, vi ne mo\u017eete od toga da izdvojite 10% da \u017eivi na podru\u010dju slobode, nemate ambijent slobodnoga dru\u0161tva, uglavnom su to neki diktatorski re\u017eimi. \u2013 kazao je Zukorli\u0107.<\/p>\n<p>&nbsp;<\/p>\n<p><strong>Jezik i dr\u017eavnost<\/strong><\/p>\n<p>\u2013 Ja sam pobornik kada je jezik u pitanju, da sve ove varijante jezika, srpska, hrvatska, bosanska, crnogorska, to su za mene bogatstva jezika. Ukoliko vi ka\u017eete ja ne\u0107u to jer tako ka\u017eu Hrvati, vi ste sebe osiroma\u0161ili i zato ja preferiram tu ideju o zajedni\u010dkom kulturolo\u0161kom a u ovom u\u017eem smislu i jezi\u010dkom prostoru kao najzna\u010dajnijoj odrednici kulture i to treba biti osnova zajedni\u0161tva. \u2013 kazao je Muamer Zukorli\u0107<\/p>\n<p>Na kraju je dodao da su \u201cBo\u0161njaci su jedini narod na Balkanu koji nema svoju primarno nacionalnu dr\u017eavu, to ih dovodi u poziciju nesigurnosti, svi narodi imaju po jednu, neki po jednu ipo, neki sa po dvije . Kada se osje\u0107ate nesigurno, onda vam svako zveckanje Beograda-Mostara, Zagreba-Mostara, Beograda-Banjaluke, Mostara i Banjaluke, dovodi vas u situaciju da vi prosto budete otvorenih o\u010diju i ka\u017eete \u201ckuda to ide?\u201d dakle hajmo prihvatiti principe jednakosti me\u0111usobnih\u201d<\/p>\n","protected":false},"excerpt":{"rendered":"<p>U emisiji \u201cPosle ru\u010dka\u201d na Happy televiziji govorilo se na temu gdje je klju\u010d za odnose Srba i Bo\u0161njaka? Ko ima ve\u0107i uticaj i ko mo\u017ee otvoriti zlatna vrata, Republika Srpska ili Turska? Gosti u studiju bili su bili: dr. Muamer Zukorli\u0107, Vladislav Jovanovi\u0107, Miroljub Jevti\u0107, Vladimir Kecmanovi\u0107, \u017deljko Bebek. Da li mo\u017ee da se [&hellip;]<\/p>\n","protected":false},"author":509,"featured_media":205231,"comment_status":"open","ping_status":"open","sticky":false,"template":"","format":"standard","meta":{"footnotes":""},"categories":[72,1,52,327,392,393,394,8957],"tags":[10204,10223],"class_list":{"0":"post-205230","1":"post","2":"type-post","3":"status-publish","4":"format-standard","5":"has-post-thumbnail","7":"category-novi-pazar","8":"category-politika","9":"category-sjenica","10":"category-tutin","11":"category-prijepolje_","12":"category-priboj","13":"category-nova-varos","14":"category-vijesti-dana","15":"tag-muftija-muamer-zukorlic","16":"tag-bdz"},"yoast_head":"<!-- This site is optimized with the Yoast SEO Premium plugin v23.1 (Yoast SEO v24.9) - https:\/\/yoast.com\/wordpress\/plugins\/seo\/ -->\n<title>Zukorli\u0107: Imamo \u0161ansu da se suo\u010dimo sa anomalijama i otvorimo novu stranicu pomirenja<\/title>\n<meta name=\"robots\" content=\"index, follow, max-snippet:-1, max-image-preview:large, max-video-preview:-1\" \/>\n<link rel=\"canonical\" href=\"https:\/\/sandzakpress.net\/arhiva\/zukorlic-imamo-sansu-da-se-suocimo-sa-anomalijama-i-otvorimo-novu-stranicu-pomirenja\/\" \/>\n<meta property=\"og:locale\" content=\"bs_BA\" \/>\n<meta property=\"og:type\" content=\"article\" \/>\n<meta property=\"og:title\" content=\"Zukorli\u0107: Imamo \u0161ansu da se suo\u010dimo sa anomalijama i otvorimo novu stranicu pomirenja\" \/>\n<meta property=\"og:description\" content=\"U emisiji \u201cPosle ru\u010dka\u201d na Happy televiziji govorilo se na temu gdje je klju\u010d za odnose Srba i Bo\u0161njaka? Ko ima ve\u0107i uticaj i ko mo\u017ee otvoriti zlatna vrata, Republika Srpska ili Turska? Gosti u studiju bili su bili: dr. Muamer Zukorli\u0107, Vladislav Jovanovi\u0107, Miroljub Jevti\u0107, Vladimir Kecmanovi\u0107, \u017deljko Bebek. Da li mo\u017ee da se [&hellip;]\" \/>\n<meta property=\"og:url\" content=\"https:\/\/sandzakpress.net\/arhiva\/zukorlic-imamo-sansu-da-se-suocimo-sa-anomalijama-i-otvorimo-novu-stranicu-pomirenja\/\" \/>\n<meta property=\"og:site_name\" content=\"Sand\u017eak PRESS\" \/>\n<meta property=\"article:published_time\" content=\"2018-04-11T10:35:10+00:00\" \/>\n<meta property=\"og:image\" content=\"https:\/\/sandzakpress.net\/arhiva\/wp-content\/uploads\/2018\/04\/zukorli\u0107.jpg\" \/>\n\t<meta property=\"og:image:width\" content=\"750\" \/>\n\t<meta property=\"og:image:height\" content=\"450\" \/>\n\t<meta property=\"og:image:type\" content=\"image\/jpeg\" \/>\n<meta name=\"author\" content=\"Agencija\" \/>\n<meta name=\"twitter:card\" content=\"summary_large_image\" \/>\n<meta name=\"twitter:label1\" content=\"Written by\" \/>\n\t<meta name=\"twitter:data1\" content=\"Agencija\" \/>\n\t<meta name=\"twitter:label2\" content=\"Est. reading time\" \/>\n\t<meta name=\"twitter:data2\" content=\"4 minute\" \/>\n<script type=\"application\/ld+json\" class=\"yoast-schema-graph\">{\"@context\":\"https:\/\/schema.org\",\"@graph\":[{\"@type\":\"Article\",\"@id\":\"https:\/\/sandzakpress.net\/arhiva\/zukorlic-imamo-sansu-da-se-suocimo-sa-anomalijama-i-otvorimo-novu-stranicu-pomirenja\/#article\",\"isPartOf\":{\"@id\":\"https:\/\/sandzakpress.net\/arhiva\/zukorlic-imamo-sansu-da-se-suocimo-sa-anomalijama-i-otvorimo-novu-stranicu-pomirenja\/\"},\"author\":{\"name\":\"Agencija\",\"@id\":\"https:\/\/sandzakpress.net\/arhiva\/#\/schema\/person\/cb59d7e3ab91ab90dd680ad0305a6185\"},\"headline\":\"Zukorli\u0107: Imamo \u0161ansu da se suo\u010dimo sa anomalijama i otvorimo novu stranicu pomirenja\",\"datePublished\":\"2018-04-11T10:35:10+00:00\",\"mainEntityOfPage\":{\"@id\":\"https:\/\/sandzakpress.net\/arhiva\/zukorlic-imamo-sansu-da-se-suocimo-sa-anomalijama-i-otvorimo-novu-stranicu-pomirenja\/\"},\"wordCount\":855,\"commentCount\":4,\"publisher\":{\"@id\":\"https:\/\/sandzakpress.net\/arhiva\/#\/schema\/person\/6e72b67d6e51910a1117b3b483ba20bd\"},\"image\":{\"@id\":\"https:\/\/sandzakpress.net\/arhiva\/zukorlic-imamo-sansu-da-se-suocimo-sa-anomalijama-i-otvorimo-novu-stranicu-pomirenja\/#primaryimage\"},\"thumbnailUrl\":\"https:\/\/sandzakpress.net\/arhiva\/wp-content\/uploads\/2018\/04\/zukorli\u0107.jpg\",\"keywords\":[\"muftija Muamer Zukorli\u0107\",\"BDZ\"],\"articleSection\":[\"Novi Pazar\",\"Politika\",\"Sjenica\",\"Tutin\",\"Prijepolje\",\"Priboj\",\"Nova Varo\u0161\",\"VIJESTI DANA\"],\"inLanguage\":\"bs-BA\",\"potentialAction\":[{\"@type\":\"CommentAction\",\"name\":\"Comment\",\"target\":[\"https:\/\/sandzakpress.net\/arhiva\/zukorlic-imamo-sansu-da-se-suocimo-sa-anomalijama-i-otvorimo-novu-stranicu-pomirenja\/#respond\"]}]},{\"@type\":\"WebPage\",\"@id\":\"https:\/\/sandzakpress.net\/arhiva\/zukorlic-imamo-sansu-da-se-suocimo-sa-anomalijama-i-otvorimo-novu-stranicu-pomirenja\/\",\"url\":\"https:\/\/sandzakpress.net\/arhiva\/zukorlic-imamo-sansu-da-se-suocimo-sa-anomalijama-i-otvorimo-novu-stranicu-pomirenja\/\",\"name\":\"Zukorli\u0107: Imamo \u0161ansu da se suo\u010dimo sa anomalijama i otvorimo novu stranicu pomirenja\",\"isPartOf\":{\"@id\":\"https:\/\/sandzakpress.net\/arhiva\/#website\"},\"primaryImageOfPage\":{\"@id\":\"https:\/\/sandzakpress.net\/arhiva\/zukorlic-imamo-sansu-da-se-suocimo-sa-anomalijama-i-otvorimo-novu-stranicu-pomirenja\/#primaryimage\"},\"image\":{\"@id\":\"https:\/\/sandzakpress.net\/arhiva\/zukorlic-imamo-sansu-da-se-suocimo-sa-anomalijama-i-otvorimo-novu-stranicu-pomirenja\/#primaryimage\"},\"thumbnailUrl\":\"https:\/\/sandzakpress.net\/arhiva\/wp-content\/uploads\/2018\/04\/zukorli\u0107.jpg\",\"datePublished\":\"2018-04-11T10:35:10+00:00\",\"breadcrumb\":{\"@id\":\"https:\/\/sandzakpress.net\/arhiva\/zukorlic-imamo-sansu-da-se-suocimo-sa-anomalijama-i-otvorimo-novu-stranicu-pomirenja\/#breadcrumb\"},\"inLanguage\":\"bs-BA\",\"potentialAction\":[{\"@type\":\"ReadAction\",\"target\":[\"https:\/\/sandzakpress.net\/arhiva\/zukorlic-imamo-sansu-da-se-suocimo-sa-anomalijama-i-otvorimo-novu-stranicu-pomirenja\/\"]}]},{\"@type\":\"ImageObject\",\"inLanguage\":\"bs-BA\",\"@id\":\"https:\/\/sandzakpress.net\/arhiva\/zukorlic-imamo-sansu-da-se-suocimo-sa-anomalijama-i-otvorimo-novu-stranicu-pomirenja\/#primaryimage\",\"url\":\"https:\/\/sandzakpress.net\/arhiva\/wp-content\/uploads\/2018\/04\/zukorli\u0107.jpg\",\"contentUrl\":\"https:\/\/sandzakpress.net\/arhiva\/wp-content\/uploads\/2018\/04\/zukorli\u0107.jpg\",\"width\":750,\"height\":450},{\"@type\":\"BreadcrumbList\",\"@id\":\"https:\/\/sandzakpress.net\/arhiva\/zukorlic-imamo-sansu-da-se-suocimo-sa-anomalijama-i-otvorimo-novu-stranicu-pomirenja\/#breadcrumb\",\"itemListElement\":[{\"@type\":\"ListItem\",\"position\":1,\"name\":\"Home\",\"item\":\"https:\/\/sandzakpress.net\/arhiva\/\"},{\"@type\":\"ListItem\",\"position\":2,\"name\":\"Zukorli\u0107: Imamo \u0161ansu da se suo\u010dimo sa anomalijama i otvorimo novu stranicu pomirenja\"}]},{\"@type\":\"WebSite\",\"@id\":\"https:\/\/sandzakpress.net\/arhiva\/#website\",\"url\":\"https:\/\/sandzakpress.net\/arhiva\/\",\"name\":\"Sand\u017eak PRESS\",\"description\":\"Prve elektronske novine u Sand\u017eaku\",\"publisher\":{\"@id\":\"https:\/\/sandzakpress.net\/arhiva\/#\/schema\/person\/6e72b67d6e51910a1117b3b483ba20bd\"},\"potentialAction\":[{\"@type\":\"SearchAction\",\"target\":{\"@type\":\"EntryPoint\",\"urlTemplate\":\"https:\/\/sandzakpress.net\/arhiva\/?s={search_term_string}\"},\"query-input\":{\"@type\":\"PropertyValueSpecification\",\"valueRequired\":true,\"valueName\":\"search_term_string\"}}],\"inLanguage\":\"bs-BA\"},{\"@type\":[\"Person\",\"Organization\"],\"@id\":\"https:\/\/sandzakpress.net\/arhiva\/#\/schema\/person\/6e72b67d6e51910a1117b3b483ba20bd\",\"name\":\"Kul\",\"image\":{\"@type\":\"ImageObject\",\"inLanguage\":\"bs-BA\",\"@id\":\"https:\/\/sandzakpress.net\/arhiva\/#\/schema\/person\/image\/\",\"url\":\"https:\/\/secure.gravatar.com\/avatar\/42263f39aa27ac04c43cab85c280eb2e?s=96&d=mm&r=pg\",\"contentUrl\":\"https:\/\/secure.gravatar.com\/avatar\/42263f39aa27ac04c43cab85c280eb2e?s=96&d=mm&r=pg\",\"caption\":\"Kul\"},\"logo\":{\"@id\":\"https:\/\/sandzakpress.net\/arhiva\/#\/schema\/person\/image\/\"}},{\"@type\":\"Person\",\"@id\":\"https:\/\/sandzakpress.net\/arhiva\/#\/schema\/person\/cb59d7e3ab91ab90dd680ad0305a6185\",\"name\":\"Agencija\",\"image\":{\"@type\":\"ImageObject\",\"inLanguage\":\"bs-BA\",\"@id\":\"https:\/\/sandzakpress.net\/arhiva\/#\/schema\/person\/image\/\",\"url\":\"https:\/\/secure.gravatar.com\/avatar\/4b7fafa80a22f0c2afe23966b3961fe0?s=96&d=mm&r=pg\",\"contentUrl\":\"https:\/\/secure.gravatar.com\/avatar\/4b7fafa80a22f0c2afe23966b3961fe0?s=96&d=mm&r=pg\",\"caption\":\"Agencija\"},\"url\":\"https:\/\/sandzakpress.net\/arhiva\/author\/agencija\/\"}]}<\/script>\n<!-- \/ Yoast SEO Premium plugin. -->","yoast_head_json":{"title":"Zukorli\u0107: Imamo \u0161ansu da se suo\u010dimo sa anomalijama i otvorimo novu stranicu pomirenja","robots":{"index":"index","follow":"follow","max-snippet":"max-snippet:-1","max-image-preview":"max-image-preview:large","max-video-preview":"max-video-preview:-1"},"canonical":"https:\/\/sandzakpress.net\/arhiva\/zukorlic-imamo-sansu-da-se-suocimo-sa-anomalijama-i-otvorimo-novu-stranicu-pomirenja\/","og_locale":"bs_BA","og_type":"article","og_title":"Zukorli\u0107: Imamo \u0161ansu da se suo\u010dimo sa anomalijama i otvorimo novu stranicu pomirenja","og_description":"U emisiji \u201cPosle ru\u010dka\u201d na Happy televiziji govorilo se na temu gdje je klju\u010d za odnose Srba i Bo\u0161njaka? Ko ima ve\u0107i uticaj i ko mo\u017ee otvoriti zlatna vrata, Republika Srpska ili Turska? Gosti u studiju bili su bili: dr. Muamer Zukorli\u0107, Vladislav Jovanovi\u0107, Miroljub Jevti\u0107, Vladimir Kecmanovi\u0107, \u017deljko Bebek. Da li mo\u017ee da se [&hellip;]","og_url":"https:\/\/sandzakpress.net\/arhiva\/zukorlic-imamo-sansu-da-se-suocimo-sa-anomalijama-i-otvorimo-novu-stranicu-pomirenja\/","og_site_name":"Sand\u017eak PRESS","article_published_time":"2018-04-11T10:35:10+00:00","og_image":[{"width":750,"height":450,"url":"https:\/\/sandzakpress.net\/arhiva\/wp-content\/uploads\/2018\/04\/zukorli\u0107.jpg","type":"image\/jpeg"}],"author":"Agencija","twitter_card":"summary_large_image","twitter_misc":{"Written by":"Agencija","Est. reading time":"4 minute"},"schema":{"@context":"https:\/\/schema.org","@graph":[{"@type":"Article","@id":"https:\/\/sandzakpress.net\/arhiva\/zukorlic-imamo-sansu-da-se-suocimo-sa-anomalijama-i-otvorimo-novu-stranicu-pomirenja\/#article","isPartOf":{"@id":"https:\/\/sandzakpress.net\/arhiva\/zukorlic-imamo-sansu-da-se-suocimo-sa-anomalijama-i-otvorimo-novu-stranicu-pomirenja\/"},"author":{"name":"Agencija","@id":"https:\/\/sandzakpress.net\/arhiva\/#\/schema\/person\/cb59d7e3ab91ab90dd680ad0305a6185"},"headline":"Zukorli\u0107: Imamo \u0161ansu da se suo\u010dimo sa anomalijama i otvorimo novu stranicu pomirenja","datePublished":"2018-04-11T10:35:10+00:00","mainEntityOfPage":{"@id":"https:\/\/sandzakpress.net\/arhiva\/zukorlic-imamo-sansu-da-se-suocimo-sa-anomalijama-i-otvorimo-novu-stranicu-pomirenja\/"},"wordCount":855,"commentCount":4,"publisher":{"@id":"https:\/\/sandzakpress.net\/arhiva\/#\/schema\/person\/6e72b67d6e51910a1117b3b483ba20bd"},"image":{"@id":"https:\/\/sandzakpress.net\/arhiva\/zukorlic-imamo-sansu-da-se-suocimo-sa-anomalijama-i-otvorimo-novu-stranicu-pomirenja\/#primaryimage"},"thumbnailUrl":"https:\/\/sandzakpress.net\/arhiva\/wp-content\/uploads\/2018\/04\/zukorli\u0107.jpg","keywords":["muftija Muamer Zukorli\u0107","BDZ"],"articleSection":["Novi Pazar","Politika","Sjenica","Tutin","Prijepolje","Priboj","Nova Varo\u0161","VIJESTI DANA"],"inLanguage":"bs-BA","potentialAction":[{"@type":"CommentAction","name":"Comment","target":["https:\/\/sandzakpress.net\/arhiva\/zukorlic-imamo-sansu-da-se-suocimo-sa-anomalijama-i-otvorimo-novu-stranicu-pomirenja\/#respond"]}]},{"@type":"WebPage","@id":"https:\/\/sandzakpress.net\/arhiva\/zukorlic-imamo-sansu-da-se-suocimo-sa-anomalijama-i-otvorimo-novu-stranicu-pomirenja\/","url":"https:\/\/sandzakpress.net\/arhiva\/zukorlic-imamo-sansu-da-se-suocimo-sa-anomalijama-i-otvorimo-novu-stranicu-pomirenja\/","name":"Zukorli\u0107: Imamo \u0161ansu da se suo\u010dimo sa anomalijama i otvorimo novu stranicu pomirenja","isPartOf":{"@id":"https:\/\/sandzakpress.net\/arhiva\/#website"},"primaryImageOfPage":{"@id":"https:\/\/sandzakpress.net\/arhiva\/zukorlic-imamo-sansu-da-se-suocimo-sa-anomalijama-i-otvorimo-novu-stranicu-pomirenja\/#primaryimage"},"image":{"@id":"https:\/\/sandzakpress.net\/arhiva\/zukorlic-imamo-sansu-da-se-suocimo-sa-anomalijama-i-otvorimo-novu-stranicu-pomirenja\/#primaryimage"},"thumbnailUrl":"https:\/\/sandzakpress.net\/arhiva\/wp-content\/uploads\/2018\/04\/zukorli\u0107.jpg","datePublished":"2018-04-11T10:35:10+00:00","breadcrumb":{"@id":"https:\/\/sandzakpress.net\/arhiva\/zukorlic-imamo-sansu-da-se-suocimo-sa-anomalijama-i-otvorimo-novu-stranicu-pomirenja\/#breadcrumb"},"inLanguage":"bs-BA","potentialAction":[{"@type":"ReadAction","target":["https:\/\/sandzakpress.net\/arhiva\/zukorlic-imamo-sansu-da-se-suocimo-sa-anomalijama-i-otvorimo-novu-stranicu-pomirenja\/"]}]},{"@type":"ImageObject","inLanguage":"bs-BA","@id":"https:\/\/sandzakpress.net\/arhiva\/zukorlic-imamo-sansu-da-se-suocimo-sa-anomalijama-i-otvorimo-novu-stranicu-pomirenja\/#primaryimage","url":"https:\/\/sandzakpress.net\/arhiva\/wp-content\/uploads\/2018\/04\/zukorli\u0107.jpg","contentUrl":"https:\/\/sandzakpress.net\/arhiva\/wp-content\/uploads\/2018\/04\/zukorli\u0107.jpg","width":750,"height":450},{"@type":"BreadcrumbList","@id":"https:\/\/sandzakpress.net\/arhiva\/zukorlic-imamo-sansu-da-se-suocimo-sa-anomalijama-i-otvorimo-novu-stranicu-pomirenja\/#breadcrumb","itemListElement":[{"@type":"ListItem","position":1,"name":"Home","item":"https:\/\/sandzakpress.net\/arhiva\/"},{"@type":"ListItem","position":2,"name":"Zukorli\u0107: Imamo \u0161ansu da se suo\u010dimo sa anomalijama i otvorimo novu stranicu pomirenja"}]},{"@type":"WebSite","@id":"https:\/\/sandzakpress.net\/arhiva\/#website","url":"https:\/\/sandzakpress.net\/arhiva\/","name":"Sand\u017eak PRESS","description":"Prve elektronske novine u Sand\u017eaku","publisher":{"@id":"https:\/\/sandzakpress.net\/arhiva\/#\/schema\/person\/6e72b67d6e51910a1117b3b483ba20bd"},"potentialAction":[{"@type":"SearchAction","target":{"@type":"EntryPoint","urlTemplate":"https:\/\/sandzakpress.net\/arhiva\/?s={search_term_string}"},"query-input":{"@type":"PropertyValueSpecification","valueRequired":true,"valueName":"search_term_string"}}],"inLanguage":"bs-BA"},{"@type":["Person","Organization"],"@id":"https:\/\/sandzakpress.net\/arhiva\/#\/schema\/person\/6e72b67d6e51910a1117b3b483ba20bd","name":"Kul","image":{"@type":"ImageObject","inLanguage":"bs-BA","@id":"https:\/\/sandzakpress.net\/arhiva\/#\/schema\/person\/image\/","url":"https:\/\/secure.gravatar.com\/avatar\/42263f39aa27ac04c43cab85c280eb2e?s=96&d=mm&r=pg","contentUrl":"https:\/\/secure.gravatar.com\/avatar\/42263f39aa27ac04c43cab85c280eb2e?s=96&d=mm&r=pg","caption":"Kul"},"logo":{"@id":"https:\/\/sandzakpress.net\/arhiva\/#\/schema\/person\/image\/"}},{"@type":"Person","@id":"https:\/\/sandzakpress.net\/arhiva\/#\/schema\/person\/cb59d7e3ab91ab90dd680ad0305a6185","name":"Agencija","image":{"@type":"ImageObject","inLanguage":"bs-BA","@id":"https:\/\/sandzakpress.net\/arhiva\/#\/schema\/person\/image\/","url":"https:\/\/secure.gravatar.com\/avatar\/4b7fafa80a22f0c2afe23966b3961fe0?s=96&d=mm&r=pg","contentUrl":"https:\/\/secure.gravatar.com\/avatar\/4b7fafa80a22f0c2afe23966b3961fe0?s=96&d=mm&r=pg","caption":"Agencija"},"url":"https:\/\/sandzakpress.net\/arhiva\/author\/agencija\/"}]}},"_links":{"self":[{"href":"https:\/\/sandzakpress.net\/arhiva\/wp-json\/wp\/v2\/posts\/205230"}],"collection":[{"href":"https:\/\/sandzakpress.net\/arhiva\/wp-json\/wp\/v2\/posts"}],"about":[{"href":"https:\/\/sandzakpress.net\/arhiva\/wp-json\/wp\/v2\/types\/post"}],"author":[{"embeddable":true,"href":"https:\/\/sandzakpress.net\/arhiva\/wp-json\/wp\/v2\/users\/509"}],"replies":[{"embeddable":true,"href":"https:\/\/sandzakpress.net\/arhiva\/wp-json\/wp\/v2\/comments?post=205230"}],"version-history":[{"count":0,"href":"https:\/\/sandzakpress.net\/arhiva\/wp-json\/wp\/v2\/posts\/205230\/revisions"}],"wp:featuredmedia":[{"embeddable":true,"href":"https:\/\/sandzakpress.net\/arhiva\/wp-json\/wp\/v2\/media\/205231"}],"wp:attachment":[{"href":"https:\/\/sandzakpress.net\/arhiva\/wp-json\/wp\/v2\/media?parent=205230"}],"wp:term":[{"taxonomy":"category","embeddable":true,"href":"https:\/\/sandzakpress.net\/arhiva\/wp-json\/wp\/v2\/categories?post=205230"},{"taxonomy":"post_tag","embeddable":true,"href":"https:\/\/sandzakpress.net\/arhiva\/wp-json\/wp\/v2\/tags?post=205230"}],"curies":[{"name":"wp","href":"https:\/\/api.w.org\/{rel}","templated":true}]}}