{"id":2052,"date":"2010-02-09T17:44:15","date_gmt":"2010-02-09T16:44:15","guid":{"rendered":"https:\/\/sandzakpress.net\/arhiva\/?p=2052"},"modified":"2010-02-09T17:44:15","modified_gmt":"2010-02-09T16:44:15","slug":"posle-cetiri-nedjelje-naden-ziv-ispod-rusevina","status":"publish","type":"post","link":"https:\/\/sandzakpress.net\/arhiva\/posle-cetiri-nedjelje-naden-ziv-ispod-rusevina\/","title":{"rendered":"Posle \u010detiri nedjelje na\u0111en \u017eiv ispod ru\u0161evina"},"content":{"rendered":"<p><strong><a href=\"https:\/\/sandzakpress.net\/arhiva\/wp-content\/uploads\/2010\/02\/haiti.jpg\"><img loading=\"lazy\" decoding=\"async\" class=\"alignleft size-medium wp-image-2053\" title=\"haiti\" src=\"https:\/\/sandzakpress.net\/arhiva\/wp-content\/uploads\/2010\/02\/haiti-300x172.jpg\" alt=\"\" width=\"300\" height=\"172\" \/><\/a>Haiti &#8211; Posle \u010detiri nedjelje od razornog zemljotresa na Haitiju, spasila\u010dke ekipe su prona\u0161le \u017eivog mladi\u0107a ispod ru\u0161evina zgrade u glavnom gradu Port-O-Prensu, javio je danas BBC.<\/strong><\/p>\n<p>Dvadesetosmogodi\u0161nji Evan Munci prona\u0111en je pod ru\u0161evinama prodavnice, gdje je u vrijeme razornog potresa prodavao pirina\u010d, rekao je njegov ro\u0111ak\u00a0 predstavnicima Univerzitetske klinike u Majamiju, u koju je mladi\u0107 smje\u0161ten.<br \/>\n&#8220;Mladi\u0107 je ozbiljno dehidrirao i neuhranjen, ali bez ozbiljnih povreda&#8221;, saop\u0161tili su ljekari sa klinike na koju je dovezen, prenijela je ameri\u010dka televizijska mre\u017ea CNN.<\/p>\n<p>&#8220;On je neuhranjen. Nije imao ni\u0161ta (da pojede) ve\u0107 izvjesno vrijeme. Ima otvorene zagnojene rane na oba tabana&#8221;, potvrdio je dr Majk Koneli iz klinike u Majmiju.<br \/>\nMladi\u0107 je prona\u0111en dok je ra\u0161\u0107i\u0161\u0107avan trgova\u010dki centar u glavnom gradu Haitija.<br \/>\nVlasti Haitija zvani\u010dno su obustavili potragu za pre\u017eivelima 23. januara, mada je i posle toga prona\u0111eno nekoliko pre\u017eivjelih.<br \/>\nU razornom zemljotresu 12. januara poginulo je vi\u0161e od 200.000 ljudi, dok je 1,5 miliona Hai\u0107ana ostalo bez krova nad glavom.<\/p>\n<p>Izvor: <strong>Blic.rs<\/strong><\/p>\n","protected":false},"excerpt":{"rendered":"<p>Haiti &#8211; Posle \u010detiri nedjelje od razornog zemljotresa na Haitiju, spasila\u010dke ekipe su prona\u0161le \u017eivog mladi\u0107a ispod ru\u0161evina zgrade u glavnom gradu Port-O-Prensu, javio je danas BBC. Dvadesetosmogodi\u0161nji Evan Munci prona\u0111en je pod ru\u0161evinama prodavnice, gdje je u vrijeme razornog potresa prodavao pirina\u010d, rekao je njegov ro\u0111ak\u00a0 predstavnicima Univerzitetske klinike u Majamiju, u koju je [&hellip;]<\/p>\n","protected":false},"author":83,"featured_media":2053,"comment_status":"open","ping_status":"open","sticky":false,"template":"","format":"standard","meta":{"footnotes":""},"categories":[9],"tags":[],"class_list":{"0":"post-2052","1":"post","2":"type-post","3":"status-publish","4":"format-standard","5":"has-post-thumbnail","7":"category-svijet"},"yoast_head":"<!-- This site is optimized with the Yoast SEO Premium plugin v23.1 (Yoast SEO v24.9) - https:\/\/yoast.com\/wordpress\/plugins\/seo\/ -->\n<title>Posle \u010detiri nedjelje na\u0111en \u017eiv ispod ru\u0161evina<\/title>\n<meta name=\"robots\" content=\"index, follow, max-snippet:-1, max-image-preview:large, max-video-preview:-1\" \/>\n<link rel=\"canonical\" href=\"https:\/\/sandzakpress.net\/arhiva\/posle-cetiri-nedjelje-naden-ziv-ispod-rusevina\/\" \/>\n<meta property=\"og:locale\" content=\"bs_BA\" \/>\n<meta property=\"og:type\" content=\"article\" \/>\n<meta property=\"og:title\" content=\"Posle \u010detiri nedjelje na\u0111en \u017eiv ispod ru\u0161evina\" \/>\n<meta property=\"og:description\" content=\"Haiti &#8211; Posle \u010detiri nedjelje od razornog zemljotresa na Haitiju, spasila\u010dke ekipe su prona\u0161le \u017eivog mladi\u0107a ispod ru\u0161evina zgrade u glavnom gradu Port-O-Prensu, javio je danas BBC. Dvadesetosmogodi\u0161nji Evan Munci prona\u0111en je pod ru\u0161evinama prodavnice, gdje je u vrijeme razornog potresa prodavao pirina\u010d, rekao je njegov ro\u0111ak\u00a0 predstavnicima Univerzitetske klinike u Majamiju, u koju je [&hellip;]\" \/>\n<meta property=\"og:url\" content=\"https:\/\/sandzakpress.net\/arhiva\/posle-cetiri-nedjelje-naden-ziv-ispod-rusevina\/\" \/>\n<meta property=\"og:site_name\" content=\"Sand\u017eak PRESS\" \/>\n<meta property=\"article:published_time\" content=\"2010-02-09T16:44:15+00:00\" \/>\n<meta property=\"og:image\" content=\"https:\/\/sandzakpress.net\/arhiva\/wp-content\/uploads\/2010\/02\/haiti.jpg\" \/>\n\t<meta property=\"og:image:width\" content=\"470\" \/>\n\t<meta property=\"og:image:height\" content=\"270\" \/>\n\t<meta property=\"og:image:type\" content=\"image\/jpeg\" \/>\n<meta name=\"author\" content=\"bosniak\" \/>\n<meta name=\"twitter:card\" content=\"summary_large_image\" \/>\n<meta name=\"twitter:label1\" content=\"Written by\" \/>\n\t<meta name=\"twitter:data1\" content=\"bosniak\" \/>\n\t<meta name=\"twitter:label2\" content=\"Est. reading time\" \/>\n\t<meta name=\"twitter:data2\" content=\"1 minuta\" \/>\n<script type=\"application\/ld+json\" class=\"yoast-schema-graph\">{\"@context\":\"https:\/\/schema.org\",\"@graph\":[{\"@type\":\"Article\",\"@id\":\"https:\/\/sandzakpress.net\/arhiva\/posle-cetiri-nedjelje-naden-ziv-ispod-rusevina\/#article\",\"isPartOf\":{\"@id\":\"https:\/\/sandzakpress.net\/arhiva\/posle-cetiri-nedjelje-naden-ziv-ispod-rusevina\/\"},\"author\":{\"name\":\"bosniak\",\"@id\":\"https:\/\/sandzakpress.net\/arhiva\/#\/schema\/person\/c8baee722073534b583ea7bdb2e36c02\"},\"headline\":\"Posle \u010detiri nedjelje na\u0111en \u017eiv ispod ru\u0161evina\",\"datePublished\":\"2010-02-09T16:44:15+00:00\",\"mainEntityOfPage\":{\"@id\":\"https:\/\/sandzakpress.net\/arhiva\/posle-cetiri-nedjelje-naden-ziv-ispod-rusevina\/\"},\"wordCount\":191,\"commentCount\":0,\"publisher\":{\"@id\":\"https:\/\/sandzakpress.net\/arhiva\/#\/schema\/person\/6e72b67d6e51910a1117b3b483ba20bd\"},\"image\":{\"@id\":\"https:\/\/sandzakpress.net\/arhiva\/posle-cetiri-nedjelje-naden-ziv-ispod-rusevina\/#primaryimage\"},\"thumbnailUrl\":\"https:\/\/sandzakpress.net\/arhiva\/wp-content\/uploads\/2010\/02\/haiti.jpg\",\"articleSection\":[\"Svijet\"],\"inLanguage\":\"bs-BA\",\"potentialAction\":[{\"@type\":\"CommentAction\",\"name\":\"Comment\",\"target\":[\"https:\/\/sandzakpress.net\/arhiva\/posle-cetiri-nedjelje-naden-ziv-ispod-rusevina\/#respond\"]}]},{\"@type\":\"WebPage\",\"@id\":\"https:\/\/sandzakpress.net\/arhiva\/posle-cetiri-nedjelje-naden-ziv-ispod-rusevina\/\",\"url\":\"https:\/\/sandzakpress.net\/arhiva\/posle-cetiri-nedjelje-naden-ziv-ispod-rusevina\/\",\"name\":\"Posle \u010detiri nedjelje na\u0111en \u017eiv ispod ru\u0161evina\",\"isPartOf\":{\"@id\":\"https:\/\/sandzakpress.net\/arhiva\/#website\"},\"primaryImageOfPage\":{\"@id\":\"https:\/\/sandzakpress.net\/arhiva\/posle-cetiri-nedjelje-naden-ziv-ispod-rusevina\/#primaryimage\"},\"image\":{\"@id\":\"https:\/\/sandzakpress.net\/arhiva\/posle-cetiri-nedjelje-naden-ziv-ispod-rusevina\/#primaryimage\"},\"thumbnailUrl\":\"https:\/\/sandzakpress.net\/arhiva\/wp-content\/uploads\/2010\/02\/haiti.jpg\",\"datePublished\":\"2010-02-09T16:44:15+00:00\",\"breadcrumb\":{\"@id\":\"https:\/\/sandzakpress.net\/arhiva\/posle-cetiri-nedjelje-naden-ziv-ispod-rusevina\/#breadcrumb\"},\"inLanguage\":\"bs-BA\",\"potentialAction\":[{\"@type\":\"ReadAction\",\"target\":[\"https:\/\/sandzakpress.net\/arhiva\/posle-cetiri-nedjelje-naden-ziv-ispod-rusevina\/\"]}]},{\"@type\":\"ImageObject\",\"inLanguage\":\"bs-BA\",\"@id\":\"https:\/\/sandzakpress.net\/arhiva\/posle-cetiri-nedjelje-naden-ziv-ispod-rusevina\/#primaryimage\",\"url\":\"https:\/\/sandzakpress.net\/arhiva\/wp-content\/uploads\/2010\/02\/haiti.jpg\",\"contentUrl\":\"https:\/\/sandzakpress.net\/arhiva\/wp-content\/uploads\/2010\/02\/haiti.jpg\",\"width\":470,\"height\":270},{\"@type\":\"BreadcrumbList\",\"@id\":\"https:\/\/sandzakpress.net\/arhiva\/posle-cetiri-nedjelje-naden-ziv-ispod-rusevina\/#breadcrumb\",\"itemListElement\":[{\"@type\":\"ListItem\",\"position\":1,\"name\":\"Home\",\"item\":\"https:\/\/sandzakpress.net\/arhiva\/\"},{\"@type\":\"ListItem\",\"position\":2,\"name\":\"Posle \u010detiri nedjelje na\u0111en \u017eiv ispod ru\u0161evina\"}]},{\"@type\":\"WebSite\",\"@id\":\"https:\/\/sandzakpress.net\/arhiva\/#website\",\"url\":\"https:\/\/sandzakpress.net\/arhiva\/\",\"name\":\"Sand\u017eak PRESS\",\"description\":\"Prve elektronske novine u Sand\u017eaku\",\"publisher\":{\"@id\":\"https:\/\/sandzakpress.net\/arhiva\/#\/schema\/person\/6e72b67d6e51910a1117b3b483ba20bd\"},\"potentialAction\":[{\"@type\":\"SearchAction\",\"target\":{\"@type\":\"EntryPoint\",\"urlTemplate\":\"https:\/\/sandzakpress.net\/arhiva\/?s={search_term_string}\"},\"query-input\":{\"@type\":\"PropertyValueSpecification\",\"valueRequired\":true,\"valueName\":\"search_term_string\"}}],\"inLanguage\":\"bs-BA\"},{\"@type\":[\"Person\",\"Organization\"],\"@id\":\"https:\/\/sandzakpress.net\/arhiva\/#\/schema\/person\/6e72b67d6e51910a1117b3b483ba20bd\",\"name\":\"Kul\",\"image\":{\"@type\":\"ImageObject\",\"inLanguage\":\"bs-BA\",\"@id\":\"https:\/\/sandzakpress.net\/arhiva\/#\/schema\/person\/image\/\",\"url\":\"https:\/\/secure.gravatar.com\/avatar\/42263f39aa27ac04c43cab85c280eb2e?s=96&d=mm&r=pg\",\"contentUrl\":\"https:\/\/secure.gravatar.com\/avatar\/42263f39aa27ac04c43cab85c280eb2e?s=96&d=mm&r=pg\",\"caption\":\"Kul\"},\"logo\":{\"@id\":\"https:\/\/sandzakpress.net\/arhiva\/#\/schema\/person\/image\/\"}},{\"@type\":\"Person\",\"@id\":\"https:\/\/sandzakpress.net\/arhiva\/#\/schema\/person\/c8baee722073534b583ea7bdb2e36c02\",\"name\":\"bosniak\",\"image\":{\"@type\":\"ImageObject\",\"inLanguage\":\"bs-BA\",\"@id\":\"https:\/\/sandzakpress.net\/arhiva\/#\/schema\/person\/image\/\",\"url\":\"https:\/\/secure.gravatar.com\/avatar\/a04fd330bfe3a36a72a0ad4a6d89fca7?s=96&d=mm&r=pg\",\"contentUrl\":\"https:\/\/secure.gravatar.com\/avatar\/a04fd330bfe3a36a72a0ad4a6d89fca7?s=96&d=mm&r=pg\",\"caption\":\"bosniak\"},\"url\":\"https:\/\/sandzakpress.net\/arhiva\/author\/bosniak\/\"}]}<\/script>\n<!-- \/ Yoast SEO Premium plugin. -->","yoast_head_json":{"title":"Posle \u010detiri nedjelje na\u0111en \u017eiv ispod ru\u0161evina","robots":{"index":"index","follow":"follow","max-snippet":"max-snippet:-1","max-image-preview":"max-image-preview:large","max-video-preview":"max-video-preview:-1"},"canonical":"https:\/\/sandzakpress.net\/arhiva\/posle-cetiri-nedjelje-naden-ziv-ispod-rusevina\/","og_locale":"bs_BA","og_type":"article","og_title":"Posle \u010detiri nedjelje na\u0111en \u017eiv ispod ru\u0161evina","og_description":"Haiti &#8211; Posle \u010detiri nedjelje od razornog zemljotresa na Haitiju, spasila\u010dke ekipe su prona\u0161le \u017eivog mladi\u0107a ispod ru\u0161evina zgrade u glavnom gradu Port-O-Prensu, javio je danas BBC. Dvadesetosmogodi\u0161nji Evan Munci prona\u0111en je pod ru\u0161evinama prodavnice, gdje je u vrijeme razornog potresa prodavao pirina\u010d, rekao je njegov ro\u0111ak\u00a0 predstavnicima Univerzitetske klinike u Majamiju, u koju je [&hellip;]","og_url":"https:\/\/sandzakpress.net\/arhiva\/posle-cetiri-nedjelje-naden-ziv-ispod-rusevina\/","og_site_name":"Sand\u017eak PRESS","article_published_time":"2010-02-09T16:44:15+00:00","og_image":[{"width":470,"height":270,"url":"https:\/\/sandzakpress.net\/arhiva\/wp-content\/uploads\/2010\/02\/haiti.jpg","type":"image\/jpeg"}],"author":"bosniak","twitter_card":"summary_large_image","twitter_misc":{"Written by":"bosniak","Est. reading time":"1 minuta"},"schema":{"@context":"https:\/\/schema.org","@graph":[{"@type":"Article","@id":"https:\/\/sandzakpress.net\/arhiva\/posle-cetiri-nedjelje-naden-ziv-ispod-rusevina\/#article","isPartOf":{"@id":"https:\/\/sandzakpress.net\/arhiva\/posle-cetiri-nedjelje-naden-ziv-ispod-rusevina\/"},"author":{"name":"bosniak","@id":"https:\/\/sandzakpress.net\/arhiva\/#\/schema\/person\/c8baee722073534b583ea7bdb2e36c02"},"headline":"Posle \u010detiri nedjelje na\u0111en \u017eiv ispod ru\u0161evina","datePublished":"2010-02-09T16:44:15+00:00","mainEntityOfPage":{"@id":"https:\/\/sandzakpress.net\/arhiva\/posle-cetiri-nedjelje-naden-ziv-ispod-rusevina\/"},"wordCount":191,"commentCount":0,"publisher":{"@id":"https:\/\/sandzakpress.net\/arhiva\/#\/schema\/person\/6e72b67d6e51910a1117b3b483ba20bd"},"image":{"@id":"https:\/\/sandzakpress.net\/arhiva\/posle-cetiri-nedjelje-naden-ziv-ispod-rusevina\/#primaryimage"},"thumbnailUrl":"https:\/\/sandzakpress.net\/arhiva\/wp-content\/uploads\/2010\/02\/haiti.jpg","articleSection":["Svijet"],"inLanguage":"bs-BA","potentialAction":[{"@type":"CommentAction","name":"Comment","target":["https:\/\/sandzakpress.net\/arhiva\/posle-cetiri-nedjelje-naden-ziv-ispod-rusevina\/#respond"]}]},{"@type":"WebPage","@id":"https:\/\/sandzakpress.net\/arhiva\/posle-cetiri-nedjelje-naden-ziv-ispod-rusevina\/","url":"https:\/\/sandzakpress.net\/arhiva\/posle-cetiri-nedjelje-naden-ziv-ispod-rusevina\/","name":"Posle \u010detiri nedjelje na\u0111en \u017eiv ispod ru\u0161evina","isPartOf":{"@id":"https:\/\/sandzakpress.net\/arhiva\/#website"},"primaryImageOfPage":{"@id":"https:\/\/sandzakpress.net\/arhiva\/posle-cetiri-nedjelje-naden-ziv-ispod-rusevina\/#primaryimage"},"image":{"@id":"https:\/\/sandzakpress.net\/arhiva\/posle-cetiri-nedjelje-naden-ziv-ispod-rusevina\/#primaryimage"},"thumbnailUrl":"https:\/\/sandzakpress.net\/arhiva\/wp-content\/uploads\/2010\/02\/haiti.jpg","datePublished":"2010-02-09T16:44:15+00:00","breadcrumb":{"@id":"https:\/\/sandzakpress.net\/arhiva\/posle-cetiri-nedjelje-naden-ziv-ispod-rusevina\/#breadcrumb"},"inLanguage":"bs-BA","potentialAction":[{"@type":"ReadAction","target":["https:\/\/sandzakpress.net\/arhiva\/posle-cetiri-nedjelje-naden-ziv-ispod-rusevina\/"]}]},{"@type":"ImageObject","inLanguage":"bs-BA","@id":"https:\/\/sandzakpress.net\/arhiva\/posle-cetiri-nedjelje-naden-ziv-ispod-rusevina\/#primaryimage","url":"https:\/\/sandzakpress.net\/arhiva\/wp-content\/uploads\/2010\/02\/haiti.jpg","contentUrl":"https:\/\/sandzakpress.net\/arhiva\/wp-content\/uploads\/2010\/02\/haiti.jpg","width":470,"height":270},{"@type":"BreadcrumbList","@id":"https:\/\/sandzakpress.net\/arhiva\/posle-cetiri-nedjelje-naden-ziv-ispod-rusevina\/#breadcrumb","itemListElement":[{"@type":"ListItem","position":1,"name":"Home","item":"https:\/\/sandzakpress.net\/arhiva\/"},{"@type":"ListItem","position":2,"name":"Posle \u010detiri nedjelje na\u0111en \u017eiv ispod ru\u0161evina"}]},{"@type":"WebSite","@id":"https:\/\/sandzakpress.net\/arhiva\/#website","url":"https:\/\/sandzakpress.net\/arhiva\/","name":"Sand\u017eak PRESS","description":"Prve elektronske novine u Sand\u017eaku","publisher":{"@id":"https:\/\/sandzakpress.net\/arhiva\/#\/schema\/person\/6e72b67d6e51910a1117b3b483ba20bd"},"potentialAction":[{"@type":"SearchAction","target":{"@type":"EntryPoint","urlTemplate":"https:\/\/sandzakpress.net\/arhiva\/?s={search_term_string}"},"query-input":{"@type":"PropertyValueSpecification","valueRequired":true,"valueName":"search_term_string"}}],"inLanguage":"bs-BA"},{"@type":["Person","Organization"],"@id":"https:\/\/sandzakpress.net\/arhiva\/#\/schema\/person\/6e72b67d6e51910a1117b3b483ba20bd","name":"Kul","image":{"@type":"ImageObject","inLanguage":"bs-BA","@id":"https:\/\/sandzakpress.net\/arhiva\/#\/schema\/person\/image\/","url":"https:\/\/secure.gravatar.com\/avatar\/42263f39aa27ac04c43cab85c280eb2e?s=96&d=mm&r=pg","contentUrl":"https:\/\/secure.gravatar.com\/avatar\/42263f39aa27ac04c43cab85c280eb2e?s=96&d=mm&r=pg","caption":"Kul"},"logo":{"@id":"https:\/\/sandzakpress.net\/arhiva\/#\/schema\/person\/image\/"}},{"@type":"Person","@id":"https:\/\/sandzakpress.net\/arhiva\/#\/schema\/person\/c8baee722073534b583ea7bdb2e36c02","name":"bosniak","image":{"@type":"ImageObject","inLanguage":"bs-BA","@id":"https:\/\/sandzakpress.net\/arhiva\/#\/schema\/person\/image\/","url":"https:\/\/secure.gravatar.com\/avatar\/a04fd330bfe3a36a72a0ad4a6d89fca7?s=96&d=mm&r=pg","contentUrl":"https:\/\/secure.gravatar.com\/avatar\/a04fd330bfe3a36a72a0ad4a6d89fca7?s=96&d=mm&r=pg","caption":"bosniak"},"url":"https:\/\/sandzakpress.net\/arhiva\/author\/bosniak\/"}]}},"_links":{"self":[{"href":"https:\/\/sandzakpress.net\/arhiva\/wp-json\/wp\/v2\/posts\/2052"}],"collection":[{"href":"https:\/\/sandzakpress.net\/arhiva\/wp-json\/wp\/v2\/posts"}],"about":[{"href":"https:\/\/sandzakpress.net\/arhiva\/wp-json\/wp\/v2\/types\/post"}],"author":[{"embeddable":true,"href":"https:\/\/sandzakpress.net\/arhiva\/wp-json\/wp\/v2\/users\/83"}],"replies":[{"embeddable":true,"href":"https:\/\/sandzakpress.net\/arhiva\/wp-json\/wp\/v2\/comments?post=2052"}],"version-history":[{"count":0,"href":"https:\/\/sandzakpress.net\/arhiva\/wp-json\/wp\/v2\/posts\/2052\/revisions"}],"wp:featuredmedia":[{"embeddable":true,"href":"https:\/\/sandzakpress.net\/arhiva\/wp-json\/wp\/v2\/media\/2053"}],"wp:attachment":[{"href":"https:\/\/sandzakpress.net\/arhiva\/wp-json\/wp\/v2\/media?parent=2052"}],"wp:term":[{"taxonomy":"category","embeddable":true,"href":"https:\/\/sandzakpress.net\/arhiva\/wp-json\/wp\/v2\/categories?post=2052"},{"taxonomy":"post_tag","embeddable":true,"href":"https:\/\/sandzakpress.net\/arhiva\/wp-json\/wp\/v2\/tags?post=2052"}],"curies":[{"name":"wp","href":"https:\/\/api.w.org\/{rel}","templated":true}]}}