{"id":205199,"date":"2018-04-10T21:20:41","date_gmt":"2018-04-10T19:20:41","guid":{"rendered":"https:\/\/sandzakpress.net\/arhiva\/?p=205199"},"modified":"2018-04-10T21:36:03","modified_gmt":"2018-04-10T19:36:03","slug":"kalac-mi-smo-vec-pobijedili-jer-smo-ponudili-crnoj-gori-nesto-sto-do-sada-niko-nije-uspio-da-ponudi","status":"publish","type":"post","link":"https:\/\/sandzakpress.net\/arhiva\/kalac-mi-smo-vec-pobijedili-jer-smo-ponudili-crnoj-gori-nesto-sto-do-sada-niko-nije-uspio-da-ponudi\/","title":{"rendered":"Kala\u010d: Mi smo ve\u0107 pobijedili, jer smo ponudili Crnoj Gori ne\u0161to \u0161to do sada niko nije uspio da ponudi"},"content":{"rendered":"<p><img loading=\"lazy\" decoding=\"async\" class=\"alignnone size-full wp-image-37262\" src=\"http:\/\/sanapress.info\/wp-content\/uploads\/2018\/04\/15.jpg\" alt=\"\" width=\"2048\" height=\"1362\" \/><\/p>\n<p>\u0160alju\u0107i poruku bira\u010dima kroz i\u0161\u010ditana programska na\u010dela predsjedni\u010dki kandidat Hazbija Kala\u010d na zavr\u0161nom skupu poru\u010dio da je situacija te\u0161ka i slo\u017eena, te da su na sceni i dalje decenijski problemi i izazovi koji sve gra\u0111ane zajedno i podjednako \u010dekaju budu\u0107nosti. Me\u0111utim, smatra da jo\u0161 uvijek nije kasno.<\/p>\n<p><strong><em>\u201eOsloba\u0111anjem duha ovog naroda, bez obzira na ishod izbora, mi smo ve\u0107 pobjedili! Samo jedan Bog zna \u0161ta \u0107e biti sutra, a na\u0161e je da radimo, da se trudimo da svima bude bolje. Moja pobjeda je ostvarena na neki na\u010din, ali ako se ova dr\u017eava deklarisala da ide putem eurointegracija, onda neka se i doka\u017ee. Cilj nije u cilju, cilj je u putu do cilja. Nisam iza\u0161ao na ovaj mejdan da bih ostvario neki procenat, ve\u0107 da pobijedim. Smatram da smo ovim pomogli Crnoj Gori, jer smo ovim \u010dinom potvrdili, koliko-toliko, da je Crna Gora multietni\u010dna. Naravno, kona\u010dna potvrda bi bila kada bi to i na djelu pokazala. Dug je ovo put, ali mi smo ti koji mijenjamo Crnu Goru, koju do\u017eivljavamo, za koju smo se deklarisali da je na\u0161a dr\u017eava, podjednako kao i svih drugih naroda\u201c, <\/em><\/strong><strong>poru\u010duje Kala\u010d.<\/strong><\/p>\n<p>Hazbija Kala\u010d navodi da nije u\u0161ao u politiku radi li\u010dnog interesa, jer ga to uop\u0161te ne zanima. Tu je, podsje\u0107a, da uradi ne\u0161to korisno za dr\u017eavu i narod.<\/p>\n<p><iframe loading=\"lazy\" src=\"https:\/\/www.facebook.com\/plugins\/video.php?href=https%3A%2F%2Fwww.facebook.com%2Fspp.u.cg%2Fvideos%2F1701692926591131%2F&amp;show_text=0&amp;width=560\" width=\"560\" height=\"314\" frameborder=\"0\" scrolling=\"no\" allowfullscreen=\"allowfullscreen\" data-mce-fragment=\"1\"><\/iframe><\/p>\n<p><strong><em>\u201eJa pripadam grupi ljudi koji druga\u010dije gledaju na politiku. Ja nisam od onih koji se bave politikom kako bi u politici na\u0161li li\u010dni interes. U tome je velika razlika izme\u0111u nas i njih. Za Crnu Goru \u0107emo kao takvi, kao i za sve gra\u0111ane Crne Gore biti najbolje rje\u0161enje. Na\u0161a ponuda je ponuda koja je najbli\u017ea istinskim potrebama dru\u0161tva. Na\u0161a stranka nije ni striktno lijeva niti desna, ve\u0107 partija centra. Siguran sam da je narod to prepoznao. Mi smo garancija za stvarnu multietni\u010dnost. Ne\u0107emo dozvoliti duple standarde, niti razli\u010dite ar\u0161ine. Moramo to ispraviti i uspostaviti nivo komunikacije me\u0111u narodom na pravi na\u010din, da svaki gra\u0111anin voli svoju dr\u017eavu i da je nipo\u0161to ne napu\u0161ta. Kao predsjedni\u010dki kandidat imam odgovore na va\u017ena pitanja, te kako zaustaviti devastaciju, kako prirodnu i dru\u0161tvenu, tako i proces iseljavanja koji je glavni problem. Ne smijemo dozvoliti da se mladi ljudi, trbuhom za kruhom iseljavaju, a da oni koji kreiraju politi\u010dku stvarnost do\u0111u ovdje i uzimaju glasove na konto pri\u010de o iseljavanju. Paraunu\u010dad su nam zadu\u017eili, a na fiktivnim radnim mjestima postavili su neke ljude koje pla\u0107aju iz kredita, jer nemaju stvarni fondovi iz kojih \u0107e ih finansirati. Pozivam sve gra\u0111ane da ovaj projekat podr\u017eite, kako bismo se suprostavili svim ovim problemima. Mislim da je na\u0161a ponuda najbolja, najplemenitija, najhumanija i najljudskija, jer na\u0161a rije\u010d je rije\u010d koju \u0107emo dr\u017eati. Ona zna\u010di zavjet, jer njome dajemo besu. U nedjelju poka\u017eimo da smo za druga\u010diju Crnu Goru. Siguran sam da \u0107e moja rije\u010d do\u0107i do va\u0161ih srca, te je u tom smislu pobjedu tu, pored nas. Mi smo ve\u0107 pobijedili, jer smo ponudili Crnoj Gori ne\u0161to \u0161to do sada niko nije uspio da ponudi &#8211; da li \u0107e Crna Gora 15. aprila pobijediti vidjet \u0107emo. \u201c, ka\u017ee Kala\u010d.<\/em><\/strong><\/p>\n<p>Predsjedni\u010dki izbori odr\u017ea\u0107e se u nedjelju, 15.04.2018. godine, a predsjedni\u010dki kandidat Hazbija Kala\u010d na\u0107i \u0107e se pod rednim brojem 3.<\/p>\n<p><iframe loading=\"lazy\" src=\"https:\/\/www.facebook.com\/plugins\/post.php?href=https%3A%2F%2Fwww.facebook.com%2Fmedia%2Fset%2F%3Fset%3Da.1701739379919819.1073741833.527393817354387%26type%3D3&amp;width=500\" width=\"500\" height=\"645\" frameborder=\"0\" scrolling=\"no\" data-mce-fragment=\"1\"><\/iframe><\/p>\n<blockquote class=\"wp-embedded-content\" data-secret=\"FrWMUvTXjE\"><p><a href=\"https:\/\/sandzakpress.net\/arhiva\/bosnjaci-potvrdili-podrsku-kalacu-u-rozajama-odrzan-zavrsni-skup\/\">BO\u0160NJACI POTVRDILI PODR\u0160KU KALA\u010cU &#8211; U Ro\u017eajama odr\u017ean zavr\u0161ni skup<\/a><\/p><\/blockquote>\n<p><iframe loading=\"lazy\" class=\"wp-embedded-content\" sandbox=\"allow-scripts\" security=\"restricted\" style=\"position: absolute; visibility: hidden;\" title=\"&#8220;BO\u0160NJACI POTVRDILI PODR\u0160KU KALA\u010cU &#8211; U Ro\u017eajama odr\u017ean zavr\u0161ni skup&#8221; &#8212; Sand\u017eak PRESS\" src=\"https:\/\/sandzakpress.net\/arhiva\/bosnjaci-potvrdili-podrsku-kalacu-u-rozajama-odrzan-zavrsni-skup\/embed\/#?secret=nRmD3Qsqi7#?secret=FrWMUvTXjE\" data-secret=\"FrWMUvTXjE\" width=\"600\" height=\"338\" frameborder=\"0\" marginwidth=\"0\" marginheight=\"0\" scrolling=\"no\"><\/iframe><\/p>\n","protected":false},"excerpt":{"rendered":"<p>\u0160alju\u0107i poruku bira\u010dima kroz i\u0161\u010ditana programska na\u010dela predsjedni\u010dki kandidat Hazbija Kala\u010d na zavr\u0161nom skupu poru\u010dio da je situacija te\u0161ka i slo\u017eena, te da su na sceni i dalje decenijski problemi i izazovi koji sve gra\u0111ane zajedno i podjednako \u010dekaju budu\u0107nosti. Me\u0111utim, smatra da jo\u0161 uvijek nije kasno. \u201eOsloba\u0111anjem duha ovog naroda, bez obzira na ishod [&hellip;]<\/p>\n","protected":false},"author":509,"featured_media":205202,"comment_status":"open","ping_status":"open","sticky":false,"template":"","format":"standard","meta":{"footnotes":""},"categories":[398,1,397,10174,396,395,399,10173,8957,16],"tags":[],"class_list":{"0":"post-205199","1":"post","2":"type-post","3":"status-publish","4":"format-standard","5":"has-post-thumbnail","7":"category-rozaje","8":"category-politika","9":"category-berane","10":"category-petnjica-vase-vijesti","11":"category-bijelo_polje","12":"category-pljevlja_","13":"category-plav_","14":"category-gusinje-vase-vijesti","15":"category-vijesti-dana","16":"category-novine"},"yoast_head":"<!-- This site is optimized with the Yoast SEO Premium plugin v23.1 (Yoast SEO v24.9) - https:\/\/yoast.com\/wordpress\/plugins\/seo\/ -->\n<title>Kala\u010d: Mi smo ve\u0107 pobijedili, jer smo ponudili Crnoj Gori ne\u0161to \u0161to do sada niko nije uspio da ponudi<\/title>\n<meta name=\"robots\" content=\"index, follow, max-snippet:-1, max-image-preview:large, max-video-preview:-1\" \/>\n<link rel=\"canonical\" href=\"https:\/\/sandzakpress.net\/arhiva\/kalac-mi-smo-vec-pobijedili-jer-smo-ponudili-crnoj-gori-nesto-sto-do-sada-niko-nije-uspio-da-ponudi\/\" \/>\n<meta property=\"og:locale\" content=\"bs_BA\" \/>\n<meta property=\"og:type\" content=\"article\" \/>\n<meta property=\"og:title\" content=\"Kala\u010d: Mi smo ve\u0107 pobijedili, jer smo ponudili Crnoj Gori ne\u0161to \u0161to do sada niko nije uspio da ponudi\" \/>\n<meta property=\"og:description\" content=\"\u0160alju\u0107i poruku bira\u010dima kroz i\u0161\u010ditana programska na\u010dela predsjedni\u010dki kandidat Hazbija Kala\u010d na zavr\u0161nom skupu poru\u010dio da je situacija te\u0161ka i slo\u017eena, te da su na sceni i dalje decenijski problemi i izazovi koji sve gra\u0111ane zajedno i podjednako \u010dekaju budu\u0107nosti. Me\u0111utim, smatra da jo\u0161 uvijek nije kasno. \u201eOsloba\u0111anjem duha ovog naroda, bez obzira na ishod [&hellip;]\" \/>\n<meta property=\"og:url\" content=\"https:\/\/sandzakpress.net\/arhiva\/kalac-mi-smo-vec-pobijedili-jer-smo-ponudili-crnoj-gori-nesto-sto-do-sada-niko-nije-uspio-da-ponudi\/\" \/>\n<meta property=\"og:site_name\" content=\"Sand\u017eak PRESS\" \/>\n<meta property=\"article:published_time\" content=\"2018-04-10T19:20:41+00:00\" \/>\n<meta property=\"article:modified_time\" content=\"2018-04-10T19:36:03+00:00\" \/>\n<meta property=\"og:image\" content=\"https:\/\/sandzakpress.net\/arhiva\/wp-content\/uploads\/2018\/04\/15.jpg\" \/>\n\t<meta property=\"og:image:width\" content=\"2048\" \/>\n\t<meta property=\"og:image:height\" content=\"1362\" \/>\n\t<meta property=\"og:image:type\" content=\"image\/jpeg\" \/>\n<meta name=\"author\" content=\"Agencija\" \/>\n<meta name=\"twitter:card\" content=\"summary_large_image\" \/>\n<meta name=\"twitter:label1\" content=\"Written by\" \/>\n\t<meta name=\"twitter:data1\" content=\"Agencija\" \/>\n\t<meta name=\"twitter:label2\" content=\"Est. reading time\" \/>\n\t<meta name=\"twitter:data2\" content=\"3 minute\" \/>\n<script type=\"application\/ld+json\" class=\"yoast-schema-graph\">{\"@context\":\"https:\/\/schema.org\",\"@graph\":[{\"@type\":\"Article\",\"@id\":\"https:\/\/sandzakpress.net\/arhiva\/kalac-mi-smo-vec-pobijedili-jer-smo-ponudili-crnoj-gori-nesto-sto-do-sada-niko-nije-uspio-da-ponudi\/#article\",\"isPartOf\":{\"@id\":\"https:\/\/sandzakpress.net\/arhiva\/kalac-mi-smo-vec-pobijedili-jer-smo-ponudili-crnoj-gori-nesto-sto-do-sada-niko-nije-uspio-da-ponudi\/\"},\"author\":{\"name\":\"Agencija\",\"@id\":\"https:\/\/sandzakpress.net\/arhiva\/#\/schema\/person\/cb59d7e3ab91ab90dd680ad0305a6185\"},\"headline\":\"Kala\u010d: Mi smo ve\u0107 pobijedili, jer smo ponudili Crnoj Gori ne\u0161to \u0161to do sada niko nije uspio da ponudi\",\"datePublished\":\"2018-04-10T19:20:41+00:00\",\"dateModified\":\"2018-04-10T19:36:03+00:00\",\"mainEntityOfPage\":{\"@id\":\"https:\/\/sandzakpress.net\/arhiva\/kalac-mi-smo-vec-pobijedili-jer-smo-ponudili-crnoj-gori-nesto-sto-do-sada-niko-nije-uspio-da-ponudi\/\"},\"wordCount\":622,\"commentCount\":1,\"publisher\":{\"@id\":\"https:\/\/sandzakpress.net\/arhiva\/#\/schema\/person\/6e72b67d6e51910a1117b3b483ba20bd\"},\"image\":{\"@id\":\"https:\/\/sandzakpress.net\/arhiva\/kalac-mi-smo-vec-pobijedili-jer-smo-ponudili-crnoj-gori-nesto-sto-do-sada-niko-nije-uspio-da-ponudi\/#primaryimage\"},\"thumbnailUrl\":\"https:\/\/sandzakpress.net\/arhiva\/wp-content\/uploads\/2018\/04\/15.jpg\",\"articleSection\":[\"Ro\u017eaje\",\"Politika\",\"Berane\",\"Petnjica\",\"Bijelo Polje\",\"Pljevlja\",\"Plav\",\"Gusinje\",\"VIJESTI DANA\",\"Novine\"],\"inLanguage\":\"bs-BA\",\"potentialAction\":[{\"@type\":\"CommentAction\",\"name\":\"Comment\",\"target\":[\"https:\/\/sandzakpress.net\/arhiva\/kalac-mi-smo-vec-pobijedili-jer-smo-ponudili-crnoj-gori-nesto-sto-do-sada-niko-nije-uspio-da-ponudi\/#respond\"]}]},{\"@type\":\"WebPage\",\"@id\":\"https:\/\/sandzakpress.net\/arhiva\/kalac-mi-smo-vec-pobijedili-jer-smo-ponudili-crnoj-gori-nesto-sto-do-sada-niko-nije-uspio-da-ponudi\/\",\"url\":\"https:\/\/sandzakpress.net\/arhiva\/kalac-mi-smo-vec-pobijedili-jer-smo-ponudili-crnoj-gori-nesto-sto-do-sada-niko-nije-uspio-da-ponudi\/\",\"name\":\"Kala\u010d: Mi smo ve\u0107 pobijedili, jer smo ponudili Crnoj Gori ne\u0161to \u0161to do sada niko nije uspio da ponudi\",\"isPartOf\":{\"@id\":\"https:\/\/sandzakpress.net\/arhiva\/#website\"},\"primaryImageOfPage\":{\"@id\":\"https:\/\/sandzakpress.net\/arhiva\/kalac-mi-smo-vec-pobijedili-jer-smo-ponudili-crnoj-gori-nesto-sto-do-sada-niko-nije-uspio-da-ponudi\/#primaryimage\"},\"image\":{\"@id\":\"https:\/\/sandzakpress.net\/arhiva\/kalac-mi-smo-vec-pobijedili-jer-smo-ponudili-crnoj-gori-nesto-sto-do-sada-niko-nije-uspio-da-ponudi\/#primaryimage\"},\"thumbnailUrl\":\"https:\/\/sandzakpress.net\/arhiva\/wp-content\/uploads\/2018\/04\/15.jpg\",\"datePublished\":\"2018-04-10T19:20:41+00:00\",\"dateModified\":\"2018-04-10T19:36:03+00:00\",\"breadcrumb\":{\"@id\":\"https:\/\/sandzakpress.net\/arhiva\/kalac-mi-smo-vec-pobijedili-jer-smo-ponudili-crnoj-gori-nesto-sto-do-sada-niko-nije-uspio-da-ponudi\/#breadcrumb\"},\"inLanguage\":\"bs-BA\",\"potentialAction\":[{\"@type\":\"ReadAction\",\"target\":[\"https:\/\/sandzakpress.net\/arhiva\/kalac-mi-smo-vec-pobijedili-jer-smo-ponudili-crnoj-gori-nesto-sto-do-sada-niko-nije-uspio-da-ponudi\/\"]}]},{\"@type\":\"ImageObject\",\"inLanguage\":\"bs-BA\",\"@id\":\"https:\/\/sandzakpress.net\/arhiva\/kalac-mi-smo-vec-pobijedili-jer-smo-ponudili-crnoj-gori-nesto-sto-do-sada-niko-nije-uspio-da-ponudi\/#primaryimage\",\"url\":\"https:\/\/sandzakpress.net\/arhiva\/wp-content\/uploads\/2018\/04\/15.jpg\",\"contentUrl\":\"https:\/\/sandzakpress.net\/arhiva\/wp-content\/uploads\/2018\/04\/15.jpg\",\"width\":2048,\"height\":1362},{\"@type\":\"BreadcrumbList\",\"@id\":\"https:\/\/sandzakpress.net\/arhiva\/kalac-mi-smo-vec-pobijedili-jer-smo-ponudili-crnoj-gori-nesto-sto-do-sada-niko-nije-uspio-da-ponudi\/#breadcrumb\",\"itemListElement\":[{\"@type\":\"ListItem\",\"position\":1,\"name\":\"Home\",\"item\":\"https:\/\/sandzakpress.net\/arhiva\/\"},{\"@type\":\"ListItem\",\"position\":2,\"name\":\"Kala\u010d: Mi smo ve\u0107 pobijedili, jer smo ponudili Crnoj Gori ne\u0161to \u0161to do sada niko nije uspio da ponudi\"}]},{\"@type\":\"WebSite\",\"@id\":\"https:\/\/sandzakpress.net\/arhiva\/#website\",\"url\":\"https:\/\/sandzakpress.net\/arhiva\/\",\"name\":\"Sand\u017eak PRESS\",\"description\":\"Prve elektronske novine u Sand\u017eaku\",\"publisher\":{\"@id\":\"https:\/\/sandzakpress.net\/arhiva\/#\/schema\/person\/6e72b67d6e51910a1117b3b483ba20bd\"},\"potentialAction\":[{\"@type\":\"SearchAction\",\"target\":{\"@type\":\"EntryPoint\",\"urlTemplate\":\"https:\/\/sandzakpress.net\/arhiva\/?s={search_term_string}\"},\"query-input\":{\"@type\":\"PropertyValueSpecification\",\"valueRequired\":true,\"valueName\":\"search_term_string\"}}],\"inLanguage\":\"bs-BA\"},{\"@type\":[\"Person\",\"Organization\"],\"@id\":\"https:\/\/sandzakpress.net\/arhiva\/#\/schema\/person\/6e72b67d6e51910a1117b3b483ba20bd\",\"name\":\"Kul\",\"image\":{\"@type\":\"ImageObject\",\"inLanguage\":\"bs-BA\",\"@id\":\"https:\/\/sandzakpress.net\/arhiva\/#\/schema\/person\/image\/\",\"url\":\"https:\/\/secure.gravatar.com\/avatar\/42263f39aa27ac04c43cab85c280eb2e?s=96&d=mm&r=pg\",\"contentUrl\":\"https:\/\/secure.gravatar.com\/avatar\/42263f39aa27ac04c43cab85c280eb2e?s=96&d=mm&r=pg\",\"caption\":\"Kul\"},\"logo\":{\"@id\":\"https:\/\/sandzakpress.net\/arhiva\/#\/schema\/person\/image\/\"}},{\"@type\":\"Person\",\"@id\":\"https:\/\/sandzakpress.net\/arhiva\/#\/schema\/person\/cb59d7e3ab91ab90dd680ad0305a6185\",\"name\":\"Agencija\",\"image\":{\"@type\":\"ImageObject\",\"inLanguage\":\"bs-BA\",\"@id\":\"https:\/\/sandzakpress.net\/arhiva\/#\/schema\/person\/image\/\",\"url\":\"https:\/\/secure.gravatar.com\/avatar\/4b7fafa80a22f0c2afe23966b3961fe0?s=96&d=mm&r=pg\",\"contentUrl\":\"https:\/\/secure.gravatar.com\/avatar\/4b7fafa80a22f0c2afe23966b3961fe0?s=96&d=mm&r=pg\",\"caption\":\"Agencija\"},\"url\":\"https:\/\/sandzakpress.net\/arhiva\/author\/agencija\/\"}]}<\/script>\n<!-- \/ Yoast SEO Premium plugin. -->","yoast_head_json":{"title":"Kala\u010d: Mi smo ve\u0107 pobijedili, jer smo ponudili Crnoj Gori ne\u0161to \u0161to do sada niko nije uspio da ponudi","robots":{"index":"index","follow":"follow","max-snippet":"max-snippet:-1","max-image-preview":"max-image-preview:large","max-video-preview":"max-video-preview:-1"},"canonical":"https:\/\/sandzakpress.net\/arhiva\/kalac-mi-smo-vec-pobijedili-jer-smo-ponudili-crnoj-gori-nesto-sto-do-sada-niko-nije-uspio-da-ponudi\/","og_locale":"bs_BA","og_type":"article","og_title":"Kala\u010d: Mi smo ve\u0107 pobijedili, jer smo ponudili Crnoj Gori ne\u0161to \u0161to do sada niko nije uspio da ponudi","og_description":"\u0160alju\u0107i poruku bira\u010dima kroz i\u0161\u010ditana programska na\u010dela predsjedni\u010dki kandidat Hazbija Kala\u010d na zavr\u0161nom skupu poru\u010dio da je situacija te\u0161ka i slo\u017eena, te da su na sceni i dalje decenijski problemi i izazovi koji sve gra\u0111ane zajedno i podjednako \u010dekaju budu\u0107nosti. Me\u0111utim, smatra da jo\u0161 uvijek nije kasno. \u201eOsloba\u0111anjem duha ovog naroda, bez obzira na ishod [&hellip;]","og_url":"https:\/\/sandzakpress.net\/arhiva\/kalac-mi-smo-vec-pobijedili-jer-smo-ponudili-crnoj-gori-nesto-sto-do-sada-niko-nije-uspio-da-ponudi\/","og_site_name":"Sand\u017eak PRESS","article_published_time":"2018-04-10T19:20:41+00:00","article_modified_time":"2018-04-10T19:36:03+00:00","og_image":[{"width":2048,"height":1362,"url":"https:\/\/sandzakpress.net\/arhiva\/wp-content\/uploads\/2018\/04\/15.jpg","type":"image\/jpeg"}],"author":"Agencija","twitter_card":"summary_large_image","twitter_misc":{"Written by":"Agencija","Est. reading time":"3 minute"},"schema":{"@context":"https:\/\/schema.org","@graph":[{"@type":"Article","@id":"https:\/\/sandzakpress.net\/arhiva\/kalac-mi-smo-vec-pobijedili-jer-smo-ponudili-crnoj-gori-nesto-sto-do-sada-niko-nije-uspio-da-ponudi\/#article","isPartOf":{"@id":"https:\/\/sandzakpress.net\/arhiva\/kalac-mi-smo-vec-pobijedili-jer-smo-ponudili-crnoj-gori-nesto-sto-do-sada-niko-nije-uspio-da-ponudi\/"},"author":{"name":"Agencija","@id":"https:\/\/sandzakpress.net\/arhiva\/#\/schema\/person\/cb59d7e3ab91ab90dd680ad0305a6185"},"headline":"Kala\u010d: Mi smo ve\u0107 pobijedili, jer smo ponudili Crnoj Gori ne\u0161to \u0161to do sada niko nije uspio da ponudi","datePublished":"2018-04-10T19:20:41+00:00","dateModified":"2018-04-10T19:36:03+00:00","mainEntityOfPage":{"@id":"https:\/\/sandzakpress.net\/arhiva\/kalac-mi-smo-vec-pobijedili-jer-smo-ponudili-crnoj-gori-nesto-sto-do-sada-niko-nije-uspio-da-ponudi\/"},"wordCount":622,"commentCount":1,"publisher":{"@id":"https:\/\/sandzakpress.net\/arhiva\/#\/schema\/person\/6e72b67d6e51910a1117b3b483ba20bd"},"image":{"@id":"https:\/\/sandzakpress.net\/arhiva\/kalac-mi-smo-vec-pobijedili-jer-smo-ponudili-crnoj-gori-nesto-sto-do-sada-niko-nije-uspio-da-ponudi\/#primaryimage"},"thumbnailUrl":"https:\/\/sandzakpress.net\/arhiva\/wp-content\/uploads\/2018\/04\/15.jpg","articleSection":["Ro\u017eaje","Politika","Berane","Petnjica","Bijelo Polje","Pljevlja","Plav","Gusinje","VIJESTI DANA","Novine"],"inLanguage":"bs-BA","potentialAction":[{"@type":"CommentAction","name":"Comment","target":["https:\/\/sandzakpress.net\/arhiva\/kalac-mi-smo-vec-pobijedili-jer-smo-ponudili-crnoj-gori-nesto-sto-do-sada-niko-nije-uspio-da-ponudi\/#respond"]}]},{"@type":"WebPage","@id":"https:\/\/sandzakpress.net\/arhiva\/kalac-mi-smo-vec-pobijedili-jer-smo-ponudili-crnoj-gori-nesto-sto-do-sada-niko-nije-uspio-da-ponudi\/","url":"https:\/\/sandzakpress.net\/arhiva\/kalac-mi-smo-vec-pobijedili-jer-smo-ponudili-crnoj-gori-nesto-sto-do-sada-niko-nije-uspio-da-ponudi\/","name":"Kala\u010d: Mi smo ve\u0107 pobijedili, jer smo ponudili Crnoj Gori ne\u0161to \u0161to do sada niko nije uspio da ponudi","isPartOf":{"@id":"https:\/\/sandzakpress.net\/arhiva\/#website"},"primaryImageOfPage":{"@id":"https:\/\/sandzakpress.net\/arhiva\/kalac-mi-smo-vec-pobijedili-jer-smo-ponudili-crnoj-gori-nesto-sto-do-sada-niko-nije-uspio-da-ponudi\/#primaryimage"},"image":{"@id":"https:\/\/sandzakpress.net\/arhiva\/kalac-mi-smo-vec-pobijedili-jer-smo-ponudili-crnoj-gori-nesto-sto-do-sada-niko-nije-uspio-da-ponudi\/#primaryimage"},"thumbnailUrl":"https:\/\/sandzakpress.net\/arhiva\/wp-content\/uploads\/2018\/04\/15.jpg","datePublished":"2018-04-10T19:20:41+00:00","dateModified":"2018-04-10T19:36:03+00:00","breadcrumb":{"@id":"https:\/\/sandzakpress.net\/arhiva\/kalac-mi-smo-vec-pobijedili-jer-smo-ponudili-crnoj-gori-nesto-sto-do-sada-niko-nije-uspio-da-ponudi\/#breadcrumb"},"inLanguage":"bs-BA","potentialAction":[{"@type":"ReadAction","target":["https:\/\/sandzakpress.net\/arhiva\/kalac-mi-smo-vec-pobijedili-jer-smo-ponudili-crnoj-gori-nesto-sto-do-sada-niko-nije-uspio-da-ponudi\/"]}]},{"@type":"ImageObject","inLanguage":"bs-BA","@id":"https:\/\/sandzakpress.net\/arhiva\/kalac-mi-smo-vec-pobijedili-jer-smo-ponudili-crnoj-gori-nesto-sto-do-sada-niko-nije-uspio-da-ponudi\/#primaryimage","url":"https:\/\/sandzakpress.net\/arhiva\/wp-content\/uploads\/2018\/04\/15.jpg","contentUrl":"https:\/\/sandzakpress.net\/arhiva\/wp-content\/uploads\/2018\/04\/15.jpg","width":2048,"height":1362},{"@type":"BreadcrumbList","@id":"https:\/\/sandzakpress.net\/arhiva\/kalac-mi-smo-vec-pobijedili-jer-smo-ponudili-crnoj-gori-nesto-sto-do-sada-niko-nije-uspio-da-ponudi\/#breadcrumb","itemListElement":[{"@type":"ListItem","position":1,"name":"Home","item":"https:\/\/sandzakpress.net\/arhiva\/"},{"@type":"ListItem","position":2,"name":"Kala\u010d: Mi smo ve\u0107 pobijedili, jer smo ponudili Crnoj Gori ne\u0161to \u0161to do sada niko nije uspio da ponudi"}]},{"@type":"WebSite","@id":"https:\/\/sandzakpress.net\/arhiva\/#website","url":"https:\/\/sandzakpress.net\/arhiva\/","name":"Sand\u017eak PRESS","description":"Prve elektronske novine u Sand\u017eaku","publisher":{"@id":"https:\/\/sandzakpress.net\/arhiva\/#\/schema\/person\/6e72b67d6e51910a1117b3b483ba20bd"},"potentialAction":[{"@type":"SearchAction","target":{"@type":"EntryPoint","urlTemplate":"https:\/\/sandzakpress.net\/arhiva\/?s={search_term_string}"},"query-input":{"@type":"PropertyValueSpecification","valueRequired":true,"valueName":"search_term_string"}}],"inLanguage":"bs-BA"},{"@type":["Person","Organization"],"@id":"https:\/\/sandzakpress.net\/arhiva\/#\/schema\/person\/6e72b67d6e51910a1117b3b483ba20bd","name":"Kul","image":{"@type":"ImageObject","inLanguage":"bs-BA","@id":"https:\/\/sandzakpress.net\/arhiva\/#\/schema\/person\/image\/","url":"https:\/\/secure.gravatar.com\/avatar\/42263f39aa27ac04c43cab85c280eb2e?s=96&d=mm&r=pg","contentUrl":"https:\/\/secure.gravatar.com\/avatar\/42263f39aa27ac04c43cab85c280eb2e?s=96&d=mm&r=pg","caption":"Kul"},"logo":{"@id":"https:\/\/sandzakpress.net\/arhiva\/#\/schema\/person\/image\/"}},{"@type":"Person","@id":"https:\/\/sandzakpress.net\/arhiva\/#\/schema\/person\/cb59d7e3ab91ab90dd680ad0305a6185","name":"Agencija","image":{"@type":"ImageObject","inLanguage":"bs-BA","@id":"https:\/\/sandzakpress.net\/arhiva\/#\/schema\/person\/image\/","url":"https:\/\/secure.gravatar.com\/avatar\/4b7fafa80a22f0c2afe23966b3961fe0?s=96&d=mm&r=pg","contentUrl":"https:\/\/secure.gravatar.com\/avatar\/4b7fafa80a22f0c2afe23966b3961fe0?s=96&d=mm&r=pg","caption":"Agencija"},"url":"https:\/\/sandzakpress.net\/arhiva\/author\/agencija\/"}]}},"_links":{"self":[{"href":"https:\/\/sandzakpress.net\/arhiva\/wp-json\/wp\/v2\/posts\/205199"}],"collection":[{"href":"https:\/\/sandzakpress.net\/arhiva\/wp-json\/wp\/v2\/posts"}],"about":[{"href":"https:\/\/sandzakpress.net\/arhiva\/wp-json\/wp\/v2\/types\/post"}],"author":[{"embeddable":true,"href":"https:\/\/sandzakpress.net\/arhiva\/wp-json\/wp\/v2\/users\/509"}],"replies":[{"embeddable":true,"href":"https:\/\/sandzakpress.net\/arhiva\/wp-json\/wp\/v2\/comments?post=205199"}],"version-history":[{"count":0,"href":"https:\/\/sandzakpress.net\/arhiva\/wp-json\/wp\/v2\/posts\/205199\/revisions"}],"wp:featuredmedia":[{"embeddable":true,"href":"https:\/\/sandzakpress.net\/arhiva\/wp-json\/wp\/v2\/media\/205202"}],"wp:attachment":[{"href":"https:\/\/sandzakpress.net\/arhiva\/wp-json\/wp\/v2\/media?parent=205199"}],"wp:term":[{"taxonomy":"category","embeddable":true,"href":"https:\/\/sandzakpress.net\/arhiva\/wp-json\/wp\/v2\/categories?post=205199"},{"taxonomy":"post_tag","embeddable":true,"href":"https:\/\/sandzakpress.net\/arhiva\/wp-json\/wp\/v2\/tags?post=205199"}],"curies":[{"name":"wp","href":"https:\/\/api.w.org\/{rel}","templated":true}]}}