{"id":205197,"date":"2018-04-10T20:45:07","date_gmt":"2018-04-10T18:45:07","guid":{"rendered":"https:\/\/sandzakpress.net\/arhiva\/?p=205197"},"modified":"2018-04-10T21:39:24","modified_gmt":"2018-04-10T19:39:24","slug":"bosnjaci-potvrdili-podrsku-kalacu-u-rozajama-odrzan-zavrsni-skup","status":"publish","type":"post","link":"https:\/\/sandzakpress.net\/arhiva\/bosnjaci-potvrdili-podrsku-kalacu-u-rozajama-odrzan-zavrsni-skup\/","title":{"rendered":"BO\u0160NJACI POTVRDILI PODR\u0160KU KALA\u010cU &#8211; U Ro\u017eajama odr\u017ean zavr\u0161ni skup"},"content":{"rendered":"<p><strong><img loading=\"lazy\" decoding=\"async\" src=\"http:\/\/sanapress.info\/wp-content\/uploads\/2018\/04\/0000.jpg\" class=\"alignnone size-full wp-image-37247\" height=\"1362\" alt=\"\" width=\"2048\"\/><\/strong><\/p>\n<p>U Centru za kulturu u Ro\u017eajama odr\u017ean je zavr\u0161ni skup predsjedni\u010dkog kandidata Crne Gore Hazbije Kala\u010da.<\/p>\n<p>Brojni gra\u0111ani Ro\u017eaja, gosti iz drugih gradova Crne Gore, Bosne i Hercegovine, Srbije, Kosova i Makedonije do\u0161li su podr\u017eati gospodina Kala\u010da na putu do pobjede. Pored njih, mnoge istaknute li\u010dnosti iz kulturnog, javnog i politi\u010dkog \u017eivota bile su dio zavr\u0161nog skupa. Me\u0111u njima i muftija sand\u017ea\u010dki hfz Abdurahman ef. Kujevi\u0107, narodni poslanik u skup\u0161tini Srbije dr. Jahja Fehratovi\u0107, zamjenik direktora kancelarije za vjerska pitanja Republike Srbije dr. Ferid Buli\u0107,predsjednik op\u0161tine Plav gospodin Orhan \u0160ahmanovi\u0107, te univerzitetska profesorica i spisateljica dr. Mersada Nuruddina Agovi\u0107, predstavnici Stranke pravde i pomirenja iz Novog Pazara i Tutina dr. Mustafa Feti\u0107 i Smail Ali\u0107, te v.d. direktor Doma za lica mentalno ometena u razvoju u Tutinu Omer \u0110ondi\u0107.<\/p>\n<p>Predstavljena su i programska na\u010dela predsjedni\u010dkog kandidata Hazbije Kala\u010da koja se sastoje iz klju\u010dnih stvari, a to su:<\/p>\n<ol>\n<li><strong>Mir i stabilnost<\/strong>, \u0161to se smatra osnovom prosperitetnog i razvijenog dru\u0161tva.<\/li>\n<li><strong>Pravna dr\u017eava<\/strong>, \u010dija je osnova vladavina prava koja predstavlja klju\u010dni elemenat svakog funkcionalnog dru\u0161tva, preduvjet ekonomskog razvoja i i prosperiteta dru\u0161tva.<\/li>\n<li><strong>Borba protiv nepotizma<\/strong>, kao rak rane ovog dru\u0161tva bi\u0107e imperativ eventualnog predsjedni\u010dkog mandata Hazbije Kala\u010da.<\/li>\n<li><strong>Prirodni resursi<\/strong>, kojima Sjever obiluje a koji su do sada, smatra Kala\u010d, nekontrolisano iskori\u0161\u0107avani i uni\u0161tavani.<\/li>\n<li><strong>Dijete, majka, porodica<\/strong>, kao stub opstanka jednog dru\u0161tva, za koji dr\u017eava mora izna\u0107i na\u010dina da ga odr\u017ei zdravim, vitalnim i sigurnim.<\/li>\n<li><strong>Regionalni razvoj<\/strong>, obzirom da je ekonomska, demografska i zdravstvena slika Crne Gore negativna.<\/li>\n<li><strong>Dijaspora<\/strong>, jer se njenom afirmacijom u Crnoj Gori mo\u017ee donijeti veliko dobro dr\u017eavi.<\/li>\n<\/ol>\n<p>Prisutnima se obratio i zamjenik predsjednika stranke gospodin Almir Muratovi\u0107 koji je istakao da je ovo iskren i najbolji program koji jedan \u010dovjek mo\u017ee ponuditi Crnoj Gori.<\/p>\n<p><strong><em>\u201eMi nudimo Crnoj Gori \u010dovjeka koji je spreman ispuniti sve navedeno u programu. Za to treba biti hrabar, treba biti od rije\u010di i iskren. To je na\u0161 Hazbija Kala\u010d. Mi \u017eelimo ovoj zemlji dobro, ra\u010dunamo da \u0107e Crna Gora prepoznati ove vrijednosti, te da \u0107e ih podr\u017eati. Svi vi koji ste do\u0161li ve\u010deras, kada iza\u0111ete iz ove sale poka\u017eite i va\u0161im ro\u0111acima, kom\u0161ijama, prijateljima da je ovo prilika da se poka\u017eemo na djelu. Godinama se govorilo: \u201eEh da mi imamo svog kandidata&#8230;\u201c, e pa sada imamo svog kandidata i drago nam je da se to prepoznaje od strane mnogih ljudi drugih politi\u010dkih partija, drugih vjeroispovjesti. Vi odlu\u010dujete u kojem \u0107e pravcu po\u0107i ova zemlja\u201c, <\/em>poru\u010dio je Almir Muratovi\u0107.<\/strong><\/p>\n<p>Go\u0161\u0107a iz Tuzle, univerzitetska profesorica i spisateljica dr. Mersada Nurudina Agovi\u0107 u svom obra\u0107anju podsje\u0107a da je iskrenost najbitnija u svakom djelovanju.<\/p>\n<p><strong><em>\u201eJa sam vjerou\u010diteljica, nikada ne bih bila na krivoj strani. Ja mislim da je ovo prava strana. U ovom sam gradu odrastala, ovdje sam druga cura koja je sebe krunisala hid\u017eabom. \u0160ta god da u \u017eivotu radite, stanite pred ogledalo, pogledajte sebe i ispitajte svoju savjest. Nemojte dozvoliti da vas iko pla\u0161i, da iko uspije da vas zastra\u0161i. U nedjelju stanite pred ogledalom, savjest \u0107e vam re\u0107i sve\u201c, <\/em>isti\u010de dr. Mersada Nurudina Agovi\u0107.<\/strong><\/p>\n<p>Predsjednik op\u0161tine Plav gospodin Orhan \u0160ahmanovi\u0107 prije nekoliko dana javno je podr\u017eao Hazbiju Kala\u010da i pozvao gra\u0111ane svoje op\u0161tine da glasaju tog kandidata na predstoje\u0107im izborima. Obra\u0107aju\u0107i se prisutnima u Ro\u017eajama podvukao je va\u017enost slobode, kako ljudskog duha, tako i slobode izbora. Pozvao je sve ljude da podr\u017ee Kala\u010da, jer \u0107e on, kako smatra prvi \u010dovjek op\u0161tine Plav, donijeti preporod i korjenite promjene u dr\u017eavi, na zadovoljstvo svih gra\u0111ana.<\/p>\n<p><strong><em>\u201e\u010cast mi je \u0161to sam ovdje sa vama, \u0161to mogu da podr\u017eim mog prijatelja i brata Hazbiju Kala\u010da, na\u0161eg predsjednika. Sanjao sam dan kada \u0107emo imati predsjednika dr\u017eave Bo\u0161njaka. Evo prilike da pobijedi multietni\u010dka Crna Gora. Ona nije samo na rije\u010dima, ona se pokazuje na djelima. Dragi prijatelji \u0161irom Crne Gore evo vam \u0161anse da poka\u017eete da ste multietni\u010dni. Obe\u0107avali su mnogo, a \u0161ta su uradili za 27 godina? Obezbijedili su radna mjesta, ali u Njema\u010dkoj, Austriji, zemljama Evrope, Americi. Razmi\u0161ljao sam \u0161ta \u0107u danas govoriti, ali sam odlu\u010dio da podvu\u010dem samo ovo. Moj izbor je Hazbija Kala\u010d!\u201c, <\/em>poru\u010duje predsjednik op\u0161tine Plav Orhan \u0160ahmanovi\u0107.<\/strong><\/p>\n<p>Narodni poslanik dr. Jahja Fehratovi\u0107 poselamio je sve prisutne. On je istakao da je u sretan \u0161to vidi da je narod Crne Gore spreman za promjene, nove ljude, progres i novo vrijeme.<\/p>\n<p><strong><em>\u201eVe\u010deras se osje\u0107am zaista posebno i sretno, jer vidim ne\u0161to \u0161to do sada nije imalo u ovoj Sali. Vidim da je kona\u010dno i u Ju\u017enom Sand\u017eaku plaho ojugovilo. \u017delim da vam \u010destitam na tome \u0161to ste krenuli vra\u0107ati su\u0161tinu na\u0161eg postojanja na ovim prostorima, a to je rije\u010d, besa, \u010dojstvo. Bo\u0161njak je \u010dovjek rije\u010di, a rije\u010d je ne\u0161to krupno, ne\u0161to sveto. Ono \u0161to imamo i ono \u0161to svjedo\u010dim pred svima vama jeste da Bo\u0161njaci kona\u010dno imaju \u010dovjeka koga prate i djela i rije\u010di, a to je na\u0161 Hazbija Kala\u010d. Onda kada je trebalo odr\u017eati besu, na\u0161 Hazbija je to odr\u017eao. Kod Albanaca je ne\u0161to najve\u0107e besa, tako da mislim da Albanci nemaju drugo rje\u0161enje, osim da podr\u017ei Hazbiju, jer je odr\u017eao besu. U narodu Crne Gore je ne\u0161to najbitnije \u010dojstvo. Hazbija Kala\u010d je odr\u017eao i besu i \u010dojstvo, tako da svi oni koji vjeruju u ove vrijednosti neka to i doka\u017eu. Ima li toga koji je dovoljno hrabar me\u0111u Bo\u0161njacima da mu ruka zadrhti i da zaokru\u017ei drugog i da podr\u0161ku drugom mimo Hazbije Kala\u010da, brata Bo\u0161njaka. Ne vjerujem da ovdje ima \u010dovjeka koji u sebi ima morala da glasa bilo koga drugog osim svog brata, prijatelja, kom\u0161iju \u2013 Hazbiju Kala\u010da. \u017delim ovdje javno odati po\u010dast jo\u0161 jednom Bo\u0161njaku, na\u0161em bratu Orhanu. Na jednom skupu u Podgorici gdje je bilo dosta Crnogoraca, namjerno sam pokrenuo pitanje izbora i pitao Orhana koga \u0107e glasati Plav i Gusinje, a on mi je javno, pred svima njima rekao da Plav i Gusinje nemaju koga glasati osim brata Bo\u0161njaka Hazbiju Kala\u010da. E to su na\u0161i uspravni i ponosni Bo\u0161njaci koji su odr\u017eali rije\u010d svojih predaka. Ja vjerujem da je ovo po\u010detak otrije\u017enjenja, te da \u0107e se stvari od ovih izbora gledati i srcem i razumom. Svi koji vjeruju u opstanak svog naroda na ovim prostorima, svoj emanet, besu i \u010dojstvo da\u0107e glas onome ko je sposoban i spreman da to odr\u017ei. Do pobjede, Hazbija Kala\u010d!\u201c, <\/em>ka\u017ee Fehratovi\u0107.<\/strong><\/p>\n<p>\u0160alju\u0107i poruku bira\u010dima kroz i\u0161\u010ditana programska na\u010dela predsjedni\u010dki kandidat je poru\u010dio da je situacija te\u0161ka i slo\u017eena, te da su na sceni i dalje decenijski problemi i izazovi koji sve gra\u0111ane zajedno i podjednako \u010dekaju budu\u0107nosti. Me\u0111utim, smatra Kala\u010d, jo\u0161 uvijek nije kasno.<\/p>\n<p><strong><em>\u201eOsloba\u0111anjem duha ovog naroda, bez obzira na ishod izbora, mi smo ve\u0107 pobjedili! Samo jedan Bog zna \u0161ta \u0107e biti sutra, a na\u0161e je da radimo, da se trudimo da svima bude bolje. Moja pobjeda je ostvarena na neki na\u010din, ali ako se ova dr\u017eava deklarisala da ide putem eurointegracija, onda neka se i doka\u017ee. Cilj nije u cilju, cilj je u putu do cilja. Nisam iza\u0161ao na ovaj mejdan da bih ostvario neki procenat, ve\u0107 da pobijedim. Smatram da smo ovim pomogli Crnoj Gori, jer smo ovim \u010dinom potvrdili, koliko-toliko, da je Crna Gora multietni\u010dna. Naravno, kona\u010dna potvrda bi bila kada bi to i na djelu pokazala. Dug je ovo put, ali mi smo ti koji mijenjamo Crnu Goru, koju do\u017eivljavamo, za koju smo se deklarisali da je na\u0161a dr\u017eava, podjednako kao i svih drugih naroda\u201c, <\/em>poru\u010duje Kala\u010d.<\/strong><\/p>\n<p>Hazbija Kala\u010d navodi da nije u\u0161ao u politiku radi li\u010dnog interesa, jer ga to uop\u0161te ne zanima. Tu je, podsje\u0107a, da uradi ne\u0161to korisno za dr\u017eavu i narod.<\/p>\n<p><iframe loading=\"lazy\" src=\"https:\/\/www.facebook.com\/plugins\/video.php?href=https%3A%2F%2Fwww.facebook.com%2Fspp.u.cg%2Fvideos%2F1701692926591131%2F&#038;show_text=0&#038;width=560\" width=\"560\" height=\"314\" frameborder=\"0\" scrolling=\"no\" allowfullscreen data-mce-fragment=\"1\"><\/iframe><strong><em>\u201eJa pripadam grupi ljudi koji druga\u010dije gledaju na politiku. Ja nisam od onih koji se bave politikom kako bi u politici na\u0161li li\u010dni interes. U tome je velika razlika izme\u0111u nas i njih. Za Crnu Goru \u0107emo kao takvi, kao i za sve gra\u0111ane Crne Gore biti najbolje rje\u0161enje. Na\u0161a ponuda je ponuda koja je najbli\u017ea istinskim potrebama dru\u0161tva. Na\u0161a stranka nije ni striktno lijeva niti desna, ve\u0107 partija centra. Siguran sam da je narod to prepoznao. Mi smo garancija za stvarnu multietni\u010dnost. Ne\u0107emo dozvoliti duple standarde, niti razli\u010dite ar\u0161ine. Moramo to ispraviti i uspostaviti nivo komunikacije me\u0111u narodom na pravi na\u010din, da svaki gra\u0111anin voli svoju dr\u017eavu i da je nipo\u0161to ne napu\u0161ta. Kao predsjedni\u010dki kandidat imam odgovore na va\u017ena pitanja, te kako zaustaviti devastaciju, kako prirodnu i dru\u0161tvenu, tako i proces iseljavanja koji je glavni problem. Ne smijemo dozvoliti da se mladi ljudi, trbuhom za kruhom iseljavaju, a da oni koji kreiraju politi\u010dku stvarnost do\u0111u ovdje i uzimaju glasove na konto pri\u010de o iseljavanju. Paraunu\u010dad su nam zadu\u017eili, a na fiktivnim radnim mjestima postavili su neke ljude koje pla\u0107aju iz kredita, jer nemaju stvarni fondovi iz kojih \u0107e ih finansirati. Pozivam sve gra\u0111ane da ovaj projekat podr\u017eite, kako bismo se suprostavili svim ovim problemima. Mislim da je na\u0161a ponuda najbolja, najplemenitija, najhumanija i najljudskija, jer na\u0161a rije\u010d je rije\u010d koju \u0107emo dr\u017eati. Ona zna\u010di zavjet, jer njome dajemo besu. U nedjelju poka\u017eimo da smo za druga\u010diju Crnu Goru. Siguran sam da \u0107e moja rije\u010d do\u0107i do va\u0161ih srca, te je u tom smislu pobjedu tu, pored nas\u201c, ka\u017ee Kala\u010d.<\/em><\/strong><\/p>\n<p>Predsjedni\u010dki izbori odr\u017ea\u0107e se u nedjelju, 15.04.2018. godine, a predsjedni\u010dki kandidat Hazbija Kala\u010d na\u0107i \u0107e se pod rednim brojem 3.<\/p>\n<p><strong>Izvor: SANA \u2013 Hamza \u0160krijelj,\u00a0FOTO: Enver \u0110ondi\u0107<\/strong><\/p>\n<p><iframe loading=\"lazy\" src=\"https:\/\/www.facebook.com\/plugins\/post.php?href=https%3A%2F%2Fwww.facebook.com%2Fmedia%2Fset%2F%3Fset%3Da.1701739379919819.1073741833.527393817354387%26type%3D3&#038;width=500\" width=\"500\" height=\"645\" frameborder=\"0\" scrolling=\"no\" data-mce-fragment=\"1\"><\/iframe><br \/>\n<img loading=\"lazy\" decoding=\"async\" src=\"http:\/\/sanapress.info\/wp-content\/uploads\/2018\/04\/7.jpg\" class=\"alignnone size-full wp-image-37254\" height=\"1362\" alt=\"\" width=\"2048\"\/><img loading=\"lazy\" decoding=\"async\" src=\"http:\/\/sanapress.info\/wp-content\/uploads\/2018\/04\/6-1.jpg\" class=\"alignnone wp-image-37253 size-full\" height=\"1362\" alt=\"\" width=\"2048\"\/><img loading=\"lazy\" decoding=\"async\" src=\"http:\/\/sanapress.info\/wp-content\/uploads\/2018\/04\/5-1.jpg\" class=\"alignnone wp-image-37252 size-full\" height=\"1362\" alt=\"\" width=\"2048\"\/><img loading=\"lazy\" decoding=\"async\" src=\"http:\/\/sanapress.info\/wp-content\/uploads\/2018\/04\/9.jpg\" class=\"alignnone size-full wp-image-37256\" height=\"1362\" alt=\"\" width=\"2048\"\/><img loading=\"lazy\" decoding=\"async\" src=\"http:\/\/sanapress.info\/wp-content\/uploads\/2018\/04\/2-4.jpg\" class=\"alignnone wp-image-37250 size-full\" height=\"1362\" alt=\"\" width=\"2048\"\/><img loading=\"lazy\" decoding=\"async\" src=\"http:\/\/sanapress.info\/wp-content\/uploads\/2018\/04\/1-4.jpg\" class=\"alignnone wp-image-37249 size-full\" height=\"1362\" alt=\"\" width=\"2048\"\/><img loading=\"lazy\" decoding=\"async\" src=\"http:\/\/sanapress.info\/wp-content\/uploads\/2018\/04\/10.jpg\" class=\"alignnone size-full wp-image-37257\" height=\"1362\" alt=\"\" width=\"2048\"\/><img loading=\"lazy\" decoding=\"async\" src=\"http:\/\/sanapress.info\/wp-content\/uploads\/2018\/04\/8.jpg\" class=\"alignnone size-full wp-image-37255\" height=\"1362\" alt=\"\" width=\"2048\"\/><img loading=\"lazy\" decoding=\"async\" src=\"http:\/\/sanapress.info\/wp-content\/uploads\/2018\/04\/11.jpg\" class=\"alignnone wp-image-37258 size-full\" height=\"1362\" alt=\"\" width=\"2048\"\/><img loading=\"lazy\" decoding=\"async\" src=\"http:\/\/sanapress.info\/wp-content\/uploads\/2018\/04\/12.jpg\" class=\"alignnone wp-image-37259 size-full\" height=\"1362\" alt=\"\" width=\"2048\"\/><img loading=\"lazy\" decoding=\"async\" src=\"http:\/\/sanapress.info\/wp-content\/uploads\/2018\/04\/13.jpg\" class=\"alignnone wp-image-37260 size-full\" height=\"1362\" alt=\"\" width=\"2048\"\/><img loading=\"lazy\" decoding=\"async\" src=\"http:\/\/sanapress.info\/wp-content\/uploads\/2018\/04\/14.jpg\" class=\"alignnone wp-image-37261 size-full\" height=\"1362\" alt=\"\" width=\"2048\"\/><img loading=\"lazy\" decoding=\"async\" src=\"http:\/\/sanapress.info\/wp-content\/uploads\/2018\/04\/15.jpg\" class=\"alignnone wp-image-37262 size-full\" height=\"1362\" alt=\"\" width=\"2048\"\/><img loading=\"lazy\" decoding=\"async\" src=\"http:\/\/sanapress.info\/wp-content\/uploads\/2018\/04\/16.jpg\" class=\"alignnone wp-image-37263 size-full\" height=\"1362\" alt=\"\" width=\"2048\"\/><img loading=\"lazy\" decoding=\"async\" src=\"http:\/\/sanapress.info\/wp-content\/uploads\/2018\/04\/17.jpg\" class=\"alignnone wp-image-37264 size-full\" height=\"1362\" alt=\"\" width=\"2048\"\/><img loading=\"lazy\" decoding=\"async\" src=\"http:\/\/sanapress.info\/wp-content\/uploads\/2018\/04\/18.jpg\" class=\"alignnone wp-image-37265 size-full\" height=\"1362\" alt=\"\" width=\"2048\"\/><\/p>\n<p><strong><em>\u00a0<\/em><\/strong><\/p>\n","protected":false},"excerpt":{"rendered":"<p>U Centru za kulturu u Ro\u017eajama odr\u017ean je zavr\u0161ni skup predsjedni\u010dkog kandidata Crne Gore Hazbije Kala\u010da. Brojni gra\u0111ani Ro\u017eaja, gosti iz drugih gradova Crne Gore, Bosne i Hercegovine, Srbije, Kosova i Makedonije do\u0161li su podr\u017eati gospodina Kala\u010da na putu do pobjede. Pored njih, mnoge istaknute li\u010dnosti iz kulturnog, javnog i politi\u010dkog \u017eivota bile su dio [&hellip;]<\/p>\n","protected":false},"author":509,"featured_media":205200,"comment_status":"open","ping_status":"open","sticky":false,"template":"","format":"standard","meta":{"footnotes":""},"categories":[398,1,397,10174,396,395,399,10173,8957],"tags":[],"class_list":{"0":"post-205197","1":"post","2":"type-post","3":"status-publish","4":"format-standard","5":"has-post-thumbnail","7":"category-rozaje","8":"category-politika","9":"category-berane","10":"category-petnjica-vase-vijesti","11":"category-bijelo_polje","12":"category-pljevlja_","13":"category-plav_","14":"category-gusinje-vase-vijesti","15":"category-vijesti-dana"},"yoast_head":"<!-- This site is optimized with the Yoast SEO Premium plugin v23.1 (Yoast SEO v24.9) - https:\/\/yoast.com\/wordpress\/plugins\/seo\/ -->\n<title>BO\u0160NJACI POTVRDILI PODR\u0160KU KALA\u010cU - U Ro\u017eajama odr\u017ean zavr\u0161ni skup<\/title>\n<meta name=\"robots\" content=\"index, follow, max-snippet:-1, max-image-preview:large, max-video-preview:-1\" \/>\n<link rel=\"canonical\" href=\"https:\/\/sandzakpress.net\/arhiva\/bosnjaci-potvrdili-podrsku-kalacu-u-rozajama-odrzan-zavrsni-skup\/\" \/>\n<meta property=\"og:locale\" content=\"bs_BA\" \/>\n<meta property=\"og:type\" content=\"article\" \/>\n<meta property=\"og:title\" content=\"BO\u0160NJACI POTVRDILI PODR\u0160KU KALA\u010cU - U Ro\u017eajama odr\u017ean zavr\u0161ni skup\" \/>\n<meta property=\"og:description\" content=\"U Centru za kulturu u Ro\u017eajama odr\u017ean je zavr\u0161ni skup predsjedni\u010dkog kandidata Crne Gore Hazbije Kala\u010da. Brojni gra\u0111ani Ro\u017eaja, gosti iz drugih gradova Crne Gore, Bosne i Hercegovine, Srbije, Kosova i Makedonije do\u0161li su podr\u017eati gospodina Kala\u010da na putu do pobjede. Pored njih, mnoge istaknute li\u010dnosti iz kulturnog, javnog i politi\u010dkog \u017eivota bile su dio [&hellip;]\" \/>\n<meta property=\"og:url\" content=\"https:\/\/sandzakpress.net\/arhiva\/bosnjaci-potvrdili-podrsku-kalacu-u-rozajama-odrzan-zavrsni-skup\/\" \/>\n<meta property=\"og:site_name\" content=\"Sand\u017eak PRESS\" \/>\n<meta property=\"article:published_time\" content=\"2018-04-10T18:45:07+00:00\" \/>\n<meta property=\"article:modified_time\" content=\"2018-04-10T19:39:24+00:00\" \/>\n<meta property=\"og:image\" content=\"https:\/\/sandzakpress.net\/arhiva\/wp-content\/uploads\/2018\/04\/0000.jpg\" \/>\n\t<meta property=\"og:image:width\" content=\"2048\" \/>\n\t<meta property=\"og:image:height\" content=\"1362\" \/>\n\t<meta property=\"og:image:type\" content=\"image\/jpeg\" \/>\n<meta name=\"author\" content=\"Agencija\" \/>\n<meta name=\"twitter:card\" content=\"summary_large_image\" \/>\n<meta name=\"twitter:label1\" content=\"Written by\" \/>\n\t<meta name=\"twitter:data1\" content=\"Agencija\" \/>\n\t<meta name=\"twitter:label2\" content=\"Est. reading time\" \/>\n\t<meta name=\"twitter:data2\" content=\"9 minuta\" \/>\n<script type=\"application\/ld+json\" class=\"yoast-schema-graph\">{\"@context\":\"https:\/\/schema.org\",\"@graph\":[{\"@type\":\"Article\",\"@id\":\"https:\/\/sandzakpress.net\/arhiva\/bosnjaci-potvrdili-podrsku-kalacu-u-rozajama-odrzan-zavrsni-skup\/#article\",\"isPartOf\":{\"@id\":\"https:\/\/sandzakpress.net\/arhiva\/bosnjaci-potvrdili-podrsku-kalacu-u-rozajama-odrzan-zavrsni-skup\/\"},\"author\":{\"name\":\"Agencija\",\"@id\":\"https:\/\/sandzakpress.net\/arhiva\/#\/schema\/person\/cb59d7e3ab91ab90dd680ad0305a6185\"},\"headline\":\"BO\u0160NJACI POTVRDILI PODR\u0160KU KALA\u010cU &#8211; U Ro\u017eajama odr\u017ean zavr\u0161ni skup\",\"datePublished\":\"2018-04-10T18:45:07+00:00\",\"dateModified\":\"2018-04-10T19:39:24+00:00\",\"mainEntityOfPage\":{\"@id\":\"https:\/\/sandzakpress.net\/arhiva\/bosnjaci-potvrdili-podrsku-kalacu-u-rozajama-odrzan-zavrsni-skup\/\"},\"wordCount\":1755,\"commentCount\":0,\"publisher\":{\"@id\":\"https:\/\/sandzakpress.net\/arhiva\/#\/schema\/person\/6e72b67d6e51910a1117b3b483ba20bd\"},\"image\":{\"@id\":\"https:\/\/sandzakpress.net\/arhiva\/bosnjaci-potvrdili-podrsku-kalacu-u-rozajama-odrzan-zavrsni-skup\/#primaryimage\"},\"thumbnailUrl\":\"https:\/\/sandzakpress.net\/arhiva\/wp-content\/uploads\/2018\/04\/0000.jpg\",\"articleSection\":[\"Ro\u017eaje\",\"Politika\",\"Berane\",\"Petnjica\",\"Bijelo Polje\",\"Pljevlja\",\"Plav\",\"Gusinje\",\"VIJESTI DANA\"],\"inLanguage\":\"bs-BA\",\"potentialAction\":[{\"@type\":\"CommentAction\",\"name\":\"Comment\",\"target\":[\"https:\/\/sandzakpress.net\/arhiva\/bosnjaci-potvrdili-podrsku-kalacu-u-rozajama-odrzan-zavrsni-skup\/#respond\"]}]},{\"@type\":\"WebPage\",\"@id\":\"https:\/\/sandzakpress.net\/arhiva\/bosnjaci-potvrdili-podrsku-kalacu-u-rozajama-odrzan-zavrsni-skup\/\",\"url\":\"https:\/\/sandzakpress.net\/arhiva\/bosnjaci-potvrdili-podrsku-kalacu-u-rozajama-odrzan-zavrsni-skup\/\",\"name\":\"BO\u0160NJACI POTVRDILI PODR\u0160KU KALA\u010cU - U Ro\u017eajama odr\u017ean zavr\u0161ni skup\",\"isPartOf\":{\"@id\":\"https:\/\/sandzakpress.net\/arhiva\/#website\"},\"primaryImageOfPage\":{\"@id\":\"https:\/\/sandzakpress.net\/arhiva\/bosnjaci-potvrdili-podrsku-kalacu-u-rozajama-odrzan-zavrsni-skup\/#primaryimage\"},\"image\":{\"@id\":\"https:\/\/sandzakpress.net\/arhiva\/bosnjaci-potvrdili-podrsku-kalacu-u-rozajama-odrzan-zavrsni-skup\/#primaryimage\"},\"thumbnailUrl\":\"https:\/\/sandzakpress.net\/arhiva\/wp-content\/uploads\/2018\/04\/0000.jpg\",\"datePublished\":\"2018-04-10T18:45:07+00:00\",\"dateModified\":\"2018-04-10T19:39:24+00:00\",\"breadcrumb\":{\"@id\":\"https:\/\/sandzakpress.net\/arhiva\/bosnjaci-potvrdili-podrsku-kalacu-u-rozajama-odrzan-zavrsni-skup\/#breadcrumb\"},\"inLanguage\":\"bs-BA\",\"potentialAction\":[{\"@type\":\"ReadAction\",\"target\":[\"https:\/\/sandzakpress.net\/arhiva\/bosnjaci-potvrdili-podrsku-kalacu-u-rozajama-odrzan-zavrsni-skup\/\"]}]},{\"@type\":\"ImageObject\",\"inLanguage\":\"bs-BA\",\"@id\":\"https:\/\/sandzakpress.net\/arhiva\/bosnjaci-potvrdili-podrsku-kalacu-u-rozajama-odrzan-zavrsni-skup\/#primaryimage\",\"url\":\"https:\/\/sandzakpress.net\/arhiva\/wp-content\/uploads\/2018\/04\/0000.jpg\",\"contentUrl\":\"https:\/\/sandzakpress.net\/arhiva\/wp-content\/uploads\/2018\/04\/0000.jpg\",\"width\":2048,\"height\":1362},{\"@type\":\"BreadcrumbList\",\"@id\":\"https:\/\/sandzakpress.net\/arhiva\/bosnjaci-potvrdili-podrsku-kalacu-u-rozajama-odrzan-zavrsni-skup\/#breadcrumb\",\"itemListElement\":[{\"@type\":\"ListItem\",\"position\":1,\"name\":\"Home\",\"item\":\"https:\/\/sandzakpress.net\/arhiva\/\"},{\"@type\":\"ListItem\",\"position\":2,\"name\":\"BO\u0160NJACI POTVRDILI PODR\u0160KU KALA\u010cU &#8211; U Ro\u017eajama odr\u017ean zavr\u0161ni skup\"}]},{\"@type\":\"WebSite\",\"@id\":\"https:\/\/sandzakpress.net\/arhiva\/#website\",\"url\":\"https:\/\/sandzakpress.net\/arhiva\/\",\"name\":\"Sand\u017eak PRESS\",\"description\":\"Prve elektronske novine u Sand\u017eaku\",\"publisher\":{\"@id\":\"https:\/\/sandzakpress.net\/arhiva\/#\/schema\/person\/6e72b67d6e51910a1117b3b483ba20bd\"},\"potentialAction\":[{\"@type\":\"SearchAction\",\"target\":{\"@type\":\"EntryPoint\",\"urlTemplate\":\"https:\/\/sandzakpress.net\/arhiva\/?s={search_term_string}\"},\"query-input\":{\"@type\":\"PropertyValueSpecification\",\"valueRequired\":true,\"valueName\":\"search_term_string\"}}],\"inLanguage\":\"bs-BA\"},{\"@type\":[\"Person\",\"Organization\"],\"@id\":\"https:\/\/sandzakpress.net\/arhiva\/#\/schema\/person\/6e72b67d6e51910a1117b3b483ba20bd\",\"name\":\"Kul\",\"image\":{\"@type\":\"ImageObject\",\"inLanguage\":\"bs-BA\",\"@id\":\"https:\/\/sandzakpress.net\/arhiva\/#\/schema\/person\/image\/\",\"url\":\"https:\/\/secure.gravatar.com\/avatar\/42263f39aa27ac04c43cab85c280eb2e?s=96&d=mm&r=pg\",\"contentUrl\":\"https:\/\/secure.gravatar.com\/avatar\/42263f39aa27ac04c43cab85c280eb2e?s=96&d=mm&r=pg\",\"caption\":\"Kul\"},\"logo\":{\"@id\":\"https:\/\/sandzakpress.net\/arhiva\/#\/schema\/person\/image\/\"}},{\"@type\":\"Person\",\"@id\":\"https:\/\/sandzakpress.net\/arhiva\/#\/schema\/person\/cb59d7e3ab91ab90dd680ad0305a6185\",\"name\":\"Agencija\",\"image\":{\"@type\":\"ImageObject\",\"inLanguage\":\"bs-BA\",\"@id\":\"https:\/\/sandzakpress.net\/arhiva\/#\/schema\/person\/image\/\",\"url\":\"https:\/\/secure.gravatar.com\/avatar\/4b7fafa80a22f0c2afe23966b3961fe0?s=96&d=mm&r=pg\",\"contentUrl\":\"https:\/\/secure.gravatar.com\/avatar\/4b7fafa80a22f0c2afe23966b3961fe0?s=96&d=mm&r=pg\",\"caption\":\"Agencija\"},\"url\":\"https:\/\/sandzakpress.net\/arhiva\/author\/agencija\/\"}]}<\/script>\n<!-- \/ Yoast SEO Premium plugin. -->","yoast_head_json":{"title":"BO\u0160NJACI POTVRDILI PODR\u0160KU KALA\u010cU - U Ro\u017eajama odr\u017ean zavr\u0161ni skup","robots":{"index":"index","follow":"follow","max-snippet":"max-snippet:-1","max-image-preview":"max-image-preview:large","max-video-preview":"max-video-preview:-1"},"canonical":"https:\/\/sandzakpress.net\/arhiva\/bosnjaci-potvrdili-podrsku-kalacu-u-rozajama-odrzan-zavrsni-skup\/","og_locale":"bs_BA","og_type":"article","og_title":"BO\u0160NJACI POTVRDILI PODR\u0160KU KALA\u010cU - U Ro\u017eajama odr\u017ean zavr\u0161ni skup","og_description":"U Centru za kulturu u Ro\u017eajama odr\u017ean je zavr\u0161ni skup predsjedni\u010dkog kandidata Crne Gore Hazbije Kala\u010da. Brojni gra\u0111ani Ro\u017eaja, gosti iz drugih gradova Crne Gore, Bosne i Hercegovine, Srbije, Kosova i Makedonije do\u0161li su podr\u017eati gospodina Kala\u010da na putu do pobjede. Pored njih, mnoge istaknute li\u010dnosti iz kulturnog, javnog i politi\u010dkog \u017eivota bile su dio [&hellip;]","og_url":"https:\/\/sandzakpress.net\/arhiva\/bosnjaci-potvrdili-podrsku-kalacu-u-rozajama-odrzan-zavrsni-skup\/","og_site_name":"Sand\u017eak PRESS","article_published_time":"2018-04-10T18:45:07+00:00","article_modified_time":"2018-04-10T19:39:24+00:00","og_image":[{"width":2048,"height":1362,"url":"https:\/\/sandzakpress.net\/arhiva\/wp-content\/uploads\/2018\/04\/0000.jpg","type":"image\/jpeg"}],"author":"Agencija","twitter_card":"summary_large_image","twitter_misc":{"Written by":"Agencija","Est. reading time":"9 minuta"},"schema":{"@context":"https:\/\/schema.org","@graph":[{"@type":"Article","@id":"https:\/\/sandzakpress.net\/arhiva\/bosnjaci-potvrdili-podrsku-kalacu-u-rozajama-odrzan-zavrsni-skup\/#article","isPartOf":{"@id":"https:\/\/sandzakpress.net\/arhiva\/bosnjaci-potvrdili-podrsku-kalacu-u-rozajama-odrzan-zavrsni-skup\/"},"author":{"name":"Agencija","@id":"https:\/\/sandzakpress.net\/arhiva\/#\/schema\/person\/cb59d7e3ab91ab90dd680ad0305a6185"},"headline":"BO\u0160NJACI POTVRDILI PODR\u0160KU KALA\u010cU &#8211; U Ro\u017eajama odr\u017ean zavr\u0161ni skup","datePublished":"2018-04-10T18:45:07+00:00","dateModified":"2018-04-10T19:39:24+00:00","mainEntityOfPage":{"@id":"https:\/\/sandzakpress.net\/arhiva\/bosnjaci-potvrdili-podrsku-kalacu-u-rozajama-odrzan-zavrsni-skup\/"},"wordCount":1755,"commentCount":0,"publisher":{"@id":"https:\/\/sandzakpress.net\/arhiva\/#\/schema\/person\/6e72b67d6e51910a1117b3b483ba20bd"},"image":{"@id":"https:\/\/sandzakpress.net\/arhiva\/bosnjaci-potvrdili-podrsku-kalacu-u-rozajama-odrzan-zavrsni-skup\/#primaryimage"},"thumbnailUrl":"https:\/\/sandzakpress.net\/arhiva\/wp-content\/uploads\/2018\/04\/0000.jpg","articleSection":["Ro\u017eaje","Politika","Berane","Petnjica","Bijelo Polje","Pljevlja","Plav","Gusinje","VIJESTI DANA"],"inLanguage":"bs-BA","potentialAction":[{"@type":"CommentAction","name":"Comment","target":["https:\/\/sandzakpress.net\/arhiva\/bosnjaci-potvrdili-podrsku-kalacu-u-rozajama-odrzan-zavrsni-skup\/#respond"]}]},{"@type":"WebPage","@id":"https:\/\/sandzakpress.net\/arhiva\/bosnjaci-potvrdili-podrsku-kalacu-u-rozajama-odrzan-zavrsni-skup\/","url":"https:\/\/sandzakpress.net\/arhiva\/bosnjaci-potvrdili-podrsku-kalacu-u-rozajama-odrzan-zavrsni-skup\/","name":"BO\u0160NJACI POTVRDILI PODR\u0160KU KALA\u010cU - U Ro\u017eajama odr\u017ean zavr\u0161ni skup","isPartOf":{"@id":"https:\/\/sandzakpress.net\/arhiva\/#website"},"primaryImageOfPage":{"@id":"https:\/\/sandzakpress.net\/arhiva\/bosnjaci-potvrdili-podrsku-kalacu-u-rozajama-odrzan-zavrsni-skup\/#primaryimage"},"image":{"@id":"https:\/\/sandzakpress.net\/arhiva\/bosnjaci-potvrdili-podrsku-kalacu-u-rozajama-odrzan-zavrsni-skup\/#primaryimage"},"thumbnailUrl":"https:\/\/sandzakpress.net\/arhiva\/wp-content\/uploads\/2018\/04\/0000.jpg","datePublished":"2018-04-10T18:45:07+00:00","dateModified":"2018-04-10T19:39:24+00:00","breadcrumb":{"@id":"https:\/\/sandzakpress.net\/arhiva\/bosnjaci-potvrdili-podrsku-kalacu-u-rozajama-odrzan-zavrsni-skup\/#breadcrumb"},"inLanguage":"bs-BA","potentialAction":[{"@type":"ReadAction","target":["https:\/\/sandzakpress.net\/arhiva\/bosnjaci-potvrdili-podrsku-kalacu-u-rozajama-odrzan-zavrsni-skup\/"]}]},{"@type":"ImageObject","inLanguage":"bs-BA","@id":"https:\/\/sandzakpress.net\/arhiva\/bosnjaci-potvrdili-podrsku-kalacu-u-rozajama-odrzan-zavrsni-skup\/#primaryimage","url":"https:\/\/sandzakpress.net\/arhiva\/wp-content\/uploads\/2018\/04\/0000.jpg","contentUrl":"https:\/\/sandzakpress.net\/arhiva\/wp-content\/uploads\/2018\/04\/0000.jpg","width":2048,"height":1362},{"@type":"BreadcrumbList","@id":"https:\/\/sandzakpress.net\/arhiva\/bosnjaci-potvrdili-podrsku-kalacu-u-rozajama-odrzan-zavrsni-skup\/#breadcrumb","itemListElement":[{"@type":"ListItem","position":1,"name":"Home","item":"https:\/\/sandzakpress.net\/arhiva\/"},{"@type":"ListItem","position":2,"name":"BO\u0160NJACI POTVRDILI PODR\u0160KU KALA\u010cU &#8211; U Ro\u017eajama odr\u017ean zavr\u0161ni skup"}]},{"@type":"WebSite","@id":"https:\/\/sandzakpress.net\/arhiva\/#website","url":"https:\/\/sandzakpress.net\/arhiva\/","name":"Sand\u017eak PRESS","description":"Prve elektronske novine u Sand\u017eaku","publisher":{"@id":"https:\/\/sandzakpress.net\/arhiva\/#\/schema\/person\/6e72b67d6e51910a1117b3b483ba20bd"},"potentialAction":[{"@type":"SearchAction","target":{"@type":"EntryPoint","urlTemplate":"https:\/\/sandzakpress.net\/arhiva\/?s={search_term_string}"},"query-input":{"@type":"PropertyValueSpecification","valueRequired":true,"valueName":"search_term_string"}}],"inLanguage":"bs-BA"},{"@type":["Person","Organization"],"@id":"https:\/\/sandzakpress.net\/arhiva\/#\/schema\/person\/6e72b67d6e51910a1117b3b483ba20bd","name":"Kul","image":{"@type":"ImageObject","inLanguage":"bs-BA","@id":"https:\/\/sandzakpress.net\/arhiva\/#\/schema\/person\/image\/","url":"https:\/\/secure.gravatar.com\/avatar\/42263f39aa27ac04c43cab85c280eb2e?s=96&d=mm&r=pg","contentUrl":"https:\/\/secure.gravatar.com\/avatar\/42263f39aa27ac04c43cab85c280eb2e?s=96&d=mm&r=pg","caption":"Kul"},"logo":{"@id":"https:\/\/sandzakpress.net\/arhiva\/#\/schema\/person\/image\/"}},{"@type":"Person","@id":"https:\/\/sandzakpress.net\/arhiva\/#\/schema\/person\/cb59d7e3ab91ab90dd680ad0305a6185","name":"Agencija","image":{"@type":"ImageObject","inLanguage":"bs-BA","@id":"https:\/\/sandzakpress.net\/arhiva\/#\/schema\/person\/image\/","url":"https:\/\/secure.gravatar.com\/avatar\/4b7fafa80a22f0c2afe23966b3961fe0?s=96&d=mm&r=pg","contentUrl":"https:\/\/secure.gravatar.com\/avatar\/4b7fafa80a22f0c2afe23966b3961fe0?s=96&d=mm&r=pg","caption":"Agencija"},"url":"https:\/\/sandzakpress.net\/arhiva\/author\/agencija\/"}]}},"_links":{"self":[{"href":"https:\/\/sandzakpress.net\/arhiva\/wp-json\/wp\/v2\/posts\/205197"}],"collection":[{"href":"https:\/\/sandzakpress.net\/arhiva\/wp-json\/wp\/v2\/posts"}],"about":[{"href":"https:\/\/sandzakpress.net\/arhiva\/wp-json\/wp\/v2\/types\/post"}],"author":[{"embeddable":true,"href":"https:\/\/sandzakpress.net\/arhiva\/wp-json\/wp\/v2\/users\/509"}],"replies":[{"embeddable":true,"href":"https:\/\/sandzakpress.net\/arhiva\/wp-json\/wp\/v2\/comments?post=205197"}],"version-history":[{"count":0,"href":"https:\/\/sandzakpress.net\/arhiva\/wp-json\/wp\/v2\/posts\/205197\/revisions"}],"wp:featuredmedia":[{"embeddable":true,"href":"https:\/\/sandzakpress.net\/arhiva\/wp-json\/wp\/v2\/media\/205200"}],"wp:attachment":[{"href":"https:\/\/sandzakpress.net\/arhiva\/wp-json\/wp\/v2\/media?parent=205197"}],"wp:term":[{"taxonomy":"category","embeddable":true,"href":"https:\/\/sandzakpress.net\/arhiva\/wp-json\/wp\/v2\/categories?post=205197"},{"taxonomy":"post_tag","embeddable":true,"href":"https:\/\/sandzakpress.net\/arhiva\/wp-json\/wp\/v2\/tags?post=205197"}],"curies":[{"name":"wp","href":"https:\/\/api.w.org\/{rel}","templated":true}]}}