{"id":205151,"date":"2018-04-09T11:40:19","date_gmt":"2018-04-09T09:40:19","guid":{"rendered":"https:\/\/sandzakpress.net\/arhiva\/?p=205151"},"modified":"2018-04-09T11:53:17","modified_gmt":"2018-04-09T09:53:17","slug":"ljajic-uposlenicima-ima-da-blatite-zukorlica-inace-nema-plate","status":"publish","type":"post","link":"https:\/\/sandzakpress.net\/arhiva\/ljajic-uposlenicima-ima-da-blatite-zukorlica-inace-nema-plate\/","title":{"rendered":"Ljaji\u0107 uposlenicima &#8211; \u201cIma da blatite Zukorli\u0107a, ina\u010de nema plate!\u201d"},"content":{"rendered":"<p><img decoding=\"async\" src=\"http:\/\/saznajemo.net\/wp-content\/uploads\/2018\/04\/Capture-1.jpg\" \/><\/p>\n<p>&#8220;Nikada ne\u0107emo re\u0107i nikome da se koristi la\u017eima da bi odbranio ovu stranku, ali \u0107emo se braniti i uzvratiti pet puta vi\u0161e a ovi koji smatraju da treba da budu u mi\u0161ijim rupama i da tako zara\u0111uju plate da se ne sva\u0111aju sa Zukorli\u0107em i ne zamjeraju to vi\u0161e ne mo\u017ee&#8221; kazao je Ljaji\u0107 na skupu SDP-a odr\u017eanom u subotu.<\/p>\n<p>On je u govoru punom mr\u017enje pozvao \u010dlanove i simpatizere da se suprotstave kako je rekao kriminalnoj grupi Mumamera Zukorli\u0107a.<\/p>\n<p><iframe loading=\"lazy\" title=\"Ljaji\u0107 - Ima da blatite Zukorli\u0107a, ina\u010de nema plate\" width=\"696\" height=\"522\" src=\"https:\/\/www.youtube.com\/embed\/fio3UT6VcPM?feature=oembed\" frameborder=\"0\" allow=\"accelerometer; autoplay; encrypted-media; gyroscope; picture-in-picture\" allowfullscreen><\/iframe><\/p>\n","protected":false},"excerpt":{"rendered":"<p>&#8220;Nikada ne\u0107emo re\u0107i nikome da se koristi la\u017eima da bi odbranio ovu stranku, ali \u0107emo se braniti i uzvratiti pet puta vi\u0161e a ovi koji smatraju da treba da budu u mi\u0161ijim rupama i da tako zara\u0111uju plate da se ne sva\u0111aju sa Zukorli\u0107em i ne zamjeraju to vi\u0161e ne mo\u017ee&#8221; kazao je Ljaji\u0107 na [&hellip;]<\/p>\n","protected":false},"author":509,"featured_media":205153,"comment_status":"open","ping_status":"open","sticky":false,"template":"","format":"standard","meta":{"footnotes":""},"categories":[72,1,8957,16],"tags":[],"class_list":{"0":"post-205151","1":"post","2":"type-post","3":"status-publish","4":"format-standard","5":"has-post-thumbnail","7":"category-novi-pazar","8":"category-politika","9":"category-vijesti-dana","10":"category-novine"},"yoast_head":"<!-- This site is optimized with the Yoast SEO Premium plugin v23.1 (Yoast SEO v24.9) - https:\/\/yoast.com\/wordpress\/plugins\/seo\/ -->\n<title>Ljaji\u0107 uposlenicima - \u201cIma da blatite Zukorli\u0107a, ina\u010de nema plate!\u201d<\/title>\n<meta name=\"robots\" content=\"index, follow, max-snippet:-1, max-image-preview:large, max-video-preview:-1\" \/>\n<link rel=\"canonical\" href=\"https:\/\/sandzakpress.net\/arhiva\/ljajic-uposlenicima-ima-da-blatite-zukorlica-inace-nema-plate\/\" \/>\n<meta property=\"og:locale\" content=\"bs_BA\" \/>\n<meta property=\"og:type\" content=\"article\" \/>\n<meta property=\"og:title\" content=\"Ljaji\u0107 uposlenicima - \u201cIma da blatite Zukorli\u0107a, ina\u010de nema plate!\u201d\" \/>\n<meta property=\"og:description\" content=\"&#8220;Nikada ne\u0107emo re\u0107i nikome da se koristi la\u017eima da bi odbranio ovu stranku, ali \u0107emo se braniti i uzvratiti pet puta vi\u0161e a ovi koji smatraju da treba da budu u mi\u0161ijim rupama i da tako zara\u0111uju plate da se ne sva\u0111aju sa Zukorli\u0107em i ne zamjeraju to vi\u0161e ne mo\u017ee&#8221; kazao je Ljaji\u0107 na [&hellip;]\" \/>\n<meta property=\"og:url\" content=\"https:\/\/sandzakpress.net\/arhiva\/ljajic-uposlenicima-ima-da-blatite-zukorlica-inace-nema-plate\/\" \/>\n<meta property=\"og:site_name\" content=\"Sand\u017eak PRESS\" \/>\n<meta property=\"article:published_time\" content=\"2018-04-09T09:40:19+00:00\" \/>\n<meta property=\"article:modified_time\" content=\"2018-04-09T09:53:17+00:00\" \/>\n<meta property=\"og:image\" content=\"https:\/\/sandzakpress.net\/arhiva\/wp-content\/uploads\/2018\/04\/Capture-1-1.jpg\" \/>\n\t<meta property=\"og:image:width\" content=\"848\" \/>\n\t<meta property=\"og:image:height\" content=\"465\" \/>\n\t<meta property=\"og:image:type\" content=\"image\/jpeg\" \/>\n<meta name=\"author\" content=\"Agencija\" \/>\n<meta name=\"twitter:card\" content=\"summary_large_image\" \/>\n<meta name=\"twitter:label1\" content=\"Written by\" \/>\n\t<meta name=\"twitter:data1\" content=\"Agencija\" \/>\n<script type=\"application\/ld+json\" class=\"yoast-schema-graph\">{\"@context\":\"https:\/\/schema.org\",\"@graph\":[{\"@type\":\"Article\",\"@id\":\"https:\/\/sandzakpress.net\/arhiva\/ljajic-uposlenicima-ima-da-blatite-zukorlica-inace-nema-plate\/#article\",\"isPartOf\":{\"@id\":\"https:\/\/sandzakpress.net\/arhiva\/ljajic-uposlenicima-ima-da-blatite-zukorlica-inace-nema-plate\/\"},\"author\":{\"name\":\"Agencija\",\"@id\":\"https:\/\/sandzakpress.net\/arhiva\/#\/schema\/person\/cb59d7e3ab91ab90dd680ad0305a6185\"},\"headline\":\"Ljaji\u0107 uposlenicima &#8211; \u201cIma da blatite Zukorli\u0107a, ina\u010de nema plate!\u201d\",\"datePublished\":\"2018-04-09T09:40:19+00:00\",\"dateModified\":\"2018-04-09T09:53:17+00:00\",\"mainEntityOfPage\":{\"@id\":\"https:\/\/sandzakpress.net\/arhiva\/ljajic-uposlenicima-ima-da-blatite-zukorlica-inace-nema-plate\/\"},\"wordCount\":111,\"commentCount\":35,\"publisher\":{\"@id\":\"https:\/\/sandzakpress.net\/arhiva\/#\/schema\/person\/6e72b67d6e51910a1117b3b483ba20bd\"},\"image\":{\"@id\":\"https:\/\/sandzakpress.net\/arhiva\/ljajic-uposlenicima-ima-da-blatite-zukorlica-inace-nema-plate\/#primaryimage\"},\"thumbnailUrl\":\"https:\/\/sandzakpress.net\/arhiva\/wp-content\/uploads\/2018\/04\/Capture-1-1.jpg\",\"articleSection\":[\"Novi Pazar\",\"Politika\",\"VIJESTI DANA\",\"Novine\"],\"inLanguage\":\"bs-BA\",\"potentialAction\":[{\"@type\":\"CommentAction\",\"name\":\"Comment\",\"target\":[\"https:\/\/sandzakpress.net\/arhiva\/ljajic-uposlenicima-ima-da-blatite-zukorlica-inace-nema-plate\/#respond\"]}]},{\"@type\":\"WebPage\",\"@id\":\"https:\/\/sandzakpress.net\/arhiva\/ljajic-uposlenicima-ima-da-blatite-zukorlica-inace-nema-plate\/\",\"url\":\"https:\/\/sandzakpress.net\/arhiva\/ljajic-uposlenicima-ima-da-blatite-zukorlica-inace-nema-plate\/\",\"name\":\"Ljaji\u0107 uposlenicima - \u201cIma da blatite Zukorli\u0107a, ina\u010de nema plate!\u201d\",\"isPartOf\":{\"@id\":\"https:\/\/sandzakpress.net\/arhiva\/#website\"},\"primaryImageOfPage\":{\"@id\":\"https:\/\/sandzakpress.net\/arhiva\/ljajic-uposlenicima-ima-da-blatite-zukorlica-inace-nema-plate\/#primaryimage\"},\"image\":{\"@id\":\"https:\/\/sandzakpress.net\/arhiva\/ljajic-uposlenicima-ima-da-blatite-zukorlica-inace-nema-plate\/#primaryimage\"},\"thumbnailUrl\":\"https:\/\/sandzakpress.net\/arhiva\/wp-content\/uploads\/2018\/04\/Capture-1-1.jpg\",\"datePublished\":\"2018-04-09T09:40:19+00:00\",\"dateModified\":\"2018-04-09T09:53:17+00:00\",\"breadcrumb\":{\"@id\":\"https:\/\/sandzakpress.net\/arhiva\/ljajic-uposlenicima-ima-da-blatite-zukorlica-inace-nema-plate\/#breadcrumb\"},\"inLanguage\":\"bs-BA\",\"potentialAction\":[{\"@type\":\"ReadAction\",\"target\":[\"https:\/\/sandzakpress.net\/arhiva\/ljajic-uposlenicima-ima-da-blatite-zukorlica-inace-nema-plate\/\"]}]},{\"@type\":\"ImageObject\",\"inLanguage\":\"bs-BA\",\"@id\":\"https:\/\/sandzakpress.net\/arhiva\/ljajic-uposlenicima-ima-da-blatite-zukorlica-inace-nema-plate\/#primaryimage\",\"url\":\"https:\/\/sandzakpress.net\/arhiva\/wp-content\/uploads\/2018\/04\/Capture-1-1.jpg\",\"contentUrl\":\"https:\/\/sandzakpress.net\/arhiva\/wp-content\/uploads\/2018\/04\/Capture-1-1.jpg\",\"width\":848,\"height\":465},{\"@type\":\"BreadcrumbList\",\"@id\":\"https:\/\/sandzakpress.net\/arhiva\/ljajic-uposlenicima-ima-da-blatite-zukorlica-inace-nema-plate\/#breadcrumb\",\"itemListElement\":[{\"@type\":\"ListItem\",\"position\":1,\"name\":\"Home\",\"item\":\"https:\/\/sandzakpress.net\/arhiva\/\"},{\"@type\":\"ListItem\",\"position\":2,\"name\":\"Ljaji\u0107 uposlenicima &#8211; \u201cIma da blatite Zukorli\u0107a, ina\u010de nema plate!\u201d\"}]},{\"@type\":\"WebSite\",\"@id\":\"https:\/\/sandzakpress.net\/arhiva\/#website\",\"url\":\"https:\/\/sandzakpress.net\/arhiva\/\",\"name\":\"Sand\u017eak PRESS\",\"description\":\"Prve elektronske novine u Sand\u017eaku\",\"publisher\":{\"@id\":\"https:\/\/sandzakpress.net\/arhiva\/#\/schema\/person\/6e72b67d6e51910a1117b3b483ba20bd\"},\"potentialAction\":[{\"@type\":\"SearchAction\",\"target\":{\"@type\":\"EntryPoint\",\"urlTemplate\":\"https:\/\/sandzakpress.net\/arhiva\/?s={search_term_string}\"},\"query-input\":{\"@type\":\"PropertyValueSpecification\",\"valueRequired\":true,\"valueName\":\"search_term_string\"}}],\"inLanguage\":\"bs-BA\"},{\"@type\":[\"Person\",\"Organization\"],\"@id\":\"https:\/\/sandzakpress.net\/arhiva\/#\/schema\/person\/6e72b67d6e51910a1117b3b483ba20bd\",\"name\":\"Kul\",\"image\":{\"@type\":\"ImageObject\",\"inLanguage\":\"bs-BA\",\"@id\":\"https:\/\/sandzakpress.net\/arhiva\/#\/schema\/person\/image\/\",\"url\":\"https:\/\/secure.gravatar.com\/avatar\/42263f39aa27ac04c43cab85c280eb2e?s=96&d=mm&r=pg\",\"contentUrl\":\"https:\/\/secure.gravatar.com\/avatar\/42263f39aa27ac04c43cab85c280eb2e?s=96&d=mm&r=pg\",\"caption\":\"Kul\"},\"logo\":{\"@id\":\"https:\/\/sandzakpress.net\/arhiva\/#\/schema\/person\/image\/\"}},{\"@type\":\"Person\",\"@id\":\"https:\/\/sandzakpress.net\/arhiva\/#\/schema\/person\/cb59d7e3ab91ab90dd680ad0305a6185\",\"name\":\"Agencija\",\"image\":{\"@type\":\"ImageObject\",\"inLanguage\":\"bs-BA\",\"@id\":\"https:\/\/sandzakpress.net\/arhiva\/#\/schema\/person\/image\/\",\"url\":\"https:\/\/secure.gravatar.com\/avatar\/4b7fafa80a22f0c2afe23966b3961fe0?s=96&d=mm&r=pg\",\"contentUrl\":\"https:\/\/secure.gravatar.com\/avatar\/4b7fafa80a22f0c2afe23966b3961fe0?s=96&d=mm&r=pg\",\"caption\":\"Agencija\"},\"url\":\"https:\/\/sandzakpress.net\/arhiva\/author\/agencija\/\"}]}<\/script>\n<!-- \/ Yoast SEO Premium plugin. -->","yoast_head_json":{"title":"Ljaji\u0107 uposlenicima - \u201cIma da blatite Zukorli\u0107a, ina\u010de nema plate!\u201d","robots":{"index":"index","follow":"follow","max-snippet":"max-snippet:-1","max-image-preview":"max-image-preview:large","max-video-preview":"max-video-preview:-1"},"canonical":"https:\/\/sandzakpress.net\/arhiva\/ljajic-uposlenicima-ima-da-blatite-zukorlica-inace-nema-plate\/","og_locale":"bs_BA","og_type":"article","og_title":"Ljaji\u0107 uposlenicima - \u201cIma da blatite Zukorli\u0107a, ina\u010de nema plate!\u201d","og_description":"&#8220;Nikada ne\u0107emo re\u0107i nikome da se koristi la\u017eima da bi odbranio ovu stranku, ali \u0107emo se braniti i uzvratiti pet puta vi\u0161e a ovi koji smatraju da treba da budu u mi\u0161ijim rupama i da tako zara\u0111uju plate da se ne sva\u0111aju sa Zukorli\u0107em i ne zamjeraju to vi\u0161e ne mo\u017ee&#8221; kazao je Ljaji\u0107 na [&hellip;]","og_url":"https:\/\/sandzakpress.net\/arhiva\/ljajic-uposlenicima-ima-da-blatite-zukorlica-inace-nema-plate\/","og_site_name":"Sand\u017eak PRESS","article_published_time":"2018-04-09T09:40:19+00:00","article_modified_time":"2018-04-09T09:53:17+00:00","og_image":[{"width":848,"height":465,"url":"https:\/\/sandzakpress.net\/arhiva\/wp-content\/uploads\/2018\/04\/Capture-1-1.jpg","type":"image\/jpeg"}],"author":"Agencija","twitter_card":"summary_large_image","twitter_misc":{"Written by":"Agencija"},"schema":{"@context":"https:\/\/schema.org","@graph":[{"@type":"Article","@id":"https:\/\/sandzakpress.net\/arhiva\/ljajic-uposlenicima-ima-da-blatite-zukorlica-inace-nema-plate\/#article","isPartOf":{"@id":"https:\/\/sandzakpress.net\/arhiva\/ljajic-uposlenicima-ima-da-blatite-zukorlica-inace-nema-plate\/"},"author":{"name":"Agencija","@id":"https:\/\/sandzakpress.net\/arhiva\/#\/schema\/person\/cb59d7e3ab91ab90dd680ad0305a6185"},"headline":"Ljaji\u0107 uposlenicima &#8211; \u201cIma da blatite Zukorli\u0107a, ina\u010de nema plate!\u201d","datePublished":"2018-04-09T09:40:19+00:00","dateModified":"2018-04-09T09:53:17+00:00","mainEntityOfPage":{"@id":"https:\/\/sandzakpress.net\/arhiva\/ljajic-uposlenicima-ima-da-blatite-zukorlica-inace-nema-plate\/"},"wordCount":111,"commentCount":35,"publisher":{"@id":"https:\/\/sandzakpress.net\/arhiva\/#\/schema\/person\/6e72b67d6e51910a1117b3b483ba20bd"},"image":{"@id":"https:\/\/sandzakpress.net\/arhiva\/ljajic-uposlenicima-ima-da-blatite-zukorlica-inace-nema-plate\/#primaryimage"},"thumbnailUrl":"https:\/\/sandzakpress.net\/arhiva\/wp-content\/uploads\/2018\/04\/Capture-1-1.jpg","articleSection":["Novi Pazar","Politika","VIJESTI DANA","Novine"],"inLanguage":"bs-BA","potentialAction":[{"@type":"CommentAction","name":"Comment","target":["https:\/\/sandzakpress.net\/arhiva\/ljajic-uposlenicima-ima-da-blatite-zukorlica-inace-nema-plate\/#respond"]}]},{"@type":"WebPage","@id":"https:\/\/sandzakpress.net\/arhiva\/ljajic-uposlenicima-ima-da-blatite-zukorlica-inace-nema-plate\/","url":"https:\/\/sandzakpress.net\/arhiva\/ljajic-uposlenicima-ima-da-blatite-zukorlica-inace-nema-plate\/","name":"Ljaji\u0107 uposlenicima - \u201cIma da blatite Zukorli\u0107a, ina\u010de nema plate!\u201d","isPartOf":{"@id":"https:\/\/sandzakpress.net\/arhiva\/#website"},"primaryImageOfPage":{"@id":"https:\/\/sandzakpress.net\/arhiva\/ljajic-uposlenicima-ima-da-blatite-zukorlica-inace-nema-plate\/#primaryimage"},"image":{"@id":"https:\/\/sandzakpress.net\/arhiva\/ljajic-uposlenicima-ima-da-blatite-zukorlica-inace-nema-plate\/#primaryimage"},"thumbnailUrl":"https:\/\/sandzakpress.net\/arhiva\/wp-content\/uploads\/2018\/04\/Capture-1-1.jpg","datePublished":"2018-04-09T09:40:19+00:00","dateModified":"2018-04-09T09:53:17+00:00","breadcrumb":{"@id":"https:\/\/sandzakpress.net\/arhiva\/ljajic-uposlenicima-ima-da-blatite-zukorlica-inace-nema-plate\/#breadcrumb"},"inLanguage":"bs-BA","potentialAction":[{"@type":"ReadAction","target":["https:\/\/sandzakpress.net\/arhiva\/ljajic-uposlenicima-ima-da-blatite-zukorlica-inace-nema-plate\/"]}]},{"@type":"ImageObject","inLanguage":"bs-BA","@id":"https:\/\/sandzakpress.net\/arhiva\/ljajic-uposlenicima-ima-da-blatite-zukorlica-inace-nema-plate\/#primaryimage","url":"https:\/\/sandzakpress.net\/arhiva\/wp-content\/uploads\/2018\/04\/Capture-1-1.jpg","contentUrl":"https:\/\/sandzakpress.net\/arhiva\/wp-content\/uploads\/2018\/04\/Capture-1-1.jpg","width":848,"height":465},{"@type":"BreadcrumbList","@id":"https:\/\/sandzakpress.net\/arhiva\/ljajic-uposlenicima-ima-da-blatite-zukorlica-inace-nema-plate\/#breadcrumb","itemListElement":[{"@type":"ListItem","position":1,"name":"Home","item":"https:\/\/sandzakpress.net\/arhiva\/"},{"@type":"ListItem","position":2,"name":"Ljaji\u0107 uposlenicima &#8211; \u201cIma da blatite Zukorli\u0107a, ina\u010de nema plate!\u201d"}]},{"@type":"WebSite","@id":"https:\/\/sandzakpress.net\/arhiva\/#website","url":"https:\/\/sandzakpress.net\/arhiva\/","name":"Sand\u017eak PRESS","description":"Prve elektronske novine u Sand\u017eaku","publisher":{"@id":"https:\/\/sandzakpress.net\/arhiva\/#\/schema\/person\/6e72b67d6e51910a1117b3b483ba20bd"},"potentialAction":[{"@type":"SearchAction","target":{"@type":"EntryPoint","urlTemplate":"https:\/\/sandzakpress.net\/arhiva\/?s={search_term_string}"},"query-input":{"@type":"PropertyValueSpecification","valueRequired":true,"valueName":"search_term_string"}}],"inLanguage":"bs-BA"},{"@type":["Person","Organization"],"@id":"https:\/\/sandzakpress.net\/arhiva\/#\/schema\/person\/6e72b67d6e51910a1117b3b483ba20bd","name":"Kul","image":{"@type":"ImageObject","inLanguage":"bs-BA","@id":"https:\/\/sandzakpress.net\/arhiva\/#\/schema\/person\/image\/","url":"https:\/\/secure.gravatar.com\/avatar\/42263f39aa27ac04c43cab85c280eb2e?s=96&d=mm&r=pg","contentUrl":"https:\/\/secure.gravatar.com\/avatar\/42263f39aa27ac04c43cab85c280eb2e?s=96&d=mm&r=pg","caption":"Kul"},"logo":{"@id":"https:\/\/sandzakpress.net\/arhiva\/#\/schema\/person\/image\/"}},{"@type":"Person","@id":"https:\/\/sandzakpress.net\/arhiva\/#\/schema\/person\/cb59d7e3ab91ab90dd680ad0305a6185","name":"Agencija","image":{"@type":"ImageObject","inLanguage":"bs-BA","@id":"https:\/\/sandzakpress.net\/arhiva\/#\/schema\/person\/image\/","url":"https:\/\/secure.gravatar.com\/avatar\/4b7fafa80a22f0c2afe23966b3961fe0?s=96&d=mm&r=pg","contentUrl":"https:\/\/secure.gravatar.com\/avatar\/4b7fafa80a22f0c2afe23966b3961fe0?s=96&d=mm&r=pg","caption":"Agencija"},"url":"https:\/\/sandzakpress.net\/arhiva\/author\/agencija\/"}]}},"_links":{"self":[{"href":"https:\/\/sandzakpress.net\/arhiva\/wp-json\/wp\/v2\/posts\/205151"}],"collection":[{"href":"https:\/\/sandzakpress.net\/arhiva\/wp-json\/wp\/v2\/posts"}],"about":[{"href":"https:\/\/sandzakpress.net\/arhiva\/wp-json\/wp\/v2\/types\/post"}],"author":[{"embeddable":true,"href":"https:\/\/sandzakpress.net\/arhiva\/wp-json\/wp\/v2\/users\/509"}],"replies":[{"embeddable":true,"href":"https:\/\/sandzakpress.net\/arhiva\/wp-json\/wp\/v2\/comments?post=205151"}],"version-history":[{"count":0,"href":"https:\/\/sandzakpress.net\/arhiva\/wp-json\/wp\/v2\/posts\/205151\/revisions"}],"wp:featuredmedia":[{"embeddable":true,"href":"https:\/\/sandzakpress.net\/arhiva\/wp-json\/wp\/v2\/media\/205153"}],"wp:attachment":[{"href":"https:\/\/sandzakpress.net\/arhiva\/wp-json\/wp\/v2\/media?parent=205151"}],"wp:term":[{"taxonomy":"category","embeddable":true,"href":"https:\/\/sandzakpress.net\/arhiva\/wp-json\/wp\/v2\/categories?post=205151"},{"taxonomy":"post_tag","embeddable":true,"href":"https:\/\/sandzakpress.net\/arhiva\/wp-json\/wp\/v2\/tags?post=205151"}],"curies":[{"name":"wp","href":"https:\/\/api.w.org\/{rel}","templated":true}]}}