{"id":205135,"date":"2018-04-08T00:42:04","date_gmt":"2018-04-07T22:42:04","guid":{"rendered":"https:\/\/sandzakpress.net\/arhiva\/?p=205135"},"modified":"2018-04-08T00:42:04","modified_gmt":"2018-04-07T22:42:04","slug":"ljajic-nemamo-mira-dok-god-je-na-politickoj-sceni-muamer-zukorlic","status":"publish","type":"post","link":"https:\/\/sandzakpress.net\/arhiva\/ljajic-nemamo-mira-dok-god-je-na-politickoj-sceni-muamer-zukorlic\/","title":{"rendered":"Ljaji\u0107- \u201cNemamo mira dok god je na politi\u010dkoj sceni Muamer Zukorli\u0107\u201d"},"content":{"rendered":"<p><img loading=\"lazy\" decoding=\"async\" class=\"alignnone size-large wp-image-205136\" src=\"https:\/\/sandzakpress.net\/arhiva\/wp-content\/uploads\/2018\/04\/1dc29a3e-1a7a-4449-9070-b252ad9b5ae2-616x411.jpg\" alt=\"\" width=\"616\" height=\"411\" srcset=\"https:\/\/sandzakpress.net\/arhiva\/wp-content\/uploads\/2018\/04\/1dc29a3e-1a7a-4449-9070-b252ad9b5ae2-616x411.jpg 616w, https:\/\/sandzakpress.net\/arhiva\/wp-content\/uploads\/2018\/04\/1dc29a3e-1a7a-4449-9070-b252ad9b5ae2.jpg 768w, https:\/\/sandzakpress.net\/arhiva\/wp-content\/uploads\/2018\/04\/1dc29a3e-1a7a-4449-9070-b252ad9b5ae2-360x240.jpg 360w\" sizes=\"(max-width: 616px) 100vw, 616px\" \/><\/p>\n<p>Jedan od razloga promjena je jedan veliki zamor materijala koji smo primjetili, jednu zasi\u0107enost kod odre\u0111enog broja ljudi koji misle da na osnovu starih zaluga i stare slave mogu da \u017eive da do\u0111u do mjesta, do funkcije cio \u017eivot, a da za uzvrat ni\u0161ta ne pru\u017ee stranci ni gradu. To vrijeme je pro\u0161lo. Cijeni\u0107emo one koji se bore za ovu stranku i za njene stavove. Pitali su jednog nobelovca \u0161ta je recept za uspjeh, rekao je je da ne zna, ali zna \u0161ta je recept za neuspjeh, a to je kada poku\u0161avate da se svima svidite i nikome zamerite, a to je nemogu\u0107e. Nas bombarduju ovi agresivci ova kriminalna grupa Muamera Zukorli\u0107a svakodnevno, a na\u0161i ljudi mrtvi hladni ka\u017eu, pa \u0161to da se mi njima bavimo, mi treba da vodimo svoju brigu i da radimo svoj posao, a oni nas neka napadaju iz svih oru\u017eja, a mi \u0107emo da ka\u017eemo da dobro vi ste primitivni mi nismo i ne\u0107emo da ulazimo u to. Ne, pustio bih ja njih, ali ne\u0107e oni nas. Mi nikada vi\u0161e ni ova starnka ne\u0107e okretati jedan obraz kada nas udare u drugi. To \u0161to smo mi pristojni, kulturni I civilizovani ne zna\u010di da smo slabi i ovde \u0107e biti mjesta samo za one koji \u0107e se boriti I koji \u0107e znati da uzvrate na jednak na\u010din. Nikada prvi nikoga napasti ne\u0107emo I to nikada nismo ni radili. Nikada ne\u0107emo re\u0107i nikome da se koristi la\u017eima da bi odbranio ovu stranku, ali \u0107emo se braniti i uzvratiti pet puta vi\u0161e ,od sada pa nadalje, a ovi koji smatraju da treba da budu u mi\u0161ijim rupama I da tako zara\u0111uju plate da se ne sva\u0111aju ni sa kim i ne zameraju to vi\u0161e ne mo\u017ee iz prostog razloga zato \u0161to je nepravedno prema onima koji se bore, jer i oni imaju svoje porodice i sigurno im nije prijatno da stalno budu mete, ali vjeruju u ne\u0161to vjeruju u principe, vjeruju u ovu stranku, zamislite da nema nas \u0161ta bi se desilo.\u201d, kazao je Ljaji\u0107.<\/p>\n<p>On je prekomentarisao i nove podjele u Paravjerskoj tvorevini.<\/p>\n<p>\u201cPogledajte uni\u0161tili su islamsku zajednicu. Mi sada imamo vi\u0161e islamskih zajednica, nego politi\u010dkih partija, to je nenormalno, sve zbog jednog \u010dovjeka . Nekada su ljudi odlazili I pravili stranke, a sada formiraju islamske zajednice, nevjerovatno, ali to je realno i da taj neko ne bi osvojio Novi Pazar I koristio ga kao privatno vlasni\u0161tvo mi moramo tome da se suprostavimo, principima, moralom, radom i istinom.. Mi smo kampanju po\u010deli za izbore, koji \u0107e biti za dvije godine, ali ho\u0107u da pobjedimo ubedljivo da im ne padne na pamet vi\u0161e da iza\u0111u na bilo koje izbore, mada oni u Beranama dobiju 50 glasova i kao da ih muha nije pe\u010dila. Mi kada smo gubili izbore bilo nas je sramota po nedelju dana da iza\u0111emo iz ku\u0107e od srama, ali oni ne u Beogradu su od milion glasova dobili 1400, ali on ni\u0161ta, on udara boksom u vre\u0107u, to je va\u017enije od borbe za muslimane\u201d, dodao je Ljaji\u0107.<\/p>\n","protected":false},"excerpt":{"rendered":"<p>Jedan od razloga promjena je jedan veliki zamor materijala koji smo primjetili, jednu zasi\u0107enost kod odre\u0111enog broja ljudi koji misle da na osnovu starih zaluga i stare slave mogu da \u017eive da do\u0111u do mjesta, do funkcije cio \u017eivot, a da za uzvrat ni\u0161ta ne pru\u017ee stranci ni gradu. To vrijeme je pro\u0161lo. Cijeni\u0107emo one [&hellip;]<\/p>\n","protected":false},"author":501,"featured_media":205136,"comment_status":"open","ping_status":"open","sticky":false,"template":"","format":"standard","meta":{"footnotes":""},"categories":[72,1,8957,798],"tags":[],"class_list":{"0":"post-205135","1":"post","2":"type-post","3":"status-publish","4":"format-standard","5":"has-post-thumbnail","7":"category-novi-pazar","8":"category-politika","9":"category-vijesti-dana","10":"category-teme"},"yoast_head":"<!-- This site is optimized with the Yoast SEO Premium plugin v23.1 (Yoast SEO v24.9) - https:\/\/yoast.com\/wordpress\/plugins\/seo\/ -->\n<title>Ljaji\u0107- \u201cNemamo mira dok god je na politi\u010dkoj sceni Muamer Zukorli\u0107\u201d<\/title>\n<meta name=\"robots\" content=\"index, follow, max-snippet:-1, max-image-preview:large, max-video-preview:-1\" \/>\n<link rel=\"canonical\" href=\"https:\/\/sandzakpress.net\/arhiva\/ljajic-nemamo-mira-dok-god-je-na-politickoj-sceni-muamer-zukorlic\/\" \/>\n<meta property=\"og:locale\" content=\"bs_BA\" \/>\n<meta property=\"og:type\" content=\"article\" \/>\n<meta property=\"og:title\" content=\"Ljaji\u0107- \u201cNemamo mira dok god je na politi\u010dkoj sceni Muamer Zukorli\u0107\u201d\" \/>\n<meta property=\"og:description\" content=\"Jedan od razloga promjena je jedan veliki zamor materijala koji smo primjetili, jednu zasi\u0107enost kod odre\u0111enog broja ljudi koji misle da na osnovu starih zaluga i stare slave mogu da \u017eive da do\u0111u do mjesta, do funkcije cio \u017eivot, a da za uzvrat ni\u0161ta ne pru\u017ee stranci ni gradu. To vrijeme je pro\u0161lo. Cijeni\u0107emo one [&hellip;]\" \/>\n<meta property=\"og:url\" content=\"https:\/\/sandzakpress.net\/arhiva\/ljajic-nemamo-mira-dok-god-je-na-politickoj-sceni-muamer-zukorlic\/\" \/>\n<meta property=\"og:site_name\" content=\"Sand\u017eak PRESS\" \/>\n<meta property=\"article:published_time\" content=\"2018-04-07T22:42:04+00:00\" \/>\n<meta property=\"og:image\" content=\"https:\/\/sandzakpress.net\/arhiva\/wp-content\/uploads\/2018\/04\/1dc29a3e-1a7a-4449-9070-b252ad9b5ae2.jpg\" \/>\n\t<meta property=\"og:image:width\" content=\"768\" \/>\n\t<meta property=\"og:image:height\" content=\"512\" \/>\n\t<meta property=\"og:image:type\" content=\"image\/jpeg\" \/>\n<meta name=\"author\" content=\"SM\" \/>\n<meta name=\"twitter:card\" content=\"summary_large_image\" \/>\n<meta name=\"twitter:label1\" content=\"Written by\" \/>\n\t<meta name=\"twitter:data1\" content=\"SM\" \/>\n\t<meta name=\"twitter:label2\" content=\"Est. reading time\" \/>\n\t<meta name=\"twitter:data2\" content=\"3 minute\" \/>\n<script type=\"application\/ld+json\" class=\"yoast-schema-graph\">{\"@context\":\"https:\/\/schema.org\",\"@graph\":[{\"@type\":\"Article\",\"@id\":\"https:\/\/sandzakpress.net\/arhiva\/ljajic-nemamo-mira-dok-god-je-na-politickoj-sceni-muamer-zukorlic\/#article\",\"isPartOf\":{\"@id\":\"https:\/\/sandzakpress.net\/arhiva\/ljajic-nemamo-mira-dok-god-je-na-politickoj-sceni-muamer-zukorlic\/\"},\"author\":{\"name\":\"SM\",\"@id\":\"https:\/\/sandzakpress.net\/arhiva\/#\/schema\/person\/32f63b6bc693126333e4b1d8cccb52ac\"},\"headline\":\"Ljaji\u0107- \u201cNemamo mira dok god je na politi\u010dkoj sceni Muamer Zukorli\u0107\u201d\",\"datePublished\":\"2018-04-07T22:42:04+00:00\",\"mainEntityOfPage\":{\"@id\":\"https:\/\/sandzakpress.net\/arhiva\/ljajic-nemamo-mira-dok-god-je-na-politickoj-sceni-muamer-zukorlic\/\"},\"wordCount\":557,\"commentCount\":43,\"publisher\":{\"@id\":\"https:\/\/sandzakpress.net\/arhiva\/#\/schema\/person\/6e72b67d6e51910a1117b3b483ba20bd\"},\"image\":{\"@id\":\"https:\/\/sandzakpress.net\/arhiva\/ljajic-nemamo-mira-dok-god-je-na-politickoj-sceni-muamer-zukorlic\/#primaryimage\"},\"thumbnailUrl\":\"https:\/\/sandzakpress.net\/arhiva\/wp-content\/uploads\/2018\/04\/1dc29a3e-1a7a-4449-9070-b252ad9b5ae2.jpg\",\"articleSection\":[\"Novi Pazar\",\"Politika\",\"VIJESTI DANA\",\"NAJNOVIJE\"],\"inLanguage\":\"bs-BA\",\"potentialAction\":[{\"@type\":\"CommentAction\",\"name\":\"Comment\",\"target\":[\"https:\/\/sandzakpress.net\/arhiva\/ljajic-nemamo-mira-dok-god-je-na-politickoj-sceni-muamer-zukorlic\/#respond\"]}]},{\"@type\":\"WebPage\",\"@id\":\"https:\/\/sandzakpress.net\/arhiva\/ljajic-nemamo-mira-dok-god-je-na-politickoj-sceni-muamer-zukorlic\/\",\"url\":\"https:\/\/sandzakpress.net\/arhiva\/ljajic-nemamo-mira-dok-god-je-na-politickoj-sceni-muamer-zukorlic\/\",\"name\":\"Ljaji\u0107- \u201cNemamo mira dok god je na politi\u010dkoj sceni Muamer Zukorli\u0107\u201d\",\"isPartOf\":{\"@id\":\"https:\/\/sandzakpress.net\/arhiva\/#website\"},\"primaryImageOfPage\":{\"@id\":\"https:\/\/sandzakpress.net\/arhiva\/ljajic-nemamo-mira-dok-god-je-na-politickoj-sceni-muamer-zukorlic\/#primaryimage\"},\"image\":{\"@id\":\"https:\/\/sandzakpress.net\/arhiva\/ljajic-nemamo-mira-dok-god-je-na-politickoj-sceni-muamer-zukorlic\/#primaryimage\"},\"thumbnailUrl\":\"https:\/\/sandzakpress.net\/arhiva\/wp-content\/uploads\/2018\/04\/1dc29a3e-1a7a-4449-9070-b252ad9b5ae2.jpg\",\"datePublished\":\"2018-04-07T22:42:04+00:00\",\"breadcrumb\":{\"@id\":\"https:\/\/sandzakpress.net\/arhiva\/ljajic-nemamo-mira-dok-god-je-na-politickoj-sceni-muamer-zukorlic\/#breadcrumb\"},\"inLanguage\":\"bs-BA\",\"potentialAction\":[{\"@type\":\"ReadAction\",\"target\":[\"https:\/\/sandzakpress.net\/arhiva\/ljajic-nemamo-mira-dok-god-je-na-politickoj-sceni-muamer-zukorlic\/\"]}]},{\"@type\":\"ImageObject\",\"inLanguage\":\"bs-BA\",\"@id\":\"https:\/\/sandzakpress.net\/arhiva\/ljajic-nemamo-mira-dok-god-je-na-politickoj-sceni-muamer-zukorlic\/#primaryimage\",\"url\":\"https:\/\/sandzakpress.net\/arhiva\/wp-content\/uploads\/2018\/04\/1dc29a3e-1a7a-4449-9070-b252ad9b5ae2.jpg\",\"contentUrl\":\"https:\/\/sandzakpress.net\/arhiva\/wp-content\/uploads\/2018\/04\/1dc29a3e-1a7a-4449-9070-b252ad9b5ae2.jpg\",\"width\":768,\"height\":512},{\"@type\":\"BreadcrumbList\",\"@id\":\"https:\/\/sandzakpress.net\/arhiva\/ljajic-nemamo-mira-dok-god-je-na-politickoj-sceni-muamer-zukorlic\/#breadcrumb\",\"itemListElement\":[{\"@type\":\"ListItem\",\"position\":1,\"name\":\"Home\",\"item\":\"https:\/\/sandzakpress.net\/arhiva\/\"},{\"@type\":\"ListItem\",\"position\":2,\"name\":\"Ljaji\u0107- \u201cNemamo mira dok god je na politi\u010dkoj sceni Muamer Zukorli\u0107\u201d\"}]},{\"@type\":\"WebSite\",\"@id\":\"https:\/\/sandzakpress.net\/arhiva\/#website\",\"url\":\"https:\/\/sandzakpress.net\/arhiva\/\",\"name\":\"Sand\u017eak PRESS\",\"description\":\"Prve elektronske novine u Sand\u017eaku\",\"publisher\":{\"@id\":\"https:\/\/sandzakpress.net\/arhiva\/#\/schema\/person\/6e72b67d6e51910a1117b3b483ba20bd\"},\"potentialAction\":[{\"@type\":\"SearchAction\",\"target\":{\"@type\":\"EntryPoint\",\"urlTemplate\":\"https:\/\/sandzakpress.net\/arhiva\/?s={search_term_string}\"},\"query-input\":{\"@type\":\"PropertyValueSpecification\",\"valueRequired\":true,\"valueName\":\"search_term_string\"}}],\"inLanguage\":\"bs-BA\"},{\"@type\":[\"Person\",\"Organization\"],\"@id\":\"https:\/\/sandzakpress.net\/arhiva\/#\/schema\/person\/6e72b67d6e51910a1117b3b483ba20bd\",\"name\":\"Kul\",\"image\":{\"@type\":\"ImageObject\",\"inLanguage\":\"bs-BA\",\"@id\":\"https:\/\/sandzakpress.net\/arhiva\/#\/schema\/person\/image\/\",\"url\":\"https:\/\/secure.gravatar.com\/avatar\/42263f39aa27ac04c43cab85c280eb2e?s=96&d=mm&r=pg\",\"contentUrl\":\"https:\/\/secure.gravatar.com\/avatar\/42263f39aa27ac04c43cab85c280eb2e?s=96&d=mm&r=pg\",\"caption\":\"Kul\"},\"logo\":{\"@id\":\"https:\/\/sandzakpress.net\/arhiva\/#\/schema\/person\/image\/\"}},{\"@type\":\"Person\",\"@id\":\"https:\/\/sandzakpress.net\/arhiva\/#\/schema\/person\/32f63b6bc693126333e4b1d8cccb52ac\",\"name\":\"SM\",\"image\":{\"@type\":\"ImageObject\",\"inLanguage\":\"bs-BA\",\"@id\":\"https:\/\/sandzakpress.net\/arhiva\/#\/schema\/person\/image\/\",\"url\":\"https:\/\/secure.gravatar.com\/avatar\/e06a45a606f1dee973ded6565c9e653e?s=96&d=mm&r=pg\",\"contentUrl\":\"https:\/\/secure.gravatar.com\/avatar\/e06a45a606f1dee973ded6565c9e653e?s=96&d=mm&r=pg\",\"caption\":\"SM\"},\"url\":\"https:\/\/sandzakpress.net\/arhiva\/author\/sandzakmedia\/\"}]}<\/script>\n<!-- \/ Yoast SEO Premium plugin. -->","yoast_head_json":{"title":"Ljaji\u0107- \u201cNemamo mira dok god je na politi\u010dkoj sceni Muamer Zukorli\u0107\u201d","robots":{"index":"index","follow":"follow","max-snippet":"max-snippet:-1","max-image-preview":"max-image-preview:large","max-video-preview":"max-video-preview:-1"},"canonical":"https:\/\/sandzakpress.net\/arhiva\/ljajic-nemamo-mira-dok-god-je-na-politickoj-sceni-muamer-zukorlic\/","og_locale":"bs_BA","og_type":"article","og_title":"Ljaji\u0107- \u201cNemamo mira dok god je na politi\u010dkoj sceni Muamer Zukorli\u0107\u201d","og_description":"Jedan od razloga promjena je jedan veliki zamor materijala koji smo primjetili, jednu zasi\u0107enost kod odre\u0111enog broja ljudi koji misle da na osnovu starih zaluga i stare slave mogu da \u017eive da do\u0111u do mjesta, do funkcije cio \u017eivot, a da za uzvrat ni\u0161ta ne pru\u017ee stranci ni gradu. To vrijeme je pro\u0161lo. Cijeni\u0107emo one [&hellip;]","og_url":"https:\/\/sandzakpress.net\/arhiva\/ljajic-nemamo-mira-dok-god-je-na-politickoj-sceni-muamer-zukorlic\/","og_site_name":"Sand\u017eak PRESS","article_published_time":"2018-04-07T22:42:04+00:00","og_image":[{"width":768,"height":512,"url":"https:\/\/sandzakpress.net\/arhiva\/wp-content\/uploads\/2018\/04\/1dc29a3e-1a7a-4449-9070-b252ad9b5ae2.jpg","type":"image\/jpeg"}],"author":"SM","twitter_card":"summary_large_image","twitter_misc":{"Written by":"SM","Est. reading time":"3 minute"},"schema":{"@context":"https:\/\/schema.org","@graph":[{"@type":"Article","@id":"https:\/\/sandzakpress.net\/arhiva\/ljajic-nemamo-mira-dok-god-je-na-politickoj-sceni-muamer-zukorlic\/#article","isPartOf":{"@id":"https:\/\/sandzakpress.net\/arhiva\/ljajic-nemamo-mira-dok-god-je-na-politickoj-sceni-muamer-zukorlic\/"},"author":{"name":"SM","@id":"https:\/\/sandzakpress.net\/arhiva\/#\/schema\/person\/32f63b6bc693126333e4b1d8cccb52ac"},"headline":"Ljaji\u0107- \u201cNemamo mira dok god je na politi\u010dkoj sceni Muamer Zukorli\u0107\u201d","datePublished":"2018-04-07T22:42:04+00:00","mainEntityOfPage":{"@id":"https:\/\/sandzakpress.net\/arhiva\/ljajic-nemamo-mira-dok-god-je-na-politickoj-sceni-muamer-zukorlic\/"},"wordCount":557,"commentCount":43,"publisher":{"@id":"https:\/\/sandzakpress.net\/arhiva\/#\/schema\/person\/6e72b67d6e51910a1117b3b483ba20bd"},"image":{"@id":"https:\/\/sandzakpress.net\/arhiva\/ljajic-nemamo-mira-dok-god-je-na-politickoj-sceni-muamer-zukorlic\/#primaryimage"},"thumbnailUrl":"https:\/\/sandzakpress.net\/arhiva\/wp-content\/uploads\/2018\/04\/1dc29a3e-1a7a-4449-9070-b252ad9b5ae2.jpg","articleSection":["Novi Pazar","Politika","VIJESTI DANA","NAJNOVIJE"],"inLanguage":"bs-BA","potentialAction":[{"@type":"CommentAction","name":"Comment","target":["https:\/\/sandzakpress.net\/arhiva\/ljajic-nemamo-mira-dok-god-je-na-politickoj-sceni-muamer-zukorlic\/#respond"]}]},{"@type":"WebPage","@id":"https:\/\/sandzakpress.net\/arhiva\/ljajic-nemamo-mira-dok-god-je-na-politickoj-sceni-muamer-zukorlic\/","url":"https:\/\/sandzakpress.net\/arhiva\/ljajic-nemamo-mira-dok-god-je-na-politickoj-sceni-muamer-zukorlic\/","name":"Ljaji\u0107- \u201cNemamo mira dok god je na politi\u010dkoj sceni Muamer Zukorli\u0107\u201d","isPartOf":{"@id":"https:\/\/sandzakpress.net\/arhiva\/#website"},"primaryImageOfPage":{"@id":"https:\/\/sandzakpress.net\/arhiva\/ljajic-nemamo-mira-dok-god-je-na-politickoj-sceni-muamer-zukorlic\/#primaryimage"},"image":{"@id":"https:\/\/sandzakpress.net\/arhiva\/ljajic-nemamo-mira-dok-god-je-na-politickoj-sceni-muamer-zukorlic\/#primaryimage"},"thumbnailUrl":"https:\/\/sandzakpress.net\/arhiva\/wp-content\/uploads\/2018\/04\/1dc29a3e-1a7a-4449-9070-b252ad9b5ae2.jpg","datePublished":"2018-04-07T22:42:04+00:00","breadcrumb":{"@id":"https:\/\/sandzakpress.net\/arhiva\/ljajic-nemamo-mira-dok-god-je-na-politickoj-sceni-muamer-zukorlic\/#breadcrumb"},"inLanguage":"bs-BA","potentialAction":[{"@type":"ReadAction","target":["https:\/\/sandzakpress.net\/arhiva\/ljajic-nemamo-mira-dok-god-je-na-politickoj-sceni-muamer-zukorlic\/"]}]},{"@type":"ImageObject","inLanguage":"bs-BA","@id":"https:\/\/sandzakpress.net\/arhiva\/ljajic-nemamo-mira-dok-god-je-na-politickoj-sceni-muamer-zukorlic\/#primaryimage","url":"https:\/\/sandzakpress.net\/arhiva\/wp-content\/uploads\/2018\/04\/1dc29a3e-1a7a-4449-9070-b252ad9b5ae2.jpg","contentUrl":"https:\/\/sandzakpress.net\/arhiva\/wp-content\/uploads\/2018\/04\/1dc29a3e-1a7a-4449-9070-b252ad9b5ae2.jpg","width":768,"height":512},{"@type":"BreadcrumbList","@id":"https:\/\/sandzakpress.net\/arhiva\/ljajic-nemamo-mira-dok-god-je-na-politickoj-sceni-muamer-zukorlic\/#breadcrumb","itemListElement":[{"@type":"ListItem","position":1,"name":"Home","item":"https:\/\/sandzakpress.net\/arhiva\/"},{"@type":"ListItem","position":2,"name":"Ljaji\u0107- \u201cNemamo mira dok god je na politi\u010dkoj sceni Muamer Zukorli\u0107\u201d"}]},{"@type":"WebSite","@id":"https:\/\/sandzakpress.net\/arhiva\/#website","url":"https:\/\/sandzakpress.net\/arhiva\/","name":"Sand\u017eak PRESS","description":"Prve elektronske novine u Sand\u017eaku","publisher":{"@id":"https:\/\/sandzakpress.net\/arhiva\/#\/schema\/person\/6e72b67d6e51910a1117b3b483ba20bd"},"potentialAction":[{"@type":"SearchAction","target":{"@type":"EntryPoint","urlTemplate":"https:\/\/sandzakpress.net\/arhiva\/?s={search_term_string}"},"query-input":{"@type":"PropertyValueSpecification","valueRequired":true,"valueName":"search_term_string"}}],"inLanguage":"bs-BA"},{"@type":["Person","Organization"],"@id":"https:\/\/sandzakpress.net\/arhiva\/#\/schema\/person\/6e72b67d6e51910a1117b3b483ba20bd","name":"Kul","image":{"@type":"ImageObject","inLanguage":"bs-BA","@id":"https:\/\/sandzakpress.net\/arhiva\/#\/schema\/person\/image\/","url":"https:\/\/secure.gravatar.com\/avatar\/42263f39aa27ac04c43cab85c280eb2e?s=96&d=mm&r=pg","contentUrl":"https:\/\/secure.gravatar.com\/avatar\/42263f39aa27ac04c43cab85c280eb2e?s=96&d=mm&r=pg","caption":"Kul"},"logo":{"@id":"https:\/\/sandzakpress.net\/arhiva\/#\/schema\/person\/image\/"}},{"@type":"Person","@id":"https:\/\/sandzakpress.net\/arhiva\/#\/schema\/person\/32f63b6bc693126333e4b1d8cccb52ac","name":"SM","image":{"@type":"ImageObject","inLanguage":"bs-BA","@id":"https:\/\/sandzakpress.net\/arhiva\/#\/schema\/person\/image\/","url":"https:\/\/secure.gravatar.com\/avatar\/e06a45a606f1dee973ded6565c9e653e?s=96&d=mm&r=pg","contentUrl":"https:\/\/secure.gravatar.com\/avatar\/e06a45a606f1dee973ded6565c9e653e?s=96&d=mm&r=pg","caption":"SM"},"url":"https:\/\/sandzakpress.net\/arhiva\/author\/sandzakmedia\/"}]}},"_links":{"self":[{"href":"https:\/\/sandzakpress.net\/arhiva\/wp-json\/wp\/v2\/posts\/205135"}],"collection":[{"href":"https:\/\/sandzakpress.net\/arhiva\/wp-json\/wp\/v2\/posts"}],"about":[{"href":"https:\/\/sandzakpress.net\/arhiva\/wp-json\/wp\/v2\/types\/post"}],"author":[{"embeddable":true,"href":"https:\/\/sandzakpress.net\/arhiva\/wp-json\/wp\/v2\/users\/501"}],"replies":[{"embeddable":true,"href":"https:\/\/sandzakpress.net\/arhiva\/wp-json\/wp\/v2\/comments?post=205135"}],"version-history":[{"count":0,"href":"https:\/\/sandzakpress.net\/arhiva\/wp-json\/wp\/v2\/posts\/205135\/revisions"}],"wp:featuredmedia":[{"embeddable":true,"href":"https:\/\/sandzakpress.net\/arhiva\/wp-json\/wp\/v2\/media\/205136"}],"wp:attachment":[{"href":"https:\/\/sandzakpress.net\/arhiva\/wp-json\/wp\/v2\/media?parent=205135"}],"wp:term":[{"taxonomy":"category","embeddable":true,"href":"https:\/\/sandzakpress.net\/arhiva\/wp-json\/wp\/v2\/categories?post=205135"},{"taxonomy":"post_tag","embeddable":true,"href":"https:\/\/sandzakpress.net\/arhiva\/wp-json\/wp\/v2\/tags?post=205135"}],"curies":[{"name":"wp","href":"https:\/\/api.w.org\/{rel}","templated":true}]}}