{"id":20513,"date":"2011-09-22T18:18:58","date_gmt":"2011-09-22T16:18:58","guid":{"rendered":"https:\/\/sandzakpress.net\/arhiva\/?p=20513"},"modified":"2011-09-22T18:18:58","modified_gmt":"2011-09-22T16:18:58","slug":"univerzitetski-centar-od-sredine-oktobra","status":"publish","type":"post","link":"https:\/\/sandzakpress.net\/arhiva\/univerzitetski-centar-od-sredine-oktobra\/","title":{"rendered":"Univerzitetski centar od sredine oktobra"},"content":{"rendered":"<p><strong><a href=\"https:\/\/sandzakpress.net\/arhiva\/wp-content\/uploads\/2011\/09\/1316560805.jpg\"><img loading=\"lazy\" decoding=\"async\" class=\"alignleft size-medium wp-image-20514\" title=\"1316560805\" src=\"https:\/\/sandzakpress.net\/arhiva\/wp-content\/uploads\/2011\/09\/1316560805-300x198.jpg\" alt=\"\" width=\"300\" height=\"198\" \/><\/a>Berane &#8211; Prostor povr\u0161ine od 4.100 kvadratnih metara bi\u0107e u funkciji od  sredine narednog mjeseca, dok \u0107e amfiteatarski dio povr\u0161ine oko 2.000  kvadrata sa\u010dekati neka, u finansijskom pogledu, bolja vremena.<\/strong><\/p>\n<p>Iako je akademska godina formalno ve\u0107 po\u010dela, fakulteti  dr\u017eavnog univerziteta u Beranama i dalje su u \u201enu\u017enom\u201c smje\u0161taju. Nakon  po\u017eara u poslovnom centru \u201eEvropa\u201c, morali su se seliti na vi\u0161e  lokacija, odnosno prostora u vlasni\u0161tvu op\u0161tine i drugih ustanova i  institucija i na taj na\u010din premostiti period do zavr\u0161etka gradnje  univerzitetskog centra, u u\u017eem dijelu grada.<\/p>\n<p>Prema informacijama dobijenim iz Direkcije za javne radove, koja  je investitor, i op\u0161tinske uprave, radovi su u zavr\u0161noj fazi i sasvim je  izvjesno da \u0107e najve\u0107i dio ovog jedinstvenog kompleksa biti spreman za  useljenje fakulteta ve\u0107 15. oktobra. Kabineti i dio radnih prostora,  neophodnih za nesmetano odvijanje svakodnevnih aktivnosti studenata,  profesora i ostalog nastavnog i tehni\u010dkog osoblja, bi\u0107e do tada  opremljeni, a samim tim univerzitetski centar \u0107e po\u010deti da radi kako je i  planirano.<\/p>\n<p>I dalje i vi\u0161e<\/p>\n<p>&#8211; Univerzitetski centar je prirodni nastavak jedne od  kratkoro\u010dno, a naro\u010dito dugoro\u010dno najisplativijih investicija u istoriji  Berana \u2013 otvaranja fakulteta crnogorskog univerziteta.<\/p>\n<p>&#8211;  \u010cinjenica da na njima studira vi\u0161e od 600 mladih, ne samo sa  podru\u010dja Vasojevi\u0107a, nego i iz cijele Crne Gore, pa i Srbije i  okru\u017eenja, u\u010dinila je grad bitno druga\u010dijim, a aktuelnu i svaku narednu  vlast obavezala na stalno unapre\u0111enje razvojnog koncepta koji ne\u0107e  determenisati naslije\u0111eni provincijalizam i politikantsko pre\u017eivljavanje  od jednog do  drugog izbornog ciklusa \u2013  nagla\u0161ava gradona\u010delnik Vuka  Golubovi\u0107.<\/p>\n<p>Od sredine narednog mjeseca bi\u0107e upotrebljiv prostor od ukupno  4.100 kvadratnih metara dok \u0107e anfiteatarski dio od oko dvije hiljade  kvadrata sa\u010dekati neka, u finansijskom pogledu, bolja vremena. Tada \u0107e,  kako se predvi\u0111a, biti stvoreni i veoma dobri uslovi za druge akademske  aktivnosti, unutar organizacionih formi tipa kulturnog i sportskog  studentskog centra, edukativnih radionica i drugih vidova pune socijalne  integracije studentske populacije u lokalnu zajednicu.<\/p>\n<p>\u0160to se ostalih kapitalnih investicija ti\u010de, Golubovi\u0107 nagla\u0161ava   da se ni od jedne nije odustalo, ali \u0107e dinamika realizacije biti ne\u0161to  sporija od planirane. Radovi na izgradnji sportske dvorane ne dovode se u  pitanju, a od revitalizacije beranskog aerodroma lokalna vlast, makar u  zadnje dvije godine, nije niti namjeravala da odustane. U neprekidnoj  je poslovnoj komunikaciji sa dvije zainteresovane kompanije iz Turske.  Golubovi\u0107 podsje\u0107a:<\/p>\n<p>Bez \u201ecrnih ta\u010daka\u201c<\/p>\n<p>&#8211; Odlukom Vlade, aerodrom je stoprocentno vlasni\u0161tvo op\u0161tine, a  koncept javno &#8211; privatnog partnerstva imao je punu podr\u0161ku biv\u0161eg  premijera \u0110ukanovi\u0107a, a dobio je i od aktuelnog Luk\u0161i\u0107a. Na nivou  lokalne uprave formirali smo stru\u010dno \u2013 administrativni tim koji je ve\u0107  predlo\u017eio nekoliko modela i uradio pregovara\u010dku platformu, kao osnov za  poslovno komuniciranje sa zainteresovanim kompanijama. Od radikalne  rekonstrukcije i definitivne revitalizacije aerodroma, dakle, ne  odustajemo, jer bez tog vitalnog objekta i novog putnog koridora od Bara  do Boljara, bez obzira da li \u0107e biti auto-put ili brza saobra\u0107ajnica,  te\u0161ko je zamisliti intenzivniji i sveobuhvatniji razvoj crnogorskog  sjevera.<\/p>\n<p>Uporedo sa kapitalnim, finansijski i organizaciono, lagano se  zaokru\u017euju i takozvane teku\u0107e investicije u gradsku i seosku  infrastrukturu. Prioritet je, svakako, rekonstrukcija o\u0161te\u0107enog mosta na  Limu. Radovi su po\u010deli prije nekoliko dana i trebalo bi da se okon\u010daju  najkasnije do kraja oktobra. Prije jesenjih ki\u0161a dodatno \u0107e se oja\u010dati i  vodoutvrde koje bi od bujica trebalo da za\u0161tite najve\u0107i dio naselja u  priobalnom pojasu Berana. Na seoskim podru\u010djima saniraju se evidentirane  ,,crne ta\u010dke\u201c na putnoj, vodovodnoj i elektrodistributivnoj  infrastrukturi.<\/p>\n<p>Deponija na reviziji<\/p>\n<p>Revizija glavnog projekta regionalne deponije Vasova voda je u  toku, a u proceduri je u skladu sa zakonom i odabir strate\u0161kog partnera i  izvo\u0111a\u010da radova.<\/p>\n<p>&#8211; Obavljene su sve analize, mjerenja, dobijene saglasnosti  referentnih ustanova i institucija i nema nijednog razloga za  odustajanje od tog zna\u010dajnog projekta.<\/p>\n<p>Niti ima, niti \u0107e biti novih rje\u0161enja, jer se samo \u010deka  gra\u0111evinska dozvola resornog ministarstva. Prema dosada\u0161njoj dinamici  odvijanja ovog vrlo slo\u017eenog posla i jo\u0161 slo\u017eenijih procedura koje  moraju biti po\u0161tovane, izdavanje dozvole o\u010dekujemo najkasnije do kraja  oktobra. Nakon toga, u posao vrijedan vi\u0161e od \u0161est miliona eura bi\u0107e  uvo\u0111eni izvo\u0111a\u010di radova i strate\u0161ki partner, a prva etapa je sanacija  postoje\u0107eg stanja deponije u skladu sa najvi\u0161im ekolo\u0161kim, zdravstvenim i  ekonomskim standardima \u2013 ka\u017ee predsjednik op\u0161tine Vuka Golubovi\u0107.<\/p>\n<p>Izvor: <strong>Pobjeda.me<\/strong><\/p>\n","protected":false},"excerpt":{"rendered":"<p>Berane &#8211; Prostor povr\u0161ine od 4.100 kvadratnih metara bi\u0107e u funkciji od sredine narednog mjeseca, dok \u0107e amfiteatarski dio povr\u0161ine oko 2.000 kvadrata sa\u010dekati neka, u finansijskom pogledu, bolja vremena. Iako je akademska godina formalno ve\u0107 po\u010dela, fakulteti dr\u017eavnog univerziteta u Beranama i dalje su u \u201enu\u017enom\u201c smje\u0161taju. Nakon po\u017eara u poslovnom centru \u201eEvropa\u201c, morali [&hellip;]<\/p>\n","protected":false},"author":13,"featured_media":20514,"comment_status":"open","ping_status":"open","sticky":false,"template":"","format":"standard","meta":{"footnotes":""},"categories":[397,4],"tags":[],"class_list":{"0":"post-20513","1":"post","2":"type-post","3":"status-publish","4":"format-standard","5":"has-post-thumbnail","7":"category-berane","8":"category-obrazovanje"},"yoast_head":"<!-- This site is optimized with the Yoast SEO Premium plugin v23.1 (Yoast SEO v24.9) - https:\/\/yoast.com\/wordpress\/plugins\/seo\/ -->\n<title>Univerzitetski centar od sredine oktobra<\/title>\n<meta name=\"robots\" content=\"index, follow, max-snippet:-1, max-image-preview:large, max-video-preview:-1\" \/>\n<link rel=\"canonical\" href=\"https:\/\/sandzakpress.net\/arhiva\/univerzitetski-centar-od-sredine-oktobra\/\" \/>\n<meta property=\"og:locale\" content=\"bs_BA\" \/>\n<meta property=\"og:type\" content=\"article\" \/>\n<meta property=\"og:title\" content=\"Univerzitetski centar od sredine oktobra\" \/>\n<meta property=\"og:description\" content=\"Berane &#8211; Prostor povr\u0161ine od 4.100 kvadratnih metara bi\u0107e u funkciji od sredine narednog mjeseca, dok \u0107e amfiteatarski dio povr\u0161ine oko 2.000 kvadrata sa\u010dekati neka, u finansijskom pogledu, bolja vremena. Iako je akademska godina formalno ve\u0107 po\u010dela, fakulteti dr\u017eavnog univerziteta u Beranama i dalje su u \u201enu\u017enom\u201c smje\u0161taju. Nakon po\u017eara u poslovnom centru \u201eEvropa\u201c, morali [&hellip;]\" \/>\n<meta property=\"og:url\" content=\"https:\/\/sandzakpress.net\/arhiva\/univerzitetski-centar-od-sredine-oktobra\/\" \/>\n<meta property=\"og:site_name\" content=\"Sand\u017eak PRESS\" \/>\n<meta property=\"article:published_time\" content=\"2011-09-22T16:18:58+00:00\" \/>\n<meta property=\"og:image\" content=\"https:\/\/sandzakpress.net\/arhiva\/wp-content\/uploads\/2011\/09\/1316560805.jpg\" \/>\n\t<meta property=\"og:image:width\" content=\"460\" \/>\n\t<meta property=\"og:image:height\" content=\"305\" \/>\n\t<meta property=\"og:image:type\" content=\"image\/jpeg\" \/>\n<meta name=\"twitter:card\" content=\"summary_large_image\" \/>\n<meta name=\"twitter:label1\" content=\"Written by\" \/>\n\t<meta name=\"twitter:data1\" content=\"\" \/>\n\t<meta name=\"twitter:label2\" content=\"Est. reading time\" \/>\n\t<meta name=\"twitter:data2\" content=\"4 minute\" \/>\n<script type=\"application\/ld+json\" class=\"yoast-schema-graph\">{\"@context\":\"https:\/\/schema.org\",\"@graph\":[{\"@type\":\"Article\",\"@id\":\"https:\/\/sandzakpress.net\/arhiva\/univerzitetski-centar-od-sredine-oktobra\/#article\",\"isPartOf\":{\"@id\":\"https:\/\/sandzakpress.net\/arhiva\/univerzitetski-centar-od-sredine-oktobra\/\"},\"author\":{\"name\":\"\",\"@id\":\"\"},\"headline\":\"Univerzitetski centar od sredine oktobra\",\"datePublished\":\"2011-09-22T16:18:58+00:00\",\"mainEntityOfPage\":{\"@id\":\"https:\/\/sandzakpress.net\/arhiva\/univerzitetski-centar-od-sredine-oktobra\/\"},\"wordCount\":775,\"commentCount\":0,\"publisher\":{\"@id\":\"https:\/\/sandzakpress.net\/arhiva\/#\/schema\/person\/6e72b67d6e51910a1117b3b483ba20bd\"},\"image\":{\"@id\":\"https:\/\/sandzakpress.net\/arhiva\/univerzitetski-centar-od-sredine-oktobra\/#primaryimage\"},\"thumbnailUrl\":\"https:\/\/sandzakpress.net\/arhiva\/wp-content\/uploads\/2011\/09\/1316560805.jpg\",\"articleSection\":[\"Berane\",\"Obrazovanje\"],\"inLanguage\":\"bs-BA\",\"potentialAction\":[{\"@type\":\"CommentAction\",\"name\":\"Comment\",\"target\":[\"https:\/\/sandzakpress.net\/arhiva\/univerzitetski-centar-od-sredine-oktobra\/#respond\"]}]},{\"@type\":\"WebPage\",\"@id\":\"https:\/\/sandzakpress.net\/arhiva\/univerzitetski-centar-od-sredine-oktobra\/\",\"url\":\"https:\/\/sandzakpress.net\/arhiva\/univerzitetski-centar-od-sredine-oktobra\/\",\"name\":\"Univerzitetski centar od sredine oktobra\",\"isPartOf\":{\"@id\":\"https:\/\/sandzakpress.net\/arhiva\/#website\"},\"primaryImageOfPage\":{\"@id\":\"https:\/\/sandzakpress.net\/arhiva\/univerzitetski-centar-od-sredine-oktobra\/#primaryimage\"},\"image\":{\"@id\":\"https:\/\/sandzakpress.net\/arhiva\/univerzitetski-centar-od-sredine-oktobra\/#primaryimage\"},\"thumbnailUrl\":\"https:\/\/sandzakpress.net\/arhiva\/wp-content\/uploads\/2011\/09\/1316560805.jpg\",\"datePublished\":\"2011-09-22T16:18:58+00:00\",\"breadcrumb\":{\"@id\":\"https:\/\/sandzakpress.net\/arhiva\/univerzitetski-centar-od-sredine-oktobra\/#breadcrumb\"},\"inLanguage\":\"bs-BA\",\"potentialAction\":[{\"@type\":\"ReadAction\",\"target\":[\"https:\/\/sandzakpress.net\/arhiva\/univerzitetski-centar-od-sredine-oktobra\/\"]}]},{\"@type\":\"ImageObject\",\"inLanguage\":\"bs-BA\",\"@id\":\"https:\/\/sandzakpress.net\/arhiva\/univerzitetski-centar-od-sredine-oktobra\/#primaryimage\",\"url\":\"https:\/\/sandzakpress.net\/arhiva\/wp-content\/uploads\/2011\/09\/1316560805.jpg\",\"contentUrl\":\"https:\/\/sandzakpress.net\/arhiva\/wp-content\/uploads\/2011\/09\/1316560805.jpg\",\"width\":460,\"height\":305},{\"@type\":\"BreadcrumbList\",\"@id\":\"https:\/\/sandzakpress.net\/arhiva\/univerzitetski-centar-od-sredine-oktobra\/#breadcrumb\",\"itemListElement\":[{\"@type\":\"ListItem\",\"position\":1,\"name\":\"Home\",\"item\":\"https:\/\/sandzakpress.net\/arhiva\/\"},{\"@type\":\"ListItem\",\"position\":2,\"name\":\"Univerzitetski centar od sredine oktobra\"}]},{\"@type\":\"WebSite\",\"@id\":\"https:\/\/sandzakpress.net\/arhiva\/#website\",\"url\":\"https:\/\/sandzakpress.net\/arhiva\/\",\"name\":\"Sand\u017eak PRESS\",\"description\":\"Prve elektronske novine u Sand\u017eaku\",\"publisher\":{\"@id\":\"https:\/\/sandzakpress.net\/arhiva\/#\/schema\/person\/6e72b67d6e51910a1117b3b483ba20bd\"},\"potentialAction\":[{\"@type\":\"SearchAction\",\"target\":{\"@type\":\"EntryPoint\",\"urlTemplate\":\"https:\/\/sandzakpress.net\/arhiva\/?s={search_term_string}\"},\"query-input\":{\"@type\":\"PropertyValueSpecification\",\"valueRequired\":true,\"valueName\":\"search_term_string\"}}],\"inLanguage\":\"bs-BA\"},{\"@type\":[\"Person\",\"Organization\"],\"@id\":\"https:\/\/sandzakpress.net\/arhiva\/#\/schema\/person\/6e72b67d6e51910a1117b3b483ba20bd\",\"name\":\"Kul\",\"image\":{\"@type\":\"ImageObject\",\"inLanguage\":\"bs-BA\",\"@id\":\"https:\/\/sandzakpress.net\/arhiva\/#\/schema\/person\/image\/\",\"url\":\"https:\/\/secure.gravatar.com\/avatar\/42263f39aa27ac04c43cab85c280eb2e?s=96&d=mm&r=pg\",\"contentUrl\":\"https:\/\/secure.gravatar.com\/avatar\/42263f39aa27ac04c43cab85c280eb2e?s=96&d=mm&r=pg\",\"caption\":\"Kul\"},\"logo\":{\"@id\":\"https:\/\/sandzakpress.net\/arhiva\/#\/schema\/person\/image\/\"}},{\"@type\":\"Person\",\"@id\":\"\",\"url\":\"https:\/\/sandzakpress.net\/arhiva\/author\/\"}]}<\/script>\n<!-- \/ Yoast SEO Premium plugin. -->","yoast_head_json":{"title":"Univerzitetski centar od sredine oktobra","robots":{"index":"index","follow":"follow","max-snippet":"max-snippet:-1","max-image-preview":"max-image-preview:large","max-video-preview":"max-video-preview:-1"},"canonical":"https:\/\/sandzakpress.net\/arhiva\/univerzitetski-centar-od-sredine-oktobra\/","og_locale":"bs_BA","og_type":"article","og_title":"Univerzitetski centar od sredine oktobra","og_description":"Berane &#8211; Prostor povr\u0161ine od 4.100 kvadratnih metara bi\u0107e u funkciji od sredine narednog mjeseca, dok \u0107e amfiteatarski dio povr\u0161ine oko 2.000 kvadrata sa\u010dekati neka, u finansijskom pogledu, bolja vremena. Iako je akademska godina formalno ve\u0107 po\u010dela, fakulteti dr\u017eavnog univerziteta u Beranama i dalje su u \u201enu\u017enom\u201c smje\u0161taju. Nakon po\u017eara u poslovnom centru \u201eEvropa\u201c, morali [&hellip;]","og_url":"https:\/\/sandzakpress.net\/arhiva\/univerzitetski-centar-od-sredine-oktobra\/","og_site_name":"Sand\u017eak PRESS","article_published_time":"2011-09-22T16:18:58+00:00","og_image":[{"width":460,"height":305,"url":"https:\/\/sandzakpress.net\/arhiva\/wp-content\/uploads\/2011\/09\/1316560805.jpg","type":"image\/jpeg"}],"twitter_card":"summary_large_image","twitter_misc":{"Written by":"","Est. reading time":"4 minute"},"schema":{"@context":"https:\/\/schema.org","@graph":[{"@type":"Article","@id":"https:\/\/sandzakpress.net\/arhiva\/univerzitetski-centar-od-sredine-oktobra\/#article","isPartOf":{"@id":"https:\/\/sandzakpress.net\/arhiva\/univerzitetski-centar-od-sredine-oktobra\/"},"author":{"name":"","@id":""},"headline":"Univerzitetski centar od sredine oktobra","datePublished":"2011-09-22T16:18:58+00:00","mainEntityOfPage":{"@id":"https:\/\/sandzakpress.net\/arhiva\/univerzitetski-centar-od-sredine-oktobra\/"},"wordCount":775,"commentCount":0,"publisher":{"@id":"https:\/\/sandzakpress.net\/arhiva\/#\/schema\/person\/6e72b67d6e51910a1117b3b483ba20bd"},"image":{"@id":"https:\/\/sandzakpress.net\/arhiva\/univerzitetski-centar-od-sredine-oktobra\/#primaryimage"},"thumbnailUrl":"https:\/\/sandzakpress.net\/arhiva\/wp-content\/uploads\/2011\/09\/1316560805.jpg","articleSection":["Berane","Obrazovanje"],"inLanguage":"bs-BA","potentialAction":[{"@type":"CommentAction","name":"Comment","target":["https:\/\/sandzakpress.net\/arhiva\/univerzitetski-centar-od-sredine-oktobra\/#respond"]}]},{"@type":"WebPage","@id":"https:\/\/sandzakpress.net\/arhiva\/univerzitetski-centar-od-sredine-oktobra\/","url":"https:\/\/sandzakpress.net\/arhiva\/univerzitetski-centar-od-sredine-oktobra\/","name":"Univerzitetski centar od sredine oktobra","isPartOf":{"@id":"https:\/\/sandzakpress.net\/arhiva\/#website"},"primaryImageOfPage":{"@id":"https:\/\/sandzakpress.net\/arhiva\/univerzitetski-centar-od-sredine-oktobra\/#primaryimage"},"image":{"@id":"https:\/\/sandzakpress.net\/arhiva\/univerzitetski-centar-od-sredine-oktobra\/#primaryimage"},"thumbnailUrl":"https:\/\/sandzakpress.net\/arhiva\/wp-content\/uploads\/2011\/09\/1316560805.jpg","datePublished":"2011-09-22T16:18:58+00:00","breadcrumb":{"@id":"https:\/\/sandzakpress.net\/arhiva\/univerzitetski-centar-od-sredine-oktobra\/#breadcrumb"},"inLanguage":"bs-BA","potentialAction":[{"@type":"ReadAction","target":["https:\/\/sandzakpress.net\/arhiva\/univerzitetski-centar-od-sredine-oktobra\/"]}]},{"@type":"ImageObject","inLanguage":"bs-BA","@id":"https:\/\/sandzakpress.net\/arhiva\/univerzitetski-centar-od-sredine-oktobra\/#primaryimage","url":"https:\/\/sandzakpress.net\/arhiva\/wp-content\/uploads\/2011\/09\/1316560805.jpg","contentUrl":"https:\/\/sandzakpress.net\/arhiva\/wp-content\/uploads\/2011\/09\/1316560805.jpg","width":460,"height":305},{"@type":"BreadcrumbList","@id":"https:\/\/sandzakpress.net\/arhiva\/univerzitetski-centar-od-sredine-oktobra\/#breadcrumb","itemListElement":[{"@type":"ListItem","position":1,"name":"Home","item":"https:\/\/sandzakpress.net\/arhiva\/"},{"@type":"ListItem","position":2,"name":"Univerzitetski centar od sredine oktobra"}]},{"@type":"WebSite","@id":"https:\/\/sandzakpress.net\/arhiva\/#website","url":"https:\/\/sandzakpress.net\/arhiva\/","name":"Sand\u017eak PRESS","description":"Prve elektronske novine u Sand\u017eaku","publisher":{"@id":"https:\/\/sandzakpress.net\/arhiva\/#\/schema\/person\/6e72b67d6e51910a1117b3b483ba20bd"},"potentialAction":[{"@type":"SearchAction","target":{"@type":"EntryPoint","urlTemplate":"https:\/\/sandzakpress.net\/arhiva\/?s={search_term_string}"},"query-input":{"@type":"PropertyValueSpecification","valueRequired":true,"valueName":"search_term_string"}}],"inLanguage":"bs-BA"},{"@type":["Person","Organization"],"@id":"https:\/\/sandzakpress.net\/arhiva\/#\/schema\/person\/6e72b67d6e51910a1117b3b483ba20bd","name":"Kul","image":{"@type":"ImageObject","inLanguage":"bs-BA","@id":"https:\/\/sandzakpress.net\/arhiva\/#\/schema\/person\/image\/","url":"https:\/\/secure.gravatar.com\/avatar\/42263f39aa27ac04c43cab85c280eb2e?s=96&d=mm&r=pg","contentUrl":"https:\/\/secure.gravatar.com\/avatar\/42263f39aa27ac04c43cab85c280eb2e?s=96&d=mm&r=pg","caption":"Kul"},"logo":{"@id":"https:\/\/sandzakpress.net\/arhiva\/#\/schema\/person\/image\/"}},{"@type":"Person","@id":"","url":"https:\/\/sandzakpress.net\/arhiva\/author\/"}]}},"_links":{"self":[{"href":"https:\/\/sandzakpress.net\/arhiva\/wp-json\/wp\/v2\/posts\/20513"}],"collection":[{"href":"https:\/\/sandzakpress.net\/arhiva\/wp-json\/wp\/v2\/posts"}],"about":[{"href":"https:\/\/sandzakpress.net\/arhiva\/wp-json\/wp\/v2\/types\/post"}],"author":[{"embeddable":true,"href":"https:\/\/sandzakpress.net\/arhiva\/wp-json\/wp\/v2\/users\/13"}],"replies":[{"embeddable":true,"href":"https:\/\/sandzakpress.net\/arhiva\/wp-json\/wp\/v2\/comments?post=20513"}],"version-history":[{"count":0,"href":"https:\/\/sandzakpress.net\/arhiva\/wp-json\/wp\/v2\/posts\/20513\/revisions"}],"wp:featuredmedia":[{"embeddable":true,"href":"https:\/\/sandzakpress.net\/arhiva\/wp-json\/wp\/v2\/media\/20514"}],"wp:attachment":[{"href":"https:\/\/sandzakpress.net\/arhiva\/wp-json\/wp\/v2\/media?parent=20513"}],"wp:term":[{"taxonomy":"category","embeddable":true,"href":"https:\/\/sandzakpress.net\/arhiva\/wp-json\/wp\/v2\/categories?post=20513"},{"taxonomy":"post_tag","embeddable":true,"href":"https:\/\/sandzakpress.net\/arhiva\/wp-json\/wp\/v2\/tags?post=20513"}],"curies":[{"name":"wp","href":"https:\/\/api.w.org\/{rel}","templated":true}]}}