{"id":205102,"date":"2018-04-07T00:29:52","date_gmt":"2018-04-06T22:29:52","guid":{"rendered":"https:\/\/sandzakpress.net\/arhiva\/?p=205102"},"modified":"2018-04-07T12:35:57","modified_gmt":"2018-04-07T10:35:57","slug":"preletaci-na-celnim-pozicjama-ljajic-imenuje-dekica-na-celu-gradskog-odbora-sdp-u-pazaru","status":"publish","type":"post","link":"https:\/\/sandzakpress.net\/arhiva\/preletaci-na-celnim-pozicjama-ljajic-imenuje-dekica-na-celu-gradskog-odbora-sdp-u-pazaru\/","title":{"rendered":"PRELETA\u010cI NA \u010cELNIM POZICIJAMA &#8211; Ljaji\u0107 imenuje \u0110eki\u0107a na \u010delu gradskog odbora SDP u Pazaru?"},"content":{"rendered":"<p><img loading=\"lazy\" decoding=\"async\" class=\"size-full wp-image-205103 aligncenter\" src=\"https:\/\/sandzakpress.net\/arhiva\/wp-content\/uploads\/2018\/04\/obavestenja-282.jpg\" alt=\"\" width=\"395\" height=\"263\" srcset=\"https:\/\/sandzakpress.net\/arhiva\/wp-content\/uploads\/2018\/04\/obavestenja-282.jpg 395w, https:\/\/sandzakpress.net\/arhiva\/wp-content\/uploads\/2018\/04\/obavestenja-282-360x240.jpg 360w\" sizes=\"(max-width: 395px) 100vw, 395px\" \/><\/p>\n<p><strong>Kako ekskluzivno saznajemo SDP Rasima Ljaji\u0107a planira Fahrudina \u0110eki\u0107a danas izabrati za predsjednika gradskog odbora te stranke.<\/strong><\/p>\n<p>Na\u0161oj redakciji su se obratili nezadovoljni funkcioneri te stranke, koji sumnjaju da je \u0110eki\u0107 dupli igra\u010d. Tako\u0111er izra\u017eavaju nezadovoljstvo \u0161to Ljaji\u0107 na \u010delna mjesta postavlja preleta\u010de. \u0110eki\u0107 je bio \u0161ef odborni\u010dkog kluba SDA u Novom Pazaru.<\/p>\n<p>Fahrudin \u0110eki\u0107 je zet Hasiba Suljovi\u0107a i sumnja se da je direktno umije\u0161an u odnos Suljovi\u0107a prema SDA stranci, posljednjih mjeseci.<\/p>\n<p>Ljaji\u0107 uobi\u010dajeno odbacuje svog dosada\u0161njeg predsjednika gradskog odbora, Huseina Memi\u0107a, nakon \u0161to ga je iskoristio u bla\u0107enju neistomi\u0161ljenika.<\/p>\n","protected":false},"excerpt":{"rendered":"<p>Kako ekskluzivno saznajemo SDP Rasima Ljaji\u0107a planira Fahrudina \u0110eki\u0107a danas izabrati za predsjednika gradskog odbora te stranke. Na\u0161oj redakciji su se obratili nezadovoljni funkcioneri te stranke, koji sumnjaju da je \u0110eki\u0107 dupli igra\u010d. Tako\u0111er izra\u017eavaju nezadovoljstvo \u0161to Ljaji\u0107 na \u010delna mjesta postavlja preleta\u010de. \u0110eki\u0107 je bio \u0161ef odborni\u010dkog kluba SDA u Novom Pazaru. Fahrudin \u0110eki\u0107 [&hellip;]<\/p>\n","protected":false},"author":501,"featured_media":205103,"comment_status":"open","ping_status":"open","sticky":false,"template":"","format":"standard","meta":{"footnotes":""},"categories":[72,1,8957,798],"tags":[],"class_list":{"0":"post-205102","1":"post","2":"type-post","3":"status-publish","4":"format-standard","5":"has-post-thumbnail","7":"category-novi-pazar","8":"category-politika","9":"category-vijesti-dana","10":"category-teme"},"yoast_head":"<!-- This site is optimized with the Yoast SEO Premium plugin v23.1 (Yoast SEO v24.9) - https:\/\/yoast.com\/wordpress\/plugins\/seo\/ -->\n<title>PRELETA\u010cI NA \u010cELNIM POZICIJAMA - Ljaji\u0107 imenuje \u0110eki\u0107a na \u010delu gradskog odbora SDP u Pazaru?<\/title>\n<meta name=\"robots\" content=\"index, follow, max-snippet:-1, max-image-preview:large, max-video-preview:-1\" \/>\n<link rel=\"canonical\" href=\"https:\/\/sandzakpress.net\/arhiva\/preletaci-na-celnim-pozicjama-ljajic-imenuje-dekica-na-celu-gradskog-odbora-sdp-u-pazaru\/\" \/>\n<meta property=\"og:locale\" content=\"bs_BA\" \/>\n<meta property=\"og:type\" content=\"article\" \/>\n<meta property=\"og:title\" content=\"PRELETA\u010cI NA \u010cELNIM POZICIJAMA - Ljaji\u0107 imenuje \u0110eki\u0107a na \u010delu gradskog odbora SDP u Pazaru?\" \/>\n<meta property=\"og:description\" content=\"Kako ekskluzivno saznajemo SDP Rasima Ljaji\u0107a planira Fahrudina \u0110eki\u0107a danas izabrati za predsjednika gradskog odbora te stranke. Na\u0161oj redakciji su se obratili nezadovoljni funkcioneri te stranke, koji sumnjaju da je \u0110eki\u0107 dupli igra\u010d. Tako\u0111er izra\u017eavaju nezadovoljstvo \u0161to Ljaji\u0107 na \u010delna mjesta postavlja preleta\u010de. \u0110eki\u0107 je bio \u0161ef odborni\u010dkog kluba SDA u Novom Pazaru. Fahrudin \u0110eki\u0107 [&hellip;]\" \/>\n<meta property=\"og:url\" content=\"https:\/\/sandzakpress.net\/arhiva\/preletaci-na-celnim-pozicjama-ljajic-imenuje-dekica-na-celu-gradskog-odbora-sdp-u-pazaru\/\" \/>\n<meta property=\"og:site_name\" content=\"Sand\u017eak PRESS\" \/>\n<meta property=\"article:published_time\" content=\"2018-04-06T22:29:52+00:00\" \/>\n<meta property=\"article:modified_time\" content=\"2018-04-07T10:35:57+00:00\" \/>\n<meta property=\"og:image\" content=\"https:\/\/sandzakpress.net\/arhiva\/wp-content\/uploads\/2018\/04\/obavestenja-282.jpg\" \/>\n\t<meta property=\"og:image:width\" content=\"395\" \/>\n\t<meta property=\"og:image:height\" content=\"263\" \/>\n\t<meta property=\"og:image:type\" content=\"image\/jpeg\" \/>\n<meta name=\"author\" content=\"SM\" \/>\n<meta name=\"twitter:card\" content=\"summary_large_image\" \/>\n<meta name=\"twitter:label1\" content=\"Written by\" \/>\n\t<meta name=\"twitter:data1\" content=\"SM\" \/>\n\t<meta name=\"twitter:label2\" content=\"Est. reading time\" \/>\n\t<meta name=\"twitter:data2\" content=\"1 minuta\" \/>\n<script type=\"application\/ld+json\" class=\"yoast-schema-graph\">{\"@context\":\"https:\/\/schema.org\",\"@graph\":[{\"@type\":\"Article\",\"@id\":\"https:\/\/sandzakpress.net\/arhiva\/preletaci-na-celnim-pozicjama-ljajic-imenuje-dekica-na-celu-gradskog-odbora-sdp-u-pazaru\/#article\",\"isPartOf\":{\"@id\":\"https:\/\/sandzakpress.net\/arhiva\/preletaci-na-celnim-pozicjama-ljajic-imenuje-dekica-na-celu-gradskog-odbora-sdp-u-pazaru\/\"},\"author\":{\"name\":\"SM\",\"@id\":\"https:\/\/sandzakpress.net\/arhiva\/#\/schema\/person\/32f63b6bc693126333e4b1d8cccb52ac\"},\"headline\":\"PRELETA\u010cI NA \u010cELNIM POZICIJAMA &#8211; Ljaji\u0107 imenuje \u0110eki\u0107a na \u010delu gradskog odbora SDP u Pazaru?\",\"datePublished\":\"2018-04-06T22:29:52+00:00\",\"dateModified\":\"2018-04-07T10:35:57+00:00\",\"mainEntityOfPage\":{\"@id\":\"https:\/\/sandzakpress.net\/arhiva\/preletaci-na-celnim-pozicjama-ljajic-imenuje-dekica-na-celu-gradskog-odbora-sdp-u-pazaru\/\"},\"wordCount\":124,\"commentCount\":6,\"publisher\":{\"@id\":\"https:\/\/sandzakpress.net\/arhiva\/#\/schema\/person\/6e72b67d6e51910a1117b3b483ba20bd\"},\"image\":{\"@id\":\"https:\/\/sandzakpress.net\/arhiva\/preletaci-na-celnim-pozicjama-ljajic-imenuje-dekica-na-celu-gradskog-odbora-sdp-u-pazaru\/#primaryimage\"},\"thumbnailUrl\":\"https:\/\/sandzakpress.net\/arhiva\/wp-content\/uploads\/2018\/04\/obavestenja-282.jpg\",\"articleSection\":[\"Novi Pazar\",\"Politika\",\"VIJESTI DANA\",\"NAJNOVIJE\"],\"inLanguage\":\"bs-BA\",\"potentialAction\":[{\"@type\":\"CommentAction\",\"name\":\"Comment\",\"target\":[\"https:\/\/sandzakpress.net\/arhiva\/preletaci-na-celnim-pozicjama-ljajic-imenuje-dekica-na-celu-gradskog-odbora-sdp-u-pazaru\/#respond\"]}]},{\"@type\":\"WebPage\",\"@id\":\"https:\/\/sandzakpress.net\/arhiva\/preletaci-na-celnim-pozicjama-ljajic-imenuje-dekica-na-celu-gradskog-odbora-sdp-u-pazaru\/\",\"url\":\"https:\/\/sandzakpress.net\/arhiva\/preletaci-na-celnim-pozicjama-ljajic-imenuje-dekica-na-celu-gradskog-odbora-sdp-u-pazaru\/\",\"name\":\"PRELETA\u010cI NA \u010cELNIM POZICIJAMA - Ljaji\u0107 imenuje \u0110eki\u0107a na \u010delu gradskog odbora SDP u Pazaru?\",\"isPartOf\":{\"@id\":\"https:\/\/sandzakpress.net\/arhiva\/#website\"},\"primaryImageOfPage\":{\"@id\":\"https:\/\/sandzakpress.net\/arhiva\/preletaci-na-celnim-pozicjama-ljajic-imenuje-dekica-na-celu-gradskog-odbora-sdp-u-pazaru\/#primaryimage\"},\"image\":{\"@id\":\"https:\/\/sandzakpress.net\/arhiva\/preletaci-na-celnim-pozicjama-ljajic-imenuje-dekica-na-celu-gradskog-odbora-sdp-u-pazaru\/#primaryimage\"},\"thumbnailUrl\":\"https:\/\/sandzakpress.net\/arhiva\/wp-content\/uploads\/2018\/04\/obavestenja-282.jpg\",\"datePublished\":\"2018-04-06T22:29:52+00:00\",\"dateModified\":\"2018-04-07T10:35:57+00:00\",\"breadcrumb\":{\"@id\":\"https:\/\/sandzakpress.net\/arhiva\/preletaci-na-celnim-pozicjama-ljajic-imenuje-dekica-na-celu-gradskog-odbora-sdp-u-pazaru\/#breadcrumb\"},\"inLanguage\":\"bs-BA\",\"potentialAction\":[{\"@type\":\"ReadAction\",\"target\":[\"https:\/\/sandzakpress.net\/arhiva\/preletaci-na-celnim-pozicjama-ljajic-imenuje-dekica-na-celu-gradskog-odbora-sdp-u-pazaru\/\"]}]},{\"@type\":\"ImageObject\",\"inLanguage\":\"bs-BA\",\"@id\":\"https:\/\/sandzakpress.net\/arhiva\/preletaci-na-celnim-pozicjama-ljajic-imenuje-dekica-na-celu-gradskog-odbora-sdp-u-pazaru\/#primaryimage\",\"url\":\"https:\/\/sandzakpress.net\/arhiva\/wp-content\/uploads\/2018\/04\/obavestenja-282.jpg\",\"contentUrl\":\"https:\/\/sandzakpress.net\/arhiva\/wp-content\/uploads\/2018\/04\/obavestenja-282.jpg\",\"width\":395,\"height\":263},{\"@type\":\"BreadcrumbList\",\"@id\":\"https:\/\/sandzakpress.net\/arhiva\/preletaci-na-celnim-pozicjama-ljajic-imenuje-dekica-na-celu-gradskog-odbora-sdp-u-pazaru\/#breadcrumb\",\"itemListElement\":[{\"@type\":\"ListItem\",\"position\":1,\"name\":\"Home\",\"item\":\"https:\/\/sandzakpress.net\/arhiva\/\"},{\"@type\":\"ListItem\",\"position\":2,\"name\":\"PRELETA\u010cI NA \u010cELNIM POZICIJAMA &#8211; Ljaji\u0107 imenuje \u0110eki\u0107a na \u010delu gradskog odbora SDP u Pazaru?\"}]},{\"@type\":\"WebSite\",\"@id\":\"https:\/\/sandzakpress.net\/arhiva\/#website\",\"url\":\"https:\/\/sandzakpress.net\/arhiva\/\",\"name\":\"Sand\u017eak PRESS\",\"description\":\"Prve elektronske novine u Sand\u017eaku\",\"publisher\":{\"@id\":\"https:\/\/sandzakpress.net\/arhiva\/#\/schema\/person\/6e72b67d6e51910a1117b3b483ba20bd\"},\"potentialAction\":[{\"@type\":\"SearchAction\",\"target\":{\"@type\":\"EntryPoint\",\"urlTemplate\":\"https:\/\/sandzakpress.net\/arhiva\/?s={search_term_string}\"},\"query-input\":{\"@type\":\"PropertyValueSpecification\",\"valueRequired\":true,\"valueName\":\"search_term_string\"}}],\"inLanguage\":\"bs-BA\"},{\"@type\":[\"Person\",\"Organization\"],\"@id\":\"https:\/\/sandzakpress.net\/arhiva\/#\/schema\/person\/6e72b67d6e51910a1117b3b483ba20bd\",\"name\":\"Kul\",\"image\":{\"@type\":\"ImageObject\",\"inLanguage\":\"bs-BA\",\"@id\":\"https:\/\/sandzakpress.net\/arhiva\/#\/schema\/person\/image\/\",\"url\":\"https:\/\/secure.gravatar.com\/avatar\/42263f39aa27ac04c43cab85c280eb2e?s=96&d=mm&r=pg\",\"contentUrl\":\"https:\/\/secure.gravatar.com\/avatar\/42263f39aa27ac04c43cab85c280eb2e?s=96&d=mm&r=pg\",\"caption\":\"Kul\"},\"logo\":{\"@id\":\"https:\/\/sandzakpress.net\/arhiva\/#\/schema\/person\/image\/\"}},{\"@type\":\"Person\",\"@id\":\"https:\/\/sandzakpress.net\/arhiva\/#\/schema\/person\/32f63b6bc693126333e4b1d8cccb52ac\",\"name\":\"SM\",\"image\":{\"@type\":\"ImageObject\",\"inLanguage\":\"bs-BA\",\"@id\":\"https:\/\/sandzakpress.net\/arhiva\/#\/schema\/person\/image\/\",\"url\":\"https:\/\/secure.gravatar.com\/avatar\/e06a45a606f1dee973ded6565c9e653e?s=96&d=mm&r=pg\",\"contentUrl\":\"https:\/\/secure.gravatar.com\/avatar\/e06a45a606f1dee973ded6565c9e653e?s=96&d=mm&r=pg\",\"caption\":\"SM\"},\"url\":\"https:\/\/sandzakpress.net\/arhiva\/author\/sandzakmedia\/\"}]}<\/script>\n<!-- \/ Yoast SEO Premium plugin. -->","yoast_head_json":{"title":"PRELETA\u010cI NA \u010cELNIM POZICIJAMA - Ljaji\u0107 imenuje \u0110eki\u0107a na \u010delu gradskog odbora SDP u Pazaru?","robots":{"index":"index","follow":"follow","max-snippet":"max-snippet:-1","max-image-preview":"max-image-preview:large","max-video-preview":"max-video-preview:-1"},"canonical":"https:\/\/sandzakpress.net\/arhiva\/preletaci-na-celnim-pozicjama-ljajic-imenuje-dekica-na-celu-gradskog-odbora-sdp-u-pazaru\/","og_locale":"bs_BA","og_type":"article","og_title":"PRELETA\u010cI NA \u010cELNIM POZICIJAMA - Ljaji\u0107 imenuje \u0110eki\u0107a na \u010delu gradskog odbora SDP u Pazaru?","og_description":"Kako ekskluzivno saznajemo SDP Rasima Ljaji\u0107a planira Fahrudina \u0110eki\u0107a danas izabrati za predsjednika gradskog odbora te stranke. Na\u0161oj redakciji su se obratili nezadovoljni funkcioneri te stranke, koji sumnjaju da je \u0110eki\u0107 dupli igra\u010d. Tako\u0111er izra\u017eavaju nezadovoljstvo \u0161to Ljaji\u0107 na \u010delna mjesta postavlja preleta\u010de. \u0110eki\u0107 je bio \u0161ef odborni\u010dkog kluba SDA u Novom Pazaru. Fahrudin \u0110eki\u0107 [&hellip;]","og_url":"https:\/\/sandzakpress.net\/arhiva\/preletaci-na-celnim-pozicjama-ljajic-imenuje-dekica-na-celu-gradskog-odbora-sdp-u-pazaru\/","og_site_name":"Sand\u017eak PRESS","article_published_time":"2018-04-06T22:29:52+00:00","article_modified_time":"2018-04-07T10:35:57+00:00","og_image":[{"width":395,"height":263,"url":"https:\/\/sandzakpress.net\/arhiva\/wp-content\/uploads\/2018\/04\/obavestenja-282.jpg","type":"image\/jpeg"}],"author":"SM","twitter_card":"summary_large_image","twitter_misc":{"Written by":"SM","Est. reading time":"1 minuta"},"schema":{"@context":"https:\/\/schema.org","@graph":[{"@type":"Article","@id":"https:\/\/sandzakpress.net\/arhiva\/preletaci-na-celnim-pozicjama-ljajic-imenuje-dekica-na-celu-gradskog-odbora-sdp-u-pazaru\/#article","isPartOf":{"@id":"https:\/\/sandzakpress.net\/arhiva\/preletaci-na-celnim-pozicjama-ljajic-imenuje-dekica-na-celu-gradskog-odbora-sdp-u-pazaru\/"},"author":{"name":"SM","@id":"https:\/\/sandzakpress.net\/arhiva\/#\/schema\/person\/32f63b6bc693126333e4b1d8cccb52ac"},"headline":"PRELETA\u010cI NA \u010cELNIM POZICIJAMA &#8211; Ljaji\u0107 imenuje \u0110eki\u0107a na \u010delu gradskog odbora SDP u Pazaru?","datePublished":"2018-04-06T22:29:52+00:00","dateModified":"2018-04-07T10:35:57+00:00","mainEntityOfPage":{"@id":"https:\/\/sandzakpress.net\/arhiva\/preletaci-na-celnim-pozicjama-ljajic-imenuje-dekica-na-celu-gradskog-odbora-sdp-u-pazaru\/"},"wordCount":124,"commentCount":6,"publisher":{"@id":"https:\/\/sandzakpress.net\/arhiva\/#\/schema\/person\/6e72b67d6e51910a1117b3b483ba20bd"},"image":{"@id":"https:\/\/sandzakpress.net\/arhiva\/preletaci-na-celnim-pozicjama-ljajic-imenuje-dekica-na-celu-gradskog-odbora-sdp-u-pazaru\/#primaryimage"},"thumbnailUrl":"https:\/\/sandzakpress.net\/arhiva\/wp-content\/uploads\/2018\/04\/obavestenja-282.jpg","articleSection":["Novi Pazar","Politika","VIJESTI DANA","NAJNOVIJE"],"inLanguage":"bs-BA","potentialAction":[{"@type":"CommentAction","name":"Comment","target":["https:\/\/sandzakpress.net\/arhiva\/preletaci-na-celnim-pozicjama-ljajic-imenuje-dekica-na-celu-gradskog-odbora-sdp-u-pazaru\/#respond"]}]},{"@type":"WebPage","@id":"https:\/\/sandzakpress.net\/arhiva\/preletaci-na-celnim-pozicjama-ljajic-imenuje-dekica-na-celu-gradskog-odbora-sdp-u-pazaru\/","url":"https:\/\/sandzakpress.net\/arhiva\/preletaci-na-celnim-pozicjama-ljajic-imenuje-dekica-na-celu-gradskog-odbora-sdp-u-pazaru\/","name":"PRELETA\u010cI NA \u010cELNIM POZICIJAMA - Ljaji\u0107 imenuje \u0110eki\u0107a na \u010delu gradskog odbora SDP u Pazaru?","isPartOf":{"@id":"https:\/\/sandzakpress.net\/arhiva\/#website"},"primaryImageOfPage":{"@id":"https:\/\/sandzakpress.net\/arhiva\/preletaci-na-celnim-pozicjama-ljajic-imenuje-dekica-na-celu-gradskog-odbora-sdp-u-pazaru\/#primaryimage"},"image":{"@id":"https:\/\/sandzakpress.net\/arhiva\/preletaci-na-celnim-pozicjama-ljajic-imenuje-dekica-na-celu-gradskog-odbora-sdp-u-pazaru\/#primaryimage"},"thumbnailUrl":"https:\/\/sandzakpress.net\/arhiva\/wp-content\/uploads\/2018\/04\/obavestenja-282.jpg","datePublished":"2018-04-06T22:29:52+00:00","dateModified":"2018-04-07T10:35:57+00:00","breadcrumb":{"@id":"https:\/\/sandzakpress.net\/arhiva\/preletaci-na-celnim-pozicjama-ljajic-imenuje-dekica-na-celu-gradskog-odbora-sdp-u-pazaru\/#breadcrumb"},"inLanguage":"bs-BA","potentialAction":[{"@type":"ReadAction","target":["https:\/\/sandzakpress.net\/arhiva\/preletaci-na-celnim-pozicjama-ljajic-imenuje-dekica-na-celu-gradskog-odbora-sdp-u-pazaru\/"]}]},{"@type":"ImageObject","inLanguage":"bs-BA","@id":"https:\/\/sandzakpress.net\/arhiva\/preletaci-na-celnim-pozicjama-ljajic-imenuje-dekica-na-celu-gradskog-odbora-sdp-u-pazaru\/#primaryimage","url":"https:\/\/sandzakpress.net\/arhiva\/wp-content\/uploads\/2018\/04\/obavestenja-282.jpg","contentUrl":"https:\/\/sandzakpress.net\/arhiva\/wp-content\/uploads\/2018\/04\/obavestenja-282.jpg","width":395,"height":263},{"@type":"BreadcrumbList","@id":"https:\/\/sandzakpress.net\/arhiva\/preletaci-na-celnim-pozicjama-ljajic-imenuje-dekica-na-celu-gradskog-odbora-sdp-u-pazaru\/#breadcrumb","itemListElement":[{"@type":"ListItem","position":1,"name":"Home","item":"https:\/\/sandzakpress.net\/arhiva\/"},{"@type":"ListItem","position":2,"name":"PRELETA\u010cI NA \u010cELNIM POZICIJAMA &#8211; Ljaji\u0107 imenuje \u0110eki\u0107a na \u010delu gradskog odbora SDP u Pazaru?"}]},{"@type":"WebSite","@id":"https:\/\/sandzakpress.net\/arhiva\/#website","url":"https:\/\/sandzakpress.net\/arhiva\/","name":"Sand\u017eak PRESS","description":"Prve elektronske novine u Sand\u017eaku","publisher":{"@id":"https:\/\/sandzakpress.net\/arhiva\/#\/schema\/person\/6e72b67d6e51910a1117b3b483ba20bd"},"potentialAction":[{"@type":"SearchAction","target":{"@type":"EntryPoint","urlTemplate":"https:\/\/sandzakpress.net\/arhiva\/?s={search_term_string}"},"query-input":{"@type":"PropertyValueSpecification","valueRequired":true,"valueName":"search_term_string"}}],"inLanguage":"bs-BA"},{"@type":["Person","Organization"],"@id":"https:\/\/sandzakpress.net\/arhiva\/#\/schema\/person\/6e72b67d6e51910a1117b3b483ba20bd","name":"Kul","image":{"@type":"ImageObject","inLanguage":"bs-BA","@id":"https:\/\/sandzakpress.net\/arhiva\/#\/schema\/person\/image\/","url":"https:\/\/secure.gravatar.com\/avatar\/42263f39aa27ac04c43cab85c280eb2e?s=96&d=mm&r=pg","contentUrl":"https:\/\/secure.gravatar.com\/avatar\/42263f39aa27ac04c43cab85c280eb2e?s=96&d=mm&r=pg","caption":"Kul"},"logo":{"@id":"https:\/\/sandzakpress.net\/arhiva\/#\/schema\/person\/image\/"}},{"@type":"Person","@id":"https:\/\/sandzakpress.net\/arhiva\/#\/schema\/person\/32f63b6bc693126333e4b1d8cccb52ac","name":"SM","image":{"@type":"ImageObject","inLanguage":"bs-BA","@id":"https:\/\/sandzakpress.net\/arhiva\/#\/schema\/person\/image\/","url":"https:\/\/secure.gravatar.com\/avatar\/e06a45a606f1dee973ded6565c9e653e?s=96&d=mm&r=pg","contentUrl":"https:\/\/secure.gravatar.com\/avatar\/e06a45a606f1dee973ded6565c9e653e?s=96&d=mm&r=pg","caption":"SM"},"url":"https:\/\/sandzakpress.net\/arhiva\/author\/sandzakmedia\/"}]}},"_links":{"self":[{"href":"https:\/\/sandzakpress.net\/arhiva\/wp-json\/wp\/v2\/posts\/205102"}],"collection":[{"href":"https:\/\/sandzakpress.net\/arhiva\/wp-json\/wp\/v2\/posts"}],"about":[{"href":"https:\/\/sandzakpress.net\/arhiva\/wp-json\/wp\/v2\/types\/post"}],"author":[{"embeddable":true,"href":"https:\/\/sandzakpress.net\/arhiva\/wp-json\/wp\/v2\/users\/501"}],"replies":[{"embeddable":true,"href":"https:\/\/sandzakpress.net\/arhiva\/wp-json\/wp\/v2\/comments?post=205102"}],"version-history":[{"count":0,"href":"https:\/\/sandzakpress.net\/arhiva\/wp-json\/wp\/v2\/posts\/205102\/revisions"}],"wp:featuredmedia":[{"embeddable":true,"href":"https:\/\/sandzakpress.net\/arhiva\/wp-json\/wp\/v2\/media\/205103"}],"wp:attachment":[{"href":"https:\/\/sandzakpress.net\/arhiva\/wp-json\/wp\/v2\/media?parent=205102"}],"wp:term":[{"taxonomy":"category","embeddable":true,"href":"https:\/\/sandzakpress.net\/arhiva\/wp-json\/wp\/v2\/categories?post=205102"},{"taxonomy":"post_tag","embeddable":true,"href":"https:\/\/sandzakpress.net\/arhiva\/wp-json\/wp\/v2\/tags?post=205102"}],"curies":[{"name":"wp","href":"https:\/\/api.w.org\/{rel}","templated":true}]}}