{"id":205073,"date":"2018-04-05T14:30:42","date_gmt":"2018-04-05T12:30:42","guid":{"rendered":"https:\/\/sandzakpress.net\/arhiva\/?p=205073"},"modified":"2018-04-05T14:41:04","modified_gmt":"2018-04-05T12:41:04","slug":"kalac-razvijen-i-bogat-sjever-je-interes-cijele-crne-gore","status":"publish","type":"post","link":"https:\/\/sandzakpress.net\/arhiva\/kalac-razvijen-i-bogat-sjever-je-interes-cijele-crne-gore\/","title":{"rendered":"Kala\u010d: Razvijen i bogat Sjever je interes cijele Crne Gore"},"content":{"rendered":"<p class=\"lead\"><img decoding=\"async\" title=\"\" src=\"http:\/\/www.rtcg.me\/upload\/boxImageData\/2018\/04\/2\/274819\/KALA%C4%8C%20PLJEVLJA.jpg\" alt=\"\" width=\"100%\" \/><\/p>\n<p class=\"lead\">Predsjedni\u010dki kandidat Stranke pravde i pomirenja u Crnoj Gori, Hazbija Kala\u010d, poru\u010dio je da je njegova kandidatura osvje\u017eenje koje je potrebno Crnoj Gori. U intervjuu za Portal RTCG, on kritikuje postupke vlasti, ali i opozicije. Ukoliko postane predsjednik, prvo \u0107e se posvetiti alarmantnoj situaciji u Pljevljima.<\/p>\n<p>Hazbija Kala\u010d\u00a0 vidi sebe kao predsjednika \u010dija \u0107e vrata biti otvorena svima\u00a0 onima &#8220;koji decenijama tra\u017ee mogu\u0107nost da slobodno, bez pritiska, nepotizma, ucjene, korupcije, politi\u010dkih partija pomognu ovoj dr\u017eavi i sebi&#8221;. A onaj ko vrata zatvara, ka\u017ee on, &#8220;ne vidi siromaha kako rovi po sme\u0107u ispod njegovog prozora&#8221;.\u00a0<\/p>\n<p><strong>1.\u0160ta Vas je opredijelilo da se kandidujete za predsjednika Crne Gore?<\/strong><\/p>\n<p>Opredijelio me te\u017eak \u017eivot obi\u010dnih ljudi, masovna iseljavanja, brutalno trovanje hiljade Pljevljaka, naro\u010dito\u00a0djece, socijalno pitanje, manipulacija majkama, op\u0161ta pohara i zapostavljenost prostora\u00a0sjeverno od Podgorice, stanje mog naroda, ali i svih drugih naroda u Crnoj Gori, gubitak nade da \u0107e biti bolje,\u00a0da mo\u017ee da bude bolje.<\/p>\n<div class=\"youtube-embed\" data-video_id=\"qRnXqikG6fw\"><iframe loading=\"lazy\" title=\"Kandidat za predsjednika Crne Gore Hazbija Kala\u010d predstavio program na RTCG1\" width=\"696\" height=\"522\" src=\"https:\/\/www.youtube.com\/embed\/qRnXqikG6fw?feature=oembed&#038;enablejsapi=1\" frameborder=\"0\" allow=\"accelerometer; autoplay; encrypted-media; gyroscope; picture-in-picture\" allowfullscreen><\/iframe><\/div>\n<p>\u010cinjenica da sam ja prvi kandidat za Predsjednika Crne Gore koji dolazi sa Sjevera, u postjugoslovenskom periodu, kao i \u010dinjenica da sam prvi Bo\u0161njak koji se kandiduje za tu funkciju ikada,\u00a0govore da je moja kandidatura pravo politi\u010dko osvje\u017eenje koje je potrebno Crnoj Gori.<\/p>\n<p><strong>2.Kako biste, kao predsjednik, sara\u0111ivali sa Vladom koju dominantno \u010dini partija koju smatrate\u00a0za najve\u0107eg krivca \u0161to se, kako ka\u017eete, Crna Gora nalazi u te\u0161koj i slo\u017eenoj situaciji?<\/strong><\/p>\n<p>Lako, na\u0161 zajedni\u010dki cilj je punopravno \u010dlanstvo u EU. Mojim izborom za Predsjednika, Vlada\u00a0Crne Gore dobija punu podr\u0161ku na tom putu, ali i ono \u0161to do sada nije imala &#8211; istinskog i realnog korektora\u00a0rada Vlade i njenih ministarstava. Kao Predsjednik \u0107u\u00a0tra\u017eiti najbolja rje\u0161enja za ovu dr\u017eavu i za sve njene gra\u0111ane i na osnovu toga donositi odluke. Vlada\u00a0ne\u0107e mo\u0107i ignorisati te stavove jer \u0107e biti zasnovani na struci i znanju, bez politi\u010dke pozadine. Nemam\u00a0mentora sa strane, moji mentori su obi\u010dni gradjani i dva tima saradnika. Ne priznajem fabrikovane cifre, ho\u0107u da su ljudi sigurni\u00a0i bogati ovdje, na ku\u0107nom pragu. Ho\u0107u modernu i stabilnu, balkansku, mediteransku, evropsku Crnu\u00a0Goru.\u00a0<\/p>\n<p><strong>3.Na koji na\u010din predsjednik, sa ipak ograni\u010denim ovla\u0161\u0107enjima, mo\u017ee doprinijeti demokratizaciji i\u00a0napretku Crne Gore?<\/strong><\/p>\n<p>Ta\u010dno je da Predsjednik nije Premijer, bar ne bi trebalo i ne bi smio da bude, iako se re\u017eim\u00a0otima i rukama i nogama da opet zgrabi mo\u0107 i da opet imamo dva premijera Vlade. Ta\u010dno je i to da ministri vode resore a ne Predsjednik, ali ta\u010dno je i to da je Predsjednik prvi \u010dovjek dr\u017eave. Ja kao Predsjednik imam pravo, ali i obavezu, pa i nu\u017edu, da pozovem sve mlade, pametne, talentovane,\u00a0radne, kao i sve iskusne, dokazane, moralne \u2026 da formiramo dva tima, \u010dije \u0107e aktivnosti sponzorisati\u00a0Predsjednik, kako bi prona\u0161li najbolja rje\u0161enja za na\u0161u dr\u017eavu u svim dru\u0161tvenim oblastima.<\/p>\n<p><strong>4.Poru\u010dili ste kako \u0107ete u drugom krugu, ako Vi ne budete u njemu, podr\u017eati &#8220;onu opciju koja vam je najbli\u017ea, a\u00a0to svakako nije lider DPS-a Milo \u0110ukanovi\u0107&#8221;. Koja opcija Vam je najbli\u017ea?<\/strong><\/p>\n<p>O tome \u0107emo eventualno nakon 15. aprila, mada ja iskreno vjerujem da \u0107e ve\u0107ina gra\u0111ana prepoznati\u00a0kapacitet ponude koju prezentujem ovih dana.<\/p>\n<p><strong>5.Osim \u0161to kritikujete vlast, ocijenili ste da i opozicija ima problema na putu ka EU. Na \u0161ta ta\u010dno\u00a0mislite?<\/strong><\/p>\n<p>Mislim na poglavlja 23 i 24 kao i na poglavlje 27, kao i na nespremnost opozicije da preuzme ulogu od\u00a0DPS-a i da rje\u0161avaju pitanja. Periodi\u010dno se smjenjuju, bar lokalno, a su\u0161tina ostaje ista. U mnogo\u00a0slu\u010dajeva i gora od DPS-a, iako se za to &#8220;gora&#8221; treba uzeti u obzir i Vlada koja tradicionalno pripada\u00a0DPS-u. U su\u0161tini, to je tu negdje. Poglavlje 27 podrazumijeva ga\u0161enje Termoelektrane u Pljevljima, a\u00a0<br \/>cijela opozicija ima u planu da gradi drugi blok kao i DPS, ili \u010dak i tre\u0107i, \u0161to je suludo. Partitokratija je\u00a0prisutna i kod jednih i kod drugih; radi se o istom sistemu. Mislim da je ovo dovoljno primjera, iako ih\u00a0se za 30 godina dosta skupilo.<\/p>\n<p><strong>6.O\u010digledno je da ste se u kampanji fokusirali na sjever dr\u017eave. O\u010dekujete li podr\u0161ku i bira\u010da sa juga\u00a0Crne Gore?<\/strong><\/p>\n<p>Razvijen i bogat\u00a0Sjever je interes cijele Crne Gore, a moj program uop\u0161te ne zapostavlja nikoga, naprotiv. Svjestan sam\u00a0da je, uprkos velikim ulaganjima u infrastrukturu na jugu, taj prostor do\u017eivio i veliku poharu, prije svega prostora.\u00a0<br \/>Ta\u010dno je da ima i pozitivnih trendova, ali oni moraju biti ubrzani kako bismo sa\u010duvali mlade ljude koji se sve vi\u0161e iseljavaju i sa toga podru\u010dja. Ovo je borba za svaku mladu i pametnu osobu, borba da im se stvore uslovi \u017eivota kakve zaslu\u017euju i kakve realno mogu imati.<\/p>\n<p><strong>7.\u0160ta nudite sjeveru Crne Gore, na koji na\u010din zaustaviti iseljavanje stanovni\u0161tva?<\/strong><\/p>\n<p>Nudim im doslijedno zalaganje za ravnopravan status, \u017eivot dostojan \u010dovjeka, ostanak i povratak\u00a0mladih ljudi, a samim tim i porodica, zdravu \u017eivotnu sredinu i o\u010duvanje rijeka, \u0161uma, brigu i pomo\u0107\u00a0dr\u017eave za rje\u0161avanje nagomilanih problema. Kako to ostvariti? Kroz 5 klju\u010dnih stavki:<\/p>\n<p>&#8211; pomo\u0107 i iskreno zastupanje pri rje\u0161avanju nesrazmjernog ulaganja dr\u017eave Crne Gore u\u00a0regionalni razvoj,\u00a0<\/p>\n<p>&#8211; nudim im nezavisne ekspertske timove koji \u0107e stru\u010dnim savjetima, pravim informacijama i\u00a0kontaktima pru\u017eati podr\u0161ku Vladi CG, resornim ministarstvima i lokalnim upravama u cilju rje\u0161avanja\u00a0nagomilanih problema u svim sferama dru\u0161tva.<\/p>\n<p>&#8211; nezavisne su procjene da prirodni resursi Sjevera do Nik\u0161i\u0107a, vrijede, vjerovali ili ne, 600-800\u00a0milijardi eura. Dokazano je da Crna Gora\u00a0najve\u0107i potencijal u energiji posjeduje u bio masi, a ne u uglju ili vodi. Kada posjedujete toliki\u00a0potencijal valorizacija jako malog dijela je prosta stvar ukoliko ste dru\u0161tveno odgovorni. Nudim\u00a0podr\u0161ku lokalnim samoupravama da upravo one valorizuju dio blaga kojeg posjedujemo i da novac\u00a0ostaje tu gdje se i proizvodi.<\/p>\n<p>&#8211; nudim saradnju sa dijasporom koja je od svih investitora vjerovatno najsuptilnija prema tom\u00a0podru\u010dju, a posjeduje ogroman kapital i mo\u017ee pokrenuti mnoge procese u ekonomiji. Dijaspora treba\u00a0podr\u0161ku u institucijama, a izborom mene za Predsjednika to i dobijaju.<\/p>\n<p>&#8211; sa funkcije Predsjednika uop\u0161te ne\u0107e biti problem prona\u0107i sredstva, pomo\u0107, zajam za takvo blago\u00a0kakvo su Crno i Plavsko jezero, Prokletije i Durmitor, Tara i Lim\u2026 ali ne da ih potapamo, ve\u0107 da ih\u00a0trajno koristimo i odr\u017eavamo kroz turizam i zdravu hranu. Ovi resursi trebaju biti prepu\u0161teni\u00a0doma\u0107inima, a ne sinovima, kumovima i tajkunima kao do sada.<\/p>\n<p><strong>8.Koji bi bio Va\u0161 prvi potez kao predsjednika?<img loading=\"lazy\" decoding=\"async\" class=\"alignright\" title=\".\" src=\"http:\/\/www.rtcg.me\/upload\/boxImageData\/2018\/04\/2\/274809\/KALA%C4%8C%20POSTER%201.jpg\" alt=\".\" width=\"450\" height=\"637\" \/><\/strong><\/p>\n<p>Okupljanje svih onih ljudi koji godinama tra\u017ee na\u010din artikulacije stava slobodnog, stru\u010dnog,\u00a0nepartijskog \u010dovjeka, koji \u017eeli pomo\u0107i ovoj dr\u017eavi i njenim narodima, a takvih je, vjerujte, mnogo.\u00a0Ozvani\u010dio bih formiranje stru\u010dnih timova i krenuli bi sa radom, odmah. Pod pokroviteljstvom i\u00a0za\u0161titom Predsjednika Crne Gore, ti ljudi mogu uraditi velike stvari za ovu dr\u017eavu. Trenutno stanje je\u00a0izuzetno lo\u0161e i zahtijeva maksimalni anga\u017eman svakoga ko mo\u017ee pomo\u0107i.<\/p>\n<p>Ali realno, najte\u017ea situacija je u Pljevljima. Taj grad je\u00a0pogo\u0111en ekolo\u0161kom i zdravstvenom katastrofom koja rezultira masovnim trovanjem, iseljavanjem,umiranjem, obolijevanjem. Nemamo izbora &#8211; prve\u00a0konkretne preporuke Vladi bi\u0107e u vezi sa te\u0161kom situacijom u Pljevljima. Uzeli smo im puno,\u00a0dugujemo im dosta, kao i svima, i moramo o\u010duvati njihovo zdravlje i zdravlje na\u0161eg nara\u0161taja.<\/p>\n<p><strong>9.Koje su tri klju\u010dne rije\u010di koje treba da opisuju instituciju predsjednika Crne Gore?<\/strong><\/p>\n<p>Gra\u0111anin. Pravda. Dr\u017eava.<\/p>\n<p><strong>10.Poruka bira\u010dima u jednoj re\u010denici?<\/strong><\/p>\n<p>Ova zemlja ima dovoljno potencijala da svakom njenom gra\u0111aninu pru\u017ei bolje danas, a budu\u0107im\u00a0nara\u0161tajima sigurno i prosperiteno sjutra.<\/p>\n<p>&nbsp;<\/p>\n<p>izvor: RTCG<\/p>\n","protected":false},"excerpt":{"rendered":"<p>Predsjedni\u010dki kandidat Stranke pravde i pomirenja u Crnoj Gori, Hazbija Kala\u010d, poru\u010dio je da je njegova kandidatura osvje\u017eenje koje je potrebno Crnoj Gori. U intervjuu za Portal RTCG, on kritikuje postupke vlasti, ali i opozicije. Ukoliko postane predsjednik, prvo \u0107e se posvetiti alarmantnoj situaciji u Pljevljima. Hazbija Kala\u010d\u00a0 vidi sebe kao predsjednika \u010dija \u0107e vrata [&hellip;]<\/p>\n","protected":false},"author":509,"featured_media":205074,"comment_status":"open","ping_status":"open","sticky":false,"template":"","format":"standard","meta":{"footnotes":""},"categories":[398,1,397,10174,396,395,399,10173,8957],"tags":[],"class_list":{"0":"post-205073","1":"post","2":"type-post","3":"status-publish","4":"format-standard","5":"has-post-thumbnail","7":"category-rozaje","8":"category-politika","9":"category-berane","10":"category-petnjica-vase-vijesti","11":"category-bijelo_polje","12":"category-pljevlja_","13":"category-plav_","14":"category-gusinje-vase-vijesti","15":"category-vijesti-dana"},"yoast_head":"<!-- This site is optimized with the Yoast SEO Premium plugin v23.1 (Yoast SEO v24.9) - https:\/\/yoast.com\/wordpress\/plugins\/seo\/ -->\n<title>Kala\u010d: Razvijen i bogat Sjever je interes cijele Crne Gore<\/title>\n<meta name=\"robots\" content=\"index, follow, max-snippet:-1, max-image-preview:large, max-video-preview:-1\" \/>\n<link rel=\"canonical\" href=\"https:\/\/sandzakpress.net\/arhiva\/kalac-razvijen-i-bogat-sjever-je-interes-cijele-crne-gore\/\" \/>\n<meta property=\"og:locale\" content=\"bs_BA\" \/>\n<meta property=\"og:type\" content=\"article\" \/>\n<meta property=\"og:title\" content=\"Kala\u010d: Razvijen i bogat Sjever je interes cijele Crne Gore\" \/>\n<meta property=\"og:description\" content=\"Predsjedni\u010dki kandidat Stranke pravde i pomirenja u Crnoj Gori, Hazbija Kala\u010d, poru\u010dio je da je njegova kandidatura osvje\u017eenje koje je potrebno Crnoj Gori. U intervjuu za Portal RTCG, on kritikuje postupke vlasti, ali i opozicije. Ukoliko postane predsjednik, prvo \u0107e se posvetiti alarmantnoj situaciji u Pljevljima. Hazbija Kala\u010d\u00a0 vidi sebe kao predsjednika \u010dija \u0107e vrata [&hellip;]\" \/>\n<meta property=\"og:url\" content=\"https:\/\/sandzakpress.net\/arhiva\/kalac-razvijen-i-bogat-sjever-je-interes-cijele-crne-gore\/\" \/>\n<meta property=\"og:site_name\" content=\"Sand\u017eak PRESS\" \/>\n<meta property=\"article:published_time\" content=\"2018-04-05T12:30:42+00:00\" \/>\n<meta property=\"article:modified_time\" content=\"2018-04-05T12:41:04+00:00\" \/>\n<meta property=\"og:image\" content=\"https:\/\/sandzakpress.net\/arhiva\/wp-content\/uploads\/2018\/04\/KALA\u010c-PLJEVLJA.jpg\" \/>\n\t<meta property=\"og:image:width\" content=\"900\" \/>\n\t<meta property=\"og:image:height\" content=\"662\" \/>\n\t<meta property=\"og:image:type\" content=\"image\/jpeg\" \/>\n<meta name=\"author\" content=\"Agencija\" \/>\n<meta name=\"twitter:card\" content=\"summary_large_image\" \/>\n<meta name=\"twitter:label1\" content=\"Written by\" \/>\n\t<meta name=\"twitter:data1\" content=\"Agencija\" \/>\n\t<meta name=\"twitter:label2\" content=\"Est. reading time\" \/>\n\t<meta name=\"twitter:data2\" content=\"7 minuta\" \/>\n<script type=\"application\/ld+json\" class=\"yoast-schema-graph\">{\"@context\":\"https:\/\/schema.org\",\"@graph\":[{\"@type\":\"Article\",\"@id\":\"https:\/\/sandzakpress.net\/arhiva\/kalac-razvijen-i-bogat-sjever-je-interes-cijele-crne-gore\/#article\",\"isPartOf\":{\"@id\":\"https:\/\/sandzakpress.net\/arhiva\/kalac-razvijen-i-bogat-sjever-je-interes-cijele-crne-gore\/\"},\"author\":{\"name\":\"Agencija\",\"@id\":\"https:\/\/sandzakpress.net\/arhiva\/#\/schema\/person\/cb59d7e3ab91ab90dd680ad0305a6185\"},\"headline\":\"Kala\u010d: Razvijen i bogat Sjever je interes cijele Crne Gore\",\"datePublished\":\"2018-04-05T12:30:42+00:00\",\"dateModified\":\"2018-04-05T12:41:04+00:00\",\"mainEntityOfPage\":{\"@id\":\"https:\/\/sandzakpress.net\/arhiva\/kalac-razvijen-i-bogat-sjever-je-interes-cijele-crne-gore\/\"},\"wordCount\":1342,\"commentCount\":0,\"publisher\":{\"@id\":\"https:\/\/sandzakpress.net\/arhiva\/#\/schema\/person\/6e72b67d6e51910a1117b3b483ba20bd\"},\"image\":{\"@id\":\"https:\/\/sandzakpress.net\/arhiva\/kalac-razvijen-i-bogat-sjever-je-interes-cijele-crne-gore\/#primaryimage\"},\"thumbnailUrl\":\"https:\/\/sandzakpress.net\/arhiva\/wp-content\/uploads\/2018\/04\/KALA\u010c-PLJEVLJA.jpg\",\"articleSection\":[\"Ro\u017eaje\",\"Politika\",\"Berane\",\"Petnjica\",\"Bijelo Polje\",\"Pljevlja\",\"Plav\",\"Gusinje\",\"VIJESTI DANA\"],\"inLanguage\":\"bs-BA\",\"potentialAction\":[{\"@type\":\"CommentAction\",\"name\":\"Comment\",\"target\":[\"https:\/\/sandzakpress.net\/arhiva\/kalac-razvijen-i-bogat-sjever-je-interes-cijele-crne-gore\/#respond\"]}]},{\"@type\":\"WebPage\",\"@id\":\"https:\/\/sandzakpress.net\/arhiva\/kalac-razvijen-i-bogat-sjever-je-interes-cijele-crne-gore\/\",\"url\":\"https:\/\/sandzakpress.net\/arhiva\/kalac-razvijen-i-bogat-sjever-je-interes-cijele-crne-gore\/\",\"name\":\"Kala\u010d: Razvijen i bogat Sjever je interes cijele Crne Gore\",\"isPartOf\":{\"@id\":\"https:\/\/sandzakpress.net\/arhiva\/#website\"},\"primaryImageOfPage\":{\"@id\":\"https:\/\/sandzakpress.net\/arhiva\/kalac-razvijen-i-bogat-sjever-je-interes-cijele-crne-gore\/#primaryimage\"},\"image\":{\"@id\":\"https:\/\/sandzakpress.net\/arhiva\/kalac-razvijen-i-bogat-sjever-je-interes-cijele-crne-gore\/#primaryimage\"},\"thumbnailUrl\":\"https:\/\/sandzakpress.net\/arhiva\/wp-content\/uploads\/2018\/04\/KALA\u010c-PLJEVLJA.jpg\",\"datePublished\":\"2018-04-05T12:30:42+00:00\",\"dateModified\":\"2018-04-05T12:41:04+00:00\",\"breadcrumb\":{\"@id\":\"https:\/\/sandzakpress.net\/arhiva\/kalac-razvijen-i-bogat-sjever-je-interes-cijele-crne-gore\/#breadcrumb\"},\"inLanguage\":\"bs-BA\",\"potentialAction\":[{\"@type\":\"ReadAction\",\"target\":[\"https:\/\/sandzakpress.net\/arhiva\/kalac-razvijen-i-bogat-sjever-je-interes-cijele-crne-gore\/\"]}]},{\"@type\":\"ImageObject\",\"inLanguage\":\"bs-BA\",\"@id\":\"https:\/\/sandzakpress.net\/arhiva\/kalac-razvijen-i-bogat-sjever-je-interes-cijele-crne-gore\/#primaryimage\",\"url\":\"https:\/\/sandzakpress.net\/arhiva\/wp-content\/uploads\/2018\/04\/KALA\u010c-PLJEVLJA.jpg\",\"contentUrl\":\"https:\/\/sandzakpress.net\/arhiva\/wp-content\/uploads\/2018\/04\/KALA\u010c-PLJEVLJA.jpg\",\"width\":900,\"height\":662},{\"@type\":\"BreadcrumbList\",\"@id\":\"https:\/\/sandzakpress.net\/arhiva\/kalac-razvijen-i-bogat-sjever-je-interes-cijele-crne-gore\/#breadcrumb\",\"itemListElement\":[{\"@type\":\"ListItem\",\"position\":1,\"name\":\"Home\",\"item\":\"https:\/\/sandzakpress.net\/arhiva\/\"},{\"@type\":\"ListItem\",\"position\":2,\"name\":\"Kala\u010d: Razvijen i bogat Sjever je interes cijele Crne Gore\"}]},{\"@type\":\"WebSite\",\"@id\":\"https:\/\/sandzakpress.net\/arhiva\/#website\",\"url\":\"https:\/\/sandzakpress.net\/arhiva\/\",\"name\":\"Sand\u017eak PRESS\",\"description\":\"Prve elektronske novine u Sand\u017eaku\",\"publisher\":{\"@id\":\"https:\/\/sandzakpress.net\/arhiva\/#\/schema\/person\/6e72b67d6e51910a1117b3b483ba20bd\"},\"potentialAction\":[{\"@type\":\"SearchAction\",\"target\":{\"@type\":\"EntryPoint\",\"urlTemplate\":\"https:\/\/sandzakpress.net\/arhiva\/?s={search_term_string}\"},\"query-input\":{\"@type\":\"PropertyValueSpecification\",\"valueRequired\":true,\"valueName\":\"search_term_string\"}}],\"inLanguage\":\"bs-BA\"},{\"@type\":[\"Person\",\"Organization\"],\"@id\":\"https:\/\/sandzakpress.net\/arhiva\/#\/schema\/person\/6e72b67d6e51910a1117b3b483ba20bd\",\"name\":\"Kul\",\"image\":{\"@type\":\"ImageObject\",\"inLanguage\":\"bs-BA\",\"@id\":\"https:\/\/sandzakpress.net\/arhiva\/#\/schema\/person\/image\/\",\"url\":\"https:\/\/secure.gravatar.com\/avatar\/42263f39aa27ac04c43cab85c280eb2e?s=96&d=mm&r=pg\",\"contentUrl\":\"https:\/\/secure.gravatar.com\/avatar\/42263f39aa27ac04c43cab85c280eb2e?s=96&d=mm&r=pg\",\"caption\":\"Kul\"},\"logo\":{\"@id\":\"https:\/\/sandzakpress.net\/arhiva\/#\/schema\/person\/image\/\"}},{\"@type\":\"Person\",\"@id\":\"https:\/\/sandzakpress.net\/arhiva\/#\/schema\/person\/cb59d7e3ab91ab90dd680ad0305a6185\",\"name\":\"Agencija\",\"image\":{\"@type\":\"ImageObject\",\"inLanguage\":\"bs-BA\",\"@id\":\"https:\/\/sandzakpress.net\/arhiva\/#\/schema\/person\/image\/\",\"url\":\"https:\/\/secure.gravatar.com\/avatar\/4b7fafa80a22f0c2afe23966b3961fe0?s=96&d=mm&r=pg\",\"contentUrl\":\"https:\/\/secure.gravatar.com\/avatar\/4b7fafa80a22f0c2afe23966b3961fe0?s=96&d=mm&r=pg\",\"caption\":\"Agencija\"},\"url\":\"https:\/\/sandzakpress.net\/arhiva\/author\/agencija\/\"}]}<\/script>\n<!-- \/ Yoast SEO Premium plugin. -->","yoast_head_json":{"title":"Kala\u010d: Razvijen i bogat Sjever je interes cijele Crne Gore","robots":{"index":"index","follow":"follow","max-snippet":"max-snippet:-1","max-image-preview":"max-image-preview:large","max-video-preview":"max-video-preview:-1"},"canonical":"https:\/\/sandzakpress.net\/arhiva\/kalac-razvijen-i-bogat-sjever-je-interes-cijele-crne-gore\/","og_locale":"bs_BA","og_type":"article","og_title":"Kala\u010d: Razvijen i bogat Sjever je interes cijele Crne Gore","og_description":"Predsjedni\u010dki kandidat Stranke pravde i pomirenja u Crnoj Gori, Hazbija Kala\u010d, poru\u010dio je da je njegova kandidatura osvje\u017eenje koje je potrebno Crnoj Gori. U intervjuu za Portal RTCG, on kritikuje postupke vlasti, ali i opozicije. Ukoliko postane predsjednik, prvo \u0107e se posvetiti alarmantnoj situaciji u Pljevljima. Hazbija Kala\u010d\u00a0 vidi sebe kao predsjednika \u010dija \u0107e vrata [&hellip;]","og_url":"https:\/\/sandzakpress.net\/arhiva\/kalac-razvijen-i-bogat-sjever-je-interes-cijele-crne-gore\/","og_site_name":"Sand\u017eak PRESS","article_published_time":"2018-04-05T12:30:42+00:00","article_modified_time":"2018-04-05T12:41:04+00:00","og_image":[{"width":900,"height":662,"url":"https:\/\/sandzakpress.net\/arhiva\/wp-content\/uploads\/2018\/04\/KALA\u010c-PLJEVLJA.jpg","type":"image\/jpeg"}],"author":"Agencija","twitter_card":"summary_large_image","twitter_misc":{"Written by":"Agencija","Est. reading time":"7 minuta"},"schema":{"@context":"https:\/\/schema.org","@graph":[{"@type":"Article","@id":"https:\/\/sandzakpress.net\/arhiva\/kalac-razvijen-i-bogat-sjever-je-interes-cijele-crne-gore\/#article","isPartOf":{"@id":"https:\/\/sandzakpress.net\/arhiva\/kalac-razvijen-i-bogat-sjever-je-interes-cijele-crne-gore\/"},"author":{"name":"Agencija","@id":"https:\/\/sandzakpress.net\/arhiva\/#\/schema\/person\/cb59d7e3ab91ab90dd680ad0305a6185"},"headline":"Kala\u010d: Razvijen i bogat Sjever je interes cijele Crne Gore","datePublished":"2018-04-05T12:30:42+00:00","dateModified":"2018-04-05T12:41:04+00:00","mainEntityOfPage":{"@id":"https:\/\/sandzakpress.net\/arhiva\/kalac-razvijen-i-bogat-sjever-je-interes-cijele-crne-gore\/"},"wordCount":1342,"commentCount":0,"publisher":{"@id":"https:\/\/sandzakpress.net\/arhiva\/#\/schema\/person\/6e72b67d6e51910a1117b3b483ba20bd"},"image":{"@id":"https:\/\/sandzakpress.net\/arhiva\/kalac-razvijen-i-bogat-sjever-je-interes-cijele-crne-gore\/#primaryimage"},"thumbnailUrl":"https:\/\/sandzakpress.net\/arhiva\/wp-content\/uploads\/2018\/04\/KALA\u010c-PLJEVLJA.jpg","articleSection":["Ro\u017eaje","Politika","Berane","Petnjica","Bijelo Polje","Pljevlja","Plav","Gusinje","VIJESTI DANA"],"inLanguage":"bs-BA","potentialAction":[{"@type":"CommentAction","name":"Comment","target":["https:\/\/sandzakpress.net\/arhiva\/kalac-razvijen-i-bogat-sjever-je-interes-cijele-crne-gore\/#respond"]}]},{"@type":"WebPage","@id":"https:\/\/sandzakpress.net\/arhiva\/kalac-razvijen-i-bogat-sjever-je-interes-cijele-crne-gore\/","url":"https:\/\/sandzakpress.net\/arhiva\/kalac-razvijen-i-bogat-sjever-je-interes-cijele-crne-gore\/","name":"Kala\u010d: Razvijen i bogat Sjever je interes cijele Crne Gore","isPartOf":{"@id":"https:\/\/sandzakpress.net\/arhiva\/#website"},"primaryImageOfPage":{"@id":"https:\/\/sandzakpress.net\/arhiva\/kalac-razvijen-i-bogat-sjever-je-interes-cijele-crne-gore\/#primaryimage"},"image":{"@id":"https:\/\/sandzakpress.net\/arhiva\/kalac-razvijen-i-bogat-sjever-je-interes-cijele-crne-gore\/#primaryimage"},"thumbnailUrl":"https:\/\/sandzakpress.net\/arhiva\/wp-content\/uploads\/2018\/04\/KALA\u010c-PLJEVLJA.jpg","datePublished":"2018-04-05T12:30:42+00:00","dateModified":"2018-04-05T12:41:04+00:00","breadcrumb":{"@id":"https:\/\/sandzakpress.net\/arhiva\/kalac-razvijen-i-bogat-sjever-je-interes-cijele-crne-gore\/#breadcrumb"},"inLanguage":"bs-BA","potentialAction":[{"@type":"ReadAction","target":["https:\/\/sandzakpress.net\/arhiva\/kalac-razvijen-i-bogat-sjever-je-interes-cijele-crne-gore\/"]}]},{"@type":"ImageObject","inLanguage":"bs-BA","@id":"https:\/\/sandzakpress.net\/arhiva\/kalac-razvijen-i-bogat-sjever-je-interes-cijele-crne-gore\/#primaryimage","url":"https:\/\/sandzakpress.net\/arhiva\/wp-content\/uploads\/2018\/04\/KALA\u010c-PLJEVLJA.jpg","contentUrl":"https:\/\/sandzakpress.net\/arhiva\/wp-content\/uploads\/2018\/04\/KALA\u010c-PLJEVLJA.jpg","width":900,"height":662},{"@type":"BreadcrumbList","@id":"https:\/\/sandzakpress.net\/arhiva\/kalac-razvijen-i-bogat-sjever-je-interes-cijele-crne-gore\/#breadcrumb","itemListElement":[{"@type":"ListItem","position":1,"name":"Home","item":"https:\/\/sandzakpress.net\/arhiva\/"},{"@type":"ListItem","position":2,"name":"Kala\u010d: Razvijen i bogat Sjever je interes cijele Crne Gore"}]},{"@type":"WebSite","@id":"https:\/\/sandzakpress.net\/arhiva\/#website","url":"https:\/\/sandzakpress.net\/arhiva\/","name":"Sand\u017eak PRESS","description":"Prve elektronske novine u Sand\u017eaku","publisher":{"@id":"https:\/\/sandzakpress.net\/arhiva\/#\/schema\/person\/6e72b67d6e51910a1117b3b483ba20bd"},"potentialAction":[{"@type":"SearchAction","target":{"@type":"EntryPoint","urlTemplate":"https:\/\/sandzakpress.net\/arhiva\/?s={search_term_string}"},"query-input":{"@type":"PropertyValueSpecification","valueRequired":true,"valueName":"search_term_string"}}],"inLanguage":"bs-BA"},{"@type":["Person","Organization"],"@id":"https:\/\/sandzakpress.net\/arhiva\/#\/schema\/person\/6e72b67d6e51910a1117b3b483ba20bd","name":"Kul","image":{"@type":"ImageObject","inLanguage":"bs-BA","@id":"https:\/\/sandzakpress.net\/arhiva\/#\/schema\/person\/image\/","url":"https:\/\/secure.gravatar.com\/avatar\/42263f39aa27ac04c43cab85c280eb2e?s=96&d=mm&r=pg","contentUrl":"https:\/\/secure.gravatar.com\/avatar\/42263f39aa27ac04c43cab85c280eb2e?s=96&d=mm&r=pg","caption":"Kul"},"logo":{"@id":"https:\/\/sandzakpress.net\/arhiva\/#\/schema\/person\/image\/"}},{"@type":"Person","@id":"https:\/\/sandzakpress.net\/arhiva\/#\/schema\/person\/cb59d7e3ab91ab90dd680ad0305a6185","name":"Agencija","image":{"@type":"ImageObject","inLanguage":"bs-BA","@id":"https:\/\/sandzakpress.net\/arhiva\/#\/schema\/person\/image\/","url":"https:\/\/secure.gravatar.com\/avatar\/4b7fafa80a22f0c2afe23966b3961fe0?s=96&d=mm&r=pg","contentUrl":"https:\/\/secure.gravatar.com\/avatar\/4b7fafa80a22f0c2afe23966b3961fe0?s=96&d=mm&r=pg","caption":"Agencija"},"url":"https:\/\/sandzakpress.net\/arhiva\/author\/agencija\/"}]}},"_links":{"self":[{"href":"https:\/\/sandzakpress.net\/arhiva\/wp-json\/wp\/v2\/posts\/205073"}],"collection":[{"href":"https:\/\/sandzakpress.net\/arhiva\/wp-json\/wp\/v2\/posts"}],"about":[{"href":"https:\/\/sandzakpress.net\/arhiva\/wp-json\/wp\/v2\/types\/post"}],"author":[{"embeddable":true,"href":"https:\/\/sandzakpress.net\/arhiva\/wp-json\/wp\/v2\/users\/509"}],"replies":[{"embeddable":true,"href":"https:\/\/sandzakpress.net\/arhiva\/wp-json\/wp\/v2\/comments?post=205073"}],"version-history":[{"count":0,"href":"https:\/\/sandzakpress.net\/arhiva\/wp-json\/wp\/v2\/posts\/205073\/revisions"}],"wp:featuredmedia":[{"embeddable":true,"href":"https:\/\/sandzakpress.net\/arhiva\/wp-json\/wp\/v2\/media\/205074"}],"wp:attachment":[{"href":"https:\/\/sandzakpress.net\/arhiva\/wp-json\/wp\/v2\/media?parent=205073"}],"wp:term":[{"taxonomy":"category","embeddable":true,"href":"https:\/\/sandzakpress.net\/arhiva\/wp-json\/wp\/v2\/categories?post=205073"},{"taxonomy":"post_tag","embeddable":true,"href":"https:\/\/sandzakpress.net\/arhiva\/wp-json\/wp\/v2\/tags?post=205073"}],"curies":[{"name":"wp","href":"https:\/\/api.w.org\/{rel}","templated":true}]}}