{"id":205025,"date":"2018-04-04T15:40:21","date_gmt":"2018-04-04T13:40:21","guid":{"rendered":"https:\/\/sandzakpress.net\/arhiva\/austrija-pokrece-inicijativu-za-zabranu-marama-u-skolama"},"modified":"2018-04-06T10:05:03","modified_gmt":"2018-04-06T08:05:03","slug":"austrija-pokrece-inicijativu-za-zabranu-marama-u-skolama","status":"publish","type":"post","link":"https:\/\/sandzakpress.net\/arhiva\/austrija-pokrece-inicijativu-za-zabranu-marama-u-skolama\/","title":{"rendered":"Austrija pokre\u0107e inicijativu za zabranu mahrama u \u0161kolama"},"content":{"rendered":"<p><img decoding=\"async\" src=\"http:\/\/balkans.aljazeera.net\/sites\/default\/files\/styles\/d8\/public\/austrija.kurz_.strache.epa_.jpg?itok=Tzd7w_kG\" \/><\/p>\n<p><strong>Vicepremijer Heinz-Christian Strache tvrdi da bi zabrana no\u0161enja mahrama u vrti\u0107ima i \u0161kolama pospje\u0161ila bolju integraciju te djece.<\/strong><\/p>\n<p>Austrijska Vlada namjerava da zabrani no\u0161enje mahrama u vrti\u0107ima i osnovnim \u0161kolama djevoj\u010dicama muslimanske vjeroispovesti.<\/p>\n<p>Prvi je sa tom inicijativom u javnost iza\u0161ao vicekancelar i lider Slobodarske partije Austrije Heinz-Christian Strache, koji je kazao da treba uvesti tu zabranu kako bi se djevoj\u010dicama do desete godine omogu\u0107io nesmetani razvoj.<\/p>\n<p>Prema njegovom mi\u0161ljenju, zabrana no\u0161enja mahrama u vrti\u0107ima i \u0161kolama pospje\u0161ila\u00a0bi i bolju integraciju te djece.<\/p>\n<p>Austrijski kancelar Sebastian Kurz prihvatio je iniciijativu Strachea i najavio da \u0107e raditi na odgovaraju\u0107em zakonu.<\/p>\n<p>Na sjednici Vlade, prema rije\u010dima Kurza, pokrenuta je inicijativa za izradu odgovaraju\u0107eg zakona.<\/p>\n<h4>Potrebna dvotre\u0107inska ve\u0107ina<\/h4>\n<p>Konkretno je rekao da \u017eeli da nadle\u017eni ministri za obrazovanja Heinz Fasman, pitanja \u017eena Julian Bogner-Strauss i ministarka integracije Karin Kneissl\u00a0izrade zakon o za\u0161titi djece.<\/p>\n<p>Za potpunu primjenu tog zakona potrebna je dvotre\u0107inska ve\u0107ina u Parlamentu, zbog \u010dega \u0107e Vlada morati da tra\u017ei podr\u0161ku opozicije.<\/p>\n<p>Kurz je objasnio da je zabrana korisna jer se time \u017eeli djelovati protiv razvoja paralelnih dru\u0161tava.<\/p>\n<p>Sve djevoj\u010dice u Austriji trebalo bi da imaju iste \u0161anse za razvoj, naglasio je Kurz.<\/p>\n<p><em>Izvor: Agencije<\/em><\/p>\n<p>Pogledajte vijest na izvornom sajtu: <a href=\"http:\/\/islampress.net\/38536\/austrija-pokrece-inicijativu-za-zabranu-marama-u-skolama\/\" target=\"_blank\" rel=\"noopener noreferrer\">Austrija pokre\u0107e inicijativu za zabranu marama u \u0161kolama<\/a><\/p>\n","protected":false},"excerpt":{"rendered":"<p>Vicepremijer Heinz-Christian Strache tvrdi da bi zabrana no\u0161enja mahrama u vrti\u0107ima i \u0161kolama pospje\u0161ila bolju integraciju te djece. Austrijska Vlada namjerava da zabrani no\u0161enje mahrama u vrti\u0107ima i osnovnim \u0161kolama djevoj\u010dicama muslimanske vjeroispovesti. Prvi je sa tom inicijativom u javnost iza\u0161ao vicekancelar i lider Slobodarske partije Austrije Heinz-Christian Strache, koji je kazao da treba uvesti [&hellip;]<\/p>\n","protected":false},"author":83,"featured_media":205026,"comment_status":"open","ping_status":"open","sticky":false,"template":"","format":"standard","meta":{"footnotes":""},"categories":[9],"tags":[10499],"class_list":{"0":"post-205025","1":"post","2":"type-post","3":"status-publish","4":"format-standard","5":"has-post-thumbnail","7":"category-svijet","8":"tag-a"},"yoast_head":"<!-- This site is optimized with the Yoast SEO Premium plugin v23.1 (Yoast SEO v24.9) - https:\/\/yoast.com\/wordpress\/plugins\/seo\/ -->\n<title>Austrija pokre\u0107e inicijativu za zabranu mahrama u \u0161kolama<\/title>\n<meta name=\"robots\" content=\"index, follow, max-snippet:-1, max-image-preview:large, max-video-preview:-1\" \/>\n<link rel=\"canonical\" href=\"https:\/\/sandzakpress.net\/arhiva\/austrija-pokrece-inicijativu-za-zabranu-marama-u-skolama\/\" \/>\n<meta property=\"og:locale\" content=\"bs_BA\" \/>\n<meta property=\"og:type\" content=\"article\" \/>\n<meta property=\"og:title\" content=\"Austrija pokre\u0107e inicijativu za zabranu mahrama u \u0161kolama\" \/>\n<meta property=\"og:description\" content=\"Vicepremijer Heinz-Christian Strache tvrdi da bi zabrana no\u0161enja mahrama u vrti\u0107ima i \u0161kolama pospje\u0161ila bolju integraciju te djece. Austrijska Vlada namjerava da zabrani no\u0161enje mahrama u vrti\u0107ima i osnovnim \u0161kolama djevoj\u010dicama muslimanske vjeroispovesti. Prvi je sa tom inicijativom u javnost iza\u0161ao vicekancelar i lider Slobodarske partije Austrije Heinz-Christian Strache, koji je kazao da treba uvesti [&hellip;]\" \/>\n<meta property=\"og:url\" content=\"https:\/\/sandzakpress.net\/arhiva\/austrija-pokrece-inicijativu-za-zabranu-marama-u-skolama\/\" \/>\n<meta property=\"og:site_name\" content=\"Sand\u017eak PRESS\" \/>\n<meta property=\"article:published_time\" content=\"2018-04-04T13:40:21+00:00\" \/>\n<meta property=\"article:modified_time\" content=\"2018-04-06T08:05:03+00:00\" \/>\n<meta property=\"og:image\" content=\"https:\/\/sandzakpress.net\/arhiva\/wp-content\/uploads\/2018\/04\/austrija.kurz_.strache.epa_.jpg\" \/>\n\t<meta property=\"og:image:width\" content=\"770\" \/>\n\t<meta property=\"og:image:height\" content=\"433\" \/>\n\t<meta property=\"og:image:type\" content=\"image\/jpeg\" \/>\n<meta name=\"author\" content=\"bosniak\" \/>\n<meta name=\"twitter:card\" content=\"summary_large_image\" \/>\n<meta name=\"twitter:label1\" content=\"Written by\" \/>\n\t<meta name=\"twitter:data1\" content=\"bosniak\" \/>\n\t<meta name=\"twitter:label2\" content=\"Est. reading time\" \/>\n\t<meta name=\"twitter:data2\" content=\"1 minuta\" \/>\n<script type=\"application\/ld+json\" class=\"yoast-schema-graph\">{\"@context\":\"https:\/\/schema.org\",\"@graph\":[{\"@type\":\"Article\",\"@id\":\"https:\/\/sandzakpress.net\/arhiva\/austrija-pokrece-inicijativu-za-zabranu-marama-u-skolama\/#article\",\"isPartOf\":{\"@id\":\"https:\/\/sandzakpress.net\/arhiva\/austrija-pokrece-inicijativu-za-zabranu-marama-u-skolama\/\"},\"author\":{\"name\":\"bosniak\",\"@id\":\"https:\/\/sandzakpress.net\/arhiva\/#\/schema\/person\/c8baee722073534b583ea7bdb2e36c02\"},\"headline\":\"Austrija pokre\u0107e inicijativu za zabranu mahrama u \u0161kolama\",\"datePublished\":\"2018-04-04T13:40:21+00:00\",\"dateModified\":\"2018-04-06T08:05:03+00:00\",\"mainEntityOfPage\":{\"@id\":\"https:\/\/sandzakpress.net\/arhiva\/austrija-pokrece-inicijativu-za-zabranu-marama-u-skolama\/\"},\"wordCount\":244,\"commentCount\":6,\"publisher\":{\"@id\":\"https:\/\/sandzakpress.net\/arhiva\/#\/schema\/person\/6e72b67d6e51910a1117b3b483ba20bd\"},\"image\":{\"@id\":\"https:\/\/sandzakpress.net\/arhiva\/austrija-pokrece-inicijativu-za-zabranu-marama-u-skolama\/#primaryimage\"},\"thumbnailUrl\":\"https:\/\/sandzakpress.net\/arhiva\/wp-content\/uploads\/2018\/04\/austrija.kurz_.strache.epa_.jpg\",\"keywords\":[\"A\"],\"articleSection\":[\"Svijet\"],\"inLanguage\":\"bs-BA\",\"potentialAction\":[{\"@type\":\"CommentAction\",\"name\":\"Comment\",\"target\":[\"https:\/\/sandzakpress.net\/arhiva\/austrija-pokrece-inicijativu-za-zabranu-marama-u-skolama\/#respond\"]}]},{\"@type\":\"WebPage\",\"@id\":\"https:\/\/sandzakpress.net\/arhiva\/austrija-pokrece-inicijativu-za-zabranu-marama-u-skolama\/\",\"url\":\"https:\/\/sandzakpress.net\/arhiva\/austrija-pokrece-inicijativu-za-zabranu-marama-u-skolama\/\",\"name\":\"Austrija pokre\u0107e inicijativu za zabranu mahrama u \u0161kolama\",\"isPartOf\":{\"@id\":\"https:\/\/sandzakpress.net\/arhiva\/#website\"},\"primaryImageOfPage\":{\"@id\":\"https:\/\/sandzakpress.net\/arhiva\/austrija-pokrece-inicijativu-za-zabranu-marama-u-skolama\/#primaryimage\"},\"image\":{\"@id\":\"https:\/\/sandzakpress.net\/arhiva\/austrija-pokrece-inicijativu-za-zabranu-marama-u-skolama\/#primaryimage\"},\"thumbnailUrl\":\"https:\/\/sandzakpress.net\/arhiva\/wp-content\/uploads\/2018\/04\/austrija.kurz_.strache.epa_.jpg\",\"datePublished\":\"2018-04-04T13:40:21+00:00\",\"dateModified\":\"2018-04-06T08:05:03+00:00\",\"breadcrumb\":{\"@id\":\"https:\/\/sandzakpress.net\/arhiva\/austrija-pokrece-inicijativu-za-zabranu-marama-u-skolama\/#breadcrumb\"},\"inLanguage\":\"bs-BA\",\"potentialAction\":[{\"@type\":\"ReadAction\",\"target\":[\"https:\/\/sandzakpress.net\/arhiva\/austrija-pokrece-inicijativu-za-zabranu-marama-u-skolama\/\"]}]},{\"@type\":\"ImageObject\",\"inLanguage\":\"bs-BA\",\"@id\":\"https:\/\/sandzakpress.net\/arhiva\/austrija-pokrece-inicijativu-za-zabranu-marama-u-skolama\/#primaryimage\",\"url\":\"https:\/\/sandzakpress.net\/arhiva\/wp-content\/uploads\/2018\/04\/austrija.kurz_.strache.epa_.jpg\",\"contentUrl\":\"https:\/\/sandzakpress.net\/arhiva\/wp-content\/uploads\/2018\/04\/austrija.kurz_.strache.epa_.jpg\",\"width\":770,\"height\":433},{\"@type\":\"BreadcrumbList\",\"@id\":\"https:\/\/sandzakpress.net\/arhiva\/austrija-pokrece-inicijativu-za-zabranu-marama-u-skolama\/#breadcrumb\",\"itemListElement\":[{\"@type\":\"ListItem\",\"position\":1,\"name\":\"Home\",\"item\":\"https:\/\/sandzakpress.net\/arhiva\/\"},{\"@type\":\"ListItem\",\"position\":2,\"name\":\"Austrija pokre\u0107e inicijativu za zabranu mahrama u \u0161kolama\"}]},{\"@type\":\"WebSite\",\"@id\":\"https:\/\/sandzakpress.net\/arhiva\/#website\",\"url\":\"https:\/\/sandzakpress.net\/arhiva\/\",\"name\":\"Sand\u017eak PRESS\",\"description\":\"Prve elektronske novine u Sand\u017eaku\",\"publisher\":{\"@id\":\"https:\/\/sandzakpress.net\/arhiva\/#\/schema\/person\/6e72b67d6e51910a1117b3b483ba20bd\"},\"potentialAction\":[{\"@type\":\"SearchAction\",\"target\":{\"@type\":\"EntryPoint\",\"urlTemplate\":\"https:\/\/sandzakpress.net\/arhiva\/?s={search_term_string}\"},\"query-input\":{\"@type\":\"PropertyValueSpecification\",\"valueRequired\":true,\"valueName\":\"search_term_string\"}}],\"inLanguage\":\"bs-BA\"},{\"@type\":[\"Person\",\"Organization\"],\"@id\":\"https:\/\/sandzakpress.net\/arhiva\/#\/schema\/person\/6e72b67d6e51910a1117b3b483ba20bd\",\"name\":\"Kul\",\"image\":{\"@type\":\"ImageObject\",\"inLanguage\":\"bs-BA\",\"@id\":\"https:\/\/sandzakpress.net\/arhiva\/#\/schema\/person\/image\/\",\"url\":\"https:\/\/secure.gravatar.com\/avatar\/42263f39aa27ac04c43cab85c280eb2e?s=96&d=mm&r=pg\",\"contentUrl\":\"https:\/\/secure.gravatar.com\/avatar\/42263f39aa27ac04c43cab85c280eb2e?s=96&d=mm&r=pg\",\"caption\":\"Kul\"},\"logo\":{\"@id\":\"https:\/\/sandzakpress.net\/arhiva\/#\/schema\/person\/image\/\"}},{\"@type\":\"Person\",\"@id\":\"https:\/\/sandzakpress.net\/arhiva\/#\/schema\/person\/c8baee722073534b583ea7bdb2e36c02\",\"name\":\"bosniak\",\"image\":{\"@type\":\"ImageObject\",\"inLanguage\":\"bs-BA\",\"@id\":\"https:\/\/sandzakpress.net\/arhiva\/#\/schema\/person\/image\/\",\"url\":\"https:\/\/secure.gravatar.com\/avatar\/a04fd330bfe3a36a72a0ad4a6d89fca7?s=96&d=mm&r=pg\",\"contentUrl\":\"https:\/\/secure.gravatar.com\/avatar\/a04fd330bfe3a36a72a0ad4a6d89fca7?s=96&d=mm&r=pg\",\"caption\":\"bosniak\"},\"url\":\"https:\/\/sandzakpress.net\/arhiva\/author\/bosniak\/\"}]}<\/script>\n<!-- \/ Yoast SEO Premium plugin. -->","yoast_head_json":{"title":"Austrija pokre\u0107e inicijativu za zabranu mahrama u \u0161kolama","robots":{"index":"index","follow":"follow","max-snippet":"max-snippet:-1","max-image-preview":"max-image-preview:large","max-video-preview":"max-video-preview:-1"},"canonical":"https:\/\/sandzakpress.net\/arhiva\/austrija-pokrece-inicijativu-za-zabranu-marama-u-skolama\/","og_locale":"bs_BA","og_type":"article","og_title":"Austrija pokre\u0107e inicijativu za zabranu mahrama u \u0161kolama","og_description":"Vicepremijer Heinz-Christian Strache tvrdi da bi zabrana no\u0161enja mahrama u vrti\u0107ima i \u0161kolama pospje\u0161ila bolju integraciju te djece. Austrijska Vlada namjerava da zabrani no\u0161enje mahrama u vrti\u0107ima i osnovnim \u0161kolama djevoj\u010dicama muslimanske vjeroispovesti. Prvi je sa tom inicijativom u javnost iza\u0161ao vicekancelar i lider Slobodarske partije Austrije Heinz-Christian Strache, koji je kazao da treba uvesti [&hellip;]","og_url":"https:\/\/sandzakpress.net\/arhiva\/austrija-pokrece-inicijativu-za-zabranu-marama-u-skolama\/","og_site_name":"Sand\u017eak PRESS","article_published_time":"2018-04-04T13:40:21+00:00","article_modified_time":"2018-04-06T08:05:03+00:00","og_image":[{"width":770,"height":433,"url":"https:\/\/sandzakpress.net\/arhiva\/wp-content\/uploads\/2018\/04\/austrija.kurz_.strache.epa_.jpg","type":"image\/jpeg"}],"author":"bosniak","twitter_card":"summary_large_image","twitter_misc":{"Written by":"bosniak","Est. reading time":"1 minuta"},"schema":{"@context":"https:\/\/schema.org","@graph":[{"@type":"Article","@id":"https:\/\/sandzakpress.net\/arhiva\/austrija-pokrece-inicijativu-za-zabranu-marama-u-skolama\/#article","isPartOf":{"@id":"https:\/\/sandzakpress.net\/arhiva\/austrija-pokrece-inicijativu-za-zabranu-marama-u-skolama\/"},"author":{"name":"bosniak","@id":"https:\/\/sandzakpress.net\/arhiva\/#\/schema\/person\/c8baee722073534b583ea7bdb2e36c02"},"headline":"Austrija pokre\u0107e inicijativu za zabranu mahrama u \u0161kolama","datePublished":"2018-04-04T13:40:21+00:00","dateModified":"2018-04-06T08:05:03+00:00","mainEntityOfPage":{"@id":"https:\/\/sandzakpress.net\/arhiva\/austrija-pokrece-inicijativu-za-zabranu-marama-u-skolama\/"},"wordCount":244,"commentCount":6,"publisher":{"@id":"https:\/\/sandzakpress.net\/arhiva\/#\/schema\/person\/6e72b67d6e51910a1117b3b483ba20bd"},"image":{"@id":"https:\/\/sandzakpress.net\/arhiva\/austrija-pokrece-inicijativu-za-zabranu-marama-u-skolama\/#primaryimage"},"thumbnailUrl":"https:\/\/sandzakpress.net\/arhiva\/wp-content\/uploads\/2018\/04\/austrija.kurz_.strache.epa_.jpg","keywords":["A"],"articleSection":["Svijet"],"inLanguage":"bs-BA","potentialAction":[{"@type":"CommentAction","name":"Comment","target":["https:\/\/sandzakpress.net\/arhiva\/austrija-pokrece-inicijativu-za-zabranu-marama-u-skolama\/#respond"]}]},{"@type":"WebPage","@id":"https:\/\/sandzakpress.net\/arhiva\/austrija-pokrece-inicijativu-za-zabranu-marama-u-skolama\/","url":"https:\/\/sandzakpress.net\/arhiva\/austrija-pokrece-inicijativu-za-zabranu-marama-u-skolama\/","name":"Austrija pokre\u0107e inicijativu za zabranu mahrama u \u0161kolama","isPartOf":{"@id":"https:\/\/sandzakpress.net\/arhiva\/#website"},"primaryImageOfPage":{"@id":"https:\/\/sandzakpress.net\/arhiva\/austrija-pokrece-inicijativu-za-zabranu-marama-u-skolama\/#primaryimage"},"image":{"@id":"https:\/\/sandzakpress.net\/arhiva\/austrija-pokrece-inicijativu-za-zabranu-marama-u-skolama\/#primaryimage"},"thumbnailUrl":"https:\/\/sandzakpress.net\/arhiva\/wp-content\/uploads\/2018\/04\/austrija.kurz_.strache.epa_.jpg","datePublished":"2018-04-04T13:40:21+00:00","dateModified":"2018-04-06T08:05:03+00:00","breadcrumb":{"@id":"https:\/\/sandzakpress.net\/arhiva\/austrija-pokrece-inicijativu-za-zabranu-marama-u-skolama\/#breadcrumb"},"inLanguage":"bs-BA","potentialAction":[{"@type":"ReadAction","target":["https:\/\/sandzakpress.net\/arhiva\/austrija-pokrece-inicijativu-za-zabranu-marama-u-skolama\/"]}]},{"@type":"ImageObject","inLanguage":"bs-BA","@id":"https:\/\/sandzakpress.net\/arhiva\/austrija-pokrece-inicijativu-za-zabranu-marama-u-skolama\/#primaryimage","url":"https:\/\/sandzakpress.net\/arhiva\/wp-content\/uploads\/2018\/04\/austrija.kurz_.strache.epa_.jpg","contentUrl":"https:\/\/sandzakpress.net\/arhiva\/wp-content\/uploads\/2018\/04\/austrija.kurz_.strache.epa_.jpg","width":770,"height":433},{"@type":"BreadcrumbList","@id":"https:\/\/sandzakpress.net\/arhiva\/austrija-pokrece-inicijativu-za-zabranu-marama-u-skolama\/#breadcrumb","itemListElement":[{"@type":"ListItem","position":1,"name":"Home","item":"https:\/\/sandzakpress.net\/arhiva\/"},{"@type":"ListItem","position":2,"name":"Austrija pokre\u0107e inicijativu za zabranu mahrama u \u0161kolama"}]},{"@type":"WebSite","@id":"https:\/\/sandzakpress.net\/arhiva\/#website","url":"https:\/\/sandzakpress.net\/arhiva\/","name":"Sand\u017eak PRESS","description":"Prve elektronske novine u Sand\u017eaku","publisher":{"@id":"https:\/\/sandzakpress.net\/arhiva\/#\/schema\/person\/6e72b67d6e51910a1117b3b483ba20bd"},"potentialAction":[{"@type":"SearchAction","target":{"@type":"EntryPoint","urlTemplate":"https:\/\/sandzakpress.net\/arhiva\/?s={search_term_string}"},"query-input":{"@type":"PropertyValueSpecification","valueRequired":true,"valueName":"search_term_string"}}],"inLanguage":"bs-BA"},{"@type":["Person","Organization"],"@id":"https:\/\/sandzakpress.net\/arhiva\/#\/schema\/person\/6e72b67d6e51910a1117b3b483ba20bd","name":"Kul","image":{"@type":"ImageObject","inLanguage":"bs-BA","@id":"https:\/\/sandzakpress.net\/arhiva\/#\/schema\/person\/image\/","url":"https:\/\/secure.gravatar.com\/avatar\/42263f39aa27ac04c43cab85c280eb2e?s=96&d=mm&r=pg","contentUrl":"https:\/\/secure.gravatar.com\/avatar\/42263f39aa27ac04c43cab85c280eb2e?s=96&d=mm&r=pg","caption":"Kul"},"logo":{"@id":"https:\/\/sandzakpress.net\/arhiva\/#\/schema\/person\/image\/"}},{"@type":"Person","@id":"https:\/\/sandzakpress.net\/arhiva\/#\/schema\/person\/c8baee722073534b583ea7bdb2e36c02","name":"bosniak","image":{"@type":"ImageObject","inLanguage":"bs-BA","@id":"https:\/\/sandzakpress.net\/arhiva\/#\/schema\/person\/image\/","url":"https:\/\/secure.gravatar.com\/avatar\/a04fd330bfe3a36a72a0ad4a6d89fca7?s=96&d=mm&r=pg","contentUrl":"https:\/\/secure.gravatar.com\/avatar\/a04fd330bfe3a36a72a0ad4a6d89fca7?s=96&d=mm&r=pg","caption":"bosniak"},"url":"https:\/\/sandzakpress.net\/arhiva\/author\/bosniak\/"}]}},"_links":{"self":[{"href":"https:\/\/sandzakpress.net\/arhiva\/wp-json\/wp\/v2\/posts\/205025"}],"collection":[{"href":"https:\/\/sandzakpress.net\/arhiva\/wp-json\/wp\/v2\/posts"}],"about":[{"href":"https:\/\/sandzakpress.net\/arhiva\/wp-json\/wp\/v2\/types\/post"}],"author":[{"embeddable":true,"href":"https:\/\/sandzakpress.net\/arhiva\/wp-json\/wp\/v2\/users\/83"}],"replies":[{"embeddable":true,"href":"https:\/\/sandzakpress.net\/arhiva\/wp-json\/wp\/v2\/comments?post=205025"}],"version-history":[{"count":0,"href":"https:\/\/sandzakpress.net\/arhiva\/wp-json\/wp\/v2\/posts\/205025\/revisions"}],"wp:featuredmedia":[{"embeddable":true,"href":"https:\/\/sandzakpress.net\/arhiva\/wp-json\/wp\/v2\/media\/205026"}],"wp:attachment":[{"href":"https:\/\/sandzakpress.net\/arhiva\/wp-json\/wp\/v2\/media?parent=205025"}],"wp:term":[{"taxonomy":"category","embeddable":true,"href":"https:\/\/sandzakpress.net\/arhiva\/wp-json\/wp\/v2\/categories?post=205025"},{"taxonomy":"post_tag","embeddable":true,"href":"https:\/\/sandzakpress.net\/arhiva\/wp-json\/wp\/v2\/tags?post=205025"}],"curies":[{"name":"wp","href":"https:\/\/api.w.org\/{rel}","templated":true}]}}