{"id":205020,"date":"2018-04-04T15:19:52","date_gmt":"2018-04-04T13:19:52","guid":{"rendered":"https:\/\/sandzakpress.net\/arhiva\/?p=205020"},"modified":"2018-04-05T14:16:33","modified_gmt":"2018-04-05T12:16:33","slug":"muftija-dudic-dzemat-nur-u-kraljevu-imace-potpunu-podrsku-islamske-zajednice","status":"publish","type":"post","link":"https:\/\/sandzakpress.net\/arhiva\/muftija-dudic-dzemat-nur-u-kraljevu-imace-potpunu-podrsku-islamske-zajednice\/","title":{"rendered":"Muftija Dudi\u0107: D\u017eemat Nur u Kraljevu ima\u0107e potpunu podr\u0161ku Islamske zajednice"},"content":{"rendered":"<p class=\"x_MsoNormal\"><img decoding=\"async\" src=\"http:\/\/mesihat.org\/wp-content\/uploads\/2018\/04\/DSC_1391-1.jpg\" \/><\/p>\n<p class=\"x_MsoNormal\"><strong>Nakon nedavne inicijative sa peticijom muslimana koji \u017eive u Kraljevu za osnivanje d\u017eemata Nur, 04.04.2018. godine, predsjednik Me\u0161ihata IZ-e u Srbiji muftija dr. Mevlud ef. Dudi\u0107 primio je delegaciju pomenutog d\u017eemata na \u010delu sa predsjednikom Selverom Sulejmanijem.<\/strong><\/p>\n<p class=\"x_MsoNormal\">Na sastanku je bilo rije\u010di o aktivnostima u d\u017eematu kada im je muftija Dudi\u0107 obe\u0107ao podr\u0161ku u svakom pogledu.<\/p>\n<p class=\"x_MsoNormal\">Ina\u010de, u Kraljevu \u017eivo oko 70 muslimanskih porodica koje svoje vjerske aktivnosti obavljaju u mesd\u017eidu \u010diji objekat im je ustupljen na kori\u0161tenje.<\/p>\n<p class=\"x_MsoNormal\">Predsjednik Me\u0161ihata \u0107e u toku dana obi\u0107i pomenuti mesd\u017eid i razmotriti mogu\u0107nost kupovine zemlji\u0161ta za potrebe d\u017eemata Nur u Kraljevu.<\/p>\n<p class=\"x_MsoNormal\">Me\u0161ihat je kraljeva\u010dkim muslimanima donirao Mushafe, Ilmihale i drugu vjersku literaturu.<\/p>\n<p class=\"x_MsoNormal\">Informativna slu\u017eba<\/p>\n<p class=\"x_MsoNormal\"><img decoding=\"async\" src=\"http:\/\/mesihat.org\/wp-content\/uploads\/2018\/04\/DSC_1384.jpg\" \/><img decoding=\"async\" src=\"http:\/\/mesihat.org\/wp-content\/uploads\/2018\/04\/DSC_1386.jpg\" \/><img decoding=\"async\" src=\"http:\/\/mesihat.org\/wp-content\/uploads\/2018\/04\/DSC_1387.jpg\" \/><\/p>\n","protected":false},"excerpt":{"rendered":"<p>Nakon nedavne inicijative sa peticijom muslimana koji \u017eive u Kraljevu za osnivanje d\u017eemata Nur, 04.04.2018. godine, predsjednik Me\u0161ihata IZ-e u Srbiji muftija dr. Mevlud ef. Dudi\u0107 primio je delegaciju pomenutog d\u017eemata na \u010delu sa predsjednikom Selverom Sulejmanijem. Na sastanku je bilo rije\u010di o aktivnostima u d\u017eematu kada im je muftija Dudi\u0107 obe\u0107ao podr\u0161ku u svakom [&hellip;]<\/p>\n","protected":false},"author":509,"featured_media":205024,"comment_status":"open","ping_status":"open","sticky":false,"template":"","format":"standard","meta":{"footnotes":""},"categories":[10307,802],"tags":[],"class_list":{"0":"post-205020","1":"post","2":"type-post","3":"status-publish","4":"format-standard","5":"has-post-thumbnail","7":"category-srbija","8":"category-islamska_zajednica"},"yoast_head":"<!-- This site is optimized with the Yoast SEO Premium plugin v23.1 (Yoast SEO v24.9) - https:\/\/yoast.com\/wordpress\/plugins\/seo\/ -->\n<title>Muftija Dudi\u0107: D\u017eemat Nur u Kraljevu ima\u0107e potpunu podr\u0161ku Islamske zajednice<\/title>\n<meta name=\"robots\" content=\"index, follow, max-snippet:-1, max-image-preview:large, max-video-preview:-1\" \/>\n<link rel=\"canonical\" href=\"https:\/\/sandzakpress.net\/arhiva\/muftija-dudic-dzemat-nur-u-kraljevu-imace-potpunu-podrsku-islamske-zajednice\/\" \/>\n<meta property=\"og:locale\" content=\"bs_BA\" \/>\n<meta property=\"og:type\" content=\"article\" \/>\n<meta property=\"og:title\" content=\"Muftija Dudi\u0107: D\u017eemat Nur u Kraljevu ima\u0107e potpunu podr\u0161ku Islamske zajednice\" \/>\n<meta property=\"og:description\" content=\"Nakon nedavne inicijative sa peticijom muslimana koji \u017eive u Kraljevu za osnivanje d\u017eemata Nur, 04.04.2018. godine, predsjednik Me\u0161ihata IZ-e u Srbiji muftija dr. Mevlud ef. Dudi\u0107 primio je delegaciju pomenutog d\u017eemata na \u010delu sa predsjednikom Selverom Sulejmanijem. Na sastanku je bilo rije\u010di o aktivnostima u d\u017eematu kada im je muftija Dudi\u0107 obe\u0107ao podr\u0161ku u svakom [&hellip;]\" \/>\n<meta property=\"og:url\" content=\"https:\/\/sandzakpress.net\/arhiva\/muftija-dudic-dzemat-nur-u-kraljevu-imace-potpunu-podrsku-islamske-zajednice\/\" \/>\n<meta property=\"og:site_name\" content=\"Sand\u017eak PRESS\" \/>\n<meta property=\"article:published_time\" content=\"2018-04-04T13:19:52+00:00\" \/>\n<meta property=\"article:modified_time\" content=\"2018-04-05T12:16:33+00:00\" \/>\n<meta property=\"og:image\" content=\"https:\/\/sandzakpress.net\/arhiva\/wp-content\/uploads\/2018\/04\/DSC_1391-1.jpg\" \/>\n\t<meta property=\"og:image:width\" content=\"1200\" \/>\n\t<meta property=\"og:image:height\" content=\"565\" \/>\n\t<meta property=\"og:image:type\" content=\"image\/jpeg\" \/>\n<meta name=\"author\" content=\"Agencija\" \/>\n<meta name=\"twitter:card\" content=\"summary_large_image\" \/>\n<meta name=\"twitter:label1\" content=\"Written by\" \/>\n\t<meta name=\"twitter:data1\" content=\"Agencija\" \/>\n\t<meta name=\"twitter:label2\" content=\"Est. reading time\" \/>\n\t<meta name=\"twitter:data2\" content=\"1 minuta\" \/>\n<script type=\"application\/ld+json\" class=\"yoast-schema-graph\">{\"@context\":\"https:\/\/schema.org\",\"@graph\":[{\"@type\":\"Article\",\"@id\":\"https:\/\/sandzakpress.net\/arhiva\/muftija-dudic-dzemat-nur-u-kraljevu-imace-potpunu-podrsku-islamske-zajednice\/#article\",\"isPartOf\":{\"@id\":\"https:\/\/sandzakpress.net\/arhiva\/muftija-dudic-dzemat-nur-u-kraljevu-imace-potpunu-podrsku-islamske-zajednice\/\"},\"author\":{\"name\":\"Agencija\",\"@id\":\"https:\/\/sandzakpress.net\/arhiva\/#\/schema\/person\/cb59d7e3ab91ab90dd680ad0305a6185\"},\"headline\":\"Muftija Dudi\u0107: D\u017eemat Nur u Kraljevu ima\u0107e potpunu podr\u0161ku Islamske zajednice\",\"datePublished\":\"2018-04-04T13:19:52+00:00\",\"dateModified\":\"2018-04-05T12:16:33+00:00\",\"mainEntityOfPage\":{\"@id\":\"https:\/\/sandzakpress.net\/arhiva\/muftija-dudic-dzemat-nur-u-kraljevu-imace-potpunu-podrsku-islamske-zajednice\/\"},\"wordCount\":142,\"commentCount\":8,\"publisher\":{\"@id\":\"https:\/\/sandzakpress.net\/arhiva\/#\/schema\/person\/6e72b67d6e51910a1117b3b483ba20bd\"},\"image\":{\"@id\":\"https:\/\/sandzakpress.net\/arhiva\/muftija-dudic-dzemat-nur-u-kraljevu-imace-potpunu-podrsku-islamske-zajednice\/#primaryimage\"},\"thumbnailUrl\":\"https:\/\/sandzakpress.net\/arhiva\/wp-content\/uploads\/2018\/04\/DSC_1391-1.jpg\",\"articleSection\":[\"Srbija\",\"Islamska zajednica\"],\"inLanguage\":\"bs-BA\",\"potentialAction\":[{\"@type\":\"CommentAction\",\"name\":\"Comment\",\"target\":[\"https:\/\/sandzakpress.net\/arhiva\/muftija-dudic-dzemat-nur-u-kraljevu-imace-potpunu-podrsku-islamske-zajednice\/#respond\"]}]},{\"@type\":\"WebPage\",\"@id\":\"https:\/\/sandzakpress.net\/arhiva\/muftija-dudic-dzemat-nur-u-kraljevu-imace-potpunu-podrsku-islamske-zajednice\/\",\"url\":\"https:\/\/sandzakpress.net\/arhiva\/muftija-dudic-dzemat-nur-u-kraljevu-imace-potpunu-podrsku-islamske-zajednice\/\",\"name\":\"Muftija Dudi\u0107: D\u017eemat Nur u Kraljevu ima\u0107e potpunu podr\u0161ku Islamske zajednice\",\"isPartOf\":{\"@id\":\"https:\/\/sandzakpress.net\/arhiva\/#website\"},\"primaryImageOfPage\":{\"@id\":\"https:\/\/sandzakpress.net\/arhiva\/muftija-dudic-dzemat-nur-u-kraljevu-imace-potpunu-podrsku-islamske-zajednice\/#primaryimage\"},\"image\":{\"@id\":\"https:\/\/sandzakpress.net\/arhiva\/muftija-dudic-dzemat-nur-u-kraljevu-imace-potpunu-podrsku-islamske-zajednice\/#primaryimage\"},\"thumbnailUrl\":\"https:\/\/sandzakpress.net\/arhiva\/wp-content\/uploads\/2018\/04\/DSC_1391-1.jpg\",\"datePublished\":\"2018-04-04T13:19:52+00:00\",\"dateModified\":\"2018-04-05T12:16:33+00:00\",\"breadcrumb\":{\"@id\":\"https:\/\/sandzakpress.net\/arhiva\/muftija-dudic-dzemat-nur-u-kraljevu-imace-potpunu-podrsku-islamske-zajednice\/#breadcrumb\"},\"inLanguage\":\"bs-BA\",\"potentialAction\":[{\"@type\":\"ReadAction\",\"target\":[\"https:\/\/sandzakpress.net\/arhiva\/muftija-dudic-dzemat-nur-u-kraljevu-imace-potpunu-podrsku-islamske-zajednice\/\"]}]},{\"@type\":\"ImageObject\",\"inLanguage\":\"bs-BA\",\"@id\":\"https:\/\/sandzakpress.net\/arhiva\/muftija-dudic-dzemat-nur-u-kraljevu-imace-potpunu-podrsku-islamske-zajednice\/#primaryimage\",\"url\":\"https:\/\/sandzakpress.net\/arhiva\/wp-content\/uploads\/2018\/04\/DSC_1391-1.jpg\",\"contentUrl\":\"https:\/\/sandzakpress.net\/arhiva\/wp-content\/uploads\/2018\/04\/DSC_1391-1.jpg\",\"width\":1200,\"height\":565},{\"@type\":\"BreadcrumbList\",\"@id\":\"https:\/\/sandzakpress.net\/arhiva\/muftija-dudic-dzemat-nur-u-kraljevu-imace-potpunu-podrsku-islamske-zajednice\/#breadcrumb\",\"itemListElement\":[{\"@type\":\"ListItem\",\"position\":1,\"name\":\"Home\",\"item\":\"https:\/\/sandzakpress.net\/arhiva\/\"},{\"@type\":\"ListItem\",\"position\":2,\"name\":\"Muftija Dudi\u0107: D\u017eemat Nur u Kraljevu ima\u0107e potpunu podr\u0161ku Islamske zajednice\"}]},{\"@type\":\"WebSite\",\"@id\":\"https:\/\/sandzakpress.net\/arhiva\/#website\",\"url\":\"https:\/\/sandzakpress.net\/arhiva\/\",\"name\":\"Sand\u017eak PRESS\",\"description\":\"Prve elektronske novine u Sand\u017eaku\",\"publisher\":{\"@id\":\"https:\/\/sandzakpress.net\/arhiva\/#\/schema\/person\/6e72b67d6e51910a1117b3b483ba20bd\"},\"potentialAction\":[{\"@type\":\"SearchAction\",\"target\":{\"@type\":\"EntryPoint\",\"urlTemplate\":\"https:\/\/sandzakpress.net\/arhiva\/?s={search_term_string}\"},\"query-input\":{\"@type\":\"PropertyValueSpecification\",\"valueRequired\":true,\"valueName\":\"search_term_string\"}}],\"inLanguage\":\"bs-BA\"},{\"@type\":[\"Person\",\"Organization\"],\"@id\":\"https:\/\/sandzakpress.net\/arhiva\/#\/schema\/person\/6e72b67d6e51910a1117b3b483ba20bd\",\"name\":\"Kul\",\"image\":{\"@type\":\"ImageObject\",\"inLanguage\":\"bs-BA\",\"@id\":\"https:\/\/sandzakpress.net\/arhiva\/#\/schema\/person\/image\/\",\"url\":\"https:\/\/secure.gravatar.com\/avatar\/42263f39aa27ac04c43cab85c280eb2e?s=96&d=mm&r=pg\",\"contentUrl\":\"https:\/\/secure.gravatar.com\/avatar\/42263f39aa27ac04c43cab85c280eb2e?s=96&d=mm&r=pg\",\"caption\":\"Kul\"},\"logo\":{\"@id\":\"https:\/\/sandzakpress.net\/arhiva\/#\/schema\/person\/image\/\"}},{\"@type\":\"Person\",\"@id\":\"https:\/\/sandzakpress.net\/arhiva\/#\/schema\/person\/cb59d7e3ab91ab90dd680ad0305a6185\",\"name\":\"Agencija\",\"image\":{\"@type\":\"ImageObject\",\"inLanguage\":\"bs-BA\",\"@id\":\"https:\/\/sandzakpress.net\/arhiva\/#\/schema\/person\/image\/\",\"url\":\"https:\/\/secure.gravatar.com\/avatar\/4b7fafa80a22f0c2afe23966b3961fe0?s=96&d=mm&r=pg\",\"contentUrl\":\"https:\/\/secure.gravatar.com\/avatar\/4b7fafa80a22f0c2afe23966b3961fe0?s=96&d=mm&r=pg\",\"caption\":\"Agencija\"},\"url\":\"https:\/\/sandzakpress.net\/arhiva\/author\/agencija\/\"}]}<\/script>\n<!-- \/ Yoast SEO Premium plugin. -->","yoast_head_json":{"title":"Muftija Dudi\u0107: D\u017eemat Nur u Kraljevu ima\u0107e potpunu podr\u0161ku Islamske zajednice","robots":{"index":"index","follow":"follow","max-snippet":"max-snippet:-1","max-image-preview":"max-image-preview:large","max-video-preview":"max-video-preview:-1"},"canonical":"https:\/\/sandzakpress.net\/arhiva\/muftija-dudic-dzemat-nur-u-kraljevu-imace-potpunu-podrsku-islamske-zajednice\/","og_locale":"bs_BA","og_type":"article","og_title":"Muftija Dudi\u0107: D\u017eemat Nur u Kraljevu ima\u0107e potpunu podr\u0161ku Islamske zajednice","og_description":"Nakon nedavne inicijative sa peticijom muslimana koji \u017eive u Kraljevu za osnivanje d\u017eemata Nur, 04.04.2018. godine, predsjednik Me\u0161ihata IZ-e u Srbiji muftija dr. Mevlud ef. Dudi\u0107 primio je delegaciju pomenutog d\u017eemata na \u010delu sa predsjednikom Selverom Sulejmanijem. Na sastanku je bilo rije\u010di o aktivnostima u d\u017eematu kada im je muftija Dudi\u0107 obe\u0107ao podr\u0161ku u svakom [&hellip;]","og_url":"https:\/\/sandzakpress.net\/arhiva\/muftija-dudic-dzemat-nur-u-kraljevu-imace-potpunu-podrsku-islamske-zajednice\/","og_site_name":"Sand\u017eak PRESS","article_published_time":"2018-04-04T13:19:52+00:00","article_modified_time":"2018-04-05T12:16:33+00:00","og_image":[{"width":1200,"height":565,"url":"https:\/\/sandzakpress.net\/arhiva\/wp-content\/uploads\/2018\/04\/DSC_1391-1.jpg","type":"image\/jpeg"}],"author":"Agencija","twitter_card":"summary_large_image","twitter_misc":{"Written by":"Agencija","Est. reading time":"1 minuta"},"schema":{"@context":"https:\/\/schema.org","@graph":[{"@type":"Article","@id":"https:\/\/sandzakpress.net\/arhiva\/muftija-dudic-dzemat-nur-u-kraljevu-imace-potpunu-podrsku-islamske-zajednice\/#article","isPartOf":{"@id":"https:\/\/sandzakpress.net\/arhiva\/muftija-dudic-dzemat-nur-u-kraljevu-imace-potpunu-podrsku-islamske-zajednice\/"},"author":{"name":"Agencija","@id":"https:\/\/sandzakpress.net\/arhiva\/#\/schema\/person\/cb59d7e3ab91ab90dd680ad0305a6185"},"headline":"Muftija Dudi\u0107: D\u017eemat Nur u Kraljevu ima\u0107e potpunu podr\u0161ku Islamske zajednice","datePublished":"2018-04-04T13:19:52+00:00","dateModified":"2018-04-05T12:16:33+00:00","mainEntityOfPage":{"@id":"https:\/\/sandzakpress.net\/arhiva\/muftija-dudic-dzemat-nur-u-kraljevu-imace-potpunu-podrsku-islamske-zajednice\/"},"wordCount":142,"commentCount":8,"publisher":{"@id":"https:\/\/sandzakpress.net\/arhiva\/#\/schema\/person\/6e72b67d6e51910a1117b3b483ba20bd"},"image":{"@id":"https:\/\/sandzakpress.net\/arhiva\/muftija-dudic-dzemat-nur-u-kraljevu-imace-potpunu-podrsku-islamske-zajednice\/#primaryimage"},"thumbnailUrl":"https:\/\/sandzakpress.net\/arhiva\/wp-content\/uploads\/2018\/04\/DSC_1391-1.jpg","articleSection":["Srbija","Islamska zajednica"],"inLanguage":"bs-BA","potentialAction":[{"@type":"CommentAction","name":"Comment","target":["https:\/\/sandzakpress.net\/arhiva\/muftija-dudic-dzemat-nur-u-kraljevu-imace-potpunu-podrsku-islamske-zajednice\/#respond"]}]},{"@type":"WebPage","@id":"https:\/\/sandzakpress.net\/arhiva\/muftija-dudic-dzemat-nur-u-kraljevu-imace-potpunu-podrsku-islamske-zajednice\/","url":"https:\/\/sandzakpress.net\/arhiva\/muftija-dudic-dzemat-nur-u-kraljevu-imace-potpunu-podrsku-islamske-zajednice\/","name":"Muftija Dudi\u0107: D\u017eemat Nur u Kraljevu ima\u0107e potpunu podr\u0161ku Islamske zajednice","isPartOf":{"@id":"https:\/\/sandzakpress.net\/arhiva\/#website"},"primaryImageOfPage":{"@id":"https:\/\/sandzakpress.net\/arhiva\/muftija-dudic-dzemat-nur-u-kraljevu-imace-potpunu-podrsku-islamske-zajednice\/#primaryimage"},"image":{"@id":"https:\/\/sandzakpress.net\/arhiva\/muftija-dudic-dzemat-nur-u-kraljevu-imace-potpunu-podrsku-islamske-zajednice\/#primaryimage"},"thumbnailUrl":"https:\/\/sandzakpress.net\/arhiva\/wp-content\/uploads\/2018\/04\/DSC_1391-1.jpg","datePublished":"2018-04-04T13:19:52+00:00","dateModified":"2018-04-05T12:16:33+00:00","breadcrumb":{"@id":"https:\/\/sandzakpress.net\/arhiva\/muftija-dudic-dzemat-nur-u-kraljevu-imace-potpunu-podrsku-islamske-zajednice\/#breadcrumb"},"inLanguage":"bs-BA","potentialAction":[{"@type":"ReadAction","target":["https:\/\/sandzakpress.net\/arhiva\/muftija-dudic-dzemat-nur-u-kraljevu-imace-potpunu-podrsku-islamske-zajednice\/"]}]},{"@type":"ImageObject","inLanguage":"bs-BA","@id":"https:\/\/sandzakpress.net\/arhiva\/muftija-dudic-dzemat-nur-u-kraljevu-imace-potpunu-podrsku-islamske-zajednice\/#primaryimage","url":"https:\/\/sandzakpress.net\/arhiva\/wp-content\/uploads\/2018\/04\/DSC_1391-1.jpg","contentUrl":"https:\/\/sandzakpress.net\/arhiva\/wp-content\/uploads\/2018\/04\/DSC_1391-1.jpg","width":1200,"height":565},{"@type":"BreadcrumbList","@id":"https:\/\/sandzakpress.net\/arhiva\/muftija-dudic-dzemat-nur-u-kraljevu-imace-potpunu-podrsku-islamske-zajednice\/#breadcrumb","itemListElement":[{"@type":"ListItem","position":1,"name":"Home","item":"https:\/\/sandzakpress.net\/arhiva\/"},{"@type":"ListItem","position":2,"name":"Muftija Dudi\u0107: D\u017eemat Nur u Kraljevu ima\u0107e potpunu podr\u0161ku Islamske zajednice"}]},{"@type":"WebSite","@id":"https:\/\/sandzakpress.net\/arhiva\/#website","url":"https:\/\/sandzakpress.net\/arhiva\/","name":"Sand\u017eak PRESS","description":"Prve elektronske novine u Sand\u017eaku","publisher":{"@id":"https:\/\/sandzakpress.net\/arhiva\/#\/schema\/person\/6e72b67d6e51910a1117b3b483ba20bd"},"potentialAction":[{"@type":"SearchAction","target":{"@type":"EntryPoint","urlTemplate":"https:\/\/sandzakpress.net\/arhiva\/?s={search_term_string}"},"query-input":{"@type":"PropertyValueSpecification","valueRequired":true,"valueName":"search_term_string"}}],"inLanguage":"bs-BA"},{"@type":["Person","Organization"],"@id":"https:\/\/sandzakpress.net\/arhiva\/#\/schema\/person\/6e72b67d6e51910a1117b3b483ba20bd","name":"Kul","image":{"@type":"ImageObject","inLanguage":"bs-BA","@id":"https:\/\/sandzakpress.net\/arhiva\/#\/schema\/person\/image\/","url":"https:\/\/secure.gravatar.com\/avatar\/42263f39aa27ac04c43cab85c280eb2e?s=96&d=mm&r=pg","contentUrl":"https:\/\/secure.gravatar.com\/avatar\/42263f39aa27ac04c43cab85c280eb2e?s=96&d=mm&r=pg","caption":"Kul"},"logo":{"@id":"https:\/\/sandzakpress.net\/arhiva\/#\/schema\/person\/image\/"}},{"@type":"Person","@id":"https:\/\/sandzakpress.net\/arhiva\/#\/schema\/person\/cb59d7e3ab91ab90dd680ad0305a6185","name":"Agencija","image":{"@type":"ImageObject","inLanguage":"bs-BA","@id":"https:\/\/sandzakpress.net\/arhiva\/#\/schema\/person\/image\/","url":"https:\/\/secure.gravatar.com\/avatar\/4b7fafa80a22f0c2afe23966b3961fe0?s=96&d=mm&r=pg","contentUrl":"https:\/\/secure.gravatar.com\/avatar\/4b7fafa80a22f0c2afe23966b3961fe0?s=96&d=mm&r=pg","caption":"Agencija"},"url":"https:\/\/sandzakpress.net\/arhiva\/author\/agencija\/"}]}},"_links":{"self":[{"href":"https:\/\/sandzakpress.net\/arhiva\/wp-json\/wp\/v2\/posts\/205020"}],"collection":[{"href":"https:\/\/sandzakpress.net\/arhiva\/wp-json\/wp\/v2\/posts"}],"about":[{"href":"https:\/\/sandzakpress.net\/arhiva\/wp-json\/wp\/v2\/types\/post"}],"author":[{"embeddable":true,"href":"https:\/\/sandzakpress.net\/arhiva\/wp-json\/wp\/v2\/users\/509"}],"replies":[{"embeddable":true,"href":"https:\/\/sandzakpress.net\/arhiva\/wp-json\/wp\/v2\/comments?post=205020"}],"version-history":[{"count":0,"href":"https:\/\/sandzakpress.net\/arhiva\/wp-json\/wp\/v2\/posts\/205020\/revisions"}],"wp:featuredmedia":[{"embeddable":true,"href":"https:\/\/sandzakpress.net\/arhiva\/wp-json\/wp\/v2\/media\/205024"}],"wp:attachment":[{"href":"https:\/\/sandzakpress.net\/arhiva\/wp-json\/wp\/v2\/media?parent=205020"}],"wp:term":[{"taxonomy":"category","embeddable":true,"href":"https:\/\/sandzakpress.net\/arhiva\/wp-json\/wp\/v2\/categories?post=205020"},{"taxonomy":"post_tag","embeddable":true,"href":"https:\/\/sandzakpress.net\/arhiva\/wp-json\/wp\/v2\/tags?post=205020"}],"curies":[{"name":"wp","href":"https:\/\/api.w.org\/{rel}","templated":true}]}}