{"id":205002,"date":"2018-04-04T12:47:01","date_gmt":"2018-04-04T10:47:01","guid":{"rendered":"https:\/\/sandzakpress.net\/arhiva\/?p=205002"},"modified":"2018-04-04T12:47:01","modified_gmt":"2018-04-04T10:47:01","slug":"beranac-ranjen-je-u-pucnjavi","status":"publish","type":"post","link":"https:\/\/sandzakpress.net\/arhiva\/beranac-ranjen-je-u-pucnjavi\/","title":{"rendered":"Beranac ranjen je u pucnjavi"},"content":{"rendered":"<p><img decoding=\"async\" src=\"http:\/\/radioberane.me\/wp-content\/uploads\/2018\/04\/pucnjava-ilustracija-702x336.jpg\" \/><\/p>\n<p><strong>Beranac Nikola Jo\u010di\u0107 ranjen je\u00a0u pucnjavi do koje je oko 20 \u010dasova do\u0161lo u lokalu \u201cGolden Gate\u201d.<\/strong><\/p>\n<p>Na njega je, kako je Radiju Berane re\u010deno iz policije, vi\u0161e puta u predjelu nogu pucao sugra\u0111anin Jovan \u0160\u0107eki\u0107.\u00a0<\/p>\n<p>Do pucnjave je do\u0161lo nakon sva\u0111e, a i ranije je bilo nesuglasica izme\u0111u mladi\u0107a, nezvani\u010dno saznajemo iz policije.<\/p>\n<p>\u0160\u0107eki\u0107 je brzo nakon pucnjave uhap\u0161en, dok je Jo\u010di\u0107 zbrinut u beranskoj Op\u0161toj bolnici i nije \u017eivotno ugro\u017een.<\/p>\n<p>Slu\u010daj je preuzelo Vi\u0161e dr\u017eavno tu\u017eila\u0161tvo.<\/p>\n<p>(radioperane)<\/p>\n","protected":false},"excerpt":{"rendered":"<p>Beranac Nikola Jo\u010di\u0107 ranjen je\u00a0u pucnjavi do koje je oko 20 \u010dasova do\u0161lo u lokalu \u201cGolden Gate\u201d. Na njega je, kako je Radiju Berane re\u010deno iz policije, vi\u0161e puta u predjelu nogu pucao sugra\u0111anin Jovan \u0160\u0107eki\u0107.\u00a0 Do pucnjave je do\u0161lo nakon sva\u0111e, a i ranije je bilo nesuglasica izme\u0111u mladi\u0107a, nezvani\u010dno saznajemo iz policije. \u0160\u0107eki\u0107 [&hellip;]<\/p>\n","protected":false},"author":509,"featured_media":205009,"comment_status":"open","ping_status":"open","sticky":false,"template":"","format":"standard","meta":{"footnotes":""},"categories":[397,801],"tags":[],"class_list":{"0":"post-205002","1":"post","2":"type-post","3":"status-publish","4":"format-standard","5":"has-post-thumbnail","7":"category-berane","8":"category-crna_hronika"},"yoast_head":"<!-- This site is optimized with the Yoast SEO Premium plugin v23.1 (Yoast SEO v24.9) - https:\/\/yoast.com\/wordpress\/plugins\/seo\/ -->\n<title>Beranac ranjen je u pucnjavi<\/title>\n<meta name=\"robots\" content=\"index, follow, max-snippet:-1, max-image-preview:large, max-video-preview:-1\" \/>\n<link rel=\"canonical\" href=\"https:\/\/sandzakpress.net\/arhiva\/beranac-ranjen-je-u-pucnjavi\/\" \/>\n<meta property=\"og:locale\" content=\"bs_BA\" \/>\n<meta property=\"og:type\" content=\"article\" \/>\n<meta property=\"og:title\" content=\"Beranac ranjen je u pucnjavi\" \/>\n<meta property=\"og:description\" content=\"Beranac Nikola Jo\u010di\u0107 ranjen je\u00a0u pucnjavi do koje je oko 20 \u010dasova do\u0161lo u lokalu \u201cGolden Gate\u201d. Na njega je, kako je Radiju Berane re\u010deno iz policije, vi\u0161e puta u predjelu nogu pucao sugra\u0111anin Jovan \u0160\u0107eki\u0107.\u00a0 Do pucnjave je do\u0161lo nakon sva\u0111e, a i ranije je bilo nesuglasica izme\u0111u mladi\u0107a, nezvani\u010dno saznajemo iz policije. \u0160\u0107eki\u0107 [&hellip;]\" \/>\n<meta property=\"og:url\" content=\"https:\/\/sandzakpress.net\/arhiva\/beranac-ranjen-je-u-pucnjavi\/\" \/>\n<meta property=\"og:site_name\" content=\"Sand\u017eak PRESS\" \/>\n<meta property=\"article:published_time\" content=\"2018-04-04T10:47:01+00:00\" \/>\n<meta property=\"og:image\" content=\"https:\/\/sandzakpress.net\/arhiva\/wp-content\/uploads\/2018\/04\/pucnjava-ilustracija-702x336.jpg\" \/>\n\t<meta property=\"og:image:width\" content=\"702\" \/>\n\t<meta property=\"og:image:height\" content=\"336\" \/>\n\t<meta property=\"og:image:type\" content=\"image\/jpeg\" \/>\n<meta name=\"author\" content=\"Agencija\" \/>\n<meta name=\"twitter:card\" content=\"summary_large_image\" \/>\n<meta name=\"twitter:label1\" content=\"Written by\" \/>\n\t<meta name=\"twitter:data1\" content=\"Agencija\" \/>\n<script type=\"application\/ld+json\" class=\"yoast-schema-graph\">{\"@context\":\"https:\/\/schema.org\",\"@graph\":[{\"@type\":\"Article\",\"@id\":\"https:\/\/sandzakpress.net\/arhiva\/beranac-ranjen-je-u-pucnjavi\/#article\",\"isPartOf\":{\"@id\":\"https:\/\/sandzakpress.net\/arhiva\/beranac-ranjen-je-u-pucnjavi\/\"},\"author\":{\"name\":\"Agencija\",\"@id\":\"https:\/\/sandzakpress.net\/arhiva\/#\/schema\/person\/cb59d7e3ab91ab90dd680ad0305a6185\"},\"headline\":\"Beranac ranjen je u pucnjavi\",\"datePublished\":\"2018-04-04T10:47:01+00:00\",\"mainEntityOfPage\":{\"@id\":\"https:\/\/sandzakpress.net\/arhiva\/beranac-ranjen-je-u-pucnjavi\/\"},\"wordCount\":103,\"commentCount\":0,\"publisher\":{\"@id\":\"https:\/\/sandzakpress.net\/arhiva\/#\/schema\/person\/6e72b67d6e51910a1117b3b483ba20bd\"},\"image\":{\"@id\":\"https:\/\/sandzakpress.net\/arhiva\/beranac-ranjen-je-u-pucnjavi\/#primaryimage\"},\"thumbnailUrl\":\"https:\/\/sandzakpress.net\/arhiva\/wp-content\/uploads\/2018\/04\/pucnjava-ilustracija-702x336.jpg\",\"articleSection\":[\"Berane\",\"Hronika\"],\"inLanguage\":\"bs-BA\",\"potentialAction\":[{\"@type\":\"CommentAction\",\"name\":\"Comment\",\"target\":[\"https:\/\/sandzakpress.net\/arhiva\/beranac-ranjen-je-u-pucnjavi\/#respond\"]}]},{\"@type\":\"WebPage\",\"@id\":\"https:\/\/sandzakpress.net\/arhiva\/beranac-ranjen-je-u-pucnjavi\/\",\"url\":\"https:\/\/sandzakpress.net\/arhiva\/beranac-ranjen-je-u-pucnjavi\/\",\"name\":\"Beranac ranjen je u pucnjavi\",\"isPartOf\":{\"@id\":\"https:\/\/sandzakpress.net\/arhiva\/#website\"},\"primaryImageOfPage\":{\"@id\":\"https:\/\/sandzakpress.net\/arhiva\/beranac-ranjen-je-u-pucnjavi\/#primaryimage\"},\"image\":{\"@id\":\"https:\/\/sandzakpress.net\/arhiva\/beranac-ranjen-je-u-pucnjavi\/#primaryimage\"},\"thumbnailUrl\":\"https:\/\/sandzakpress.net\/arhiva\/wp-content\/uploads\/2018\/04\/pucnjava-ilustracija-702x336.jpg\",\"datePublished\":\"2018-04-04T10:47:01+00:00\",\"breadcrumb\":{\"@id\":\"https:\/\/sandzakpress.net\/arhiva\/beranac-ranjen-je-u-pucnjavi\/#breadcrumb\"},\"inLanguage\":\"bs-BA\",\"potentialAction\":[{\"@type\":\"ReadAction\",\"target\":[\"https:\/\/sandzakpress.net\/arhiva\/beranac-ranjen-je-u-pucnjavi\/\"]}]},{\"@type\":\"ImageObject\",\"inLanguage\":\"bs-BA\",\"@id\":\"https:\/\/sandzakpress.net\/arhiva\/beranac-ranjen-je-u-pucnjavi\/#primaryimage\",\"url\":\"https:\/\/sandzakpress.net\/arhiva\/wp-content\/uploads\/2018\/04\/pucnjava-ilustracija-702x336.jpg\",\"contentUrl\":\"https:\/\/sandzakpress.net\/arhiva\/wp-content\/uploads\/2018\/04\/pucnjava-ilustracija-702x336.jpg\",\"width\":702,\"height\":336},{\"@type\":\"BreadcrumbList\",\"@id\":\"https:\/\/sandzakpress.net\/arhiva\/beranac-ranjen-je-u-pucnjavi\/#breadcrumb\",\"itemListElement\":[{\"@type\":\"ListItem\",\"position\":1,\"name\":\"Home\",\"item\":\"https:\/\/sandzakpress.net\/arhiva\/\"},{\"@type\":\"ListItem\",\"position\":2,\"name\":\"Beranac ranjen je u pucnjavi\"}]},{\"@type\":\"WebSite\",\"@id\":\"https:\/\/sandzakpress.net\/arhiva\/#website\",\"url\":\"https:\/\/sandzakpress.net\/arhiva\/\",\"name\":\"Sand\u017eak PRESS\",\"description\":\"Prve elektronske novine u Sand\u017eaku\",\"publisher\":{\"@id\":\"https:\/\/sandzakpress.net\/arhiva\/#\/schema\/person\/6e72b67d6e51910a1117b3b483ba20bd\"},\"potentialAction\":[{\"@type\":\"SearchAction\",\"target\":{\"@type\":\"EntryPoint\",\"urlTemplate\":\"https:\/\/sandzakpress.net\/arhiva\/?s={search_term_string}\"},\"query-input\":{\"@type\":\"PropertyValueSpecification\",\"valueRequired\":true,\"valueName\":\"search_term_string\"}}],\"inLanguage\":\"bs-BA\"},{\"@type\":[\"Person\",\"Organization\"],\"@id\":\"https:\/\/sandzakpress.net\/arhiva\/#\/schema\/person\/6e72b67d6e51910a1117b3b483ba20bd\",\"name\":\"Kul\",\"image\":{\"@type\":\"ImageObject\",\"inLanguage\":\"bs-BA\",\"@id\":\"https:\/\/sandzakpress.net\/arhiva\/#\/schema\/person\/image\/\",\"url\":\"https:\/\/secure.gravatar.com\/avatar\/42263f39aa27ac04c43cab85c280eb2e?s=96&d=mm&r=pg\",\"contentUrl\":\"https:\/\/secure.gravatar.com\/avatar\/42263f39aa27ac04c43cab85c280eb2e?s=96&d=mm&r=pg\",\"caption\":\"Kul\"},\"logo\":{\"@id\":\"https:\/\/sandzakpress.net\/arhiva\/#\/schema\/person\/image\/\"}},{\"@type\":\"Person\",\"@id\":\"https:\/\/sandzakpress.net\/arhiva\/#\/schema\/person\/cb59d7e3ab91ab90dd680ad0305a6185\",\"name\":\"Agencija\",\"image\":{\"@type\":\"ImageObject\",\"inLanguage\":\"bs-BA\",\"@id\":\"https:\/\/sandzakpress.net\/arhiva\/#\/schema\/person\/image\/\",\"url\":\"https:\/\/secure.gravatar.com\/avatar\/4b7fafa80a22f0c2afe23966b3961fe0?s=96&d=mm&r=pg\",\"contentUrl\":\"https:\/\/secure.gravatar.com\/avatar\/4b7fafa80a22f0c2afe23966b3961fe0?s=96&d=mm&r=pg\",\"caption\":\"Agencija\"},\"url\":\"https:\/\/sandzakpress.net\/arhiva\/author\/agencija\/\"}]}<\/script>\n<!-- \/ Yoast SEO Premium plugin. -->","yoast_head_json":{"title":"Beranac ranjen je u pucnjavi","robots":{"index":"index","follow":"follow","max-snippet":"max-snippet:-1","max-image-preview":"max-image-preview:large","max-video-preview":"max-video-preview:-1"},"canonical":"https:\/\/sandzakpress.net\/arhiva\/beranac-ranjen-je-u-pucnjavi\/","og_locale":"bs_BA","og_type":"article","og_title":"Beranac ranjen je u pucnjavi","og_description":"Beranac Nikola Jo\u010di\u0107 ranjen je\u00a0u pucnjavi do koje je oko 20 \u010dasova do\u0161lo u lokalu \u201cGolden Gate\u201d. Na njega je, kako je Radiju Berane re\u010deno iz policije, vi\u0161e puta u predjelu nogu pucao sugra\u0111anin Jovan \u0160\u0107eki\u0107.\u00a0 Do pucnjave je do\u0161lo nakon sva\u0111e, a i ranije je bilo nesuglasica izme\u0111u mladi\u0107a, nezvani\u010dno saznajemo iz policije. \u0160\u0107eki\u0107 [&hellip;]","og_url":"https:\/\/sandzakpress.net\/arhiva\/beranac-ranjen-je-u-pucnjavi\/","og_site_name":"Sand\u017eak PRESS","article_published_time":"2018-04-04T10:47:01+00:00","og_image":[{"width":702,"height":336,"url":"https:\/\/sandzakpress.net\/arhiva\/wp-content\/uploads\/2018\/04\/pucnjava-ilustracija-702x336.jpg","type":"image\/jpeg"}],"author":"Agencija","twitter_card":"summary_large_image","twitter_misc":{"Written by":"Agencija"},"schema":{"@context":"https:\/\/schema.org","@graph":[{"@type":"Article","@id":"https:\/\/sandzakpress.net\/arhiva\/beranac-ranjen-je-u-pucnjavi\/#article","isPartOf":{"@id":"https:\/\/sandzakpress.net\/arhiva\/beranac-ranjen-je-u-pucnjavi\/"},"author":{"name":"Agencija","@id":"https:\/\/sandzakpress.net\/arhiva\/#\/schema\/person\/cb59d7e3ab91ab90dd680ad0305a6185"},"headline":"Beranac ranjen je u pucnjavi","datePublished":"2018-04-04T10:47:01+00:00","mainEntityOfPage":{"@id":"https:\/\/sandzakpress.net\/arhiva\/beranac-ranjen-je-u-pucnjavi\/"},"wordCount":103,"commentCount":0,"publisher":{"@id":"https:\/\/sandzakpress.net\/arhiva\/#\/schema\/person\/6e72b67d6e51910a1117b3b483ba20bd"},"image":{"@id":"https:\/\/sandzakpress.net\/arhiva\/beranac-ranjen-je-u-pucnjavi\/#primaryimage"},"thumbnailUrl":"https:\/\/sandzakpress.net\/arhiva\/wp-content\/uploads\/2018\/04\/pucnjava-ilustracija-702x336.jpg","articleSection":["Berane","Hronika"],"inLanguage":"bs-BA","potentialAction":[{"@type":"CommentAction","name":"Comment","target":["https:\/\/sandzakpress.net\/arhiva\/beranac-ranjen-je-u-pucnjavi\/#respond"]}]},{"@type":"WebPage","@id":"https:\/\/sandzakpress.net\/arhiva\/beranac-ranjen-je-u-pucnjavi\/","url":"https:\/\/sandzakpress.net\/arhiva\/beranac-ranjen-je-u-pucnjavi\/","name":"Beranac ranjen je u pucnjavi","isPartOf":{"@id":"https:\/\/sandzakpress.net\/arhiva\/#website"},"primaryImageOfPage":{"@id":"https:\/\/sandzakpress.net\/arhiva\/beranac-ranjen-je-u-pucnjavi\/#primaryimage"},"image":{"@id":"https:\/\/sandzakpress.net\/arhiva\/beranac-ranjen-je-u-pucnjavi\/#primaryimage"},"thumbnailUrl":"https:\/\/sandzakpress.net\/arhiva\/wp-content\/uploads\/2018\/04\/pucnjava-ilustracija-702x336.jpg","datePublished":"2018-04-04T10:47:01+00:00","breadcrumb":{"@id":"https:\/\/sandzakpress.net\/arhiva\/beranac-ranjen-je-u-pucnjavi\/#breadcrumb"},"inLanguage":"bs-BA","potentialAction":[{"@type":"ReadAction","target":["https:\/\/sandzakpress.net\/arhiva\/beranac-ranjen-je-u-pucnjavi\/"]}]},{"@type":"ImageObject","inLanguage":"bs-BA","@id":"https:\/\/sandzakpress.net\/arhiva\/beranac-ranjen-je-u-pucnjavi\/#primaryimage","url":"https:\/\/sandzakpress.net\/arhiva\/wp-content\/uploads\/2018\/04\/pucnjava-ilustracija-702x336.jpg","contentUrl":"https:\/\/sandzakpress.net\/arhiva\/wp-content\/uploads\/2018\/04\/pucnjava-ilustracija-702x336.jpg","width":702,"height":336},{"@type":"BreadcrumbList","@id":"https:\/\/sandzakpress.net\/arhiva\/beranac-ranjen-je-u-pucnjavi\/#breadcrumb","itemListElement":[{"@type":"ListItem","position":1,"name":"Home","item":"https:\/\/sandzakpress.net\/arhiva\/"},{"@type":"ListItem","position":2,"name":"Beranac ranjen je u pucnjavi"}]},{"@type":"WebSite","@id":"https:\/\/sandzakpress.net\/arhiva\/#website","url":"https:\/\/sandzakpress.net\/arhiva\/","name":"Sand\u017eak PRESS","description":"Prve elektronske novine u Sand\u017eaku","publisher":{"@id":"https:\/\/sandzakpress.net\/arhiva\/#\/schema\/person\/6e72b67d6e51910a1117b3b483ba20bd"},"potentialAction":[{"@type":"SearchAction","target":{"@type":"EntryPoint","urlTemplate":"https:\/\/sandzakpress.net\/arhiva\/?s={search_term_string}"},"query-input":{"@type":"PropertyValueSpecification","valueRequired":true,"valueName":"search_term_string"}}],"inLanguage":"bs-BA"},{"@type":["Person","Organization"],"@id":"https:\/\/sandzakpress.net\/arhiva\/#\/schema\/person\/6e72b67d6e51910a1117b3b483ba20bd","name":"Kul","image":{"@type":"ImageObject","inLanguage":"bs-BA","@id":"https:\/\/sandzakpress.net\/arhiva\/#\/schema\/person\/image\/","url":"https:\/\/secure.gravatar.com\/avatar\/42263f39aa27ac04c43cab85c280eb2e?s=96&d=mm&r=pg","contentUrl":"https:\/\/secure.gravatar.com\/avatar\/42263f39aa27ac04c43cab85c280eb2e?s=96&d=mm&r=pg","caption":"Kul"},"logo":{"@id":"https:\/\/sandzakpress.net\/arhiva\/#\/schema\/person\/image\/"}},{"@type":"Person","@id":"https:\/\/sandzakpress.net\/arhiva\/#\/schema\/person\/cb59d7e3ab91ab90dd680ad0305a6185","name":"Agencija","image":{"@type":"ImageObject","inLanguage":"bs-BA","@id":"https:\/\/sandzakpress.net\/arhiva\/#\/schema\/person\/image\/","url":"https:\/\/secure.gravatar.com\/avatar\/4b7fafa80a22f0c2afe23966b3961fe0?s=96&d=mm&r=pg","contentUrl":"https:\/\/secure.gravatar.com\/avatar\/4b7fafa80a22f0c2afe23966b3961fe0?s=96&d=mm&r=pg","caption":"Agencija"},"url":"https:\/\/sandzakpress.net\/arhiva\/author\/agencija\/"}]}},"_links":{"self":[{"href":"https:\/\/sandzakpress.net\/arhiva\/wp-json\/wp\/v2\/posts\/205002"}],"collection":[{"href":"https:\/\/sandzakpress.net\/arhiva\/wp-json\/wp\/v2\/posts"}],"about":[{"href":"https:\/\/sandzakpress.net\/arhiva\/wp-json\/wp\/v2\/types\/post"}],"author":[{"embeddable":true,"href":"https:\/\/sandzakpress.net\/arhiva\/wp-json\/wp\/v2\/users\/509"}],"replies":[{"embeddable":true,"href":"https:\/\/sandzakpress.net\/arhiva\/wp-json\/wp\/v2\/comments?post=205002"}],"version-history":[{"count":0,"href":"https:\/\/sandzakpress.net\/arhiva\/wp-json\/wp\/v2\/posts\/205002\/revisions"}],"wp:featuredmedia":[{"embeddable":true,"href":"https:\/\/sandzakpress.net\/arhiva\/wp-json\/wp\/v2\/media\/205009"}],"wp:attachment":[{"href":"https:\/\/sandzakpress.net\/arhiva\/wp-json\/wp\/v2\/media?parent=205002"}],"wp:term":[{"taxonomy":"category","embeddable":true,"href":"https:\/\/sandzakpress.net\/arhiva\/wp-json\/wp\/v2\/categories?post=205002"},{"taxonomy":"post_tag","embeddable":true,"href":"https:\/\/sandzakpress.net\/arhiva\/wp-json\/wp\/v2\/tags?post=205002"}],"curies":[{"name":"wp","href":"https:\/\/api.w.org\/{rel}","templated":true}]}}