{"id":204931,"date":"2018-04-02T12:36:25","date_gmt":"2018-04-02T10:36:25","guid":{"rendered":"https:\/\/sandzakpress.net\/arhiva\/?p=204931"},"modified":"2018-04-02T12:26:21","modified_gmt":"2018-04-02T10:26:21","slug":"aktivirana-bomba-ispred-kuce-novinara-seada-sadikovica-ne-zna-se-ko-je-meta","status":"publish","type":"post","link":"https:\/\/sandzakpress.net\/arhiva\/aktivirana-bomba-ispred-kuce-novinara-seada-sadikovica-ne-zna-se-ko-je-meta\/","title":{"rendered":"Aktivirana bomba ispred ku\u0107e novinara Seada Sadikovi\u0107a, ne zna se ko je meta"},"content":{"rendered":"<p><img decoding=\"async\" src=\"http:\/\/www.sandzacke.rs\/wp-content\/uploads\/2018\/04\/sead-sadikovic-696x469.jpg\" \/><\/p>\n<p><strong>U Bijelom Polju sino\u0107 je aktivirana eksplozivna naprava ispred ku\u0107e novinara Seada Sadikovi\u0107a. U eksploziji, sre\u0107om, nije bilo \u017ertava, a bomba je ba\u010dena na mjesto gdje je bio parkiran automobil novinara.<\/strong><\/p>\n<p>Policija utvr\u0111uje da li je meta bio Sadikovi\u0107 ili neko drugi, kao i motive ovog bomba\u0161kog napada. Tokom uvi\u0111aja prona\u0111en je osigura\u010d od bombe, koji je poslat na vje\u0161ta\u010denje u danilovgradski Forenzi\u010dki centar.<\/p>\n<p>Iz policije je saop\u0161teno da je eksplozivna naprava ba\u010dena ta\u010dno ispred ku\u0107e Sadikovi\u0107a. Na mjesto eksplozije nije bio parkiran Sadikovi\u0107ev automobil koji se odvezao do redakcije, a na njegovo mjesto u me\u0111uvremenu je bio parkiran automobil beogradskih registarskih tablica, vlasni\u0161tvo jedne rentakar agencije.<\/p>\n<p>Novinar Sead Sadikovi\u0107 kazao je za \u201cDan\u201d da ako je on bio meta, onda je jasno da je to iz politi\u010dkih razloga kako bi se zastra\u0161ili gra\u0111ani, ali da ne \u017eeli da spekuli\u0161e dok se doga\u0111aj ne razjasni.<\/p>\n<p>Detonacija je sna\u017eno odjeknula u ulici u kojoj se nalazi i zgrada Vi\u0161eg i Osnovnog suda, ali i nekoliko advokatskih kancelarija. Ima dosta o\u0161te\u0107enja na ku\u0107i Sadikovi\u0107a i na dva automobila koja su bila parkirana u neposrednoj blizini. O\u0161te\u0107eni su i zidovi advokatskih kancelarija.<\/p>\n<p>\u201cNa mjestu gdje uvijek parkiram \u2018golfa\u2019 parkirano je bilo jedno auto rentakar agencije, sa kojim je stigao jedan od ro\u0111aka ovda\u0161njih kom\u0161ija. Kako nijesam uspio da na\u0111em parking mjesto, ostavio sam auto blizu gara\u017ee Vi\u0161eg suda i oti\u0161ao do redakcije Vijesti, koja se ina\u010de nalazi jedno 200 metara dalje, kod zgrade \u2018Tri \u0107ulafa\u2019. \u010cuo sam i ja detonaciju, ali ni u snu nijesam mogao pomisliti da je to bilo, kako sad stvari stoje, meni namijenjeno\u201d, kazao je Sadikovi\u0107.<\/p>\n<p>Prema rije\u010dima Denisa Zvrka, zamjenika osnovnog dr\u017eavnog tu\u017eioca, koji je bio na mjestu eksplozije, do kasno sino\u0107 radilo se na prikupljanju materijalnih dokaza.<\/p>\n<p>(Vijesti)<\/p>\n","protected":false},"excerpt":{"rendered":"<p>U Bijelom Polju sino\u0107 je aktivirana eksplozivna naprava ispred ku\u0107e novinara Seada Sadikovi\u0107a. U eksploziji, sre\u0107om, nije bilo \u017ertava, a bomba je ba\u010dena na mjesto gdje je bio parkiran automobil novinara. Policija utvr\u0111uje da li je meta bio Sadikovi\u0107 ili neko drugi, kao i motive ovog bomba\u0161kog napada. Tokom uvi\u0111aja prona\u0111en je osigura\u010d od bombe, [&hellip;]<\/p>\n","protected":false},"author":509,"featured_media":204939,"comment_status":"open","ping_status":"open","sticky":false,"template":"","format":"standard","meta":{"footnotes":""},"categories":[396,801,10429],"tags":[],"class_list":{"0":"post-204931","1":"post","2":"type-post","3":"status-publish","4":"format-standard","5":"has-post-thumbnail","7":"category-bijelo_polje","8":"category-crna_hronika","9":"category-vazno"},"yoast_head":"<!-- This site is optimized with the Yoast SEO Premium plugin v23.1 (Yoast SEO v24.9) - https:\/\/yoast.com\/wordpress\/plugins\/seo\/ -->\n<title>Aktivirana bomba ispred ku\u0107e novinara Seada Sadikovi\u0107a, ne zna se ko je meta<\/title>\n<meta name=\"robots\" content=\"index, follow, max-snippet:-1, max-image-preview:large, max-video-preview:-1\" \/>\n<link rel=\"canonical\" href=\"https:\/\/sandzakpress.net\/arhiva\/aktivirana-bomba-ispred-kuce-novinara-seada-sadikovica-ne-zna-se-ko-je-meta\/\" \/>\n<meta property=\"og:locale\" content=\"bs_BA\" \/>\n<meta property=\"og:type\" content=\"article\" \/>\n<meta property=\"og:title\" content=\"Aktivirana bomba ispred ku\u0107e novinara Seada Sadikovi\u0107a, ne zna se ko je meta\" \/>\n<meta property=\"og:description\" content=\"U Bijelom Polju sino\u0107 je aktivirana eksplozivna naprava ispred ku\u0107e novinara Seada Sadikovi\u0107a. U eksploziji, sre\u0107om, nije bilo \u017ertava, a bomba je ba\u010dena na mjesto gdje je bio parkiran automobil novinara. Policija utvr\u0111uje da li je meta bio Sadikovi\u0107 ili neko drugi, kao i motive ovog bomba\u0161kog napada. Tokom uvi\u0111aja prona\u0111en je osigura\u010d od bombe, [&hellip;]\" \/>\n<meta property=\"og:url\" content=\"https:\/\/sandzakpress.net\/arhiva\/aktivirana-bomba-ispred-kuce-novinara-seada-sadikovica-ne-zna-se-ko-je-meta\/\" \/>\n<meta property=\"og:site_name\" content=\"Sand\u017eak PRESS\" \/>\n<meta property=\"article:published_time\" content=\"2018-04-02T10:36:25+00:00\" \/>\n<meta property=\"og:image\" content=\"https:\/\/sandzakpress.net\/arhiva\/wp-content\/uploads\/2018\/04\/sead-sadikovic-696x469.jpg\" \/>\n\t<meta property=\"og:image:width\" content=\"696\" \/>\n\t<meta property=\"og:image:height\" content=\"469\" \/>\n\t<meta property=\"og:image:type\" content=\"image\/jpeg\" \/>\n<meta name=\"author\" content=\"Agencija\" \/>\n<meta name=\"twitter:card\" content=\"summary_large_image\" \/>\n<meta name=\"twitter:label1\" content=\"Written by\" \/>\n\t<meta name=\"twitter:data1\" content=\"Agencija\" \/>\n\t<meta name=\"twitter:label2\" content=\"Est. reading time\" \/>\n\t<meta name=\"twitter:data2\" content=\"2 minute\" \/>\n<script type=\"application\/ld+json\" class=\"yoast-schema-graph\">{\"@context\":\"https:\/\/schema.org\",\"@graph\":[{\"@type\":\"Article\",\"@id\":\"https:\/\/sandzakpress.net\/arhiva\/aktivirana-bomba-ispred-kuce-novinara-seada-sadikovica-ne-zna-se-ko-je-meta\/#article\",\"isPartOf\":{\"@id\":\"https:\/\/sandzakpress.net\/arhiva\/aktivirana-bomba-ispred-kuce-novinara-seada-sadikovica-ne-zna-se-ko-je-meta\/\"},\"author\":{\"name\":\"Agencija\",\"@id\":\"https:\/\/sandzakpress.net\/arhiva\/#\/schema\/person\/cb59d7e3ab91ab90dd680ad0305a6185\"},\"headline\":\"Aktivirana bomba ispred ku\u0107e novinara Seada Sadikovi\u0107a, ne zna se ko je meta\",\"datePublished\":\"2018-04-02T10:36:25+00:00\",\"mainEntityOfPage\":{\"@id\":\"https:\/\/sandzakpress.net\/arhiva\/aktivirana-bomba-ispred-kuce-novinara-seada-sadikovica-ne-zna-se-ko-je-meta\/\"},\"wordCount\":348,\"commentCount\":1,\"publisher\":{\"@id\":\"https:\/\/sandzakpress.net\/arhiva\/#\/schema\/person\/6e72b67d6e51910a1117b3b483ba20bd\"},\"image\":{\"@id\":\"https:\/\/sandzakpress.net\/arhiva\/aktivirana-bomba-ispred-kuce-novinara-seada-sadikovica-ne-zna-se-ko-je-meta\/#primaryimage\"},\"thumbnailUrl\":\"https:\/\/sandzakpress.net\/arhiva\/wp-content\/uploads\/2018\/04\/sead-sadikovic-696x469.jpg\",\"articleSection\":[\"Bijelo Polje\",\"Hronika\",\"VA\u017dNO!\"],\"inLanguage\":\"bs-BA\",\"potentialAction\":[{\"@type\":\"CommentAction\",\"name\":\"Comment\",\"target\":[\"https:\/\/sandzakpress.net\/arhiva\/aktivirana-bomba-ispred-kuce-novinara-seada-sadikovica-ne-zna-se-ko-je-meta\/#respond\"]}]},{\"@type\":\"WebPage\",\"@id\":\"https:\/\/sandzakpress.net\/arhiva\/aktivirana-bomba-ispred-kuce-novinara-seada-sadikovica-ne-zna-se-ko-je-meta\/\",\"url\":\"https:\/\/sandzakpress.net\/arhiva\/aktivirana-bomba-ispred-kuce-novinara-seada-sadikovica-ne-zna-se-ko-je-meta\/\",\"name\":\"Aktivirana bomba ispred ku\u0107e novinara Seada Sadikovi\u0107a, ne zna se ko je meta\",\"isPartOf\":{\"@id\":\"https:\/\/sandzakpress.net\/arhiva\/#website\"},\"primaryImageOfPage\":{\"@id\":\"https:\/\/sandzakpress.net\/arhiva\/aktivirana-bomba-ispred-kuce-novinara-seada-sadikovica-ne-zna-se-ko-je-meta\/#primaryimage\"},\"image\":{\"@id\":\"https:\/\/sandzakpress.net\/arhiva\/aktivirana-bomba-ispred-kuce-novinara-seada-sadikovica-ne-zna-se-ko-je-meta\/#primaryimage\"},\"thumbnailUrl\":\"https:\/\/sandzakpress.net\/arhiva\/wp-content\/uploads\/2018\/04\/sead-sadikovic-696x469.jpg\",\"datePublished\":\"2018-04-02T10:36:25+00:00\",\"breadcrumb\":{\"@id\":\"https:\/\/sandzakpress.net\/arhiva\/aktivirana-bomba-ispred-kuce-novinara-seada-sadikovica-ne-zna-se-ko-je-meta\/#breadcrumb\"},\"inLanguage\":\"bs-BA\",\"potentialAction\":[{\"@type\":\"ReadAction\",\"target\":[\"https:\/\/sandzakpress.net\/arhiva\/aktivirana-bomba-ispred-kuce-novinara-seada-sadikovica-ne-zna-se-ko-je-meta\/\"]}]},{\"@type\":\"ImageObject\",\"inLanguage\":\"bs-BA\",\"@id\":\"https:\/\/sandzakpress.net\/arhiva\/aktivirana-bomba-ispred-kuce-novinara-seada-sadikovica-ne-zna-se-ko-je-meta\/#primaryimage\",\"url\":\"https:\/\/sandzakpress.net\/arhiva\/wp-content\/uploads\/2018\/04\/sead-sadikovic-696x469.jpg\",\"contentUrl\":\"https:\/\/sandzakpress.net\/arhiva\/wp-content\/uploads\/2018\/04\/sead-sadikovic-696x469.jpg\",\"width\":696,\"height\":469},{\"@type\":\"BreadcrumbList\",\"@id\":\"https:\/\/sandzakpress.net\/arhiva\/aktivirana-bomba-ispred-kuce-novinara-seada-sadikovica-ne-zna-se-ko-je-meta\/#breadcrumb\",\"itemListElement\":[{\"@type\":\"ListItem\",\"position\":1,\"name\":\"Home\",\"item\":\"https:\/\/sandzakpress.net\/arhiva\/\"},{\"@type\":\"ListItem\",\"position\":2,\"name\":\"Aktivirana bomba ispred ku\u0107e novinara Seada Sadikovi\u0107a, ne zna se ko je meta\"}]},{\"@type\":\"WebSite\",\"@id\":\"https:\/\/sandzakpress.net\/arhiva\/#website\",\"url\":\"https:\/\/sandzakpress.net\/arhiva\/\",\"name\":\"Sand\u017eak PRESS\",\"description\":\"Prve elektronske novine u Sand\u017eaku\",\"publisher\":{\"@id\":\"https:\/\/sandzakpress.net\/arhiva\/#\/schema\/person\/6e72b67d6e51910a1117b3b483ba20bd\"},\"potentialAction\":[{\"@type\":\"SearchAction\",\"target\":{\"@type\":\"EntryPoint\",\"urlTemplate\":\"https:\/\/sandzakpress.net\/arhiva\/?s={search_term_string}\"},\"query-input\":{\"@type\":\"PropertyValueSpecification\",\"valueRequired\":true,\"valueName\":\"search_term_string\"}}],\"inLanguage\":\"bs-BA\"},{\"@type\":[\"Person\",\"Organization\"],\"@id\":\"https:\/\/sandzakpress.net\/arhiva\/#\/schema\/person\/6e72b67d6e51910a1117b3b483ba20bd\",\"name\":\"Kul\",\"image\":{\"@type\":\"ImageObject\",\"inLanguage\":\"bs-BA\",\"@id\":\"https:\/\/sandzakpress.net\/arhiva\/#\/schema\/person\/image\/\",\"url\":\"https:\/\/secure.gravatar.com\/avatar\/42263f39aa27ac04c43cab85c280eb2e?s=96&d=mm&r=pg\",\"contentUrl\":\"https:\/\/secure.gravatar.com\/avatar\/42263f39aa27ac04c43cab85c280eb2e?s=96&d=mm&r=pg\",\"caption\":\"Kul\"},\"logo\":{\"@id\":\"https:\/\/sandzakpress.net\/arhiva\/#\/schema\/person\/image\/\"}},{\"@type\":\"Person\",\"@id\":\"https:\/\/sandzakpress.net\/arhiva\/#\/schema\/person\/cb59d7e3ab91ab90dd680ad0305a6185\",\"name\":\"Agencija\",\"image\":{\"@type\":\"ImageObject\",\"inLanguage\":\"bs-BA\",\"@id\":\"https:\/\/sandzakpress.net\/arhiva\/#\/schema\/person\/image\/\",\"url\":\"https:\/\/secure.gravatar.com\/avatar\/4b7fafa80a22f0c2afe23966b3961fe0?s=96&d=mm&r=pg\",\"contentUrl\":\"https:\/\/secure.gravatar.com\/avatar\/4b7fafa80a22f0c2afe23966b3961fe0?s=96&d=mm&r=pg\",\"caption\":\"Agencija\"},\"url\":\"https:\/\/sandzakpress.net\/arhiva\/author\/agencija\/\"}]}<\/script>\n<!-- \/ Yoast SEO Premium plugin. -->","yoast_head_json":{"title":"Aktivirana bomba ispred ku\u0107e novinara Seada Sadikovi\u0107a, ne zna se ko je meta","robots":{"index":"index","follow":"follow","max-snippet":"max-snippet:-1","max-image-preview":"max-image-preview:large","max-video-preview":"max-video-preview:-1"},"canonical":"https:\/\/sandzakpress.net\/arhiva\/aktivirana-bomba-ispred-kuce-novinara-seada-sadikovica-ne-zna-se-ko-je-meta\/","og_locale":"bs_BA","og_type":"article","og_title":"Aktivirana bomba ispred ku\u0107e novinara Seada Sadikovi\u0107a, ne zna se ko je meta","og_description":"U Bijelom Polju sino\u0107 je aktivirana eksplozivna naprava ispred ku\u0107e novinara Seada Sadikovi\u0107a. U eksploziji, sre\u0107om, nije bilo \u017ertava, a bomba je ba\u010dena na mjesto gdje je bio parkiran automobil novinara. Policija utvr\u0111uje da li je meta bio Sadikovi\u0107 ili neko drugi, kao i motive ovog bomba\u0161kog napada. Tokom uvi\u0111aja prona\u0111en je osigura\u010d od bombe, [&hellip;]","og_url":"https:\/\/sandzakpress.net\/arhiva\/aktivirana-bomba-ispred-kuce-novinara-seada-sadikovica-ne-zna-se-ko-je-meta\/","og_site_name":"Sand\u017eak PRESS","article_published_time":"2018-04-02T10:36:25+00:00","og_image":[{"width":696,"height":469,"url":"https:\/\/sandzakpress.net\/arhiva\/wp-content\/uploads\/2018\/04\/sead-sadikovic-696x469.jpg","type":"image\/jpeg"}],"author":"Agencija","twitter_card":"summary_large_image","twitter_misc":{"Written by":"Agencija","Est. reading time":"2 minute"},"schema":{"@context":"https:\/\/schema.org","@graph":[{"@type":"Article","@id":"https:\/\/sandzakpress.net\/arhiva\/aktivirana-bomba-ispred-kuce-novinara-seada-sadikovica-ne-zna-se-ko-je-meta\/#article","isPartOf":{"@id":"https:\/\/sandzakpress.net\/arhiva\/aktivirana-bomba-ispred-kuce-novinara-seada-sadikovica-ne-zna-se-ko-je-meta\/"},"author":{"name":"Agencija","@id":"https:\/\/sandzakpress.net\/arhiva\/#\/schema\/person\/cb59d7e3ab91ab90dd680ad0305a6185"},"headline":"Aktivirana bomba ispred ku\u0107e novinara Seada Sadikovi\u0107a, ne zna se ko je meta","datePublished":"2018-04-02T10:36:25+00:00","mainEntityOfPage":{"@id":"https:\/\/sandzakpress.net\/arhiva\/aktivirana-bomba-ispred-kuce-novinara-seada-sadikovica-ne-zna-se-ko-je-meta\/"},"wordCount":348,"commentCount":1,"publisher":{"@id":"https:\/\/sandzakpress.net\/arhiva\/#\/schema\/person\/6e72b67d6e51910a1117b3b483ba20bd"},"image":{"@id":"https:\/\/sandzakpress.net\/arhiva\/aktivirana-bomba-ispred-kuce-novinara-seada-sadikovica-ne-zna-se-ko-je-meta\/#primaryimage"},"thumbnailUrl":"https:\/\/sandzakpress.net\/arhiva\/wp-content\/uploads\/2018\/04\/sead-sadikovic-696x469.jpg","articleSection":["Bijelo Polje","Hronika","VA\u017dNO!"],"inLanguage":"bs-BA","potentialAction":[{"@type":"CommentAction","name":"Comment","target":["https:\/\/sandzakpress.net\/arhiva\/aktivirana-bomba-ispred-kuce-novinara-seada-sadikovica-ne-zna-se-ko-je-meta\/#respond"]}]},{"@type":"WebPage","@id":"https:\/\/sandzakpress.net\/arhiva\/aktivirana-bomba-ispred-kuce-novinara-seada-sadikovica-ne-zna-se-ko-je-meta\/","url":"https:\/\/sandzakpress.net\/arhiva\/aktivirana-bomba-ispred-kuce-novinara-seada-sadikovica-ne-zna-se-ko-je-meta\/","name":"Aktivirana bomba ispred ku\u0107e novinara Seada Sadikovi\u0107a, ne zna se ko je meta","isPartOf":{"@id":"https:\/\/sandzakpress.net\/arhiva\/#website"},"primaryImageOfPage":{"@id":"https:\/\/sandzakpress.net\/arhiva\/aktivirana-bomba-ispred-kuce-novinara-seada-sadikovica-ne-zna-se-ko-je-meta\/#primaryimage"},"image":{"@id":"https:\/\/sandzakpress.net\/arhiva\/aktivirana-bomba-ispred-kuce-novinara-seada-sadikovica-ne-zna-se-ko-je-meta\/#primaryimage"},"thumbnailUrl":"https:\/\/sandzakpress.net\/arhiva\/wp-content\/uploads\/2018\/04\/sead-sadikovic-696x469.jpg","datePublished":"2018-04-02T10:36:25+00:00","breadcrumb":{"@id":"https:\/\/sandzakpress.net\/arhiva\/aktivirana-bomba-ispred-kuce-novinara-seada-sadikovica-ne-zna-se-ko-je-meta\/#breadcrumb"},"inLanguage":"bs-BA","potentialAction":[{"@type":"ReadAction","target":["https:\/\/sandzakpress.net\/arhiva\/aktivirana-bomba-ispred-kuce-novinara-seada-sadikovica-ne-zna-se-ko-je-meta\/"]}]},{"@type":"ImageObject","inLanguage":"bs-BA","@id":"https:\/\/sandzakpress.net\/arhiva\/aktivirana-bomba-ispred-kuce-novinara-seada-sadikovica-ne-zna-se-ko-je-meta\/#primaryimage","url":"https:\/\/sandzakpress.net\/arhiva\/wp-content\/uploads\/2018\/04\/sead-sadikovic-696x469.jpg","contentUrl":"https:\/\/sandzakpress.net\/arhiva\/wp-content\/uploads\/2018\/04\/sead-sadikovic-696x469.jpg","width":696,"height":469},{"@type":"BreadcrumbList","@id":"https:\/\/sandzakpress.net\/arhiva\/aktivirana-bomba-ispred-kuce-novinara-seada-sadikovica-ne-zna-se-ko-je-meta\/#breadcrumb","itemListElement":[{"@type":"ListItem","position":1,"name":"Home","item":"https:\/\/sandzakpress.net\/arhiva\/"},{"@type":"ListItem","position":2,"name":"Aktivirana bomba ispred ku\u0107e novinara Seada Sadikovi\u0107a, ne zna se ko je meta"}]},{"@type":"WebSite","@id":"https:\/\/sandzakpress.net\/arhiva\/#website","url":"https:\/\/sandzakpress.net\/arhiva\/","name":"Sand\u017eak PRESS","description":"Prve elektronske novine u Sand\u017eaku","publisher":{"@id":"https:\/\/sandzakpress.net\/arhiva\/#\/schema\/person\/6e72b67d6e51910a1117b3b483ba20bd"},"potentialAction":[{"@type":"SearchAction","target":{"@type":"EntryPoint","urlTemplate":"https:\/\/sandzakpress.net\/arhiva\/?s={search_term_string}"},"query-input":{"@type":"PropertyValueSpecification","valueRequired":true,"valueName":"search_term_string"}}],"inLanguage":"bs-BA"},{"@type":["Person","Organization"],"@id":"https:\/\/sandzakpress.net\/arhiva\/#\/schema\/person\/6e72b67d6e51910a1117b3b483ba20bd","name":"Kul","image":{"@type":"ImageObject","inLanguage":"bs-BA","@id":"https:\/\/sandzakpress.net\/arhiva\/#\/schema\/person\/image\/","url":"https:\/\/secure.gravatar.com\/avatar\/42263f39aa27ac04c43cab85c280eb2e?s=96&d=mm&r=pg","contentUrl":"https:\/\/secure.gravatar.com\/avatar\/42263f39aa27ac04c43cab85c280eb2e?s=96&d=mm&r=pg","caption":"Kul"},"logo":{"@id":"https:\/\/sandzakpress.net\/arhiva\/#\/schema\/person\/image\/"}},{"@type":"Person","@id":"https:\/\/sandzakpress.net\/arhiva\/#\/schema\/person\/cb59d7e3ab91ab90dd680ad0305a6185","name":"Agencija","image":{"@type":"ImageObject","inLanguage":"bs-BA","@id":"https:\/\/sandzakpress.net\/arhiva\/#\/schema\/person\/image\/","url":"https:\/\/secure.gravatar.com\/avatar\/4b7fafa80a22f0c2afe23966b3961fe0?s=96&d=mm&r=pg","contentUrl":"https:\/\/secure.gravatar.com\/avatar\/4b7fafa80a22f0c2afe23966b3961fe0?s=96&d=mm&r=pg","caption":"Agencija"},"url":"https:\/\/sandzakpress.net\/arhiva\/author\/agencija\/"}]}},"_links":{"self":[{"href":"https:\/\/sandzakpress.net\/arhiva\/wp-json\/wp\/v2\/posts\/204931"}],"collection":[{"href":"https:\/\/sandzakpress.net\/arhiva\/wp-json\/wp\/v2\/posts"}],"about":[{"href":"https:\/\/sandzakpress.net\/arhiva\/wp-json\/wp\/v2\/types\/post"}],"author":[{"embeddable":true,"href":"https:\/\/sandzakpress.net\/arhiva\/wp-json\/wp\/v2\/users\/509"}],"replies":[{"embeddable":true,"href":"https:\/\/sandzakpress.net\/arhiva\/wp-json\/wp\/v2\/comments?post=204931"}],"version-history":[{"count":0,"href":"https:\/\/sandzakpress.net\/arhiva\/wp-json\/wp\/v2\/posts\/204931\/revisions"}],"wp:featuredmedia":[{"embeddable":true,"href":"https:\/\/sandzakpress.net\/arhiva\/wp-json\/wp\/v2\/media\/204939"}],"wp:attachment":[{"href":"https:\/\/sandzakpress.net\/arhiva\/wp-json\/wp\/v2\/media?parent=204931"}],"wp:term":[{"taxonomy":"category","embeddable":true,"href":"https:\/\/sandzakpress.net\/arhiva\/wp-json\/wp\/v2\/categories?post=204931"},{"taxonomy":"post_tag","embeddable":true,"href":"https:\/\/sandzakpress.net\/arhiva\/wp-json\/wp\/v2\/tags?post=204931"}],"curies":[{"name":"wp","href":"https:\/\/api.w.org\/{rel}","templated":true}]}}