{"id":204930,"date":"2018-04-02T11:25:33","date_gmt":"2018-04-02T09:25:33","guid":{"rendered":"https:\/\/sandzakpress.net\/arhiva\/?p=204930"},"modified":"2018-04-02T12:25:48","modified_gmt":"2018-04-02T10:25:48","slug":"kalac-ljudsko-dostojanstvo-je-svetinja","status":"publish","type":"post","link":"https:\/\/sandzakpress.net\/arhiva\/kalac-ljudsko-dostojanstvo-je-svetinja\/","title":{"rendered":"Kala\u010d: Ljudsko dostojanstvo je svetinja!"},"content":{"rendered":"<div class=\"date_lead\">\n<p class=\"description\"><img decoding=\"async\" src=\"http:\/\/static.mondo.me\/Picture\/254340\/jpeg\/thumbs_b_c_f13b508662abc685a414e900bb07a831.jpg\" alt=\"Kala\u00c4\u008d za MONDO: Ljudsko dostojanstvo je svetinja!\" \/><\/p>\n<p class=\"description\"><strong>\u0160ta bi radio druga\u010dije od sada\u0161njeg predsjednika, da li njegov najve\u0107i konkurent ima vrlina, \u0161ta misli o Putinu, a \u0161ta o Trampu, rekao nam je kandidat za predsjednika Crne Gore Hazbija Kala\u010d.<\/strong><\/p>\n<\/div>\n<div class=\"image bigImage\"><strong>\u00a0<\/strong><\/p>\n<p>Predsjednik\u00a0<span class=\"st\">Stranke pravde i pomirenja (SPP),\u00a0koja je nedavno promijenila dugogodi\u0161nji naziv Bo\u0161nja\u010dka demokratska zajednica,\u00a0<\/span>Hazbija Kala\u010d<span class=\"st\">, prvi je Dr\u017eavnoj izbornoj komisiji (DIK) predao kandidaturu za\u00a0<\/span>predsjednika Crne Gore<span class=\"st\">. Iz SPP-a je tada saop\u0161teno da ova partija za predsjednika dr\u017eave nudi &#8220;\u010dovjeka koji te\u017ei istini i pravdi&#8221;, dok je Kala\u010d, nakon \u0161to mu je potvr\u0111ena kandidatura, rekao da vjeruje u tezu\u00a0<strong>multietni\u010dnosti Crne Gore, imaju\u0107i u vidu da su, kako je rekao, manjinski narodi dali veliki doprinos u stvaranju \u201cCrne Gore ovakve kakva jeste\u201d.<\/strong><\/p>\n<p>Predizborni slogan lidera SPP-a glasi\u00a0<strong>&#8220;Tvoj je izbor!&#8221;<\/strong>, a na glasa\u010dkim listi\u0107ima bi\u0107e pod rednim brojem tri.\u00a0<\/p>\n<p><\/span>\u0160ta Vas \u010dini druga\u010dijim od ostalih kandidata? Za\u0161to ba\u0161 Vi zaslu\u017eujete da gra\u0111ani glasaju za vas?<\/p>\n<p><strong>&#8220;Gra\u0111ani su isprobali ove &#8216;elitisti\u010dke&#8217;, predsjednike, i, siguran sam, zasitili se tog, kvazi elitizma. Predsjednik ne smije biti \u010dovjek koji je zaboravio kako to izgleda kada ne mo\u017eete izmiriti sve mjese\u010dne obaveze, platiti ra\u010dun za struju, za telefon&#8230; Neko \u0107e mo\u017eda re\u0107i &#8211; ni siromah. Pa, vidite, ne znam da li je danas ve\u0107i siromah onaj koji \u017eivi \u010dasno od svog rada, \u010desto i sa kojim nepla\u0107enim ra\u010dunom, ili onaj koji svoju dru\u0161tvenu poziciju u korupcijskim izborima, kupuje prljavim novcem. Ako bih za sebe istakao neku posebnost, istakao bih izra\u017een poriv da budem pravedan, da dam doprinos da se zadovolji pravda u svim situacijama u kojima sam glavni ili pak sporedni akter&#8221;<\/strong>, rekao je Kala\u010d za\u00a0<strong>MONDO<\/strong>.<\/p>\n<p>Koga smatrate najve\u0107im konkurentom? I da li biste mogli da izdvojite najve\u0107u vrlinu protivkandidata?<strong><\/p>\n<p><\/strong><\/p>\n<p><strong>&#8220;Ovi izbori \u0107e biti zapam\u0107eni po sedmorci, gdje se svih \u0161estoro prvih bore protiv posljednjeg, sedmog. Nisam sklon nekom pretjeranom simbolimu ali svakako da broj sedam nije obi\u010dan broj. Sedam gladnih godina se naslje\u0111uje erom od sedam sitih godina &#8211; prema jednoj od poruka iz Svetih Knjiga. Mo\u017eda je ovo signal da se u simboli\u010dkom smislu upravo sa brojem sedam zavr\u0161ava era tih sedam gladnih godina i da dolazi novo vrijeme&#8221;<\/strong>, rekao je Kala\u010d i dodao da vjeruje da svaki \u010dovjek ima neku vrlinu.<\/p>\n<p><strong>&#8220;Vjerujem da i protivkandidat iz ere sedam gladnih godina, ima nekih vrlina, i nadam se da ima snage da jednog dana shvati da je svaki \u010dovjek vrijedan koliko \u010dovje\u010danstvo, i da je ljudski \u017eivot i ljudsko dostojanstvo najve\u0107a svetinja&#8221;.<\/p>\n<p><\/strong><\/p>\n<p>\u0160ta bi ste radili druga\u010dije u odnosu na sada\u0161njeg predsjednika?<\/p>\n<p><strong>&#8220;Radio bih svoj posao definiran Ustavom Crne Gore. Prekinuo bih stogodi\u0161nju tradiciju netransparentnosti, vela tajnosti, kojom se ova funkcija dr\u017ei visoko od doma\u0161aja obi\u010dnog \u010dovjeka. Ovu va\u017enu dr\u017eavnu funkciju bih i\u0161\u010dupao iz ruku elita ili bolje re\u0107i kvazi-elita i vratio je narodu&#8221;<\/strong>, saop\u0161tio je lider SPP-a.<\/p>\n<p>Da ste sada mla\u0111i, pripadnik mla\u0111e generacije, \u0161ta biste voljeli da \u010dujete od onih koji vode dr\u017eavu?<\/p>\n<p><strong>&#8220;Da me niko i nikada ne ucijeni za posao, da me ne u\u010de da je politika umije\u0107e la\u017ei, da me ne treniraju podani\u0161tvu i poltronstvu, da me ne u\u010de korupcijskim menad\u017eerstvom i to mi prikazuju umije\u0107em i ekspertskim znanjem. Da me ostave na miru da kao slobodan \u010dovjek volim \u0161ta volim&#8230; da mogu slobodno da \u010ditam, slobodno pi\u0161em, pjevam, slikam, da se dru\u017eim da slobodno po svijetu putujem&#8221;<\/strong><\/p>\n<p>Kako vidite Crnu Goru za 5 godina?<\/p>\n<p><strong>&#8220;\u017delim da je vidim kao slobodnu zemlju, zemlju slobodnih ljudi, koji vole ljude bez ikakvih predrasuda, vole svoje prijatelje, svoje kom\u0161ije, i koji su zadovoljni \u017eivotom u svojoj zemlji i da im ne pada na pamet da iz nje ikada odu&#8221;,<\/strong>\u00a0ka\u017ee Kala\u010d.<\/p>\n<p>Da mo\u017eete da birate koji biste svjetski lider bili?<\/p>\n<p><strong>&#8220;Ovo pitanje se ipak odnosi na pro\u0161lost jer o drugima uvijek sudimo iz njihove pro\u0161losti, bli\u017ee ili dalje. Pro\u0161lost se u nas uvijek uliva uzorno preko mnogo likova, i skoro je nemogu\u0107e izdvojiti samo jednog. Ne bih mogao odbaciti ni odre\u0107i se uzornosti ni na vremenskoj crti dalekog Sokrata, koji je istinu definirao ne\u010dim \u0161to je isto za svakog, Aleksandra Makedonskog, koji je prema jednoj anegdoti prosuo vr\u010d vode jer je za njega toliko vode bilo mnogo a za i njega i njegovu vojsku, malo. Zatim Salahudina Ejubbija, koji je prije bitke, upitan \u0161ta mu zna\u010di Jerusalem, rekao: &#8216;zna\u010di mi sve i ne zna\u010di mi ni\u0161ta&#8217;. Naravno, nikako se ne mo\u017ee kao uzor izbje\u0107i veliki Napoleon Bonaparta ali ni Mahatma Gandhi, kao ni Martin Luther King, koji impresionira jednostavno\u0161\u0107u poruke: &#8216;odlu\u010dio sam da se dr\u017eim ljubavi. Mr\u017enja je veliki teret za nositi&#8217;. Od svih njih, ali i drugih, mislilaca, knji\u017eevnika, dr\u017eavnika, vu\u010de se po neka va\u017ena pouka koja determini\u0161e moje politi\u010dko bi\u0107e&#8221;.<\/strong><\/p>\n<p>\u0160ta mislite o Trampu? A \u0161ta o Putinu?<\/p>\n<p><strong>&#8220;Tramp ima strogi institucionalni nadzor nad svije\u0161\u0107u i savje\u0161\u0107u svoga slobodnog naroda, a Putin ima punomo\u0107 nad neslobodnom svijesti i savjesti svoga naroda&#8221;<\/strong>, zaklju\u010dio je Kala\u010d.<\/p>\n<p>&nbsp;<\/p>\n<p>izvor: Mondo.me<\/p>\n<\/div>\n","protected":false},"excerpt":{"rendered":"<p>\u0160ta bi radio druga\u010dije od sada\u0161njeg predsjednika, da li njegov najve\u0107i konkurent ima vrlina, \u0161ta misli o Putinu, a \u0161ta o Trampu, rekao nam je kandidat za predsjednika Crne Gore Hazbija Kala\u010d. \u00a0 Predsjednik\u00a0Stranke pravde i pomirenja (SPP),\u00a0koja je nedavno promijenila dugogodi\u0161nji naziv Bo\u0161nja\u010dka demokratska zajednica,\u00a0Hazbija Kala\u010d, prvi je Dr\u017eavnoj izbornoj komisiji (DIK) predao kandidaturu [&hellip;]<\/p>\n","protected":false},"author":509,"featured_media":204937,"comment_status":"open","ping_status":"open","sticky":false,"template":"","format":"standard","meta":{"footnotes":""},"categories":[398,397,1,10174,10308,396,395,399,10173,8957],"tags":[],"class_list":{"0":"post-204930","1":"post","2":"type-post","3":"status-publish","4":"format-standard","5":"has-post-thumbnail","7":"category-rozaje","8":"category-berane","9":"category-politika","10":"category-petnjica-vase-vijesti","11":"category-crna-gora","12":"category-bijelo_polje","13":"category-pljevlja_","14":"category-plav_","15":"category-gusinje-vase-vijesti","16":"category-vijesti-dana"},"yoast_head":"<!-- This site is optimized with the Yoast SEO Premium plugin v23.1 (Yoast SEO v24.9) - https:\/\/yoast.com\/wordpress\/plugins\/seo\/ -->\n<title>Kala\u010d: Ljudsko dostojanstvo je svetinja!<\/title>\n<meta name=\"robots\" content=\"index, follow, max-snippet:-1, max-image-preview:large, max-video-preview:-1\" \/>\n<link rel=\"canonical\" href=\"https:\/\/sandzakpress.net\/arhiva\/kalac-ljudsko-dostojanstvo-je-svetinja\/\" \/>\n<meta property=\"og:locale\" content=\"bs_BA\" \/>\n<meta property=\"og:type\" content=\"article\" \/>\n<meta property=\"og:title\" content=\"Kala\u010d: Ljudsko dostojanstvo je svetinja!\" \/>\n<meta property=\"og:description\" content=\"\u0160ta bi radio druga\u010dije od sada\u0161njeg predsjednika, da li njegov najve\u0107i konkurent ima vrlina, \u0161ta misli o Putinu, a \u0161ta o Trampu, rekao nam je kandidat za predsjednika Crne Gore Hazbija Kala\u010d. \u00a0 Predsjednik\u00a0Stranke pravde i pomirenja (SPP),\u00a0koja je nedavno promijenila dugogodi\u0161nji naziv Bo\u0161nja\u010dka demokratska zajednica,\u00a0Hazbija Kala\u010d, prvi je Dr\u017eavnoj izbornoj komisiji (DIK) predao kandidaturu [&hellip;]\" \/>\n<meta property=\"og:url\" content=\"https:\/\/sandzakpress.net\/arhiva\/kalac-ljudsko-dostojanstvo-je-svetinja\/\" \/>\n<meta property=\"og:site_name\" content=\"Sand\u017eak PRESS\" \/>\n<meta property=\"article:published_time\" content=\"2018-04-02T09:25:33+00:00\" \/>\n<meta property=\"article:modified_time\" content=\"2018-04-02T10:25:48+00:00\" \/>\n<meta property=\"og:image\" content=\"https:\/\/sandzakpress.net\/arhiva\/wp-content\/uploads\/2018\/04\/thumbs_b_c_f13b508662abc685a414e900bb07a831.jpg\" \/>\n\t<meta property=\"og:image:width\" content=\"940\" \/>\n\t<meta property=\"og:image:height\" content=\"529\" \/>\n\t<meta property=\"og:image:type\" content=\"image\/jpeg\" \/>\n<meta name=\"author\" content=\"Agencija\" \/>\n<meta name=\"twitter:card\" content=\"summary_large_image\" \/>\n<meta name=\"twitter:label1\" content=\"Written by\" \/>\n\t<meta name=\"twitter:data1\" content=\"Agencija\" \/>\n\t<meta name=\"twitter:label2\" content=\"Est. reading time\" \/>\n\t<meta name=\"twitter:data2\" content=\"4 minute\" \/>\n<script type=\"application\/ld+json\" class=\"yoast-schema-graph\">{\"@context\":\"https:\/\/schema.org\",\"@graph\":[{\"@type\":\"Article\",\"@id\":\"https:\/\/sandzakpress.net\/arhiva\/kalac-ljudsko-dostojanstvo-je-svetinja\/#article\",\"isPartOf\":{\"@id\":\"https:\/\/sandzakpress.net\/arhiva\/kalac-ljudsko-dostojanstvo-je-svetinja\/\"},\"author\":{\"name\":\"Agencija\",\"@id\":\"https:\/\/sandzakpress.net\/arhiva\/#\/schema\/person\/cb59d7e3ab91ab90dd680ad0305a6185\"},\"headline\":\"Kala\u010d: Ljudsko dostojanstvo je svetinja!\",\"datePublished\":\"2018-04-02T09:25:33+00:00\",\"dateModified\":\"2018-04-02T10:25:48+00:00\",\"mainEntityOfPage\":{\"@id\":\"https:\/\/sandzakpress.net\/arhiva\/kalac-ljudsko-dostojanstvo-je-svetinja\/\"},\"wordCount\":902,\"commentCount\":0,\"publisher\":{\"@id\":\"https:\/\/sandzakpress.net\/arhiva\/#\/schema\/person\/6e72b67d6e51910a1117b3b483ba20bd\"},\"image\":{\"@id\":\"https:\/\/sandzakpress.net\/arhiva\/kalac-ljudsko-dostojanstvo-je-svetinja\/#primaryimage\"},\"thumbnailUrl\":\"https:\/\/sandzakpress.net\/arhiva\/wp-content\/uploads\/2018\/04\/thumbs_b_c_f13b508662abc685a414e900bb07a831.jpg\",\"articleSection\":[\"Ro\u017eaje\",\"Berane\",\"Politika\",\"Petnjica\",\"Crna Gora\",\"Bijelo Polje\",\"Pljevlja\",\"Plav\",\"Gusinje\",\"VIJESTI DANA\"],\"inLanguage\":\"bs-BA\",\"potentialAction\":[{\"@type\":\"CommentAction\",\"name\":\"Comment\",\"target\":[\"https:\/\/sandzakpress.net\/arhiva\/kalac-ljudsko-dostojanstvo-je-svetinja\/#respond\"]}]},{\"@type\":\"WebPage\",\"@id\":\"https:\/\/sandzakpress.net\/arhiva\/kalac-ljudsko-dostojanstvo-je-svetinja\/\",\"url\":\"https:\/\/sandzakpress.net\/arhiva\/kalac-ljudsko-dostojanstvo-je-svetinja\/\",\"name\":\"Kala\u010d: Ljudsko dostojanstvo je svetinja!\",\"isPartOf\":{\"@id\":\"https:\/\/sandzakpress.net\/arhiva\/#website\"},\"primaryImageOfPage\":{\"@id\":\"https:\/\/sandzakpress.net\/arhiva\/kalac-ljudsko-dostojanstvo-je-svetinja\/#primaryimage\"},\"image\":{\"@id\":\"https:\/\/sandzakpress.net\/arhiva\/kalac-ljudsko-dostojanstvo-je-svetinja\/#primaryimage\"},\"thumbnailUrl\":\"https:\/\/sandzakpress.net\/arhiva\/wp-content\/uploads\/2018\/04\/thumbs_b_c_f13b508662abc685a414e900bb07a831.jpg\",\"datePublished\":\"2018-04-02T09:25:33+00:00\",\"dateModified\":\"2018-04-02T10:25:48+00:00\",\"breadcrumb\":{\"@id\":\"https:\/\/sandzakpress.net\/arhiva\/kalac-ljudsko-dostojanstvo-je-svetinja\/#breadcrumb\"},\"inLanguage\":\"bs-BA\",\"potentialAction\":[{\"@type\":\"ReadAction\",\"target\":[\"https:\/\/sandzakpress.net\/arhiva\/kalac-ljudsko-dostojanstvo-je-svetinja\/\"]}]},{\"@type\":\"ImageObject\",\"inLanguage\":\"bs-BA\",\"@id\":\"https:\/\/sandzakpress.net\/arhiva\/kalac-ljudsko-dostojanstvo-je-svetinja\/#primaryimage\",\"url\":\"https:\/\/sandzakpress.net\/arhiva\/wp-content\/uploads\/2018\/04\/thumbs_b_c_f13b508662abc685a414e900bb07a831.jpg\",\"contentUrl\":\"https:\/\/sandzakpress.net\/arhiva\/wp-content\/uploads\/2018\/04\/thumbs_b_c_f13b508662abc685a414e900bb07a831.jpg\",\"width\":940,\"height\":529},{\"@type\":\"BreadcrumbList\",\"@id\":\"https:\/\/sandzakpress.net\/arhiva\/kalac-ljudsko-dostojanstvo-je-svetinja\/#breadcrumb\",\"itemListElement\":[{\"@type\":\"ListItem\",\"position\":1,\"name\":\"Home\",\"item\":\"https:\/\/sandzakpress.net\/arhiva\/\"},{\"@type\":\"ListItem\",\"position\":2,\"name\":\"Kala\u010d: Ljudsko dostojanstvo je svetinja!\"}]},{\"@type\":\"WebSite\",\"@id\":\"https:\/\/sandzakpress.net\/arhiva\/#website\",\"url\":\"https:\/\/sandzakpress.net\/arhiva\/\",\"name\":\"Sand\u017eak PRESS\",\"description\":\"Prve elektronske novine u Sand\u017eaku\",\"publisher\":{\"@id\":\"https:\/\/sandzakpress.net\/arhiva\/#\/schema\/person\/6e72b67d6e51910a1117b3b483ba20bd\"},\"potentialAction\":[{\"@type\":\"SearchAction\",\"target\":{\"@type\":\"EntryPoint\",\"urlTemplate\":\"https:\/\/sandzakpress.net\/arhiva\/?s={search_term_string}\"},\"query-input\":{\"@type\":\"PropertyValueSpecification\",\"valueRequired\":true,\"valueName\":\"search_term_string\"}}],\"inLanguage\":\"bs-BA\"},{\"@type\":[\"Person\",\"Organization\"],\"@id\":\"https:\/\/sandzakpress.net\/arhiva\/#\/schema\/person\/6e72b67d6e51910a1117b3b483ba20bd\",\"name\":\"Kul\",\"image\":{\"@type\":\"ImageObject\",\"inLanguage\":\"bs-BA\",\"@id\":\"https:\/\/sandzakpress.net\/arhiva\/#\/schema\/person\/image\/\",\"url\":\"https:\/\/secure.gravatar.com\/avatar\/42263f39aa27ac04c43cab85c280eb2e?s=96&d=mm&r=pg\",\"contentUrl\":\"https:\/\/secure.gravatar.com\/avatar\/42263f39aa27ac04c43cab85c280eb2e?s=96&d=mm&r=pg\",\"caption\":\"Kul\"},\"logo\":{\"@id\":\"https:\/\/sandzakpress.net\/arhiva\/#\/schema\/person\/image\/\"}},{\"@type\":\"Person\",\"@id\":\"https:\/\/sandzakpress.net\/arhiva\/#\/schema\/person\/cb59d7e3ab91ab90dd680ad0305a6185\",\"name\":\"Agencija\",\"image\":{\"@type\":\"ImageObject\",\"inLanguage\":\"bs-BA\",\"@id\":\"https:\/\/sandzakpress.net\/arhiva\/#\/schema\/person\/image\/\",\"url\":\"https:\/\/secure.gravatar.com\/avatar\/4b7fafa80a22f0c2afe23966b3961fe0?s=96&d=mm&r=pg\",\"contentUrl\":\"https:\/\/secure.gravatar.com\/avatar\/4b7fafa80a22f0c2afe23966b3961fe0?s=96&d=mm&r=pg\",\"caption\":\"Agencija\"},\"url\":\"https:\/\/sandzakpress.net\/arhiva\/author\/agencija\/\"}]}<\/script>\n<!-- \/ Yoast SEO Premium plugin. -->","yoast_head_json":{"title":"Kala\u010d: Ljudsko dostojanstvo je svetinja!","robots":{"index":"index","follow":"follow","max-snippet":"max-snippet:-1","max-image-preview":"max-image-preview:large","max-video-preview":"max-video-preview:-1"},"canonical":"https:\/\/sandzakpress.net\/arhiva\/kalac-ljudsko-dostojanstvo-je-svetinja\/","og_locale":"bs_BA","og_type":"article","og_title":"Kala\u010d: Ljudsko dostojanstvo je svetinja!","og_description":"\u0160ta bi radio druga\u010dije od sada\u0161njeg predsjednika, da li njegov najve\u0107i konkurent ima vrlina, \u0161ta misli o Putinu, a \u0161ta o Trampu, rekao nam je kandidat za predsjednika Crne Gore Hazbija Kala\u010d. \u00a0 Predsjednik\u00a0Stranke pravde i pomirenja (SPP),\u00a0koja je nedavno promijenila dugogodi\u0161nji naziv Bo\u0161nja\u010dka demokratska zajednica,\u00a0Hazbija Kala\u010d, prvi je Dr\u017eavnoj izbornoj komisiji (DIK) predao kandidaturu [&hellip;]","og_url":"https:\/\/sandzakpress.net\/arhiva\/kalac-ljudsko-dostojanstvo-je-svetinja\/","og_site_name":"Sand\u017eak PRESS","article_published_time":"2018-04-02T09:25:33+00:00","article_modified_time":"2018-04-02T10:25:48+00:00","og_image":[{"width":940,"height":529,"url":"https:\/\/sandzakpress.net\/arhiva\/wp-content\/uploads\/2018\/04\/thumbs_b_c_f13b508662abc685a414e900bb07a831.jpg","type":"image\/jpeg"}],"author":"Agencija","twitter_card":"summary_large_image","twitter_misc":{"Written by":"Agencija","Est. reading time":"4 minute"},"schema":{"@context":"https:\/\/schema.org","@graph":[{"@type":"Article","@id":"https:\/\/sandzakpress.net\/arhiva\/kalac-ljudsko-dostojanstvo-je-svetinja\/#article","isPartOf":{"@id":"https:\/\/sandzakpress.net\/arhiva\/kalac-ljudsko-dostojanstvo-je-svetinja\/"},"author":{"name":"Agencija","@id":"https:\/\/sandzakpress.net\/arhiva\/#\/schema\/person\/cb59d7e3ab91ab90dd680ad0305a6185"},"headline":"Kala\u010d: Ljudsko dostojanstvo je svetinja!","datePublished":"2018-04-02T09:25:33+00:00","dateModified":"2018-04-02T10:25:48+00:00","mainEntityOfPage":{"@id":"https:\/\/sandzakpress.net\/arhiva\/kalac-ljudsko-dostojanstvo-je-svetinja\/"},"wordCount":902,"commentCount":0,"publisher":{"@id":"https:\/\/sandzakpress.net\/arhiva\/#\/schema\/person\/6e72b67d6e51910a1117b3b483ba20bd"},"image":{"@id":"https:\/\/sandzakpress.net\/arhiva\/kalac-ljudsko-dostojanstvo-je-svetinja\/#primaryimage"},"thumbnailUrl":"https:\/\/sandzakpress.net\/arhiva\/wp-content\/uploads\/2018\/04\/thumbs_b_c_f13b508662abc685a414e900bb07a831.jpg","articleSection":["Ro\u017eaje","Berane","Politika","Petnjica","Crna Gora","Bijelo Polje","Pljevlja","Plav","Gusinje","VIJESTI DANA"],"inLanguage":"bs-BA","potentialAction":[{"@type":"CommentAction","name":"Comment","target":["https:\/\/sandzakpress.net\/arhiva\/kalac-ljudsko-dostojanstvo-je-svetinja\/#respond"]}]},{"@type":"WebPage","@id":"https:\/\/sandzakpress.net\/arhiva\/kalac-ljudsko-dostojanstvo-je-svetinja\/","url":"https:\/\/sandzakpress.net\/arhiva\/kalac-ljudsko-dostojanstvo-je-svetinja\/","name":"Kala\u010d: Ljudsko dostojanstvo je svetinja!","isPartOf":{"@id":"https:\/\/sandzakpress.net\/arhiva\/#website"},"primaryImageOfPage":{"@id":"https:\/\/sandzakpress.net\/arhiva\/kalac-ljudsko-dostojanstvo-je-svetinja\/#primaryimage"},"image":{"@id":"https:\/\/sandzakpress.net\/arhiva\/kalac-ljudsko-dostojanstvo-je-svetinja\/#primaryimage"},"thumbnailUrl":"https:\/\/sandzakpress.net\/arhiva\/wp-content\/uploads\/2018\/04\/thumbs_b_c_f13b508662abc685a414e900bb07a831.jpg","datePublished":"2018-04-02T09:25:33+00:00","dateModified":"2018-04-02T10:25:48+00:00","breadcrumb":{"@id":"https:\/\/sandzakpress.net\/arhiva\/kalac-ljudsko-dostojanstvo-je-svetinja\/#breadcrumb"},"inLanguage":"bs-BA","potentialAction":[{"@type":"ReadAction","target":["https:\/\/sandzakpress.net\/arhiva\/kalac-ljudsko-dostojanstvo-je-svetinja\/"]}]},{"@type":"ImageObject","inLanguage":"bs-BA","@id":"https:\/\/sandzakpress.net\/arhiva\/kalac-ljudsko-dostojanstvo-je-svetinja\/#primaryimage","url":"https:\/\/sandzakpress.net\/arhiva\/wp-content\/uploads\/2018\/04\/thumbs_b_c_f13b508662abc685a414e900bb07a831.jpg","contentUrl":"https:\/\/sandzakpress.net\/arhiva\/wp-content\/uploads\/2018\/04\/thumbs_b_c_f13b508662abc685a414e900bb07a831.jpg","width":940,"height":529},{"@type":"BreadcrumbList","@id":"https:\/\/sandzakpress.net\/arhiva\/kalac-ljudsko-dostojanstvo-je-svetinja\/#breadcrumb","itemListElement":[{"@type":"ListItem","position":1,"name":"Home","item":"https:\/\/sandzakpress.net\/arhiva\/"},{"@type":"ListItem","position":2,"name":"Kala\u010d: Ljudsko dostojanstvo je svetinja!"}]},{"@type":"WebSite","@id":"https:\/\/sandzakpress.net\/arhiva\/#website","url":"https:\/\/sandzakpress.net\/arhiva\/","name":"Sand\u017eak PRESS","description":"Prve elektronske novine u Sand\u017eaku","publisher":{"@id":"https:\/\/sandzakpress.net\/arhiva\/#\/schema\/person\/6e72b67d6e51910a1117b3b483ba20bd"},"potentialAction":[{"@type":"SearchAction","target":{"@type":"EntryPoint","urlTemplate":"https:\/\/sandzakpress.net\/arhiva\/?s={search_term_string}"},"query-input":{"@type":"PropertyValueSpecification","valueRequired":true,"valueName":"search_term_string"}}],"inLanguage":"bs-BA"},{"@type":["Person","Organization"],"@id":"https:\/\/sandzakpress.net\/arhiva\/#\/schema\/person\/6e72b67d6e51910a1117b3b483ba20bd","name":"Kul","image":{"@type":"ImageObject","inLanguage":"bs-BA","@id":"https:\/\/sandzakpress.net\/arhiva\/#\/schema\/person\/image\/","url":"https:\/\/secure.gravatar.com\/avatar\/42263f39aa27ac04c43cab85c280eb2e?s=96&d=mm&r=pg","contentUrl":"https:\/\/secure.gravatar.com\/avatar\/42263f39aa27ac04c43cab85c280eb2e?s=96&d=mm&r=pg","caption":"Kul"},"logo":{"@id":"https:\/\/sandzakpress.net\/arhiva\/#\/schema\/person\/image\/"}},{"@type":"Person","@id":"https:\/\/sandzakpress.net\/arhiva\/#\/schema\/person\/cb59d7e3ab91ab90dd680ad0305a6185","name":"Agencija","image":{"@type":"ImageObject","inLanguage":"bs-BA","@id":"https:\/\/sandzakpress.net\/arhiva\/#\/schema\/person\/image\/","url":"https:\/\/secure.gravatar.com\/avatar\/4b7fafa80a22f0c2afe23966b3961fe0?s=96&d=mm&r=pg","contentUrl":"https:\/\/secure.gravatar.com\/avatar\/4b7fafa80a22f0c2afe23966b3961fe0?s=96&d=mm&r=pg","caption":"Agencija"},"url":"https:\/\/sandzakpress.net\/arhiva\/author\/agencija\/"}]}},"_links":{"self":[{"href":"https:\/\/sandzakpress.net\/arhiva\/wp-json\/wp\/v2\/posts\/204930"}],"collection":[{"href":"https:\/\/sandzakpress.net\/arhiva\/wp-json\/wp\/v2\/posts"}],"about":[{"href":"https:\/\/sandzakpress.net\/arhiva\/wp-json\/wp\/v2\/types\/post"}],"author":[{"embeddable":true,"href":"https:\/\/sandzakpress.net\/arhiva\/wp-json\/wp\/v2\/users\/509"}],"replies":[{"embeddable":true,"href":"https:\/\/sandzakpress.net\/arhiva\/wp-json\/wp\/v2\/comments?post=204930"}],"version-history":[{"count":0,"href":"https:\/\/sandzakpress.net\/arhiva\/wp-json\/wp\/v2\/posts\/204930\/revisions"}],"wp:featuredmedia":[{"embeddable":true,"href":"https:\/\/sandzakpress.net\/arhiva\/wp-json\/wp\/v2\/media\/204937"}],"wp:attachment":[{"href":"https:\/\/sandzakpress.net\/arhiva\/wp-json\/wp\/v2\/media?parent=204930"}],"wp:term":[{"taxonomy":"category","embeddable":true,"href":"https:\/\/sandzakpress.net\/arhiva\/wp-json\/wp\/v2\/categories?post=204930"},{"taxonomy":"post_tag","embeddable":true,"href":"https:\/\/sandzakpress.net\/arhiva\/wp-json\/wp\/v2\/tags?post=204930"}],"curies":[{"name":"wp","href":"https:\/\/api.w.org\/{rel}","templated":true}]}}