{"id":204732,"date":"2018-03-29T12:18:20","date_gmt":"2018-03-29T10:18:20","guid":{"rendered":"https:\/\/sandzakpress.net\/arhiva\/?p=204732"},"modified":"2018-03-29T12:18:20","modified_gmt":"2018-03-29T10:18:20","slug":"muhovic-u-bordu-direktora-zeljeznice","status":"publish","type":"post","link":"https:\/\/sandzakpress.net\/arhiva\/muhovic-u-bordu-direktora-zeljeznice\/","title":{"rendered":"Muhovi\u0107 u bordu direktora \u017eeljeznice"},"content":{"rendered":"<p><img decoding=\"async\" src=\"http:\/\/www.sandzacke.rs\/wp-content\/uploads\/2018\/03\/adnan-muhovic-2-696x469.jpg\" \/><\/p>\n<p><strong>Vlada je predlo\u017eila Skup\u0161tini akcionara AD Odr\u017eavanje \u017eeljezni\u010dkih voznih sredstava iz Podgorice da Adnan Muhovi\u0107, kadar Bo\u0161nja\u010dke stranke, bude \u010dlan borda direktora kao predstavnik dr\u017eavnog kapitala.<\/strong><\/p>\n<p>Muhovi\u0107 je predlo\u017een na inicijativu ministra saobra\u0107aja i pomorstva Osmana Nurkovi\u0107a, tako\u0111er funkcionera Bo\u0161nja\u010dke stranke.<\/p>\n<p>Rje\u0161enje o predlaganju Muhovi\u0107a donio je ministar unutra\u0161njih poslova Mevludin Nuhod\u017ei\u0107 (DPS), kao\u00a0predsjednik Komisije za administrativna i kadrovska pitanja Vlade Crne Gore, 22. marta ove godine.<\/p>\n<p>(Dan)<\/p>\n","protected":false},"excerpt":{"rendered":"<p>Vlada je predlo\u017eila Skup\u0161tini akcionara AD Odr\u017eavanje \u017eeljezni\u010dkih voznih sredstava iz Podgorice da Adnan Muhovi\u0107, kadar Bo\u0161nja\u010dke stranke, bude \u010dlan borda direktora kao predstavnik dr\u017eavnog kapitala. Muhovi\u0107 je predlo\u017een na inicijativu ministra saobra\u0107aja i pomorstva Osmana Nurkovi\u0107a, tako\u0111er funkcionera Bo\u0161nja\u010dke stranke. Rje\u0161enje o predlaganju Muhovi\u0107a donio je ministar unutra\u0161njih poslova Mevludin Nuhod\u017ei\u0107 (DPS), kao\u00a0predsjednik Komisije [&hellip;]<\/p>\n","protected":false},"author":509,"featured_media":204737,"comment_status":"open","ping_status":"open","sticky":false,"template":"","format":"standard","meta":{"footnotes":""},"categories":[398,1,397,10174,396,395,399,10173],"tags":[],"class_list":{"0":"post-204732","1":"post","2":"type-post","3":"status-publish","4":"format-standard","5":"has-post-thumbnail","7":"category-rozaje","8":"category-politika","9":"category-berane","10":"category-petnjica-vase-vijesti","11":"category-bijelo_polje","12":"category-pljevlja_","13":"category-plav_","14":"category-gusinje-vase-vijesti"},"yoast_head":"<!-- This site is optimized with the Yoast SEO Premium plugin v23.1 (Yoast SEO v24.9) - https:\/\/yoast.com\/wordpress\/plugins\/seo\/ -->\n<title>Muhovi\u0107 u bordu direktora \u017eeljeznice<\/title>\n<meta name=\"robots\" content=\"index, follow, max-snippet:-1, max-image-preview:large, max-video-preview:-1\" \/>\n<link rel=\"canonical\" href=\"https:\/\/sandzakpress.net\/arhiva\/muhovic-u-bordu-direktora-zeljeznice\/\" \/>\n<meta property=\"og:locale\" content=\"bs_BA\" \/>\n<meta property=\"og:type\" content=\"article\" \/>\n<meta property=\"og:title\" content=\"Muhovi\u0107 u bordu direktora \u017eeljeznice\" \/>\n<meta property=\"og:description\" content=\"Vlada je predlo\u017eila Skup\u0161tini akcionara AD Odr\u017eavanje \u017eeljezni\u010dkih voznih sredstava iz Podgorice da Adnan Muhovi\u0107, kadar Bo\u0161nja\u010dke stranke, bude \u010dlan borda direktora kao predstavnik dr\u017eavnog kapitala. Muhovi\u0107 je predlo\u017een na inicijativu ministra saobra\u0107aja i pomorstva Osmana Nurkovi\u0107a, tako\u0111er funkcionera Bo\u0161nja\u010dke stranke. Rje\u0161enje o predlaganju Muhovi\u0107a donio je ministar unutra\u0161njih poslova Mevludin Nuhod\u017ei\u0107 (DPS), kao\u00a0predsjednik Komisije [&hellip;]\" \/>\n<meta property=\"og:url\" content=\"https:\/\/sandzakpress.net\/arhiva\/muhovic-u-bordu-direktora-zeljeznice\/\" \/>\n<meta property=\"og:site_name\" content=\"Sand\u017eak PRESS\" \/>\n<meta property=\"article:published_time\" content=\"2018-03-29T10:18:20+00:00\" \/>\n<meta property=\"og:image\" content=\"https:\/\/sandzakpress.net\/arhiva\/wp-content\/uploads\/2018\/03\/adnan-muhovic-2-696x469.jpg\" \/>\n\t<meta property=\"og:image:width\" content=\"696\" \/>\n\t<meta property=\"og:image:height\" content=\"469\" \/>\n\t<meta property=\"og:image:type\" content=\"image\/jpeg\" \/>\n<meta name=\"author\" content=\"Agencija\" \/>\n<meta name=\"twitter:card\" content=\"summary_large_image\" \/>\n<meta name=\"twitter:label1\" content=\"Written by\" \/>\n\t<meta name=\"twitter:data1\" content=\"Agencija\" \/>\n<script type=\"application\/ld+json\" class=\"yoast-schema-graph\">{\"@context\":\"https:\/\/schema.org\",\"@graph\":[{\"@type\":\"Article\",\"@id\":\"https:\/\/sandzakpress.net\/arhiva\/muhovic-u-bordu-direktora-zeljeznice\/#article\",\"isPartOf\":{\"@id\":\"https:\/\/sandzakpress.net\/arhiva\/muhovic-u-bordu-direktora-zeljeznice\/\"},\"author\":{\"name\":\"Agencija\",\"@id\":\"https:\/\/sandzakpress.net\/arhiva\/#\/schema\/person\/cb59d7e3ab91ab90dd680ad0305a6185\"},\"headline\":\"Muhovi\u0107 u bordu direktora \u017eeljeznice\",\"datePublished\":\"2018-03-29T10:18:20+00:00\",\"mainEntityOfPage\":{\"@id\":\"https:\/\/sandzakpress.net\/arhiva\/muhovic-u-bordu-direktora-zeljeznice\/\"},\"wordCount\":90,\"commentCount\":0,\"publisher\":{\"@id\":\"https:\/\/sandzakpress.net\/arhiva\/#\/schema\/person\/6e72b67d6e51910a1117b3b483ba20bd\"},\"image\":{\"@id\":\"https:\/\/sandzakpress.net\/arhiva\/muhovic-u-bordu-direktora-zeljeznice\/#primaryimage\"},\"thumbnailUrl\":\"https:\/\/sandzakpress.net\/arhiva\/wp-content\/uploads\/2018\/03\/adnan-muhovic-2-696x469.jpg\",\"articleSection\":[\"Ro\u017eaje\",\"Politika\",\"Berane\",\"Petnjica\",\"Bijelo Polje\",\"Pljevlja\",\"Plav\",\"Gusinje\"],\"inLanguage\":\"bs-BA\",\"potentialAction\":[{\"@type\":\"CommentAction\",\"name\":\"Comment\",\"target\":[\"https:\/\/sandzakpress.net\/arhiva\/muhovic-u-bordu-direktora-zeljeznice\/#respond\"]}]},{\"@type\":\"WebPage\",\"@id\":\"https:\/\/sandzakpress.net\/arhiva\/muhovic-u-bordu-direktora-zeljeznice\/\",\"url\":\"https:\/\/sandzakpress.net\/arhiva\/muhovic-u-bordu-direktora-zeljeznice\/\",\"name\":\"Muhovi\u0107 u bordu direktora \u017eeljeznice\",\"isPartOf\":{\"@id\":\"https:\/\/sandzakpress.net\/arhiva\/#website\"},\"primaryImageOfPage\":{\"@id\":\"https:\/\/sandzakpress.net\/arhiva\/muhovic-u-bordu-direktora-zeljeznice\/#primaryimage\"},\"image\":{\"@id\":\"https:\/\/sandzakpress.net\/arhiva\/muhovic-u-bordu-direktora-zeljeznice\/#primaryimage\"},\"thumbnailUrl\":\"https:\/\/sandzakpress.net\/arhiva\/wp-content\/uploads\/2018\/03\/adnan-muhovic-2-696x469.jpg\",\"datePublished\":\"2018-03-29T10:18:20+00:00\",\"breadcrumb\":{\"@id\":\"https:\/\/sandzakpress.net\/arhiva\/muhovic-u-bordu-direktora-zeljeznice\/#breadcrumb\"},\"inLanguage\":\"bs-BA\",\"potentialAction\":[{\"@type\":\"ReadAction\",\"target\":[\"https:\/\/sandzakpress.net\/arhiva\/muhovic-u-bordu-direktora-zeljeznice\/\"]}]},{\"@type\":\"ImageObject\",\"inLanguage\":\"bs-BA\",\"@id\":\"https:\/\/sandzakpress.net\/arhiva\/muhovic-u-bordu-direktora-zeljeznice\/#primaryimage\",\"url\":\"https:\/\/sandzakpress.net\/arhiva\/wp-content\/uploads\/2018\/03\/adnan-muhovic-2-696x469.jpg\",\"contentUrl\":\"https:\/\/sandzakpress.net\/arhiva\/wp-content\/uploads\/2018\/03\/adnan-muhovic-2-696x469.jpg\",\"width\":696,\"height\":469},{\"@type\":\"BreadcrumbList\",\"@id\":\"https:\/\/sandzakpress.net\/arhiva\/muhovic-u-bordu-direktora-zeljeznice\/#breadcrumb\",\"itemListElement\":[{\"@type\":\"ListItem\",\"position\":1,\"name\":\"Home\",\"item\":\"https:\/\/sandzakpress.net\/arhiva\/\"},{\"@type\":\"ListItem\",\"position\":2,\"name\":\"Muhovi\u0107 u bordu direktora \u017eeljeznice\"}]},{\"@type\":\"WebSite\",\"@id\":\"https:\/\/sandzakpress.net\/arhiva\/#website\",\"url\":\"https:\/\/sandzakpress.net\/arhiva\/\",\"name\":\"Sand\u017eak PRESS\",\"description\":\"Prve elektronske novine u Sand\u017eaku\",\"publisher\":{\"@id\":\"https:\/\/sandzakpress.net\/arhiva\/#\/schema\/person\/6e72b67d6e51910a1117b3b483ba20bd\"},\"potentialAction\":[{\"@type\":\"SearchAction\",\"target\":{\"@type\":\"EntryPoint\",\"urlTemplate\":\"https:\/\/sandzakpress.net\/arhiva\/?s={search_term_string}\"},\"query-input\":{\"@type\":\"PropertyValueSpecification\",\"valueRequired\":true,\"valueName\":\"search_term_string\"}}],\"inLanguage\":\"bs-BA\"},{\"@type\":[\"Person\",\"Organization\"],\"@id\":\"https:\/\/sandzakpress.net\/arhiva\/#\/schema\/person\/6e72b67d6e51910a1117b3b483ba20bd\",\"name\":\"Kul\",\"image\":{\"@type\":\"ImageObject\",\"inLanguage\":\"bs-BA\",\"@id\":\"https:\/\/sandzakpress.net\/arhiva\/#\/schema\/person\/image\/\",\"url\":\"https:\/\/secure.gravatar.com\/avatar\/42263f39aa27ac04c43cab85c280eb2e?s=96&d=mm&r=pg\",\"contentUrl\":\"https:\/\/secure.gravatar.com\/avatar\/42263f39aa27ac04c43cab85c280eb2e?s=96&d=mm&r=pg\",\"caption\":\"Kul\"},\"logo\":{\"@id\":\"https:\/\/sandzakpress.net\/arhiva\/#\/schema\/person\/image\/\"}},{\"@type\":\"Person\",\"@id\":\"https:\/\/sandzakpress.net\/arhiva\/#\/schema\/person\/cb59d7e3ab91ab90dd680ad0305a6185\",\"name\":\"Agencija\",\"image\":{\"@type\":\"ImageObject\",\"inLanguage\":\"bs-BA\",\"@id\":\"https:\/\/sandzakpress.net\/arhiva\/#\/schema\/person\/image\/\",\"url\":\"https:\/\/secure.gravatar.com\/avatar\/4b7fafa80a22f0c2afe23966b3961fe0?s=96&d=mm&r=pg\",\"contentUrl\":\"https:\/\/secure.gravatar.com\/avatar\/4b7fafa80a22f0c2afe23966b3961fe0?s=96&d=mm&r=pg\",\"caption\":\"Agencija\"},\"url\":\"https:\/\/sandzakpress.net\/arhiva\/author\/agencija\/\"}]}<\/script>\n<!-- \/ Yoast SEO Premium plugin. -->","yoast_head_json":{"title":"Muhovi\u0107 u bordu direktora \u017eeljeznice","robots":{"index":"index","follow":"follow","max-snippet":"max-snippet:-1","max-image-preview":"max-image-preview:large","max-video-preview":"max-video-preview:-1"},"canonical":"https:\/\/sandzakpress.net\/arhiva\/muhovic-u-bordu-direktora-zeljeznice\/","og_locale":"bs_BA","og_type":"article","og_title":"Muhovi\u0107 u bordu direktora \u017eeljeznice","og_description":"Vlada je predlo\u017eila Skup\u0161tini akcionara AD Odr\u017eavanje \u017eeljezni\u010dkih voznih sredstava iz Podgorice da Adnan Muhovi\u0107, kadar Bo\u0161nja\u010dke stranke, bude \u010dlan borda direktora kao predstavnik dr\u017eavnog kapitala. Muhovi\u0107 je predlo\u017een na inicijativu ministra saobra\u0107aja i pomorstva Osmana Nurkovi\u0107a, tako\u0111er funkcionera Bo\u0161nja\u010dke stranke. Rje\u0161enje o predlaganju Muhovi\u0107a donio je ministar unutra\u0161njih poslova Mevludin Nuhod\u017ei\u0107 (DPS), kao\u00a0predsjednik Komisije [&hellip;]","og_url":"https:\/\/sandzakpress.net\/arhiva\/muhovic-u-bordu-direktora-zeljeznice\/","og_site_name":"Sand\u017eak PRESS","article_published_time":"2018-03-29T10:18:20+00:00","og_image":[{"width":696,"height":469,"url":"https:\/\/sandzakpress.net\/arhiva\/wp-content\/uploads\/2018\/03\/adnan-muhovic-2-696x469.jpg","type":"image\/jpeg"}],"author":"Agencija","twitter_card":"summary_large_image","twitter_misc":{"Written by":"Agencija"},"schema":{"@context":"https:\/\/schema.org","@graph":[{"@type":"Article","@id":"https:\/\/sandzakpress.net\/arhiva\/muhovic-u-bordu-direktora-zeljeznice\/#article","isPartOf":{"@id":"https:\/\/sandzakpress.net\/arhiva\/muhovic-u-bordu-direktora-zeljeznice\/"},"author":{"name":"Agencija","@id":"https:\/\/sandzakpress.net\/arhiva\/#\/schema\/person\/cb59d7e3ab91ab90dd680ad0305a6185"},"headline":"Muhovi\u0107 u bordu direktora \u017eeljeznice","datePublished":"2018-03-29T10:18:20+00:00","mainEntityOfPage":{"@id":"https:\/\/sandzakpress.net\/arhiva\/muhovic-u-bordu-direktora-zeljeznice\/"},"wordCount":90,"commentCount":0,"publisher":{"@id":"https:\/\/sandzakpress.net\/arhiva\/#\/schema\/person\/6e72b67d6e51910a1117b3b483ba20bd"},"image":{"@id":"https:\/\/sandzakpress.net\/arhiva\/muhovic-u-bordu-direktora-zeljeznice\/#primaryimage"},"thumbnailUrl":"https:\/\/sandzakpress.net\/arhiva\/wp-content\/uploads\/2018\/03\/adnan-muhovic-2-696x469.jpg","articleSection":["Ro\u017eaje","Politika","Berane","Petnjica","Bijelo Polje","Pljevlja","Plav","Gusinje"],"inLanguage":"bs-BA","potentialAction":[{"@type":"CommentAction","name":"Comment","target":["https:\/\/sandzakpress.net\/arhiva\/muhovic-u-bordu-direktora-zeljeznice\/#respond"]}]},{"@type":"WebPage","@id":"https:\/\/sandzakpress.net\/arhiva\/muhovic-u-bordu-direktora-zeljeznice\/","url":"https:\/\/sandzakpress.net\/arhiva\/muhovic-u-bordu-direktora-zeljeznice\/","name":"Muhovi\u0107 u bordu direktora \u017eeljeznice","isPartOf":{"@id":"https:\/\/sandzakpress.net\/arhiva\/#website"},"primaryImageOfPage":{"@id":"https:\/\/sandzakpress.net\/arhiva\/muhovic-u-bordu-direktora-zeljeznice\/#primaryimage"},"image":{"@id":"https:\/\/sandzakpress.net\/arhiva\/muhovic-u-bordu-direktora-zeljeznice\/#primaryimage"},"thumbnailUrl":"https:\/\/sandzakpress.net\/arhiva\/wp-content\/uploads\/2018\/03\/adnan-muhovic-2-696x469.jpg","datePublished":"2018-03-29T10:18:20+00:00","breadcrumb":{"@id":"https:\/\/sandzakpress.net\/arhiva\/muhovic-u-bordu-direktora-zeljeznice\/#breadcrumb"},"inLanguage":"bs-BA","potentialAction":[{"@type":"ReadAction","target":["https:\/\/sandzakpress.net\/arhiva\/muhovic-u-bordu-direktora-zeljeznice\/"]}]},{"@type":"ImageObject","inLanguage":"bs-BA","@id":"https:\/\/sandzakpress.net\/arhiva\/muhovic-u-bordu-direktora-zeljeznice\/#primaryimage","url":"https:\/\/sandzakpress.net\/arhiva\/wp-content\/uploads\/2018\/03\/adnan-muhovic-2-696x469.jpg","contentUrl":"https:\/\/sandzakpress.net\/arhiva\/wp-content\/uploads\/2018\/03\/adnan-muhovic-2-696x469.jpg","width":696,"height":469},{"@type":"BreadcrumbList","@id":"https:\/\/sandzakpress.net\/arhiva\/muhovic-u-bordu-direktora-zeljeznice\/#breadcrumb","itemListElement":[{"@type":"ListItem","position":1,"name":"Home","item":"https:\/\/sandzakpress.net\/arhiva\/"},{"@type":"ListItem","position":2,"name":"Muhovi\u0107 u bordu direktora \u017eeljeznice"}]},{"@type":"WebSite","@id":"https:\/\/sandzakpress.net\/arhiva\/#website","url":"https:\/\/sandzakpress.net\/arhiva\/","name":"Sand\u017eak PRESS","description":"Prve elektronske novine u Sand\u017eaku","publisher":{"@id":"https:\/\/sandzakpress.net\/arhiva\/#\/schema\/person\/6e72b67d6e51910a1117b3b483ba20bd"},"potentialAction":[{"@type":"SearchAction","target":{"@type":"EntryPoint","urlTemplate":"https:\/\/sandzakpress.net\/arhiva\/?s={search_term_string}"},"query-input":{"@type":"PropertyValueSpecification","valueRequired":true,"valueName":"search_term_string"}}],"inLanguage":"bs-BA"},{"@type":["Person","Organization"],"@id":"https:\/\/sandzakpress.net\/arhiva\/#\/schema\/person\/6e72b67d6e51910a1117b3b483ba20bd","name":"Kul","image":{"@type":"ImageObject","inLanguage":"bs-BA","@id":"https:\/\/sandzakpress.net\/arhiva\/#\/schema\/person\/image\/","url":"https:\/\/secure.gravatar.com\/avatar\/42263f39aa27ac04c43cab85c280eb2e?s=96&d=mm&r=pg","contentUrl":"https:\/\/secure.gravatar.com\/avatar\/42263f39aa27ac04c43cab85c280eb2e?s=96&d=mm&r=pg","caption":"Kul"},"logo":{"@id":"https:\/\/sandzakpress.net\/arhiva\/#\/schema\/person\/image\/"}},{"@type":"Person","@id":"https:\/\/sandzakpress.net\/arhiva\/#\/schema\/person\/cb59d7e3ab91ab90dd680ad0305a6185","name":"Agencija","image":{"@type":"ImageObject","inLanguage":"bs-BA","@id":"https:\/\/sandzakpress.net\/arhiva\/#\/schema\/person\/image\/","url":"https:\/\/secure.gravatar.com\/avatar\/4b7fafa80a22f0c2afe23966b3961fe0?s=96&d=mm&r=pg","contentUrl":"https:\/\/secure.gravatar.com\/avatar\/4b7fafa80a22f0c2afe23966b3961fe0?s=96&d=mm&r=pg","caption":"Agencija"},"url":"https:\/\/sandzakpress.net\/arhiva\/author\/agencija\/"}]}},"_links":{"self":[{"href":"https:\/\/sandzakpress.net\/arhiva\/wp-json\/wp\/v2\/posts\/204732"}],"collection":[{"href":"https:\/\/sandzakpress.net\/arhiva\/wp-json\/wp\/v2\/posts"}],"about":[{"href":"https:\/\/sandzakpress.net\/arhiva\/wp-json\/wp\/v2\/types\/post"}],"author":[{"embeddable":true,"href":"https:\/\/sandzakpress.net\/arhiva\/wp-json\/wp\/v2\/users\/509"}],"replies":[{"embeddable":true,"href":"https:\/\/sandzakpress.net\/arhiva\/wp-json\/wp\/v2\/comments?post=204732"}],"version-history":[{"count":0,"href":"https:\/\/sandzakpress.net\/arhiva\/wp-json\/wp\/v2\/posts\/204732\/revisions"}],"wp:featuredmedia":[{"embeddable":true,"href":"https:\/\/sandzakpress.net\/arhiva\/wp-json\/wp\/v2\/media\/204737"}],"wp:attachment":[{"href":"https:\/\/sandzakpress.net\/arhiva\/wp-json\/wp\/v2\/media?parent=204732"}],"wp:term":[{"taxonomy":"category","embeddable":true,"href":"https:\/\/sandzakpress.net\/arhiva\/wp-json\/wp\/v2\/categories?post=204732"},{"taxonomy":"post_tag","embeddable":true,"href":"https:\/\/sandzakpress.net\/arhiva\/wp-json\/wp\/v2\/tags?post=204732"}],"curies":[{"name":"wp","href":"https:\/\/api.w.org\/{rel}","templated":true}]}}