{"id":204540,"date":"2018-03-26T11:40:22","date_gmt":"2018-03-26T09:40:22","guid":{"rendered":"https:\/\/sandzakpress.net\/arhiva\/?p=204540"},"modified":"2018-03-26T11:14:34","modified_gmt":"2018-03-26T09:14:34","slug":"iz-mans-a-tvrde-povecali-troskove-ekoloske-rekonstrukcije-te-pljevlja-za-sedam-miliona","status":"publish","type":"post","link":"https:\/\/sandzakpress.net\/arhiva\/iz-mans-a-tvrde-povecali-troskove-ekoloske-rekonstrukcije-te-pljevlja-za-sedam-miliona\/","title":{"rendered":"Iz MANS-a tvrde \u2013 Pove\u0107ali tro\u0161kove ekolo\u0161ke rekonstrukcije TE Pljevlja za sedam miliona"},"content":{"rendered":"<p><img decoding=\"async\" src=\"http:\/\/pvportal.me\/wp-content\/uploads\/2013\/11\/termoelektrana.jpg\" alt=\"termoelektrana\" \/><\/p>\n<p><strong>Agencija za za\u0161titu \u017eivotne sredine odbacila je gotovo sve primjedbe MANS-a na nacrt rje\u0161enja o izdavanju integrisane dozvole za rad prvog bloka Termoelektrane (TE) u Pljevljima, koje je bilo na javnoj raspravi u januaru ove godine.<\/strong><\/p>\n<p>Klju\u010dne primjedbe odnosile su se na netransparentnost prikazanih tro\u0161kova za najavljenu ekolo\u0161ku sanaciju prvog bloka, jer je Elektroprivreda (EPCG) dala prvu procjenu na 40 miliona eura, a ve\u0107 je planom javnih nabavki za ovu godinu projektovala 47 miliona. Zbog \u010dega je, kako ka\u017eu, nejasno da li su tro\u0161kovi potcijenjeni, nejasne su i mjere za uspostavljanje sistema upravljanja za\u0161titom \u017eivotne sredine i parametri efikasnosti rada postoje\u0107e TE nakon njene sanacije. MANS ukazuje da je Agencija odlukom da izda integrisanu dozvolu o\u010digledno \u201eprogledala kroz prste\u201d EPCG, koja se godinama pona\u0161a kao \u201edr\u017eava u dr\u017eavi\u201d i ne trudi se da zna\u010dajnije investira kako bi njena postrojenja zadovoljila ekolo\u0161ke standarde, ve\u0107 je, sa druge strane, uticala da Pljevlja postanu jedan od najzaga\u0111enijih gradova u Evropi.<\/p>\n<p>Koordinator Istra\u017eiva\u010dkog centra MANS-a Ines Mrdovi\u0107 ka\u017ee da su iz Agencije najavili da \u0107e direktor te institucije potpisati rje\u0161enje o izdavanju integrisane dozvole za rad prvog bloka.<\/p>\n<p>\u2013 Dokumentacija EPCG za integrisanu dozvolu pokazuje da je ta kompanija znatno izmijenila rokove o du\u017eini rada postoje\u0107e TE. Tako sada projektuje da radi narednih 25 godina, odnosno sve do 2043. Prema pravilima koje diriguje Brisel, ukoliko u naredne tri godine u postoje\u0107u TE ne budu ugra\u0111eni sistemi za pre\u010di\u0161\u0107avanje vazduha i smanjen nivo \u0161tetnih gasova, ona mora biti zatvorena. U zahtjevu za izdavanje integrisane dozvole, koji je podnijet krajem pro\u0161le godine, EPCG je tro\u0161kove ekolo\u0161ke sanacije prvog bloka procijenila na 40 miliona. Me\u0111utim, ve\u0107 je planom javnih nabavki za ovu godinu projektovala 47 miliona eura, \u0161to dovoljno svjedo\u010di o nepouzdanosti investicionih procjena. Pored toga, EPCG planira ulaganje od dodatnih 20 miliona eura za nastavak kori\u0161\u0107enja i rekultivaciju deponije pepela i \u0161ljake Maljevac. A uprkos tome \u0161to najavljuje njeno zatvaranje do 2024, EPCG ne prikazuje koliko \u0107e ko\u0161tati izgradnja nove deponije, \u0161to je ranije procjenjivala na 28 miliona \u2013 obja\u0161njava Mrdovi\u0107.<\/p>\n<p>Prvi blok bi, kako navodi, radio sve do 2043. godine, kada bi EPCG po\u010dela njegovu demonta\u017eu i zatvaranje. To \u0107e platiti jo\u0161 17 miliona eura i taj proces bi trajao sve do 2050, \u0161to se poklapa sa trenutnim zahtjevima iz EU koja tra\u017ei da se do tada zatvore svi termoenergetski objekti na ugalj.<\/p>\n<p>\u2013 Najnoviji razvoj situacije pokazuje da je EPCG o\u010dito u nezavidnoj situaciji \u2013 da \u0161to prije zavr\u0161i ekolo\u0161ku sanaciju prvog bloka, a u me\u0111uvremenu je izgubila dragocjeno vrijeme da rad postrojenja prilagodi ekolo\u0161kim standardima. Ovo posebno \u0161to je ugradnju ure\u0111aja za pre\u010di\u0161\u0107avanje vazduha najavljivala jo\u0161 od 2011. Crna Gora je prihvatila Pariski klimatski sporazum, \u010dije su se potpisnice obavezale da se porast globalne temperature ograni\u010di ispod praga od 1,5 stepeni Celzijusa. Ranije je izra\u010dunato da u svijetu najmanje 80 procenata geolo\u0161kih rezervi uglja mora da ostane netaknuto kako bi se izbjegle katastrofalne posledice klimatskih promjena usljed rasta temperature za vi\u0161e od dva stepena Celzijusa \u2013 rekla je za \u201eDan\u201c Mrdovi\u0107.<\/p>\n<p>MANS je u primjedbama obrazlo\u017eio da je nejasno za\u0161to nijesu ra\u010dunati tro\u0161kovi izgradnje nove deponije za odlaganje pepela i \u0161ljake. U ranijem zahtjevu koji je EPCG dostavila Agenciji za za\u0161titu \u017eivotne sredine, u programu mjera prilago\u0111avanja rada postoje\u0107eg postrojenja ili aktivnosti propisanim uslovima, tro\u0161kovi izgradnje nove deponije i spolja\u0161njeg sistema transporta nusprodukata prikazani su u iznosu od 28.000.000 eura.<\/p>\n<p>\u2013 Me\u0111utim, u najnovijem programu mjera prilago\u0111avanja rada postoje\u0107eg postrojenja ili aktivnosti propisanih uslovima ti tro\u0161kovi uop\u0161te nijesu ra\u010dunati, uprkos tome \u0161to se u dijelu zahtjeva za izdavanje integrisane dozvole navodi da \u0107e deponija Maljevac raditi do 2024, te da se izgradnja trajne deponije pepela i \u0161ljake planira u prostoru iskori\u0161\u0107enog ugljenokopa Potrlica. Nejasno je za\u0161to se potencira lokacija ugljenokopa Potrlica, kada planskim dokumentima Op\u0161tine Pljevlja ta lokacija nije definisana za deponiju, a tako\u0111e je u neposrednoj blizini u\u017eeg gradskog jezgra. Stoga je neophodno ura\u010dunati tro\u0161kove za izgradnju nove deponije pepela i \u0161ljake i definisati njenu lokaciju, a kada je u pitanju postoje\u0107a deponija Maljevac, neophodno je ve\u0107 sada predvidjeti i sredstva za odr\u017eavanje nakon njenog kona\u010dnog zatvaranja \u2013 navodi se u analizi MANS-a.<\/p>\n<p><strong>Zaboravili toplifikaciju<\/strong><\/p>\n<p>U MANS-u ka\u017eu da je nejasno za\u0161to se nigdje ne pominju tro\u0161kovi toplifikacije Pljevalja, iako je taj projekat jo\u0161 od 1974. obaveza EPCG.<\/p>\n<p>\u2013 Raspolo\u017eiva dokumentacija ne nudi jasan prikaz realnog stanja u odnosu na postoje\u0107a zaga\u0111enja u Pljevljima. U nacrtu rje\u0161enja o izdavanju integrisane dozvole nijesu sadr\u017eani precizni pokazatelji o stvarnom zaga\u0111enju zemlji\u0161ta i voda, koje uzrokuje rad postoje\u0107eg prvog bloka Termoelektrane u Pljevljima, a u dokumentu se konstatuje da pojedine analize o zaga\u0111enju zemlji\u0161ta datiraju iz 2006. godine, dok u okviru kompleksa Termoelektrane nijesu vr\u0161ena ispitivanja zemlji\u0161ta i podzemnih voda \u2013 dodaju u MANS-u, navode\u0107i da raspolo\u017eiva dokumentacija ne nudi jasne mjere za uspostavljanje sistema upravljanja za\u0161titom \u017eivotne sredine u EPCG shodno standardu ISO 14001.<\/p>\n<p><strong>Lo\u0161e procjene potro\u0161nje uglja<\/strong><\/p>\n<p>Nejasna je, kako isti\u010du u MANS-u, procjena potro\u0161nje uglja u narednim godinama, koja je utvr\u0111ena na 1.680.000 tona na godi\u0161njem nivou za rad prvog bloka Termoelektrane.<br \/>\u2013 Nije obrazlo\u017eeno na osnovu \u010dega je ura\u0111ena ta procjena. Ovo posebno \u0161to je projektovan godi\u0161nji rad prvog bloka na oko 7.100 \u010dasova. U 2014. godini Termoelektrana je potro\u0161ila 1.597.000 tona uglja (radila je 7.037 \u010dasova), u 2015. je potro\u0161ila 1.668.000 tona uglja (radila je 7.486 \u010dasova), a u 2016. godini potro\u0161ila je 1.306.000 tona uglja (radila je 6.409 \u010dasova). Jasno da je upitna projekcija o godi\u0161njoj potro\u0161nji uglja od 1.680.000 tona za 7.100 \u010dasova rada Termoelektrane, pa je potrebno ponuditi ta\u010dne podatke o planiranoj potro\u0161nji uglja i \u010dasovima rada Termoelektrane \u2013 isti\u010du u MANS-u.<\/p>\n<p>Izvor: \u201eDan\u201c<\/p>\n","protected":false},"excerpt":{"rendered":"<p>Agencija za za\u0161titu \u017eivotne sredine odbacila je gotovo sve primjedbe MANS-a na nacrt rje\u0161enja o izdavanju integrisane dozvole za rad prvog bloka Termoelektrane (TE) u Pljevljima, koje je bilo na javnoj raspravi u januaru ove godine. Klju\u010dne primjedbe odnosile su se na netransparentnost prikazanih tro\u0161kova za najavljenu ekolo\u0161ku sanaciju prvog bloka, jer je Elektroprivreda (EPCG) [&hellip;]<\/p>\n","protected":false},"author":501,"featured_media":204554,"comment_status":"open","ping_status":"open","sticky":false,"template":"","format":"standard","meta":{"footnotes":""},"categories":[395,5,798],"tags":[],"class_list":{"0":"post-204540","1":"post","2":"type-post","3":"status-publish","4":"format-standard","5":"has-post-thumbnail","7":"category-pljevlja_","8":"category-drustvo","9":"category-teme"},"yoast_head":"<!-- This site is optimized with the Yoast SEO Premium plugin v23.1 (Yoast SEO v24.9) - https:\/\/yoast.com\/wordpress\/plugins\/seo\/ -->\n<title>Iz MANS-a tvrde \u2013 Pove\u0107ali tro\u0161kove ekolo\u0161ke rekonstrukcije TE Pljevlja za sedam miliona<\/title>\n<meta name=\"robots\" content=\"index, follow, max-snippet:-1, max-image-preview:large, max-video-preview:-1\" \/>\n<link rel=\"canonical\" href=\"https:\/\/sandzakpress.net\/arhiva\/iz-mans-a-tvrde-povecali-troskove-ekoloske-rekonstrukcije-te-pljevlja-za-sedam-miliona\/\" \/>\n<meta property=\"og:locale\" content=\"bs_BA\" \/>\n<meta property=\"og:type\" content=\"article\" \/>\n<meta property=\"og:title\" content=\"Iz MANS-a tvrde \u2013 Pove\u0107ali tro\u0161kove ekolo\u0161ke rekonstrukcije TE Pljevlja za sedam miliona\" \/>\n<meta property=\"og:description\" content=\"Agencija za za\u0161titu \u017eivotne sredine odbacila je gotovo sve primjedbe MANS-a na nacrt rje\u0161enja o izdavanju integrisane dozvole za rad prvog bloka Termoelektrane (TE) u Pljevljima, koje je bilo na javnoj raspravi u januaru ove godine. Klju\u010dne primjedbe odnosile su se na netransparentnost prikazanih tro\u0161kova za najavljenu ekolo\u0161ku sanaciju prvog bloka, jer je Elektroprivreda (EPCG) [&hellip;]\" \/>\n<meta property=\"og:url\" content=\"https:\/\/sandzakpress.net\/arhiva\/iz-mans-a-tvrde-povecali-troskove-ekoloske-rekonstrukcije-te-pljevlja-za-sedam-miliona\/\" \/>\n<meta property=\"og:site_name\" content=\"Sand\u017eak PRESS\" \/>\n<meta property=\"article:published_time\" content=\"2018-03-26T09:40:22+00:00\" \/>\n<meta property=\"og:image\" content=\"https:\/\/sandzakpress.net\/arhiva\/wp-content\/uploads\/2018\/03\/termoelektrana.jpg\" \/>\n\t<meta property=\"og:image:width\" content=\"900\" \/>\n\t<meta property=\"og:image:height\" content=\"675\" \/>\n\t<meta property=\"og:image:type\" content=\"image\/jpeg\" \/>\n<meta name=\"author\" content=\"SM\" \/>\n<meta name=\"twitter:card\" content=\"summary_large_image\" \/>\n<meta name=\"twitter:label1\" content=\"Written by\" \/>\n\t<meta name=\"twitter:data1\" content=\"SM\" \/>\n\t<meta name=\"twitter:label2\" content=\"Est. reading time\" \/>\n\t<meta name=\"twitter:data2\" content=\"5 minuta\" \/>\n<script type=\"application\/ld+json\" class=\"yoast-schema-graph\">{\"@context\":\"https:\/\/schema.org\",\"@graph\":[{\"@type\":\"Article\",\"@id\":\"https:\/\/sandzakpress.net\/arhiva\/iz-mans-a-tvrde-povecali-troskove-ekoloske-rekonstrukcije-te-pljevlja-za-sedam-miliona\/#article\",\"isPartOf\":{\"@id\":\"https:\/\/sandzakpress.net\/arhiva\/iz-mans-a-tvrde-povecali-troskove-ekoloske-rekonstrukcije-te-pljevlja-za-sedam-miliona\/\"},\"author\":{\"name\":\"SM\",\"@id\":\"https:\/\/sandzakpress.net\/arhiva\/#\/schema\/person\/32f63b6bc693126333e4b1d8cccb52ac\"},\"headline\":\"Iz MANS-a tvrde \u2013 Pove\u0107ali tro\u0161kove ekolo\u0161ke rekonstrukcije TE Pljevlja za sedam miliona\",\"datePublished\":\"2018-03-26T09:40:22+00:00\",\"mainEntityOfPage\":{\"@id\":\"https:\/\/sandzakpress.net\/arhiva\/iz-mans-a-tvrde-povecali-troskove-ekoloske-rekonstrukcije-te-pljevlja-za-sedam-miliona\/\"},\"wordCount\":1007,\"commentCount\":0,\"publisher\":{\"@id\":\"https:\/\/sandzakpress.net\/arhiva\/#\/schema\/person\/6e72b67d6e51910a1117b3b483ba20bd\"},\"image\":{\"@id\":\"https:\/\/sandzakpress.net\/arhiva\/iz-mans-a-tvrde-povecali-troskove-ekoloske-rekonstrukcije-te-pljevlja-za-sedam-miliona\/#primaryimage\"},\"thumbnailUrl\":\"https:\/\/sandzakpress.net\/arhiva\/wp-content\/uploads\/2018\/03\/termoelektrana.jpg\",\"articleSection\":[\"Pljevlja\",\"Dru\u0161tvo\",\"NAJNOVIJE\"],\"inLanguage\":\"bs-BA\",\"potentialAction\":[{\"@type\":\"CommentAction\",\"name\":\"Comment\",\"target\":[\"https:\/\/sandzakpress.net\/arhiva\/iz-mans-a-tvrde-povecali-troskove-ekoloske-rekonstrukcije-te-pljevlja-za-sedam-miliona\/#respond\"]}]},{\"@type\":\"WebPage\",\"@id\":\"https:\/\/sandzakpress.net\/arhiva\/iz-mans-a-tvrde-povecali-troskove-ekoloske-rekonstrukcije-te-pljevlja-za-sedam-miliona\/\",\"url\":\"https:\/\/sandzakpress.net\/arhiva\/iz-mans-a-tvrde-povecali-troskove-ekoloske-rekonstrukcije-te-pljevlja-za-sedam-miliona\/\",\"name\":\"Iz MANS-a tvrde \u2013 Pove\u0107ali tro\u0161kove ekolo\u0161ke rekonstrukcije TE Pljevlja za sedam miliona\",\"isPartOf\":{\"@id\":\"https:\/\/sandzakpress.net\/arhiva\/#website\"},\"primaryImageOfPage\":{\"@id\":\"https:\/\/sandzakpress.net\/arhiva\/iz-mans-a-tvrde-povecali-troskove-ekoloske-rekonstrukcije-te-pljevlja-za-sedam-miliona\/#primaryimage\"},\"image\":{\"@id\":\"https:\/\/sandzakpress.net\/arhiva\/iz-mans-a-tvrde-povecali-troskove-ekoloske-rekonstrukcije-te-pljevlja-za-sedam-miliona\/#primaryimage\"},\"thumbnailUrl\":\"https:\/\/sandzakpress.net\/arhiva\/wp-content\/uploads\/2018\/03\/termoelektrana.jpg\",\"datePublished\":\"2018-03-26T09:40:22+00:00\",\"breadcrumb\":{\"@id\":\"https:\/\/sandzakpress.net\/arhiva\/iz-mans-a-tvrde-povecali-troskove-ekoloske-rekonstrukcije-te-pljevlja-za-sedam-miliona\/#breadcrumb\"},\"inLanguage\":\"bs-BA\",\"potentialAction\":[{\"@type\":\"ReadAction\",\"target\":[\"https:\/\/sandzakpress.net\/arhiva\/iz-mans-a-tvrde-povecali-troskove-ekoloske-rekonstrukcije-te-pljevlja-za-sedam-miliona\/\"]}]},{\"@type\":\"ImageObject\",\"inLanguage\":\"bs-BA\",\"@id\":\"https:\/\/sandzakpress.net\/arhiva\/iz-mans-a-tvrde-povecali-troskove-ekoloske-rekonstrukcije-te-pljevlja-za-sedam-miliona\/#primaryimage\",\"url\":\"https:\/\/sandzakpress.net\/arhiva\/wp-content\/uploads\/2018\/03\/termoelektrana.jpg\",\"contentUrl\":\"https:\/\/sandzakpress.net\/arhiva\/wp-content\/uploads\/2018\/03\/termoelektrana.jpg\",\"width\":900,\"height\":675},{\"@type\":\"BreadcrumbList\",\"@id\":\"https:\/\/sandzakpress.net\/arhiva\/iz-mans-a-tvrde-povecali-troskove-ekoloske-rekonstrukcije-te-pljevlja-za-sedam-miliona\/#breadcrumb\",\"itemListElement\":[{\"@type\":\"ListItem\",\"position\":1,\"name\":\"Home\",\"item\":\"https:\/\/sandzakpress.net\/arhiva\/\"},{\"@type\":\"ListItem\",\"position\":2,\"name\":\"Iz MANS-a tvrde \u2013 Pove\u0107ali tro\u0161kove ekolo\u0161ke rekonstrukcije TE Pljevlja za sedam miliona\"}]},{\"@type\":\"WebSite\",\"@id\":\"https:\/\/sandzakpress.net\/arhiva\/#website\",\"url\":\"https:\/\/sandzakpress.net\/arhiva\/\",\"name\":\"Sand\u017eak PRESS\",\"description\":\"Prve elektronske novine u Sand\u017eaku\",\"publisher\":{\"@id\":\"https:\/\/sandzakpress.net\/arhiva\/#\/schema\/person\/6e72b67d6e51910a1117b3b483ba20bd\"},\"potentialAction\":[{\"@type\":\"SearchAction\",\"target\":{\"@type\":\"EntryPoint\",\"urlTemplate\":\"https:\/\/sandzakpress.net\/arhiva\/?s={search_term_string}\"},\"query-input\":{\"@type\":\"PropertyValueSpecification\",\"valueRequired\":true,\"valueName\":\"search_term_string\"}}],\"inLanguage\":\"bs-BA\"},{\"@type\":[\"Person\",\"Organization\"],\"@id\":\"https:\/\/sandzakpress.net\/arhiva\/#\/schema\/person\/6e72b67d6e51910a1117b3b483ba20bd\",\"name\":\"Kul\",\"image\":{\"@type\":\"ImageObject\",\"inLanguage\":\"bs-BA\",\"@id\":\"https:\/\/sandzakpress.net\/arhiva\/#\/schema\/person\/image\/\",\"url\":\"https:\/\/secure.gravatar.com\/avatar\/42263f39aa27ac04c43cab85c280eb2e?s=96&d=mm&r=pg\",\"contentUrl\":\"https:\/\/secure.gravatar.com\/avatar\/42263f39aa27ac04c43cab85c280eb2e?s=96&d=mm&r=pg\",\"caption\":\"Kul\"},\"logo\":{\"@id\":\"https:\/\/sandzakpress.net\/arhiva\/#\/schema\/person\/image\/\"}},{\"@type\":\"Person\",\"@id\":\"https:\/\/sandzakpress.net\/arhiva\/#\/schema\/person\/32f63b6bc693126333e4b1d8cccb52ac\",\"name\":\"SM\",\"image\":{\"@type\":\"ImageObject\",\"inLanguage\":\"bs-BA\",\"@id\":\"https:\/\/sandzakpress.net\/arhiva\/#\/schema\/person\/image\/\",\"url\":\"https:\/\/secure.gravatar.com\/avatar\/e06a45a606f1dee973ded6565c9e653e?s=96&d=mm&r=pg\",\"contentUrl\":\"https:\/\/secure.gravatar.com\/avatar\/e06a45a606f1dee973ded6565c9e653e?s=96&d=mm&r=pg\",\"caption\":\"SM\"},\"url\":\"https:\/\/sandzakpress.net\/arhiva\/author\/sandzakmedia\/\"}]}<\/script>\n<!-- \/ Yoast SEO Premium plugin. -->","yoast_head_json":{"title":"Iz MANS-a tvrde \u2013 Pove\u0107ali tro\u0161kove ekolo\u0161ke rekonstrukcije TE Pljevlja za sedam miliona","robots":{"index":"index","follow":"follow","max-snippet":"max-snippet:-1","max-image-preview":"max-image-preview:large","max-video-preview":"max-video-preview:-1"},"canonical":"https:\/\/sandzakpress.net\/arhiva\/iz-mans-a-tvrde-povecali-troskove-ekoloske-rekonstrukcije-te-pljevlja-za-sedam-miliona\/","og_locale":"bs_BA","og_type":"article","og_title":"Iz MANS-a tvrde \u2013 Pove\u0107ali tro\u0161kove ekolo\u0161ke rekonstrukcije TE Pljevlja za sedam miliona","og_description":"Agencija za za\u0161titu \u017eivotne sredine odbacila je gotovo sve primjedbe MANS-a na nacrt rje\u0161enja o izdavanju integrisane dozvole za rad prvog bloka Termoelektrane (TE) u Pljevljima, koje je bilo na javnoj raspravi u januaru ove godine. Klju\u010dne primjedbe odnosile su se na netransparentnost prikazanih tro\u0161kova za najavljenu ekolo\u0161ku sanaciju prvog bloka, jer je Elektroprivreda (EPCG) [&hellip;]","og_url":"https:\/\/sandzakpress.net\/arhiva\/iz-mans-a-tvrde-povecali-troskove-ekoloske-rekonstrukcije-te-pljevlja-za-sedam-miliona\/","og_site_name":"Sand\u017eak PRESS","article_published_time":"2018-03-26T09:40:22+00:00","og_image":[{"width":900,"height":675,"url":"https:\/\/sandzakpress.net\/arhiva\/wp-content\/uploads\/2018\/03\/termoelektrana.jpg","type":"image\/jpeg"}],"author":"SM","twitter_card":"summary_large_image","twitter_misc":{"Written by":"SM","Est. reading time":"5 minuta"},"schema":{"@context":"https:\/\/schema.org","@graph":[{"@type":"Article","@id":"https:\/\/sandzakpress.net\/arhiva\/iz-mans-a-tvrde-povecali-troskove-ekoloske-rekonstrukcije-te-pljevlja-za-sedam-miliona\/#article","isPartOf":{"@id":"https:\/\/sandzakpress.net\/arhiva\/iz-mans-a-tvrde-povecali-troskove-ekoloske-rekonstrukcije-te-pljevlja-za-sedam-miliona\/"},"author":{"name":"SM","@id":"https:\/\/sandzakpress.net\/arhiva\/#\/schema\/person\/32f63b6bc693126333e4b1d8cccb52ac"},"headline":"Iz MANS-a tvrde \u2013 Pove\u0107ali tro\u0161kove ekolo\u0161ke rekonstrukcije TE Pljevlja za sedam miliona","datePublished":"2018-03-26T09:40:22+00:00","mainEntityOfPage":{"@id":"https:\/\/sandzakpress.net\/arhiva\/iz-mans-a-tvrde-povecali-troskove-ekoloske-rekonstrukcije-te-pljevlja-za-sedam-miliona\/"},"wordCount":1007,"commentCount":0,"publisher":{"@id":"https:\/\/sandzakpress.net\/arhiva\/#\/schema\/person\/6e72b67d6e51910a1117b3b483ba20bd"},"image":{"@id":"https:\/\/sandzakpress.net\/arhiva\/iz-mans-a-tvrde-povecali-troskove-ekoloske-rekonstrukcije-te-pljevlja-za-sedam-miliona\/#primaryimage"},"thumbnailUrl":"https:\/\/sandzakpress.net\/arhiva\/wp-content\/uploads\/2018\/03\/termoelektrana.jpg","articleSection":["Pljevlja","Dru\u0161tvo","NAJNOVIJE"],"inLanguage":"bs-BA","potentialAction":[{"@type":"CommentAction","name":"Comment","target":["https:\/\/sandzakpress.net\/arhiva\/iz-mans-a-tvrde-povecali-troskove-ekoloske-rekonstrukcije-te-pljevlja-za-sedam-miliona\/#respond"]}]},{"@type":"WebPage","@id":"https:\/\/sandzakpress.net\/arhiva\/iz-mans-a-tvrde-povecali-troskove-ekoloske-rekonstrukcije-te-pljevlja-za-sedam-miliona\/","url":"https:\/\/sandzakpress.net\/arhiva\/iz-mans-a-tvrde-povecali-troskove-ekoloske-rekonstrukcije-te-pljevlja-za-sedam-miliona\/","name":"Iz MANS-a tvrde \u2013 Pove\u0107ali tro\u0161kove ekolo\u0161ke rekonstrukcije TE Pljevlja za sedam miliona","isPartOf":{"@id":"https:\/\/sandzakpress.net\/arhiva\/#website"},"primaryImageOfPage":{"@id":"https:\/\/sandzakpress.net\/arhiva\/iz-mans-a-tvrde-povecali-troskove-ekoloske-rekonstrukcije-te-pljevlja-za-sedam-miliona\/#primaryimage"},"image":{"@id":"https:\/\/sandzakpress.net\/arhiva\/iz-mans-a-tvrde-povecali-troskove-ekoloske-rekonstrukcije-te-pljevlja-za-sedam-miliona\/#primaryimage"},"thumbnailUrl":"https:\/\/sandzakpress.net\/arhiva\/wp-content\/uploads\/2018\/03\/termoelektrana.jpg","datePublished":"2018-03-26T09:40:22+00:00","breadcrumb":{"@id":"https:\/\/sandzakpress.net\/arhiva\/iz-mans-a-tvrde-povecali-troskove-ekoloske-rekonstrukcije-te-pljevlja-za-sedam-miliona\/#breadcrumb"},"inLanguage":"bs-BA","potentialAction":[{"@type":"ReadAction","target":["https:\/\/sandzakpress.net\/arhiva\/iz-mans-a-tvrde-povecali-troskove-ekoloske-rekonstrukcije-te-pljevlja-za-sedam-miliona\/"]}]},{"@type":"ImageObject","inLanguage":"bs-BA","@id":"https:\/\/sandzakpress.net\/arhiva\/iz-mans-a-tvrde-povecali-troskove-ekoloske-rekonstrukcije-te-pljevlja-za-sedam-miliona\/#primaryimage","url":"https:\/\/sandzakpress.net\/arhiva\/wp-content\/uploads\/2018\/03\/termoelektrana.jpg","contentUrl":"https:\/\/sandzakpress.net\/arhiva\/wp-content\/uploads\/2018\/03\/termoelektrana.jpg","width":900,"height":675},{"@type":"BreadcrumbList","@id":"https:\/\/sandzakpress.net\/arhiva\/iz-mans-a-tvrde-povecali-troskove-ekoloske-rekonstrukcije-te-pljevlja-za-sedam-miliona\/#breadcrumb","itemListElement":[{"@type":"ListItem","position":1,"name":"Home","item":"https:\/\/sandzakpress.net\/arhiva\/"},{"@type":"ListItem","position":2,"name":"Iz MANS-a tvrde \u2013 Pove\u0107ali tro\u0161kove ekolo\u0161ke rekonstrukcije TE Pljevlja za sedam miliona"}]},{"@type":"WebSite","@id":"https:\/\/sandzakpress.net\/arhiva\/#website","url":"https:\/\/sandzakpress.net\/arhiva\/","name":"Sand\u017eak PRESS","description":"Prve elektronske novine u Sand\u017eaku","publisher":{"@id":"https:\/\/sandzakpress.net\/arhiva\/#\/schema\/person\/6e72b67d6e51910a1117b3b483ba20bd"},"potentialAction":[{"@type":"SearchAction","target":{"@type":"EntryPoint","urlTemplate":"https:\/\/sandzakpress.net\/arhiva\/?s={search_term_string}"},"query-input":{"@type":"PropertyValueSpecification","valueRequired":true,"valueName":"search_term_string"}}],"inLanguage":"bs-BA"},{"@type":["Person","Organization"],"@id":"https:\/\/sandzakpress.net\/arhiva\/#\/schema\/person\/6e72b67d6e51910a1117b3b483ba20bd","name":"Kul","image":{"@type":"ImageObject","inLanguage":"bs-BA","@id":"https:\/\/sandzakpress.net\/arhiva\/#\/schema\/person\/image\/","url":"https:\/\/secure.gravatar.com\/avatar\/42263f39aa27ac04c43cab85c280eb2e?s=96&d=mm&r=pg","contentUrl":"https:\/\/secure.gravatar.com\/avatar\/42263f39aa27ac04c43cab85c280eb2e?s=96&d=mm&r=pg","caption":"Kul"},"logo":{"@id":"https:\/\/sandzakpress.net\/arhiva\/#\/schema\/person\/image\/"}},{"@type":"Person","@id":"https:\/\/sandzakpress.net\/arhiva\/#\/schema\/person\/32f63b6bc693126333e4b1d8cccb52ac","name":"SM","image":{"@type":"ImageObject","inLanguage":"bs-BA","@id":"https:\/\/sandzakpress.net\/arhiva\/#\/schema\/person\/image\/","url":"https:\/\/secure.gravatar.com\/avatar\/e06a45a606f1dee973ded6565c9e653e?s=96&d=mm&r=pg","contentUrl":"https:\/\/secure.gravatar.com\/avatar\/e06a45a606f1dee973ded6565c9e653e?s=96&d=mm&r=pg","caption":"SM"},"url":"https:\/\/sandzakpress.net\/arhiva\/author\/sandzakmedia\/"}]}},"_links":{"self":[{"href":"https:\/\/sandzakpress.net\/arhiva\/wp-json\/wp\/v2\/posts\/204540"}],"collection":[{"href":"https:\/\/sandzakpress.net\/arhiva\/wp-json\/wp\/v2\/posts"}],"about":[{"href":"https:\/\/sandzakpress.net\/arhiva\/wp-json\/wp\/v2\/types\/post"}],"author":[{"embeddable":true,"href":"https:\/\/sandzakpress.net\/arhiva\/wp-json\/wp\/v2\/users\/501"}],"replies":[{"embeddable":true,"href":"https:\/\/sandzakpress.net\/arhiva\/wp-json\/wp\/v2\/comments?post=204540"}],"version-history":[{"count":0,"href":"https:\/\/sandzakpress.net\/arhiva\/wp-json\/wp\/v2\/posts\/204540\/revisions"}],"wp:featuredmedia":[{"embeddable":true,"href":"https:\/\/sandzakpress.net\/arhiva\/wp-json\/wp\/v2\/media\/204554"}],"wp:attachment":[{"href":"https:\/\/sandzakpress.net\/arhiva\/wp-json\/wp\/v2\/media?parent=204540"}],"wp:term":[{"taxonomy":"category","embeddable":true,"href":"https:\/\/sandzakpress.net\/arhiva\/wp-json\/wp\/v2\/categories?post=204540"},{"taxonomy":"post_tag","embeddable":true,"href":"https:\/\/sandzakpress.net\/arhiva\/wp-json\/wp\/v2\/tags?post=204540"}],"curies":[{"name":"wp","href":"https:\/\/api.w.org\/{rel}","templated":true}]}}