{"id":204528,"date":"2018-03-25T19:20:07","date_gmt":"2018-03-25T17:20:07","guid":{"rendered":"https:\/\/sandzakpress.net\/arhiva\/?p=204528"},"modified":"2018-03-25T21:46:43","modified_gmt":"2018-03-25T19:46:43","slug":"obiljezeno-je-6-godina-od-osnivanja-bkz-u-luksemburgu","status":"publish","type":"post","link":"https:\/\/sandzakpress.net\/arhiva\/obiljezeno-je-6-godina-od-osnivanja-bkz-u-luksemburgu\/","title":{"rendered":"Obilje\u017eeno je 6 godina od osnivanja BKZ u Luksemburgu"},"content":{"rendered":"<p><img decoding=\"async\" src=\"http:\/\/sanapress.info\/wp-content\/uploads\/2018\/03\/0-6.jpg\" \/><\/p>\n<p><b>U glavnom gradu Luksemburga obilje\u017eena je 6-togodi\u0161njica postojanja BKZ u Luksemburgu. Tim povodom promoviran je i ud\u017ebenik \u201cBosanski jezik\u201d, autora dr. Jahje Fehratovi\u0107a.<\/b><\/p>\n<p>Pored autora , gosti ve\u010deri bili su i akademik Fatmir Ba\u010di, te izvo\u0111a\u010d duhovne muzike Hamza \u0160krijelj.<\/p>\n<p>Na po\u010detku prisutne je poselamio predsjednik BKZ u Luksemburgu Enver \u0160utkovi\u0107. On je u svom obra\u0107anju istakao va\u017enost o\u010duvanja nacionalnog identiteta, te rekao da je ponosan na sve uspjehe koje je ostvarila BKZ za ovih 6 godina.<\/p>\n<p>Prisutni su imali prilike u\u017eivati u kasidama o Had\u017eetu i Ali Pa\u0161i, a premijerno je prikazan i spot za kasidu pod nazivom \u201cTemd\u017eid \u0160ahovi\u0107a\u201d, koja govori o Genocidu nad Bo\u0161njacima \u0160ahovi\u0107a u novembru 1924. godine.<\/p>\n<p>U obra\u0107anju prisutnima \u0160krijelj je iskazao svoju sre\u0107u i zadovoljstvo \u0161to ima priliku biti dio ekipe koja \u0107e govoriti o svojoj naciji, njezinoj veli\u010dini, te stradanjima kroz povijest, a sve sa ciljem da budu\u0107e generacije ostanu svjesne \u0161ta su njihovi preci do\u017eivjeli i \u017ertvovali da bi se danas oni ponosno zvali Bo\u0161njacima.<\/p>\n<p>O va\u017enosti i veli\u010dini Bosne govorio je akademik Fatmir Ba\u010di, isti\u010du\u0107i da je ona, uprkos svim vjetrovima, usponima i padovima, napu\u0161tanjima i vra\u0107anjima ostala stamena i jaka, kao majka koja stalno ispra\u0107a i do\u010dekuje svoj evlad.<\/p>\n<p>Dr. Jahja Fehratovi\u0107 otpo\u010deo je izlaganje pjesmom \u201cMora\u201d, autora Abdulaha Sidrana, te pjesmom Maka Dizdara.<\/p>\n<p>\u201cNekada su, sje\u0107am se, moja majka govorila nama, svojoj djeci uspavanku, tra\u017ee\u0107i da ponavljamo za njom:\u201d Ja legoh ma\u0161allah, ako osvanem elhamdulillah, ako preselim la ilahe ilallah\u201d, isti\u010de dr. Fehratovi\u0107.<\/p>\n<p>On je podsjetio prisutne da konstantno trebamo pri\u010dati o svojoj historiji, te da ih ne dozvolimo zaboravu.<\/p>\n<p>\u201cOnda kada smo zaboravili \u0160ahovi\u0107e iz 1924. godine, desio nam se Had\u017eet 1944. Onda kada smo zaboravili Had\u017eet, desila nam se Srebrenica. A na\u0161e majke su \u010duvale to sje\u0107anje od zaborava, pa smo kao djeca \u010desto povljali brzalicu:\u201d \u010cetrdeset \u010detiri \u010davke \u010du\u010dahu na Had\u017eet i gledahu kako je \u010dovjek \u010dovjeka udario \u010deki\u0107em u \u010delo\u201d. Nismo tada razumjeli to, ali kada smo odrasli shvatili smo da je to Genocid na Had\u017eetu iz \u201844 godine. E na taj na\u010din su one to sje\u0107anje, bar kroz brzalice \u010duvale u na\u0161im glavama da ne nestanu\u201d, poru\u010duje dr. Fehratovi\u0107.<\/p>\n<p>Glavni razlog pisanja ovog ud\u017ebenika , isti\u010de Fehratovi\u0107, jeste njegov boravak \u0161irom dijaspore i slika bo\u0161nja\u010dkih generacija koje stasavaju kako polako gube vezu sa bosanskim jezikom.<\/p>\n<p>\u201cOvaj ud\u017ebenik je prilago\u0111en svim uzrastima. Kroz njega se promovira, pored bosanskog jezika i bo\u0161nja\u010dka tradicija\u201d, poru\u010dio je Fehratovi\u0107.<\/p>\n<p>Tri momka samoinicijativno, odu\u0161evljeni onim \u0161to radi i kako djeluje CHR Hajrat, uru\u010dili su koordinatoru CHR Hajrata za Ju\u017eni Sand\u017eak Almiru Muratovi\u0107u kamionet za potrebe ove humanitarne organizacije. Tom prilikom se zahvalio gospodin Almir Muratovi\u0107, isti\u010du\u0107i da je BKZ sto\u017eer o\u010duvanja tradicije. Tom prilikom \u010destitao je i Bo\u0161njacima Luksemburga ovaj poseban datum.<\/p>\n<p>Jedan od doma\u0107ina Muhamed \u0106eman u obra\u0107anju prisutnima poru\u010dio je da je do\u0161lo vrijeme da bo\u0161nja\u010dka djeca, ovim ud\u017ebenikom, upoznaju svoju tradiciju i jezik na pravi na\u010din, od strane akademske elite.<\/p>\n<p>\u010cestitke su pristigle sa sviju strana, sa raznih adresa \u0161irom dijaspore.<\/p>\n<p>Ove ve\u010deri dodijeljen je i laureat, zlatni dukat i plaketu \u201cMula Osman Hrastoder\u201d, koja se dodjeljuje istaknutim Bo\u0161njacima koji su doprinijeli promociji bosanskog jezika i tradicije. Ove godine dobitnik je udru\u017eenje \u201cProsvjetitelj.<\/p>\n<p><img decoding=\"async\" class=\"size-full\" src=\"https:\/\/sanapress.info\/wp-content\/uploads\/2018\/03\/img-f8d6866f852fe3723d3cf568da72999b-v1431957887.jpg\" data-wpid=\"49\" \/><\/p>\n<p><img decoding=\"async\" class=\"size-full\" src=\"https:\/\/sanapress.info\/wp-content\/uploads\/2018\/03\/img-cf23da16056656ba6d830bcb26628925-v1206615580.jpg\" data-wpid=\"50\" \/><\/p>\n<p><img loading=\"lazy\" decoding=\"async\" class=\"alignnone size-full wp-image-36971\" src=\"http:\/\/sanapress.info\/wp-content\/uploads\/2018\/03\/1-20.jpg\" sizes=\"(max-width: 1280px) 100vw, 1280px\" srcset=\"http:\/\/sanapress.info\/wp-content\/uploads\/2018\/03\/1-20.jpg 1280w, http:\/\/sanapress.info\/wp-content\/uploads\/2018\/03\/1-20-300x225.jpg 300w, http:\/\/sanapress.info\/wp-content\/uploads\/2018\/03\/1-20-768x576.jpg 768w, http:\/\/sanapress.info\/wp-content\/uploads\/2018\/03\/1-20-1024x768.jpg 1024w\" alt=\"\" width=\"1280\" height=\"960\" \/><img loading=\"lazy\" decoding=\"async\" class=\"alignnone size-full wp-image-36972\" src=\"http:\/\/sanapress.info\/wp-content\/uploads\/2018\/03\/2-14.jpg\" sizes=\"(max-width: 1280px) 100vw, 1280px\" srcset=\"http:\/\/sanapress.info\/wp-content\/uploads\/2018\/03\/2-14.jpg 1280w, http:\/\/sanapress.info\/wp-content\/uploads\/2018\/03\/2-14-300x225.jpg 300w, http:\/\/sanapress.info\/wp-content\/uploads\/2018\/03\/2-14-768x576.jpg 768w, http:\/\/sanapress.info\/wp-content\/uploads\/2018\/03\/2-14-1024x768.jpg 1024w\" alt=\"\" width=\"1280\" height=\"960\" \/><img loading=\"lazy\" decoding=\"async\" class=\"alignnone size-full wp-image-36973\" src=\"http:\/\/sanapress.info\/wp-content\/uploads\/2018\/03\/3-11.jpg\" sizes=\"(max-width: 1280px) 100vw, 1280px\" srcset=\"http:\/\/sanapress.info\/wp-content\/uploads\/2018\/03\/3-11.jpg 1280w, http:\/\/sanapress.info\/wp-content\/uploads\/2018\/03\/3-11-300x225.jpg 300w, http:\/\/sanapress.info\/wp-content\/uploads\/2018\/03\/3-11-768x576.jpg 768w, http:\/\/sanapress.info\/wp-content\/uploads\/2018\/03\/3-11-1024x768.jpg 1024w\" alt=\"\" width=\"1280\" height=\"960\" \/><img loading=\"lazy\" decoding=\"async\" class=\"alignnone size-full wp-image-36974\" src=\"http:\/\/sanapress.info\/wp-content\/uploads\/2018\/03\/3a.jpg\" sizes=\"(max-width: 960px) 100vw, 960px\" srcset=\"http:\/\/sanapress.info\/wp-content\/uploads\/2018\/03\/3a.jpg 960w, http:\/\/sanapress.info\/wp-content\/uploads\/2018\/03\/3a-225x300.jpg 225w, http:\/\/sanapress.info\/wp-content\/uploads\/2018\/03\/3a-768x1024.jpg 768w\" alt=\"\" width=\"960\" height=\"1280\" \/><img loading=\"lazy\" decoding=\"async\" class=\"alignnone size-full wp-image-36975\" src=\"http:\/\/sanapress.info\/wp-content\/uploads\/2018\/03\/4-7.jpg\" sizes=\"(max-width: 1280px) 100vw, 1280px\" srcset=\"http:\/\/sanapress.info\/wp-content\/uploads\/2018\/03\/4-7.jpg 1280w, http:\/\/sanapress.info\/wp-content\/uploads\/2018\/03\/4-7-300x225.jpg 300w, http:\/\/sanapress.info\/wp-content\/uploads\/2018\/03\/4-7-768x576.jpg 768w, http:\/\/sanapress.info\/wp-content\/uploads\/2018\/03\/4-7-1024x768.jpg 1024w\" alt=\"\" width=\"1280\" height=\"960\" \/><\/p>\n","protected":false},"excerpt":{"rendered":"<p>U glavnom gradu Luksemburga obilje\u017eena je 6-togodi\u0161njica postojanja BKZ u Luksemburgu. Tim povodom promoviran je i ud\u017ebenik \u201cBosanski jezik\u201d, autora dr. Jahje Fehratovi\u0107a. Pored autora , gosti ve\u010deri bili su i akademik Fatmir Ba\u010di, te izvo\u0111a\u010d duhovne muzike Hamza \u0160krijelj. Na po\u010detku prisutne je poselamio predsjednik BKZ u Luksemburgu Enver \u0160utkovi\u0107. On je u svom [&hellip;]<\/p>\n","protected":false},"author":501,"featured_media":204530,"comment_status":"open","ping_status":"open","sticky":false,"template":"","format":"standard","meta":{"footnotes":""},"categories":[9,9549,8957,798],"tags":[],"class_list":{"0":"post-204528","1":"post","2":"type-post","3":"status-publish","4":"format-standard","5":"has-post-thumbnail","7":"category-svijet","8":"category-luxemburg","9":"category-vijesti-dana","10":"category-teme"},"yoast_head":"<!-- This site is optimized with the Yoast SEO Premium plugin v23.1 (Yoast SEO v24.9) - https:\/\/yoast.com\/wordpress\/plugins\/seo\/ -->\n<title>Obilje\u017eeno je 6 godina od osnivanja BKZ u Luksemburgu<\/title>\n<meta name=\"robots\" content=\"index, follow, max-snippet:-1, max-image-preview:large, max-video-preview:-1\" \/>\n<link rel=\"canonical\" href=\"https:\/\/sandzakpress.net\/arhiva\/obiljezeno-je-6-godina-od-osnivanja-bkz-u-luksemburgu\/\" \/>\n<meta property=\"og:locale\" content=\"bs_BA\" \/>\n<meta property=\"og:type\" content=\"article\" \/>\n<meta property=\"og:title\" content=\"Obilje\u017eeno je 6 godina od osnivanja BKZ u Luksemburgu\" \/>\n<meta property=\"og:description\" content=\"U glavnom gradu Luksemburga obilje\u017eena je 6-togodi\u0161njica postojanja BKZ u Luksemburgu. Tim povodom promoviran je i ud\u017ebenik \u201cBosanski jezik\u201d, autora dr. Jahje Fehratovi\u0107a. Pored autora , gosti ve\u010deri bili su i akademik Fatmir Ba\u010di, te izvo\u0111a\u010d duhovne muzike Hamza \u0160krijelj. Na po\u010detku prisutne je poselamio predsjednik BKZ u Luksemburgu Enver \u0160utkovi\u0107. On je u svom [&hellip;]\" \/>\n<meta property=\"og:url\" content=\"https:\/\/sandzakpress.net\/arhiva\/obiljezeno-je-6-godina-od-osnivanja-bkz-u-luksemburgu\/\" \/>\n<meta property=\"og:site_name\" content=\"Sand\u017eak PRESS\" \/>\n<meta property=\"article:published_time\" content=\"2018-03-25T17:20:07+00:00\" \/>\n<meta property=\"article:modified_time\" content=\"2018-03-25T19:46:43+00:00\" \/>\n<meta property=\"og:image\" content=\"https:\/\/sandzakpress.net\/arhiva\/wp-content\/uploads\/2018\/03\/0-6-1.jpg\" \/>\n\t<meta property=\"og:image:width\" content=\"1280\" \/>\n\t<meta property=\"og:image:height\" content=\"960\" \/>\n\t<meta property=\"og:image:type\" content=\"image\/jpeg\" \/>\n<meta name=\"author\" content=\"SM\" \/>\n<meta name=\"twitter:card\" content=\"summary_large_image\" \/>\n<meta name=\"twitter:label1\" content=\"Written by\" \/>\n\t<meta name=\"twitter:data1\" content=\"SM\" \/>\n\t<meta name=\"twitter:label2\" content=\"Est. reading time\" \/>\n\t<meta name=\"twitter:data2\" content=\"3 minute\" \/>\n<script type=\"application\/ld+json\" class=\"yoast-schema-graph\">{\"@context\":\"https:\/\/schema.org\",\"@graph\":[{\"@type\":\"Article\",\"@id\":\"https:\/\/sandzakpress.net\/arhiva\/obiljezeno-je-6-godina-od-osnivanja-bkz-u-luksemburgu\/#article\",\"isPartOf\":{\"@id\":\"https:\/\/sandzakpress.net\/arhiva\/obiljezeno-je-6-godina-od-osnivanja-bkz-u-luksemburgu\/\"},\"author\":{\"name\":\"SM\",\"@id\":\"https:\/\/sandzakpress.net\/arhiva\/#\/schema\/person\/32f63b6bc693126333e4b1d8cccb52ac\"},\"headline\":\"Obilje\u017eeno je 6 godina od osnivanja BKZ u Luksemburgu\",\"datePublished\":\"2018-03-25T17:20:07+00:00\",\"dateModified\":\"2018-03-25T19:46:43+00:00\",\"mainEntityOfPage\":{\"@id\":\"https:\/\/sandzakpress.net\/arhiva\/obiljezeno-je-6-godina-od-osnivanja-bkz-u-luksemburgu\/\"},\"wordCount\":612,\"commentCount\":1,\"publisher\":{\"@id\":\"https:\/\/sandzakpress.net\/arhiva\/#\/schema\/person\/6e72b67d6e51910a1117b3b483ba20bd\"},\"image\":{\"@id\":\"https:\/\/sandzakpress.net\/arhiva\/obiljezeno-je-6-godina-od-osnivanja-bkz-u-luksemburgu\/#primaryimage\"},\"thumbnailUrl\":\"https:\/\/sandzakpress.net\/arhiva\/wp-content\/uploads\/2018\/03\/0-6-1.jpg\",\"articleSection\":[\"Svijet\",\"Luksemburg\",\"VIJESTI DANA\",\"NAJNOVIJE\"],\"inLanguage\":\"bs-BA\",\"potentialAction\":[{\"@type\":\"CommentAction\",\"name\":\"Comment\",\"target\":[\"https:\/\/sandzakpress.net\/arhiva\/obiljezeno-je-6-godina-od-osnivanja-bkz-u-luksemburgu\/#respond\"]}]},{\"@type\":\"WebPage\",\"@id\":\"https:\/\/sandzakpress.net\/arhiva\/obiljezeno-je-6-godina-od-osnivanja-bkz-u-luksemburgu\/\",\"url\":\"https:\/\/sandzakpress.net\/arhiva\/obiljezeno-je-6-godina-od-osnivanja-bkz-u-luksemburgu\/\",\"name\":\"Obilje\u017eeno je 6 godina od osnivanja BKZ u Luksemburgu\",\"isPartOf\":{\"@id\":\"https:\/\/sandzakpress.net\/arhiva\/#website\"},\"primaryImageOfPage\":{\"@id\":\"https:\/\/sandzakpress.net\/arhiva\/obiljezeno-je-6-godina-od-osnivanja-bkz-u-luksemburgu\/#primaryimage\"},\"image\":{\"@id\":\"https:\/\/sandzakpress.net\/arhiva\/obiljezeno-je-6-godina-od-osnivanja-bkz-u-luksemburgu\/#primaryimage\"},\"thumbnailUrl\":\"https:\/\/sandzakpress.net\/arhiva\/wp-content\/uploads\/2018\/03\/0-6-1.jpg\",\"datePublished\":\"2018-03-25T17:20:07+00:00\",\"dateModified\":\"2018-03-25T19:46:43+00:00\",\"breadcrumb\":{\"@id\":\"https:\/\/sandzakpress.net\/arhiva\/obiljezeno-je-6-godina-od-osnivanja-bkz-u-luksemburgu\/#breadcrumb\"},\"inLanguage\":\"bs-BA\",\"potentialAction\":[{\"@type\":\"ReadAction\",\"target\":[\"https:\/\/sandzakpress.net\/arhiva\/obiljezeno-je-6-godina-od-osnivanja-bkz-u-luksemburgu\/\"]}]},{\"@type\":\"ImageObject\",\"inLanguage\":\"bs-BA\",\"@id\":\"https:\/\/sandzakpress.net\/arhiva\/obiljezeno-je-6-godina-od-osnivanja-bkz-u-luksemburgu\/#primaryimage\",\"url\":\"https:\/\/sandzakpress.net\/arhiva\/wp-content\/uploads\/2018\/03\/0-6-1.jpg\",\"contentUrl\":\"https:\/\/sandzakpress.net\/arhiva\/wp-content\/uploads\/2018\/03\/0-6-1.jpg\",\"width\":1280,\"height\":960},{\"@type\":\"BreadcrumbList\",\"@id\":\"https:\/\/sandzakpress.net\/arhiva\/obiljezeno-je-6-godina-od-osnivanja-bkz-u-luksemburgu\/#breadcrumb\",\"itemListElement\":[{\"@type\":\"ListItem\",\"position\":1,\"name\":\"Home\",\"item\":\"https:\/\/sandzakpress.net\/arhiva\/\"},{\"@type\":\"ListItem\",\"position\":2,\"name\":\"Obilje\u017eeno je 6 godina od osnivanja BKZ u Luksemburgu\"}]},{\"@type\":\"WebSite\",\"@id\":\"https:\/\/sandzakpress.net\/arhiva\/#website\",\"url\":\"https:\/\/sandzakpress.net\/arhiva\/\",\"name\":\"Sand\u017eak PRESS\",\"description\":\"Prve elektronske novine u Sand\u017eaku\",\"publisher\":{\"@id\":\"https:\/\/sandzakpress.net\/arhiva\/#\/schema\/person\/6e72b67d6e51910a1117b3b483ba20bd\"},\"potentialAction\":[{\"@type\":\"SearchAction\",\"target\":{\"@type\":\"EntryPoint\",\"urlTemplate\":\"https:\/\/sandzakpress.net\/arhiva\/?s={search_term_string}\"},\"query-input\":{\"@type\":\"PropertyValueSpecification\",\"valueRequired\":true,\"valueName\":\"search_term_string\"}}],\"inLanguage\":\"bs-BA\"},{\"@type\":[\"Person\",\"Organization\"],\"@id\":\"https:\/\/sandzakpress.net\/arhiva\/#\/schema\/person\/6e72b67d6e51910a1117b3b483ba20bd\",\"name\":\"Kul\",\"image\":{\"@type\":\"ImageObject\",\"inLanguage\":\"bs-BA\",\"@id\":\"https:\/\/sandzakpress.net\/arhiva\/#\/schema\/person\/image\/\",\"url\":\"https:\/\/secure.gravatar.com\/avatar\/42263f39aa27ac04c43cab85c280eb2e?s=96&d=mm&r=pg\",\"contentUrl\":\"https:\/\/secure.gravatar.com\/avatar\/42263f39aa27ac04c43cab85c280eb2e?s=96&d=mm&r=pg\",\"caption\":\"Kul\"},\"logo\":{\"@id\":\"https:\/\/sandzakpress.net\/arhiva\/#\/schema\/person\/image\/\"}},{\"@type\":\"Person\",\"@id\":\"https:\/\/sandzakpress.net\/arhiva\/#\/schema\/person\/32f63b6bc693126333e4b1d8cccb52ac\",\"name\":\"SM\",\"image\":{\"@type\":\"ImageObject\",\"inLanguage\":\"bs-BA\",\"@id\":\"https:\/\/sandzakpress.net\/arhiva\/#\/schema\/person\/image\/\",\"url\":\"https:\/\/secure.gravatar.com\/avatar\/e06a45a606f1dee973ded6565c9e653e?s=96&d=mm&r=pg\",\"contentUrl\":\"https:\/\/secure.gravatar.com\/avatar\/e06a45a606f1dee973ded6565c9e653e?s=96&d=mm&r=pg\",\"caption\":\"SM\"},\"url\":\"https:\/\/sandzakpress.net\/arhiva\/author\/sandzakmedia\/\"}]}<\/script>\n<!-- \/ Yoast SEO Premium plugin. -->","yoast_head_json":{"title":"Obilje\u017eeno je 6 godina od osnivanja BKZ u Luksemburgu","robots":{"index":"index","follow":"follow","max-snippet":"max-snippet:-1","max-image-preview":"max-image-preview:large","max-video-preview":"max-video-preview:-1"},"canonical":"https:\/\/sandzakpress.net\/arhiva\/obiljezeno-je-6-godina-od-osnivanja-bkz-u-luksemburgu\/","og_locale":"bs_BA","og_type":"article","og_title":"Obilje\u017eeno je 6 godina od osnivanja BKZ u Luksemburgu","og_description":"U glavnom gradu Luksemburga obilje\u017eena je 6-togodi\u0161njica postojanja BKZ u Luksemburgu. Tim povodom promoviran je i ud\u017ebenik \u201cBosanski jezik\u201d, autora dr. Jahje Fehratovi\u0107a. Pored autora , gosti ve\u010deri bili su i akademik Fatmir Ba\u010di, te izvo\u0111a\u010d duhovne muzike Hamza \u0160krijelj. Na po\u010detku prisutne je poselamio predsjednik BKZ u Luksemburgu Enver \u0160utkovi\u0107. On je u svom [&hellip;]","og_url":"https:\/\/sandzakpress.net\/arhiva\/obiljezeno-je-6-godina-od-osnivanja-bkz-u-luksemburgu\/","og_site_name":"Sand\u017eak PRESS","article_published_time":"2018-03-25T17:20:07+00:00","article_modified_time":"2018-03-25T19:46:43+00:00","og_image":[{"width":1280,"height":960,"url":"https:\/\/sandzakpress.net\/arhiva\/wp-content\/uploads\/2018\/03\/0-6-1.jpg","type":"image\/jpeg"}],"author":"SM","twitter_card":"summary_large_image","twitter_misc":{"Written by":"SM","Est. reading time":"3 minute"},"schema":{"@context":"https:\/\/schema.org","@graph":[{"@type":"Article","@id":"https:\/\/sandzakpress.net\/arhiva\/obiljezeno-je-6-godina-od-osnivanja-bkz-u-luksemburgu\/#article","isPartOf":{"@id":"https:\/\/sandzakpress.net\/arhiva\/obiljezeno-je-6-godina-od-osnivanja-bkz-u-luksemburgu\/"},"author":{"name":"SM","@id":"https:\/\/sandzakpress.net\/arhiva\/#\/schema\/person\/32f63b6bc693126333e4b1d8cccb52ac"},"headline":"Obilje\u017eeno je 6 godina od osnivanja BKZ u Luksemburgu","datePublished":"2018-03-25T17:20:07+00:00","dateModified":"2018-03-25T19:46:43+00:00","mainEntityOfPage":{"@id":"https:\/\/sandzakpress.net\/arhiva\/obiljezeno-je-6-godina-od-osnivanja-bkz-u-luksemburgu\/"},"wordCount":612,"commentCount":1,"publisher":{"@id":"https:\/\/sandzakpress.net\/arhiva\/#\/schema\/person\/6e72b67d6e51910a1117b3b483ba20bd"},"image":{"@id":"https:\/\/sandzakpress.net\/arhiva\/obiljezeno-je-6-godina-od-osnivanja-bkz-u-luksemburgu\/#primaryimage"},"thumbnailUrl":"https:\/\/sandzakpress.net\/arhiva\/wp-content\/uploads\/2018\/03\/0-6-1.jpg","articleSection":["Svijet","Luksemburg","VIJESTI DANA","NAJNOVIJE"],"inLanguage":"bs-BA","potentialAction":[{"@type":"CommentAction","name":"Comment","target":["https:\/\/sandzakpress.net\/arhiva\/obiljezeno-je-6-godina-od-osnivanja-bkz-u-luksemburgu\/#respond"]}]},{"@type":"WebPage","@id":"https:\/\/sandzakpress.net\/arhiva\/obiljezeno-je-6-godina-od-osnivanja-bkz-u-luksemburgu\/","url":"https:\/\/sandzakpress.net\/arhiva\/obiljezeno-je-6-godina-od-osnivanja-bkz-u-luksemburgu\/","name":"Obilje\u017eeno je 6 godina od osnivanja BKZ u Luksemburgu","isPartOf":{"@id":"https:\/\/sandzakpress.net\/arhiva\/#website"},"primaryImageOfPage":{"@id":"https:\/\/sandzakpress.net\/arhiva\/obiljezeno-je-6-godina-od-osnivanja-bkz-u-luksemburgu\/#primaryimage"},"image":{"@id":"https:\/\/sandzakpress.net\/arhiva\/obiljezeno-je-6-godina-od-osnivanja-bkz-u-luksemburgu\/#primaryimage"},"thumbnailUrl":"https:\/\/sandzakpress.net\/arhiva\/wp-content\/uploads\/2018\/03\/0-6-1.jpg","datePublished":"2018-03-25T17:20:07+00:00","dateModified":"2018-03-25T19:46:43+00:00","breadcrumb":{"@id":"https:\/\/sandzakpress.net\/arhiva\/obiljezeno-je-6-godina-od-osnivanja-bkz-u-luksemburgu\/#breadcrumb"},"inLanguage":"bs-BA","potentialAction":[{"@type":"ReadAction","target":["https:\/\/sandzakpress.net\/arhiva\/obiljezeno-je-6-godina-od-osnivanja-bkz-u-luksemburgu\/"]}]},{"@type":"ImageObject","inLanguage":"bs-BA","@id":"https:\/\/sandzakpress.net\/arhiva\/obiljezeno-je-6-godina-od-osnivanja-bkz-u-luksemburgu\/#primaryimage","url":"https:\/\/sandzakpress.net\/arhiva\/wp-content\/uploads\/2018\/03\/0-6-1.jpg","contentUrl":"https:\/\/sandzakpress.net\/arhiva\/wp-content\/uploads\/2018\/03\/0-6-1.jpg","width":1280,"height":960},{"@type":"BreadcrumbList","@id":"https:\/\/sandzakpress.net\/arhiva\/obiljezeno-je-6-godina-od-osnivanja-bkz-u-luksemburgu\/#breadcrumb","itemListElement":[{"@type":"ListItem","position":1,"name":"Home","item":"https:\/\/sandzakpress.net\/arhiva\/"},{"@type":"ListItem","position":2,"name":"Obilje\u017eeno je 6 godina od osnivanja BKZ u Luksemburgu"}]},{"@type":"WebSite","@id":"https:\/\/sandzakpress.net\/arhiva\/#website","url":"https:\/\/sandzakpress.net\/arhiva\/","name":"Sand\u017eak PRESS","description":"Prve elektronske novine u Sand\u017eaku","publisher":{"@id":"https:\/\/sandzakpress.net\/arhiva\/#\/schema\/person\/6e72b67d6e51910a1117b3b483ba20bd"},"potentialAction":[{"@type":"SearchAction","target":{"@type":"EntryPoint","urlTemplate":"https:\/\/sandzakpress.net\/arhiva\/?s={search_term_string}"},"query-input":{"@type":"PropertyValueSpecification","valueRequired":true,"valueName":"search_term_string"}}],"inLanguage":"bs-BA"},{"@type":["Person","Organization"],"@id":"https:\/\/sandzakpress.net\/arhiva\/#\/schema\/person\/6e72b67d6e51910a1117b3b483ba20bd","name":"Kul","image":{"@type":"ImageObject","inLanguage":"bs-BA","@id":"https:\/\/sandzakpress.net\/arhiva\/#\/schema\/person\/image\/","url":"https:\/\/secure.gravatar.com\/avatar\/42263f39aa27ac04c43cab85c280eb2e?s=96&d=mm&r=pg","contentUrl":"https:\/\/secure.gravatar.com\/avatar\/42263f39aa27ac04c43cab85c280eb2e?s=96&d=mm&r=pg","caption":"Kul"},"logo":{"@id":"https:\/\/sandzakpress.net\/arhiva\/#\/schema\/person\/image\/"}},{"@type":"Person","@id":"https:\/\/sandzakpress.net\/arhiva\/#\/schema\/person\/32f63b6bc693126333e4b1d8cccb52ac","name":"SM","image":{"@type":"ImageObject","inLanguage":"bs-BA","@id":"https:\/\/sandzakpress.net\/arhiva\/#\/schema\/person\/image\/","url":"https:\/\/secure.gravatar.com\/avatar\/e06a45a606f1dee973ded6565c9e653e?s=96&d=mm&r=pg","contentUrl":"https:\/\/secure.gravatar.com\/avatar\/e06a45a606f1dee973ded6565c9e653e?s=96&d=mm&r=pg","caption":"SM"},"url":"https:\/\/sandzakpress.net\/arhiva\/author\/sandzakmedia\/"}]}},"_links":{"self":[{"href":"https:\/\/sandzakpress.net\/arhiva\/wp-json\/wp\/v2\/posts\/204528"}],"collection":[{"href":"https:\/\/sandzakpress.net\/arhiva\/wp-json\/wp\/v2\/posts"}],"about":[{"href":"https:\/\/sandzakpress.net\/arhiva\/wp-json\/wp\/v2\/types\/post"}],"author":[{"embeddable":true,"href":"https:\/\/sandzakpress.net\/arhiva\/wp-json\/wp\/v2\/users\/501"}],"replies":[{"embeddable":true,"href":"https:\/\/sandzakpress.net\/arhiva\/wp-json\/wp\/v2\/comments?post=204528"}],"version-history":[{"count":0,"href":"https:\/\/sandzakpress.net\/arhiva\/wp-json\/wp\/v2\/posts\/204528\/revisions"}],"wp:featuredmedia":[{"embeddable":true,"href":"https:\/\/sandzakpress.net\/arhiva\/wp-json\/wp\/v2\/media\/204530"}],"wp:attachment":[{"href":"https:\/\/sandzakpress.net\/arhiva\/wp-json\/wp\/v2\/media?parent=204528"}],"wp:term":[{"taxonomy":"category","embeddable":true,"href":"https:\/\/sandzakpress.net\/arhiva\/wp-json\/wp\/v2\/categories?post=204528"},{"taxonomy":"post_tag","embeddable":true,"href":"https:\/\/sandzakpress.net\/arhiva\/wp-json\/wp\/v2\/tags?post=204528"}],"curies":[{"name":"wp","href":"https:\/\/api.w.org\/{rel}","templated":true}]}}