{"id":204523,"date":"2018-03-25T19:00:04","date_gmt":"2018-03-25T17:00:04","guid":{"rendered":"https:\/\/sandzakpress.net\/arhiva\/?p=204523"},"modified":"2018-03-25T18:48:51","modified_gmt":"2018-03-25T16:48:51","slug":"spp-pokrenula-inicijativu-za-izgradnju-osnovne-skole-u-sutenovcu","status":"publish","type":"post","link":"https:\/\/sandzakpress.net\/arhiva\/spp-pokrenula-inicijativu-za-izgradnju-osnovne-skole-u-sutenovcu\/","title":{"rendered":"SPP pokrenula inicijativu za izgradnju osnovne \u0161kole u \u0160utenovcu"},"content":{"rendered":"<p><img loading=\"lazy\" decoding=\"async\" class=\"alignnone size-full wp-image-36978\" src=\"http:\/\/sanapress.info\/wp-content\/uploads\/2018\/03\/1-21.jpg\" alt=\"\" width=\"1280\" height=\"960\" \/><\/p>\n<p>Stranka pravde i pomirenja (SPP) uporna u svojim ciljevima. Dr\u017eavni sekretari\u00a0Edin Ze\u0107irovi\u0107 i Zaim Red\u017eepovic,\u00a0zamjenik direktora Uprave za saradnju s vjerskim zajednicama Ministarstva pravde dr. Ferid Buli\u0107, predsjednik GO Novi Pazar dr. Mustafa Feti\u0107, i brojni gra\u0111ani podr\u017eali su inicijaivnu da se naselje \u0160utrnovac infrastrukturno uredi. Ministarstvo prosvjete obezbijedilo sredstva za izgradnju \u0161kole u Novom Pazaru ali poslije godinu dana lokalna samouprava nije obezbijedila lokaciju za izgradnju. Predstavnici SPP-a smatraju da bi \u0161kolu trebalo izgraditi u naselju \u0160utenovac a kao razloge navode to \u0161to djeca iz ovog naselja nastavu poha\u0111aju u \u0161kolama Vuk Karad\u017ei\u0107 i Rifat Burd\u017eevi\u0107 Tr\u0161o. Pored toga O\u0160 Vuk Karad\u017ei\u0107 je jedna od najoptere\u0107enijih \u0161kola u dr\u017eavi a \u0111aci poha\u0111aju nastavu u tri smjene.<\/p>\n<p>Ure\u0111enje Jo\u0161anice jedan od je od primarnih problema ovog naselja, pored izgradnje \u0161kole, uz asfaltiranje ulica kazao je dr. Ferid Buli\u0107.<\/p>\n<p>Dr. Mustafa Feti\u0107 istakao \u0107e da u naselju \u0160utrnovac SPP biti uz gra\u0111ane, po\u010dev\u0161i od \u0161kole, infrastrukture, korita rijeke. U 21. stolje\u0107u osnovno pravo, pravo na \u0161kolovanje uskra\u0107eno je ovim ljudima &#8211; kazao dr. Fetic, te dodao da je ovo apel SPP-a u suradnji sa d\u017eematlijama lokalnoj samoupravi.<\/p>\n<p>Dr\u017eavni sekretar Edin Ze\u0107irovi\u0107 kazao da je u Ministarstvu gra\u0111evinarstva nekoliko puta dobijao dopise naro\u010dito po pitanju problema Novog Pazara, ali na\u017ealost Ministarstvo gra\u0111evinarstva nije nadle\u017eno da rije\u0161i takve probleme, a prva osnovna instanca za rje\u0161avanje problema je Savjet za bezbjednost saobra\u0107aja gdje se trebaju predlo\u017eiti sve mjere u cilju za\u0161tite bezbjednosti djece koja odlaze u \u0161kole koje su udaljene od \u0160utenovca. Ze\u0107irovi\u0107 savjetovao gra\u0111ane \u0161ta mogu u\u010diniti da bi rije\u0161ili primarne probleme. Dodao i da su bandere izgra\u0111ene na pje\u0161a\u010dkim koridorima na mjestu na kojem smetaju prilikom prola\u017eenja.<\/p>\n<p>Dr\u017eavni sekretar Zaim Red\u017eepovi\u0107 istakao da \u0107e narednom periodu aktivno raditi na rje\u0161avanju problema u ovom naselju.<\/p>\n<p>&#8220;Jasno je da nam treba \u0161kola i da su sredstva omogu\u0107ena, poku\u0161at \u0107u da nikoga ne kritikujem, Ministarstvo gdje ja radim jedno je od tri, i ono \u0107e biti na raspolaganju, ali ima stvari koje treba uraditi ovdje, tj. na\u0107i lokaciju i izvr\u0161iti pritisak da se ova pri\u010da izvr\u0161i do kraja.&#8221; Red\u017eepovi\u0107 dodao i da \u0107e se izgradnjom nove \u0161kole otvoriti i brojna nova radna mjesta.<\/p>\n<p>Jedan od gra\u0111ana kazao da su poplave \u010desta pojava, kao i nerije\u0161ena kanalizacija. Gra\u0111ani naveli i da se prije izbora obe\u0107avaju brojna rje\u0161enja ali nakon izbora dodaje da od toga nema ni\u0161ta.<\/p>\n<p>Gra\u0111ani Novog Pazara podr\u017eali su ovu inicijativu i apel aktivista SPP-a.<\/p>\n<p><img loading=\"lazy\" decoding=\"async\" class=\"alignnone size-full wp-image-36979\" src=\"http:\/\/sanapress.info\/wp-content\/uploads\/2018\/03\/2-15.jpg\" alt=\"\" width=\"918\" height=\"565\" \/> <img loading=\"lazy\" decoding=\"async\" class=\"alignnone size-full wp-image-36980\" src=\"http:\/\/sanapress.info\/wp-content\/uploads\/2018\/03\/3-12.jpg\" alt=\"\" width=\"1280\" height=\"960\" \/> <img loading=\"lazy\" decoding=\"async\" class=\"alignnone size-full wp-image-36981\" src=\"http:\/\/sanapress.info\/wp-content\/uploads\/2018\/03\/4-8.jpg\" alt=\"\" width=\"1280\" height=\"960\" \/> <img loading=\"lazy\" decoding=\"async\" class=\"alignnone size-full wp-image-36982\" src=\"http:\/\/sanapress.info\/wp-content\/uploads\/2018\/03\/5-6.jpg\" alt=\"\" width=\"1280\" height=\"960\" \/> <img loading=\"lazy\" decoding=\"async\" class=\"alignnone size-full wp-image-36983\" src=\"http:\/\/sanapress.info\/wp-content\/uploads\/2018\/03\/6-2.jpg\" alt=\"\" width=\"1280\" height=\"960\" \/><\/p>\n","protected":false},"excerpt":{"rendered":"<p>Stranka pravde i pomirenja (SPP) uporna u svojim ciljevima. Dr\u017eavni sekretari\u00a0Edin Ze\u0107irovi\u0107 i Zaim Red\u017eepovic,\u00a0zamjenik direktora Uprave za saradnju s vjerskim zajednicama Ministarstva pravde dr. Ferid Buli\u0107, predsjednik GO Novi Pazar dr. Mustafa Feti\u0107, i brojni gra\u0111ani podr\u017eali su inicijaivnu da se naselje \u0160utrnovac infrastrukturno uredi. Ministarstvo prosvjete obezbijedilo sredstva za izgradnju \u0161kole u Novom [&hellip;]<\/p>\n","protected":false},"author":509,"featured_media":204524,"comment_status":"open","ping_status":"open","sticky":false,"template":"","format":"standard","meta":{"footnotes":""},"categories":[72,1,8957],"tags":[10223],"class_list":{"0":"post-204523","1":"post","2":"type-post","3":"status-publish","4":"format-standard","5":"has-post-thumbnail","7":"category-novi-pazar","8":"category-politika","9":"category-vijesti-dana","10":"tag-bdz"},"yoast_head":"<!-- This site is optimized with the Yoast SEO Premium plugin v23.1 (Yoast SEO v24.9) - https:\/\/yoast.com\/wordpress\/plugins\/seo\/ -->\n<title>SPP pokrenula inicijativu za izgradnju osnovne \u0161kole u \u0160utenovcu<\/title>\n<meta name=\"robots\" content=\"index, follow, max-snippet:-1, max-image-preview:large, max-video-preview:-1\" \/>\n<link rel=\"canonical\" href=\"https:\/\/sandzakpress.net\/arhiva\/spp-pokrenula-inicijativu-za-izgradnju-osnovne-skole-u-sutenovcu\/\" \/>\n<meta property=\"og:locale\" content=\"bs_BA\" \/>\n<meta property=\"og:type\" content=\"article\" \/>\n<meta property=\"og:title\" content=\"SPP pokrenula inicijativu za izgradnju osnovne \u0161kole u \u0160utenovcu\" \/>\n<meta property=\"og:description\" content=\"Stranka pravde i pomirenja (SPP) uporna u svojim ciljevima. Dr\u017eavni sekretari\u00a0Edin Ze\u0107irovi\u0107 i Zaim Red\u017eepovic,\u00a0zamjenik direktora Uprave za saradnju s vjerskim zajednicama Ministarstva pravde dr. Ferid Buli\u0107, predsjednik GO Novi Pazar dr. Mustafa Feti\u0107, i brojni gra\u0111ani podr\u017eali su inicijaivnu da se naselje \u0160utrnovac infrastrukturno uredi. Ministarstvo prosvjete obezbijedilo sredstva za izgradnju \u0161kole u Novom [&hellip;]\" \/>\n<meta property=\"og:url\" content=\"https:\/\/sandzakpress.net\/arhiva\/spp-pokrenula-inicijativu-za-izgradnju-osnovne-skole-u-sutenovcu\/\" \/>\n<meta property=\"og:site_name\" content=\"Sand\u017eak PRESS\" \/>\n<meta property=\"article:published_time\" content=\"2018-03-25T17:00:04+00:00\" \/>\n<meta property=\"og:image\" content=\"https:\/\/sandzakpress.net\/arhiva\/wp-content\/uploads\/2018\/03\/1-21.jpg\" \/>\n\t<meta property=\"og:image:width\" content=\"1280\" \/>\n\t<meta property=\"og:image:height\" content=\"960\" \/>\n\t<meta property=\"og:image:type\" content=\"image\/jpeg\" \/>\n<meta name=\"author\" content=\"Agencija\" \/>\n<meta name=\"twitter:card\" content=\"summary_large_image\" \/>\n<meta name=\"twitter:label1\" content=\"Written by\" \/>\n\t<meta name=\"twitter:data1\" content=\"Agencija\" \/>\n\t<meta name=\"twitter:label2\" content=\"Est. reading time\" \/>\n\t<meta name=\"twitter:data2\" content=\"2 minute\" \/>\n<script type=\"application\/ld+json\" class=\"yoast-schema-graph\">{\"@context\":\"https:\/\/schema.org\",\"@graph\":[{\"@type\":\"Article\",\"@id\":\"https:\/\/sandzakpress.net\/arhiva\/spp-pokrenula-inicijativu-za-izgradnju-osnovne-skole-u-sutenovcu\/#article\",\"isPartOf\":{\"@id\":\"https:\/\/sandzakpress.net\/arhiva\/spp-pokrenula-inicijativu-za-izgradnju-osnovne-skole-u-sutenovcu\/\"},\"author\":{\"name\":\"Agencija\",\"@id\":\"https:\/\/sandzakpress.net\/arhiva\/#\/schema\/person\/cb59d7e3ab91ab90dd680ad0305a6185\"},\"headline\":\"SPP pokrenula inicijativu za izgradnju osnovne \u0161kole u \u0160utenovcu\",\"datePublished\":\"2018-03-25T17:00:04+00:00\",\"mainEntityOfPage\":{\"@id\":\"https:\/\/sandzakpress.net\/arhiva\/spp-pokrenula-inicijativu-za-izgradnju-osnovne-skole-u-sutenovcu\/\"},\"wordCount\":470,\"commentCount\":3,\"publisher\":{\"@id\":\"https:\/\/sandzakpress.net\/arhiva\/#\/schema\/person\/6e72b67d6e51910a1117b3b483ba20bd\"},\"image\":{\"@id\":\"https:\/\/sandzakpress.net\/arhiva\/spp-pokrenula-inicijativu-za-izgradnju-osnovne-skole-u-sutenovcu\/#primaryimage\"},\"thumbnailUrl\":\"https:\/\/sandzakpress.net\/arhiva\/wp-content\/uploads\/2018\/03\/1-21.jpg\",\"keywords\":[\"BDZ\"],\"articleSection\":[\"Novi Pazar\",\"Politika\",\"VIJESTI DANA\"],\"inLanguage\":\"bs-BA\",\"potentialAction\":[{\"@type\":\"CommentAction\",\"name\":\"Comment\",\"target\":[\"https:\/\/sandzakpress.net\/arhiva\/spp-pokrenula-inicijativu-za-izgradnju-osnovne-skole-u-sutenovcu\/#respond\"]}]},{\"@type\":\"WebPage\",\"@id\":\"https:\/\/sandzakpress.net\/arhiva\/spp-pokrenula-inicijativu-za-izgradnju-osnovne-skole-u-sutenovcu\/\",\"url\":\"https:\/\/sandzakpress.net\/arhiva\/spp-pokrenula-inicijativu-za-izgradnju-osnovne-skole-u-sutenovcu\/\",\"name\":\"SPP pokrenula inicijativu za izgradnju osnovne \u0161kole u \u0160utenovcu\",\"isPartOf\":{\"@id\":\"https:\/\/sandzakpress.net\/arhiva\/#website\"},\"primaryImageOfPage\":{\"@id\":\"https:\/\/sandzakpress.net\/arhiva\/spp-pokrenula-inicijativu-za-izgradnju-osnovne-skole-u-sutenovcu\/#primaryimage\"},\"image\":{\"@id\":\"https:\/\/sandzakpress.net\/arhiva\/spp-pokrenula-inicijativu-za-izgradnju-osnovne-skole-u-sutenovcu\/#primaryimage\"},\"thumbnailUrl\":\"https:\/\/sandzakpress.net\/arhiva\/wp-content\/uploads\/2018\/03\/1-21.jpg\",\"datePublished\":\"2018-03-25T17:00:04+00:00\",\"breadcrumb\":{\"@id\":\"https:\/\/sandzakpress.net\/arhiva\/spp-pokrenula-inicijativu-za-izgradnju-osnovne-skole-u-sutenovcu\/#breadcrumb\"},\"inLanguage\":\"bs-BA\",\"potentialAction\":[{\"@type\":\"ReadAction\",\"target\":[\"https:\/\/sandzakpress.net\/arhiva\/spp-pokrenula-inicijativu-za-izgradnju-osnovne-skole-u-sutenovcu\/\"]}]},{\"@type\":\"ImageObject\",\"inLanguage\":\"bs-BA\",\"@id\":\"https:\/\/sandzakpress.net\/arhiva\/spp-pokrenula-inicijativu-za-izgradnju-osnovne-skole-u-sutenovcu\/#primaryimage\",\"url\":\"https:\/\/sandzakpress.net\/arhiva\/wp-content\/uploads\/2018\/03\/1-21.jpg\",\"contentUrl\":\"https:\/\/sandzakpress.net\/arhiva\/wp-content\/uploads\/2018\/03\/1-21.jpg\",\"width\":1280,\"height\":960},{\"@type\":\"BreadcrumbList\",\"@id\":\"https:\/\/sandzakpress.net\/arhiva\/spp-pokrenula-inicijativu-za-izgradnju-osnovne-skole-u-sutenovcu\/#breadcrumb\",\"itemListElement\":[{\"@type\":\"ListItem\",\"position\":1,\"name\":\"Home\",\"item\":\"https:\/\/sandzakpress.net\/arhiva\/\"},{\"@type\":\"ListItem\",\"position\":2,\"name\":\"SPP pokrenula inicijativu za izgradnju osnovne \u0161kole u \u0160utenovcu\"}]},{\"@type\":\"WebSite\",\"@id\":\"https:\/\/sandzakpress.net\/arhiva\/#website\",\"url\":\"https:\/\/sandzakpress.net\/arhiva\/\",\"name\":\"Sand\u017eak PRESS\",\"description\":\"Prve elektronske novine u Sand\u017eaku\",\"publisher\":{\"@id\":\"https:\/\/sandzakpress.net\/arhiva\/#\/schema\/person\/6e72b67d6e51910a1117b3b483ba20bd\"},\"potentialAction\":[{\"@type\":\"SearchAction\",\"target\":{\"@type\":\"EntryPoint\",\"urlTemplate\":\"https:\/\/sandzakpress.net\/arhiva\/?s={search_term_string}\"},\"query-input\":{\"@type\":\"PropertyValueSpecification\",\"valueRequired\":true,\"valueName\":\"search_term_string\"}}],\"inLanguage\":\"bs-BA\"},{\"@type\":[\"Person\",\"Organization\"],\"@id\":\"https:\/\/sandzakpress.net\/arhiva\/#\/schema\/person\/6e72b67d6e51910a1117b3b483ba20bd\",\"name\":\"Kul\",\"image\":{\"@type\":\"ImageObject\",\"inLanguage\":\"bs-BA\",\"@id\":\"https:\/\/sandzakpress.net\/arhiva\/#\/schema\/person\/image\/\",\"url\":\"https:\/\/secure.gravatar.com\/avatar\/42263f39aa27ac04c43cab85c280eb2e?s=96&d=mm&r=pg\",\"contentUrl\":\"https:\/\/secure.gravatar.com\/avatar\/42263f39aa27ac04c43cab85c280eb2e?s=96&d=mm&r=pg\",\"caption\":\"Kul\"},\"logo\":{\"@id\":\"https:\/\/sandzakpress.net\/arhiva\/#\/schema\/person\/image\/\"}},{\"@type\":\"Person\",\"@id\":\"https:\/\/sandzakpress.net\/arhiva\/#\/schema\/person\/cb59d7e3ab91ab90dd680ad0305a6185\",\"name\":\"Agencija\",\"image\":{\"@type\":\"ImageObject\",\"inLanguage\":\"bs-BA\",\"@id\":\"https:\/\/sandzakpress.net\/arhiva\/#\/schema\/person\/image\/\",\"url\":\"https:\/\/secure.gravatar.com\/avatar\/4b7fafa80a22f0c2afe23966b3961fe0?s=96&d=mm&r=pg\",\"contentUrl\":\"https:\/\/secure.gravatar.com\/avatar\/4b7fafa80a22f0c2afe23966b3961fe0?s=96&d=mm&r=pg\",\"caption\":\"Agencija\"},\"url\":\"https:\/\/sandzakpress.net\/arhiva\/author\/agencija\/\"}]}<\/script>\n<!-- \/ Yoast SEO Premium plugin. -->","yoast_head_json":{"title":"SPP pokrenula inicijativu za izgradnju osnovne \u0161kole u \u0160utenovcu","robots":{"index":"index","follow":"follow","max-snippet":"max-snippet:-1","max-image-preview":"max-image-preview:large","max-video-preview":"max-video-preview:-1"},"canonical":"https:\/\/sandzakpress.net\/arhiva\/spp-pokrenula-inicijativu-za-izgradnju-osnovne-skole-u-sutenovcu\/","og_locale":"bs_BA","og_type":"article","og_title":"SPP pokrenula inicijativu za izgradnju osnovne \u0161kole u \u0160utenovcu","og_description":"Stranka pravde i pomirenja (SPP) uporna u svojim ciljevima. Dr\u017eavni sekretari\u00a0Edin Ze\u0107irovi\u0107 i Zaim Red\u017eepovic,\u00a0zamjenik direktora Uprave za saradnju s vjerskim zajednicama Ministarstva pravde dr. Ferid Buli\u0107, predsjednik GO Novi Pazar dr. Mustafa Feti\u0107, i brojni gra\u0111ani podr\u017eali su inicijaivnu da se naselje \u0160utrnovac infrastrukturno uredi. Ministarstvo prosvjete obezbijedilo sredstva za izgradnju \u0161kole u Novom [&hellip;]","og_url":"https:\/\/sandzakpress.net\/arhiva\/spp-pokrenula-inicijativu-za-izgradnju-osnovne-skole-u-sutenovcu\/","og_site_name":"Sand\u017eak PRESS","article_published_time":"2018-03-25T17:00:04+00:00","og_image":[{"width":1280,"height":960,"url":"https:\/\/sandzakpress.net\/arhiva\/wp-content\/uploads\/2018\/03\/1-21.jpg","type":"image\/jpeg"}],"author":"Agencija","twitter_card":"summary_large_image","twitter_misc":{"Written by":"Agencija","Est. reading time":"2 minute"},"schema":{"@context":"https:\/\/schema.org","@graph":[{"@type":"Article","@id":"https:\/\/sandzakpress.net\/arhiva\/spp-pokrenula-inicijativu-za-izgradnju-osnovne-skole-u-sutenovcu\/#article","isPartOf":{"@id":"https:\/\/sandzakpress.net\/arhiva\/spp-pokrenula-inicijativu-za-izgradnju-osnovne-skole-u-sutenovcu\/"},"author":{"name":"Agencija","@id":"https:\/\/sandzakpress.net\/arhiva\/#\/schema\/person\/cb59d7e3ab91ab90dd680ad0305a6185"},"headline":"SPP pokrenula inicijativu za izgradnju osnovne \u0161kole u \u0160utenovcu","datePublished":"2018-03-25T17:00:04+00:00","mainEntityOfPage":{"@id":"https:\/\/sandzakpress.net\/arhiva\/spp-pokrenula-inicijativu-za-izgradnju-osnovne-skole-u-sutenovcu\/"},"wordCount":470,"commentCount":3,"publisher":{"@id":"https:\/\/sandzakpress.net\/arhiva\/#\/schema\/person\/6e72b67d6e51910a1117b3b483ba20bd"},"image":{"@id":"https:\/\/sandzakpress.net\/arhiva\/spp-pokrenula-inicijativu-za-izgradnju-osnovne-skole-u-sutenovcu\/#primaryimage"},"thumbnailUrl":"https:\/\/sandzakpress.net\/arhiva\/wp-content\/uploads\/2018\/03\/1-21.jpg","keywords":["BDZ"],"articleSection":["Novi Pazar","Politika","VIJESTI DANA"],"inLanguage":"bs-BA","potentialAction":[{"@type":"CommentAction","name":"Comment","target":["https:\/\/sandzakpress.net\/arhiva\/spp-pokrenula-inicijativu-za-izgradnju-osnovne-skole-u-sutenovcu\/#respond"]}]},{"@type":"WebPage","@id":"https:\/\/sandzakpress.net\/arhiva\/spp-pokrenula-inicijativu-za-izgradnju-osnovne-skole-u-sutenovcu\/","url":"https:\/\/sandzakpress.net\/arhiva\/spp-pokrenula-inicijativu-za-izgradnju-osnovne-skole-u-sutenovcu\/","name":"SPP pokrenula inicijativu za izgradnju osnovne \u0161kole u \u0160utenovcu","isPartOf":{"@id":"https:\/\/sandzakpress.net\/arhiva\/#website"},"primaryImageOfPage":{"@id":"https:\/\/sandzakpress.net\/arhiva\/spp-pokrenula-inicijativu-za-izgradnju-osnovne-skole-u-sutenovcu\/#primaryimage"},"image":{"@id":"https:\/\/sandzakpress.net\/arhiva\/spp-pokrenula-inicijativu-za-izgradnju-osnovne-skole-u-sutenovcu\/#primaryimage"},"thumbnailUrl":"https:\/\/sandzakpress.net\/arhiva\/wp-content\/uploads\/2018\/03\/1-21.jpg","datePublished":"2018-03-25T17:00:04+00:00","breadcrumb":{"@id":"https:\/\/sandzakpress.net\/arhiva\/spp-pokrenula-inicijativu-za-izgradnju-osnovne-skole-u-sutenovcu\/#breadcrumb"},"inLanguage":"bs-BA","potentialAction":[{"@type":"ReadAction","target":["https:\/\/sandzakpress.net\/arhiva\/spp-pokrenula-inicijativu-za-izgradnju-osnovne-skole-u-sutenovcu\/"]}]},{"@type":"ImageObject","inLanguage":"bs-BA","@id":"https:\/\/sandzakpress.net\/arhiva\/spp-pokrenula-inicijativu-za-izgradnju-osnovne-skole-u-sutenovcu\/#primaryimage","url":"https:\/\/sandzakpress.net\/arhiva\/wp-content\/uploads\/2018\/03\/1-21.jpg","contentUrl":"https:\/\/sandzakpress.net\/arhiva\/wp-content\/uploads\/2018\/03\/1-21.jpg","width":1280,"height":960},{"@type":"BreadcrumbList","@id":"https:\/\/sandzakpress.net\/arhiva\/spp-pokrenula-inicijativu-za-izgradnju-osnovne-skole-u-sutenovcu\/#breadcrumb","itemListElement":[{"@type":"ListItem","position":1,"name":"Home","item":"https:\/\/sandzakpress.net\/arhiva\/"},{"@type":"ListItem","position":2,"name":"SPP pokrenula inicijativu za izgradnju osnovne \u0161kole u \u0160utenovcu"}]},{"@type":"WebSite","@id":"https:\/\/sandzakpress.net\/arhiva\/#website","url":"https:\/\/sandzakpress.net\/arhiva\/","name":"Sand\u017eak PRESS","description":"Prve elektronske novine u Sand\u017eaku","publisher":{"@id":"https:\/\/sandzakpress.net\/arhiva\/#\/schema\/person\/6e72b67d6e51910a1117b3b483ba20bd"},"potentialAction":[{"@type":"SearchAction","target":{"@type":"EntryPoint","urlTemplate":"https:\/\/sandzakpress.net\/arhiva\/?s={search_term_string}"},"query-input":{"@type":"PropertyValueSpecification","valueRequired":true,"valueName":"search_term_string"}}],"inLanguage":"bs-BA"},{"@type":["Person","Organization"],"@id":"https:\/\/sandzakpress.net\/arhiva\/#\/schema\/person\/6e72b67d6e51910a1117b3b483ba20bd","name":"Kul","image":{"@type":"ImageObject","inLanguage":"bs-BA","@id":"https:\/\/sandzakpress.net\/arhiva\/#\/schema\/person\/image\/","url":"https:\/\/secure.gravatar.com\/avatar\/42263f39aa27ac04c43cab85c280eb2e?s=96&d=mm&r=pg","contentUrl":"https:\/\/secure.gravatar.com\/avatar\/42263f39aa27ac04c43cab85c280eb2e?s=96&d=mm&r=pg","caption":"Kul"},"logo":{"@id":"https:\/\/sandzakpress.net\/arhiva\/#\/schema\/person\/image\/"}},{"@type":"Person","@id":"https:\/\/sandzakpress.net\/arhiva\/#\/schema\/person\/cb59d7e3ab91ab90dd680ad0305a6185","name":"Agencija","image":{"@type":"ImageObject","inLanguage":"bs-BA","@id":"https:\/\/sandzakpress.net\/arhiva\/#\/schema\/person\/image\/","url":"https:\/\/secure.gravatar.com\/avatar\/4b7fafa80a22f0c2afe23966b3961fe0?s=96&d=mm&r=pg","contentUrl":"https:\/\/secure.gravatar.com\/avatar\/4b7fafa80a22f0c2afe23966b3961fe0?s=96&d=mm&r=pg","caption":"Agencija"},"url":"https:\/\/sandzakpress.net\/arhiva\/author\/agencija\/"}]}},"_links":{"self":[{"href":"https:\/\/sandzakpress.net\/arhiva\/wp-json\/wp\/v2\/posts\/204523"}],"collection":[{"href":"https:\/\/sandzakpress.net\/arhiva\/wp-json\/wp\/v2\/posts"}],"about":[{"href":"https:\/\/sandzakpress.net\/arhiva\/wp-json\/wp\/v2\/types\/post"}],"author":[{"embeddable":true,"href":"https:\/\/sandzakpress.net\/arhiva\/wp-json\/wp\/v2\/users\/509"}],"replies":[{"embeddable":true,"href":"https:\/\/sandzakpress.net\/arhiva\/wp-json\/wp\/v2\/comments?post=204523"}],"version-history":[{"count":0,"href":"https:\/\/sandzakpress.net\/arhiva\/wp-json\/wp\/v2\/posts\/204523\/revisions"}],"wp:featuredmedia":[{"embeddable":true,"href":"https:\/\/sandzakpress.net\/arhiva\/wp-json\/wp\/v2\/media\/204524"}],"wp:attachment":[{"href":"https:\/\/sandzakpress.net\/arhiva\/wp-json\/wp\/v2\/media?parent=204523"}],"wp:term":[{"taxonomy":"category","embeddable":true,"href":"https:\/\/sandzakpress.net\/arhiva\/wp-json\/wp\/v2\/categories?post=204523"},{"taxonomy":"post_tag","embeddable":true,"href":"https:\/\/sandzakpress.net\/arhiva\/wp-json\/wp\/v2\/tags?post=204523"}],"curies":[{"name":"wp","href":"https:\/\/api.w.org\/{rel}","templated":true}]}}