{"id":2045,"date":"2010-02-09T17:37:20","date_gmt":"2010-02-09T16:37:20","guid":{"rendered":"https:\/\/sandzakpress.net\/arhiva\/?p=2045"},"modified":"2010-02-09T17:37:20","modified_gmt":"2010-02-09T16:37:20","slug":"u-timu-srbije-troje-sjenicana","status":"publish","type":"post","link":"https:\/\/sandzakpress.net\/arhiva\/u-timu-srbije-troje-sjenicana\/","title":{"rendered":"U timu Srbije troje Sjeni\u010dana"},"content":{"rendered":"<p><strong><a href=\"https:\/\/sandzakpress.net\/arhiva\/wp-content\/uploads\/2010\/02\/skijanje-sjenica.jpg\"><img loading=\"lazy\" decoding=\"async\" class=\"alignleft size-full wp-image-2046\" title=\"skijanje sjenica\" src=\"https:\/\/sandzakpress.net\/arhiva\/wp-content\/uploads\/2010\/02\/skijanje-sjenica.jpg\" alt=\"\" width=\"281\" height=\"188\" \/><\/a>Prema odluci Olimpijskog komiteta Srbije, na osnovu ostvarenih rezultata, u nordijskim disciplinama i bijatlonu, na predstoje\u0107im Olimpijskim igrama u Vankuveru, na\u0161u zemlju \u0107e predstavljati Sjeni\u010dani. Deveto\u010dlana takmi\u010darska ekipa Srbije uskoro \u0107e biti u Kanadi. Me\u0111u njima je i troje Sjeni\u010dana: Belma \u0160mrkovi\u0107 i Amar Garibovi\u0107, koji \u0107e se takmi\u010diti u smu\u010darskom tr\u010danju, i jedini bijatlonac sa najboljim rezultatima u Srbiji Milanko Petrovi\u0107. Svi oni su \u010dlanovi Smu\u010darskog kluba Jelenak iz Sjenice.<\/strong><\/p>\n<p>&#8211; Napokon se ostvario san svih sportskih radnika i \u010dlanova SK Jelenak. Jo\u0161 1997.godine, kada smo obnovili rad u klubu, obe\u0107ali smo ovim mladim takmi\u010darima, tada pionirima i cicibanima, da \u0107emo neke od njih povesti na Olimpijadu. To smo i ostvarili, potvr\u0111uju\u0107i \u010dinjenicu da je Jelenak, jedan od najuspje\u0161nijih klubova, ne samo u Srbiji, ve\u0107 i na Balkanu, izjavio je za na\u0161 list, trener dr\u017eavne reprezentacije u nordijskim disciplinama Murat Garibovi\u0107 iz Sjenice. Kao trener koji je donekle pratio logistiku kod svih sjeni\u010dkih olimpijaca, Garibovi\u0107 je istakao da se, s obzirom na njihovo prvo u\u010de\u0161\u0107e i, kako je rekao, oskudna finansijska sredstva u toku priprema, od ove Olimpijade ne mogu ba\u0161 o\u010dekivati neki zna\u010dajni rezultati.<\/p>\n<p>&#8211; Preko Vankuvera, mi zapravo gledamo na sljede\u0107u Olimpijadu za \u010detiri godine u So\u010diju, gdje bi Milanko, koji \u0107e tada biti dvadeset\u0161estogodi\u0161njak i Amar kao dvadesetdvogodi\u0161njak, mogli da se izbore za neki od podijuma. Verujem da je ovo samo po\u010detak, i da ove momke tek o\u010dekuju rezultati, kazao je Garibovi\u0107.<\/p>\n<p>Belma \u0160mrkovi\u0107, Milanko Petrovi\u0107 i osamnaestogodi\u0161nji Amar Garibovi\u0107, kao najmla\u0111i olimpijac, po ostvarenim rezultatima u svojim disciplinama, posljednjih godina su najuspe\u0161niji u Srbiji. Predstoje\u0107a Olimpijada je kruna njihovog dosada\u0161njeg uspjeha. Oni su presre\u0107ni \u0161to imaju priliku da na tako zna\u010dajnom takmi\u010denju predstavljaju svoj klub, svoj grad i svoju zemlju. Ne \u017eale se zbog velikog odricanja, jer, njihov san je, ka\u017eu, ve\u0107 ostvaren. Zbog nedostatka snijega u Sjenici ve\u0107im dijelom januara, oni su svakodnevno vrijedno trenirali na obli\u017enjem Zlataru, a posljednje petodnevne pripreme zavr\u0161ili su proteklog vikenda na Kopaoniku.<\/p>\n<p>U ponedjeljak u Beogradu, na proslavi stogodi\u0161njice od osnivanja Olimpijskog komiteta u Srbiji, organizovan je sve\u010dani prijem za kompletan takmi\u010darski tim, koji danas treba da otputuje u Kanadu. Olimpijske igre u Vankuveru po\u010dinju 12.februara, a nastup sjeni\u010dkih olimpijaca planiran je 15.februara.<\/p>\n<p>Izvor:<strong> Sandzak-Sport.com<\/strong><\/p>\n","protected":false},"excerpt":{"rendered":"<p>Prema odluci Olimpijskog komiteta Srbije, na osnovu ostvarenih rezultata, u nordijskim disciplinama i bijatlonu, na predstoje\u0107im Olimpijskim igrama u Vankuveru, na\u0161u zemlju \u0107e predstavljati Sjeni\u010dani. Deveto\u010dlana takmi\u010darska ekipa Srbije uskoro \u0107e biti u Kanadi. Me\u0111u njima je i troje Sjeni\u010dana: Belma \u0160mrkovi\u0107 i Amar Garibovi\u0107, koji \u0107e se takmi\u010diti u smu\u010darskom tr\u010danju, i jedini bijatlonac [&hellip;]<\/p>\n","protected":false},"author":83,"featured_media":2046,"comment_status":"open","ping_status":"open","sticky":false,"template":"","format":"standard","meta":{"footnotes":""},"categories":[13],"tags":[],"class_list":{"0":"post-2045","1":"post","2":"type-post","3":"status-publish","4":"format-standard","5":"has-post-thumbnail","7":"category-sport"},"yoast_head":"<!-- This site is optimized with the Yoast SEO Premium plugin v23.1 (Yoast SEO v24.9) - https:\/\/yoast.com\/wordpress\/plugins\/seo\/ -->\n<title>U timu Srbije troje Sjeni\u010dana<\/title>\n<meta name=\"robots\" content=\"index, follow, max-snippet:-1, max-image-preview:large, max-video-preview:-1\" \/>\n<link rel=\"canonical\" href=\"https:\/\/sandzakpress.net\/arhiva\/u-timu-srbije-troje-sjenicana\/\" \/>\n<meta property=\"og:locale\" content=\"bs_BA\" \/>\n<meta property=\"og:type\" content=\"article\" \/>\n<meta property=\"og:title\" content=\"U timu Srbije troje Sjeni\u010dana\" \/>\n<meta property=\"og:description\" content=\"Prema odluci Olimpijskog komiteta Srbije, na osnovu ostvarenih rezultata, u nordijskim disciplinama i bijatlonu, na predstoje\u0107im Olimpijskim igrama u Vankuveru, na\u0161u zemlju \u0107e predstavljati Sjeni\u010dani. Deveto\u010dlana takmi\u010darska ekipa Srbije uskoro \u0107e biti u Kanadi. Me\u0111u njima je i troje Sjeni\u010dana: Belma \u0160mrkovi\u0107 i Amar Garibovi\u0107, koji \u0107e se takmi\u010diti u smu\u010darskom tr\u010danju, i jedini bijatlonac [&hellip;]\" \/>\n<meta property=\"og:url\" content=\"https:\/\/sandzakpress.net\/arhiva\/u-timu-srbije-troje-sjenicana\/\" \/>\n<meta property=\"og:site_name\" content=\"Sand\u017eak PRESS\" \/>\n<meta property=\"article:published_time\" content=\"2010-02-09T16:37:20+00:00\" \/>\n<meta property=\"og:image\" content=\"https:\/\/sandzakpress.net\/arhiva\/wp-content\/uploads\/2010\/02\/skijanje-sjenica.jpg\" \/>\n\t<meta property=\"og:image:width\" content=\"281\" \/>\n\t<meta property=\"og:image:height\" content=\"188\" \/>\n\t<meta property=\"og:image:type\" content=\"image\/jpeg\" \/>\n<meta name=\"author\" content=\"bosniak\" \/>\n<meta name=\"twitter:card\" content=\"summary_large_image\" \/>\n<meta name=\"twitter:label1\" content=\"Written by\" \/>\n\t<meta name=\"twitter:data1\" content=\"bosniak\" \/>\n\t<meta name=\"twitter:label2\" content=\"Est. reading time\" \/>\n\t<meta name=\"twitter:data2\" content=\"2 minute\" \/>\n<script type=\"application\/ld+json\" class=\"yoast-schema-graph\">{\"@context\":\"https:\/\/schema.org\",\"@graph\":[{\"@type\":\"Article\",\"@id\":\"https:\/\/sandzakpress.net\/arhiva\/u-timu-srbije-troje-sjenicana\/#article\",\"isPartOf\":{\"@id\":\"https:\/\/sandzakpress.net\/arhiva\/u-timu-srbije-troje-sjenicana\/\"},\"author\":{\"name\":\"bosniak\",\"@id\":\"https:\/\/sandzakpress.net\/arhiva\/#\/schema\/person\/c8baee722073534b583ea7bdb2e36c02\"},\"headline\":\"U timu Srbije troje Sjeni\u010dana\",\"datePublished\":\"2010-02-09T16:37:20+00:00\",\"mainEntityOfPage\":{\"@id\":\"https:\/\/sandzakpress.net\/arhiva\/u-timu-srbije-troje-sjenicana\/\"},\"wordCount\":420,\"commentCount\":0,\"publisher\":{\"@id\":\"https:\/\/sandzakpress.net\/arhiva\/#\/schema\/person\/6e72b67d6e51910a1117b3b483ba20bd\"},\"image\":{\"@id\":\"https:\/\/sandzakpress.net\/arhiva\/u-timu-srbije-troje-sjenicana\/#primaryimage\"},\"thumbnailUrl\":\"https:\/\/sandzakpress.net\/arhiva\/wp-content\/uploads\/2010\/02\/skijanje-sjenica.jpg\",\"articleSection\":[\"Sport\"],\"inLanguage\":\"bs-BA\",\"potentialAction\":[{\"@type\":\"CommentAction\",\"name\":\"Comment\",\"target\":[\"https:\/\/sandzakpress.net\/arhiva\/u-timu-srbije-troje-sjenicana\/#respond\"]}]},{\"@type\":\"WebPage\",\"@id\":\"https:\/\/sandzakpress.net\/arhiva\/u-timu-srbije-troje-sjenicana\/\",\"url\":\"https:\/\/sandzakpress.net\/arhiva\/u-timu-srbije-troje-sjenicana\/\",\"name\":\"U timu Srbije troje Sjeni\u010dana\",\"isPartOf\":{\"@id\":\"https:\/\/sandzakpress.net\/arhiva\/#website\"},\"primaryImageOfPage\":{\"@id\":\"https:\/\/sandzakpress.net\/arhiva\/u-timu-srbije-troje-sjenicana\/#primaryimage\"},\"image\":{\"@id\":\"https:\/\/sandzakpress.net\/arhiva\/u-timu-srbije-troje-sjenicana\/#primaryimage\"},\"thumbnailUrl\":\"https:\/\/sandzakpress.net\/arhiva\/wp-content\/uploads\/2010\/02\/skijanje-sjenica.jpg\",\"datePublished\":\"2010-02-09T16:37:20+00:00\",\"breadcrumb\":{\"@id\":\"https:\/\/sandzakpress.net\/arhiva\/u-timu-srbije-troje-sjenicana\/#breadcrumb\"},\"inLanguage\":\"bs-BA\",\"potentialAction\":[{\"@type\":\"ReadAction\",\"target\":[\"https:\/\/sandzakpress.net\/arhiva\/u-timu-srbije-troje-sjenicana\/\"]}]},{\"@type\":\"ImageObject\",\"inLanguage\":\"bs-BA\",\"@id\":\"https:\/\/sandzakpress.net\/arhiva\/u-timu-srbije-troje-sjenicana\/#primaryimage\",\"url\":\"https:\/\/sandzakpress.net\/arhiva\/wp-content\/uploads\/2010\/02\/skijanje-sjenica.jpg\",\"contentUrl\":\"https:\/\/sandzakpress.net\/arhiva\/wp-content\/uploads\/2010\/02\/skijanje-sjenica.jpg\",\"width\":281,\"height\":188},{\"@type\":\"BreadcrumbList\",\"@id\":\"https:\/\/sandzakpress.net\/arhiva\/u-timu-srbije-troje-sjenicana\/#breadcrumb\",\"itemListElement\":[{\"@type\":\"ListItem\",\"position\":1,\"name\":\"Home\",\"item\":\"https:\/\/sandzakpress.net\/arhiva\/\"},{\"@type\":\"ListItem\",\"position\":2,\"name\":\"U timu Srbije troje Sjeni\u010dana\"}]},{\"@type\":\"WebSite\",\"@id\":\"https:\/\/sandzakpress.net\/arhiva\/#website\",\"url\":\"https:\/\/sandzakpress.net\/arhiva\/\",\"name\":\"Sand\u017eak PRESS\",\"description\":\"Prve elektronske novine u Sand\u017eaku\",\"publisher\":{\"@id\":\"https:\/\/sandzakpress.net\/arhiva\/#\/schema\/person\/6e72b67d6e51910a1117b3b483ba20bd\"},\"potentialAction\":[{\"@type\":\"SearchAction\",\"target\":{\"@type\":\"EntryPoint\",\"urlTemplate\":\"https:\/\/sandzakpress.net\/arhiva\/?s={search_term_string}\"},\"query-input\":{\"@type\":\"PropertyValueSpecification\",\"valueRequired\":true,\"valueName\":\"search_term_string\"}}],\"inLanguage\":\"bs-BA\"},{\"@type\":[\"Person\",\"Organization\"],\"@id\":\"https:\/\/sandzakpress.net\/arhiva\/#\/schema\/person\/6e72b67d6e51910a1117b3b483ba20bd\",\"name\":\"Kul\",\"image\":{\"@type\":\"ImageObject\",\"inLanguage\":\"bs-BA\",\"@id\":\"https:\/\/sandzakpress.net\/arhiva\/#\/schema\/person\/image\/\",\"url\":\"https:\/\/secure.gravatar.com\/avatar\/42263f39aa27ac04c43cab85c280eb2e?s=96&d=mm&r=pg\",\"contentUrl\":\"https:\/\/secure.gravatar.com\/avatar\/42263f39aa27ac04c43cab85c280eb2e?s=96&d=mm&r=pg\",\"caption\":\"Kul\"},\"logo\":{\"@id\":\"https:\/\/sandzakpress.net\/arhiva\/#\/schema\/person\/image\/\"}},{\"@type\":\"Person\",\"@id\":\"https:\/\/sandzakpress.net\/arhiva\/#\/schema\/person\/c8baee722073534b583ea7bdb2e36c02\",\"name\":\"bosniak\",\"image\":{\"@type\":\"ImageObject\",\"inLanguage\":\"bs-BA\",\"@id\":\"https:\/\/sandzakpress.net\/arhiva\/#\/schema\/person\/image\/\",\"url\":\"https:\/\/secure.gravatar.com\/avatar\/a04fd330bfe3a36a72a0ad4a6d89fca7?s=96&d=mm&r=pg\",\"contentUrl\":\"https:\/\/secure.gravatar.com\/avatar\/a04fd330bfe3a36a72a0ad4a6d89fca7?s=96&d=mm&r=pg\",\"caption\":\"bosniak\"},\"url\":\"https:\/\/sandzakpress.net\/arhiva\/author\/bosniak\/\"}]}<\/script>\n<!-- \/ Yoast SEO Premium plugin. -->","yoast_head_json":{"title":"U timu Srbije troje Sjeni\u010dana","robots":{"index":"index","follow":"follow","max-snippet":"max-snippet:-1","max-image-preview":"max-image-preview:large","max-video-preview":"max-video-preview:-1"},"canonical":"https:\/\/sandzakpress.net\/arhiva\/u-timu-srbije-troje-sjenicana\/","og_locale":"bs_BA","og_type":"article","og_title":"U timu Srbije troje Sjeni\u010dana","og_description":"Prema odluci Olimpijskog komiteta Srbije, na osnovu ostvarenih rezultata, u nordijskim disciplinama i bijatlonu, na predstoje\u0107im Olimpijskim igrama u Vankuveru, na\u0161u zemlju \u0107e predstavljati Sjeni\u010dani. Deveto\u010dlana takmi\u010darska ekipa Srbije uskoro \u0107e biti u Kanadi. Me\u0111u njima je i troje Sjeni\u010dana: Belma \u0160mrkovi\u0107 i Amar Garibovi\u0107, koji \u0107e se takmi\u010diti u smu\u010darskom tr\u010danju, i jedini bijatlonac [&hellip;]","og_url":"https:\/\/sandzakpress.net\/arhiva\/u-timu-srbije-troje-sjenicana\/","og_site_name":"Sand\u017eak PRESS","article_published_time":"2010-02-09T16:37:20+00:00","og_image":[{"width":281,"height":188,"url":"https:\/\/sandzakpress.net\/arhiva\/wp-content\/uploads\/2010\/02\/skijanje-sjenica.jpg","type":"image\/jpeg"}],"author":"bosniak","twitter_card":"summary_large_image","twitter_misc":{"Written by":"bosniak","Est. reading time":"2 minute"},"schema":{"@context":"https:\/\/schema.org","@graph":[{"@type":"Article","@id":"https:\/\/sandzakpress.net\/arhiva\/u-timu-srbije-troje-sjenicana\/#article","isPartOf":{"@id":"https:\/\/sandzakpress.net\/arhiva\/u-timu-srbije-troje-sjenicana\/"},"author":{"name":"bosniak","@id":"https:\/\/sandzakpress.net\/arhiva\/#\/schema\/person\/c8baee722073534b583ea7bdb2e36c02"},"headline":"U timu Srbije troje Sjeni\u010dana","datePublished":"2010-02-09T16:37:20+00:00","mainEntityOfPage":{"@id":"https:\/\/sandzakpress.net\/arhiva\/u-timu-srbije-troje-sjenicana\/"},"wordCount":420,"commentCount":0,"publisher":{"@id":"https:\/\/sandzakpress.net\/arhiva\/#\/schema\/person\/6e72b67d6e51910a1117b3b483ba20bd"},"image":{"@id":"https:\/\/sandzakpress.net\/arhiva\/u-timu-srbije-troje-sjenicana\/#primaryimage"},"thumbnailUrl":"https:\/\/sandzakpress.net\/arhiva\/wp-content\/uploads\/2010\/02\/skijanje-sjenica.jpg","articleSection":["Sport"],"inLanguage":"bs-BA","potentialAction":[{"@type":"CommentAction","name":"Comment","target":["https:\/\/sandzakpress.net\/arhiva\/u-timu-srbije-troje-sjenicana\/#respond"]}]},{"@type":"WebPage","@id":"https:\/\/sandzakpress.net\/arhiva\/u-timu-srbije-troje-sjenicana\/","url":"https:\/\/sandzakpress.net\/arhiva\/u-timu-srbije-troje-sjenicana\/","name":"U timu Srbije troje Sjeni\u010dana","isPartOf":{"@id":"https:\/\/sandzakpress.net\/arhiva\/#website"},"primaryImageOfPage":{"@id":"https:\/\/sandzakpress.net\/arhiva\/u-timu-srbije-troje-sjenicana\/#primaryimage"},"image":{"@id":"https:\/\/sandzakpress.net\/arhiva\/u-timu-srbije-troje-sjenicana\/#primaryimage"},"thumbnailUrl":"https:\/\/sandzakpress.net\/arhiva\/wp-content\/uploads\/2010\/02\/skijanje-sjenica.jpg","datePublished":"2010-02-09T16:37:20+00:00","breadcrumb":{"@id":"https:\/\/sandzakpress.net\/arhiva\/u-timu-srbije-troje-sjenicana\/#breadcrumb"},"inLanguage":"bs-BA","potentialAction":[{"@type":"ReadAction","target":["https:\/\/sandzakpress.net\/arhiva\/u-timu-srbije-troje-sjenicana\/"]}]},{"@type":"ImageObject","inLanguage":"bs-BA","@id":"https:\/\/sandzakpress.net\/arhiva\/u-timu-srbije-troje-sjenicana\/#primaryimage","url":"https:\/\/sandzakpress.net\/arhiva\/wp-content\/uploads\/2010\/02\/skijanje-sjenica.jpg","contentUrl":"https:\/\/sandzakpress.net\/arhiva\/wp-content\/uploads\/2010\/02\/skijanje-sjenica.jpg","width":281,"height":188},{"@type":"BreadcrumbList","@id":"https:\/\/sandzakpress.net\/arhiva\/u-timu-srbije-troje-sjenicana\/#breadcrumb","itemListElement":[{"@type":"ListItem","position":1,"name":"Home","item":"https:\/\/sandzakpress.net\/arhiva\/"},{"@type":"ListItem","position":2,"name":"U timu Srbije troje Sjeni\u010dana"}]},{"@type":"WebSite","@id":"https:\/\/sandzakpress.net\/arhiva\/#website","url":"https:\/\/sandzakpress.net\/arhiva\/","name":"Sand\u017eak PRESS","description":"Prve elektronske novine u Sand\u017eaku","publisher":{"@id":"https:\/\/sandzakpress.net\/arhiva\/#\/schema\/person\/6e72b67d6e51910a1117b3b483ba20bd"},"potentialAction":[{"@type":"SearchAction","target":{"@type":"EntryPoint","urlTemplate":"https:\/\/sandzakpress.net\/arhiva\/?s={search_term_string}"},"query-input":{"@type":"PropertyValueSpecification","valueRequired":true,"valueName":"search_term_string"}}],"inLanguage":"bs-BA"},{"@type":["Person","Organization"],"@id":"https:\/\/sandzakpress.net\/arhiva\/#\/schema\/person\/6e72b67d6e51910a1117b3b483ba20bd","name":"Kul","image":{"@type":"ImageObject","inLanguage":"bs-BA","@id":"https:\/\/sandzakpress.net\/arhiva\/#\/schema\/person\/image\/","url":"https:\/\/secure.gravatar.com\/avatar\/42263f39aa27ac04c43cab85c280eb2e?s=96&d=mm&r=pg","contentUrl":"https:\/\/secure.gravatar.com\/avatar\/42263f39aa27ac04c43cab85c280eb2e?s=96&d=mm&r=pg","caption":"Kul"},"logo":{"@id":"https:\/\/sandzakpress.net\/arhiva\/#\/schema\/person\/image\/"}},{"@type":"Person","@id":"https:\/\/sandzakpress.net\/arhiva\/#\/schema\/person\/c8baee722073534b583ea7bdb2e36c02","name":"bosniak","image":{"@type":"ImageObject","inLanguage":"bs-BA","@id":"https:\/\/sandzakpress.net\/arhiva\/#\/schema\/person\/image\/","url":"https:\/\/secure.gravatar.com\/avatar\/a04fd330bfe3a36a72a0ad4a6d89fca7?s=96&d=mm&r=pg","contentUrl":"https:\/\/secure.gravatar.com\/avatar\/a04fd330bfe3a36a72a0ad4a6d89fca7?s=96&d=mm&r=pg","caption":"bosniak"},"url":"https:\/\/sandzakpress.net\/arhiva\/author\/bosniak\/"}]}},"_links":{"self":[{"href":"https:\/\/sandzakpress.net\/arhiva\/wp-json\/wp\/v2\/posts\/2045"}],"collection":[{"href":"https:\/\/sandzakpress.net\/arhiva\/wp-json\/wp\/v2\/posts"}],"about":[{"href":"https:\/\/sandzakpress.net\/arhiva\/wp-json\/wp\/v2\/types\/post"}],"author":[{"embeddable":true,"href":"https:\/\/sandzakpress.net\/arhiva\/wp-json\/wp\/v2\/users\/83"}],"replies":[{"embeddable":true,"href":"https:\/\/sandzakpress.net\/arhiva\/wp-json\/wp\/v2\/comments?post=2045"}],"version-history":[{"count":0,"href":"https:\/\/sandzakpress.net\/arhiva\/wp-json\/wp\/v2\/posts\/2045\/revisions"}],"wp:featuredmedia":[{"embeddable":true,"href":"https:\/\/sandzakpress.net\/arhiva\/wp-json\/wp\/v2\/media\/2046"}],"wp:attachment":[{"href":"https:\/\/sandzakpress.net\/arhiva\/wp-json\/wp\/v2\/media?parent=2045"}],"wp:term":[{"taxonomy":"category","embeddable":true,"href":"https:\/\/sandzakpress.net\/arhiva\/wp-json\/wp\/v2\/categories?post=2045"},{"taxonomy":"post_tag","embeddable":true,"href":"https:\/\/sandzakpress.net\/arhiva\/wp-json\/wp\/v2\/tags?post=2045"}],"curies":[{"name":"wp","href":"https:\/\/api.w.org\/{rel}","templated":true}]}}