{"id":204479,"date":"2018-03-24T13:33:48","date_gmt":"2018-03-24T12:33:48","guid":{"rendered":"https:\/\/sandzakpress.net\/arhiva\/?p=204479"},"modified":"2018-03-24T13:33:48","modified_gmt":"2018-03-24T12:33:48","slug":"manheim-u-dzematu-alija-izetbegovic-uprilicena-promocija-udzbenika-bosanski-jezik","status":"publish","type":"post","link":"https:\/\/sandzakpress.net\/arhiva\/manheim-u-dzematu-alija-izetbegovic-uprilicena-promocija-udzbenika-bosanski-jezik\/","title":{"rendered":"Manheim \u2013 U d\u017eematu Alija Izetbegovi\u0107 uprili\u010dena promocija ud\u017ebenika \u201cBosanski jezik\u201d"},"content":{"rendered":"<p><img loading=\"lazy\" decoding=\"async\" class=\"alignnone size-full wp-image-36941\" src=\"http:\/\/sanapress.info\/wp-content\/uploads\/2018\/03\/0-5.jpg\" alt=\"\" width=\"1280\" height=\"720\" \/><\/p>\n<p><strong>U d\u017eematu Alija Izetbegovi\u0107 u Manhajmu uprili\u010dena je promocija ud\u017ebenika \u201cBosanski jezik\u201d, autora prof. dr. Jahje Fehratovi\u0107a. Pored spomenutog autora, u\u010desnici su bili jo\u0161 i akademik Fatmir Ba\u010di, kao i izvo\u0111a\u010d duhovne muzike Hamza \u0160krijelj. <\/strong><\/p>\n<p>Bo\u0161njaci i Bo\u0161njakinje i ovoga puta pokazali su visok stepen svijesti kada je u pitanju o\u010duvanje i njegovanje tradicije.<\/p>\n<p>U uvodnoj rije\u010di doma\u0107in, imam ovog d\u017eemata hfz Hilmija ef. Red\u017ei\u0107 poselamio je sve prisutne istakav\u0161i \u010dinjenicu da na\u0161 narod ima razloga biti sretan i ponosan, jer na razne na\u010dine \u010duva i njeguje svoju tradiciju.<\/p>\n<p>Na samom po\u010detku Kasidom o Ali Pa\u0161i mladi Hamza \u0160krijelj otvorio je ovu ve\u010der.<\/p>\n<p>O ud\u017ebeniku Bosanskog jezika uvodnu rije\u010d je imao autor dr. Jahja Fehratovi\u0107.<\/p>\n<p>On je istakao da su na\u0161i preci nekada \u010dinili i hid\u017eru kako bi sa\u010duvali svoj jezik, tradiciju i naciju.<\/p>\n<p>\u201cOdlazili su tada i u daleku Tursku gdje su na\u0161i Bo\u0161njaci \u010duvali svoj, bosanski jezik. Ali ve\u0107 njihova djeca, te njihove djece djeca gotovo da ni ne znaju svoj jezik. Allah me je po\u010dastio da sam imao prilike dosta putovati po dijaspori \u0161irom svijeta, gdje sam vidio taj proces gubljenja jezika. To je bilo i glavnim motivom da krenemo sa ovim projektom\u201d, isti\u010de Fehratovi\u0107.<\/p>\n<p>Prvi obru\u010d o\u010duvanja identiteta jeste vjera, dok je drugi obru\u010d jezik.<\/p>\n<p>\u201cBez islama nema ni bo\u0161nja\u010dke kulture, niti bosanskog jezika, niti nas, bar u ovom obliku u kakvom jesmo dana\u201d, dodaje Fehratovi\u0107.<\/p>\n<p>\u201cOvo je ud\u017ebenik prilagodljiv i za strance koji \u017eele nau\u010diti bosanski jezik, ali primarno za djecu, tu drugu ili tre\u0107u generaciju na\u0161e djece ovdje u dijaspori, koja ne smiju zaboraviti na\u0161 jezik\u201d, isti\u010de Fehratovi\u0107.<\/p>\n<p>Ud\u017ebenik je napravljen po sistemu harvardskog ili oksfordskog za u\u010denje engleskog jezika, koji lahko mogu savladati svi, zato i stoji da je ovo prvi stupanj.<\/p>\n<p>\u201cSve je ovo osmi\u0161ljeno kroz neku vrstu zanimljivih vje\u017ebi, igara i interakcije, tako da roditelj mo\u017ee lahko svom dijetetu pribli\u017eiti. Posebno me raduje \u0161to odre\u0111eni stranac koji bude \u010ditao ovaj ud\u017ebenik mo\u017ee dijelom kroz njega upoznati i na\u0161u kulturu i tradiciju\u201d, ka\u017ee dr. Jahja Fehratovi\u0107.<\/p>\n<p>Temd\u017eid \u0160ahovi\u0107a kasida je koja je nedavno ugledala svjetlost dana, autora tako\u0111er dr. Jahje Fehratovi\u0107a, u izvjedbi Hamze \u0160krijelja. I nju su imali prilike \u010duti prisutni na ovoj manifestaciji.<\/p>\n<p>Prisutnima se obratio i akademik Fatmir Ba\u010di.<\/p>\n<p>Govore\u0107i o jezicima i rije\u010di uop\u0161te, akademik Ba\u010di isti\u010de da je rije\u010d dao Uzvi\u0161eni Gospodar, te da to nije ljudska stvar.<\/p>\n<p>\u201cAustro-ugarska vladavina je tako zabranila bosanski jezik, pa je nakon 11 godina propala. Tako je i Turska zabranila albanski jezik, pa, eto, danas nema ni Osmanske imperije. Nikada nemojte dirati u ono \u0161to je Bo\u017eije\u201d, istakao je akademik Ba\u010di.<br \/> Akademik Fatmir Ba\u010di je u nastavku na odu\u0161evljenje svih \u010ditao stihove svojih pjesama. O Bosni ako smijem, Nisi sje\u0107anje, Boli brate, samo neke su od pjesama \u010diji su stihovi odu\u0161evili prisutne.<\/p>\n<p>Kasidom o Had\u017eetu zatvoren je ve\u010dera\u0161nji program.<\/p>\n<p>SANA &#8211; Hamza \u0160krijelj<br \/> FOTO: Enver \u0110ondi\u0107<\/p>\n<p><img loading=\"lazy\" decoding=\"async\" class=\"alignnone size-full wp-image-36942\" src=\"http:\/\/sanapress.info\/wp-content\/uploads\/2018\/03\/1-19.jpg\" alt=\"\" width=\"1280\" height=\"720\" \/> <img loading=\"lazy\" decoding=\"async\" class=\"alignnone size-full wp-image-36943\" src=\"http:\/\/sanapress.info\/wp-content\/uploads\/2018\/03\/2-13.jpg\" alt=\"\" width=\"1280\" height=\"720\" \/> <img loading=\"lazy\" decoding=\"async\" class=\"alignnone size-full wp-image-36944\" src=\"http:\/\/sanapress.info\/wp-content\/uploads\/2018\/03\/3-10.jpg\" alt=\"\" width=\"1280\" height=\"720\" \/> <img loading=\"lazy\" decoding=\"async\" class=\"alignnone size-full wp-image-36945\" src=\"http:\/\/sanapress.info\/wp-content\/uploads\/2018\/03\/4-6.jpg\" alt=\"\" width=\"1280\" height=\"720\" \/> <img loading=\"lazy\" decoding=\"async\" class=\"alignnone size-full wp-image-36946\" src=\"http:\/\/sanapress.info\/wp-content\/uploads\/2018\/03\/5-5.jpg\" alt=\"\" width=\"1280\" height=\"720\" \/> <img loading=\"lazy\" decoding=\"async\" class=\"alignnone size-full wp-image-36947\" src=\"http:\/\/sanapress.info\/wp-content\/uploads\/2018\/03\/6-1.jpg\" alt=\"\" width=\"1280\" height=\"720\" \/> <img loading=\"lazy\" decoding=\"async\" class=\"alignnone size-full wp-image-36948\" src=\"http:\/\/sanapress.info\/wp-content\/uploads\/2018\/03\/7-1.jpg\" alt=\"\" width=\"1280\" height=\"720\" \/><\/p>\n","protected":false},"excerpt":{"rendered":"<p>U d\u017eematu Alija Izetbegovi\u0107 u Manhajmu uprili\u010dena je promocija ud\u017ebenika \u201cBosanski jezik\u201d, autora prof. dr. Jahje Fehratovi\u0107a. Pored spomenutog autora, u\u010desnici su bili jo\u0161 i akademik Fatmir Ba\u010di, kao i izvo\u0111a\u010d duhovne muzike Hamza \u0160krijelj. Bo\u0161njaci i Bo\u0161njakinje i ovoga puta pokazali su visok stepen svijesti kada je u pitanju o\u010duvanje i njegovanje tradicije. U [&hellip;]<\/p>\n","protected":false},"author":509,"featured_media":204480,"comment_status":"open","ping_status":"open","sticky":false,"template":"","format":"standard","meta":{"footnotes":""},"categories":[800,9538,10429],"tags":[],"class_list":{"0":"post-204479","1":"post","2":"type-post","3":"status-publish","4":"format-standard","5":"has-post-thumbnail","7":"category-nacija","8":"category-njemacka-dijaspora-gradovi-vase-vijesti","9":"category-vazno"},"yoast_head":"<!-- This site is optimized with the Yoast SEO Premium plugin v23.1 (Yoast SEO v24.9) - https:\/\/yoast.com\/wordpress\/plugins\/seo\/ -->\n<title>Manheim \u2013 U d\u017eematu Alija Izetbegovi\u0107 uprili\u010dena promocija ud\u017ebenika \u201cBosanski jezik\u201d<\/title>\n<meta name=\"robots\" content=\"index, follow, max-snippet:-1, max-image-preview:large, max-video-preview:-1\" \/>\n<link rel=\"canonical\" href=\"https:\/\/sandzakpress.net\/arhiva\/manheim-u-dzematu-alija-izetbegovic-uprilicena-promocija-udzbenika-bosanski-jezik\/\" \/>\n<meta property=\"og:locale\" content=\"bs_BA\" \/>\n<meta property=\"og:type\" content=\"article\" \/>\n<meta property=\"og:title\" content=\"Manheim \u2013 U d\u017eematu Alija Izetbegovi\u0107 uprili\u010dena promocija ud\u017ebenika \u201cBosanski jezik\u201d\" \/>\n<meta property=\"og:description\" content=\"U d\u017eematu Alija Izetbegovi\u0107 u Manhajmu uprili\u010dena je promocija ud\u017ebenika \u201cBosanski jezik\u201d, autora prof. dr. Jahje Fehratovi\u0107a. Pored spomenutog autora, u\u010desnici su bili jo\u0161 i akademik Fatmir Ba\u010di, kao i izvo\u0111a\u010d duhovne muzike Hamza \u0160krijelj. Bo\u0161njaci i Bo\u0161njakinje i ovoga puta pokazali su visok stepen svijesti kada je u pitanju o\u010duvanje i njegovanje tradicije. U [&hellip;]\" \/>\n<meta property=\"og:url\" content=\"https:\/\/sandzakpress.net\/arhiva\/manheim-u-dzematu-alija-izetbegovic-uprilicena-promocija-udzbenika-bosanski-jezik\/\" \/>\n<meta property=\"og:site_name\" content=\"Sand\u017eak PRESS\" \/>\n<meta property=\"article:published_time\" content=\"2018-03-24T12:33:48+00:00\" \/>\n<meta property=\"og:image\" content=\"https:\/\/sandzakpress.net\/arhiva\/wp-content\/uploads\/2018\/03\/0-5-1.jpg\" \/>\n\t<meta property=\"og:image:width\" content=\"1280\" \/>\n\t<meta property=\"og:image:height\" content=\"720\" \/>\n\t<meta property=\"og:image:type\" content=\"image\/jpeg\" \/>\n<meta name=\"author\" content=\"Agencija\" \/>\n<meta name=\"twitter:card\" content=\"summary_large_image\" \/>\n<meta name=\"twitter:label1\" content=\"Written by\" \/>\n\t<meta name=\"twitter:data1\" content=\"Agencija\" \/>\n\t<meta name=\"twitter:label2\" content=\"Est. reading time\" \/>\n\t<meta name=\"twitter:data2\" content=\"3 minute\" \/>\n<script type=\"application\/ld+json\" class=\"yoast-schema-graph\">{\"@context\":\"https:\/\/schema.org\",\"@graph\":[{\"@type\":\"Article\",\"@id\":\"https:\/\/sandzakpress.net\/arhiva\/manheim-u-dzematu-alija-izetbegovic-uprilicena-promocija-udzbenika-bosanski-jezik\/#article\",\"isPartOf\":{\"@id\":\"https:\/\/sandzakpress.net\/arhiva\/manheim-u-dzematu-alija-izetbegovic-uprilicena-promocija-udzbenika-bosanski-jezik\/\"},\"author\":{\"name\":\"Agencija\",\"@id\":\"https:\/\/sandzakpress.net\/arhiva\/#\/schema\/person\/cb59d7e3ab91ab90dd680ad0305a6185\"},\"headline\":\"Manheim \u2013 U d\u017eematu Alija Izetbegovi\u0107 uprili\u010dena promocija ud\u017ebenika \u201cBosanski jezik\u201d\",\"datePublished\":\"2018-03-24T12:33:48+00:00\",\"mainEntityOfPage\":{\"@id\":\"https:\/\/sandzakpress.net\/arhiva\/manheim-u-dzematu-alija-izetbegovic-uprilicena-promocija-udzbenika-bosanski-jezik\/\"},\"wordCount\":553,\"commentCount\":0,\"publisher\":{\"@id\":\"https:\/\/sandzakpress.net\/arhiva\/#\/schema\/person\/6e72b67d6e51910a1117b3b483ba20bd\"},\"image\":{\"@id\":\"https:\/\/sandzakpress.net\/arhiva\/manheim-u-dzematu-alija-izetbegovic-uprilicena-promocija-udzbenika-bosanski-jezik\/#primaryimage\"},\"thumbnailUrl\":\"https:\/\/sandzakpress.net\/arhiva\/wp-content\/uploads\/2018\/03\/0-5-1.jpg\",\"articleSection\":[\"Nacija\",\"Njema\u010dka\",\"VA\u017dNO!\"],\"inLanguage\":\"bs-BA\",\"potentialAction\":[{\"@type\":\"CommentAction\",\"name\":\"Comment\",\"target\":[\"https:\/\/sandzakpress.net\/arhiva\/manheim-u-dzematu-alija-izetbegovic-uprilicena-promocija-udzbenika-bosanski-jezik\/#respond\"]}]},{\"@type\":\"WebPage\",\"@id\":\"https:\/\/sandzakpress.net\/arhiva\/manheim-u-dzematu-alija-izetbegovic-uprilicena-promocija-udzbenika-bosanski-jezik\/\",\"url\":\"https:\/\/sandzakpress.net\/arhiva\/manheim-u-dzematu-alija-izetbegovic-uprilicena-promocija-udzbenika-bosanski-jezik\/\",\"name\":\"Manheim \u2013 U d\u017eematu Alija Izetbegovi\u0107 uprili\u010dena promocija ud\u017ebenika \u201cBosanski jezik\u201d\",\"isPartOf\":{\"@id\":\"https:\/\/sandzakpress.net\/arhiva\/#website\"},\"primaryImageOfPage\":{\"@id\":\"https:\/\/sandzakpress.net\/arhiva\/manheim-u-dzematu-alija-izetbegovic-uprilicena-promocija-udzbenika-bosanski-jezik\/#primaryimage\"},\"image\":{\"@id\":\"https:\/\/sandzakpress.net\/arhiva\/manheim-u-dzematu-alija-izetbegovic-uprilicena-promocija-udzbenika-bosanski-jezik\/#primaryimage\"},\"thumbnailUrl\":\"https:\/\/sandzakpress.net\/arhiva\/wp-content\/uploads\/2018\/03\/0-5-1.jpg\",\"datePublished\":\"2018-03-24T12:33:48+00:00\",\"breadcrumb\":{\"@id\":\"https:\/\/sandzakpress.net\/arhiva\/manheim-u-dzematu-alija-izetbegovic-uprilicena-promocija-udzbenika-bosanski-jezik\/#breadcrumb\"},\"inLanguage\":\"bs-BA\",\"potentialAction\":[{\"@type\":\"ReadAction\",\"target\":[\"https:\/\/sandzakpress.net\/arhiva\/manheim-u-dzematu-alija-izetbegovic-uprilicena-promocija-udzbenika-bosanski-jezik\/\"]}]},{\"@type\":\"ImageObject\",\"inLanguage\":\"bs-BA\",\"@id\":\"https:\/\/sandzakpress.net\/arhiva\/manheim-u-dzematu-alija-izetbegovic-uprilicena-promocija-udzbenika-bosanski-jezik\/#primaryimage\",\"url\":\"https:\/\/sandzakpress.net\/arhiva\/wp-content\/uploads\/2018\/03\/0-5-1.jpg\",\"contentUrl\":\"https:\/\/sandzakpress.net\/arhiva\/wp-content\/uploads\/2018\/03\/0-5-1.jpg\",\"width\":1280,\"height\":720},{\"@type\":\"BreadcrumbList\",\"@id\":\"https:\/\/sandzakpress.net\/arhiva\/manheim-u-dzematu-alija-izetbegovic-uprilicena-promocija-udzbenika-bosanski-jezik\/#breadcrumb\",\"itemListElement\":[{\"@type\":\"ListItem\",\"position\":1,\"name\":\"Home\",\"item\":\"https:\/\/sandzakpress.net\/arhiva\/\"},{\"@type\":\"ListItem\",\"position\":2,\"name\":\"Manheim \u2013 U d\u017eematu Alija Izetbegovi\u0107 uprili\u010dena promocija ud\u017ebenika \u201cBosanski jezik\u201d\"}]},{\"@type\":\"WebSite\",\"@id\":\"https:\/\/sandzakpress.net\/arhiva\/#website\",\"url\":\"https:\/\/sandzakpress.net\/arhiva\/\",\"name\":\"Sand\u017eak PRESS\",\"description\":\"Prve elektronske novine u Sand\u017eaku\",\"publisher\":{\"@id\":\"https:\/\/sandzakpress.net\/arhiva\/#\/schema\/person\/6e72b67d6e51910a1117b3b483ba20bd\"},\"potentialAction\":[{\"@type\":\"SearchAction\",\"target\":{\"@type\":\"EntryPoint\",\"urlTemplate\":\"https:\/\/sandzakpress.net\/arhiva\/?s={search_term_string}\"},\"query-input\":{\"@type\":\"PropertyValueSpecification\",\"valueRequired\":true,\"valueName\":\"search_term_string\"}}],\"inLanguage\":\"bs-BA\"},{\"@type\":[\"Person\",\"Organization\"],\"@id\":\"https:\/\/sandzakpress.net\/arhiva\/#\/schema\/person\/6e72b67d6e51910a1117b3b483ba20bd\",\"name\":\"Kul\",\"image\":{\"@type\":\"ImageObject\",\"inLanguage\":\"bs-BA\",\"@id\":\"https:\/\/sandzakpress.net\/arhiva\/#\/schema\/person\/image\/\",\"url\":\"https:\/\/secure.gravatar.com\/avatar\/42263f39aa27ac04c43cab85c280eb2e?s=96&d=mm&r=pg\",\"contentUrl\":\"https:\/\/secure.gravatar.com\/avatar\/42263f39aa27ac04c43cab85c280eb2e?s=96&d=mm&r=pg\",\"caption\":\"Kul\"},\"logo\":{\"@id\":\"https:\/\/sandzakpress.net\/arhiva\/#\/schema\/person\/image\/\"}},{\"@type\":\"Person\",\"@id\":\"https:\/\/sandzakpress.net\/arhiva\/#\/schema\/person\/cb59d7e3ab91ab90dd680ad0305a6185\",\"name\":\"Agencija\",\"image\":{\"@type\":\"ImageObject\",\"inLanguage\":\"bs-BA\",\"@id\":\"https:\/\/sandzakpress.net\/arhiva\/#\/schema\/person\/image\/\",\"url\":\"https:\/\/secure.gravatar.com\/avatar\/4b7fafa80a22f0c2afe23966b3961fe0?s=96&d=mm&r=pg\",\"contentUrl\":\"https:\/\/secure.gravatar.com\/avatar\/4b7fafa80a22f0c2afe23966b3961fe0?s=96&d=mm&r=pg\",\"caption\":\"Agencija\"},\"url\":\"https:\/\/sandzakpress.net\/arhiva\/author\/agencija\/\"}]}<\/script>\n<!-- \/ Yoast SEO Premium plugin. -->","yoast_head_json":{"title":"Manheim \u2013 U d\u017eematu Alija Izetbegovi\u0107 uprili\u010dena promocija ud\u017ebenika \u201cBosanski jezik\u201d","robots":{"index":"index","follow":"follow","max-snippet":"max-snippet:-1","max-image-preview":"max-image-preview:large","max-video-preview":"max-video-preview:-1"},"canonical":"https:\/\/sandzakpress.net\/arhiva\/manheim-u-dzematu-alija-izetbegovic-uprilicena-promocija-udzbenika-bosanski-jezik\/","og_locale":"bs_BA","og_type":"article","og_title":"Manheim \u2013 U d\u017eematu Alija Izetbegovi\u0107 uprili\u010dena promocija ud\u017ebenika \u201cBosanski jezik\u201d","og_description":"U d\u017eematu Alija Izetbegovi\u0107 u Manhajmu uprili\u010dena je promocija ud\u017ebenika \u201cBosanski jezik\u201d, autora prof. dr. Jahje Fehratovi\u0107a. Pored spomenutog autora, u\u010desnici su bili jo\u0161 i akademik Fatmir Ba\u010di, kao i izvo\u0111a\u010d duhovne muzike Hamza \u0160krijelj. Bo\u0161njaci i Bo\u0161njakinje i ovoga puta pokazali su visok stepen svijesti kada je u pitanju o\u010duvanje i njegovanje tradicije. U [&hellip;]","og_url":"https:\/\/sandzakpress.net\/arhiva\/manheim-u-dzematu-alija-izetbegovic-uprilicena-promocija-udzbenika-bosanski-jezik\/","og_site_name":"Sand\u017eak PRESS","article_published_time":"2018-03-24T12:33:48+00:00","og_image":[{"width":1280,"height":720,"url":"https:\/\/sandzakpress.net\/arhiva\/wp-content\/uploads\/2018\/03\/0-5-1.jpg","type":"image\/jpeg"}],"author":"Agencija","twitter_card":"summary_large_image","twitter_misc":{"Written by":"Agencija","Est. reading time":"3 minute"},"schema":{"@context":"https:\/\/schema.org","@graph":[{"@type":"Article","@id":"https:\/\/sandzakpress.net\/arhiva\/manheim-u-dzematu-alija-izetbegovic-uprilicena-promocija-udzbenika-bosanski-jezik\/#article","isPartOf":{"@id":"https:\/\/sandzakpress.net\/arhiva\/manheim-u-dzematu-alija-izetbegovic-uprilicena-promocija-udzbenika-bosanski-jezik\/"},"author":{"name":"Agencija","@id":"https:\/\/sandzakpress.net\/arhiva\/#\/schema\/person\/cb59d7e3ab91ab90dd680ad0305a6185"},"headline":"Manheim \u2013 U d\u017eematu Alija Izetbegovi\u0107 uprili\u010dena promocija ud\u017ebenika \u201cBosanski jezik\u201d","datePublished":"2018-03-24T12:33:48+00:00","mainEntityOfPage":{"@id":"https:\/\/sandzakpress.net\/arhiva\/manheim-u-dzematu-alija-izetbegovic-uprilicena-promocija-udzbenika-bosanski-jezik\/"},"wordCount":553,"commentCount":0,"publisher":{"@id":"https:\/\/sandzakpress.net\/arhiva\/#\/schema\/person\/6e72b67d6e51910a1117b3b483ba20bd"},"image":{"@id":"https:\/\/sandzakpress.net\/arhiva\/manheim-u-dzematu-alija-izetbegovic-uprilicena-promocija-udzbenika-bosanski-jezik\/#primaryimage"},"thumbnailUrl":"https:\/\/sandzakpress.net\/arhiva\/wp-content\/uploads\/2018\/03\/0-5-1.jpg","articleSection":["Nacija","Njema\u010dka","VA\u017dNO!"],"inLanguage":"bs-BA","potentialAction":[{"@type":"CommentAction","name":"Comment","target":["https:\/\/sandzakpress.net\/arhiva\/manheim-u-dzematu-alija-izetbegovic-uprilicena-promocija-udzbenika-bosanski-jezik\/#respond"]}]},{"@type":"WebPage","@id":"https:\/\/sandzakpress.net\/arhiva\/manheim-u-dzematu-alija-izetbegovic-uprilicena-promocija-udzbenika-bosanski-jezik\/","url":"https:\/\/sandzakpress.net\/arhiva\/manheim-u-dzematu-alija-izetbegovic-uprilicena-promocija-udzbenika-bosanski-jezik\/","name":"Manheim \u2013 U d\u017eematu Alija Izetbegovi\u0107 uprili\u010dena promocija ud\u017ebenika \u201cBosanski jezik\u201d","isPartOf":{"@id":"https:\/\/sandzakpress.net\/arhiva\/#website"},"primaryImageOfPage":{"@id":"https:\/\/sandzakpress.net\/arhiva\/manheim-u-dzematu-alija-izetbegovic-uprilicena-promocija-udzbenika-bosanski-jezik\/#primaryimage"},"image":{"@id":"https:\/\/sandzakpress.net\/arhiva\/manheim-u-dzematu-alija-izetbegovic-uprilicena-promocija-udzbenika-bosanski-jezik\/#primaryimage"},"thumbnailUrl":"https:\/\/sandzakpress.net\/arhiva\/wp-content\/uploads\/2018\/03\/0-5-1.jpg","datePublished":"2018-03-24T12:33:48+00:00","breadcrumb":{"@id":"https:\/\/sandzakpress.net\/arhiva\/manheim-u-dzematu-alija-izetbegovic-uprilicena-promocija-udzbenika-bosanski-jezik\/#breadcrumb"},"inLanguage":"bs-BA","potentialAction":[{"@type":"ReadAction","target":["https:\/\/sandzakpress.net\/arhiva\/manheim-u-dzematu-alija-izetbegovic-uprilicena-promocija-udzbenika-bosanski-jezik\/"]}]},{"@type":"ImageObject","inLanguage":"bs-BA","@id":"https:\/\/sandzakpress.net\/arhiva\/manheim-u-dzematu-alija-izetbegovic-uprilicena-promocija-udzbenika-bosanski-jezik\/#primaryimage","url":"https:\/\/sandzakpress.net\/arhiva\/wp-content\/uploads\/2018\/03\/0-5-1.jpg","contentUrl":"https:\/\/sandzakpress.net\/arhiva\/wp-content\/uploads\/2018\/03\/0-5-1.jpg","width":1280,"height":720},{"@type":"BreadcrumbList","@id":"https:\/\/sandzakpress.net\/arhiva\/manheim-u-dzematu-alija-izetbegovic-uprilicena-promocija-udzbenika-bosanski-jezik\/#breadcrumb","itemListElement":[{"@type":"ListItem","position":1,"name":"Home","item":"https:\/\/sandzakpress.net\/arhiva\/"},{"@type":"ListItem","position":2,"name":"Manheim \u2013 U d\u017eematu Alija Izetbegovi\u0107 uprili\u010dena promocija ud\u017ebenika \u201cBosanski jezik\u201d"}]},{"@type":"WebSite","@id":"https:\/\/sandzakpress.net\/arhiva\/#website","url":"https:\/\/sandzakpress.net\/arhiva\/","name":"Sand\u017eak PRESS","description":"Prve elektronske novine u Sand\u017eaku","publisher":{"@id":"https:\/\/sandzakpress.net\/arhiva\/#\/schema\/person\/6e72b67d6e51910a1117b3b483ba20bd"},"potentialAction":[{"@type":"SearchAction","target":{"@type":"EntryPoint","urlTemplate":"https:\/\/sandzakpress.net\/arhiva\/?s={search_term_string}"},"query-input":{"@type":"PropertyValueSpecification","valueRequired":true,"valueName":"search_term_string"}}],"inLanguage":"bs-BA"},{"@type":["Person","Organization"],"@id":"https:\/\/sandzakpress.net\/arhiva\/#\/schema\/person\/6e72b67d6e51910a1117b3b483ba20bd","name":"Kul","image":{"@type":"ImageObject","inLanguage":"bs-BA","@id":"https:\/\/sandzakpress.net\/arhiva\/#\/schema\/person\/image\/","url":"https:\/\/secure.gravatar.com\/avatar\/42263f39aa27ac04c43cab85c280eb2e?s=96&d=mm&r=pg","contentUrl":"https:\/\/secure.gravatar.com\/avatar\/42263f39aa27ac04c43cab85c280eb2e?s=96&d=mm&r=pg","caption":"Kul"},"logo":{"@id":"https:\/\/sandzakpress.net\/arhiva\/#\/schema\/person\/image\/"}},{"@type":"Person","@id":"https:\/\/sandzakpress.net\/arhiva\/#\/schema\/person\/cb59d7e3ab91ab90dd680ad0305a6185","name":"Agencija","image":{"@type":"ImageObject","inLanguage":"bs-BA","@id":"https:\/\/sandzakpress.net\/arhiva\/#\/schema\/person\/image\/","url":"https:\/\/secure.gravatar.com\/avatar\/4b7fafa80a22f0c2afe23966b3961fe0?s=96&d=mm&r=pg","contentUrl":"https:\/\/secure.gravatar.com\/avatar\/4b7fafa80a22f0c2afe23966b3961fe0?s=96&d=mm&r=pg","caption":"Agencija"},"url":"https:\/\/sandzakpress.net\/arhiva\/author\/agencija\/"}]}},"_links":{"self":[{"href":"https:\/\/sandzakpress.net\/arhiva\/wp-json\/wp\/v2\/posts\/204479"}],"collection":[{"href":"https:\/\/sandzakpress.net\/arhiva\/wp-json\/wp\/v2\/posts"}],"about":[{"href":"https:\/\/sandzakpress.net\/arhiva\/wp-json\/wp\/v2\/types\/post"}],"author":[{"embeddable":true,"href":"https:\/\/sandzakpress.net\/arhiva\/wp-json\/wp\/v2\/users\/509"}],"replies":[{"embeddable":true,"href":"https:\/\/sandzakpress.net\/arhiva\/wp-json\/wp\/v2\/comments?post=204479"}],"version-history":[{"count":0,"href":"https:\/\/sandzakpress.net\/arhiva\/wp-json\/wp\/v2\/posts\/204479\/revisions"}],"wp:featuredmedia":[{"embeddable":true,"href":"https:\/\/sandzakpress.net\/arhiva\/wp-json\/wp\/v2\/media\/204480"}],"wp:attachment":[{"href":"https:\/\/sandzakpress.net\/arhiva\/wp-json\/wp\/v2\/media?parent=204479"}],"wp:term":[{"taxonomy":"category","embeddable":true,"href":"https:\/\/sandzakpress.net\/arhiva\/wp-json\/wp\/v2\/categories?post=204479"},{"taxonomy":"post_tag","embeddable":true,"href":"https:\/\/sandzakpress.net\/arhiva\/wp-json\/wp\/v2\/tags?post=204479"}],"curies":[{"name":"wp","href":"https:\/\/api.w.org\/{rel}","templated":true}]}}